{"id":15239,"date":"2023-10-07T20:09:19","date_gmt":"2023-10-07T20:09:19","guid":{"rendered":"https:\/\/kibrisdakik.com\/index.php\/2023\/10\/07\/rehabilite-edilen-3-deniz-kaplumbagasi-bugun-yeniden-denize-birakildi\/"},"modified":"2023-10-07T20:09:19","modified_gmt":"2023-10-07T20:09:19","slug":"rehabilite-edilen-3-deniz-kaplumbagasi-bugun-yeniden-denize-birakildi","status":"publish","type":"post","link":"https:\/\/kibrisdakik.com\/?p=15239","title":{"rendered":"Rehabilite edilen 3 deniz kaplumba\u011fas\u0131 bug\u00fcn yeniden denize b\u0131rak\u0131ld\u0131"},"content":{"rendered":"<p><\/p>\n<div>\n<div class=\"mariselle-image-container center\">\n                <img width=\"2000\" height=\"1500\" class=\"lazy-image\" alt=\"\" decoding=\"async\" loading=\"lazy\" sizes=\"auto, (max-width: 2000px) 100vw, 2000px\" src=\"https:\/\/brtk.net\/wp-content\/uploads\/2023\/10\/07\/IMG-20231007-WA0024.jpg?ver=46d6f1e50e101831a015b0b643442c0c\" srcset=\"https:\/\/brtk.net\/wp-content\/uploads\/2023\/10\/07\/IMG-20231007-WA0024.jpg?ver=46d6f1e50e101831a015b0b643442c0c 2000w, https:\/\/brtk.net\/wp-content\/uploads\/2023\/10\/07\/IMG-20231007-WA0024-300x225.jpg?ver=46d6f1e50e101831a015b0b643442c0c 300w, https:\/\/brtk.net\/wp-content\/uploads\/2023\/10\/07\/IMG-20231007-WA0024-1024x768.jpg?ver=46d6f1e50e101831a015b0b643442c0c 1024w, https:\/\/brtk.net\/wp-content\/uploads\/2023\/10\/07\/IMG-20231007-WA0024-768x576.jpg?ver=def6b2f899f625334c8d52b909e560b1 768w, https:\/\/brtk.net\/wp-content\/uploads\/2023\/10\/07\/IMG-20231007-WA0024-1536x1152.jpg?ver=def6b2f899f625334c8d52b909e560b1 1536w\"\/>                            <\/div>\n<p>Meritta Deniz Kaplumba\u011falar\u0131 Rehabilitasyon Merkezi\u2019nde rehabilite edilen 3 deniz kaplumba\u011fas\u0131 bug\u00fcn yeniden denize b\u0131rak\u0131ld\u0131.<\/p>\n<p>Yakla\u015f\u0131k \u00fc\u00e7 ay \u00f6nce Bal\u0131k\u00e7\u0131 Levent \u00c7ift\u00e7i taraf\u0131ndan bo\u011fulmu\u015f olarak Meritta Deniz Kaplumba\u011falar\u0131 Rehabilitasyon Merkezi\u2019ne teslim edilen 3  deniz kaplumba\u011fas\u0131 yeniden denize b\u0131rak\u0131ld\u0131.<\/p>\n<p>Bal\u0131k\u00e7\u0131 Levent \u00c7ift\u00e7i\u2019nin buldu\u011fu kaplumba\u011falara Ressadem, Ada ve Haluk Levent ismini vermesinden dolay\u0131 etkinli\u011fe Sanat\u00e7\u0131 Haluk Levent de kat\u0131ld\u0131.<\/p>\n<p>Bal\u0131k\u00e7\u0131 Levent \u00c7ift\u00e7i, olu\u015fan deniz kirlili\u011fi ve a\u011flar nedeni ile kaplumba\u011flar\u0131n\u0131n zarar g\u00f6rd\u00fc\u011f\u00fcn\u00fc belirterek vatanda\u015flar\u0131n duyarl\u0131 olmas\u0131n\u0131 istedi.<\/p>\n<div class=\"mariselle-image-container center\">\n                <img width=\"2000\" height=\"1500\" class=\"lazy-image\" alt=\"\" decoding=\"async\" loading=\"lazy\" sizes=\"auto, (max-width: 2000px) 100vw, 2000px\" src=\"https:\/\/brtk.net\/wp-content\/uploads\/2023\/10\/07\/IMG-20231007-WA0022.jpg?ver=2317be498241fce74cea2c8618c6a8c9\" srcset=\"https:\/\/brtk.net\/wp-content\/uploads\/2023\/10\/07\/IMG-20231007-WA0022.jpg?ver=2317be498241fce74cea2c8618c6a8c9 2000w, https:\/\/brtk.net\/wp-content\/uploads\/2023\/10\/07\/IMG-20231007-WA0022-300x225.jpg?ver=b3a4797431e9a5dd14646cb4d6173f72 300w, https:\/\/brtk.net\/wp-content\/uploads\/2023\/10\/07\/IMG-20231007-WA0022-1024x768.jpg?ver=b3a4797431e9a5dd14646cb4d6173f72 1024w, https:\/\/brtk.net\/wp-content\/uploads\/2023\/10\/07\/IMG-20231007-WA0022-768x576.jpg?ver=b3a4797431e9a5dd14646cb4d6173f72 768w, https:\/\/brtk.net\/wp-content\/uploads\/2023\/10\/07\/IMG-20231007-WA0022-1536x1152.jpg?ver=31262fd75782cb8a4cfdf8e8fe5a2b32 1536w\"\/>                            <\/div>\n<p>Sanat\u00e7\u0131 Haluk Levent de etkinlikte yapt\u0131\u011f\u0131 konu\u015fmada etkinli\u011fe kat\u0131lmaktan duydu\u011fu mutlulu\u011fu dile getirerek T\u00fcrkiye\u2019de deniz kaplumba\u011falar\u0131n\u0131n korunmas\u0131na y\u00f6nelik bir\u00e7ok \u00e7al\u0131\u015fmaya kat\u0131ld\u0131\u011f\u0131n\u0131 an\u0131msatt\u0131. <\/p>\n<p>Deniz kirli\u011finin deniz de ya\u015fayan canl\u0131lar\u0131n ya\u015fam\u0131n\u0131 tehdit etti\u011fini belirten Haluk Levent herkesin bu konuda duyarl\u0131 olmas\u0131n\u0131 diledi.<\/p>\n<p>Meritta Deniz Kaplumba\u011fas\u0131 Rehabilitasyon Merkezi Direkt\u00f6r\u00fc Si\u011fnem Kara da Rehablitasyon Merkezi\u2019nin \u00e7al\u0131\u015fmalar\u0131 hakk\u0131nda bilgi verdi.<\/p>\n<\/p><\/div>\n<p><script async\n                    defer\n                    crossorigin=\"anonymous\"\n                    src=\"https:\/\/connect.facebook.net\/tr_TR\/sdk.js#xfbml=1&#038;version=v3.3\"\n            ><\/script><\/p>\n","protected":false},"excerpt":{"rendered":"<p>Meritta Deniz Kaplumba\u011falar\u0131 Rehabilitasyon Merkezi\u2019nde rehabilite edilen 3 deniz kaplumba\u011fas\u0131 bug\u00fcn yeniden denize b\u0131rak\u0131ld\u0131. Yakla\u015f\u0131k \u00fc\u00e7 ay \u00f6nce Bal\u0131k\u00e7\u0131 Levent \u00c7ift\u00e7i taraf\u0131ndan bo\u011fulmu\u015f olarak Meritta Deniz Kaplumba\u011falar\u0131 Rehabilitasyon Merkezi\u2019ne teslim edilen 3 deniz kaplumba\u011fas\u0131 yeniden denize b\u0131rak\u0131ld\u0131. Bal\u0131k\u00e7\u0131 Levent \u00c7ift\u00e7i\u2019nin buldu\u011fu kaplumba\u011falara Ressadem, Ada ve Haluk Levent ismini vermesinden dolay\u0131 etkinli\u011fe Sanat\u00e7\u0131 Haluk Levent de<\/p>\n","protected":false},"author":1,"featured_media":15240,"comment_status":"open","ping_status":"open","sticky":false,"template":"","format":"standard","meta":{"footnotes":""},"categories":[1],"tags":[],"class_list":["post-15239","post","type-post","status-publish","format-standard","has-post-thumbnail","hentry","category-gundem"],"yoast_head":"<!-- This site is optimized with the Yoast SEO plugin v27.5 - https:\/\/yoast.com\/product\/yoast-seo-wordpress\/ -->\n<title>Rehabilite edilen 3 deniz kaplumba\u011fas\u0131 bug\u00fcn yeniden denize b\u0131rak\u0131ld\u0131 -<\/title>\n<meta name=\"robots\" content=\"index, follow, max-snippet:-1, max-image-preview:large, max-video-preview:-1\" \/>\n<link rel=\"canonical\" href=\"https:\/\/kibrisdakik.com\/?p=15239\" \/>\n<meta property=\"og:locale\" content=\"tr_TR\" \/>\n<meta property=\"og:type\" content=\"article\" \/>\n<meta property=\"og:title\" content=\"Rehabilite edilen 3 deniz kaplumba\u011fas\u0131 bug\u00fcn yeniden denize b\u0131rak\u0131ld\u0131 -\" \/>\n<meta property=\"og:description\" content=\"Meritta Deniz Kaplumba\u011falar\u0131 Rehabilitasyon Merkezi\u2019nde rehabilite edilen 3 deniz kaplumba\u011fas\u0131 bug\u00fcn yeniden denize b\u0131rak\u0131ld\u0131. Yakla\u015f\u0131k \u00fc\u00e7 ay \u00f6nce Bal\u0131k\u00e7\u0131 Levent \u00c7ift\u00e7i taraf\u0131ndan bo\u011fulmu\u015f olarak Meritta Deniz Kaplumba\u011falar\u0131 Rehabilitasyon Merkezi\u2019ne teslim edilen 3 deniz kaplumba\u011fas\u0131 yeniden denize b\u0131rak\u0131ld\u0131. Bal\u0131k\u00e7\u0131 Levent \u00c7ift\u00e7i\u2019nin buldu\u011fu kaplumba\u011falara Ressadem, Ada ve Haluk Levent ismini vermesinden dolay\u0131 etkinli\u011fe Sanat\u00e7\u0131 Haluk Levent de\" \/>\n<meta property=\"og:url\" content=\"https:\/\/kibrisdakik.com\/?p=15239\" \/>\n<meta property=\"article:published_time\" content=\"2023-10-07T20:09:19+00:00\" \/>\n<meta property=\"og:image\" content=\"https:\/\/kibrisdakik.com\/wp-content\/uploads\/2023\/10\/IMG-20231007-WA0024-740x420.jpg\" \/>\n\t<meta property=\"og:image:width\" content=\"2000\" \/>\n\t<meta property=\"og:image:height\" content=\"1500\" \/>\n\t<meta property=\"og:image:type\" content=\"image\/jpeg\" \/>\n<meta name=\"author\" content=\"admin\" \/>\n<meta name=\"twitter:card\" content=\"summary_large_image\" \/>\n<meta name=\"twitter:label1\" content=\"Yazan:\" \/>\n\t<meta name=\"twitter:data1\" content=\"admin\" \/>\n\t<meta name=\"twitter:label2\" content=\"Tahmini okuma s\u00fcresi\" \/>\n\t<meta name=\"twitter:data2\" content=\"1 dakika\" \/>\n<script type=\"application\/ld+json\" class=\"yoast-schema-graph\">{\"@context\":\"https:\\\/\\\/schema.org\",\"@graph\":[{\"@type\":\"Article\",\"@id\":\"https:\\\/\\\/kibrisdakik.com\\\/?p=15239#article\",\"isPartOf\":{\"@id\":\"https:\\\/\\\/kibrisdakik.com\\\/?p=15239\"},\"author\":{\"name\":\"admin\",\"@id\":\"https:\\\/\\\/kibrisdakik.com\\\/#\\\/schema\\\/person\\\/9cd9d437bbb44f72b73ba127e06d8e79\"},\"headline\":\"Rehabilite edilen 3 deniz kaplumba\u011fas\u0131 bug\u00fcn yeniden denize b\u0131rak\u0131ld\u0131\",\"datePublished\":\"2023-10-07T20:09:19+00:00\",\"mainEntityOfPage\":{\"@id\":\"https:\\\/\\\/kibrisdakik.com\\\/?p=15239\"},\"wordCount\":205,\"commentCount\":0,\"image\":{\"@id\":\"https:\\\/\\\/kibrisdakik.com\\\/?p=15239#primaryimage\"},\"thumbnailUrl\":\"https:\\\/\\\/kibrisdakik.com\\\/wp-content\\\/uploads\\\/2023\\\/10\\\/IMG-20231007-WA0024-740x420.jpg\",\"articleSection\":[\"G\u00fcndem\"],\"inLanguage\":\"tr\",\"potentialAction\":[{\"@type\":\"CommentAction\",\"name\":\"Comment\",\"target\":[\"https:\\\/\\\/kibrisdakik.com\\\/?p=15239#respond\"]}]},{\"@type\":\"WebPage\",\"@id\":\"https:\\\/\\\/kibrisdakik.com\\\/?p=15239\",\"url\":\"https:\\\/\\\/kibrisdakik.com\\\/?p=15239\",\"name\":\"Rehabilite edilen 3 deniz kaplumba\u011fas\u0131 bug\u00fcn yeniden denize b\u0131rak\u0131ld\u0131 -\",\"isPartOf\":{\"@id\":\"https:\\\/\\\/kibrisdakik.com\\\/#website\"},\"primaryImageOfPage\":{\"@id\":\"https:\\\/\\\/kibrisdakik.com\\\/?p=15239#primaryimage\"},\"image\":{\"@id\":\"https:\\\/\\\/kibrisdakik.com\\\/?p=15239#primaryimage\"},\"thumbnailUrl\":\"https:\\\/\\\/kibrisdakik.com\\\/wp-content\\\/uploads\\\/2023\\\/10\\\/IMG-20231007-WA0024-740x420.jpg\",\"datePublished\":\"2023-10-07T20:09:19+00:00\",\"author\":{\"@id\":\"https:\\\/\\\/kibrisdakik.com\\\/#\\\/schema\\\/person\\\/9cd9d437bbb44f72b73ba127e06d8e79\"},\"breadcrumb\":{\"@id\":\"https:\\\/\\\/kibrisdakik.com\\\/?p=15239#breadcrumb\"},\"inLanguage\":\"tr\",\"potentialAction\":[{\"@type\":\"ReadAction\",\"target\":[\"https:\\\/\\\/kibrisdakik.com\\\/?p=15239\"]}]},{\"@type\":\"ImageObject\",\"inLanguage\":\"tr\",\"@id\":\"https:\\\/\\\/kibrisdakik.com\\\/?p=15239#primaryimage\",\"url\":\"https:\\\/\\\/kibrisdakik.com\\\/wp-content\\\/uploads\\\/2023\\\/10\\\/IMG-20231007-WA0024-740x420.jpg\",\"contentUrl\":\"https:\\\/\\\/kibrisdakik.com\\\/wp-content\\\/uploads\\\/2023\\\/10\\\/IMG-20231007-WA0024-740x420.jpg\",\"width\":2000,\"height\":1500},{\"@type\":\"BreadcrumbList\",\"@id\":\"https:\\\/\\\/kibrisdakik.com\\\/?p=15239#breadcrumb\",\"itemListElement\":[{\"@type\":\"ListItem\",\"position\":1,\"name\":\"Home\",\"item\":\"https:\\\/\\\/kibrisdakik.com\\\/\"},{\"@type\":\"ListItem\",\"position\":2,\"name\":\"Rehabilite edilen 3 deniz kaplumba\u011fas\u0131 bug\u00fcn yeniden denize b\u0131rak\u0131ld\u0131\"}]},{\"@type\":\"WebSite\",\"@id\":\"https:\\\/\\\/kibrisdakik.com\\\/#website\",\"url\":\"https:\\\/\\\/kibrisdakik.com\\\/\",\"name\":\"\",\"description\":\"Tam vaktinde haber\",\"potentialAction\":[{\"@type\":\"SearchAction\",\"target\":{\"@type\":\"EntryPoint\",\"urlTemplate\":\"https:\\\/\\\/kibrisdakik.com\\\/?s={search_term_string}\"},\"query-input\":{\"@type\":\"PropertyValueSpecification\",\"valueRequired\":true,\"valueName\":\"search_term_string\"}}],\"inLanguage\":\"tr\"},{\"@type\":\"Person\",\"@id\":\"https:\\\/\\\/kibrisdakik.com\\\/#\\\/schema\\\/person\\\/9cd9d437bbb44f72b73ba127e06d8e79\",\"name\":\"admin\",\"image\":{\"@type\":\"ImageObject\",\"inLanguage\":\"tr\",\"@id\":\"https:\\\/\\\/secure.gravatar.com\\\/avatar\\\/ccc17943b9d660506c869530f897617f7cb1c21a4bf30023f252596d83e1f007?s=96&d=mm&r=g\",\"url\":\"https:\\\/\\\/secure.gravatar.com\\\/avatar\\\/ccc17943b9d660506c869530f897617f7cb1c21a4bf30023f252596d83e1f007?s=96&d=mm&r=g\",\"contentUrl\":\"https:\\\/\\\/secure.gravatar.com\\\/avatar\\\/ccc17943b9d660506c869530f897617f7cb1c21a4bf30023f252596d83e1f007?s=96&d=mm&r=g\",\"caption\":\"admin\"},\"sameAs\":[\"https:\\\/\\\/kibrisdakik.com\"],\"url\":\"https:\\\/\\\/kibrisdakik.com\\\/?author=1\"}]}<\/script>\n<!-- \/ Yoast SEO plugin. -->","yoast_head_json":{"title":"Rehabilite edilen 3 deniz kaplumba\u011fas\u0131 bug\u00fcn yeniden denize b\u0131rak\u0131ld\u0131 -","robots":{"index":"index","follow":"follow","max-snippet":"max-snippet:-1","max-image-preview":"max-image-preview:large","max-video-preview":"max-video-preview:-1"},"canonical":"https:\/\/kibrisdakik.com\/?p=15239","og_locale":"tr_TR","og_type":"article","og_title":"Rehabilite edilen 3 deniz kaplumba\u011fas\u0131 bug\u00fcn yeniden denize b\u0131rak\u0131ld\u0131 -","og_description":"Meritta Deniz Kaplumba\u011falar\u0131 Rehabilitasyon Merkezi\u2019nde rehabilite edilen 3 deniz kaplumba\u011fas\u0131 bug\u00fcn yeniden denize b\u0131rak\u0131ld\u0131. Yakla\u015f\u0131k \u00fc\u00e7 ay \u00f6nce Bal\u0131k\u00e7\u0131 Levent \u00c7ift\u00e7i taraf\u0131ndan bo\u011fulmu\u015f olarak Meritta Deniz Kaplumba\u011falar\u0131 Rehabilitasyon Merkezi\u2019ne teslim edilen 3 deniz kaplumba\u011fas\u0131 yeniden denize b\u0131rak\u0131ld\u0131. Bal\u0131k\u00e7\u0131 Levent \u00c7ift\u00e7i\u2019nin buldu\u011fu kaplumba\u011falara Ressadem, Ada ve Haluk Levent ismini vermesinden dolay\u0131 etkinli\u011fe Sanat\u00e7\u0131 Haluk Levent de","og_url":"https:\/\/kibrisdakik.com\/?p=15239","article_published_time":"2023-10-07T20:09:19+00:00","og_image":[{"width":2000,"height":1500,"url":"https:\/\/kibrisdakik.com\/wp-content\/uploads\/2023\/10\/IMG-20231007-WA0024-740x420.jpg","type":"image\/jpeg"}],"author":"admin","twitter_card":"summary_large_image","twitter_misc":{"Yazan:":"admin","Tahmini okuma s\u00fcresi":"1 dakika"},"schema":{"@context":"https:\/\/schema.org","@graph":[{"@type":"Article","@id":"https:\/\/kibrisdakik.com\/?p=15239#article","isPartOf":{"@id":"https:\/\/kibrisdakik.com\/?p=15239"},"author":{"name":"admin","@id":"https:\/\/kibrisdakik.com\/#\/schema\/person\/9cd9d437bbb44f72b73ba127e06d8e79"},"headline":"Rehabilite edilen 3 deniz kaplumba\u011fas\u0131 bug\u00fcn yeniden denize b\u0131rak\u0131ld\u0131","datePublished":"2023-10-07T20:09:19+00:00","mainEntityOfPage":{"@id":"https:\/\/kibrisdakik.com\/?p=15239"},"wordCount":205,"commentCount":0,"image":{"@id":"https:\/\/kibrisdakik.com\/?p=15239#primaryimage"},"thumbnailUrl":"https:\/\/kibrisdakik.com\/wp-content\/uploads\/2023\/10\/IMG-20231007-WA0024-740x420.jpg","articleSection":["G\u00fcndem"],"inLanguage":"tr","potentialAction":[{"@type":"CommentAction","name":"Comment","target":["https:\/\/kibrisdakik.com\/?p=15239#respond"]}]},{"@type":"WebPage","@id":"https:\/\/kibrisdakik.com\/?p=15239","url":"https:\/\/kibrisdakik.com\/?p=15239","name":"Rehabilite edilen 3 deniz kaplumba\u011fas\u0131 bug\u00fcn yeniden denize b\u0131rak\u0131ld\u0131 -","isPartOf":{"@id":"https:\/\/kibrisdakik.com\/#website"},"primaryImageOfPage":{"@id":"https:\/\/kibrisdakik.com\/?p=15239#primaryimage"},"image":{"@id":"https:\/\/kibrisdakik.com\/?p=15239#primaryimage"},"thumbnailUrl":"https:\/\/kibrisdakik.com\/wp-content\/uploads\/2023\/10\/IMG-20231007-WA0024-740x420.jpg","datePublished":"2023-10-07T20:09:19+00:00","author":{"@id":"https:\/\/kibrisdakik.com\/#\/schema\/person\/9cd9d437bbb44f72b73ba127e06d8e79"},"breadcrumb":{"@id":"https:\/\/kibrisdakik.com\/?p=15239#breadcrumb"},"inLanguage":"tr","potentialAction":[{"@type":"ReadAction","target":["https:\/\/kibrisdakik.com\/?p=15239"]}]},{"@type":"ImageObject","inLanguage":"tr","@id":"https:\/\/kibrisdakik.com\/?p=15239#primaryimage","url":"https:\/\/kibrisdakik.com\/wp-content\/uploads\/2023\/10\/IMG-20231007-WA0024-740x420.jpg","contentUrl":"https:\/\/kibrisdakik.com\/wp-content\/uploads\/2023\/10\/IMG-20231007-WA0024-740x420.jpg","width":2000,"height":1500},{"@type":"BreadcrumbList","@id":"https:\/\/kibrisdakik.com\/?p=15239#breadcrumb","itemListElement":[{"@type":"ListItem","position":1,"name":"Home","item":"https:\/\/kibrisdakik.com\/"},{"@type":"ListItem","position":2,"name":"Rehabilite edilen 3 deniz kaplumba\u011fas\u0131 bug\u00fcn yeniden denize b\u0131rak\u0131ld\u0131"}]},{"@type":"WebSite","@id":"https:\/\/kibrisdakik.com\/#website","url":"https:\/\/kibrisdakik.com\/","name":"","description":"Tam vaktinde haber","potentialAction":[{"@type":"SearchAction","target":{"@type":"EntryPoint","urlTemplate":"https:\/\/kibrisdakik.com\/?s={search_term_string}"},"query-input":{"@type":"PropertyValueSpecification","valueRequired":true,"valueName":"search_term_string"}}],"inLanguage":"tr"},{"@type":"Person","@id":"https:\/\/kibrisdakik.com\/#\/schema\/person\/9cd9d437bbb44f72b73ba127e06d8e79","name":"admin","image":{"@type":"ImageObject","inLanguage":"tr","@id":"https:\/\/secure.gravatar.com\/avatar\/ccc17943b9d660506c869530f897617f7cb1c21a4bf30023f252596d83e1f007?s=96&d=mm&r=g","url":"https:\/\/secure.gravatar.com\/avatar\/ccc17943b9d660506c869530f897617f7cb1c21a4bf30023f252596d83e1f007?s=96&d=mm&r=g","contentUrl":"https:\/\/secure.gravatar.com\/avatar\/ccc17943b9d660506c869530f897617f7cb1c21a4bf30023f252596d83e1f007?s=96&d=mm&r=g","caption":"admin"},"sameAs":["https:\/\/kibrisdakik.com"],"url":"https:\/\/kibrisdakik.com\/?author=1"}]}},"_links":{"self":[{"href":"https:\/\/kibrisdakik.com\/index.php?rest_route=\/wp\/v2\/posts\/15239","targetHints":{"allow":["GET"]}}],"collection":[{"href":"https:\/\/kibrisdakik.com\/index.php?rest_route=\/wp\/v2\/posts"}],"about":[{"href":"https:\/\/kibrisdakik.com\/index.php?rest_route=\/wp\/v2\/types\/post"}],"author":[{"embeddable":true,"href":"https:\/\/kibrisdakik.com\/index.php?rest_route=\/wp\/v2\/users\/1"}],"replies":[{"embeddable":true,"href":"https:\/\/kibrisdakik.com\/index.php?rest_route=%2Fwp%2Fv2%2Fcomments&post=15239"}],"version-history":[{"count":0,"href":"https:\/\/kibrisdakik.com\/index.php?rest_route=\/wp\/v2\/posts\/15239\/revisions"}],"wp:featuredmedia":[{"embeddable":true,"href":"https:\/\/kibrisdakik.com\/index.php?rest_route=\/wp\/v2\/media\/15240"}],"wp:attachment":[{"href":"https:\/\/kibrisdakik.com\/index.php?rest_route=%2Fwp%2Fv2%2Fmedia&parent=15239"}],"wp:term":[{"taxonomy":"category","embeddable":true,"href":"https:\/\/kibrisdakik.com\/index.php?rest_route=%2Fwp%2Fv2%2Fcategories&post=15239"},{"taxonomy":"post_tag","embeddable":true,"href":"https:\/\/kibrisdakik.com\/index.php?rest_route=%2Fwp%2Fv2%2Ftags&post=15239"}],"curies":[{"name":"wp","href":"https:\/\/api.w.org\/{rel}","templated":true}]}}