{"id":15241,"date":"2023-10-08T08:27:10","date_gmt":"2023-10-08T08:27:10","guid":{"rendered":"https:\/\/kibrisdakik.com\/index.php\/2023\/10\/08\/guvenlik-kameralari-polisiye-olaylari-aydinlatiyor\/"},"modified":"2023-10-08T08:27:10","modified_gmt":"2023-10-08T08:27:10","slug":"guvenlik-kameralari-polisiye-olaylari-aydinlatiyor","status":"publish","type":"post","link":"https:\/\/kibrisdakik.com\/?p=15241","title":{"rendered":"G\u00fcvenlik kameralar\u0131 polisiye olaylar\u0131 ayd\u0131nlat\u0131yor"},"content":{"rendered":"<p><\/p>\n<div>\n<div class=\"mariselle-image-container none\">\n                <img width=\"2560\" height=\"1709\" class=\"lazy-image\" alt=\"\" decoding=\"async\" loading=\"lazy\" sizes=\"auto, (max-width: 2560px) 100vw, 2560px\" src=\"https:\/\/brtk.net\/wp-content\/uploads\/2023\/10\/08\/ahmet-kahvecisoy-1-so-scaled.jpg?ver=fb73502b02f85bacda3a8a16826018d8\" srcset=\"https:\/\/brtk.net\/wp-content\/uploads\/2023\/10\/08\/ahmet-kahvecisoy-1-so-scaled.jpg?ver=fb73502b02f85bacda3a8a16826018d8 2560w, https:\/\/brtk.net\/wp-content\/uploads\/2023\/10\/08\/ahmet-kahvecisoy-1-so-300x200.jpg?ver=77ac4a63058eb9c6bd59d5f8b36b1b29 300w, https:\/\/brtk.net\/wp-content\/uploads\/2023\/10\/08\/ahmet-kahvecisoy-1-so-1024x684.jpg?ver=da081365a26e2c0d79b9df3217fa2730 1024w, https:\/\/brtk.net\/wp-content\/uploads\/2023\/10\/08\/ahmet-kahvecisoy-1-so-768x513.jpg?ver=015b0d4ecaf798636bef7bfb25a4ce75 768w, https:\/\/brtk.net\/wp-content\/uploads\/2023\/10\/08\/ahmet-kahvecisoy-1-so-1536x1025.jpg?ver=dc31f35b0d7a77c12db022be35062736 1536w, https:\/\/brtk.net\/wp-content\/uploads\/2023\/10\/08\/ahmet-kahvecisoy-1-so-2048x1367.jpg?ver=0155bb50b71a280a7631b0cd1a37aedb 2048w\"\/>                            <\/div>\n<p>Kamuya a\u00e7\u0131k alanlarda g\u00fcvenli\u011fin sa\u011flanmas\u0131, su\u00e7lar\u0131n \u00f6nlenmesi, su\u00e7a kar\u0131\u015fan faillerin erken s\u00fcrede tespit edilmesi i\u00e7in olu\u015fturulan, ilk etapta Lefko\u015fa ve Girne\u2019ye kurulan Kent G\u00fcvenlik Y\u00f6netim Sistemleri\u2019nin (KGYS) di\u011fer il\u00e7elerde de faaliyete ge\u00e7ebilmesi i\u00e7in \u00f6n \u00e7al\u0131\u015fma yap\u0131ld\u0131\u011f\u0131 a\u00e7\u0131kland\u0131.<\/p>\n<p>Kamuoyunda \u201cMobese\u201d olarak da bilinen, \u00f6zellikle kav\u015faklarla ana yollara, turistik ve halk\u0131n yo\u011fun olarak bulundu\u011fu yerlere kurulan KGYS ile ilgili T\u00fcrk Ajans\u0131 K\u0131br\u0131s\u2019a (TAK) konu\u015fan Polis Genel M\u00fcd\u00fcrl\u00fc\u011f\u00fc (PGM) \u0130leti\u015fim ve Bilgi \u0130\u015flem M\u00fcd\u00fcr Vekili Ahmet Kahvecisoy, \u201cSistem, bir\u00e7ok adli ve trafik meselesinin ayd\u0131nlat\u0131lmas\u0131nda \u00f6nemli rol oynad\u0131\u201d dedi.<\/p>\n<p>Kameralar\u0131n devreye konulmas\u0131 s\u00fcreciyle ilgili bilgi veren Kahvecisoy, bu konudaki \u00e7al\u0131\u015fmalar\u0131n 2017\u2019de ba\u015flad\u0131\u011f\u0131n\u0131 an\u0131msatt\u0131.<\/p>\n<p><a href=\"https:\/\/brtk.net\/\">KKTC<\/a> ile T\u00fcrkiye Cumhuriyet aras\u0131nda imzalanan i\u015f birli\u011fi protokol\u00fc uyar\u0131nca onay yasas\u0131n\u0131n Cumhuriyet Meclisi\u2019nden ge\u00e7irildi\u011fini, bununla birlikte alt yap\u0131 ve kurulum \u00e7al\u0131\u015fmalar\u0131 yap\u0131ld\u0131\u011f\u0131n\u0131 belirten\u00a0Kahvecisoy, ilgili yasa ve t\u00fcz\u00fcklerin de 2018\u2019de y\u00fcr\u00fcrl\u00fc\u011fe girdi\u011fini kaydetti.<\/p>\n<p>Ba\u015fbakanl\u0131k b\u00fcnyesinde Kent G\u00fcvenlik Y\u00f6netim Sistemleri Kurulu ile itiraz kurulu olu\u015fturuldu\u011funu da belirten\u00a0Kahvecisoy, kurulumlarla ilgili izinlerin bu kurulda verildi\u011fini s\u00f6yledi.<\/p>\n<p>-\u201c600\u2019den fazla kamera var\u2026\u201d<\/p>\n<p>KGYS ile kurulumlar\u0131n pandemi d\u00f6neminde, Temmuz 2020\u2019de ba\u015flad\u0131\u011f\u0131n\u0131, sisteminse 6 Eyl\u00fcl 2021\u2019de devreye girdi\u011fini ifade eden\u00a0Ahmet Kahvecisoy, Lefko\u015fa\u2019da 34 b\u00f6lgeye, Girne\u2019de ise 29 b\u00f6lgeye KGYS sistemi kuruldu\u011funu aktard\u0131.<\/p>\n<p>T\u00fcrkiye Cumhuriyeti\u2019nin hibesi olan sistem i\u00e7in <a href=\"https:\/\/brtk.net\/\">KKTC<\/a> b\u00fct\u00e7esinden herhangi bir harcama yap\u0131lmad\u0131\u011f\u0131n\u0131 s\u00f6yleyen Kahvecisoy, \u201c600\u2019den fazla kamerayla \u00e7al\u0131\u015fan sistemde 7\/24 g\u00f6r\u00fcnt\u00fcleme ve plaka takip sistemi var. Ara\u00e7lar\u0131n seyr\u00fcsefer, muayene ve sigortas\u0131 da bu sistem \u00fczerinden kontrol edilebiliyor\u201d dedi.<\/p>\n<p>-\u201cG\u00f6r\u00fcnt\u00fcler \u0130zleme Merkezi\u2019nde inceleniyor\u201d<\/p>\n<p>KGYS\u2019nin bir\u00e7o\u011funun ana kav\u015fak noktalar\u0131 \u00fczerinde, yo\u011fun yerlerde kurulu oldu\u011funu dile getiren Kahvecisoy, sistemdeki g\u00f6r\u00fcnt\u00fclerin ilgili yasak ve t\u00fcz\u00fckler uyar\u0131nca 7 g\u00fcn 24 saat esas\u0131yla Polis Genel M\u00fcd\u00fcrl\u00fc\u011f\u00fc\u2019ndeki \u0130zleme Merkezi\u2019nde bu i\u015f i\u00e7in istihdam edilen sivil hizmet g\u00f6revlileri taraf\u0131ndan vardiya usul\u00fcyle incelendi\u011fini belirtti.<\/p>\n<p>Ahmet Kahvecisoy, kay\u0131tlar\u0131n yasa ve t\u00fcz\u00fcklerde belirtilen esasa g\u00f6re sakland\u0131\u011f\u0131n\u0131, zaman\u0131 gelince de sistem taraf\u0131ndan otomatik silindi\u011fini de s\u00f6yledi.<\/p>\n<p>Canl\u0131 izleme esnas\u0131nda kar\u015f\u0131la\u015f\u0131lan durumlarla ilgili gerekli birimlerin olay yerine sevk edildi\u011fini de ifade eden Ahmet Kahvecisoy, resmi soru\u015fturma konular\u0131nda, adli ve trafik meselelerinde verilerin, KGYS Yasas\u0131\u2019nda belirtilen usule uygun olarak tahkikat memurlar\u0131na verildi\u011fini kaydetti.<\/p>\n<p>-\u201cK\u0131rm\u0131z\u0131 \u0131\u015f\u0131k ihlallerinde ciddi d\u00fc\u015f\u00fc\u015f oldu\u201d<\/p>\n<p>KGYS sisteminin\u00a0kuruldu\u011fu andan itibaren bir\u00e7ok adli ve trafik meselesinin ayd\u0131nlat\u0131lmas\u0131nda \u00f6nemli rol oynad\u0131\u011f\u0131n\u0131 vurgulayan Kahvecisoy, su\u00e7 sonras\u0131 failin takip edilerek yakalanmas\u0131, trafik kazalar\u0131n\u0131n olu\u015f \u015fekilleri, k\u0131rm\u0131z\u0131 \u0131\u015f\u0131k ihlalleri nedeniyle ya\u015fanan ciddi kazalarla ilgili tespitin kolayla\u015ft\u0131\u011f\u0131n\u0131 s\u00f6yledi.<\/p>\n<p>Kahvecisoy, k\u0131rm\u0131z\u0131 \u0131\u015f\u0131k ihlallerinde ciddi d\u00fc\u015f\u00fc\u015f oldu\u011funu da vurgulayarak, KGYS\u00a0ile \u00f6zellikle ana arterler \u00fczerinde g\u00fcnl\u00fck rutin trafik kontrolleri yap\u0131ld\u0131\u011f\u0131n\u0131 da belirtti.<\/p>\n<p>-\u201cGazima\u011fusa, G\u00fczelyurt ve \u0130skele i\u00e7in \u00e7al\u0131\u015fma yap\u0131l\u0131yor\u201d<\/p>\n<p>Kahvecisoy, KGYS sisteminin kurulu oldu\u011fu il\u00e7elerde baz\u0131 noktalar\u0131 geni\u015fletme ihtiyac\u0131 do\u011fdu\u011funu s\u00f6yleyerek, bunlar\u0131n projelerinin haz\u0131rland\u0131\u011f\u0131n\u0131 aktard\u0131,\u00a0Gazima\u011fusa, \u0130skele ve Lefke\u00a0il\u00e7eleri i\u00e7in de \u00e7al\u0131\u015fma yap\u0131ld\u0131\u011f\u0131n\u0131 belirtti.<\/p>\n<p>TAK\/<a href=\"https:\/\/brtk.net\/\">BRT<\/a><\/p>\n<\/p><\/div>\n<p><script async\n                    defer\n                    crossorigin=\"anonymous\"\n                    src=\"https:\/\/connect.facebook.net\/tr_TR\/sdk.js#xfbml=1&#038;version=v3.3\"\n            ><\/script><\/p>\n","protected":false},"excerpt":{"rendered":"<p>Kamuya a\u00e7\u0131k alanlarda g\u00fcvenli\u011fin sa\u011flanmas\u0131, su\u00e7lar\u0131n \u00f6nlenmesi, su\u00e7a kar\u0131\u015fan faillerin erken s\u00fcrede tespit edilmesi i\u00e7in olu\u015fturulan, ilk etapta Lefko\u015fa ve Girne\u2019ye kurulan Kent G\u00fcvenlik Y\u00f6netim Sistemleri\u2019nin (KGYS) di\u011fer il\u00e7elerde de faaliyete ge\u00e7ebilmesi i\u00e7in \u00f6n \u00e7al\u0131\u015fma yap\u0131ld\u0131\u011f\u0131 a\u00e7\u0131kland\u0131. Kamuoyunda \u201cMobese\u201d olarak da bilinen, \u00f6zellikle kav\u015faklarla ana yollara, turistik ve halk\u0131n yo\u011fun olarak bulundu\u011fu yerlere kurulan KGYS<\/p>\n","protected":false},"author":1,"featured_media":15242,"comment_status":"open","ping_status":"open","sticky":false,"template":"","format":"standard","meta":{"footnotes":""},"categories":[1],"tags":[],"class_list":["post-15241","post","type-post","status-publish","format-standard","has-post-thumbnail","hentry","category-gundem"],"yoast_head":"<!-- This site is optimized with the Yoast SEO plugin v28.4 - https:\/\/yoast.com\/product\/yoast-seo-wordpress\/ -->\n<title>G\u00fcvenlik kameralar\u0131 polisiye olaylar\u0131 ayd\u0131nlat\u0131yor -<\/title>\n<meta name=\"robots\" content=\"index, follow, max-snippet:-1, max-image-preview:large, max-video-preview:-1\" \/>\n<link rel=\"canonical\" href=\"https:\/\/kibrisdakik.com\/?p=15241\" \/>\n<meta property=\"og:locale\" content=\"tr_TR\" \/>\n<meta property=\"og:type\" content=\"article\" \/>\n<meta property=\"og:title\" content=\"G\u00fcvenlik kameralar\u0131 polisiye olaylar\u0131 ayd\u0131nlat\u0131yor -\" \/>\n<meta property=\"og:description\" content=\"Kamuya a\u00e7\u0131k alanlarda g\u00fcvenli\u011fin sa\u011flanmas\u0131, su\u00e7lar\u0131n \u00f6nlenmesi, su\u00e7a kar\u0131\u015fan faillerin erken s\u00fcrede tespit edilmesi i\u00e7in olu\u015fturulan, ilk etapta Lefko\u015fa ve Girne\u2019ye kurulan Kent G\u00fcvenlik Y\u00f6netim Sistemleri\u2019nin (KGYS) di\u011fer il\u00e7elerde de faaliyete ge\u00e7ebilmesi i\u00e7in \u00f6n \u00e7al\u0131\u015fma yap\u0131ld\u0131\u011f\u0131 a\u00e7\u0131kland\u0131. Kamuoyunda \u201cMobese\u201d olarak da bilinen, \u00f6zellikle kav\u015faklarla ana yollara, turistik ve halk\u0131n yo\u011fun olarak bulundu\u011fu yerlere kurulan KGYS\" \/>\n<meta property=\"og:url\" content=\"https:\/\/kibrisdakik.com\/?p=15241\" \/>\n<meta property=\"article:published_time\" content=\"2023-10-08T08:27:10+00:00\" \/>\n<meta property=\"og:image\" content=\"https:\/\/kibrisdakik.com\/wp-content\/uploads\/2023\/10\/ahmet-kahvecisoy-1-so-scaled-740x420.jpg\" \/>\n\t<meta property=\"og:image:width\" content=\"2560\" \/>\n\t<meta property=\"og:image:height\" content=\"1709\" \/>\n\t<meta property=\"og:image:type\" content=\"image\/jpeg\" \/>\n<meta name=\"author\" content=\"admin\" \/>\n<meta name=\"twitter:card\" content=\"summary_large_image\" \/>\n<meta name=\"twitter:label1\" content=\"Yazan:\" \/>\n\t<meta name=\"twitter:data1\" content=\"admin\" \/>\n\t<meta name=\"twitter:label2\" content=\"Tahmini okuma s\u00fcresi\" \/>\n\t<meta name=\"twitter:data2\" content=\"3 dakika\" \/>\n<script type=\"application\/ld+json\" class=\"yoast-schema-graph\">{\"@context\":\"https:\\\/\\\/schema.org\",\"@graph\":[{\"@type\":\"Article\",\"@id\":\"https:\\\/\\\/kibrisdakik.com\\\/?p=15241#article\",\"isPartOf\":{\"@id\":\"https:\\\/\\\/kibrisdakik.com\\\/?p=15241\"},\"author\":{\"name\":\"admin\",\"@id\":\"https:\\\/\\\/kibrisdakik.com\\\/#\\\/schema\\\/person\\\/9cd9d437bbb44f72b73ba127e06d8e79\"},\"headline\":\"G\u00fcvenlik kameralar\u0131 polisiye olaylar\u0131 ayd\u0131nlat\u0131yor\",\"datePublished\":\"2023-10-08T08:27:10+00:00\",\"mainEntityOfPage\":{\"@id\":\"https:\\\/\\\/kibrisdakik.com\\\/?p=15241\"},\"wordCount\":623,\"commentCount\":0,\"publisher\":{\"@id\":\"https:\\\/\\\/kibrisdakik.com\\\/#organization\"},\"image\":{\"@id\":\"https:\\\/\\\/kibrisdakik.com\\\/?p=15241#primaryimage\"},\"thumbnailUrl\":\"https:\\\/\\\/kibrisdakik.com\\\/wp-content\\\/uploads\\\/2023\\\/10\\\/ahmet-kahvecisoy-1-so-scaled-740x420.jpg\",\"articleSection\":[\"G\u00fcndem\"],\"inLanguage\":\"tr\",\"potentialAction\":[{\"@type\":\"CommentAction\",\"name\":\"Comment\",\"target\":[\"https:\\\/\\\/kibrisdakik.com\\\/?p=15241#respond\"]}]},{\"@type\":\"WebPage\",\"@id\":\"https:\\\/\\\/kibrisdakik.com\\\/?p=15241\",\"url\":\"https:\\\/\\\/kibrisdakik.com\\\/?p=15241\",\"name\":\"G\u00fcvenlik kameralar\u0131 polisiye olaylar\u0131 ayd\u0131nlat\u0131yor -\",\"isPartOf\":{\"@id\":\"https:\\\/\\\/kibrisdakik.com\\\/#website\"},\"primaryImageOfPage\":{\"@id\":\"https:\\\/\\\/kibrisdakik.com\\\/?p=15241#primaryimage\"},\"image\":{\"@id\":\"https:\\\/\\\/kibrisdakik.com\\\/?p=15241#primaryimage\"},\"thumbnailUrl\":\"https:\\\/\\\/kibrisdakik.com\\\/wp-content\\\/uploads\\\/2023\\\/10\\\/ahmet-kahvecisoy-1-so-scaled-740x420.jpg\",\"datePublished\":\"2023-10-08T08:27:10+00:00\",\"breadcrumb\":{\"@id\":\"https:\\\/\\\/kibrisdakik.com\\\/?p=15241#breadcrumb\"},\"inLanguage\":\"tr\",\"potentialAction\":[{\"@type\":\"ReadAction\",\"target\":[\"https:\\\/\\\/kibrisdakik.com\\\/?p=15241\"]}]},{\"@type\":\"ImageObject\",\"inLanguage\":\"tr\",\"@id\":\"https:\\\/\\\/kibrisdakik.com\\\/?p=15241#primaryimage\",\"url\":\"https:\\\/\\\/kibrisdakik.com\\\/wp-content\\\/uploads\\\/2023\\\/10\\\/ahmet-kahvecisoy-1-so-scaled-740x420.jpg\",\"contentUrl\":\"https:\\\/\\\/kibrisdakik.com\\\/wp-content\\\/uploads\\\/2023\\\/10\\\/ahmet-kahvecisoy-1-so-scaled-740x420.jpg\",\"width\":2560,\"height\":1709},{\"@type\":\"BreadcrumbList\",\"@id\":\"https:\\\/\\\/kibrisdakik.com\\\/?p=15241#breadcrumb\",\"itemListElement\":[{\"@type\":\"ListItem\",\"position\":1,\"name\":\"Home\",\"item\":\"https:\\\/\\\/kibrisdakik.com\\\/\"},{\"@type\":\"ListItem\",\"position\":2,\"name\":\"G\u00fcvenlik kameralar\u0131 polisiye olaylar\u0131 ayd\u0131nlat\u0131yor\"}]},{\"@type\":\"WebSite\",\"@id\":\"https:\\\/\\\/kibrisdakik.com\\\/#website\",\"url\":\"https:\\\/\\\/kibrisdakik.com\\\/\",\"name\":\"K\u0131br\u0131s Dakik\",\"description\":\"Tam vaktinde haber\",\"publisher\":{\"@id\":\"https:\\\/\\\/kibrisdakik.com\\\/#organization\"},\"potentialAction\":[{\"@type\":\"SearchAction\",\"target\":{\"@type\":\"EntryPoint\",\"urlTemplate\":\"https:\\\/\\\/kibrisdakik.com\\\/?s={search_term_string}\"},\"query-input\":{\"@type\":\"PropertyValueSpecification\",\"valueRequired\":true,\"valueName\":\"search_term_string\"}}],\"inLanguage\":\"tr\"},{\"@type\":\"Organization\",\"@id\":\"https:\\\/\\\/kibrisdakik.com\\\/#organization\",\"name\":\"K\u0131br\u0131s Dakik\",\"url\":\"https:\\\/\\\/kibrisdakik.com\\\/\",\"logo\":{\"@type\":\"ImageObject\",\"inLanguage\":\"tr\",\"@id\":\"https:\\\/\\\/kibrisdakik.com\\\/#\\\/schema\\\/logo\\\/image\\\/\",\"url\":\"https:\\\/\\\/kibrisdakik.com\\\/wp-content\\\/uploads\\\/2025\\\/10\\\/cropped-WhatsApp-Image-2025-10-02-at-12.58.31.jpeg\",\"contentUrl\":\"https:\\\/\\\/kibrisdakik.com\\\/wp-content\\\/uploads\\\/2025\\\/10\\\/cropped-WhatsApp-Image-2025-10-02-at-12.58.31.jpeg\",\"width\":1237,\"height\":190,\"caption\":\"K\u0131br\u0131s Dakik\"},\"image\":{\"@id\":\"https:\\\/\\\/kibrisdakik.com\\\/#\\\/schema\\\/logo\\\/image\\\/\"}},{\"@type\":\"Person\",\"@id\":\"https:\\\/\\\/kibrisdakik.com\\\/#\\\/schema\\\/person\\\/9cd9d437bbb44f72b73ba127e06d8e79\",\"name\":\"admin\",\"image\":{\"@type\":\"ImageObject\",\"inLanguage\":\"tr\",\"@id\":\"https:\\\/\\\/secure.gravatar.com\\\/avatar\\\/ccc17943b9d660506c869530f897617f7cb1c21a4bf30023f252596d83e1f007?s=96&d=mm&r=g\",\"url\":\"https:\\\/\\\/secure.gravatar.com\\\/avatar\\\/ccc17943b9d660506c869530f897617f7cb1c21a4bf30023f252596d83e1f007?s=96&d=mm&r=g\",\"contentUrl\":\"https:\\\/\\\/secure.gravatar.com\\\/avatar\\\/ccc17943b9d660506c869530f897617f7cb1c21a4bf30023f252596d83e1f007?s=96&d=mm&r=g\",\"caption\":\"admin\"},\"sameAs\":[\"https:\\\/\\\/kibrisdakik.com\"],\"url\":\"https:\\\/\\\/kibrisdakik.com\\\/?author=1\"}]}<\/script>\n<!-- \/ Yoast SEO plugin. -->","yoast_head_json":{"title":"G\u00fcvenlik kameralar\u0131 polisiye olaylar\u0131 ayd\u0131nlat\u0131yor -","robots":{"index":"index","follow":"follow","max-snippet":"max-snippet:-1","max-image-preview":"max-image-preview:large","max-video-preview":"max-video-preview:-1"},"canonical":"https:\/\/kibrisdakik.com\/?p=15241","og_locale":"tr_TR","og_type":"article","og_title":"G\u00fcvenlik kameralar\u0131 polisiye olaylar\u0131 ayd\u0131nlat\u0131yor -","og_description":"Kamuya a\u00e7\u0131k alanlarda g\u00fcvenli\u011fin sa\u011flanmas\u0131, su\u00e7lar\u0131n \u00f6nlenmesi, su\u00e7a kar\u0131\u015fan faillerin erken s\u00fcrede tespit edilmesi i\u00e7in olu\u015fturulan, ilk etapta Lefko\u015fa ve Girne\u2019ye kurulan Kent G\u00fcvenlik Y\u00f6netim Sistemleri\u2019nin (KGYS) di\u011fer il\u00e7elerde de faaliyete ge\u00e7ebilmesi i\u00e7in \u00f6n \u00e7al\u0131\u015fma yap\u0131ld\u0131\u011f\u0131 a\u00e7\u0131kland\u0131. Kamuoyunda \u201cMobese\u201d olarak da bilinen, \u00f6zellikle kav\u015faklarla ana yollara, turistik ve halk\u0131n yo\u011fun olarak bulundu\u011fu yerlere kurulan KGYS","og_url":"https:\/\/kibrisdakik.com\/?p=15241","article_published_time":"2023-10-08T08:27:10+00:00","og_image":[{"width":2560,"height":1709,"url":"https:\/\/kibrisdakik.com\/wp-content\/uploads\/2023\/10\/ahmet-kahvecisoy-1-so-scaled-740x420.jpg","type":"image\/jpeg"}],"author":"admin","twitter_card":"summary_large_image","twitter_misc":{"Yazan:":"admin","Tahmini okuma s\u00fcresi":"3 dakika"},"schema":{"@context":"https:\/\/schema.org","@graph":[{"@type":"Article","@id":"https:\/\/kibrisdakik.com\/?p=15241#article","isPartOf":{"@id":"https:\/\/kibrisdakik.com\/?p=15241"},"author":{"name":"admin","@id":"https:\/\/kibrisdakik.com\/#\/schema\/person\/9cd9d437bbb44f72b73ba127e06d8e79"},"headline":"G\u00fcvenlik kameralar\u0131 polisiye olaylar\u0131 ayd\u0131nlat\u0131yor","datePublished":"2023-10-08T08:27:10+00:00","mainEntityOfPage":{"@id":"https:\/\/kibrisdakik.com\/?p=15241"},"wordCount":623,"commentCount":0,"publisher":{"@id":"https:\/\/kibrisdakik.com\/#organization"},"image":{"@id":"https:\/\/kibrisdakik.com\/?p=15241#primaryimage"},"thumbnailUrl":"https:\/\/kibrisdakik.com\/wp-content\/uploads\/2023\/10\/ahmet-kahvecisoy-1-so-scaled-740x420.jpg","articleSection":["G\u00fcndem"],"inLanguage":"tr","potentialAction":[{"@type":"CommentAction","name":"Comment","target":["https:\/\/kibrisdakik.com\/?p=15241#respond"]}]},{"@type":"WebPage","@id":"https:\/\/kibrisdakik.com\/?p=15241","url":"https:\/\/kibrisdakik.com\/?p=15241","name":"G\u00fcvenlik kameralar\u0131 polisiye olaylar\u0131 ayd\u0131nlat\u0131yor -","isPartOf":{"@id":"https:\/\/kibrisdakik.com\/#website"},"primaryImageOfPage":{"@id":"https:\/\/kibrisdakik.com\/?p=15241#primaryimage"},"image":{"@id":"https:\/\/kibrisdakik.com\/?p=15241#primaryimage"},"thumbnailUrl":"https:\/\/kibrisdakik.com\/wp-content\/uploads\/2023\/10\/ahmet-kahvecisoy-1-so-scaled-740x420.jpg","datePublished":"2023-10-08T08:27:10+00:00","breadcrumb":{"@id":"https:\/\/kibrisdakik.com\/?p=15241#breadcrumb"},"inLanguage":"tr","potentialAction":[{"@type":"ReadAction","target":["https:\/\/kibrisdakik.com\/?p=15241"]}]},{"@type":"ImageObject","inLanguage":"tr","@id":"https:\/\/kibrisdakik.com\/?p=15241#primaryimage","url":"https:\/\/kibrisdakik.com\/wp-content\/uploads\/2023\/10\/ahmet-kahvecisoy-1-so-scaled-740x420.jpg","contentUrl":"https:\/\/kibrisdakik.com\/wp-content\/uploads\/2023\/10\/ahmet-kahvecisoy-1-so-scaled-740x420.jpg","width":2560,"height":1709},{"@type":"BreadcrumbList","@id":"https:\/\/kibrisdakik.com\/?p=15241#breadcrumb","itemListElement":[{"@type":"ListItem","position":1,"name":"Home","item":"https:\/\/kibrisdakik.com\/"},{"@type":"ListItem","position":2,"name":"G\u00fcvenlik kameralar\u0131 polisiye olaylar\u0131 ayd\u0131nlat\u0131yor"}]},{"@type":"WebSite","@id":"https:\/\/kibrisdakik.com\/#website","url":"https:\/\/kibrisdakik.com\/","name":"K\u0131br\u0131s Dakik","description":"Tam vaktinde haber","publisher":{"@id":"https:\/\/kibrisdakik.com\/#organization"},"potentialAction":[{"@type":"SearchAction","target":{"@type":"EntryPoint","urlTemplate":"https:\/\/kibrisdakik.com\/?s={search_term_string}"},"query-input":{"@type":"PropertyValueSpecification","valueRequired":true,"valueName":"search_term_string"}}],"inLanguage":"tr"},{"@type":"Organization","@id":"https:\/\/kibrisdakik.com\/#organization","name":"K\u0131br\u0131s Dakik","url":"https:\/\/kibrisdakik.com\/","logo":{"@type":"ImageObject","inLanguage":"tr","@id":"https:\/\/kibrisdakik.com\/#\/schema\/logo\/image\/","url":"https:\/\/kibrisdakik.com\/wp-content\/uploads\/2025\/10\/cropped-WhatsApp-Image-2025-10-02-at-12.58.31.jpeg","contentUrl":"https:\/\/kibrisdakik.com\/wp-content\/uploads\/2025\/10\/cropped-WhatsApp-Image-2025-10-02-at-12.58.31.jpeg","width":1237,"height":190,"caption":"K\u0131br\u0131s Dakik"},"image":{"@id":"https:\/\/kibrisdakik.com\/#\/schema\/logo\/image\/"}},{"@type":"Person","@id":"https:\/\/kibrisdakik.com\/#\/schema\/person\/9cd9d437bbb44f72b73ba127e06d8e79","name":"admin","image":{"@type":"ImageObject","inLanguage":"tr","@id":"https:\/\/secure.gravatar.com\/avatar\/ccc17943b9d660506c869530f897617f7cb1c21a4bf30023f252596d83e1f007?s=96&d=mm&r=g","url":"https:\/\/secure.gravatar.com\/avatar\/ccc17943b9d660506c869530f897617f7cb1c21a4bf30023f252596d83e1f007?s=96&d=mm&r=g","contentUrl":"https:\/\/secure.gravatar.com\/avatar\/ccc17943b9d660506c869530f897617f7cb1c21a4bf30023f252596d83e1f007?s=96&d=mm&r=g","caption":"admin"},"sameAs":["https:\/\/kibrisdakik.com"],"url":"https:\/\/kibrisdakik.com\/?author=1"}]}},"_links":{"self":[{"href":"https:\/\/kibrisdakik.com\/index.php?rest_route=\/wp\/v2\/posts\/15241","targetHints":{"allow":["GET"]}}],"collection":[{"href":"https:\/\/kibrisdakik.com\/index.php?rest_route=\/wp\/v2\/posts"}],"about":[{"href":"https:\/\/kibrisdakik.com\/index.php?rest_route=\/wp\/v2\/types\/post"}],"author":[{"embeddable":true,"href":"https:\/\/kibrisdakik.com\/index.php?rest_route=\/wp\/v2\/users\/1"}],"replies":[{"embeddable":true,"href":"https:\/\/kibrisdakik.com\/index.php?rest_route=%2Fwp%2Fv2%2Fcomments&post=15241"}],"version-history":[{"count":0,"href":"https:\/\/kibrisdakik.com\/index.php?rest_route=\/wp\/v2\/posts\/15241\/revisions"}],"wp:featuredmedia":[{"embeddable":true,"href":"https:\/\/kibrisdakik.com\/index.php?rest_route=\/wp\/v2\/media\/15242"}],"wp:attachment":[{"href":"https:\/\/kibrisdakik.com\/index.php?rest_route=%2Fwp%2Fv2%2Fmedia&parent=15241"}],"wp:term":[{"taxonomy":"category","embeddable":true,"href":"https:\/\/kibrisdakik.com\/index.php?rest_route=%2Fwp%2Fv2%2Fcategories&post=15241"},{"taxonomy":"post_tag","embeddable":true,"href":"https:\/\/kibrisdakik.com\/index.php?rest_route=%2Fwp%2Fv2%2Ftags&post=15241"}],"curies":[{"name":"wp","href":"https:\/\/api.w.org\/{rel}","templated":true}]}}