{"id":15246,"date":"2023-10-08T11:32:11","date_gmt":"2023-10-08T11:32:11","guid":{"rendered":"https:\/\/kibrisdakik.com\/index.php\/2023\/10\/08\/arikli-kooperatif-urunlerinin-posta-dairesi-uzerinden-dunyaya-satilabilecegini-soyledi\/"},"modified":"2023-10-08T11:32:11","modified_gmt":"2023-10-08T11:32:11","slug":"arikli-kooperatif-urunlerinin-posta-dairesi-uzerinden-dunyaya-satilabilecegini-soyledi","status":"publish","type":"post","link":"https:\/\/kibrisdakik.com\/?p=15246","title":{"rendered":"Ar\u0131kl\u0131 kooperatif \u00fcr\u00fcnlerinin Posta Dairesi \u00fczerinden d\u00fcnyaya sat\u0131labilece\u011fini s\u00f6yledi"},"content":{"rendered":"<p><\/p>\n<div>\n<p style=\"font-weight: 300;\"><span style=\"font-weight: 300 !important;\"><\/p>\n<div class=\"mariselle-image-container none\">\n                <img width=\"850\" height=\"607\" class=\"lazy-image\" alt=\"\" decoding=\"async\" loading=\"lazy\" sizes=\"auto, (max-width: 850px) 100vw, 850px\" src=\"https:\/\/brtk.net\/wp-content\/uploads\/2023\/10\/08\/arikli4.jpg?ver=16b44373a9f2b507c4260be669ad69fb\" srcset=\"https:\/\/brtk.net\/wp-content\/uploads\/2023\/10\/08\/arikli4.jpg?ver=16b44373a9f2b507c4260be669ad69fb 850w, https:\/\/brtk.net\/wp-content\/uploads\/2023\/10\/08\/arikli4-300x214.jpg?ver=16b44373a9f2b507c4260be669ad69fb 300w, https:\/\/brtk.net\/wp-content\/uploads\/2023\/10\/08\/arikli4-768x548.jpg?ver=16b44373a9f2b507c4260be669ad69fb 768w\"\/>                            <\/div>\n<p><\/span><\/p>\n<p style=\"font-weight: 300;\"><span style=\"font-weight: 300 !important;\">Bay\u0131nd\u0131rl\u0131k ve Ula\u015ft\u0131rma Bakan\u0131 Erhan Ar\u0131kl\u0131, kooperatifler taraf\u0131ndan \u00fcretilen \u00fcr\u00fcnlerin Posta Dairesi \u00fczerinden k\u00fcresel pazara sunulabilece\u011fini belirtti.<\/span><\/p>\n<p style=\"font-weight: 300;\"><span style=\"font-weight: 300 !important;\">Ar\u0131kl\u0131, 9 Ekim D\u00fcnya Posta G\u00fcn\u00fc nedeniyle yay\u0131mlad\u0131\u011f\u0131 mesajda, Posta Dairesi\u2019nin zor g\u00fcnlerde \u00f6nemli hizmetler verdi\u011fini, Dairenin gelecekte de k\u0131rsal kalk\u0131nmaya, \u00fclke ekonomisine \u00f6nemli katk\u0131 sa\u011flayaca\u011f\u0131n\u0131 belirtti.<\/span><\/p>\n<p style=\"font-weight: 300;\"><span style=\"font-weight: 300 !important;\">T\u00fcrkiye\u2019de Posta ve Telgraf Te\u015fkilat\u0131 Anonim \u015eirketi (PTT A.\u015e.) ile haz\u0131rlanan protokol ile k\u0131rsal kesimdeki kad\u0131nlar\u0131n olu\u015fturdu\u011fu kooperatifler taraf\u0131ndan \u00fcretilen \u00fcr\u00fcnlerin, Posta Dairesi arac\u0131l\u0131\u011f\u0131yla PTT AVM \u00fczerinden k\u00fcresel pazara a\u00e7\u0131laca\u011f\u0131n\u0131 kaydeden Ar\u0131kl\u0131, \u201cBu projenin k\u0131rsal kalk\u0131nma ve \u00fclke ekonomisine yapaca\u011f\u0131 katk\u0131y\u0131 fazlas\u0131yla \u00f6nemsiyoruz. T\u00fcm d\u00fcnyaya <a href=\"https:\/\/brtk.net\/\"\/><a href=\"https:\/\/brtk.net\/\"\/><a href=\"https:\/\/brtk.net\/\"\/><a href=\"https:\/\/brtk.net\/\">KKTC<\/a> pullu zarflar giderken, bundan b\u00f6yle <a href=\"https:\/\/brtk.net\/\"\/><a href=\"https:\/\/brtk.net\/\"\/><a href=\"https:\/\/brtk.net\/\"\/><a href=\"https:\/\/brtk.net\/\">KKTC<\/a> pullu koliler de ula\u015facak\u201d dedi.<\/span><\/p>\n<p style=\"font-weight: 300;\"><span style=\"font-weight: 300 !important;\">Posta idareleri mektubun yan\u0131 s\u0131ra kargo, elektronik ticaret, finansal hizmetler verebildi\u011fini kaydeden Ar\u0131kl\u0131, \u201cBizler de <a href=\"https:\/\/brtk.net\/\"\/><a href=\"https:\/\/brtk.net\/\"\/><a href=\"https:\/\/brtk.net\/\"\/><a href=\"https:\/\/brtk.net\/\">KKTC<\/a> Posta Dairesi\u2019nin verdi\u011fi hizmetleri \u00e7a\u011fa uygun hale getirip daha da ileri d\u00fczeye ta\u015f\u0131ma gayreti i\u00e7erisindeyiz. <a href=\"https:\/\/brtk.net\/\"\/><a href=\"https:\/\/brtk.net\/\"\/><a href=\"https:\/\/brtk.net\/\"\/><a href=\"https:\/\/brtk.net\/\">KKTC<\/a> Posta Dairesi, ge\u00e7ti\u011fimiz son birka\u00e7 y\u0131lda ya\u015fanan talihsiz olaylar kar\u015f\u0131s\u0131nda ba\u015far\u0131l\u0131 bir s\u0131nav vermi\u015ftir. Dairemizin Kovid 19 salg\u0131n\u0131 s\u0131ras\u0131nda internet \u00fczerinden yap\u0131lan al\u0131\u015fveri\u015fe sundu\u011fu hizmet ve Kahramanmara\u015f Depremi sonras\u0131nda yard\u0131mlar\u0131n ula\u015ft\u0131r\u0131lmas\u0131na koydu\u011fu katk\u0131, g\u00fcn\u00fcm\u00fczde posta hizmetinin ne kadar \u00f6nemli oldu\u011funu bir kez daha g\u00f6stermi\u015ftir\u201d dedi.<\/span><\/p>\n<p style=\"font-weight: 300;\"><span style=\"font-weight: 300 !important;\">K\u00fcresel posta idareleri ile birlikte <a href=\"https:\/\/brtk.net\/\"\/><a href=\"https:\/\/brtk.net\/\"\/><a href=\"https:\/\/brtk.net\/\"\/><a href=\"https:\/\/brtk.net\/\">KKTC<\/a> Posta Dairesi\u2019nin hizmetlerinin evrilmesinde 9 Ekim 1874 tarihinde hayata ge\u00e7irilen D\u00fcnya Posta Birli\u011fi\u2019nin [Universal Postal Union-UPU] b\u00fcy\u00fck pay\u0131 oldu\u011funu kaydeden Ar\u0131kl\u0131, \u201cPosta hizmetleri ile ilgili geli\u015fmeleri yak\u0131ndan takip ediyor, d\u00fcnya ile birlikte y\u00fcr\u00fcyoruz. Bu vesile ile Posta Dairesi \u00e7al\u0131\u015fanlar\u0131m\u0131z\u0131n 9 Ekim D\u00fcnya Posta G\u00fcn\u00fc\u2019n\u00fc kutlar, verdikleri hizmet nedeniyle te\u015fekk\u00fcr ederim\u201d dedi.<\/span><\/p>\n<\/p><\/div>\n<p><script async\n                    defer\n                    crossorigin=\"anonymous\"\n                    src=\"https:\/\/connect.facebook.net\/tr_TR\/sdk.js#xfbml=1&#038;version=v3.3\"\n            ><\/script><\/p>\n","protected":false},"excerpt":{"rendered":"<p>Bay\u0131nd\u0131rl\u0131k ve Ula\u015ft\u0131rma Bakan\u0131 Erhan Ar\u0131kl\u0131, kooperatifler taraf\u0131ndan \u00fcretilen \u00fcr\u00fcnlerin Posta Dairesi \u00fczerinden k\u00fcresel pazara sunulabilece\u011fini belirtti. Ar\u0131kl\u0131, 9 Ekim D\u00fcnya Posta G\u00fcn\u00fc nedeniyle yay\u0131mlad\u0131\u011f\u0131 mesajda, Posta Dairesi\u2019nin zor g\u00fcnlerde \u00f6nemli hizmetler verdi\u011fini, Dairenin gelecekte de k\u0131rsal kalk\u0131nmaya, \u00fclke ekonomisine \u00f6nemli katk\u0131 sa\u011flayaca\u011f\u0131n\u0131 belirtti. T\u00fcrkiye\u2019de Posta ve Telgraf Te\u015fkilat\u0131 Anonim \u015eirketi (PTT A.\u015e.) ile haz\u0131rlanan<\/p>\n","protected":false},"author":1,"featured_media":15247,"comment_status":"open","ping_status":"open","sticky":false,"template":"","format":"standard","meta":{"footnotes":""},"categories":[1],"tags":[],"class_list":["post-15246","post","type-post","status-publish","format-standard","has-post-thumbnail","hentry","category-gundem"],"yoast_head":"<!-- This site is optimized with the Yoast SEO plugin v27.5 - https:\/\/yoast.com\/product\/yoast-seo-wordpress\/ -->\n<title>Ar\u0131kl\u0131 kooperatif \u00fcr\u00fcnlerinin Posta Dairesi \u00fczerinden d\u00fcnyaya sat\u0131labilece\u011fini s\u00f6yledi -<\/title>\n<meta name=\"robots\" content=\"index, follow, max-snippet:-1, max-image-preview:large, max-video-preview:-1\" \/>\n<link rel=\"canonical\" href=\"https:\/\/kibrisdakik.com\/?p=15246\" \/>\n<meta property=\"og:locale\" content=\"tr_TR\" \/>\n<meta property=\"og:type\" content=\"article\" \/>\n<meta property=\"og:title\" content=\"Ar\u0131kl\u0131 kooperatif \u00fcr\u00fcnlerinin Posta Dairesi \u00fczerinden d\u00fcnyaya sat\u0131labilece\u011fini s\u00f6yledi -\" \/>\n<meta property=\"og:description\" content=\"Bay\u0131nd\u0131rl\u0131k ve Ula\u015ft\u0131rma Bakan\u0131 Erhan Ar\u0131kl\u0131, kooperatifler taraf\u0131ndan \u00fcretilen \u00fcr\u00fcnlerin Posta Dairesi \u00fczerinden k\u00fcresel pazara sunulabilece\u011fini belirtti. Ar\u0131kl\u0131, 9 Ekim D\u00fcnya Posta G\u00fcn\u00fc nedeniyle yay\u0131mlad\u0131\u011f\u0131 mesajda, Posta Dairesi\u2019nin zor g\u00fcnlerde \u00f6nemli hizmetler verdi\u011fini, Dairenin gelecekte de k\u0131rsal kalk\u0131nmaya, \u00fclke ekonomisine \u00f6nemli katk\u0131 sa\u011flayaca\u011f\u0131n\u0131 belirtti. T\u00fcrkiye\u2019de Posta ve Telgraf Te\u015fkilat\u0131 Anonim \u015eirketi (PTT A.\u015e.) ile haz\u0131rlanan\" \/>\n<meta property=\"og:url\" content=\"https:\/\/kibrisdakik.com\/?p=15246\" \/>\n<meta property=\"article:published_time\" content=\"2023-10-08T11:32:11+00:00\" \/>\n<meta property=\"og:image\" content=\"https:\/\/kibrisdakik.com\/wp-content\/uploads\/2023\/10\/arikli4-740x420.jpg\" \/>\n\t<meta property=\"og:image:width\" content=\"850\" \/>\n\t<meta property=\"og:image:height\" content=\"607\" \/>\n\t<meta property=\"og:image:type\" content=\"image\/jpeg\" \/>\n<meta name=\"author\" content=\"admin\" \/>\n<meta name=\"twitter:card\" content=\"summary_large_image\" \/>\n<meta name=\"twitter:label1\" content=\"Yazan:\" \/>\n\t<meta name=\"twitter:data1\" content=\"admin\" \/>\n\t<meta name=\"twitter:label2\" content=\"Tahmini okuma s\u00fcresi\" \/>\n\t<meta name=\"twitter:data2\" content=\"2 dakika\" \/>\n<script type=\"application\/ld+json\" class=\"yoast-schema-graph\">{\"@context\":\"https:\\\/\\\/schema.org\",\"@graph\":[{\"@type\":\"Article\",\"@id\":\"https:\\\/\\\/kibrisdakik.com\\\/?p=15246#article\",\"isPartOf\":{\"@id\":\"https:\\\/\\\/kibrisdakik.com\\\/?p=15246\"},\"author\":{\"name\":\"admin\",\"@id\":\"https:\\\/\\\/kibrisdakik.com\\\/#\\\/schema\\\/person\\\/9cd9d437bbb44f72b73ba127e06d8e79\"},\"headline\":\"Ar\u0131kl\u0131 kooperatif \u00fcr\u00fcnlerinin Posta Dairesi \u00fczerinden d\u00fcnyaya sat\u0131labilece\u011fini s\u00f6yledi\",\"datePublished\":\"2023-10-08T11:32:11+00:00\",\"mainEntityOfPage\":{\"@id\":\"https:\\\/\\\/kibrisdakik.com\\\/?p=15246\"},\"wordCount\":355,\"commentCount\":0,\"image\":{\"@id\":\"https:\\\/\\\/kibrisdakik.com\\\/?p=15246#primaryimage\"},\"thumbnailUrl\":\"https:\\\/\\\/kibrisdakik.com\\\/wp-content\\\/uploads\\\/2023\\\/10\\\/arikli4-740x420.jpg\",\"articleSection\":[\"G\u00fcndem\"],\"inLanguage\":\"tr\",\"potentialAction\":[{\"@type\":\"CommentAction\",\"name\":\"Comment\",\"target\":[\"https:\\\/\\\/kibrisdakik.com\\\/?p=15246#respond\"]}]},{\"@type\":\"WebPage\",\"@id\":\"https:\\\/\\\/kibrisdakik.com\\\/?p=15246\",\"url\":\"https:\\\/\\\/kibrisdakik.com\\\/?p=15246\",\"name\":\"Ar\u0131kl\u0131 kooperatif \u00fcr\u00fcnlerinin Posta Dairesi \u00fczerinden d\u00fcnyaya sat\u0131labilece\u011fini s\u00f6yledi -\",\"isPartOf\":{\"@id\":\"https:\\\/\\\/kibrisdakik.com\\\/#website\"},\"primaryImageOfPage\":{\"@id\":\"https:\\\/\\\/kibrisdakik.com\\\/?p=15246#primaryimage\"},\"image\":{\"@id\":\"https:\\\/\\\/kibrisdakik.com\\\/?p=15246#primaryimage\"},\"thumbnailUrl\":\"https:\\\/\\\/kibrisdakik.com\\\/wp-content\\\/uploads\\\/2023\\\/10\\\/arikli4-740x420.jpg\",\"datePublished\":\"2023-10-08T11:32:11+00:00\",\"author\":{\"@id\":\"https:\\\/\\\/kibrisdakik.com\\\/#\\\/schema\\\/person\\\/9cd9d437bbb44f72b73ba127e06d8e79\"},\"breadcrumb\":{\"@id\":\"https:\\\/\\\/kibrisdakik.com\\\/?p=15246#breadcrumb\"},\"inLanguage\":\"tr\",\"potentialAction\":[{\"@type\":\"ReadAction\",\"target\":[\"https:\\\/\\\/kibrisdakik.com\\\/?p=15246\"]}]},{\"@type\":\"ImageObject\",\"inLanguage\":\"tr\",\"@id\":\"https:\\\/\\\/kibrisdakik.com\\\/?p=15246#primaryimage\",\"url\":\"https:\\\/\\\/kibrisdakik.com\\\/wp-content\\\/uploads\\\/2023\\\/10\\\/arikli4-740x420.jpg\",\"contentUrl\":\"https:\\\/\\\/kibrisdakik.com\\\/wp-content\\\/uploads\\\/2023\\\/10\\\/arikli4-740x420.jpg\",\"width\":850,\"height\":607},{\"@type\":\"BreadcrumbList\",\"@id\":\"https:\\\/\\\/kibrisdakik.com\\\/?p=15246#breadcrumb\",\"itemListElement\":[{\"@type\":\"ListItem\",\"position\":1,\"name\":\"Home\",\"item\":\"https:\\\/\\\/kibrisdakik.com\\\/\"},{\"@type\":\"ListItem\",\"position\":2,\"name\":\"Ar\u0131kl\u0131 kooperatif \u00fcr\u00fcnlerinin Posta Dairesi \u00fczerinden d\u00fcnyaya sat\u0131labilece\u011fini s\u00f6yledi\"}]},{\"@type\":\"WebSite\",\"@id\":\"https:\\\/\\\/kibrisdakik.com\\\/#website\",\"url\":\"https:\\\/\\\/kibrisdakik.com\\\/\",\"name\":\"\",\"description\":\"Tam vaktinde haber\",\"potentialAction\":[{\"@type\":\"SearchAction\",\"target\":{\"@type\":\"EntryPoint\",\"urlTemplate\":\"https:\\\/\\\/kibrisdakik.com\\\/?s={search_term_string}\"},\"query-input\":{\"@type\":\"PropertyValueSpecification\",\"valueRequired\":true,\"valueName\":\"search_term_string\"}}],\"inLanguage\":\"tr\"},{\"@type\":\"Person\",\"@id\":\"https:\\\/\\\/kibrisdakik.com\\\/#\\\/schema\\\/person\\\/9cd9d437bbb44f72b73ba127e06d8e79\",\"name\":\"admin\",\"image\":{\"@type\":\"ImageObject\",\"inLanguage\":\"tr\",\"@id\":\"https:\\\/\\\/secure.gravatar.com\\\/avatar\\\/ccc17943b9d660506c869530f897617f7cb1c21a4bf30023f252596d83e1f007?s=96&d=mm&r=g\",\"url\":\"https:\\\/\\\/secure.gravatar.com\\\/avatar\\\/ccc17943b9d660506c869530f897617f7cb1c21a4bf30023f252596d83e1f007?s=96&d=mm&r=g\",\"contentUrl\":\"https:\\\/\\\/secure.gravatar.com\\\/avatar\\\/ccc17943b9d660506c869530f897617f7cb1c21a4bf30023f252596d83e1f007?s=96&d=mm&r=g\",\"caption\":\"admin\"},\"sameAs\":[\"https:\\\/\\\/kibrisdakik.com\"],\"url\":\"https:\\\/\\\/kibrisdakik.com\\\/?author=1\"}]}<\/script>\n<!-- \/ Yoast SEO plugin. -->","yoast_head_json":{"title":"Ar\u0131kl\u0131 kooperatif \u00fcr\u00fcnlerinin Posta Dairesi \u00fczerinden d\u00fcnyaya sat\u0131labilece\u011fini s\u00f6yledi -","robots":{"index":"index","follow":"follow","max-snippet":"max-snippet:-1","max-image-preview":"max-image-preview:large","max-video-preview":"max-video-preview:-1"},"canonical":"https:\/\/kibrisdakik.com\/?p=15246","og_locale":"tr_TR","og_type":"article","og_title":"Ar\u0131kl\u0131 kooperatif \u00fcr\u00fcnlerinin Posta Dairesi \u00fczerinden d\u00fcnyaya sat\u0131labilece\u011fini s\u00f6yledi -","og_description":"Bay\u0131nd\u0131rl\u0131k ve Ula\u015ft\u0131rma Bakan\u0131 Erhan Ar\u0131kl\u0131, kooperatifler taraf\u0131ndan \u00fcretilen \u00fcr\u00fcnlerin Posta Dairesi \u00fczerinden k\u00fcresel pazara sunulabilece\u011fini belirtti. Ar\u0131kl\u0131, 9 Ekim D\u00fcnya Posta G\u00fcn\u00fc nedeniyle yay\u0131mlad\u0131\u011f\u0131 mesajda, Posta Dairesi\u2019nin zor g\u00fcnlerde \u00f6nemli hizmetler verdi\u011fini, Dairenin gelecekte de k\u0131rsal kalk\u0131nmaya, \u00fclke ekonomisine \u00f6nemli katk\u0131 sa\u011flayaca\u011f\u0131n\u0131 belirtti. T\u00fcrkiye\u2019de Posta ve Telgraf Te\u015fkilat\u0131 Anonim \u015eirketi (PTT A.\u015e.) ile haz\u0131rlanan","og_url":"https:\/\/kibrisdakik.com\/?p=15246","article_published_time":"2023-10-08T11:32:11+00:00","og_image":[{"width":850,"height":607,"url":"https:\/\/kibrisdakik.com\/wp-content\/uploads\/2023\/10\/arikli4-740x420.jpg","type":"image\/jpeg"}],"author":"admin","twitter_card":"summary_large_image","twitter_misc":{"Yazan:":"admin","Tahmini okuma s\u00fcresi":"2 dakika"},"schema":{"@context":"https:\/\/schema.org","@graph":[{"@type":"Article","@id":"https:\/\/kibrisdakik.com\/?p=15246#article","isPartOf":{"@id":"https:\/\/kibrisdakik.com\/?p=15246"},"author":{"name":"admin","@id":"https:\/\/kibrisdakik.com\/#\/schema\/person\/9cd9d437bbb44f72b73ba127e06d8e79"},"headline":"Ar\u0131kl\u0131 kooperatif \u00fcr\u00fcnlerinin Posta Dairesi \u00fczerinden d\u00fcnyaya sat\u0131labilece\u011fini s\u00f6yledi","datePublished":"2023-10-08T11:32:11+00:00","mainEntityOfPage":{"@id":"https:\/\/kibrisdakik.com\/?p=15246"},"wordCount":355,"commentCount":0,"image":{"@id":"https:\/\/kibrisdakik.com\/?p=15246#primaryimage"},"thumbnailUrl":"https:\/\/kibrisdakik.com\/wp-content\/uploads\/2023\/10\/arikli4-740x420.jpg","articleSection":["G\u00fcndem"],"inLanguage":"tr","potentialAction":[{"@type":"CommentAction","name":"Comment","target":["https:\/\/kibrisdakik.com\/?p=15246#respond"]}]},{"@type":"WebPage","@id":"https:\/\/kibrisdakik.com\/?p=15246","url":"https:\/\/kibrisdakik.com\/?p=15246","name":"Ar\u0131kl\u0131 kooperatif \u00fcr\u00fcnlerinin Posta Dairesi \u00fczerinden d\u00fcnyaya sat\u0131labilece\u011fini s\u00f6yledi -","isPartOf":{"@id":"https:\/\/kibrisdakik.com\/#website"},"primaryImageOfPage":{"@id":"https:\/\/kibrisdakik.com\/?p=15246#primaryimage"},"image":{"@id":"https:\/\/kibrisdakik.com\/?p=15246#primaryimage"},"thumbnailUrl":"https:\/\/kibrisdakik.com\/wp-content\/uploads\/2023\/10\/arikli4-740x420.jpg","datePublished":"2023-10-08T11:32:11+00:00","author":{"@id":"https:\/\/kibrisdakik.com\/#\/schema\/person\/9cd9d437bbb44f72b73ba127e06d8e79"},"breadcrumb":{"@id":"https:\/\/kibrisdakik.com\/?p=15246#breadcrumb"},"inLanguage":"tr","potentialAction":[{"@type":"ReadAction","target":["https:\/\/kibrisdakik.com\/?p=15246"]}]},{"@type":"ImageObject","inLanguage":"tr","@id":"https:\/\/kibrisdakik.com\/?p=15246#primaryimage","url":"https:\/\/kibrisdakik.com\/wp-content\/uploads\/2023\/10\/arikli4-740x420.jpg","contentUrl":"https:\/\/kibrisdakik.com\/wp-content\/uploads\/2023\/10\/arikli4-740x420.jpg","width":850,"height":607},{"@type":"BreadcrumbList","@id":"https:\/\/kibrisdakik.com\/?p=15246#breadcrumb","itemListElement":[{"@type":"ListItem","position":1,"name":"Home","item":"https:\/\/kibrisdakik.com\/"},{"@type":"ListItem","position":2,"name":"Ar\u0131kl\u0131 kooperatif \u00fcr\u00fcnlerinin Posta Dairesi \u00fczerinden d\u00fcnyaya sat\u0131labilece\u011fini s\u00f6yledi"}]},{"@type":"WebSite","@id":"https:\/\/kibrisdakik.com\/#website","url":"https:\/\/kibrisdakik.com\/","name":"","description":"Tam vaktinde haber","potentialAction":[{"@type":"SearchAction","target":{"@type":"EntryPoint","urlTemplate":"https:\/\/kibrisdakik.com\/?s={search_term_string}"},"query-input":{"@type":"PropertyValueSpecification","valueRequired":true,"valueName":"search_term_string"}}],"inLanguage":"tr"},{"@type":"Person","@id":"https:\/\/kibrisdakik.com\/#\/schema\/person\/9cd9d437bbb44f72b73ba127e06d8e79","name":"admin","image":{"@type":"ImageObject","inLanguage":"tr","@id":"https:\/\/secure.gravatar.com\/avatar\/ccc17943b9d660506c869530f897617f7cb1c21a4bf30023f252596d83e1f007?s=96&d=mm&r=g","url":"https:\/\/secure.gravatar.com\/avatar\/ccc17943b9d660506c869530f897617f7cb1c21a4bf30023f252596d83e1f007?s=96&d=mm&r=g","contentUrl":"https:\/\/secure.gravatar.com\/avatar\/ccc17943b9d660506c869530f897617f7cb1c21a4bf30023f252596d83e1f007?s=96&d=mm&r=g","caption":"admin"},"sameAs":["https:\/\/kibrisdakik.com"],"url":"https:\/\/kibrisdakik.com\/?author=1"}]}},"_links":{"self":[{"href":"https:\/\/kibrisdakik.com\/index.php?rest_route=\/wp\/v2\/posts\/15246","targetHints":{"allow":["GET"]}}],"collection":[{"href":"https:\/\/kibrisdakik.com\/index.php?rest_route=\/wp\/v2\/posts"}],"about":[{"href":"https:\/\/kibrisdakik.com\/index.php?rest_route=\/wp\/v2\/types\/post"}],"author":[{"embeddable":true,"href":"https:\/\/kibrisdakik.com\/index.php?rest_route=\/wp\/v2\/users\/1"}],"replies":[{"embeddable":true,"href":"https:\/\/kibrisdakik.com\/index.php?rest_route=%2Fwp%2Fv2%2Fcomments&post=15246"}],"version-history":[{"count":0,"href":"https:\/\/kibrisdakik.com\/index.php?rest_route=\/wp\/v2\/posts\/15246\/revisions"}],"wp:featuredmedia":[{"embeddable":true,"href":"https:\/\/kibrisdakik.com\/index.php?rest_route=\/wp\/v2\/media\/15247"}],"wp:attachment":[{"href":"https:\/\/kibrisdakik.com\/index.php?rest_route=%2Fwp%2Fv2%2Fmedia&parent=15246"}],"wp:term":[{"taxonomy":"category","embeddable":true,"href":"https:\/\/kibrisdakik.com\/index.php?rest_route=%2Fwp%2Fv2%2Fcategories&post=15246"},{"taxonomy":"post_tag","embeddable":true,"href":"https:\/\/kibrisdakik.com\/index.php?rest_route=%2Fwp%2Fv2%2Ftags&post=15246"}],"curies":[{"name":"wp","href":"https:\/\/api.w.org\/{rel}","templated":true}]}}