{"id":15264,"date":"2023-10-08T15:35:47","date_gmt":"2023-10-08T15:35:47","guid":{"rendered":"https:\/\/kibrisdakik.com\/index.php\/2023\/10\/08\/buyukkonukta-eko-gun\/"},"modified":"2023-10-08T15:35:47","modified_gmt":"2023-10-08T15:35:47","slug":"buyukkonukta-eko-gun","status":"publish","type":"post","link":"https:\/\/kibrisdakik.com\/?p=15264","title":{"rendered":"B\u00fcy\u00fckkonuk\u2019ta Eko G\u00fcn"},"content":{"rendered":"<p><\/p>\n<div>\n<p style=\"font-weight: 300;\"><span style=\"font-weight: 300 !important;\"><\/p>\n<div class=\"mariselle-image-container none\">\n                <img width=\"2560\" height=\"1707\" class=\"lazy-image\" alt=\"\" decoding=\"async\" loading=\"lazy\" sizes=\"auto, (max-width: 2560px) 100vw, 2560px\" src=\"https:\/\/brtk.net\/wp-content\/uploads\/2023\/10\/08\/bb-buyukkonuk-eko-5--scaled.jpg?ver=3dce61a91b247642c6900a1d1a965d9f\" srcset=\"https:\/\/brtk.net\/wp-content\/uploads\/2023\/10\/08\/bb-buyukkonuk-eko-5--scaled.jpg?ver=3dce61a91b247642c6900a1d1a965d9f 2560w, https:\/\/brtk.net\/wp-content\/uploads\/2023\/10\/08\/bb-buyukkonuk-eko-5--300x200.jpg?ver=3dce61a91b247642c6900a1d1a965d9f 300w, https:\/\/brtk.net\/wp-content\/uploads\/2023\/10\/08\/bb-buyukkonuk-eko-5--1024x683.jpg?ver=91ea5b5d6fa235c89078561c502dc38e 1024w, https:\/\/brtk.net\/wp-content\/uploads\/2023\/10\/08\/bb-buyukkonuk-eko-5--768x512.jpg?ver=b3d5ee45ed7022961cf281da36e52be0 768w, https:\/\/brtk.net\/wp-content\/uploads\/2023\/10\/08\/bb-buyukkonuk-eko-5--1536x1024.jpg?ver=474f95b8e591783f110a51c636206225 1536w, https:\/\/brtk.net\/wp-content\/uploads\/2023\/10\/08\/bb-buyukkonuk-eko-5--2048x1365.jpg?ver=8cc08a176b72d7a7b60b85c367154092 2048w\"\/>                            <\/div>\n<p><\/span><\/p>\n<p style=\"font-weight: 300;\"><span style=\"font-weight: 300 !important;\">B\u00fcy\u00fckkonuk Eko G\u00fcn etkinli\u011finin 23\u2019\u00fcnc\u00fcs\u00fc B\u00fcy\u00fckonuk k\u00f6y meydan\u0131nda yap\u0131ld\u0131.<\/span><\/p>\n<p style=\"font-weight: 300;\"><span style=\"font-weight: 300 !important;\">Etkinlikte konu\u015fan Mehmet\u00e7ik B\u00fcy\u00fckkonuk Belediye Ba\u015fkan\u0131 Fatma \u00c7imen Tu\u011flu ve B\u00fcy\u00fckkonuk Muhtar\u0131 Mustafa Do\u011fan, \u00fclke k\u00fclt\u00fcr\u00fcn\u00fc ya\u015fatarak gelecek nesillere aktarman\u0131n en b\u00fcy\u00fck ama\u00e7lar\u0131 oldu\u011funu dile getirdiler.<\/span><\/p>\n<p style=\"font-weight: 300;\"><span style=\"font-weight: 300 !important;\">Anamuhalefet partisi ad\u0131na konu\u015fan <a href=\"https:\/\/brtk.net\/\">CTP<\/a> Milletvekili, Cumhuriyet Meclisi Ba\u015fkan Yard\u0131mc\u0131s\u0131 Fazilet \u00d6zdenefe de, kad\u0131nlar\u0131n her alanda \u00fcretmesinin \u00f6nemine i\u015faret etti.<\/span><\/p>\n<p style=\"font-weight: 300;\"><b><strong><span style=\"font-weight: 300 !important;\">Harnup fiyat\u0131n\u0131n hala daha belirlenememesinin s\u0131k\u0131nt\u0131lara neden <\/span><\/strong><\/b><b><strong><span style=\"font-weight: 300 !important;\">oldu\u011funu belirten \u00d6zdenefe, \u00fcreticilerin desteklenmesinin herkes i\u00e7in \u00e7ok k\u0131ymetli oldu\u011funu kaydetti.<\/span><\/strong><\/b><\/p>\n<p>\u00a0<\/p>\n<div class=\"mariselle-image-container center\">\n                <img width=\"1600\" height=\"900\" class=\"lazy-image\" alt=\"\" decoding=\"async\" loading=\"lazy\" sizes=\"auto, (max-width: 1600px) 100vw, 1600px\" src=\"https:\/\/brtk.net\/wp-content\/uploads\/2023\/10\/08\/f3e4e5b1-4b15-4441-a1f1-ac7ef846555f.jpg?ver=f0ff5b975a54e23c2dee769f0a610d8c\" srcset=\"https:\/\/brtk.net\/wp-content\/uploads\/2023\/10\/08\/f3e4e5b1-4b15-4441-a1f1-ac7ef846555f.jpg?ver=f0ff5b975a54e23c2dee769f0a610d8c 1600w, https:\/\/brtk.net\/wp-content\/uploads\/2023\/10\/08\/f3e4e5b1-4b15-4441-a1f1-ac7ef846555f-300x169.jpg?ver=8e2905fbae6f5cc238fad9efb933e27f 300w, https:\/\/brtk.net\/wp-content\/uploads\/2023\/10\/08\/f3e4e5b1-4b15-4441-a1f1-ac7ef846555f-1024x576.jpg?ver=8e2905fbae6f5cc238fad9efb933e27f 1024w, https:\/\/brtk.net\/wp-content\/uploads\/2023\/10\/08\/f3e4e5b1-4b15-4441-a1f1-ac7ef846555f-768x432.jpg?ver=8e2905fbae6f5cc238fad9efb933e27f 768w, https:\/\/brtk.net\/wp-content\/uploads\/2023\/10\/08\/f3e4e5b1-4b15-4441-a1f1-ac7ef846555f-1536x864.jpg?ver=d32d86830dfda779c1b090f4eb1994cb 1536w\"\/>                            <\/div>\n<p style=\"font-weight: 300;\"><span style=\"font-weight: 300 !important;\">Ba\u015fbakan \u00dcnal \u00dcstel de, B\u00fcy\u00fckkonuk Eko G\u00fcn etkinli\u011fiyle hem \u00fclke k\u00fclt\u00fcr\u00fcn\u00fcn ya\u015fat\u0131ld\u0131\u011f\u0131na, hem de b\u00f6lge kad\u0131nlar\u0131n\u0131n ev ekonomisine katk\u0131 sa\u011fland\u0131\u011f\u0131na i\u015faret etti.<\/span><\/p>\n<p style=\"font-weight: 300;\"><b><strong><span style=\"font-weight: 300 !important;\">Zeytin ve harnup ba\u015fta olmak \u00fczere \u00fclkede \u00fcretimi destekleyen ve harnup \u00fcr\u00fcn\u00fcn\u00fcn de\u011fer g\u00f6rmesini sa\u011flayan partinin kendi partileri oldu\u011funu dile getiren \u00dcstel, \u00fcreticilerin endi\u015fe etmesine gerek olmad\u0131\u011f\u0131n\u0131; kimsenin \u00fcr\u00fcn\u00fcn\u00fcn a\u011fa\u00e7ta kalmayaca\u011f\u0131n\u0131, gereken deste\u011fin sa\u011flanaca\u011f\u0131n\u0131 vurgulad\u0131.<\/span><\/strong><\/b><\/p>\n<p style=\"font-weight: 300;\"><span style=\"font-weight: 300 !important;\">\u201c\u00dclkede harnup para ettiyse, Ulusal Birlik Partisi sayesinde etmi\u015ftir\u201d diyen<\/span><\/p>\n<p style=\"font-weight: 300;\"><span style=\"font-weight: 300 !important;\">Ba\u015fbakan \u00dcstel, fidan da\u011f\u0131tarak harnup \u00fcretimini desteklediklerini s\u00f6yledi.<\/span><\/p>\n<p style=\"font-weight: 300;\"><b><strong><span style=\"font-weight: 300 !important;\">\u00dcstel, B\u00fcy\u00fckkonuk\u2019da sosyal konut projesinin hayata ge\u00e7ireceklerini de \u00a0kaydederek, yap\u0131lacak projenin b\u00f6lgenin k\u00fclt\u00fcrel ve tarihi yap\u0131s\u0131na uygun bir \u015fekilde ger\u00e7ekle\u015ftirilece\u011fini s\u00f6zlerine ekledi.<\/span><\/strong><\/b><\/p>\n<p>\u00a0<\/p>\n<p style=\"font-weight: 300;\"><span style=\"font-weight: 300 !important;\">Cumhuriyet Meclisi Ba\u015fkan\u0131 Zorlu T\u00f6re de, b\u00f6lge halk\u0131n\u0131n; K\u0131br\u0131s T\u00fcrk halk\u0131n\u0131n t\u00fcm\u00fc gibi \u00fcretken \u00fcreten ve topra\u011f\u0131 seven bir halk oldu\u011funa dikkati \u00e7ekti.<\/span><\/p>\n<p style=\"font-weight: 300;\"><b><strong><span style=\"font-weight: 300 !important;\">\u00dcretimi desteklemenin \u00f6nemine vurgu yapan T\u00f6re, h\u00fck\u00fcmetin de \u00fclke <\/span><\/strong><\/b><b><strong><span style=\"font-weight: 300 !important;\">\u00fcretimine fevkalade \u00f6nem verdi\u011fini kaydetti.<\/span><\/strong><\/b><\/p>\n<p style=\"font-weight: 300;\"><span style=\"font-weight: 300 !important;\">Cumhurba\u015fkan\u0131 <a href=\"https:\/\/brtk.net\/\" target=\"_blank\" rel=\"noopener\">Ersin <\/a><a href=\"https:\/\/brtk.net\/\"\/><a href=\"https:\/\/brtk.net\/\">Tatar<\/a> da, \u00fclkelerin k\u00fclt\u00fcrleri ile var oldu\u011funu belirterek, b\u00f6ylesi etkinliklerle \u00fclke k\u00fclt\u00fcr\u00fcn\u00fcn ya\u015fat\u0131ld\u0131\u011f\u0131n\u0131 s\u00f6yledi.<\/span><\/p>\n<p style=\"font-weight: 300;\"><b><strong><span style=\"font-weight: 300 !important;\"><a href=\"https:\/\/brtk.net\/\"\/><a href=\"https:\/\/brtk.net\/\">Tatar<\/a>, Anavatan T\u00fcrkiye\u2019nin deste\u011fi ile \u00fclke turizm ve altyap\u0131s\u0131na b\u00fcy\u00fck katk\u0131 sa\u011fland\u0131\u011f\u0131n\u0131 aktararak, \u00fclkenin geli\u015fmesiyle birlikte \u00fcretiminin de geli\u015fece\u011fini vurgulad\u0131.<\/span><\/strong><\/b><\/p>\n<p style=\"font-weight: 300;\"><b><strong><span style=\"font-weight: 300 !important;\">\u201cGelecek g\u00f6remezseniz yat\u0131r\u0131m yapamazs\u0131n\u0131z\u201d diyen Cumhurba\u015fkan\u0131 <\/span><\/strong><\/b><b><strong><span style=\"font-weight: 300 !important;\"><a href=\"https:\/\/brtk.net\/\"\/><a href=\"https:\/\/brtk.net\/\">Tatar<\/a>, \u00fclkenin gelece\u011fine sonsuz g\u00fcvendiklerini kaydetti.<\/span><\/strong><\/b><\/p>\n<p style=\"font-weight: 300;\"><span style=\"font-weight: 300 !important;\">\u00a0<\/span><span style=\"font-weight: 300 !important;\">Eko G\u00fcn\u2019de K\u0131br\u0131s\u2019a \u00f6zg\u00fc yiyeceklerin ve el sanatlar\u0131n\u0131n sat\u0131\u015f\u0131 yap\u0131ld\u0131, m\u00fczik dinletisi, halk danslar\u0131 g\u00f6sterileri ve konserler ger\u00e7ekle\u015ftirildi, yemeni, sepet, s\u00fcp\u00fcrge, sandalye, hellim, paner, pal\u00fcze, pekmez, elek kalbur, herse, arahti ve kil yap\u0131m\u0131, kabak s\u00fcsleme ve \u00e7ocuk aktiviteleri de yer ald\u0131.<\/span><\/p>\n<p>\u00a0<\/p>\n<\/p><\/div>\n<p><script async\n                    defer\n                    crossorigin=\"anonymous\"\n                    src=\"https:\/\/connect.facebook.net\/tr_TR\/sdk.js#xfbml=1&#038;version=v3.3\"\n            ><\/script><\/p>\n","protected":false},"excerpt":{"rendered":"<p>B\u00fcy\u00fckkonuk Eko G\u00fcn etkinli\u011finin 23\u2019\u00fcnc\u00fcs\u00fc B\u00fcy\u00fckonuk k\u00f6y meydan\u0131nda yap\u0131ld\u0131. Etkinlikte konu\u015fan Mehmet\u00e7ik B\u00fcy\u00fckkonuk Belediye Ba\u015fkan\u0131 Fatma \u00c7imen Tu\u011flu ve B\u00fcy\u00fckkonuk Muhtar\u0131 Mustafa Do\u011fan, \u00fclke k\u00fclt\u00fcr\u00fcn\u00fc ya\u015fatarak gelecek nesillere aktarman\u0131n en b\u00fcy\u00fck ama\u00e7lar\u0131 oldu\u011funu dile getirdiler. Anamuhalefet partisi ad\u0131na konu\u015fan CTP Milletvekili, Cumhuriyet Meclisi Ba\u015fkan Yard\u0131mc\u0131s\u0131 Fazilet \u00d6zdenefe de, kad\u0131nlar\u0131n her alanda \u00fcretmesinin \u00f6nemine i\u015faret etti.<\/p>\n","protected":false},"author":1,"featured_media":15265,"comment_status":"open","ping_status":"open","sticky":false,"template":"","format":"standard","meta":{"footnotes":""},"categories":[1],"tags":[],"class_list":["post-15264","post","type-post","status-publish","format-standard","has-post-thumbnail","hentry","category-gundem"],"yoast_head":"<!-- This site is optimized with the Yoast SEO plugin v27.4 - https:\/\/yoast.com\/product\/yoast-seo-wordpress\/ -->\n<title>B\u00fcy\u00fckkonuk\u2019ta Eko G\u00fcn -<\/title>\n<meta name=\"robots\" content=\"index, follow, max-snippet:-1, max-image-preview:large, max-video-preview:-1\" \/>\n<link rel=\"canonical\" href=\"https:\/\/kibrisdakik.com\/?p=15264\" \/>\n<meta property=\"og:locale\" content=\"tr_TR\" \/>\n<meta property=\"og:type\" content=\"article\" \/>\n<meta property=\"og:title\" content=\"B\u00fcy\u00fckkonuk\u2019ta Eko G\u00fcn -\" \/>\n<meta property=\"og:description\" content=\"B\u00fcy\u00fckkonuk Eko G\u00fcn etkinli\u011finin 23\u2019\u00fcnc\u00fcs\u00fc B\u00fcy\u00fckonuk k\u00f6y meydan\u0131nda yap\u0131ld\u0131. Etkinlikte konu\u015fan Mehmet\u00e7ik B\u00fcy\u00fckkonuk Belediye Ba\u015fkan\u0131 Fatma \u00c7imen Tu\u011flu ve B\u00fcy\u00fckkonuk Muhtar\u0131 Mustafa Do\u011fan, \u00fclke k\u00fclt\u00fcr\u00fcn\u00fc ya\u015fatarak gelecek nesillere aktarman\u0131n en b\u00fcy\u00fck ama\u00e7lar\u0131 oldu\u011funu dile getirdiler. Anamuhalefet partisi ad\u0131na konu\u015fan CTP Milletvekili, Cumhuriyet Meclisi Ba\u015fkan Yard\u0131mc\u0131s\u0131 Fazilet \u00d6zdenefe de, kad\u0131nlar\u0131n her alanda \u00fcretmesinin \u00f6nemine i\u015faret etti.\" \/>\n<meta property=\"og:url\" content=\"https:\/\/kibrisdakik.com\/?p=15264\" \/>\n<meta property=\"article:published_time\" content=\"2023-10-08T15:35:47+00:00\" \/>\n<meta property=\"og:image\" content=\"https:\/\/kibrisdakik.com\/wp-content\/uploads\/2023\/10\/bb-buyukkonuk-eko-5-scaled-740x420.jpg\" \/>\n\t<meta property=\"og:image:width\" content=\"2560\" \/>\n\t<meta property=\"og:image:height\" content=\"1707\" \/>\n\t<meta property=\"og:image:type\" content=\"image\/jpeg\" \/>\n<meta name=\"author\" content=\"admin\" \/>\n<meta name=\"twitter:card\" content=\"summary_large_image\" \/>\n<meta name=\"twitter:label1\" content=\"Yazan:\" \/>\n\t<meta name=\"twitter:data1\" content=\"admin\" \/>\n\t<meta name=\"twitter:label2\" content=\"Tahmini okuma s\u00fcresi\" \/>\n\t<meta name=\"twitter:data2\" content=\"2 dakika\" \/>\n<script type=\"application\/ld+json\" class=\"yoast-schema-graph\">{\"@context\":\"https:\\\/\\\/schema.org\",\"@graph\":[{\"@type\":\"Article\",\"@id\":\"https:\\\/\\\/kibrisdakik.com\\\/?p=15264#article\",\"isPartOf\":{\"@id\":\"https:\\\/\\\/kibrisdakik.com\\\/?p=15264\"},\"author\":{\"name\":\"admin\",\"@id\":\"https:\\\/\\\/kibrisdakik.com\\\/#\\\/schema\\\/person\\\/9cd9d437bbb44f72b73ba127e06d8e79\"},\"headline\":\"B\u00fcy\u00fckkonuk\u2019ta Eko G\u00fcn\",\"datePublished\":\"2023-10-08T15:35:47+00:00\",\"mainEntityOfPage\":{\"@id\":\"https:\\\/\\\/kibrisdakik.com\\\/?p=15264\"},\"wordCount\":470,\"commentCount\":0,\"image\":{\"@id\":\"https:\\\/\\\/kibrisdakik.com\\\/?p=15264#primaryimage\"},\"thumbnailUrl\":\"https:\\\/\\\/kibrisdakik.com\\\/wp-content\\\/uploads\\\/2023\\\/10\\\/bb-buyukkonuk-eko-5-scaled-740x420.jpg\",\"articleSection\":[\"G\u00fcndem\"],\"inLanguage\":\"tr\",\"potentialAction\":[{\"@type\":\"CommentAction\",\"name\":\"Comment\",\"target\":[\"https:\\\/\\\/kibrisdakik.com\\\/?p=15264#respond\"]}]},{\"@type\":\"WebPage\",\"@id\":\"https:\\\/\\\/kibrisdakik.com\\\/?p=15264\",\"url\":\"https:\\\/\\\/kibrisdakik.com\\\/?p=15264\",\"name\":\"B\u00fcy\u00fckkonuk\u2019ta Eko G\u00fcn -\",\"isPartOf\":{\"@id\":\"https:\\\/\\\/kibrisdakik.com\\\/#website\"},\"primaryImageOfPage\":{\"@id\":\"https:\\\/\\\/kibrisdakik.com\\\/?p=15264#primaryimage\"},\"image\":{\"@id\":\"https:\\\/\\\/kibrisdakik.com\\\/?p=15264#primaryimage\"},\"thumbnailUrl\":\"https:\\\/\\\/kibrisdakik.com\\\/wp-content\\\/uploads\\\/2023\\\/10\\\/bb-buyukkonuk-eko-5-scaled-740x420.jpg\",\"datePublished\":\"2023-10-08T15:35:47+00:00\",\"author\":{\"@id\":\"https:\\\/\\\/kibrisdakik.com\\\/#\\\/schema\\\/person\\\/9cd9d437bbb44f72b73ba127e06d8e79\"},\"breadcrumb\":{\"@id\":\"https:\\\/\\\/kibrisdakik.com\\\/?p=15264#breadcrumb\"},\"inLanguage\":\"tr\",\"potentialAction\":[{\"@type\":\"ReadAction\",\"target\":[\"https:\\\/\\\/kibrisdakik.com\\\/?p=15264\"]}]},{\"@type\":\"ImageObject\",\"inLanguage\":\"tr\",\"@id\":\"https:\\\/\\\/kibrisdakik.com\\\/?p=15264#primaryimage\",\"url\":\"https:\\\/\\\/kibrisdakik.com\\\/wp-content\\\/uploads\\\/2023\\\/10\\\/bb-buyukkonuk-eko-5-scaled-740x420.jpg\",\"contentUrl\":\"https:\\\/\\\/kibrisdakik.com\\\/wp-content\\\/uploads\\\/2023\\\/10\\\/bb-buyukkonuk-eko-5-scaled-740x420.jpg\",\"width\":2560,\"height\":1707},{\"@type\":\"BreadcrumbList\",\"@id\":\"https:\\\/\\\/kibrisdakik.com\\\/?p=15264#breadcrumb\",\"itemListElement\":[{\"@type\":\"ListItem\",\"position\":1,\"name\":\"Home\",\"item\":\"https:\\\/\\\/kibrisdakik.com\\\/\"},{\"@type\":\"ListItem\",\"position\":2,\"name\":\"B\u00fcy\u00fckkonuk\u2019ta Eko G\u00fcn\"}]},{\"@type\":\"WebSite\",\"@id\":\"https:\\\/\\\/kibrisdakik.com\\\/#website\",\"url\":\"https:\\\/\\\/kibrisdakik.com\\\/\",\"name\":\"\",\"description\":\"Tam vaktinde haber\",\"potentialAction\":[{\"@type\":\"SearchAction\",\"target\":{\"@type\":\"EntryPoint\",\"urlTemplate\":\"https:\\\/\\\/kibrisdakik.com\\\/?s={search_term_string}\"},\"query-input\":{\"@type\":\"PropertyValueSpecification\",\"valueRequired\":true,\"valueName\":\"search_term_string\"}}],\"inLanguage\":\"tr\"},{\"@type\":\"Person\",\"@id\":\"https:\\\/\\\/kibrisdakik.com\\\/#\\\/schema\\\/person\\\/9cd9d437bbb44f72b73ba127e06d8e79\",\"name\":\"admin\",\"image\":{\"@type\":\"ImageObject\",\"inLanguage\":\"tr\",\"@id\":\"https:\\\/\\\/secure.gravatar.com\\\/avatar\\\/ccc17943b9d660506c869530f897617f7cb1c21a4bf30023f252596d83e1f007?s=96&d=mm&r=g\",\"url\":\"https:\\\/\\\/secure.gravatar.com\\\/avatar\\\/ccc17943b9d660506c869530f897617f7cb1c21a4bf30023f252596d83e1f007?s=96&d=mm&r=g\",\"contentUrl\":\"https:\\\/\\\/secure.gravatar.com\\\/avatar\\\/ccc17943b9d660506c869530f897617f7cb1c21a4bf30023f252596d83e1f007?s=96&d=mm&r=g\",\"caption\":\"admin\"},\"sameAs\":[\"https:\\\/\\\/kibrisdakik.com\"],\"url\":\"https:\\\/\\\/kibrisdakik.com\\\/?author=1\"}]}<\/script>\n<!-- \/ Yoast SEO plugin. -->","yoast_head_json":{"title":"B\u00fcy\u00fckkonuk\u2019ta Eko G\u00fcn -","robots":{"index":"index","follow":"follow","max-snippet":"max-snippet:-1","max-image-preview":"max-image-preview:large","max-video-preview":"max-video-preview:-1"},"canonical":"https:\/\/kibrisdakik.com\/?p=15264","og_locale":"tr_TR","og_type":"article","og_title":"B\u00fcy\u00fckkonuk\u2019ta Eko G\u00fcn -","og_description":"B\u00fcy\u00fckkonuk Eko G\u00fcn etkinli\u011finin 23\u2019\u00fcnc\u00fcs\u00fc B\u00fcy\u00fckonuk k\u00f6y meydan\u0131nda yap\u0131ld\u0131. Etkinlikte konu\u015fan Mehmet\u00e7ik B\u00fcy\u00fckkonuk Belediye Ba\u015fkan\u0131 Fatma \u00c7imen Tu\u011flu ve B\u00fcy\u00fckkonuk Muhtar\u0131 Mustafa Do\u011fan, \u00fclke k\u00fclt\u00fcr\u00fcn\u00fc ya\u015fatarak gelecek nesillere aktarman\u0131n en b\u00fcy\u00fck ama\u00e7lar\u0131 oldu\u011funu dile getirdiler. Anamuhalefet partisi ad\u0131na konu\u015fan CTP Milletvekili, Cumhuriyet Meclisi Ba\u015fkan Yard\u0131mc\u0131s\u0131 Fazilet \u00d6zdenefe de, kad\u0131nlar\u0131n her alanda \u00fcretmesinin \u00f6nemine i\u015faret etti.","og_url":"https:\/\/kibrisdakik.com\/?p=15264","article_published_time":"2023-10-08T15:35:47+00:00","og_image":[{"width":2560,"height":1707,"url":"https:\/\/kibrisdakik.com\/wp-content\/uploads\/2023\/10\/bb-buyukkonuk-eko-5-scaled-740x420.jpg","type":"image\/jpeg"}],"author":"admin","twitter_card":"summary_large_image","twitter_misc":{"Yazan:":"admin","Tahmini okuma s\u00fcresi":"2 dakika"},"schema":{"@context":"https:\/\/schema.org","@graph":[{"@type":"Article","@id":"https:\/\/kibrisdakik.com\/?p=15264#article","isPartOf":{"@id":"https:\/\/kibrisdakik.com\/?p=15264"},"author":{"name":"admin","@id":"https:\/\/kibrisdakik.com\/#\/schema\/person\/9cd9d437bbb44f72b73ba127e06d8e79"},"headline":"B\u00fcy\u00fckkonuk\u2019ta Eko G\u00fcn","datePublished":"2023-10-08T15:35:47+00:00","mainEntityOfPage":{"@id":"https:\/\/kibrisdakik.com\/?p=15264"},"wordCount":470,"commentCount":0,"image":{"@id":"https:\/\/kibrisdakik.com\/?p=15264#primaryimage"},"thumbnailUrl":"https:\/\/kibrisdakik.com\/wp-content\/uploads\/2023\/10\/bb-buyukkonuk-eko-5-scaled-740x420.jpg","articleSection":["G\u00fcndem"],"inLanguage":"tr","potentialAction":[{"@type":"CommentAction","name":"Comment","target":["https:\/\/kibrisdakik.com\/?p=15264#respond"]}]},{"@type":"WebPage","@id":"https:\/\/kibrisdakik.com\/?p=15264","url":"https:\/\/kibrisdakik.com\/?p=15264","name":"B\u00fcy\u00fckkonuk\u2019ta Eko G\u00fcn -","isPartOf":{"@id":"https:\/\/kibrisdakik.com\/#website"},"primaryImageOfPage":{"@id":"https:\/\/kibrisdakik.com\/?p=15264#primaryimage"},"image":{"@id":"https:\/\/kibrisdakik.com\/?p=15264#primaryimage"},"thumbnailUrl":"https:\/\/kibrisdakik.com\/wp-content\/uploads\/2023\/10\/bb-buyukkonuk-eko-5-scaled-740x420.jpg","datePublished":"2023-10-08T15:35:47+00:00","author":{"@id":"https:\/\/kibrisdakik.com\/#\/schema\/person\/9cd9d437bbb44f72b73ba127e06d8e79"},"breadcrumb":{"@id":"https:\/\/kibrisdakik.com\/?p=15264#breadcrumb"},"inLanguage":"tr","potentialAction":[{"@type":"ReadAction","target":["https:\/\/kibrisdakik.com\/?p=15264"]}]},{"@type":"ImageObject","inLanguage":"tr","@id":"https:\/\/kibrisdakik.com\/?p=15264#primaryimage","url":"https:\/\/kibrisdakik.com\/wp-content\/uploads\/2023\/10\/bb-buyukkonuk-eko-5-scaled-740x420.jpg","contentUrl":"https:\/\/kibrisdakik.com\/wp-content\/uploads\/2023\/10\/bb-buyukkonuk-eko-5-scaled-740x420.jpg","width":2560,"height":1707},{"@type":"BreadcrumbList","@id":"https:\/\/kibrisdakik.com\/?p=15264#breadcrumb","itemListElement":[{"@type":"ListItem","position":1,"name":"Home","item":"https:\/\/kibrisdakik.com\/"},{"@type":"ListItem","position":2,"name":"B\u00fcy\u00fckkonuk\u2019ta Eko G\u00fcn"}]},{"@type":"WebSite","@id":"https:\/\/kibrisdakik.com\/#website","url":"https:\/\/kibrisdakik.com\/","name":"","description":"Tam vaktinde haber","potentialAction":[{"@type":"SearchAction","target":{"@type":"EntryPoint","urlTemplate":"https:\/\/kibrisdakik.com\/?s={search_term_string}"},"query-input":{"@type":"PropertyValueSpecification","valueRequired":true,"valueName":"search_term_string"}}],"inLanguage":"tr"},{"@type":"Person","@id":"https:\/\/kibrisdakik.com\/#\/schema\/person\/9cd9d437bbb44f72b73ba127e06d8e79","name":"admin","image":{"@type":"ImageObject","inLanguage":"tr","@id":"https:\/\/secure.gravatar.com\/avatar\/ccc17943b9d660506c869530f897617f7cb1c21a4bf30023f252596d83e1f007?s=96&d=mm&r=g","url":"https:\/\/secure.gravatar.com\/avatar\/ccc17943b9d660506c869530f897617f7cb1c21a4bf30023f252596d83e1f007?s=96&d=mm&r=g","contentUrl":"https:\/\/secure.gravatar.com\/avatar\/ccc17943b9d660506c869530f897617f7cb1c21a4bf30023f252596d83e1f007?s=96&d=mm&r=g","caption":"admin"},"sameAs":["https:\/\/kibrisdakik.com"],"url":"https:\/\/kibrisdakik.com\/?author=1"}]}},"_links":{"self":[{"href":"https:\/\/kibrisdakik.com\/index.php?rest_route=\/wp\/v2\/posts\/15264","targetHints":{"allow":["GET"]}}],"collection":[{"href":"https:\/\/kibrisdakik.com\/index.php?rest_route=\/wp\/v2\/posts"}],"about":[{"href":"https:\/\/kibrisdakik.com\/index.php?rest_route=\/wp\/v2\/types\/post"}],"author":[{"embeddable":true,"href":"https:\/\/kibrisdakik.com\/index.php?rest_route=\/wp\/v2\/users\/1"}],"replies":[{"embeddable":true,"href":"https:\/\/kibrisdakik.com\/index.php?rest_route=%2Fwp%2Fv2%2Fcomments&post=15264"}],"version-history":[{"count":0,"href":"https:\/\/kibrisdakik.com\/index.php?rest_route=\/wp\/v2\/posts\/15264\/revisions"}],"wp:featuredmedia":[{"embeddable":true,"href":"https:\/\/kibrisdakik.com\/index.php?rest_route=\/wp\/v2\/media\/15265"}],"wp:attachment":[{"href":"https:\/\/kibrisdakik.com\/index.php?rest_route=%2Fwp%2Fv2%2Fmedia&parent=15264"}],"wp:term":[{"taxonomy":"category","embeddable":true,"href":"https:\/\/kibrisdakik.com\/index.php?rest_route=%2Fwp%2Fv2%2Fcategories&post=15264"},{"taxonomy":"post_tag","embeddable":true,"href":"https:\/\/kibrisdakik.com\/index.php?rest_route=%2Fwp%2Fv2%2Ftags&post=15264"}],"curies":[{"name":"wp","href":"https:\/\/api.w.org\/{rel}","templated":true}]}}