{"id":15343,"date":"2023-10-10T07:31:11","date_gmt":"2023-10-10T07:31:11","guid":{"rendered":"https:\/\/kibrisdakik.com\/index.php\/2023\/10\/10\/gardiyanoglu-ankarada\/"},"modified":"2023-10-10T07:31:11","modified_gmt":"2023-10-10T07:31:11","slug":"gardiyanoglu-ankarada","status":"publish","type":"post","link":"https:\/\/kibrisdakik.com\/?p=15343","title":{"rendered":"Gardiyano\u011flu Ankara\u2019da\u2026"},"content":{"rendered":"<p><\/p>\n<div>\n<div class=\"mariselle-image-container center\">\n                <img width=\"1024\" height=\"696\" class=\"lazy-image\" alt=\"\" decoding=\"async\" loading=\"lazy\" sizes=\"auto, (max-width: 1024px) 100vw, 1024px\" src=\"https:\/\/brtk.net\/wp-content\/uploads\/2023\/10\/10\/sodaiapdia.jpeg?ver=a8852931d054cbea68e93d19ef36daf2\" srcset=\"https:\/\/brtk.net\/wp-content\/uploads\/2023\/10\/10\/sodaiapdia.jpeg?ver=a8852931d054cbea68e93d19ef36daf2 1024w, https:\/\/brtk.net\/wp-content\/uploads\/2023\/10\/10\/sodaiapdia-300x204.jpeg?ver=a8852931d054cbea68e93d19ef36daf2 300w, https:\/\/brtk.net\/wp-content\/uploads\/2023\/10\/10\/sodaiapdia-768x522.jpeg?ver=0d35ca0f7bbcd186f52ffb75c1c7ca05 768w\"\/>                            <\/div>\n<p> \u00c7al\u0131\u015fma ve Sosyal G\u00fcvenlik Bakan\u0131 Sad\u0131k Gardiyano\u011flu, temaslarda bulunmak \u00fczere Ankara\u2019ya gitti.<\/p>\n<p>Bakanl\u0131k Bas\u0131n B\u00fcrosu a\u00e7\u0131klamas\u0131na g\u00f6re, Ankara\u2019da TC \u00c7al\u0131\u015fma ve Sosyal G\u00fcvenlik Bakan\u0131 Vedat I\u015f\u0131khan ile g\u00f6r\u00fc\u015fecek olan Gardiyano\u011flu, bakanl\u0131k \u00e7al\u0131\u015fmalar\u0131 kapsam\u0131nda g\u00f6r\u00fc\u015f al\u0131\u015fveri\u015finde bulunacak. <\/p>\n<p>Gardiyano\u011flu ayr\u0131ca, T\u00fcrkiye Aile ve Sosyal Hizmetler Bakan\u0131 Mahinur \u00d6zdemir G\u00f6kta\u015f ile de bir araya gelecek.<\/p>\n<p>Gardiyano\u011flu, temaslar\u0131nda, \u00e7al\u0131\u015fma ya\u015fam\u0131 yan\u0131nda, sosyal g\u00fcvenlik ve sosyal hizmetler ba\u015fl\u0131klar\u0131nda yapmay\u0131 planlad\u0131\u011f\u0131 yeni projeleri g\u00fcndeme getirecek. <\/p>\n<p>Sad\u0131k Gardiyano\u011flu\u2019na, M\u00fcste\u015far Serkan \u0130lseven, \u00c7al\u0131\u015fma Dairesi M\u00fcd\u00fcr\u00fc Sezgi Ball\u0131, \u0130htiyat Sand\u0131\u011f\u0131 Dairesi M\u00fcd\u00fcr\u00fc Ali An\u0131l Y\u00fcce, Sosyal Sigortalar Dairesi M\u00fcd\u00fcr\u00fc Tahir Serhat ve Sosyal Hizmetler Dairesi M\u00fcd\u00fcr\u00fc Alev Ecevit ve \u00d6zel Kalem M\u00fcd\u00fcr\u00fc O\u011fuz K\u00f6se e\u015flik ediyor.<\/p>\n<p>Bu sabah temaslarda bulunmak amac\u0131yla \u00fclkeden ayr\u0131lan Gardiyano\u011flu ve beraberindeki heyeti, Ankara\u2019da, Ankara B\u00fcy\u00fckel\u00e7isi \u0130smet Koruko\u011flu kar\u015f\u0131lad\u0131.<\/p>\n<\/p><\/div>\n<p><script async\n                    defer\n                    crossorigin=\"anonymous\"\n                    src=\"https:\/\/connect.facebook.net\/tr_TR\/sdk.js#xfbml=1&#038;version=v3.3\"\n            ><\/script><\/p>\n","protected":false},"excerpt":{"rendered":"<p>\u00c7al\u0131\u015fma ve Sosyal G\u00fcvenlik Bakan\u0131 Sad\u0131k Gardiyano\u011flu, temaslarda bulunmak \u00fczere Ankara\u2019ya gitti. Bakanl\u0131k Bas\u0131n B\u00fcrosu a\u00e7\u0131klamas\u0131na g\u00f6re, Ankara\u2019da TC \u00c7al\u0131\u015fma ve Sosyal G\u00fcvenlik Bakan\u0131 Vedat I\u015f\u0131khan ile g\u00f6r\u00fc\u015fecek olan Gardiyano\u011flu, bakanl\u0131k \u00e7al\u0131\u015fmalar\u0131 kapsam\u0131nda g\u00f6r\u00fc\u015f al\u0131\u015fveri\u015finde bulunacak. Gardiyano\u011flu ayr\u0131ca, T\u00fcrkiye Aile ve Sosyal Hizmetler Bakan\u0131 Mahinur \u00d6zdemir G\u00f6kta\u015f ile de bir araya gelecek. Gardiyano\u011flu, temaslar\u0131nda, \u00e7al\u0131\u015fma<\/p>\n","protected":false},"author":1,"featured_media":15344,"comment_status":"open","ping_status":"open","sticky":false,"template":"","format":"standard","meta":{"footnotes":""},"categories":[1],"tags":[],"class_list":["post-15343","post","type-post","status-publish","format-standard","has-post-thumbnail","hentry","category-gundem"],"yoast_head":"<!-- This site is optimized with the Yoast SEO plugin v27.4 - https:\/\/yoast.com\/product\/yoast-seo-wordpress\/ -->\n<title>Gardiyano\u011flu Ankara\u2019da\u2026 -<\/title>\n<meta name=\"robots\" content=\"index, follow, max-snippet:-1, max-image-preview:large, max-video-preview:-1\" \/>\n<link rel=\"canonical\" href=\"https:\/\/kibrisdakik.com\/?p=15343\" \/>\n<meta property=\"og:locale\" content=\"tr_TR\" \/>\n<meta property=\"og:type\" content=\"article\" \/>\n<meta property=\"og:title\" content=\"Gardiyano\u011flu Ankara\u2019da\u2026 -\" \/>\n<meta property=\"og:description\" content=\"\u00c7al\u0131\u015fma ve Sosyal G\u00fcvenlik Bakan\u0131 Sad\u0131k Gardiyano\u011flu, temaslarda bulunmak \u00fczere Ankara\u2019ya gitti. Bakanl\u0131k Bas\u0131n B\u00fcrosu a\u00e7\u0131klamas\u0131na g\u00f6re, Ankara\u2019da TC \u00c7al\u0131\u015fma ve Sosyal G\u00fcvenlik Bakan\u0131 Vedat I\u015f\u0131khan ile g\u00f6r\u00fc\u015fecek olan Gardiyano\u011flu, bakanl\u0131k \u00e7al\u0131\u015fmalar\u0131 kapsam\u0131nda g\u00f6r\u00fc\u015f al\u0131\u015fveri\u015finde bulunacak. Gardiyano\u011flu ayr\u0131ca, T\u00fcrkiye Aile ve Sosyal Hizmetler Bakan\u0131 Mahinur \u00d6zdemir G\u00f6kta\u015f ile de bir araya gelecek. Gardiyano\u011flu, temaslar\u0131nda, \u00e7al\u0131\u015fma\" \/>\n<meta property=\"og:url\" content=\"https:\/\/kibrisdakik.com\/?p=15343\" \/>\n<meta property=\"article:published_time\" content=\"2023-10-10T07:31:11+00:00\" \/>\n<meta property=\"og:image\" content=\"https:\/\/kibrisdakik.com\/wp-content\/uploads\/2023\/10\/sodaiapdia-740x420.jpeg\" \/>\n\t<meta property=\"og:image:width\" content=\"1024\" \/>\n\t<meta property=\"og:image:height\" content=\"696\" \/>\n\t<meta property=\"og:image:type\" content=\"image\/jpeg\" \/>\n<meta name=\"author\" content=\"admin\" \/>\n<meta name=\"twitter:card\" content=\"summary_large_image\" \/>\n<meta name=\"twitter:label1\" content=\"Yazan:\" \/>\n\t<meta name=\"twitter:data1\" content=\"admin\" \/>\n\t<meta name=\"twitter:label2\" content=\"Tahmini okuma s\u00fcresi\" \/>\n\t<meta name=\"twitter:data2\" content=\"1 dakika\" \/>\n<script type=\"application\/ld+json\" class=\"yoast-schema-graph\">{\"@context\":\"https:\\\/\\\/schema.org\",\"@graph\":[{\"@type\":\"Article\",\"@id\":\"https:\\\/\\\/kibrisdakik.com\\\/?p=15343#article\",\"isPartOf\":{\"@id\":\"https:\\\/\\\/kibrisdakik.com\\\/?p=15343\"},\"author\":{\"name\":\"admin\",\"@id\":\"https:\\\/\\\/kibrisdakik.com\\\/#\\\/schema\\\/person\\\/9cd9d437bbb44f72b73ba127e06d8e79\"},\"headline\":\"Gardiyano\u011flu Ankara\u2019da\u2026\",\"datePublished\":\"2023-10-10T07:31:11+00:00\",\"mainEntityOfPage\":{\"@id\":\"https:\\\/\\\/kibrisdakik.com\\\/?p=15343\"},\"wordCount\":196,\"commentCount\":0,\"image\":{\"@id\":\"https:\\\/\\\/kibrisdakik.com\\\/?p=15343#primaryimage\"},\"thumbnailUrl\":\"https:\\\/\\\/kibrisdakik.com\\\/wp-content\\\/uploads\\\/2023\\\/10\\\/sodaiapdia-740x420.jpeg\",\"articleSection\":[\"G\u00fcndem\"],\"inLanguage\":\"tr\",\"potentialAction\":[{\"@type\":\"CommentAction\",\"name\":\"Comment\",\"target\":[\"https:\\\/\\\/kibrisdakik.com\\\/?p=15343#respond\"]}]},{\"@type\":\"WebPage\",\"@id\":\"https:\\\/\\\/kibrisdakik.com\\\/?p=15343\",\"url\":\"https:\\\/\\\/kibrisdakik.com\\\/?p=15343\",\"name\":\"Gardiyano\u011flu Ankara\u2019da\u2026 -\",\"isPartOf\":{\"@id\":\"https:\\\/\\\/kibrisdakik.com\\\/#website\"},\"primaryImageOfPage\":{\"@id\":\"https:\\\/\\\/kibrisdakik.com\\\/?p=15343#primaryimage\"},\"image\":{\"@id\":\"https:\\\/\\\/kibrisdakik.com\\\/?p=15343#primaryimage\"},\"thumbnailUrl\":\"https:\\\/\\\/kibrisdakik.com\\\/wp-content\\\/uploads\\\/2023\\\/10\\\/sodaiapdia-740x420.jpeg\",\"datePublished\":\"2023-10-10T07:31:11+00:00\",\"author\":{\"@id\":\"https:\\\/\\\/kibrisdakik.com\\\/#\\\/schema\\\/person\\\/9cd9d437bbb44f72b73ba127e06d8e79\"},\"breadcrumb\":{\"@id\":\"https:\\\/\\\/kibrisdakik.com\\\/?p=15343#breadcrumb\"},\"inLanguage\":\"tr\",\"potentialAction\":[{\"@type\":\"ReadAction\",\"target\":[\"https:\\\/\\\/kibrisdakik.com\\\/?p=15343\"]}]},{\"@type\":\"ImageObject\",\"inLanguage\":\"tr\",\"@id\":\"https:\\\/\\\/kibrisdakik.com\\\/?p=15343#primaryimage\",\"url\":\"https:\\\/\\\/kibrisdakik.com\\\/wp-content\\\/uploads\\\/2023\\\/10\\\/sodaiapdia-740x420.jpeg\",\"contentUrl\":\"https:\\\/\\\/kibrisdakik.com\\\/wp-content\\\/uploads\\\/2023\\\/10\\\/sodaiapdia-740x420.jpeg\",\"width\":1024,\"height\":696},{\"@type\":\"BreadcrumbList\",\"@id\":\"https:\\\/\\\/kibrisdakik.com\\\/?p=15343#breadcrumb\",\"itemListElement\":[{\"@type\":\"ListItem\",\"position\":1,\"name\":\"Home\",\"item\":\"https:\\\/\\\/kibrisdakik.com\\\/\"},{\"@type\":\"ListItem\",\"position\":2,\"name\":\"Gardiyano\u011flu Ankara\u2019da\u2026\"}]},{\"@type\":\"WebSite\",\"@id\":\"https:\\\/\\\/kibrisdakik.com\\\/#website\",\"url\":\"https:\\\/\\\/kibrisdakik.com\\\/\",\"name\":\"\",\"description\":\"Tam vaktinde haber\",\"potentialAction\":[{\"@type\":\"SearchAction\",\"target\":{\"@type\":\"EntryPoint\",\"urlTemplate\":\"https:\\\/\\\/kibrisdakik.com\\\/?s={search_term_string}\"},\"query-input\":{\"@type\":\"PropertyValueSpecification\",\"valueRequired\":true,\"valueName\":\"search_term_string\"}}],\"inLanguage\":\"tr\"},{\"@type\":\"Person\",\"@id\":\"https:\\\/\\\/kibrisdakik.com\\\/#\\\/schema\\\/person\\\/9cd9d437bbb44f72b73ba127e06d8e79\",\"name\":\"admin\",\"image\":{\"@type\":\"ImageObject\",\"inLanguage\":\"tr\",\"@id\":\"https:\\\/\\\/secure.gravatar.com\\\/avatar\\\/ccc17943b9d660506c869530f897617f7cb1c21a4bf30023f252596d83e1f007?s=96&d=mm&r=g\",\"url\":\"https:\\\/\\\/secure.gravatar.com\\\/avatar\\\/ccc17943b9d660506c869530f897617f7cb1c21a4bf30023f252596d83e1f007?s=96&d=mm&r=g\",\"contentUrl\":\"https:\\\/\\\/secure.gravatar.com\\\/avatar\\\/ccc17943b9d660506c869530f897617f7cb1c21a4bf30023f252596d83e1f007?s=96&d=mm&r=g\",\"caption\":\"admin\"},\"sameAs\":[\"https:\\\/\\\/kibrisdakik.com\"],\"url\":\"https:\\\/\\\/kibrisdakik.com\\\/?author=1\"}]}<\/script>\n<!-- \/ Yoast SEO plugin. -->","yoast_head_json":{"title":"Gardiyano\u011flu Ankara\u2019da\u2026 -","robots":{"index":"index","follow":"follow","max-snippet":"max-snippet:-1","max-image-preview":"max-image-preview:large","max-video-preview":"max-video-preview:-1"},"canonical":"https:\/\/kibrisdakik.com\/?p=15343","og_locale":"tr_TR","og_type":"article","og_title":"Gardiyano\u011flu Ankara\u2019da\u2026 -","og_description":"\u00c7al\u0131\u015fma ve Sosyal G\u00fcvenlik Bakan\u0131 Sad\u0131k Gardiyano\u011flu, temaslarda bulunmak \u00fczere Ankara\u2019ya gitti. Bakanl\u0131k Bas\u0131n B\u00fcrosu a\u00e7\u0131klamas\u0131na g\u00f6re, Ankara\u2019da TC \u00c7al\u0131\u015fma ve Sosyal G\u00fcvenlik Bakan\u0131 Vedat I\u015f\u0131khan ile g\u00f6r\u00fc\u015fecek olan Gardiyano\u011flu, bakanl\u0131k \u00e7al\u0131\u015fmalar\u0131 kapsam\u0131nda g\u00f6r\u00fc\u015f al\u0131\u015fveri\u015finde bulunacak. Gardiyano\u011flu ayr\u0131ca, T\u00fcrkiye Aile ve Sosyal Hizmetler Bakan\u0131 Mahinur \u00d6zdemir G\u00f6kta\u015f ile de bir araya gelecek. Gardiyano\u011flu, temaslar\u0131nda, \u00e7al\u0131\u015fma","og_url":"https:\/\/kibrisdakik.com\/?p=15343","article_published_time":"2023-10-10T07:31:11+00:00","og_image":[{"width":1024,"height":696,"url":"https:\/\/kibrisdakik.com\/wp-content\/uploads\/2023\/10\/sodaiapdia-740x420.jpeg","type":"image\/jpeg"}],"author":"admin","twitter_card":"summary_large_image","twitter_misc":{"Yazan:":"admin","Tahmini okuma s\u00fcresi":"1 dakika"},"schema":{"@context":"https:\/\/schema.org","@graph":[{"@type":"Article","@id":"https:\/\/kibrisdakik.com\/?p=15343#article","isPartOf":{"@id":"https:\/\/kibrisdakik.com\/?p=15343"},"author":{"name":"admin","@id":"https:\/\/kibrisdakik.com\/#\/schema\/person\/9cd9d437bbb44f72b73ba127e06d8e79"},"headline":"Gardiyano\u011flu Ankara\u2019da\u2026","datePublished":"2023-10-10T07:31:11+00:00","mainEntityOfPage":{"@id":"https:\/\/kibrisdakik.com\/?p=15343"},"wordCount":196,"commentCount":0,"image":{"@id":"https:\/\/kibrisdakik.com\/?p=15343#primaryimage"},"thumbnailUrl":"https:\/\/kibrisdakik.com\/wp-content\/uploads\/2023\/10\/sodaiapdia-740x420.jpeg","articleSection":["G\u00fcndem"],"inLanguage":"tr","potentialAction":[{"@type":"CommentAction","name":"Comment","target":["https:\/\/kibrisdakik.com\/?p=15343#respond"]}]},{"@type":"WebPage","@id":"https:\/\/kibrisdakik.com\/?p=15343","url":"https:\/\/kibrisdakik.com\/?p=15343","name":"Gardiyano\u011flu Ankara\u2019da\u2026 -","isPartOf":{"@id":"https:\/\/kibrisdakik.com\/#website"},"primaryImageOfPage":{"@id":"https:\/\/kibrisdakik.com\/?p=15343#primaryimage"},"image":{"@id":"https:\/\/kibrisdakik.com\/?p=15343#primaryimage"},"thumbnailUrl":"https:\/\/kibrisdakik.com\/wp-content\/uploads\/2023\/10\/sodaiapdia-740x420.jpeg","datePublished":"2023-10-10T07:31:11+00:00","author":{"@id":"https:\/\/kibrisdakik.com\/#\/schema\/person\/9cd9d437bbb44f72b73ba127e06d8e79"},"breadcrumb":{"@id":"https:\/\/kibrisdakik.com\/?p=15343#breadcrumb"},"inLanguage":"tr","potentialAction":[{"@type":"ReadAction","target":["https:\/\/kibrisdakik.com\/?p=15343"]}]},{"@type":"ImageObject","inLanguage":"tr","@id":"https:\/\/kibrisdakik.com\/?p=15343#primaryimage","url":"https:\/\/kibrisdakik.com\/wp-content\/uploads\/2023\/10\/sodaiapdia-740x420.jpeg","contentUrl":"https:\/\/kibrisdakik.com\/wp-content\/uploads\/2023\/10\/sodaiapdia-740x420.jpeg","width":1024,"height":696},{"@type":"BreadcrumbList","@id":"https:\/\/kibrisdakik.com\/?p=15343#breadcrumb","itemListElement":[{"@type":"ListItem","position":1,"name":"Home","item":"https:\/\/kibrisdakik.com\/"},{"@type":"ListItem","position":2,"name":"Gardiyano\u011flu Ankara\u2019da\u2026"}]},{"@type":"WebSite","@id":"https:\/\/kibrisdakik.com\/#website","url":"https:\/\/kibrisdakik.com\/","name":"","description":"Tam vaktinde haber","potentialAction":[{"@type":"SearchAction","target":{"@type":"EntryPoint","urlTemplate":"https:\/\/kibrisdakik.com\/?s={search_term_string}"},"query-input":{"@type":"PropertyValueSpecification","valueRequired":true,"valueName":"search_term_string"}}],"inLanguage":"tr"},{"@type":"Person","@id":"https:\/\/kibrisdakik.com\/#\/schema\/person\/9cd9d437bbb44f72b73ba127e06d8e79","name":"admin","image":{"@type":"ImageObject","inLanguage":"tr","@id":"https:\/\/secure.gravatar.com\/avatar\/ccc17943b9d660506c869530f897617f7cb1c21a4bf30023f252596d83e1f007?s=96&d=mm&r=g","url":"https:\/\/secure.gravatar.com\/avatar\/ccc17943b9d660506c869530f897617f7cb1c21a4bf30023f252596d83e1f007?s=96&d=mm&r=g","contentUrl":"https:\/\/secure.gravatar.com\/avatar\/ccc17943b9d660506c869530f897617f7cb1c21a4bf30023f252596d83e1f007?s=96&d=mm&r=g","caption":"admin"},"sameAs":["https:\/\/kibrisdakik.com"],"url":"https:\/\/kibrisdakik.com\/?author=1"}]}},"_links":{"self":[{"href":"https:\/\/kibrisdakik.com\/index.php?rest_route=\/wp\/v2\/posts\/15343","targetHints":{"allow":["GET"]}}],"collection":[{"href":"https:\/\/kibrisdakik.com\/index.php?rest_route=\/wp\/v2\/posts"}],"about":[{"href":"https:\/\/kibrisdakik.com\/index.php?rest_route=\/wp\/v2\/types\/post"}],"author":[{"embeddable":true,"href":"https:\/\/kibrisdakik.com\/index.php?rest_route=\/wp\/v2\/users\/1"}],"replies":[{"embeddable":true,"href":"https:\/\/kibrisdakik.com\/index.php?rest_route=%2Fwp%2Fv2%2Fcomments&post=15343"}],"version-history":[{"count":0,"href":"https:\/\/kibrisdakik.com\/index.php?rest_route=\/wp\/v2\/posts\/15343\/revisions"}],"wp:featuredmedia":[{"embeddable":true,"href":"https:\/\/kibrisdakik.com\/index.php?rest_route=\/wp\/v2\/media\/15344"}],"wp:attachment":[{"href":"https:\/\/kibrisdakik.com\/index.php?rest_route=%2Fwp%2Fv2%2Fmedia&parent=15343"}],"wp:term":[{"taxonomy":"category","embeddable":true,"href":"https:\/\/kibrisdakik.com\/index.php?rest_route=%2Fwp%2Fv2%2Fcategories&post=15343"},{"taxonomy":"post_tag","embeddable":true,"href":"https:\/\/kibrisdakik.com\/index.php?rest_route=%2Fwp%2Fv2%2Ftags&post=15343"}],"curies":[{"name":"wp","href":"https:\/\/api.w.org\/{rel}","templated":true}]}}