{"id":15383,"date":"2023-10-10T18:41:25","date_gmt":"2023-10-10T18:41:25","guid":{"rendered":"https:\/\/kibrisdakik.com\/index.php\/2023\/10\/10\/ustelulusal-birlik-partisi-bu-ulkenin-halkimizi-aydinlatan-gunesidir\/"},"modified":"2023-10-10T18:41:25","modified_gmt":"2023-10-10T18:41:25","slug":"ustelulusal-birlik-partisi-bu-ulkenin-halkimizi-aydinlatan-gunesidir","status":"publish","type":"post","link":"https:\/\/kibrisdakik.com\/?p=15383","title":{"rendered":"\u00dcstel:Ulusal Birlik Partisi, bu \u00fclkenin halk\u0131m\u0131z\u0131 ayd\u0131nlatan g\u00fcne\u015fidir"},"content":{"rendered":"<p><\/p>\n<div>\n<div class=\"mariselle-image-container center\">\n                <img width=\"600\" height=\"340\" class=\"lazy-image\" alt=\"\" decoding=\"async\" loading=\"lazy\" sizes=\"auto, (max-width: 600px) 100vw, 600px\" src=\"https:\/\/brtk.net\/wp-content\/uploads\/2023\/10\/10\/ustel-2-12.jpg?ver=c31906e81ae339d20fe6f6bea8c889a3\" srcset=\"https:\/\/brtk.net\/wp-content\/uploads\/2023\/10\/10\/ustel-2-12.jpg?ver=c31906e81ae339d20fe6f6bea8c889a3 600w, https:\/\/brtk.net\/wp-content\/uploads\/2023\/10\/10\/ustel-2-12-300x170.jpg?ver=0c6822ebf22d8ab73290a5f8645de804 300w\"\/>                            <\/div>\n<p>Ulusal Birlik Partisi (<a href=\"https:\/\/brtk.net\/\"\/><a href=\"https:\/\/brtk.net\/\"\/><a href=\"https:\/\/brtk.net\/\"\/><a href=\"https:\/\/brtk.net\/\">UBP<\/a>) Genel Ba\u015fkan\u0131, Ba\u015fbakan \u00dcnal \u00dcstel, <a href=\"https:\/\/brtk.net\/\"\/><a href=\"https:\/\/brtk.net\/\"\/><a href=\"https:\/\/brtk.net\/\"\/><a href=\"https:\/\/brtk.net\/\">UBP<\/a>\u2019nin, tam 48 y\u0131ld\u0131r \u00fclkenin halk\u0131 ayd\u0131nlatan g\u00fcne\u015fi oldu\u011funu belirtti.<\/p>\n<p>\u00dcstel, yar\u0131m asra yakla\u015fan siyasal ya\u015fam\u0131nda, \u00e7a\u011fda\u015f, Atat\u00fcrk\u00e7\u00fc, laik, yenilik\u00e7i ve vizyoner olma \u00e7izgisinden sapmadan, halktan ald\u0131\u011f\u0131 g\u00fc\u00e7le zaferden zafere ko\u015fan <a href=\"https:\/\/brtk.net\/\"\/><a href=\"https:\/\/brtk.net\/\"\/><a href=\"https:\/\/brtk.net\/\"\/><a href=\"https:\/\/brtk.net\/\">UBP<\/a>\u2019nin, Kuzey K\u0131br\u0131s T\u00fcrk Cumhuriyeti\u2019nde (<a href=\"https:\/\/brtk.net\/\">KKTC<\/a>) ger\u00e7ekle\u015ftirilmi\u015f t\u00fcm b\u00fcy\u00fck reformlar\u0131n ve projelerin mimar\u0131 olmaya devam etti\u011fini de kaydetti.<\/p>\n<p><a href=\"https:\/\/brtk.net\/\"\/><a href=\"https:\/\/brtk.net\/\"\/><a href=\"https:\/\/brtk.net\/\"\/><a href=\"https:\/\/brtk.net\/\">UBP<\/a> Genel Ba\u015fkan\u0131, Ba\u015fbakan \u00dcstel, Ulusal Birlik Partisi\u2019nin 48. kurulu\u015f y\u0131l d\u00f6n\u00fcm\u00fc nedeniyle mesaj yay\u0131mlad\u0131.<\/p>\n<p>Mesaj\u0131nda, K\u0131br\u0131s T\u00fcrk halk\u0131n\u0131n \u00f6zg\u00fcrl\u00fck ve varolu\u015f m\u00fccadelesinin simgesi T\u00fcrk Mukavemet Te\u015fkilat\u0131\u2019n\u0131n ruhunun v\u00fccut buldu\u011fu parti olan Ulusal Birlik Partisi\u2019nin 11 Ekim 1975 y\u0131l\u0131nda kurulmas\u0131n\u0131n \u00fczerinden tam 48 y\u0131l ge\u00e7ti\u011fini kaydeden \u00dcstel, \u015f\u00f6yle devam etti:<\/p>\n<p>\u201cBu ruhun kendine y\u00fcklemi\u015f oldu\u011fu sorumluluk ve misyonla K\u0131br\u0131s T\u00fcrk siyasal ya\u015fam\u0131na ad\u0131m atan partimiz, bu zorlu s\u00fcre\u00e7te yokluklara mahkum edilmi\u015f bir toplumun devlet sahibi bir halk olma yolculu\u011funa \u00f6nderlik etme onurunun da sahibidir.\u201d<\/p>\n<p>-\u201cUlusal Birlik Partisi, halk\u0131m\u0131za hizmet yolunda canla ba\u015fla \u00e7al\u0131\u015f\u0131yor\u201d<\/p>\n<p>Yar\u0131m asra yakla\u015fan siyasal ya\u015fam\u0131nda, \u00e7a\u011fda\u015f, Atat\u00fcrk\u00e7\u00fc, laik, yenilik\u00e7i ve vizyoner olma \u00e7izgisinden sapmadan, halktan ald\u0131\u011f\u0131 g\u00fc\u00e7le zaferden zafere ko\u015fan <a href=\"https:\/\/brtk.net\/\"\/><a href=\"https:\/\/brtk.net\/\"\/><a href=\"https:\/\/brtk.net\/\"\/><a href=\"https:\/\/brtk.net\/\">UBP<\/a>\u2019nin, <a href=\"https:\/\/brtk.net\/\">KKTC<\/a>\u2019de ger\u00e7ekle\u015ftirilmi\u015f t\u00fcm b\u00fcy\u00fck reformlar\u0131n ve projelerin mimar\u0131 olmaya devam etti\u011fini belirten \u00dcstel, \u201cUlusal Birlik Partisi bug\u00fcn ayn\u0131 ruhla halk\u0131m\u0131za hizmet yolunda canla ba\u015fla \u00e7al\u0131\u015f\u0131yor\u201d dedi.<\/p>\n<p>Ulusal Birlik Partisi\u2019nin, tam 48 y\u0131ld\u0131r \u00fclkenin halk\u0131 ayd\u0131nlatan g\u00fcne\u015fi oldu\u011funu vurgulayan \u00dcnal \u00dcstel, \u015funlar\u0131 kaydetti:<\/p>\n<p>\u201cUlusal Birlik Partisi, Anavatan T\u00fcrkiye ile sevgiye, sayg\u0131ya ve g\u00fcvene dayal\u0131 ili\u015fkilerin, Anadolu ile kurulan sars\u0131lmaz g\u00f6n\u00fcl k\u00f6pr\u00fclerinin garantisidir.<\/p>\n<p>Ulusal Birlik Partisi, T\u00fcrkiye ile ortak \u015fekilde savundu\u011fumuz, iki devletli \u00e7\u00f6z\u00fcm vizyonumuzun savunucusudur.<\/p>\n<p>Ulusal Birlik Partisi, halk\u0131m\u0131z\u0131n ve devletimizin varl\u0131\u011f\u0131n\u0131n, egemenli\u011fimizin, \u00f6zg\u00fcrl\u00fc\u011f\u00fcm\u00fcz\u00fcn, adadaki ve mavi vatan\u0131m\u0131zdaki hak ve \u00e7\u0131karlar\u0131m\u0131z\u0131n koruyucusudur.<\/p>\n<p>Ulusal Birlik Partisi, halk\u0131m\u0131z\u0131n refah ve mutlulu\u011funun, demokratik ve sosyal kazan\u0131mlar\u0131n\u0131n teminat\u0131d\u0131r.\u201d<\/p>\n<p>\u201cUlusal Birlik Partililer olarak, biz bir ve birlikte oldu\u011fumuz s\u00fcrece, g\u00fc\u00e7l\u00fc olmaya devam edece\u011fiz\u201d diyen \u00dcstel, \u201cBiz g\u00fc\u00e7l\u00fc oldu\u011fumuz s\u00fcrece, K\u0131br\u0131s T\u00fcrk halk\u0131 da birlik i\u00e7inde ve g\u00fc\u00e7l\u00fc bi\u00e7imde \u00e7ok daha g\u00fczel bir gelece\u011fe olan yolculu\u011funa devam edecektir\u201d ifadelerini kulland\u0131.<\/p>\n<p>Ulusal Birlik Partisi\u2019nin 48\u2019inci kurulu\u015f y\u0131l d\u00f6n\u00fcm\u00fcn\u00fc kutlayan \u00dcstel, \u201cPartimizin kurulu\u015funda g\u00f6rev alan t\u00fcm kurucular\u0131m\u0131za, eski genel ba\u015fkanlar\u0131m\u0131za ve partimizi g\u00fc\u00e7l\u00fc k\u0131lan siz sevgili \u00fcyelerimize en i\u00e7ten sevgi ve sayg\u0131lar\u0131m\u0131 sunuyor, aram\u0131zdan ayr\u0131lan b\u00fcy\u00fcklerimizin ve karde\u015flerimizin aziz hat\u0131ralar\u0131 \u00f6n\u00fcnde sayg\u0131 ile e\u011filiyorum\u201d dedi.<\/p>\n<\/p><\/div>\n<p><script async\n                    defer\n                    crossorigin=\"anonymous\"\n                    src=\"https:\/\/connect.facebook.net\/tr_TR\/sdk.js#xfbml=1&#038;version=v3.3\"\n            ><\/script><\/p>\n","protected":false},"excerpt":{"rendered":"<p>Ulusal Birlik Partisi (UBP) Genel Ba\u015fkan\u0131, Ba\u015fbakan \u00dcnal \u00dcstel, UBP\u2019nin, tam 48 y\u0131ld\u0131r \u00fclkenin halk\u0131 ayd\u0131nlatan g\u00fcne\u015fi oldu\u011funu belirtti. \u00dcstel, yar\u0131m asra yakla\u015fan siyasal ya\u015fam\u0131nda, \u00e7a\u011fda\u015f, Atat\u00fcrk\u00e7\u00fc, laik, yenilik\u00e7i ve vizyoner olma \u00e7izgisinden sapmadan, halktan ald\u0131\u011f\u0131 g\u00fc\u00e7le zaferden zafere ko\u015fan UBP\u2019nin, Kuzey K\u0131br\u0131s T\u00fcrk Cumhuriyeti\u2019nde (KKTC) ger\u00e7ekle\u015ftirilmi\u015f t\u00fcm b\u00fcy\u00fck reformlar\u0131n ve projelerin mimar\u0131 olmaya devam<\/p>\n","protected":false},"author":1,"featured_media":15384,"comment_status":"open","ping_status":"open","sticky":false,"template":"","format":"standard","meta":{"footnotes":""},"categories":[1],"tags":[],"class_list":["post-15383","post","type-post","status-publish","format-standard","has-post-thumbnail","hentry","category-gundem"],"yoast_head":"<!-- This site is optimized with the Yoast SEO plugin v27.5 - https:\/\/yoast.com\/product\/yoast-seo-wordpress\/ -->\n<title>\u00dcstel:Ulusal Birlik Partisi, bu \u00fclkenin halk\u0131m\u0131z\u0131 ayd\u0131nlatan g\u00fcne\u015fidir -<\/title>\n<meta name=\"robots\" content=\"index, follow, max-snippet:-1, max-image-preview:large, max-video-preview:-1\" \/>\n<link rel=\"canonical\" href=\"https:\/\/kibrisdakik.com\/?p=15383\" \/>\n<meta property=\"og:locale\" content=\"tr_TR\" \/>\n<meta property=\"og:type\" content=\"article\" \/>\n<meta property=\"og:title\" content=\"\u00dcstel:Ulusal Birlik Partisi, bu \u00fclkenin halk\u0131m\u0131z\u0131 ayd\u0131nlatan g\u00fcne\u015fidir -\" \/>\n<meta property=\"og:description\" content=\"Ulusal Birlik Partisi (UBP) Genel Ba\u015fkan\u0131, Ba\u015fbakan \u00dcnal \u00dcstel, UBP\u2019nin, tam 48 y\u0131ld\u0131r \u00fclkenin halk\u0131 ayd\u0131nlatan g\u00fcne\u015fi oldu\u011funu belirtti. \u00dcstel, yar\u0131m asra yakla\u015fan siyasal ya\u015fam\u0131nda, \u00e7a\u011fda\u015f, Atat\u00fcrk\u00e7\u00fc, laik, yenilik\u00e7i ve vizyoner olma \u00e7izgisinden sapmadan, halktan ald\u0131\u011f\u0131 g\u00fc\u00e7le zaferden zafere ko\u015fan UBP\u2019nin, Kuzey K\u0131br\u0131s T\u00fcrk Cumhuriyeti\u2019nde (KKTC) ger\u00e7ekle\u015ftirilmi\u015f t\u00fcm b\u00fcy\u00fck reformlar\u0131n ve projelerin mimar\u0131 olmaya devam\" \/>\n<meta property=\"og:url\" content=\"https:\/\/kibrisdakik.com\/?p=15383\" \/>\n<meta property=\"article:published_time\" content=\"2023-10-10T18:41:25+00:00\" \/>\n<meta property=\"og:image\" content=\"https:\/\/kibrisdakik.com\/wp-content\/uploads\/2023\/10\/ustel-2-12.jpg\" \/>\n\t<meta property=\"og:image:width\" content=\"600\" \/>\n\t<meta property=\"og:image:height\" content=\"340\" \/>\n\t<meta property=\"og:image:type\" content=\"image\/jpeg\" \/>\n<meta name=\"author\" content=\"admin\" \/>\n<meta name=\"twitter:card\" content=\"summary_large_image\" \/>\n<meta name=\"twitter:label1\" content=\"Yazan:\" \/>\n\t<meta name=\"twitter:data1\" content=\"admin\" \/>\n\t<meta name=\"twitter:label2\" content=\"Tahmini okuma s\u00fcresi\" \/>\n\t<meta name=\"twitter:data2\" content=\"3 dakika\" \/>\n<script type=\"application\/ld+json\" class=\"yoast-schema-graph\">{\"@context\":\"https:\\\/\\\/schema.org\",\"@graph\":[{\"@type\":\"Article\",\"@id\":\"https:\\\/\\\/kibrisdakik.com\\\/?p=15383#article\",\"isPartOf\":{\"@id\":\"https:\\\/\\\/kibrisdakik.com\\\/?p=15383\"},\"author\":{\"name\":\"admin\",\"@id\":\"https:\\\/\\\/kibrisdakik.com\\\/#\\\/schema\\\/person\\\/9cd9d437bbb44f72b73ba127e06d8e79\"},\"headline\":\"\u00dcstel:Ulusal Birlik Partisi, bu \u00fclkenin halk\u0131m\u0131z\u0131 ayd\u0131nlatan g\u00fcne\u015fidir\",\"datePublished\":\"2023-10-10T18:41:25+00:00\",\"mainEntityOfPage\":{\"@id\":\"https:\\\/\\\/kibrisdakik.com\\\/?p=15383\"},\"wordCount\":550,\"commentCount\":0,\"image\":{\"@id\":\"https:\\\/\\\/kibrisdakik.com\\\/?p=15383#primaryimage\"},\"thumbnailUrl\":\"https:\\\/\\\/kibrisdakik.com\\\/wp-content\\\/uploads\\\/2023\\\/10\\\/ustel-2-12.jpg\",\"articleSection\":[\"G\u00fcndem\"],\"inLanguage\":\"tr\",\"potentialAction\":[{\"@type\":\"CommentAction\",\"name\":\"Comment\",\"target\":[\"https:\\\/\\\/kibrisdakik.com\\\/?p=15383#respond\"]}]},{\"@type\":\"WebPage\",\"@id\":\"https:\\\/\\\/kibrisdakik.com\\\/?p=15383\",\"url\":\"https:\\\/\\\/kibrisdakik.com\\\/?p=15383\",\"name\":\"\u00dcstel:Ulusal Birlik Partisi, bu \u00fclkenin halk\u0131m\u0131z\u0131 ayd\u0131nlatan g\u00fcne\u015fidir -\",\"isPartOf\":{\"@id\":\"https:\\\/\\\/kibrisdakik.com\\\/#website\"},\"primaryImageOfPage\":{\"@id\":\"https:\\\/\\\/kibrisdakik.com\\\/?p=15383#primaryimage\"},\"image\":{\"@id\":\"https:\\\/\\\/kibrisdakik.com\\\/?p=15383#primaryimage\"},\"thumbnailUrl\":\"https:\\\/\\\/kibrisdakik.com\\\/wp-content\\\/uploads\\\/2023\\\/10\\\/ustel-2-12.jpg\",\"datePublished\":\"2023-10-10T18:41:25+00:00\",\"author\":{\"@id\":\"https:\\\/\\\/kibrisdakik.com\\\/#\\\/schema\\\/person\\\/9cd9d437bbb44f72b73ba127e06d8e79\"},\"breadcrumb\":{\"@id\":\"https:\\\/\\\/kibrisdakik.com\\\/?p=15383#breadcrumb\"},\"inLanguage\":\"tr\",\"potentialAction\":[{\"@type\":\"ReadAction\",\"target\":[\"https:\\\/\\\/kibrisdakik.com\\\/?p=15383\"]}]},{\"@type\":\"ImageObject\",\"inLanguage\":\"tr\",\"@id\":\"https:\\\/\\\/kibrisdakik.com\\\/?p=15383#primaryimage\",\"url\":\"https:\\\/\\\/kibrisdakik.com\\\/wp-content\\\/uploads\\\/2023\\\/10\\\/ustel-2-12.jpg\",\"contentUrl\":\"https:\\\/\\\/kibrisdakik.com\\\/wp-content\\\/uploads\\\/2023\\\/10\\\/ustel-2-12.jpg\",\"width\":600,\"height\":340},{\"@type\":\"BreadcrumbList\",\"@id\":\"https:\\\/\\\/kibrisdakik.com\\\/?p=15383#breadcrumb\",\"itemListElement\":[{\"@type\":\"ListItem\",\"position\":1,\"name\":\"Home\",\"item\":\"https:\\\/\\\/kibrisdakik.com\\\/\"},{\"@type\":\"ListItem\",\"position\":2,\"name\":\"\u00dcstel:Ulusal Birlik Partisi, bu \u00fclkenin halk\u0131m\u0131z\u0131 ayd\u0131nlatan g\u00fcne\u015fidir\"}]},{\"@type\":\"WebSite\",\"@id\":\"https:\\\/\\\/kibrisdakik.com\\\/#website\",\"url\":\"https:\\\/\\\/kibrisdakik.com\\\/\",\"name\":\"\",\"description\":\"Tam vaktinde haber\",\"potentialAction\":[{\"@type\":\"SearchAction\",\"target\":{\"@type\":\"EntryPoint\",\"urlTemplate\":\"https:\\\/\\\/kibrisdakik.com\\\/?s={search_term_string}\"},\"query-input\":{\"@type\":\"PropertyValueSpecification\",\"valueRequired\":true,\"valueName\":\"search_term_string\"}}],\"inLanguage\":\"tr\"},{\"@type\":\"Person\",\"@id\":\"https:\\\/\\\/kibrisdakik.com\\\/#\\\/schema\\\/person\\\/9cd9d437bbb44f72b73ba127e06d8e79\",\"name\":\"admin\",\"image\":{\"@type\":\"ImageObject\",\"inLanguage\":\"tr\",\"@id\":\"https:\\\/\\\/secure.gravatar.com\\\/avatar\\\/ccc17943b9d660506c869530f897617f7cb1c21a4bf30023f252596d83e1f007?s=96&d=mm&r=g\",\"url\":\"https:\\\/\\\/secure.gravatar.com\\\/avatar\\\/ccc17943b9d660506c869530f897617f7cb1c21a4bf30023f252596d83e1f007?s=96&d=mm&r=g\",\"contentUrl\":\"https:\\\/\\\/secure.gravatar.com\\\/avatar\\\/ccc17943b9d660506c869530f897617f7cb1c21a4bf30023f252596d83e1f007?s=96&d=mm&r=g\",\"caption\":\"admin\"},\"sameAs\":[\"https:\\\/\\\/kibrisdakik.com\"],\"url\":\"https:\\\/\\\/kibrisdakik.com\\\/?author=1\"}]}<\/script>\n<!-- \/ Yoast SEO plugin. -->","yoast_head_json":{"title":"\u00dcstel:Ulusal Birlik Partisi, bu \u00fclkenin halk\u0131m\u0131z\u0131 ayd\u0131nlatan g\u00fcne\u015fidir -","robots":{"index":"index","follow":"follow","max-snippet":"max-snippet:-1","max-image-preview":"max-image-preview:large","max-video-preview":"max-video-preview:-1"},"canonical":"https:\/\/kibrisdakik.com\/?p=15383","og_locale":"tr_TR","og_type":"article","og_title":"\u00dcstel:Ulusal Birlik Partisi, bu \u00fclkenin halk\u0131m\u0131z\u0131 ayd\u0131nlatan g\u00fcne\u015fidir -","og_description":"Ulusal Birlik Partisi (UBP) Genel Ba\u015fkan\u0131, Ba\u015fbakan \u00dcnal \u00dcstel, UBP\u2019nin, tam 48 y\u0131ld\u0131r \u00fclkenin halk\u0131 ayd\u0131nlatan g\u00fcne\u015fi oldu\u011funu belirtti. \u00dcstel, yar\u0131m asra yakla\u015fan siyasal ya\u015fam\u0131nda, \u00e7a\u011fda\u015f, Atat\u00fcrk\u00e7\u00fc, laik, yenilik\u00e7i ve vizyoner olma \u00e7izgisinden sapmadan, halktan ald\u0131\u011f\u0131 g\u00fc\u00e7le zaferden zafere ko\u015fan UBP\u2019nin, Kuzey K\u0131br\u0131s T\u00fcrk Cumhuriyeti\u2019nde (KKTC) ger\u00e7ekle\u015ftirilmi\u015f t\u00fcm b\u00fcy\u00fck reformlar\u0131n ve projelerin mimar\u0131 olmaya devam","og_url":"https:\/\/kibrisdakik.com\/?p=15383","article_published_time":"2023-10-10T18:41:25+00:00","og_image":[{"width":600,"height":340,"url":"https:\/\/kibrisdakik.com\/wp-content\/uploads\/2023\/10\/ustel-2-12.jpg","type":"image\/jpeg"}],"author":"admin","twitter_card":"summary_large_image","twitter_misc":{"Yazan:":"admin","Tahmini okuma s\u00fcresi":"3 dakika"},"schema":{"@context":"https:\/\/schema.org","@graph":[{"@type":"Article","@id":"https:\/\/kibrisdakik.com\/?p=15383#article","isPartOf":{"@id":"https:\/\/kibrisdakik.com\/?p=15383"},"author":{"name":"admin","@id":"https:\/\/kibrisdakik.com\/#\/schema\/person\/9cd9d437bbb44f72b73ba127e06d8e79"},"headline":"\u00dcstel:Ulusal Birlik Partisi, bu \u00fclkenin halk\u0131m\u0131z\u0131 ayd\u0131nlatan g\u00fcne\u015fidir","datePublished":"2023-10-10T18:41:25+00:00","mainEntityOfPage":{"@id":"https:\/\/kibrisdakik.com\/?p=15383"},"wordCount":550,"commentCount":0,"image":{"@id":"https:\/\/kibrisdakik.com\/?p=15383#primaryimage"},"thumbnailUrl":"https:\/\/kibrisdakik.com\/wp-content\/uploads\/2023\/10\/ustel-2-12.jpg","articleSection":["G\u00fcndem"],"inLanguage":"tr","potentialAction":[{"@type":"CommentAction","name":"Comment","target":["https:\/\/kibrisdakik.com\/?p=15383#respond"]}]},{"@type":"WebPage","@id":"https:\/\/kibrisdakik.com\/?p=15383","url":"https:\/\/kibrisdakik.com\/?p=15383","name":"\u00dcstel:Ulusal Birlik Partisi, bu \u00fclkenin halk\u0131m\u0131z\u0131 ayd\u0131nlatan g\u00fcne\u015fidir -","isPartOf":{"@id":"https:\/\/kibrisdakik.com\/#website"},"primaryImageOfPage":{"@id":"https:\/\/kibrisdakik.com\/?p=15383#primaryimage"},"image":{"@id":"https:\/\/kibrisdakik.com\/?p=15383#primaryimage"},"thumbnailUrl":"https:\/\/kibrisdakik.com\/wp-content\/uploads\/2023\/10\/ustel-2-12.jpg","datePublished":"2023-10-10T18:41:25+00:00","author":{"@id":"https:\/\/kibrisdakik.com\/#\/schema\/person\/9cd9d437bbb44f72b73ba127e06d8e79"},"breadcrumb":{"@id":"https:\/\/kibrisdakik.com\/?p=15383#breadcrumb"},"inLanguage":"tr","potentialAction":[{"@type":"ReadAction","target":["https:\/\/kibrisdakik.com\/?p=15383"]}]},{"@type":"ImageObject","inLanguage":"tr","@id":"https:\/\/kibrisdakik.com\/?p=15383#primaryimage","url":"https:\/\/kibrisdakik.com\/wp-content\/uploads\/2023\/10\/ustel-2-12.jpg","contentUrl":"https:\/\/kibrisdakik.com\/wp-content\/uploads\/2023\/10\/ustel-2-12.jpg","width":600,"height":340},{"@type":"BreadcrumbList","@id":"https:\/\/kibrisdakik.com\/?p=15383#breadcrumb","itemListElement":[{"@type":"ListItem","position":1,"name":"Home","item":"https:\/\/kibrisdakik.com\/"},{"@type":"ListItem","position":2,"name":"\u00dcstel:Ulusal Birlik Partisi, bu \u00fclkenin halk\u0131m\u0131z\u0131 ayd\u0131nlatan g\u00fcne\u015fidir"}]},{"@type":"WebSite","@id":"https:\/\/kibrisdakik.com\/#website","url":"https:\/\/kibrisdakik.com\/","name":"","description":"Tam vaktinde haber","potentialAction":[{"@type":"SearchAction","target":{"@type":"EntryPoint","urlTemplate":"https:\/\/kibrisdakik.com\/?s={search_term_string}"},"query-input":{"@type":"PropertyValueSpecification","valueRequired":true,"valueName":"search_term_string"}}],"inLanguage":"tr"},{"@type":"Person","@id":"https:\/\/kibrisdakik.com\/#\/schema\/person\/9cd9d437bbb44f72b73ba127e06d8e79","name":"admin","image":{"@type":"ImageObject","inLanguage":"tr","@id":"https:\/\/secure.gravatar.com\/avatar\/ccc17943b9d660506c869530f897617f7cb1c21a4bf30023f252596d83e1f007?s=96&d=mm&r=g","url":"https:\/\/secure.gravatar.com\/avatar\/ccc17943b9d660506c869530f897617f7cb1c21a4bf30023f252596d83e1f007?s=96&d=mm&r=g","contentUrl":"https:\/\/secure.gravatar.com\/avatar\/ccc17943b9d660506c869530f897617f7cb1c21a4bf30023f252596d83e1f007?s=96&d=mm&r=g","caption":"admin"},"sameAs":["https:\/\/kibrisdakik.com"],"url":"https:\/\/kibrisdakik.com\/?author=1"}]}},"_links":{"self":[{"href":"https:\/\/kibrisdakik.com\/index.php?rest_route=\/wp\/v2\/posts\/15383","targetHints":{"allow":["GET"]}}],"collection":[{"href":"https:\/\/kibrisdakik.com\/index.php?rest_route=\/wp\/v2\/posts"}],"about":[{"href":"https:\/\/kibrisdakik.com\/index.php?rest_route=\/wp\/v2\/types\/post"}],"author":[{"embeddable":true,"href":"https:\/\/kibrisdakik.com\/index.php?rest_route=\/wp\/v2\/users\/1"}],"replies":[{"embeddable":true,"href":"https:\/\/kibrisdakik.com\/index.php?rest_route=%2Fwp%2Fv2%2Fcomments&post=15383"}],"version-history":[{"count":0,"href":"https:\/\/kibrisdakik.com\/index.php?rest_route=\/wp\/v2\/posts\/15383\/revisions"}],"wp:featuredmedia":[{"embeddable":true,"href":"https:\/\/kibrisdakik.com\/index.php?rest_route=\/wp\/v2\/media\/15384"}],"wp:attachment":[{"href":"https:\/\/kibrisdakik.com\/index.php?rest_route=%2Fwp%2Fv2%2Fmedia&parent=15383"}],"wp:term":[{"taxonomy":"category","embeddable":true,"href":"https:\/\/kibrisdakik.com\/index.php?rest_route=%2Fwp%2Fv2%2Fcategories&post=15383"},{"taxonomy":"post_tag","embeddable":true,"href":"https:\/\/kibrisdakik.com\/index.php?rest_route=%2Fwp%2Fv2%2Ftags&post=15383"}],"curies":[{"name":"wp","href":"https:\/\/api.w.org\/{rel}","templated":true}]}}