{"id":15411,"date":"2023-10-11T09:08:04","date_gmt":"2023-10-11T09:08:04","guid":{"rendered":"https:\/\/kibrisdakik.com\/index.php\/2023\/10\/11\/15-yuzyil-eseri-olan-agios-georgios-kilisesi-koruma-calismalari-tamamlandi\/"},"modified":"2023-10-11T09:08:04","modified_gmt":"2023-10-11T09:08:04","slug":"15-yuzyil-eseri-olan-agios-georgios-kilisesi-koruma-calismalari-tamamlandi","status":"publish","type":"post","link":"https:\/\/kibrisdakik.com\/?p=15411","title":{"rendered":"15. y\u00fczy\u0131l eseri olan \u2018Agios Georgios Kilisesi\u2019 koruma \u00e7al\u0131\u015fmalar\u0131 tamamland\u0131"},"content":{"rendered":"<p><\/p>\n<div>\n<div class=\"mariselle-image-container center\">\n                <img width=\"721\" height=\"1600\" class=\"lazy-image\" alt=\"\" decoding=\"async\" loading=\"lazy\" sizes=\"auto, (max-width: 721px) 100vw, 721px\" src=\"https:\/\/brtk.net\/wp-content\/uploads\/2023\/10\/11\/WhatsApp-Image-2023-10-11-at-10.55.43.jpeg?ver=d350a89fec86e6ab8bb2d59b4b6ec8bd\" srcset=\"https:\/\/brtk.net\/wp-content\/uploads\/2023\/10\/11\/WhatsApp-Image-2023-10-11-at-10.55.43.jpeg?ver=d350a89fec86e6ab8bb2d59b4b6ec8bd 721w, https:\/\/brtk.net\/wp-content\/uploads\/2023\/10\/11\/WhatsApp-Image-2023-10-11-at-10.55.43-135x300.jpeg?ver=d350a89fec86e6ab8bb2d59b4b6ec8bd 135w, https:\/\/brtk.net\/wp-content\/uploads\/2023\/10\/11\/WhatsApp-Image-2023-10-11-at-10.55.43-461x1024.jpeg?ver=d350a89fec86e6ab8bb2d59b4b6ec8bd 461w, https:\/\/brtk.net\/wp-content\/uploads\/2023\/10\/11\/WhatsApp-Image-2023-10-11-at-10.55.43-692x1536.jpeg?ver=ca4f1b24fe836450ec7d936a95b8ac69 692w\"\/>                            <\/div>\n<p>15. Y\u00fczy\u0131ldan kalan Agios Georgios Klisesinin koruma \u00e7al\u0131\u015fmalar\u0131 tamamland\u0131.<\/p>\n<p>Ayg\u00fcn k\u00f6y\u00fcnde bulunan kilisenin koruma \u00e7al\u0131\u015fmas\u0131n\u0131n tamamlanmas\u0131 vesilesiyle kilisede etkinlik d\u00fczenlendi.<\/p>\n<div class=\"mariselle-image-container center\">\n                <img width=\"1600\" height=\"721\" class=\"lazy-image\" alt=\"\" decoding=\"async\" loading=\"lazy\" sizes=\"auto, (max-width: 1600px) 100vw, 1600px\" src=\"https:\/\/brtk.net\/wp-content\/uploads\/2023\/10\/11\/WhatsApp-Image-2023-10-11-at-10.55.35.jpeg?ver=d9621fd4c0fcc588d3b03d902b414284\" srcset=\"https:\/\/brtk.net\/wp-content\/uploads\/2023\/10\/11\/WhatsApp-Image-2023-10-11-at-10.55.35.jpeg?ver=d9621fd4c0fcc588d3b03d902b414284 1600w, https:\/\/brtk.net\/wp-content\/uploads\/2023\/10\/11\/WhatsApp-Image-2023-10-11-at-10.55.35-300x135.jpeg?ver=d9621fd4c0fcc588d3b03d902b414284 300w, https:\/\/brtk.net\/wp-content\/uploads\/2023\/10\/11\/WhatsApp-Image-2023-10-11-at-10.55.35-1024x461.jpeg?ver=d9621fd4c0fcc588d3b03d902b414284 1024w, https:\/\/brtk.net\/wp-content\/uploads\/2023\/10\/11\/WhatsApp-Image-2023-10-11-at-10.55.35-768x346.jpeg?ver=d9621fd4c0fcc588d3b03d902b414284 768w, https:\/\/brtk.net\/wp-content\/uploads\/2023\/10\/11\/WhatsApp-Image-2023-10-11-at-10.55.35-1536x692.jpeg?ver=6e2276064dd1544bba3db2c2c142f00f 1536w\"\/>                            <\/div>\n<p>Etkinlikle ilgili olarak <a href=\"https:\/\/brtk.net\/\">BRT<\/a>\u2019ye bilgi veren K\u00fclt\u00fcrel Miras Teknik Komitesinin K\u0131br\u0131s T\u00fcrk Taraf\u0131 Ba\u015fkan\u0131 Ali Tuncay, G\u00fcney\u2019deki camiler ile  Kuzey\u2019deki kiliselerin yan\u0131 s\u0131ra Ada\u2019da bulunan t\u00fcm k\u00fclt\u00fcrel miras\u0131n korunmas\u0131 i\u00e7in \u00e7al\u0131\u015ft\u0131klar\u0131n\u0131 kaydetti.<\/p>\n<div class=\"mariselle-image-container center\">\n                <img width=\"1600\" height=\"721\" class=\"lazy-image\" alt=\"\" decoding=\"async\" loading=\"lazy\" sizes=\"auto, (max-width: 1600px) 100vw, 1600px\" src=\"https:\/\/brtk.net\/wp-content\/uploads\/2023\/10\/11\/WhatsApp-Image-2023-10-11-at-10.55.41.jpeg?ver=e5aa01e62663c0ae4b13aa946d9bec27\" srcset=\"https:\/\/brtk.net\/wp-content\/uploads\/2023\/10\/11\/WhatsApp-Image-2023-10-11-at-10.55.41.jpeg?ver=e5aa01e62663c0ae4b13aa946d9bec27 1600w, https:\/\/brtk.net\/wp-content\/uploads\/2023\/10\/11\/WhatsApp-Image-2023-10-11-at-10.55.41-300x135.jpeg?ver=e5aa01e62663c0ae4b13aa946d9bec27 300w, https:\/\/brtk.net\/wp-content\/uploads\/2023\/10\/11\/WhatsApp-Image-2023-10-11-at-10.55.41-1024x461.jpeg?ver=e5aa01e62663c0ae4b13aa946d9bec27 1024w, https:\/\/brtk.net\/wp-content\/uploads\/2023\/10\/11\/WhatsApp-Image-2023-10-11-at-10.55.41-768x346.jpeg?ver=e5aa01e62663c0ae4b13aa946d9bec27 768w, https:\/\/brtk.net\/wp-content\/uploads\/2023\/10\/11\/WhatsApp-Image-2023-10-11-at-10.55.41-1536x692.jpeg?ver=25bb2e56d0d9b5b9109d8b2917bc58a2 1536w\"\/>                            <\/div>\n<p>Tuncay, s\u00f6z konusu \u00e7al\u0131\u015fmalar kapsam\u0131nda Ayg\u00fcn k\u00f6y\u00fcnde bulunan kilisenin korunarak daha dayan\u0131kl\u0131 hale getirildi\u011fini s\u00f6yledi. <a href=\"https:\/\/brtk.net\/\">BRT<\/a><\/p>\n<\/p><\/div>\n<p><script async\n                    defer\n                    crossorigin=\"anonymous\"\n                    src=\"https:\/\/connect.facebook.net\/tr_TR\/sdk.js#xfbml=1&#038;version=v3.3\"\n            ><\/script><\/p>\n","protected":false},"excerpt":{"rendered":"<p>15. Y\u00fczy\u0131ldan kalan Agios Georgios Klisesinin koruma \u00e7al\u0131\u015fmalar\u0131 tamamland\u0131. Ayg\u00fcn k\u00f6y\u00fcnde bulunan kilisenin koruma \u00e7al\u0131\u015fmas\u0131n\u0131n tamamlanmas\u0131 vesilesiyle kilisede etkinlik d\u00fczenlendi. Etkinlikle ilgili olarak BRT\u2019ye bilgi veren K\u00fclt\u00fcrel Miras Teknik Komitesinin K\u0131br\u0131s T\u00fcrk Taraf\u0131 Ba\u015fkan\u0131 Ali Tuncay, G\u00fcney\u2019deki camiler ile Kuzey\u2019deki kiliselerin yan\u0131 s\u0131ra Ada\u2019da bulunan t\u00fcm k\u00fclt\u00fcrel miras\u0131n korunmas\u0131 i\u00e7in \u00e7al\u0131\u015ft\u0131klar\u0131n\u0131 kaydetti. Tuncay, s\u00f6z konusu<\/p>\n","protected":false},"author":1,"featured_media":15412,"comment_status":"open","ping_status":"open","sticky":false,"template":"","format":"standard","meta":{"footnotes":""},"categories":[1],"tags":[],"class_list":["post-15411","post","type-post","status-publish","format-standard","has-post-thumbnail","hentry","category-gundem"],"yoast_head":"<!-- This site is optimized with the Yoast SEO plugin v27.4 - https:\/\/yoast.com\/product\/yoast-seo-wordpress\/ -->\n<title>15. y\u00fczy\u0131l eseri olan \u2018Agios Georgios Kilisesi\u2019 koruma \u00e7al\u0131\u015fmalar\u0131 tamamland\u0131 -<\/title>\n<meta name=\"robots\" content=\"index, follow, max-snippet:-1, max-image-preview:large, max-video-preview:-1\" \/>\n<link rel=\"canonical\" href=\"https:\/\/kibrisdakik.com\/?p=15411\" \/>\n<meta property=\"og:locale\" content=\"tr_TR\" \/>\n<meta property=\"og:type\" content=\"article\" \/>\n<meta property=\"og:title\" content=\"15. y\u00fczy\u0131l eseri olan \u2018Agios Georgios Kilisesi\u2019 koruma \u00e7al\u0131\u015fmalar\u0131 tamamland\u0131 -\" \/>\n<meta property=\"og:description\" content=\"15. Y\u00fczy\u0131ldan kalan Agios Georgios Klisesinin koruma \u00e7al\u0131\u015fmalar\u0131 tamamland\u0131. Ayg\u00fcn k\u00f6y\u00fcnde bulunan kilisenin koruma \u00e7al\u0131\u015fmas\u0131n\u0131n tamamlanmas\u0131 vesilesiyle kilisede etkinlik d\u00fczenlendi. Etkinlikle ilgili olarak BRT\u2019ye bilgi veren K\u00fclt\u00fcrel Miras Teknik Komitesinin K\u0131br\u0131s T\u00fcrk Taraf\u0131 Ba\u015fkan\u0131 Ali Tuncay, G\u00fcney\u2019deki camiler ile Kuzey\u2019deki kiliselerin yan\u0131 s\u0131ra Ada\u2019da bulunan t\u00fcm k\u00fclt\u00fcrel miras\u0131n korunmas\u0131 i\u00e7in \u00e7al\u0131\u015ft\u0131klar\u0131n\u0131 kaydetti. Tuncay, s\u00f6z konusu\" \/>\n<meta property=\"og:url\" content=\"https:\/\/kibrisdakik.com\/?p=15411\" \/>\n<meta property=\"article:published_time\" content=\"2023-10-11T09:08:04+00:00\" \/>\n<meta property=\"og:image\" content=\"https:\/\/kibrisdakik.com\/wp-content\/uploads\/2023\/10\/WhatsApp-Image-2023-10-11-at-10.55.35-740x420.jpeg\" \/>\n\t<meta property=\"og:image:width\" content=\"1600\" \/>\n\t<meta property=\"og:image:height\" content=\"721\" \/>\n\t<meta property=\"og:image:type\" content=\"image\/jpeg\" \/>\n<meta name=\"author\" content=\"admin\" \/>\n<meta name=\"twitter:card\" content=\"summary_large_image\" \/>\n<meta name=\"twitter:label1\" content=\"Yazan:\" \/>\n\t<meta name=\"twitter:data1\" content=\"admin\" \/>\n\t<meta name=\"twitter:label2\" content=\"Tahmini okuma s\u00fcresi\" \/>\n\t<meta name=\"twitter:data2\" content=\"1 dakika\" \/>\n<script type=\"application\/ld+json\" class=\"yoast-schema-graph\">{\"@context\":\"https:\\\/\\\/schema.org\",\"@graph\":[{\"@type\":\"Article\",\"@id\":\"https:\\\/\\\/kibrisdakik.com\\\/?p=15411#article\",\"isPartOf\":{\"@id\":\"https:\\\/\\\/kibrisdakik.com\\\/?p=15411\"},\"author\":{\"name\":\"admin\",\"@id\":\"https:\\\/\\\/kibrisdakik.com\\\/#\\\/schema\\\/person\\\/9cd9d437bbb44f72b73ba127e06d8e79\"},\"headline\":\"15. y\u00fczy\u0131l eseri olan \u2018Agios Georgios Kilisesi\u2019 koruma \u00e7al\u0131\u015fmalar\u0131 tamamland\u0131\",\"datePublished\":\"2023-10-11T09:08:04+00:00\",\"mainEntityOfPage\":{\"@id\":\"https:\\\/\\\/kibrisdakik.com\\\/?p=15411\"},\"wordCount\":118,\"commentCount\":0,\"image\":{\"@id\":\"https:\\\/\\\/kibrisdakik.com\\\/?p=15411#primaryimage\"},\"thumbnailUrl\":\"https:\\\/\\\/kibrisdakik.com\\\/wp-content\\\/uploads\\\/2023\\\/10\\\/WhatsApp-Image-2023-10-11-at-10.55.35-740x420.jpeg\",\"articleSection\":[\"G\u00fcndem\"],\"inLanguage\":\"tr\",\"potentialAction\":[{\"@type\":\"CommentAction\",\"name\":\"Comment\",\"target\":[\"https:\\\/\\\/kibrisdakik.com\\\/?p=15411#respond\"]}]},{\"@type\":\"WebPage\",\"@id\":\"https:\\\/\\\/kibrisdakik.com\\\/?p=15411\",\"url\":\"https:\\\/\\\/kibrisdakik.com\\\/?p=15411\",\"name\":\"15. y\u00fczy\u0131l eseri olan \u2018Agios Georgios Kilisesi\u2019 koruma \u00e7al\u0131\u015fmalar\u0131 tamamland\u0131 -\",\"isPartOf\":{\"@id\":\"https:\\\/\\\/kibrisdakik.com\\\/#website\"},\"primaryImageOfPage\":{\"@id\":\"https:\\\/\\\/kibrisdakik.com\\\/?p=15411#primaryimage\"},\"image\":{\"@id\":\"https:\\\/\\\/kibrisdakik.com\\\/?p=15411#primaryimage\"},\"thumbnailUrl\":\"https:\\\/\\\/kibrisdakik.com\\\/wp-content\\\/uploads\\\/2023\\\/10\\\/WhatsApp-Image-2023-10-11-at-10.55.35-740x420.jpeg\",\"datePublished\":\"2023-10-11T09:08:04+00:00\",\"author\":{\"@id\":\"https:\\\/\\\/kibrisdakik.com\\\/#\\\/schema\\\/person\\\/9cd9d437bbb44f72b73ba127e06d8e79\"},\"breadcrumb\":{\"@id\":\"https:\\\/\\\/kibrisdakik.com\\\/?p=15411#breadcrumb\"},\"inLanguage\":\"tr\",\"potentialAction\":[{\"@type\":\"ReadAction\",\"target\":[\"https:\\\/\\\/kibrisdakik.com\\\/?p=15411\"]}]},{\"@type\":\"ImageObject\",\"inLanguage\":\"tr\",\"@id\":\"https:\\\/\\\/kibrisdakik.com\\\/?p=15411#primaryimage\",\"url\":\"https:\\\/\\\/kibrisdakik.com\\\/wp-content\\\/uploads\\\/2023\\\/10\\\/WhatsApp-Image-2023-10-11-at-10.55.35-740x420.jpeg\",\"contentUrl\":\"https:\\\/\\\/kibrisdakik.com\\\/wp-content\\\/uploads\\\/2023\\\/10\\\/WhatsApp-Image-2023-10-11-at-10.55.35-740x420.jpeg\",\"width\":1600,\"height\":721},{\"@type\":\"BreadcrumbList\",\"@id\":\"https:\\\/\\\/kibrisdakik.com\\\/?p=15411#breadcrumb\",\"itemListElement\":[{\"@type\":\"ListItem\",\"position\":1,\"name\":\"Home\",\"item\":\"https:\\\/\\\/kibrisdakik.com\\\/\"},{\"@type\":\"ListItem\",\"position\":2,\"name\":\"15. y\u00fczy\u0131l eseri olan \u2018Agios Georgios Kilisesi\u2019 koruma \u00e7al\u0131\u015fmalar\u0131 tamamland\u0131\"}]},{\"@type\":\"WebSite\",\"@id\":\"https:\\\/\\\/kibrisdakik.com\\\/#website\",\"url\":\"https:\\\/\\\/kibrisdakik.com\\\/\",\"name\":\"\",\"description\":\"Tam vaktinde haber\",\"potentialAction\":[{\"@type\":\"SearchAction\",\"target\":{\"@type\":\"EntryPoint\",\"urlTemplate\":\"https:\\\/\\\/kibrisdakik.com\\\/?s={search_term_string}\"},\"query-input\":{\"@type\":\"PropertyValueSpecification\",\"valueRequired\":true,\"valueName\":\"search_term_string\"}}],\"inLanguage\":\"tr\"},{\"@type\":\"Person\",\"@id\":\"https:\\\/\\\/kibrisdakik.com\\\/#\\\/schema\\\/person\\\/9cd9d437bbb44f72b73ba127e06d8e79\",\"name\":\"admin\",\"image\":{\"@type\":\"ImageObject\",\"inLanguage\":\"tr\",\"@id\":\"https:\\\/\\\/secure.gravatar.com\\\/avatar\\\/ccc17943b9d660506c869530f897617f7cb1c21a4bf30023f252596d83e1f007?s=96&d=mm&r=g\",\"url\":\"https:\\\/\\\/secure.gravatar.com\\\/avatar\\\/ccc17943b9d660506c869530f897617f7cb1c21a4bf30023f252596d83e1f007?s=96&d=mm&r=g\",\"contentUrl\":\"https:\\\/\\\/secure.gravatar.com\\\/avatar\\\/ccc17943b9d660506c869530f897617f7cb1c21a4bf30023f252596d83e1f007?s=96&d=mm&r=g\",\"caption\":\"admin\"},\"sameAs\":[\"https:\\\/\\\/kibrisdakik.com\"],\"url\":\"https:\\\/\\\/kibrisdakik.com\\\/?author=1\"}]}<\/script>\n<!-- \/ Yoast SEO plugin. -->","yoast_head_json":{"title":"15. y\u00fczy\u0131l eseri olan \u2018Agios Georgios Kilisesi\u2019 koruma \u00e7al\u0131\u015fmalar\u0131 tamamland\u0131 -","robots":{"index":"index","follow":"follow","max-snippet":"max-snippet:-1","max-image-preview":"max-image-preview:large","max-video-preview":"max-video-preview:-1"},"canonical":"https:\/\/kibrisdakik.com\/?p=15411","og_locale":"tr_TR","og_type":"article","og_title":"15. y\u00fczy\u0131l eseri olan \u2018Agios Georgios Kilisesi\u2019 koruma \u00e7al\u0131\u015fmalar\u0131 tamamland\u0131 -","og_description":"15. Y\u00fczy\u0131ldan kalan Agios Georgios Klisesinin koruma \u00e7al\u0131\u015fmalar\u0131 tamamland\u0131. Ayg\u00fcn k\u00f6y\u00fcnde bulunan kilisenin koruma \u00e7al\u0131\u015fmas\u0131n\u0131n tamamlanmas\u0131 vesilesiyle kilisede etkinlik d\u00fczenlendi. Etkinlikle ilgili olarak BRT\u2019ye bilgi veren K\u00fclt\u00fcrel Miras Teknik Komitesinin K\u0131br\u0131s T\u00fcrk Taraf\u0131 Ba\u015fkan\u0131 Ali Tuncay, G\u00fcney\u2019deki camiler ile Kuzey\u2019deki kiliselerin yan\u0131 s\u0131ra Ada\u2019da bulunan t\u00fcm k\u00fclt\u00fcrel miras\u0131n korunmas\u0131 i\u00e7in \u00e7al\u0131\u015ft\u0131klar\u0131n\u0131 kaydetti. Tuncay, s\u00f6z konusu","og_url":"https:\/\/kibrisdakik.com\/?p=15411","article_published_time":"2023-10-11T09:08:04+00:00","og_image":[{"width":1600,"height":721,"url":"https:\/\/kibrisdakik.com\/wp-content\/uploads\/2023\/10\/WhatsApp-Image-2023-10-11-at-10.55.35-740x420.jpeg","type":"image\/jpeg"}],"author":"admin","twitter_card":"summary_large_image","twitter_misc":{"Yazan:":"admin","Tahmini okuma s\u00fcresi":"1 dakika"},"schema":{"@context":"https:\/\/schema.org","@graph":[{"@type":"Article","@id":"https:\/\/kibrisdakik.com\/?p=15411#article","isPartOf":{"@id":"https:\/\/kibrisdakik.com\/?p=15411"},"author":{"name":"admin","@id":"https:\/\/kibrisdakik.com\/#\/schema\/person\/9cd9d437bbb44f72b73ba127e06d8e79"},"headline":"15. y\u00fczy\u0131l eseri olan \u2018Agios Georgios Kilisesi\u2019 koruma \u00e7al\u0131\u015fmalar\u0131 tamamland\u0131","datePublished":"2023-10-11T09:08:04+00:00","mainEntityOfPage":{"@id":"https:\/\/kibrisdakik.com\/?p=15411"},"wordCount":118,"commentCount":0,"image":{"@id":"https:\/\/kibrisdakik.com\/?p=15411#primaryimage"},"thumbnailUrl":"https:\/\/kibrisdakik.com\/wp-content\/uploads\/2023\/10\/WhatsApp-Image-2023-10-11-at-10.55.35-740x420.jpeg","articleSection":["G\u00fcndem"],"inLanguage":"tr","potentialAction":[{"@type":"CommentAction","name":"Comment","target":["https:\/\/kibrisdakik.com\/?p=15411#respond"]}]},{"@type":"WebPage","@id":"https:\/\/kibrisdakik.com\/?p=15411","url":"https:\/\/kibrisdakik.com\/?p=15411","name":"15. y\u00fczy\u0131l eseri olan \u2018Agios Georgios Kilisesi\u2019 koruma \u00e7al\u0131\u015fmalar\u0131 tamamland\u0131 -","isPartOf":{"@id":"https:\/\/kibrisdakik.com\/#website"},"primaryImageOfPage":{"@id":"https:\/\/kibrisdakik.com\/?p=15411#primaryimage"},"image":{"@id":"https:\/\/kibrisdakik.com\/?p=15411#primaryimage"},"thumbnailUrl":"https:\/\/kibrisdakik.com\/wp-content\/uploads\/2023\/10\/WhatsApp-Image-2023-10-11-at-10.55.35-740x420.jpeg","datePublished":"2023-10-11T09:08:04+00:00","author":{"@id":"https:\/\/kibrisdakik.com\/#\/schema\/person\/9cd9d437bbb44f72b73ba127e06d8e79"},"breadcrumb":{"@id":"https:\/\/kibrisdakik.com\/?p=15411#breadcrumb"},"inLanguage":"tr","potentialAction":[{"@type":"ReadAction","target":["https:\/\/kibrisdakik.com\/?p=15411"]}]},{"@type":"ImageObject","inLanguage":"tr","@id":"https:\/\/kibrisdakik.com\/?p=15411#primaryimage","url":"https:\/\/kibrisdakik.com\/wp-content\/uploads\/2023\/10\/WhatsApp-Image-2023-10-11-at-10.55.35-740x420.jpeg","contentUrl":"https:\/\/kibrisdakik.com\/wp-content\/uploads\/2023\/10\/WhatsApp-Image-2023-10-11-at-10.55.35-740x420.jpeg","width":1600,"height":721},{"@type":"BreadcrumbList","@id":"https:\/\/kibrisdakik.com\/?p=15411#breadcrumb","itemListElement":[{"@type":"ListItem","position":1,"name":"Home","item":"https:\/\/kibrisdakik.com\/"},{"@type":"ListItem","position":2,"name":"15. y\u00fczy\u0131l eseri olan \u2018Agios Georgios Kilisesi\u2019 koruma \u00e7al\u0131\u015fmalar\u0131 tamamland\u0131"}]},{"@type":"WebSite","@id":"https:\/\/kibrisdakik.com\/#website","url":"https:\/\/kibrisdakik.com\/","name":"","description":"Tam vaktinde haber","potentialAction":[{"@type":"SearchAction","target":{"@type":"EntryPoint","urlTemplate":"https:\/\/kibrisdakik.com\/?s={search_term_string}"},"query-input":{"@type":"PropertyValueSpecification","valueRequired":true,"valueName":"search_term_string"}}],"inLanguage":"tr"},{"@type":"Person","@id":"https:\/\/kibrisdakik.com\/#\/schema\/person\/9cd9d437bbb44f72b73ba127e06d8e79","name":"admin","image":{"@type":"ImageObject","inLanguage":"tr","@id":"https:\/\/secure.gravatar.com\/avatar\/ccc17943b9d660506c869530f897617f7cb1c21a4bf30023f252596d83e1f007?s=96&d=mm&r=g","url":"https:\/\/secure.gravatar.com\/avatar\/ccc17943b9d660506c869530f897617f7cb1c21a4bf30023f252596d83e1f007?s=96&d=mm&r=g","contentUrl":"https:\/\/secure.gravatar.com\/avatar\/ccc17943b9d660506c869530f897617f7cb1c21a4bf30023f252596d83e1f007?s=96&d=mm&r=g","caption":"admin"},"sameAs":["https:\/\/kibrisdakik.com"],"url":"https:\/\/kibrisdakik.com\/?author=1"}]}},"_links":{"self":[{"href":"https:\/\/kibrisdakik.com\/index.php?rest_route=\/wp\/v2\/posts\/15411","targetHints":{"allow":["GET"]}}],"collection":[{"href":"https:\/\/kibrisdakik.com\/index.php?rest_route=\/wp\/v2\/posts"}],"about":[{"href":"https:\/\/kibrisdakik.com\/index.php?rest_route=\/wp\/v2\/types\/post"}],"author":[{"embeddable":true,"href":"https:\/\/kibrisdakik.com\/index.php?rest_route=\/wp\/v2\/users\/1"}],"replies":[{"embeddable":true,"href":"https:\/\/kibrisdakik.com\/index.php?rest_route=%2Fwp%2Fv2%2Fcomments&post=15411"}],"version-history":[{"count":0,"href":"https:\/\/kibrisdakik.com\/index.php?rest_route=\/wp\/v2\/posts\/15411\/revisions"}],"wp:featuredmedia":[{"embeddable":true,"href":"https:\/\/kibrisdakik.com\/index.php?rest_route=\/wp\/v2\/media\/15412"}],"wp:attachment":[{"href":"https:\/\/kibrisdakik.com\/index.php?rest_route=%2Fwp%2Fv2%2Fmedia&parent=15411"}],"wp:term":[{"taxonomy":"category","embeddable":true,"href":"https:\/\/kibrisdakik.com\/index.php?rest_route=%2Fwp%2Fv2%2Fcategories&post=15411"},{"taxonomy":"post_tag","embeddable":true,"href":"https:\/\/kibrisdakik.com\/index.php?rest_route=%2Fwp%2Fv2%2Ftags&post=15411"}],"curies":[{"name":"wp","href":"https:\/\/api.w.org\/{rel}","templated":true}]}}