{"id":15438,"date":"2023-10-11T15:14:58","date_gmt":"2023-10-11T15:14:58","guid":{"rendered":"https:\/\/kibrisdakik.com\/index.php\/2023\/10\/11\/sahte-recete-duzenlenmesi-meselesi-ile-ilgili-iki-kisi-daha-zanli-olarak-tutuklandi-lefkosada-iki-cop-poseti-ilac-bulundu\/"},"modified":"2023-10-11T15:14:58","modified_gmt":"2023-10-11T15:14:58","slug":"sahte-recete-duzenlenmesi-meselesi-ile-ilgili-iki-kisi-daha-zanli-olarak-tutuklandi-lefkosada-iki-cop-poseti-ilac-bulundu","status":"publish","type":"post","link":"https:\/\/kibrisdakik.com\/?p=15438","title":{"rendered":"Sahte Re\u00e7ete D\u00fczenlenmesi meselesi ile ilgili iki ki\u015fi daha zanl\u0131 olarak tutukland\u0131. Lefko\u015fa\u2019da  iki \u00e7\u00f6p po\u015feti ila\u00e7 bulundu"},"content":{"rendered":"<p><\/p>\n<div>\n<div class=\"mariselle-image-container center\">\n                <img width=\"1120\" height=\"694\" class=\"lazy-image\" alt=\"\" decoding=\"async\" loading=\"lazy\" sizes=\"auto, (max-width: 1120px) 100vw, 1120px\" src=\"https:\/\/brtk.net\/wp-content\/uploads\/2023\/10\/11\/alskjdklasjdla.jpg?ver=6bdb91bb6a87333ccbd9678f6b53d6e8\" srcset=\"https:\/\/brtk.net\/wp-content\/uploads\/2023\/10\/11\/alskjdklasjdla.jpg?ver=6bdb91bb6a87333ccbd9678f6b53d6e8 1120w, https:\/\/brtk.net\/wp-content\/uploads\/2023\/10\/11\/alskjdklasjdla-300x186.jpg?ver=49dcb2f617fe8f24a9b1d4525523e646 300w, https:\/\/brtk.net\/wp-content\/uploads\/2023\/10\/11\/alskjdklasjdla-1024x635.jpg?ver=49dcb2f617fe8f24a9b1d4525523e646 1024w, https:\/\/brtk.net\/wp-content\/uploads\/2023\/10\/11\/alskjdklasjdla-768x476.jpg?ver=49dcb2f617fe8f24a9b1d4525523e646 768w\"\/>                            <\/div>\n<p>Polis Bas\u0131n Subayl\u0131\u011f\u0131\u2019ndan verilen bilgiye g\u00f6re Sahte Re\u00e7ete D\u00fczenlenmesi meselesi ile ilgili olarak Polis taraf\u0131ndan y\u00fcr\u00fct\u00fclen soru\u015fturma kapsam\u0131nda biri doktor, di\u011feri eczac\u0131 olmak \u00fczere bug\u00fcn iki ki\u015fi daha zanl\u0131 olarak tutukland\u0131. Tutuklanan zanl\u0131lar yar\u0131n sabah tutukluluk talebi ile Gazima\u011fusa Kaza Mahkemesi huzuruna \u00e7\u0131kar\u0131lacaklar.<\/p>\n<p>Ayr\u0131ca bug\u00fcn, Lefko\u015fa Sanayi b\u00f6lgesinde, iki \u00e7\u00f6p po\u015feti i\u00e7erisinde k\u00fcp\u00fcrleri kesik halde at\u0131lm\u0131\u015f ila\u00e7lar bulunarak emare olarak al\u0131nm\u0131\u015ft\u0131r. Soru\u015fturma devam etmektedir.<\/p>\n<\/p><\/div>\n<p><script async\n                    defer\n                    crossorigin=\"anonymous\"\n                    src=\"https:\/\/connect.facebook.net\/tr_TR\/sdk.js#xfbml=1&#038;version=v3.3\"\n            ><\/script><\/p>\n","protected":false},"excerpt":{"rendered":"<p>Polis Bas\u0131n Subayl\u0131\u011f\u0131\u2019ndan verilen bilgiye g\u00f6re Sahte Re\u00e7ete D\u00fczenlenmesi meselesi ile ilgili olarak Polis taraf\u0131ndan y\u00fcr\u00fct\u00fclen soru\u015fturma kapsam\u0131nda biri doktor, di\u011feri eczac\u0131 olmak \u00fczere bug\u00fcn iki ki\u015fi daha zanl\u0131 olarak tutukland\u0131. Tutuklanan zanl\u0131lar yar\u0131n sabah tutukluluk talebi ile Gazima\u011fusa Kaza Mahkemesi huzuruna \u00e7\u0131kar\u0131lacaklar. Ayr\u0131ca bug\u00fcn, Lefko\u015fa Sanayi b\u00f6lgesinde, iki \u00e7\u00f6p po\u015feti i\u00e7erisinde k\u00fcp\u00fcrleri kesik halde<\/p>\n","protected":false},"author":1,"featured_media":15439,"comment_status":"open","ping_status":"open","sticky":false,"template":"","format":"standard","meta":{"footnotes":""},"categories":[1],"tags":[],"class_list":["post-15438","post","type-post","status-publish","format-standard","has-post-thumbnail","hentry","category-gundem"],"yoast_head":"<!-- This site is optimized with the Yoast SEO plugin v27.4 - https:\/\/yoast.com\/product\/yoast-seo-wordpress\/ -->\n<title>Sahte Re\u00e7ete D\u00fczenlenmesi meselesi ile ilgili iki ki\u015fi daha zanl\u0131 olarak tutukland\u0131. Lefko\u015fa\u2019da iki \u00e7\u00f6p po\u015feti ila\u00e7 bulundu -<\/title>\n<meta name=\"robots\" content=\"index, follow, max-snippet:-1, max-image-preview:large, max-video-preview:-1\" \/>\n<link rel=\"canonical\" href=\"https:\/\/kibrisdakik.com\/?p=15438\" \/>\n<meta property=\"og:locale\" content=\"tr_TR\" \/>\n<meta property=\"og:type\" content=\"article\" \/>\n<meta property=\"og:title\" content=\"Sahte Re\u00e7ete D\u00fczenlenmesi meselesi ile ilgili iki ki\u015fi daha zanl\u0131 olarak tutukland\u0131. Lefko\u015fa\u2019da iki \u00e7\u00f6p po\u015feti ila\u00e7 bulundu -\" \/>\n<meta property=\"og:description\" content=\"Polis Bas\u0131n Subayl\u0131\u011f\u0131\u2019ndan verilen bilgiye g\u00f6re Sahte Re\u00e7ete D\u00fczenlenmesi meselesi ile ilgili olarak Polis taraf\u0131ndan y\u00fcr\u00fct\u00fclen soru\u015fturma kapsam\u0131nda biri doktor, di\u011feri eczac\u0131 olmak \u00fczere bug\u00fcn iki ki\u015fi daha zanl\u0131 olarak tutukland\u0131. Tutuklanan zanl\u0131lar yar\u0131n sabah tutukluluk talebi ile Gazima\u011fusa Kaza Mahkemesi huzuruna \u00e7\u0131kar\u0131lacaklar. Ayr\u0131ca bug\u00fcn, Lefko\u015fa Sanayi b\u00f6lgesinde, iki \u00e7\u00f6p po\u015feti i\u00e7erisinde k\u00fcp\u00fcrleri kesik halde\" \/>\n<meta property=\"og:url\" content=\"https:\/\/kibrisdakik.com\/?p=15438\" \/>\n<meta property=\"article:published_time\" content=\"2023-10-11T15:14:58+00:00\" \/>\n<meta property=\"og:image\" content=\"https:\/\/kibrisdakik.com\/wp-content\/uploads\/2023\/10\/alskjdklasjdla-740x420.jpg\" \/>\n\t<meta property=\"og:image:width\" content=\"1120\" \/>\n\t<meta property=\"og:image:height\" content=\"694\" \/>\n\t<meta property=\"og:image:type\" content=\"image\/jpeg\" \/>\n<meta name=\"author\" content=\"admin\" \/>\n<meta name=\"twitter:card\" content=\"summary_large_image\" \/>\n<meta name=\"twitter:label1\" content=\"Yazan:\" \/>\n\t<meta name=\"twitter:data1\" content=\"admin\" \/>\n<script type=\"application\/ld+json\" class=\"yoast-schema-graph\">{\"@context\":\"https:\\\/\\\/schema.org\",\"@graph\":[{\"@type\":\"Article\",\"@id\":\"https:\\\/\\\/kibrisdakik.com\\\/?p=15438#article\",\"isPartOf\":{\"@id\":\"https:\\\/\\\/kibrisdakik.com\\\/?p=15438\"},\"author\":{\"name\":\"admin\",\"@id\":\"https:\\\/\\\/kibrisdakik.com\\\/#\\\/schema\\\/person\\\/9cd9d437bbb44f72b73ba127e06d8e79\"},\"headline\":\"Sahte Re\u00e7ete D\u00fczenlenmesi meselesi ile ilgili iki ki\u015fi daha zanl\u0131 olarak tutukland\u0131. Lefko\u015fa\u2019da iki \u00e7\u00f6p po\u015feti ila\u00e7 bulundu\",\"datePublished\":\"2023-10-11T15:14:58+00:00\",\"mainEntityOfPage\":{\"@id\":\"https:\\\/\\\/kibrisdakik.com\\\/?p=15438\"},\"wordCount\":120,\"commentCount\":0,\"image\":{\"@id\":\"https:\\\/\\\/kibrisdakik.com\\\/?p=15438#primaryimage\"},\"thumbnailUrl\":\"https:\\\/\\\/kibrisdakik.com\\\/wp-content\\\/uploads\\\/2023\\\/10\\\/alskjdklasjdla-740x420.jpg\",\"articleSection\":[\"G\u00fcndem\"],\"inLanguage\":\"tr\",\"potentialAction\":[{\"@type\":\"CommentAction\",\"name\":\"Comment\",\"target\":[\"https:\\\/\\\/kibrisdakik.com\\\/?p=15438#respond\"]}]},{\"@type\":\"WebPage\",\"@id\":\"https:\\\/\\\/kibrisdakik.com\\\/?p=15438\",\"url\":\"https:\\\/\\\/kibrisdakik.com\\\/?p=15438\",\"name\":\"Sahte Re\u00e7ete D\u00fczenlenmesi meselesi ile ilgili iki ki\u015fi daha zanl\u0131 olarak tutukland\u0131. Lefko\u015fa\u2019da iki \u00e7\u00f6p po\u015feti ila\u00e7 bulundu -\",\"isPartOf\":{\"@id\":\"https:\\\/\\\/kibrisdakik.com\\\/#website\"},\"primaryImageOfPage\":{\"@id\":\"https:\\\/\\\/kibrisdakik.com\\\/?p=15438#primaryimage\"},\"image\":{\"@id\":\"https:\\\/\\\/kibrisdakik.com\\\/?p=15438#primaryimage\"},\"thumbnailUrl\":\"https:\\\/\\\/kibrisdakik.com\\\/wp-content\\\/uploads\\\/2023\\\/10\\\/alskjdklasjdla-740x420.jpg\",\"datePublished\":\"2023-10-11T15:14:58+00:00\",\"author\":{\"@id\":\"https:\\\/\\\/kibrisdakik.com\\\/#\\\/schema\\\/person\\\/9cd9d437bbb44f72b73ba127e06d8e79\"},\"breadcrumb\":{\"@id\":\"https:\\\/\\\/kibrisdakik.com\\\/?p=15438#breadcrumb\"},\"inLanguage\":\"tr\",\"potentialAction\":[{\"@type\":\"ReadAction\",\"target\":[\"https:\\\/\\\/kibrisdakik.com\\\/?p=15438\"]}]},{\"@type\":\"ImageObject\",\"inLanguage\":\"tr\",\"@id\":\"https:\\\/\\\/kibrisdakik.com\\\/?p=15438#primaryimage\",\"url\":\"https:\\\/\\\/kibrisdakik.com\\\/wp-content\\\/uploads\\\/2023\\\/10\\\/alskjdklasjdla-740x420.jpg\",\"contentUrl\":\"https:\\\/\\\/kibrisdakik.com\\\/wp-content\\\/uploads\\\/2023\\\/10\\\/alskjdklasjdla-740x420.jpg\",\"width\":1120,\"height\":694},{\"@type\":\"BreadcrumbList\",\"@id\":\"https:\\\/\\\/kibrisdakik.com\\\/?p=15438#breadcrumb\",\"itemListElement\":[{\"@type\":\"ListItem\",\"position\":1,\"name\":\"Home\",\"item\":\"https:\\\/\\\/kibrisdakik.com\\\/\"},{\"@type\":\"ListItem\",\"position\":2,\"name\":\"Sahte Re\u00e7ete D\u00fczenlenmesi meselesi ile ilgili iki ki\u015fi daha zanl\u0131 olarak tutukland\u0131. Lefko\u015fa\u2019da iki \u00e7\u00f6p po\u015feti ila\u00e7 bulundu\"}]},{\"@type\":\"WebSite\",\"@id\":\"https:\\\/\\\/kibrisdakik.com\\\/#website\",\"url\":\"https:\\\/\\\/kibrisdakik.com\\\/\",\"name\":\"\",\"description\":\"Tam vaktinde haber\",\"potentialAction\":[{\"@type\":\"SearchAction\",\"target\":{\"@type\":\"EntryPoint\",\"urlTemplate\":\"https:\\\/\\\/kibrisdakik.com\\\/?s={search_term_string}\"},\"query-input\":{\"@type\":\"PropertyValueSpecification\",\"valueRequired\":true,\"valueName\":\"search_term_string\"}}],\"inLanguage\":\"tr\"},{\"@type\":\"Person\",\"@id\":\"https:\\\/\\\/kibrisdakik.com\\\/#\\\/schema\\\/person\\\/9cd9d437bbb44f72b73ba127e06d8e79\",\"name\":\"admin\",\"image\":{\"@type\":\"ImageObject\",\"inLanguage\":\"tr\",\"@id\":\"https:\\\/\\\/secure.gravatar.com\\\/avatar\\\/ccc17943b9d660506c869530f897617f7cb1c21a4bf30023f252596d83e1f007?s=96&d=mm&r=g\",\"url\":\"https:\\\/\\\/secure.gravatar.com\\\/avatar\\\/ccc17943b9d660506c869530f897617f7cb1c21a4bf30023f252596d83e1f007?s=96&d=mm&r=g\",\"contentUrl\":\"https:\\\/\\\/secure.gravatar.com\\\/avatar\\\/ccc17943b9d660506c869530f897617f7cb1c21a4bf30023f252596d83e1f007?s=96&d=mm&r=g\",\"caption\":\"admin\"},\"sameAs\":[\"https:\\\/\\\/kibrisdakik.com\"],\"url\":\"https:\\\/\\\/kibrisdakik.com\\\/?author=1\"}]}<\/script>\n<!-- \/ Yoast SEO plugin. -->","yoast_head_json":{"title":"Sahte Re\u00e7ete D\u00fczenlenmesi meselesi ile ilgili iki ki\u015fi daha zanl\u0131 olarak tutukland\u0131. Lefko\u015fa\u2019da iki \u00e7\u00f6p po\u015feti ila\u00e7 bulundu -","robots":{"index":"index","follow":"follow","max-snippet":"max-snippet:-1","max-image-preview":"max-image-preview:large","max-video-preview":"max-video-preview:-1"},"canonical":"https:\/\/kibrisdakik.com\/?p=15438","og_locale":"tr_TR","og_type":"article","og_title":"Sahte Re\u00e7ete D\u00fczenlenmesi meselesi ile ilgili iki ki\u015fi daha zanl\u0131 olarak tutukland\u0131. Lefko\u015fa\u2019da iki \u00e7\u00f6p po\u015feti ila\u00e7 bulundu -","og_description":"Polis Bas\u0131n Subayl\u0131\u011f\u0131\u2019ndan verilen bilgiye g\u00f6re Sahte Re\u00e7ete D\u00fczenlenmesi meselesi ile ilgili olarak Polis taraf\u0131ndan y\u00fcr\u00fct\u00fclen soru\u015fturma kapsam\u0131nda biri doktor, di\u011feri eczac\u0131 olmak \u00fczere bug\u00fcn iki ki\u015fi daha zanl\u0131 olarak tutukland\u0131. Tutuklanan zanl\u0131lar yar\u0131n sabah tutukluluk talebi ile Gazima\u011fusa Kaza Mahkemesi huzuruna \u00e7\u0131kar\u0131lacaklar. Ayr\u0131ca bug\u00fcn, Lefko\u015fa Sanayi b\u00f6lgesinde, iki \u00e7\u00f6p po\u015feti i\u00e7erisinde k\u00fcp\u00fcrleri kesik halde","og_url":"https:\/\/kibrisdakik.com\/?p=15438","article_published_time":"2023-10-11T15:14:58+00:00","og_image":[{"width":1120,"height":694,"url":"https:\/\/kibrisdakik.com\/wp-content\/uploads\/2023\/10\/alskjdklasjdla-740x420.jpg","type":"image\/jpeg"}],"author":"admin","twitter_card":"summary_large_image","twitter_misc":{"Yazan:":"admin"},"schema":{"@context":"https:\/\/schema.org","@graph":[{"@type":"Article","@id":"https:\/\/kibrisdakik.com\/?p=15438#article","isPartOf":{"@id":"https:\/\/kibrisdakik.com\/?p=15438"},"author":{"name":"admin","@id":"https:\/\/kibrisdakik.com\/#\/schema\/person\/9cd9d437bbb44f72b73ba127e06d8e79"},"headline":"Sahte Re\u00e7ete D\u00fczenlenmesi meselesi ile ilgili iki ki\u015fi daha zanl\u0131 olarak tutukland\u0131. Lefko\u015fa\u2019da iki \u00e7\u00f6p po\u015feti ila\u00e7 bulundu","datePublished":"2023-10-11T15:14:58+00:00","mainEntityOfPage":{"@id":"https:\/\/kibrisdakik.com\/?p=15438"},"wordCount":120,"commentCount":0,"image":{"@id":"https:\/\/kibrisdakik.com\/?p=15438#primaryimage"},"thumbnailUrl":"https:\/\/kibrisdakik.com\/wp-content\/uploads\/2023\/10\/alskjdklasjdla-740x420.jpg","articleSection":["G\u00fcndem"],"inLanguage":"tr","potentialAction":[{"@type":"CommentAction","name":"Comment","target":["https:\/\/kibrisdakik.com\/?p=15438#respond"]}]},{"@type":"WebPage","@id":"https:\/\/kibrisdakik.com\/?p=15438","url":"https:\/\/kibrisdakik.com\/?p=15438","name":"Sahte Re\u00e7ete D\u00fczenlenmesi meselesi ile ilgili iki ki\u015fi daha zanl\u0131 olarak tutukland\u0131. Lefko\u015fa\u2019da iki \u00e7\u00f6p po\u015feti ila\u00e7 bulundu -","isPartOf":{"@id":"https:\/\/kibrisdakik.com\/#website"},"primaryImageOfPage":{"@id":"https:\/\/kibrisdakik.com\/?p=15438#primaryimage"},"image":{"@id":"https:\/\/kibrisdakik.com\/?p=15438#primaryimage"},"thumbnailUrl":"https:\/\/kibrisdakik.com\/wp-content\/uploads\/2023\/10\/alskjdklasjdla-740x420.jpg","datePublished":"2023-10-11T15:14:58+00:00","author":{"@id":"https:\/\/kibrisdakik.com\/#\/schema\/person\/9cd9d437bbb44f72b73ba127e06d8e79"},"breadcrumb":{"@id":"https:\/\/kibrisdakik.com\/?p=15438#breadcrumb"},"inLanguage":"tr","potentialAction":[{"@type":"ReadAction","target":["https:\/\/kibrisdakik.com\/?p=15438"]}]},{"@type":"ImageObject","inLanguage":"tr","@id":"https:\/\/kibrisdakik.com\/?p=15438#primaryimage","url":"https:\/\/kibrisdakik.com\/wp-content\/uploads\/2023\/10\/alskjdklasjdla-740x420.jpg","contentUrl":"https:\/\/kibrisdakik.com\/wp-content\/uploads\/2023\/10\/alskjdklasjdla-740x420.jpg","width":1120,"height":694},{"@type":"BreadcrumbList","@id":"https:\/\/kibrisdakik.com\/?p=15438#breadcrumb","itemListElement":[{"@type":"ListItem","position":1,"name":"Home","item":"https:\/\/kibrisdakik.com\/"},{"@type":"ListItem","position":2,"name":"Sahte Re\u00e7ete D\u00fczenlenmesi meselesi ile ilgili iki ki\u015fi daha zanl\u0131 olarak tutukland\u0131. Lefko\u015fa\u2019da iki \u00e7\u00f6p po\u015feti ila\u00e7 bulundu"}]},{"@type":"WebSite","@id":"https:\/\/kibrisdakik.com\/#website","url":"https:\/\/kibrisdakik.com\/","name":"","description":"Tam vaktinde haber","potentialAction":[{"@type":"SearchAction","target":{"@type":"EntryPoint","urlTemplate":"https:\/\/kibrisdakik.com\/?s={search_term_string}"},"query-input":{"@type":"PropertyValueSpecification","valueRequired":true,"valueName":"search_term_string"}}],"inLanguage":"tr"},{"@type":"Person","@id":"https:\/\/kibrisdakik.com\/#\/schema\/person\/9cd9d437bbb44f72b73ba127e06d8e79","name":"admin","image":{"@type":"ImageObject","inLanguage":"tr","@id":"https:\/\/secure.gravatar.com\/avatar\/ccc17943b9d660506c869530f897617f7cb1c21a4bf30023f252596d83e1f007?s=96&d=mm&r=g","url":"https:\/\/secure.gravatar.com\/avatar\/ccc17943b9d660506c869530f897617f7cb1c21a4bf30023f252596d83e1f007?s=96&d=mm&r=g","contentUrl":"https:\/\/secure.gravatar.com\/avatar\/ccc17943b9d660506c869530f897617f7cb1c21a4bf30023f252596d83e1f007?s=96&d=mm&r=g","caption":"admin"},"sameAs":["https:\/\/kibrisdakik.com"],"url":"https:\/\/kibrisdakik.com\/?author=1"}]}},"_links":{"self":[{"href":"https:\/\/kibrisdakik.com\/index.php?rest_route=\/wp\/v2\/posts\/15438","targetHints":{"allow":["GET"]}}],"collection":[{"href":"https:\/\/kibrisdakik.com\/index.php?rest_route=\/wp\/v2\/posts"}],"about":[{"href":"https:\/\/kibrisdakik.com\/index.php?rest_route=\/wp\/v2\/types\/post"}],"author":[{"embeddable":true,"href":"https:\/\/kibrisdakik.com\/index.php?rest_route=\/wp\/v2\/users\/1"}],"replies":[{"embeddable":true,"href":"https:\/\/kibrisdakik.com\/index.php?rest_route=%2Fwp%2Fv2%2Fcomments&post=15438"}],"version-history":[{"count":0,"href":"https:\/\/kibrisdakik.com\/index.php?rest_route=\/wp\/v2\/posts\/15438\/revisions"}],"wp:featuredmedia":[{"embeddable":true,"href":"https:\/\/kibrisdakik.com\/index.php?rest_route=\/wp\/v2\/media\/15439"}],"wp:attachment":[{"href":"https:\/\/kibrisdakik.com\/index.php?rest_route=%2Fwp%2Fv2%2Fmedia&parent=15438"}],"wp:term":[{"taxonomy":"category","embeddable":true,"href":"https:\/\/kibrisdakik.com\/index.php?rest_route=%2Fwp%2Fv2%2Fcategories&post=15438"},{"taxonomy":"post_tag","embeddable":true,"href":"https:\/\/kibrisdakik.com\/index.php?rest_route=%2Fwp%2Fv2%2Ftags&post=15438"}],"curies":[{"name":"wp","href":"https:\/\/api.w.org\/{rel}","templated":true}]}}