{"id":15459,"date":"2023-10-11T20:22:16","date_gmt":"2023-10-11T20:22:16","guid":{"rendered":"https:\/\/kibrisdakik.com\/index.php\/2023\/10\/11\/maliyede-bes-sendika-ile-gorusme-yapildi\/"},"modified":"2023-10-11T20:22:16","modified_gmt":"2023-10-11T20:22:16","slug":"maliyede-bes-sendika-ile-gorusme-yapildi","status":"publish","type":"post","link":"https:\/\/kibrisdakik.com\/?p=15459","title":{"rendered":"Maliye\u2019de be\u015f sendika ile g\u00f6r\u00fc\u015fme yap\u0131ld\u0131"},"content":{"rendered":"<p><\/p>\n<div>\n<div class=\"mariselle-image-container none\">\n                <img width=\"1024\" height=\"529\" class=\"lazy-image\" alt=\"\" decoding=\"async\" loading=\"lazy\" sizes=\"auto, (max-width: 1024px) 100vw, 1024px\" src=\"https:\/\/brtk.net\/wp-content\/uploads\/2023\/10\/11\/maliye-sendikalar.jpeg?ver=aec6d537fb68a07b0c9f7fb57ef1f3c4\" srcset=\"https:\/\/brtk.net\/wp-content\/uploads\/2023\/10\/11\/maliye-sendikalar.jpeg?ver=aec6d537fb68a07b0c9f7fb57ef1f3c4 1024w, https:\/\/brtk.net\/wp-content\/uploads\/2023\/10\/11\/maliye-sendikalar-300x155.jpeg?ver=aec6d537fb68a07b0c9f7fb57ef1f3c4 300w, https:\/\/brtk.net\/wp-content\/uploads\/2023\/10\/11\/maliye-sendikalar-768x397.jpeg?ver=88c6289a4666678e63d085e001812f41 768w\"\/>                            <\/div>\n<p>Maliye Bakanl\u0131\u011f\u0131 yetkilileri, kamuda yetkili be\u015f sendika ile g\u00f6r\u00fc\u015ft\u00fc. G\u00f6r\u00fc\u015fmede ele al\u0131nan konular aras\u0131na hayat pahal\u0131l\u0131\u011f\u0131n\u0131n y\u0131lda 3 kez verilmesi de vard\u0131.<\/p>\n<p>Bakanl\u0131ktan verilen bilgiye g\u00f6re, Maliye Bakanl\u0131\u011f\u0131nda yap\u0131lan toplant\u0131da, hayat pahal\u0131l\u0131\u011f\u0131 \u00f6dene\u011finin 2024 y\u0131l\u0131nda y\u0131lda 3 kere verilmek \u00fczere d\u00fczenlenmesi halinde Maliye Bakanl\u0131\u011f\u0131\u2019nda yap\u0131lacak teknik d\u00fczenlemeler ile di\u011fer konularda yap\u0131lmas\u0131 talep edilen teknik \u00e7al\u0131\u015fmalar ve 2024 y\u0131l\u0131 i\u00e7in Vergi dilimleri ile ki\u015fisel muafiyetlerinin g\u00fcncellenmesi g\u00f6r\u00fc\u015f\u00fcld\u00fc.<\/p>\n<p>G\u00f6r\u00fc\u015fmede, Maliye Bakanl\u0131\u011f\u0131 Genel Koordinat\u00f6r\u00fc Saadet H\u00fcdaverdi, Maliye Bakanl\u0131\u011f\u0131 M\u00fcste\u015far\u0131 Burak \u015eof\u00f6ro\u011flu, K\u0131br\u0131s T\u00fcrk Amme Memurlar\u0131 Sendikas\u0131 (KTAMS) Ba\u015fkan\u0131 G\u00fcven Bengihan, K\u0131br\u0131s T\u00fcrk Kamu G\u00f6revlileri Sendikas\u0131 (KAMU-SEN) Ba\u015fkan\u0131 Metin Atan, Kamu \u0130\u015f\u00e7ileri Sendikas\u0131 (KAMU-\u0130\u015e) Ba\u015fkan\u0131 Ahmet Serdaro\u011flu, K\u0131br\u0131s T\u00fcrk Orta E\u011fitim \u00d6\u011fretmenler Sendikas\u0131 (KTOE\u00d6S) Genel Sekreteri Tahir G\u00f6k\u00e7ebel, K\u0131br\u0131s T\u00fcrk \u00d6\u011fretmenler Sendikas\u0131 (KT\u00d6S) Ba\u015fkan\u0131 Mustafa Baybora, KAMU-SEN Genel Sekreteri \u00d6zg\u00fcr K\u0131dr\u0131\u015fl\u0131o\u011flu, KTOE\u00d6S E\u011fitim Sekreteri Adnan Zekai, KT\u00d6S E\u011fitim Sekreteri S\u00fcleyman Gelener ile Kamu-\u0130\u015f Mali Sekreteri Dervi\u015f Delikurt haz\u0131r bulundu.<\/p>\n<\/p><\/div>\n<p><script async\n                    defer\n                    crossorigin=\"anonymous\"\n                    src=\"https:\/\/connect.facebook.net\/tr_TR\/sdk.js#xfbml=1&#038;version=v3.3\"\n            ><\/script><\/p>\n","protected":false},"excerpt":{"rendered":"<p>Maliye Bakanl\u0131\u011f\u0131 yetkilileri, kamuda yetkili be\u015f sendika ile g\u00f6r\u00fc\u015ft\u00fc. G\u00f6r\u00fc\u015fmede ele al\u0131nan konular aras\u0131na hayat pahal\u0131l\u0131\u011f\u0131n\u0131n y\u0131lda 3 kez verilmesi de vard\u0131. Bakanl\u0131ktan verilen bilgiye g\u00f6re, Maliye Bakanl\u0131\u011f\u0131nda yap\u0131lan toplant\u0131da, hayat pahal\u0131l\u0131\u011f\u0131 \u00f6dene\u011finin 2024 y\u0131l\u0131nda y\u0131lda 3 kere verilmek \u00fczere d\u00fczenlenmesi halinde Maliye Bakanl\u0131\u011f\u0131\u2019nda yap\u0131lacak teknik d\u00fczenlemeler ile di\u011fer konularda yap\u0131lmas\u0131 talep edilen teknik \u00e7al\u0131\u015fmalar<\/p>\n","protected":false},"author":1,"featured_media":15460,"comment_status":"open","ping_status":"open","sticky":false,"template":"","format":"standard","meta":{"footnotes":""},"categories":[1],"tags":[],"class_list":["post-15459","post","type-post","status-publish","format-standard","has-post-thumbnail","hentry","category-gundem"],"yoast_head":"<!-- This site is optimized with the Yoast SEO plugin v27.4 - https:\/\/yoast.com\/product\/yoast-seo-wordpress\/ -->\n<title>Maliye\u2019de be\u015f sendika ile g\u00f6r\u00fc\u015fme yap\u0131ld\u0131 -<\/title>\n<meta name=\"robots\" content=\"index, follow, max-snippet:-1, max-image-preview:large, max-video-preview:-1\" \/>\n<link rel=\"canonical\" href=\"https:\/\/kibrisdakik.com\/?p=15459\" \/>\n<meta property=\"og:locale\" content=\"tr_TR\" \/>\n<meta property=\"og:type\" content=\"article\" \/>\n<meta property=\"og:title\" content=\"Maliye\u2019de be\u015f sendika ile g\u00f6r\u00fc\u015fme yap\u0131ld\u0131 -\" \/>\n<meta property=\"og:description\" content=\"Maliye Bakanl\u0131\u011f\u0131 yetkilileri, kamuda yetkili be\u015f sendika ile g\u00f6r\u00fc\u015ft\u00fc. G\u00f6r\u00fc\u015fmede ele al\u0131nan konular aras\u0131na hayat pahal\u0131l\u0131\u011f\u0131n\u0131n y\u0131lda 3 kez verilmesi de vard\u0131. Bakanl\u0131ktan verilen bilgiye g\u00f6re, Maliye Bakanl\u0131\u011f\u0131nda yap\u0131lan toplant\u0131da, hayat pahal\u0131l\u0131\u011f\u0131 \u00f6dene\u011finin 2024 y\u0131l\u0131nda y\u0131lda 3 kere verilmek \u00fczere d\u00fczenlenmesi halinde Maliye Bakanl\u0131\u011f\u0131\u2019nda yap\u0131lacak teknik d\u00fczenlemeler ile di\u011fer konularda yap\u0131lmas\u0131 talep edilen teknik \u00e7al\u0131\u015fmalar\" \/>\n<meta property=\"og:url\" content=\"https:\/\/kibrisdakik.com\/?p=15459\" \/>\n<meta property=\"article:published_time\" content=\"2023-10-11T20:22:16+00:00\" \/>\n<meta property=\"og:image\" content=\"https:\/\/kibrisdakik.com\/wp-content\/uploads\/2023\/10\/maliye-sendikalar-740x420.jpeg\" \/>\n\t<meta property=\"og:image:width\" content=\"1024\" \/>\n\t<meta property=\"og:image:height\" content=\"529\" \/>\n\t<meta property=\"og:image:type\" content=\"image\/jpeg\" \/>\n<meta name=\"author\" content=\"admin\" \/>\n<meta name=\"twitter:card\" content=\"summary_large_image\" \/>\n<meta name=\"twitter:label1\" content=\"Yazan:\" \/>\n\t<meta name=\"twitter:data1\" content=\"admin\" \/>\n\t<meta name=\"twitter:label2\" content=\"Tahmini okuma s\u00fcresi\" \/>\n\t<meta name=\"twitter:data2\" content=\"1 dakika\" \/>\n<script type=\"application\/ld+json\" class=\"yoast-schema-graph\">{\"@context\":\"https:\\\/\\\/schema.org\",\"@graph\":[{\"@type\":\"Article\",\"@id\":\"https:\\\/\\\/kibrisdakik.com\\\/?p=15459#article\",\"isPartOf\":{\"@id\":\"https:\\\/\\\/kibrisdakik.com\\\/?p=15459\"},\"author\":{\"name\":\"admin\",\"@id\":\"https:\\\/\\\/kibrisdakik.com\\\/#\\\/schema\\\/person\\\/9cd9d437bbb44f72b73ba127e06d8e79\"},\"headline\":\"Maliye\u2019de be\u015f sendika ile g\u00f6r\u00fc\u015fme yap\u0131ld\u0131\",\"datePublished\":\"2023-10-11T20:22:16+00:00\",\"mainEntityOfPage\":{\"@id\":\"https:\\\/\\\/kibrisdakik.com\\\/?p=15459\"},\"wordCount\":227,\"commentCount\":0,\"image\":{\"@id\":\"https:\\\/\\\/kibrisdakik.com\\\/?p=15459#primaryimage\"},\"thumbnailUrl\":\"https:\\\/\\\/kibrisdakik.com\\\/wp-content\\\/uploads\\\/2023\\\/10\\\/maliye-sendikalar-740x420.jpeg\",\"articleSection\":[\"G\u00fcndem\"],\"inLanguage\":\"tr\",\"potentialAction\":[{\"@type\":\"CommentAction\",\"name\":\"Comment\",\"target\":[\"https:\\\/\\\/kibrisdakik.com\\\/?p=15459#respond\"]}]},{\"@type\":\"WebPage\",\"@id\":\"https:\\\/\\\/kibrisdakik.com\\\/?p=15459\",\"url\":\"https:\\\/\\\/kibrisdakik.com\\\/?p=15459\",\"name\":\"Maliye\u2019de be\u015f sendika ile g\u00f6r\u00fc\u015fme yap\u0131ld\u0131 -\",\"isPartOf\":{\"@id\":\"https:\\\/\\\/kibrisdakik.com\\\/#website\"},\"primaryImageOfPage\":{\"@id\":\"https:\\\/\\\/kibrisdakik.com\\\/?p=15459#primaryimage\"},\"image\":{\"@id\":\"https:\\\/\\\/kibrisdakik.com\\\/?p=15459#primaryimage\"},\"thumbnailUrl\":\"https:\\\/\\\/kibrisdakik.com\\\/wp-content\\\/uploads\\\/2023\\\/10\\\/maliye-sendikalar-740x420.jpeg\",\"datePublished\":\"2023-10-11T20:22:16+00:00\",\"author\":{\"@id\":\"https:\\\/\\\/kibrisdakik.com\\\/#\\\/schema\\\/person\\\/9cd9d437bbb44f72b73ba127e06d8e79\"},\"breadcrumb\":{\"@id\":\"https:\\\/\\\/kibrisdakik.com\\\/?p=15459#breadcrumb\"},\"inLanguage\":\"tr\",\"potentialAction\":[{\"@type\":\"ReadAction\",\"target\":[\"https:\\\/\\\/kibrisdakik.com\\\/?p=15459\"]}]},{\"@type\":\"ImageObject\",\"inLanguage\":\"tr\",\"@id\":\"https:\\\/\\\/kibrisdakik.com\\\/?p=15459#primaryimage\",\"url\":\"https:\\\/\\\/kibrisdakik.com\\\/wp-content\\\/uploads\\\/2023\\\/10\\\/maliye-sendikalar-740x420.jpeg\",\"contentUrl\":\"https:\\\/\\\/kibrisdakik.com\\\/wp-content\\\/uploads\\\/2023\\\/10\\\/maliye-sendikalar-740x420.jpeg\",\"width\":1024,\"height\":529},{\"@type\":\"BreadcrumbList\",\"@id\":\"https:\\\/\\\/kibrisdakik.com\\\/?p=15459#breadcrumb\",\"itemListElement\":[{\"@type\":\"ListItem\",\"position\":1,\"name\":\"Home\",\"item\":\"https:\\\/\\\/kibrisdakik.com\\\/\"},{\"@type\":\"ListItem\",\"position\":2,\"name\":\"Maliye\u2019de be\u015f sendika ile g\u00f6r\u00fc\u015fme yap\u0131ld\u0131\"}]},{\"@type\":\"WebSite\",\"@id\":\"https:\\\/\\\/kibrisdakik.com\\\/#website\",\"url\":\"https:\\\/\\\/kibrisdakik.com\\\/\",\"name\":\"\",\"description\":\"Tam vaktinde haber\",\"potentialAction\":[{\"@type\":\"SearchAction\",\"target\":{\"@type\":\"EntryPoint\",\"urlTemplate\":\"https:\\\/\\\/kibrisdakik.com\\\/?s={search_term_string}\"},\"query-input\":{\"@type\":\"PropertyValueSpecification\",\"valueRequired\":true,\"valueName\":\"search_term_string\"}}],\"inLanguage\":\"tr\"},{\"@type\":\"Person\",\"@id\":\"https:\\\/\\\/kibrisdakik.com\\\/#\\\/schema\\\/person\\\/9cd9d437bbb44f72b73ba127e06d8e79\",\"name\":\"admin\",\"image\":{\"@type\":\"ImageObject\",\"inLanguage\":\"tr\",\"@id\":\"https:\\\/\\\/secure.gravatar.com\\\/avatar\\\/ccc17943b9d660506c869530f897617f7cb1c21a4bf30023f252596d83e1f007?s=96&d=mm&r=g\",\"url\":\"https:\\\/\\\/secure.gravatar.com\\\/avatar\\\/ccc17943b9d660506c869530f897617f7cb1c21a4bf30023f252596d83e1f007?s=96&d=mm&r=g\",\"contentUrl\":\"https:\\\/\\\/secure.gravatar.com\\\/avatar\\\/ccc17943b9d660506c869530f897617f7cb1c21a4bf30023f252596d83e1f007?s=96&d=mm&r=g\",\"caption\":\"admin\"},\"sameAs\":[\"https:\\\/\\\/kibrisdakik.com\"],\"url\":\"https:\\\/\\\/kibrisdakik.com\\\/?author=1\"}]}<\/script>\n<!-- \/ Yoast SEO plugin. -->","yoast_head_json":{"title":"Maliye\u2019de be\u015f sendika ile g\u00f6r\u00fc\u015fme yap\u0131ld\u0131 -","robots":{"index":"index","follow":"follow","max-snippet":"max-snippet:-1","max-image-preview":"max-image-preview:large","max-video-preview":"max-video-preview:-1"},"canonical":"https:\/\/kibrisdakik.com\/?p=15459","og_locale":"tr_TR","og_type":"article","og_title":"Maliye\u2019de be\u015f sendika ile g\u00f6r\u00fc\u015fme yap\u0131ld\u0131 -","og_description":"Maliye Bakanl\u0131\u011f\u0131 yetkilileri, kamuda yetkili be\u015f sendika ile g\u00f6r\u00fc\u015ft\u00fc. G\u00f6r\u00fc\u015fmede ele al\u0131nan konular aras\u0131na hayat pahal\u0131l\u0131\u011f\u0131n\u0131n y\u0131lda 3 kez verilmesi de vard\u0131. Bakanl\u0131ktan verilen bilgiye g\u00f6re, Maliye Bakanl\u0131\u011f\u0131nda yap\u0131lan toplant\u0131da, hayat pahal\u0131l\u0131\u011f\u0131 \u00f6dene\u011finin 2024 y\u0131l\u0131nda y\u0131lda 3 kere verilmek \u00fczere d\u00fczenlenmesi halinde Maliye Bakanl\u0131\u011f\u0131\u2019nda yap\u0131lacak teknik d\u00fczenlemeler ile di\u011fer konularda yap\u0131lmas\u0131 talep edilen teknik \u00e7al\u0131\u015fmalar","og_url":"https:\/\/kibrisdakik.com\/?p=15459","article_published_time":"2023-10-11T20:22:16+00:00","og_image":[{"width":1024,"height":529,"url":"https:\/\/kibrisdakik.com\/wp-content\/uploads\/2023\/10\/maliye-sendikalar-740x420.jpeg","type":"image\/jpeg"}],"author":"admin","twitter_card":"summary_large_image","twitter_misc":{"Yazan:":"admin","Tahmini okuma s\u00fcresi":"1 dakika"},"schema":{"@context":"https:\/\/schema.org","@graph":[{"@type":"Article","@id":"https:\/\/kibrisdakik.com\/?p=15459#article","isPartOf":{"@id":"https:\/\/kibrisdakik.com\/?p=15459"},"author":{"name":"admin","@id":"https:\/\/kibrisdakik.com\/#\/schema\/person\/9cd9d437bbb44f72b73ba127e06d8e79"},"headline":"Maliye\u2019de be\u015f sendika ile g\u00f6r\u00fc\u015fme yap\u0131ld\u0131","datePublished":"2023-10-11T20:22:16+00:00","mainEntityOfPage":{"@id":"https:\/\/kibrisdakik.com\/?p=15459"},"wordCount":227,"commentCount":0,"image":{"@id":"https:\/\/kibrisdakik.com\/?p=15459#primaryimage"},"thumbnailUrl":"https:\/\/kibrisdakik.com\/wp-content\/uploads\/2023\/10\/maliye-sendikalar-740x420.jpeg","articleSection":["G\u00fcndem"],"inLanguage":"tr","potentialAction":[{"@type":"CommentAction","name":"Comment","target":["https:\/\/kibrisdakik.com\/?p=15459#respond"]}]},{"@type":"WebPage","@id":"https:\/\/kibrisdakik.com\/?p=15459","url":"https:\/\/kibrisdakik.com\/?p=15459","name":"Maliye\u2019de be\u015f sendika ile g\u00f6r\u00fc\u015fme yap\u0131ld\u0131 -","isPartOf":{"@id":"https:\/\/kibrisdakik.com\/#website"},"primaryImageOfPage":{"@id":"https:\/\/kibrisdakik.com\/?p=15459#primaryimage"},"image":{"@id":"https:\/\/kibrisdakik.com\/?p=15459#primaryimage"},"thumbnailUrl":"https:\/\/kibrisdakik.com\/wp-content\/uploads\/2023\/10\/maliye-sendikalar-740x420.jpeg","datePublished":"2023-10-11T20:22:16+00:00","author":{"@id":"https:\/\/kibrisdakik.com\/#\/schema\/person\/9cd9d437bbb44f72b73ba127e06d8e79"},"breadcrumb":{"@id":"https:\/\/kibrisdakik.com\/?p=15459#breadcrumb"},"inLanguage":"tr","potentialAction":[{"@type":"ReadAction","target":["https:\/\/kibrisdakik.com\/?p=15459"]}]},{"@type":"ImageObject","inLanguage":"tr","@id":"https:\/\/kibrisdakik.com\/?p=15459#primaryimage","url":"https:\/\/kibrisdakik.com\/wp-content\/uploads\/2023\/10\/maliye-sendikalar-740x420.jpeg","contentUrl":"https:\/\/kibrisdakik.com\/wp-content\/uploads\/2023\/10\/maliye-sendikalar-740x420.jpeg","width":1024,"height":529},{"@type":"BreadcrumbList","@id":"https:\/\/kibrisdakik.com\/?p=15459#breadcrumb","itemListElement":[{"@type":"ListItem","position":1,"name":"Home","item":"https:\/\/kibrisdakik.com\/"},{"@type":"ListItem","position":2,"name":"Maliye\u2019de be\u015f sendika ile g\u00f6r\u00fc\u015fme yap\u0131ld\u0131"}]},{"@type":"WebSite","@id":"https:\/\/kibrisdakik.com\/#website","url":"https:\/\/kibrisdakik.com\/","name":"","description":"Tam vaktinde haber","potentialAction":[{"@type":"SearchAction","target":{"@type":"EntryPoint","urlTemplate":"https:\/\/kibrisdakik.com\/?s={search_term_string}"},"query-input":{"@type":"PropertyValueSpecification","valueRequired":true,"valueName":"search_term_string"}}],"inLanguage":"tr"},{"@type":"Person","@id":"https:\/\/kibrisdakik.com\/#\/schema\/person\/9cd9d437bbb44f72b73ba127e06d8e79","name":"admin","image":{"@type":"ImageObject","inLanguage":"tr","@id":"https:\/\/secure.gravatar.com\/avatar\/ccc17943b9d660506c869530f897617f7cb1c21a4bf30023f252596d83e1f007?s=96&d=mm&r=g","url":"https:\/\/secure.gravatar.com\/avatar\/ccc17943b9d660506c869530f897617f7cb1c21a4bf30023f252596d83e1f007?s=96&d=mm&r=g","contentUrl":"https:\/\/secure.gravatar.com\/avatar\/ccc17943b9d660506c869530f897617f7cb1c21a4bf30023f252596d83e1f007?s=96&d=mm&r=g","caption":"admin"},"sameAs":["https:\/\/kibrisdakik.com"],"url":"https:\/\/kibrisdakik.com\/?author=1"}]}},"_links":{"self":[{"href":"https:\/\/kibrisdakik.com\/index.php?rest_route=\/wp\/v2\/posts\/15459","targetHints":{"allow":["GET"]}}],"collection":[{"href":"https:\/\/kibrisdakik.com\/index.php?rest_route=\/wp\/v2\/posts"}],"about":[{"href":"https:\/\/kibrisdakik.com\/index.php?rest_route=\/wp\/v2\/types\/post"}],"author":[{"embeddable":true,"href":"https:\/\/kibrisdakik.com\/index.php?rest_route=\/wp\/v2\/users\/1"}],"replies":[{"embeddable":true,"href":"https:\/\/kibrisdakik.com\/index.php?rest_route=%2Fwp%2Fv2%2Fcomments&post=15459"}],"version-history":[{"count":0,"href":"https:\/\/kibrisdakik.com\/index.php?rest_route=\/wp\/v2\/posts\/15459\/revisions"}],"wp:featuredmedia":[{"embeddable":true,"href":"https:\/\/kibrisdakik.com\/index.php?rest_route=\/wp\/v2\/media\/15460"}],"wp:attachment":[{"href":"https:\/\/kibrisdakik.com\/index.php?rest_route=%2Fwp%2Fv2%2Fmedia&parent=15459"}],"wp:term":[{"taxonomy":"category","embeddable":true,"href":"https:\/\/kibrisdakik.com\/index.php?rest_route=%2Fwp%2Fv2%2Fcategories&post=15459"},{"taxonomy":"post_tag","embeddable":true,"href":"https:\/\/kibrisdakik.com\/index.php?rest_route=%2Fwp%2Fv2%2Ftags&post=15459"}],"curies":[{"name":"wp","href":"https:\/\/api.w.org\/{rel}","templated":true}]}}