{"id":15532,"date":"2023-10-13T00:02:04","date_gmt":"2023-10-13T00:02:04","guid":{"rendered":"https:\/\/kibrisdakik.com\/index.php\/2023\/10\/13\/gardiyanoglu-ankarada-calisma-yasami-ve-sosyal-hizmetlerle-ilgili-uygulamalari-inceledi\/"},"modified":"2023-10-13T00:02:04","modified_gmt":"2023-10-13T00:02:04","slug":"gardiyanoglu-ankarada-calisma-yasami-ve-sosyal-hizmetlerle-ilgili-uygulamalari-inceledi","status":"publish","type":"post","link":"https:\/\/kibrisdakik.com\/?p=15532","title":{"rendered":"Gardiyano\u011flu Ankara\u2019da \u00e7al\u0131\u015fma ya\u015fam\u0131 ve sosyal hizmetlerle ilgili uygulamalar\u0131 inceledi"},"content":{"rendered":"<p><\/p>\n<div>\n<div class=\"mariselle-image-container center\">\n                <img width=\"2046\" height=\"918\" class=\"lazy-image\" alt=\"\" decoding=\"async\" loading=\"lazy\" sizes=\"auto, (max-width: 2046px) 100vw, 2046px\" src=\"https:\/\/brtk.net\/wp-content\/uploads\/2023\/10\/12\/iskur1.jpg?ver=e7effe135c4e804ef94fb3e440703606\" srcset=\"https:\/\/brtk.net\/wp-content\/uploads\/2023\/10\/12\/iskur1.jpg?ver=e7effe135c4e804ef94fb3e440703606 2046w, https:\/\/brtk.net\/wp-content\/uploads\/2023\/10\/12\/iskur1-300x135.jpg?ver=e7effe135c4e804ef94fb3e440703606 300w, https:\/\/brtk.net\/wp-content\/uploads\/2023\/10\/12\/iskur1-1024x459.jpg?ver=a49dbc5452cbf74c26f32260f4a1b695 1024w, https:\/\/brtk.net\/wp-content\/uploads\/2023\/10\/12\/iskur1-768x345.jpg?ver=a49dbc5452cbf74c26f32260f4a1b695 768w, https:\/\/brtk.net\/wp-content\/uploads\/2023\/10\/12\/iskur1-1536x689.jpg?ver=a49dbc5452cbf74c26f32260f4a1b695 1536w\"\/>                            <\/div>\n<p>\u00c7al\u0131\u015fma ve Sosyal G\u00fcvenlik Bakan\u0131 Sad\u0131k Gardiyano\u011flu, Ankara temaslar\u0131 \u00e7er\u00e7evesinde \u00e7al\u0131\u015fma ya\u015fam\u0131 ve sosyal hizmetlerle ilgili uygulamalar\u0131 yerinde inceledi.<\/p>\n<p>Bakanl\u0131ktan verilen bilgiye g\u00f6re, Bakan Gardiyano\u011flu, T\u00fcrkiye \u0130\u015f Kurumu Genel M\u00fcd\u00fcrl\u00fc\u011f\u00fc\u2019ne \u00e7al\u0131\u015fma ziyareti ger\u00e7ekle\u015ftirerek Genel M\u00fcd\u00fcr Samet G\u00fcne\u015f, Genel M\u00fcd\u00fcr Yard\u0131mc\u0131lar\u0131, \u0130stihdam M\u00fcd\u00fcrleri ve teknik uzmanlarla toplant\u0131 yapt\u0131.<\/p>\n<p>\u0130\u015eKUR\u2019un <a href=\"https:\/\/brtk.net\/\"\/><a href=\"https:\/\/brtk.net\/\"\/><a href=\"https:\/\/brtk.net\/\"\/><a href=\"https:\/\/brtk.net\/\"\/><a href=\"https:\/\/brtk.net\/\">KKTC<\/a>\u2019deki \u00e7al\u0131\u015fmalar\u0131n\u0131 yak\u0131ndan izledi\u011fini belirten Gardiyano\u011flu,  i\u015f birli\u011fi arzusunun s\u00fcrd\u00fc\u011f\u00fcn\u00fc g\u00f6rmenin kendisini mutlu etti\u011fini s\u00f6yledi.<\/p>\n<p>T\u00fcrkiye\u2019de ya\u015fanan deprem sonras\u0131, <a href=\"https:\/\/brtk.net\/\"\/><a href=\"https:\/\/brtk.net\/\"\/><a href=\"https:\/\/brtk.net\/\"\/><a href=\"https:\/\/brtk.net\/\"\/><a href=\"https:\/\/brtk.net\/\">KKTC<\/a>\u2019nin i\u015f\u00e7i potansiyelinde s\u0131k\u0131nt\u0131 ya\u015fand\u0131\u011f\u0131n\u0131, 3. d\u00fcnya \u00fclkelerinden <a href=\"https:\/\/brtk.net\/\"\/><a href=\"https:\/\/brtk.net\/\"\/><a href=\"https:\/\/brtk.net\/\"\/><a href=\"https:\/\/brtk.net\/\"\/><a href=\"https:\/\/brtk.net\/\">KKTC<\/a>\u2019ye y\u00f6nelim ya\u015fand\u0131\u011f\u0131n\u0131 belirterek \u0130\u015eKUR\u2019un potansiyelinden faydalanmak istediklerini ifade etti.<\/p>\n<p>Sad\u0131k Gardiyano\u011flu, T\u00fcrkiye\u2019den ve di\u011fer \u00fclkelerden <a href=\"https:\/\/brtk.net\/\"\/><a href=\"https:\/\/brtk.net\/\"\/><a href=\"https:\/\/brtk.net\/\"\/><a href=\"https:\/\/brtk.net\/\"\/><a href=\"https:\/\/brtk.net\/\">KKTC<\/a>\u2019ye gelecek i\u015f\u00e7ilerle ilgili bireysel donan\u0131m ve ki\u015fisel \u00f6nbilgileri elde etme konusunda \u0130\u015eKUR\u2019un portal\u0131ndan faydalanmak istediklerini dile getirdi.<\/p>\n<p>\u0130\u015eKUR Genel M\u00fcd\u00fcr\u00fc Samet G\u00fcne\u015f de <a href=\"https:\/\/brtk.net\/\"\/><a href=\"https:\/\/brtk.net\/\"\/><a href=\"https:\/\/brtk.net\/\"\/><a href=\"https:\/\/brtk.net\/\"\/><a href=\"https:\/\/brtk.net\/\">KKTC<\/a>\u2019ye ve Bakan Gardiyano\u011flu\u2019na yard\u0131mc\u0131 olmaktan gurur duyacaklar\u0131n\u0131 belirterek, <a href=\"https:\/\/brtk.net\/\"\/><a href=\"https:\/\/brtk.net\/\"\/><a href=\"https:\/\/brtk.net\/\"\/><a href=\"https:\/\/brtk.net\/\"\/><a href=\"https:\/\/brtk.net\/\">KKTC<\/a>\u2019ye yaz\u0131l\u0131m, teknik, istihdam uzmanl\u0131\u011f\u0131 konular\u0131nda her t\u00fcrl\u00fc deste\u011fi vermeye haz\u0131r olduklar\u0131n\u0131 vurgulad\u0131.<\/p>\n<\/p><\/div>\n<p><script async\n                    defer\n                    crossorigin=\"anonymous\"\n                    src=\"https:\/\/connect.facebook.net\/tr_TR\/sdk.js#xfbml=1&#038;version=v3.3\"\n            ><\/script><\/p>\n","protected":false},"excerpt":{"rendered":"<p>\u00c7al\u0131\u015fma ve Sosyal G\u00fcvenlik Bakan\u0131 Sad\u0131k Gardiyano\u011flu, Ankara temaslar\u0131 \u00e7er\u00e7evesinde \u00e7al\u0131\u015fma ya\u015fam\u0131 ve sosyal hizmetlerle ilgili uygulamalar\u0131 yerinde inceledi. Bakanl\u0131ktan verilen bilgiye g\u00f6re, Bakan Gardiyano\u011flu, T\u00fcrkiye \u0130\u015f Kurumu Genel M\u00fcd\u00fcrl\u00fc\u011f\u00fc\u2019ne \u00e7al\u0131\u015fma ziyareti ger\u00e7ekle\u015ftirerek Genel M\u00fcd\u00fcr Samet G\u00fcne\u015f, Genel M\u00fcd\u00fcr Yard\u0131mc\u0131lar\u0131, \u0130stihdam M\u00fcd\u00fcrleri ve teknik uzmanlarla toplant\u0131 yapt\u0131. \u0130\u015eKUR\u2019un KKTC\u2019deki \u00e7al\u0131\u015fmalar\u0131n\u0131 yak\u0131ndan izledi\u011fini belirten Gardiyano\u011flu, i\u015f<\/p>\n","protected":false},"author":1,"featured_media":15533,"comment_status":"open","ping_status":"open","sticky":false,"template":"","format":"standard","meta":{"footnotes":""},"categories":[1],"tags":[],"class_list":["post-15532","post","type-post","status-publish","format-standard","has-post-thumbnail","hentry","category-gundem"],"yoast_head":"<!-- This site is optimized with the Yoast SEO plugin v27.5 - https:\/\/yoast.com\/product\/yoast-seo-wordpress\/ -->\n<title>Gardiyano\u011flu Ankara\u2019da \u00e7al\u0131\u015fma ya\u015fam\u0131 ve sosyal hizmetlerle ilgili uygulamalar\u0131 inceledi -<\/title>\n<meta name=\"robots\" content=\"index, follow, max-snippet:-1, max-image-preview:large, max-video-preview:-1\" \/>\n<link rel=\"canonical\" href=\"https:\/\/kibrisdakik.com\/?p=15532\" \/>\n<meta property=\"og:locale\" content=\"tr_TR\" \/>\n<meta property=\"og:type\" content=\"article\" \/>\n<meta property=\"og:title\" content=\"Gardiyano\u011flu Ankara\u2019da \u00e7al\u0131\u015fma ya\u015fam\u0131 ve sosyal hizmetlerle ilgili uygulamalar\u0131 inceledi -\" \/>\n<meta property=\"og:description\" content=\"\u00c7al\u0131\u015fma ve Sosyal G\u00fcvenlik Bakan\u0131 Sad\u0131k Gardiyano\u011flu, Ankara temaslar\u0131 \u00e7er\u00e7evesinde \u00e7al\u0131\u015fma ya\u015fam\u0131 ve sosyal hizmetlerle ilgili uygulamalar\u0131 yerinde inceledi. Bakanl\u0131ktan verilen bilgiye g\u00f6re, Bakan Gardiyano\u011flu, T\u00fcrkiye \u0130\u015f Kurumu Genel M\u00fcd\u00fcrl\u00fc\u011f\u00fc\u2019ne \u00e7al\u0131\u015fma ziyareti ger\u00e7ekle\u015ftirerek Genel M\u00fcd\u00fcr Samet G\u00fcne\u015f, Genel M\u00fcd\u00fcr Yard\u0131mc\u0131lar\u0131, \u0130stihdam M\u00fcd\u00fcrleri ve teknik uzmanlarla toplant\u0131 yapt\u0131. \u0130\u015eKUR\u2019un KKTC\u2019deki \u00e7al\u0131\u015fmalar\u0131n\u0131 yak\u0131ndan izledi\u011fini belirten Gardiyano\u011flu, i\u015f\" \/>\n<meta property=\"og:url\" content=\"https:\/\/kibrisdakik.com\/?p=15532\" \/>\n<meta property=\"article:published_time\" content=\"2023-10-13T00:02:04+00:00\" \/>\n<meta property=\"og:image\" content=\"https:\/\/kibrisdakik.com\/wp-content\/uploads\/2023\/10\/iskur1-740x420.jpg\" \/>\n\t<meta property=\"og:image:width\" content=\"2046\" \/>\n\t<meta property=\"og:image:height\" content=\"918\" \/>\n\t<meta property=\"og:image:type\" content=\"image\/jpeg\" \/>\n<meta name=\"author\" content=\"admin\" \/>\n<meta name=\"twitter:card\" content=\"summary_large_image\" \/>\n<meta name=\"twitter:label1\" content=\"Yazan:\" \/>\n\t<meta name=\"twitter:data1\" content=\"admin\" \/>\n\t<meta name=\"twitter:label2\" content=\"Tahmini okuma s\u00fcresi\" \/>\n\t<meta name=\"twitter:data2\" content=\"1 dakika\" \/>\n<script type=\"application\/ld+json\" class=\"yoast-schema-graph\">{\"@context\":\"https:\\\/\\\/schema.org\",\"@graph\":[{\"@type\":\"Article\",\"@id\":\"https:\\\/\\\/kibrisdakik.com\\\/?p=15532#article\",\"isPartOf\":{\"@id\":\"https:\\\/\\\/kibrisdakik.com\\\/?p=15532\"},\"author\":{\"name\":\"admin\",\"@id\":\"https:\\\/\\\/kibrisdakik.com\\\/#\\\/schema\\\/person\\\/9cd9d437bbb44f72b73ba127e06d8e79\"},\"headline\":\"Gardiyano\u011flu Ankara\u2019da \u00e7al\u0131\u015fma ya\u015fam\u0131 ve sosyal hizmetlerle ilgili uygulamalar\u0131 inceledi\",\"datePublished\":\"2023-10-13T00:02:04+00:00\",\"mainEntityOfPage\":{\"@id\":\"https:\\\/\\\/kibrisdakik.com\\\/?p=15532\"},\"wordCount\":230,\"commentCount\":0,\"image\":{\"@id\":\"https:\\\/\\\/kibrisdakik.com\\\/?p=15532#primaryimage\"},\"thumbnailUrl\":\"https:\\\/\\\/kibrisdakik.com\\\/wp-content\\\/uploads\\\/2023\\\/10\\\/iskur1-740x420.jpg\",\"articleSection\":[\"G\u00fcndem\"],\"inLanguage\":\"tr\",\"potentialAction\":[{\"@type\":\"CommentAction\",\"name\":\"Comment\",\"target\":[\"https:\\\/\\\/kibrisdakik.com\\\/?p=15532#respond\"]}]},{\"@type\":\"WebPage\",\"@id\":\"https:\\\/\\\/kibrisdakik.com\\\/?p=15532\",\"url\":\"https:\\\/\\\/kibrisdakik.com\\\/?p=15532\",\"name\":\"Gardiyano\u011flu Ankara\u2019da \u00e7al\u0131\u015fma ya\u015fam\u0131 ve sosyal hizmetlerle ilgili uygulamalar\u0131 inceledi -\",\"isPartOf\":{\"@id\":\"https:\\\/\\\/kibrisdakik.com\\\/#website\"},\"primaryImageOfPage\":{\"@id\":\"https:\\\/\\\/kibrisdakik.com\\\/?p=15532#primaryimage\"},\"image\":{\"@id\":\"https:\\\/\\\/kibrisdakik.com\\\/?p=15532#primaryimage\"},\"thumbnailUrl\":\"https:\\\/\\\/kibrisdakik.com\\\/wp-content\\\/uploads\\\/2023\\\/10\\\/iskur1-740x420.jpg\",\"datePublished\":\"2023-10-13T00:02:04+00:00\",\"author\":{\"@id\":\"https:\\\/\\\/kibrisdakik.com\\\/#\\\/schema\\\/person\\\/9cd9d437bbb44f72b73ba127e06d8e79\"},\"breadcrumb\":{\"@id\":\"https:\\\/\\\/kibrisdakik.com\\\/?p=15532#breadcrumb\"},\"inLanguage\":\"tr\",\"potentialAction\":[{\"@type\":\"ReadAction\",\"target\":[\"https:\\\/\\\/kibrisdakik.com\\\/?p=15532\"]}]},{\"@type\":\"ImageObject\",\"inLanguage\":\"tr\",\"@id\":\"https:\\\/\\\/kibrisdakik.com\\\/?p=15532#primaryimage\",\"url\":\"https:\\\/\\\/kibrisdakik.com\\\/wp-content\\\/uploads\\\/2023\\\/10\\\/iskur1-740x420.jpg\",\"contentUrl\":\"https:\\\/\\\/kibrisdakik.com\\\/wp-content\\\/uploads\\\/2023\\\/10\\\/iskur1-740x420.jpg\",\"width\":2046,\"height\":918},{\"@type\":\"BreadcrumbList\",\"@id\":\"https:\\\/\\\/kibrisdakik.com\\\/?p=15532#breadcrumb\",\"itemListElement\":[{\"@type\":\"ListItem\",\"position\":1,\"name\":\"Home\",\"item\":\"https:\\\/\\\/kibrisdakik.com\\\/\"},{\"@type\":\"ListItem\",\"position\":2,\"name\":\"Gardiyano\u011flu Ankara\u2019da \u00e7al\u0131\u015fma ya\u015fam\u0131 ve sosyal hizmetlerle ilgili uygulamalar\u0131 inceledi\"}]},{\"@type\":\"WebSite\",\"@id\":\"https:\\\/\\\/kibrisdakik.com\\\/#website\",\"url\":\"https:\\\/\\\/kibrisdakik.com\\\/\",\"name\":\"\",\"description\":\"Tam vaktinde haber\",\"potentialAction\":[{\"@type\":\"SearchAction\",\"target\":{\"@type\":\"EntryPoint\",\"urlTemplate\":\"https:\\\/\\\/kibrisdakik.com\\\/?s={search_term_string}\"},\"query-input\":{\"@type\":\"PropertyValueSpecification\",\"valueRequired\":true,\"valueName\":\"search_term_string\"}}],\"inLanguage\":\"tr\"},{\"@type\":\"Person\",\"@id\":\"https:\\\/\\\/kibrisdakik.com\\\/#\\\/schema\\\/person\\\/9cd9d437bbb44f72b73ba127e06d8e79\",\"name\":\"admin\",\"image\":{\"@type\":\"ImageObject\",\"inLanguage\":\"tr\",\"@id\":\"https:\\\/\\\/secure.gravatar.com\\\/avatar\\\/ccc17943b9d660506c869530f897617f7cb1c21a4bf30023f252596d83e1f007?s=96&d=mm&r=g\",\"url\":\"https:\\\/\\\/secure.gravatar.com\\\/avatar\\\/ccc17943b9d660506c869530f897617f7cb1c21a4bf30023f252596d83e1f007?s=96&d=mm&r=g\",\"contentUrl\":\"https:\\\/\\\/secure.gravatar.com\\\/avatar\\\/ccc17943b9d660506c869530f897617f7cb1c21a4bf30023f252596d83e1f007?s=96&d=mm&r=g\",\"caption\":\"admin\"},\"sameAs\":[\"https:\\\/\\\/kibrisdakik.com\"],\"url\":\"https:\\\/\\\/kibrisdakik.com\\\/?author=1\"}]}<\/script>\n<!-- \/ Yoast SEO plugin. -->","yoast_head_json":{"title":"Gardiyano\u011flu Ankara\u2019da \u00e7al\u0131\u015fma ya\u015fam\u0131 ve sosyal hizmetlerle ilgili uygulamalar\u0131 inceledi -","robots":{"index":"index","follow":"follow","max-snippet":"max-snippet:-1","max-image-preview":"max-image-preview:large","max-video-preview":"max-video-preview:-1"},"canonical":"https:\/\/kibrisdakik.com\/?p=15532","og_locale":"tr_TR","og_type":"article","og_title":"Gardiyano\u011flu Ankara\u2019da \u00e7al\u0131\u015fma ya\u015fam\u0131 ve sosyal hizmetlerle ilgili uygulamalar\u0131 inceledi -","og_description":"\u00c7al\u0131\u015fma ve Sosyal G\u00fcvenlik Bakan\u0131 Sad\u0131k Gardiyano\u011flu, Ankara temaslar\u0131 \u00e7er\u00e7evesinde \u00e7al\u0131\u015fma ya\u015fam\u0131 ve sosyal hizmetlerle ilgili uygulamalar\u0131 yerinde inceledi. Bakanl\u0131ktan verilen bilgiye g\u00f6re, Bakan Gardiyano\u011flu, T\u00fcrkiye \u0130\u015f Kurumu Genel M\u00fcd\u00fcrl\u00fc\u011f\u00fc\u2019ne \u00e7al\u0131\u015fma ziyareti ger\u00e7ekle\u015ftirerek Genel M\u00fcd\u00fcr Samet G\u00fcne\u015f, Genel M\u00fcd\u00fcr Yard\u0131mc\u0131lar\u0131, \u0130stihdam M\u00fcd\u00fcrleri ve teknik uzmanlarla toplant\u0131 yapt\u0131. \u0130\u015eKUR\u2019un KKTC\u2019deki \u00e7al\u0131\u015fmalar\u0131n\u0131 yak\u0131ndan izledi\u011fini belirten Gardiyano\u011flu, i\u015f","og_url":"https:\/\/kibrisdakik.com\/?p=15532","article_published_time":"2023-10-13T00:02:04+00:00","og_image":[{"width":2046,"height":918,"url":"https:\/\/kibrisdakik.com\/wp-content\/uploads\/2023\/10\/iskur1-740x420.jpg","type":"image\/jpeg"}],"author":"admin","twitter_card":"summary_large_image","twitter_misc":{"Yazan:":"admin","Tahmini okuma s\u00fcresi":"1 dakika"},"schema":{"@context":"https:\/\/schema.org","@graph":[{"@type":"Article","@id":"https:\/\/kibrisdakik.com\/?p=15532#article","isPartOf":{"@id":"https:\/\/kibrisdakik.com\/?p=15532"},"author":{"name":"admin","@id":"https:\/\/kibrisdakik.com\/#\/schema\/person\/9cd9d437bbb44f72b73ba127e06d8e79"},"headline":"Gardiyano\u011flu Ankara\u2019da \u00e7al\u0131\u015fma ya\u015fam\u0131 ve sosyal hizmetlerle ilgili uygulamalar\u0131 inceledi","datePublished":"2023-10-13T00:02:04+00:00","mainEntityOfPage":{"@id":"https:\/\/kibrisdakik.com\/?p=15532"},"wordCount":230,"commentCount":0,"image":{"@id":"https:\/\/kibrisdakik.com\/?p=15532#primaryimage"},"thumbnailUrl":"https:\/\/kibrisdakik.com\/wp-content\/uploads\/2023\/10\/iskur1-740x420.jpg","articleSection":["G\u00fcndem"],"inLanguage":"tr","potentialAction":[{"@type":"CommentAction","name":"Comment","target":["https:\/\/kibrisdakik.com\/?p=15532#respond"]}]},{"@type":"WebPage","@id":"https:\/\/kibrisdakik.com\/?p=15532","url":"https:\/\/kibrisdakik.com\/?p=15532","name":"Gardiyano\u011flu Ankara\u2019da \u00e7al\u0131\u015fma ya\u015fam\u0131 ve sosyal hizmetlerle ilgili uygulamalar\u0131 inceledi -","isPartOf":{"@id":"https:\/\/kibrisdakik.com\/#website"},"primaryImageOfPage":{"@id":"https:\/\/kibrisdakik.com\/?p=15532#primaryimage"},"image":{"@id":"https:\/\/kibrisdakik.com\/?p=15532#primaryimage"},"thumbnailUrl":"https:\/\/kibrisdakik.com\/wp-content\/uploads\/2023\/10\/iskur1-740x420.jpg","datePublished":"2023-10-13T00:02:04+00:00","author":{"@id":"https:\/\/kibrisdakik.com\/#\/schema\/person\/9cd9d437bbb44f72b73ba127e06d8e79"},"breadcrumb":{"@id":"https:\/\/kibrisdakik.com\/?p=15532#breadcrumb"},"inLanguage":"tr","potentialAction":[{"@type":"ReadAction","target":["https:\/\/kibrisdakik.com\/?p=15532"]}]},{"@type":"ImageObject","inLanguage":"tr","@id":"https:\/\/kibrisdakik.com\/?p=15532#primaryimage","url":"https:\/\/kibrisdakik.com\/wp-content\/uploads\/2023\/10\/iskur1-740x420.jpg","contentUrl":"https:\/\/kibrisdakik.com\/wp-content\/uploads\/2023\/10\/iskur1-740x420.jpg","width":2046,"height":918},{"@type":"BreadcrumbList","@id":"https:\/\/kibrisdakik.com\/?p=15532#breadcrumb","itemListElement":[{"@type":"ListItem","position":1,"name":"Home","item":"https:\/\/kibrisdakik.com\/"},{"@type":"ListItem","position":2,"name":"Gardiyano\u011flu Ankara\u2019da \u00e7al\u0131\u015fma ya\u015fam\u0131 ve sosyal hizmetlerle ilgili uygulamalar\u0131 inceledi"}]},{"@type":"WebSite","@id":"https:\/\/kibrisdakik.com\/#website","url":"https:\/\/kibrisdakik.com\/","name":"","description":"Tam vaktinde haber","potentialAction":[{"@type":"SearchAction","target":{"@type":"EntryPoint","urlTemplate":"https:\/\/kibrisdakik.com\/?s={search_term_string}"},"query-input":{"@type":"PropertyValueSpecification","valueRequired":true,"valueName":"search_term_string"}}],"inLanguage":"tr"},{"@type":"Person","@id":"https:\/\/kibrisdakik.com\/#\/schema\/person\/9cd9d437bbb44f72b73ba127e06d8e79","name":"admin","image":{"@type":"ImageObject","inLanguage":"tr","@id":"https:\/\/secure.gravatar.com\/avatar\/ccc17943b9d660506c869530f897617f7cb1c21a4bf30023f252596d83e1f007?s=96&d=mm&r=g","url":"https:\/\/secure.gravatar.com\/avatar\/ccc17943b9d660506c869530f897617f7cb1c21a4bf30023f252596d83e1f007?s=96&d=mm&r=g","contentUrl":"https:\/\/secure.gravatar.com\/avatar\/ccc17943b9d660506c869530f897617f7cb1c21a4bf30023f252596d83e1f007?s=96&d=mm&r=g","caption":"admin"},"sameAs":["https:\/\/kibrisdakik.com"],"url":"https:\/\/kibrisdakik.com\/?author=1"}]}},"_links":{"self":[{"href":"https:\/\/kibrisdakik.com\/index.php?rest_route=\/wp\/v2\/posts\/15532","targetHints":{"allow":["GET"]}}],"collection":[{"href":"https:\/\/kibrisdakik.com\/index.php?rest_route=\/wp\/v2\/posts"}],"about":[{"href":"https:\/\/kibrisdakik.com\/index.php?rest_route=\/wp\/v2\/types\/post"}],"author":[{"embeddable":true,"href":"https:\/\/kibrisdakik.com\/index.php?rest_route=\/wp\/v2\/users\/1"}],"replies":[{"embeddable":true,"href":"https:\/\/kibrisdakik.com\/index.php?rest_route=%2Fwp%2Fv2%2Fcomments&post=15532"}],"version-history":[{"count":0,"href":"https:\/\/kibrisdakik.com\/index.php?rest_route=\/wp\/v2\/posts\/15532\/revisions"}],"wp:featuredmedia":[{"embeddable":true,"href":"https:\/\/kibrisdakik.com\/index.php?rest_route=\/wp\/v2\/media\/15533"}],"wp:attachment":[{"href":"https:\/\/kibrisdakik.com\/index.php?rest_route=%2Fwp%2Fv2%2Fmedia&parent=15532"}],"wp:term":[{"taxonomy":"category","embeddable":true,"href":"https:\/\/kibrisdakik.com\/index.php?rest_route=%2Fwp%2Fv2%2Fcategories&post=15532"},{"taxonomy":"post_tag","embeddable":true,"href":"https:\/\/kibrisdakik.com\/index.php?rest_route=%2Fwp%2Fv2%2Ftags&post=15532"}],"curies":[{"name":"wp","href":"https:\/\/api.w.org\/{rel}","templated":true}]}}