{"id":15538,"date":"2023-10-13T06:09:35","date_gmt":"2023-10-13T06:09:35","guid":{"rendered":"https:\/\/kibrisdakik.com\/index.php\/2023\/10\/13\/ustel-bakude-hem-ayni-dili-konustuk-hem-ayni-duygulari-paylastik\/"},"modified":"2023-10-13T06:09:35","modified_gmt":"2023-10-13T06:09:35","slug":"ustel-bakude-hem-ayni-dili-konustuk-hem-ayni-duygulari-paylastik","status":"publish","type":"post","link":"https:\/\/kibrisdakik.com\/?p=15538","title":{"rendered":"\u00dcstel: Bak\u00fc\u2019de hem ayn\u0131 dili konu\u015ftuk hem ayn\u0131 duygular\u0131 payla\u015ft\u0131k"},"content":{"rendered":"<p><\/p>\n<div>\n<div class=\"mariselle-image-container center\">\n                <img width=\"1080\" height=\"720\" class=\"lazy-image\" alt=\"\" decoding=\"async\" loading=\"lazy\" sizes=\"auto, (max-width: 1080px) 100vw, 1080px\" src=\"https:\/\/brtk.net\/wp-content\/uploads\/2023\/10\/13\/FB_IMG_1697168849606.jpg?ver=16c80f9d59cdd5297d0ef1838ebc8a2f\" srcset=\"https:\/\/brtk.net\/wp-content\/uploads\/2023\/10\/13\/FB_IMG_1697168849606.jpg?ver=16c80f9d59cdd5297d0ef1838ebc8a2f 1080w, https:\/\/brtk.net\/wp-content\/uploads\/2023\/10\/13\/FB_IMG_1697168849606-300x200.jpg?ver=16c80f9d59cdd5297d0ef1838ebc8a2f 300w, https:\/\/brtk.net\/wp-content\/uploads\/2023\/10\/13\/FB_IMG_1697168849606-1024x683.jpg?ver=16c80f9d59cdd5297d0ef1838ebc8a2f 1024w, https:\/\/brtk.net\/wp-content\/uploads\/2023\/10\/13\/FB_IMG_1697168849606-768x512.jpg?ver=6d0f7ce827368224103e46dd133be358 768w\"\/>                            <\/div>\n<p>Ba\u015fbakan \u00dcnal \u00dcstel, Azerbaycan\u2019\u0131n ba\u015fkenti Bak\u00fc\u2019de ger\u00e7ekle\u015ftirilen, <a href=\"https:\/\/brtk.net\/\"\/><a href=\"https:\/\/brtk.net\/\">KKTC<\/a>\u2019den \u00f6nemli say\u0131da Sivil Toplum Kurulu\u015fu, oda ve birlik temsilcisinin yan\u0131nda \u00f6nemli say\u0131da Azerbaycan Milletvekili, Bakan, sivil toplum kurulu\u015fu temsilcisi ve i\u015f insan\u0131n\u0131n kat\u0131ld\u0131\u011f\u0131 <a href=\"https:\/\/brtk.net\/\"\/><a href=\"https:\/\/brtk.net\/\">KKTC<\/a> K\u00fclt\u00fcr ve Tan\u0131t\u0131m G\u00fcnleri a\u00e7\u0131l\u0131\u015f gala gecesini de\u011ferlendirdi.<\/p>\n<p>\u00dcstel, geceyi, \u201c3 Devlet tek millet s\u00f6yleminin teyidi ve <a href=\"https:\/\/brtk.net\/\"\/><a href=\"https:\/\/brtk.net\/\">KKTC<\/a> ile Azerbaycan aras\u0131ndaki, diplomatik, k\u00fclt\u00fcrel ve ekonomik ili\u015fkilerin geli\u015fmesi ad\u0131na bug\u00fcne kadar at\u0131lm\u0131\u015f en b\u00fcy\u00fck ad\u0131m\u201d olarak niteledi.<\/p>\n<div class=\"mariselle-image-container center\">\n                <img width=\"960\" height=\"640\" class=\"lazy-image\" alt=\"\" decoding=\"async\" loading=\"lazy\" sizes=\"auto, (max-width: 960px) 100vw, 960px\" src=\"https:\/\/brtk.net\/wp-content\/uploads\/2023\/10\/13\/FB_IMG_1697168845227.jpg?ver=5c3c099883ff0a3d3dd204b5e2b7f48e\" srcset=\"https:\/\/brtk.net\/wp-content\/uploads\/2023\/10\/13\/FB_IMG_1697168845227.jpg?ver=5c3c099883ff0a3d3dd204b5e2b7f48e 960w, https:\/\/brtk.net\/wp-content\/uploads\/2023\/10\/13\/FB_IMG_1697168845227-300x200.jpg?ver=7aff88f549513795d4f029fe3ba2af33 300w, https:\/\/brtk.net\/wp-content\/uploads\/2023\/10\/13\/FB_IMG_1697168845227-768x512.jpg?ver=7aff88f549513795d4f029fe3ba2af33 768w\"\/>                            <\/div>\n<p>Geceye kat\u0131lan pek \u00e7ok Azerbaycanl\u0131 siyaset\u00e7i ile g\u00f6r\u00fc\u015fme \u015fans\u0131 bulduklar\u0131n\u0131 da ifade eden Ba\u015fbakan \u00dcstel,\u201cGeceye kat\u0131lan herkes bundan sonraki at\u0131lacak \u00e7ok daha b\u00fcy\u00fck ve \u00f6nemli ad\u0131mlara haz\u0131r. Bunun zaman\u0131n\u0131n geldi\u011fini o salondaki herkes y\u00fcre\u011finde hissetti. Bize burada g\u00f6sterilen sayg\u0131y\u0131, ilgiyi ve yak\u0131nl\u0131\u011f\u0131, Anavatan T\u00fcrkiye haricinde d\u00fcnyan\u0131n hi\u00e7 bir d\u00fcnya \u00fclkesinde g\u00f6rmedik. Azerbaycanl\u0131 karde\u015flerimize misafirperverliklerinden dolay\u0131 te\u015fekk\u00fcr ediyorum\u2019. dedi.<\/p>\n<p>Mevlana\u2019n\u0131n \u2018Ayn\u0131 dili konu\u015fanlar de\u011fil ayn\u0131 duygular\u0131 payla\u015fanlar anla\u015f\u0131rlar\u2019 s\u00f6z\u00fcn\u00fc de hat\u0131rlatan \u00dcstel,\u2018Bak\u00fc\u2019de ayn\u0131 dili konu\u015fuyoruz hem de ayn\u0131 duygular\u0131 payla\u015f\u0131yoruz. Bunu g\u00f6rmek bizi \u00e7ok mutlu etmi\u015ftir.\u201d dedi.<\/p>\n<p><a href=\"https:\/\/brtk.net\/\">BRT<\/a><\/p>\n<\/p><\/div>\n<p><script async\n                    defer\n                    crossorigin=\"anonymous\"\n                    src=\"https:\/\/connect.facebook.net\/tr_TR\/sdk.js#xfbml=1&#038;version=v3.3\"\n            ><\/script><\/p>\n","protected":false},"excerpt":{"rendered":"<p>Ba\u015fbakan \u00dcnal \u00dcstel, Azerbaycan\u2019\u0131n ba\u015fkenti Bak\u00fc\u2019de ger\u00e7ekle\u015ftirilen, KKTC\u2019den \u00f6nemli say\u0131da Sivil Toplum Kurulu\u015fu, oda ve birlik temsilcisinin yan\u0131nda \u00f6nemli say\u0131da Azerbaycan Milletvekili, Bakan, sivil toplum kurulu\u015fu temsilcisi ve i\u015f insan\u0131n\u0131n kat\u0131ld\u0131\u011f\u0131 KKTC K\u00fclt\u00fcr ve Tan\u0131t\u0131m G\u00fcnleri a\u00e7\u0131l\u0131\u015f gala gecesini de\u011ferlendirdi. \u00dcstel, geceyi, \u201c3 Devlet tek millet s\u00f6yleminin teyidi ve KKTC ile Azerbaycan aras\u0131ndaki, diplomatik, k\u00fclt\u00fcrel<\/p>\n","protected":false},"author":1,"featured_media":15539,"comment_status":"open","ping_status":"open","sticky":false,"template":"","format":"standard","meta":{"footnotes":""},"categories":[1],"tags":[],"class_list":["post-15538","post","type-post","status-publish","format-standard","has-post-thumbnail","hentry","category-gundem"],"yoast_head":"<!-- This site is optimized with the Yoast SEO plugin v27.4 - https:\/\/yoast.com\/product\/yoast-seo-wordpress\/ -->\n<title>\u00dcstel: Bak\u00fc\u2019de hem ayn\u0131 dili konu\u015ftuk hem ayn\u0131 duygular\u0131 payla\u015ft\u0131k -<\/title>\n<meta name=\"robots\" content=\"index, follow, max-snippet:-1, max-image-preview:large, max-video-preview:-1\" \/>\n<link rel=\"canonical\" href=\"https:\/\/kibrisdakik.com\/?p=15538\" \/>\n<meta property=\"og:locale\" content=\"tr_TR\" \/>\n<meta property=\"og:type\" content=\"article\" \/>\n<meta property=\"og:title\" content=\"\u00dcstel: Bak\u00fc\u2019de hem ayn\u0131 dili konu\u015ftuk hem ayn\u0131 duygular\u0131 payla\u015ft\u0131k -\" \/>\n<meta property=\"og:description\" content=\"Ba\u015fbakan \u00dcnal \u00dcstel, Azerbaycan\u2019\u0131n ba\u015fkenti Bak\u00fc\u2019de ger\u00e7ekle\u015ftirilen, KKTC\u2019den \u00f6nemli say\u0131da Sivil Toplum Kurulu\u015fu, oda ve birlik temsilcisinin yan\u0131nda \u00f6nemli say\u0131da Azerbaycan Milletvekili, Bakan, sivil toplum kurulu\u015fu temsilcisi ve i\u015f insan\u0131n\u0131n kat\u0131ld\u0131\u011f\u0131 KKTC K\u00fclt\u00fcr ve Tan\u0131t\u0131m G\u00fcnleri a\u00e7\u0131l\u0131\u015f gala gecesini de\u011ferlendirdi. \u00dcstel, geceyi, \u201c3 Devlet tek millet s\u00f6yleminin teyidi ve KKTC ile Azerbaycan aras\u0131ndaki, diplomatik, k\u00fclt\u00fcrel\" \/>\n<meta property=\"og:url\" content=\"https:\/\/kibrisdakik.com\/?p=15538\" \/>\n<meta property=\"article:published_time\" content=\"2023-10-13T06:09:35+00:00\" \/>\n<meta property=\"og:image\" content=\"https:\/\/kibrisdakik.com\/wp-content\/uploads\/2023\/10\/FB_IMG_1697168849606-740x420.jpg\" \/>\n\t<meta property=\"og:image:width\" content=\"1080\" \/>\n\t<meta property=\"og:image:height\" content=\"720\" \/>\n\t<meta property=\"og:image:type\" content=\"image\/jpeg\" \/>\n<meta name=\"author\" content=\"admin\" \/>\n<meta name=\"twitter:card\" content=\"summary_large_image\" \/>\n<meta name=\"twitter:label1\" content=\"Yazan:\" \/>\n\t<meta name=\"twitter:data1\" content=\"admin\" \/>\n\t<meta name=\"twitter:label2\" content=\"Tahmini okuma s\u00fcresi\" \/>\n\t<meta name=\"twitter:data2\" content=\"1 dakika\" \/>\n<script type=\"application\/ld+json\" class=\"yoast-schema-graph\">{\"@context\":\"https:\\\/\\\/schema.org\",\"@graph\":[{\"@type\":\"Article\",\"@id\":\"https:\\\/\\\/kibrisdakik.com\\\/?p=15538#article\",\"isPartOf\":{\"@id\":\"https:\\\/\\\/kibrisdakik.com\\\/?p=15538\"},\"author\":{\"name\":\"admin\",\"@id\":\"https:\\\/\\\/kibrisdakik.com\\\/#\\\/schema\\\/person\\\/9cd9d437bbb44f72b73ba127e06d8e79\"},\"headline\":\"\u00dcstel: Bak\u00fc\u2019de hem ayn\u0131 dili konu\u015ftuk hem ayn\u0131 duygular\u0131 payla\u015ft\u0131k\",\"datePublished\":\"2023-10-13T06:09:35+00:00\",\"mainEntityOfPage\":{\"@id\":\"https:\\\/\\\/kibrisdakik.com\\\/?p=15538\"},\"wordCount\":246,\"commentCount\":0,\"image\":{\"@id\":\"https:\\\/\\\/kibrisdakik.com\\\/?p=15538#primaryimage\"},\"thumbnailUrl\":\"https:\\\/\\\/kibrisdakik.com\\\/wp-content\\\/uploads\\\/2023\\\/10\\\/FB_IMG_1697168849606-740x420.jpg\",\"articleSection\":[\"G\u00fcndem\"],\"inLanguage\":\"tr\",\"potentialAction\":[{\"@type\":\"CommentAction\",\"name\":\"Comment\",\"target\":[\"https:\\\/\\\/kibrisdakik.com\\\/?p=15538#respond\"]}]},{\"@type\":\"WebPage\",\"@id\":\"https:\\\/\\\/kibrisdakik.com\\\/?p=15538\",\"url\":\"https:\\\/\\\/kibrisdakik.com\\\/?p=15538\",\"name\":\"\u00dcstel: Bak\u00fc\u2019de hem ayn\u0131 dili konu\u015ftuk hem ayn\u0131 duygular\u0131 payla\u015ft\u0131k -\",\"isPartOf\":{\"@id\":\"https:\\\/\\\/kibrisdakik.com\\\/#website\"},\"primaryImageOfPage\":{\"@id\":\"https:\\\/\\\/kibrisdakik.com\\\/?p=15538#primaryimage\"},\"image\":{\"@id\":\"https:\\\/\\\/kibrisdakik.com\\\/?p=15538#primaryimage\"},\"thumbnailUrl\":\"https:\\\/\\\/kibrisdakik.com\\\/wp-content\\\/uploads\\\/2023\\\/10\\\/FB_IMG_1697168849606-740x420.jpg\",\"datePublished\":\"2023-10-13T06:09:35+00:00\",\"author\":{\"@id\":\"https:\\\/\\\/kibrisdakik.com\\\/#\\\/schema\\\/person\\\/9cd9d437bbb44f72b73ba127e06d8e79\"},\"breadcrumb\":{\"@id\":\"https:\\\/\\\/kibrisdakik.com\\\/?p=15538#breadcrumb\"},\"inLanguage\":\"tr\",\"potentialAction\":[{\"@type\":\"ReadAction\",\"target\":[\"https:\\\/\\\/kibrisdakik.com\\\/?p=15538\"]}]},{\"@type\":\"ImageObject\",\"inLanguage\":\"tr\",\"@id\":\"https:\\\/\\\/kibrisdakik.com\\\/?p=15538#primaryimage\",\"url\":\"https:\\\/\\\/kibrisdakik.com\\\/wp-content\\\/uploads\\\/2023\\\/10\\\/FB_IMG_1697168849606-740x420.jpg\",\"contentUrl\":\"https:\\\/\\\/kibrisdakik.com\\\/wp-content\\\/uploads\\\/2023\\\/10\\\/FB_IMG_1697168849606-740x420.jpg\",\"width\":1080,\"height\":720},{\"@type\":\"BreadcrumbList\",\"@id\":\"https:\\\/\\\/kibrisdakik.com\\\/?p=15538#breadcrumb\",\"itemListElement\":[{\"@type\":\"ListItem\",\"position\":1,\"name\":\"Home\",\"item\":\"https:\\\/\\\/kibrisdakik.com\\\/\"},{\"@type\":\"ListItem\",\"position\":2,\"name\":\"\u00dcstel: Bak\u00fc\u2019de hem ayn\u0131 dili konu\u015ftuk hem ayn\u0131 duygular\u0131 payla\u015ft\u0131k\"}]},{\"@type\":\"WebSite\",\"@id\":\"https:\\\/\\\/kibrisdakik.com\\\/#website\",\"url\":\"https:\\\/\\\/kibrisdakik.com\\\/\",\"name\":\"\",\"description\":\"Tam vaktinde haber\",\"potentialAction\":[{\"@type\":\"SearchAction\",\"target\":{\"@type\":\"EntryPoint\",\"urlTemplate\":\"https:\\\/\\\/kibrisdakik.com\\\/?s={search_term_string}\"},\"query-input\":{\"@type\":\"PropertyValueSpecification\",\"valueRequired\":true,\"valueName\":\"search_term_string\"}}],\"inLanguage\":\"tr\"},{\"@type\":\"Person\",\"@id\":\"https:\\\/\\\/kibrisdakik.com\\\/#\\\/schema\\\/person\\\/9cd9d437bbb44f72b73ba127e06d8e79\",\"name\":\"admin\",\"image\":{\"@type\":\"ImageObject\",\"inLanguage\":\"tr\",\"@id\":\"https:\\\/\\\/secure.gravatar.com\\\/avatar\\\/ccc17943b9d660506c869530f897617f7cb1c21a4bf30023f252596d83e1f007?s=96&d=mm&r=g\",\"url\":\"https:\\\/\\\/secure.gravatar.com\\\/avatar\\\/ccc17943b9d660506c869530f897617f7cb1c21a4bf30023f252596d83e1f007?s=96&d=mm&r=g\",\"contentUrl\":\"https:\\\/\\\/secure.gravatar.com\\\/avatar\\\/ccc17943b9d660506c869530f897617f7cb1c21a4bf30023f252596d83e1f007?s=96&d=mm&r=g\",\"caption\":\"admin\"},\"sameAs\":[\"https:\\\/\\\/kibrisdakik.com\"],\"url\":\"https:\\\/\\\/kibrisdakik.com\\\/?author=1\"}]}<\/script>\n<!-- \/ Yoast SEO plugin. -->","yoast_head_json":{"title":"\u00dcstel: Bak\u00fc\u2019de hem ayn\u0131 dili konu\u015ftuk hem ayn\u0131 duygular\u0131 payla\u015ft\u0131k -","robots":{"index":"index","follow":"follow","max-snippet":"max-snippet:-1","max-image-preview":"max-image-preview:large","max-video-preview":"max-video-preview:-1"},"canonical":"https:\/\/kibrisdakik.com\/?p=15538","og_locale":"tr_TR","og_type":"article","og_title":"\u00dcstel: Bak\u00fc\u2019de hem ayn\u0131 dili konu\u015ftuk hem ayn\u0131 duygular\u0131 payla\u015ft\u0131k -","og_description":"Ba\u015fbakan \u00dcnal \u00dcstel, Azerbaycan\u2019\u0131n ba\u015fkenti Bak\u00fc\u2019de ger\u00e7ekle\u015ftirilen, KKTC\u2019den \u00f6nemli say\u0131da Sivil Toplum Kurulu\u015fu, oda ve birlik temsilcisinin yan\u0131nda \u00f6nemli say\u0131da Azerbaycan Milletvekili, Bakan, sivil toplum kurulu\u015fu temsilcisi ve i\u015f insan\u0131n\u0131n kat\u0131ld\u0131\u011f\u0131 KKTC K\u00fclt\u00fcr ve Tan\u0131t\u0131m G\u00fcnleri a\u00e7\u0131l\u0131\u015f gala gecesini de\u011ferlendirdi. \u00dcstel, geceyi, \u201c3 Devlet tek millet s\u00f6yleminin teyidi ve KKTC ile Azerbaycan aras\u0131ndaki, diplomatik, k\u00fclt\u00fcrel","og_url":"https:\/\/kibrisdakik.com\/?p=15538","article_published_time":"2023-10-13T06:09:35+00:00","og_image":[{"width":1080,"height":720,"url":"https:\/\/kibrisdakik.com\/wp-content\/uploads\/2023\/10\/FB_IMG_1697168849606-740x420.jpg","type":"image\/jpeg"}],"author":"admin","twitter_card":"summary_large_image","twitter_misc":{"Yazan:":"admin","Tahmini okuma s\u00fcresi":"1 dakika"},"schema":{"@context":"https:\/\/schema.org","@graph":[{"@type":"Article","@id":"https:\/\/kibrisdakik.com\/?p=15538#article","isPartOf":{"@id":"https:\/\/kibrisdakik.com\/?p=15538"},"author":{"name":"admin","@id":"https:\/\/kibrisdakik.com\/#\/schema\/person\/9cd9d437bbb44f72b73ba127e06d8e79"},"headline":"\u00dcstel: Bak\u00fc\u2019de hem ayn\u0131 dili konu\u015ftuk hem ayn\u0131 duygular\u0131 payla\u015ft\u0131k","datePublished":"2023-10-13T06:09:35+00:00","mainEntityOfPage":{"@id":"https:\/\/kibrisdakik.com\/?p=15538"},"wordCount":246,"commentCount":0,"image":{"@id":"https:\/\/kibrisdakik.com\/?p=15538#primaryimage"},"thumbnailUrl":"https:\/\/kibrisdakik.com\/wp-content\/uploads\/2023\/10\/FB_IMG_1697168849606-740x420.jpg","articleSection":["G\u00fcndem"],"inLanguage":"tr","potentialAction":[{"@type":"CommentAction","name":"Comment","target":["https:\/\/kibrisdakik.com\/?p=15538#respond"]}]},{"@type":"WebPage","@id":"https:\/\/kibrisdakik.com\/?p=15538","url":"https:\/\/kibrisdakik.com\/?p=15538","name":"\u00dcstel: Bak\u00fc\u2019de hem ayn\u0131 dili konu\u015ftuk hem ayn\u0131 duygular\u0131 payla\u015ft\u0131k -","isPartOf":{"@id":"https:\/\/kibrisdakik.com\/#website"},"primaryImageOfPage":{"@id":"https:\/\/kibrisdakik.com\/?p=15538#primaryimage"},"image":{"@id":"https:\/\/kibrisdakik.com\/?p=15538#primaryimage"},"thumbnailUrl":"https:\/\/kibrisdakik.com\/wp-content\/uploads\/2023\/10\/FB_IMG_1697168849606-740x420.jpg","datePublished":"2023-10-13T06:09:35+00:00","author":{"@id":"https:\/\/kibrisdakik.com\/#\/schema\/person\/9cd9d437bbb44f72b73ba127e06d8e79"},"breadcrumb":{"@id":"https:\/\/kibrisdakik.com\/?p=15538#breadcrumb"},"inLanguage":"tr","potentialAction":[{"@type":"ReadAction","target":["https:\/\/kibrisdakik.com\/?p=15538"]}]},{"@type":"ImageObject","inLanguage":"tr","@id":"https:\/\/kibrisdakik.com\/?p=15538#primaryimage","url":"https:\/\/kibrisdakik.com\/wp-content\/uploads\/2023\/10\/FB_IMG_1697168849606-740x420.jpg","contentUrl":"https:\/\/kibrisdakik.com\/wp-content\/uploads\/2023\/10\/FB_IMG_1697168849606-740x420.jpg","width":1080,"height":720},{"@type":"BreadcrumbList","@id":"https:\/\/kibrisdakik.com\/?p=15538#breadcrumb","itemListElement":[{"@type":"ListItem","position":1,"name":"Home","item":"https:\/\/kibrisdakik.com\/"},{"@type":"ListItem","position":2,"name":"\u00dcstel: Bak\u00fc\u2019de hem ayn\u0131 dili konu\u015ftuk hem ayn\u0131 duygular\u0131 payla\u015ft\u0131k"}]},{"@type":"WebSite","@id":"https:\/\/kibrisdakik.com\/#website","url":"https:\/\/kibrisdakik.com\/","name":"","description":"Tam vaktinde haber","potentialAction":[{"@type":"SearchAction","target":{"@type":"EntryPoint","urlTemplate":"https:\/\/kibrisdakik.com\/?s={search_term_string}"},"query-input":{"@type":"PropertyValueSpecification","valueRequired":true,"valueName":"search_term_string"}}],"inLanguage":"tr"},{"@type":"Person","@id":"https:\/\/kibrisdakik.com\/#\/schema\/person\/9cd9d437bbb44f72b73ba127e06d8e79","name":"admin","image":{"@type":"ImageObject","inLanguage":"tr","@id":"https:\/\/secure.gravatar.com\/avatar\/ccc17943b9d660506c869530f897617f7cb1c21a4bf30023f252596d83e1f007?s=96&d=mm&r=g","url":"https:\/\/secure.gravatar.com\/avatar\/ccc17943b9d660506c869530f897617f7cb1c21a4bf30023f252596d83e1f007?s=96&d=mm&r=g","contentUrl":"https:\/\/secure.gravatar.com\/avatar\/ccc17943b9d660506c869530f897617f7cb1c21a4bf30023f252596d83e1f007?s=96&d=mm&r=g","caption":"admin"},"sameAs":["https:\/\/kibrisdakik.com"],"url":"https:\/\/kibrisdakik.com\/?author=1"}]}},"_links":{"self":[{"href":"https:\/\/kibrisdakik.com\/index.php?rest_route=\/wp\/v2\/posts\/15538","targetHints":{"allow":["GET"]}}],"collection":[{"href":"https:\/\/kibrisdakik.com\/index.php?rest_route=\/wp\/v2\/posts"}],"about":[{"href":"https:\/\/kibrisdakik.com\/index.php?rest_route=\/wp\/v2\/types\/post"}],"author":[{"embeddable":true,"href":"https:\/\/kibrisdakik.com\/index.php?rest_route=\/wp\/v2\/users\/1"}],"replies":[{"embeddable":true,"href":"https:\/\/kibrisdakik.com\/index.php?rest_route=%2Fwp%2Fv2%2Fcomments&post=15538"}],"version-history":[{"count":0,"href":"https:\/\/kibrisdakik.com\/index.php?rest_route=\/wp\/v2\/posts\/15538\/revisions"}],"wp:featuredmedia":[{"embeddable":true,"href":"https:\/\/kibrisdakik.com\/index.php?rest_route=\/wp\/v2\/media\/15539"}],"wp:attachment":[{"href":"https:\/\/kibrisdakik.com\/index.php?rest_route=%2Fwp%2Fv2%2Fmedia&parent=15538"}],"wp:term":[{"taxonomy":"category","embeddable":true,"href":"https:\/\/kibrisdakik.com\/index.php?rest_route=%2Fwp%2Fv2%2Fcategories&post=15538"},{"taxonomy":"post_tag","embeddable":true,"href":"https:\/\/kibrisdakik.com\/index.php?rest_route=%2Fwp%2Fv2%2Ftags&post=15538"}],"curies":[{"name":"wp","href":"https:\/\/api.w.org\/{rel}","templated":true}]}}