{"id":15543,"date":"2023-10-13T09:13:05","date_gmt":"2023-10-13T09:13:05","guid":{"rendered":"https:\/\/kibrisdakik.com\/index.php\/2023\/10\/13\/bakan-dincyurek-alsancak-mare-e-monte-yardim-dernegini-kabul-etti\/"},"modified":"2023-10-13T09:13:05","modified_gmt":"2023-10-13T09:13:05","slug":"bakan-dincyurek-alsancak-mare-e-monte-yardim-dernegini-kabul-etti","status":"publish","type":"post","link":"https:\/\/kibrisdakik.com\/?p=15543","title":{"rendered":"Bakan Din\u00e7y\u00fcrek, Alsancak Mare- E Monte Yard\u0131m Derne\u011fi\u2019ni kabul etti"},"content":{"rendered":"<p><\/p>\n<div>\n<div class=\"mariselle-image-container center\">\n                <img width=\"1595\" height=\"622\" class=\"lazy-image\" alt=\"\" decoding=\"async\" loading=\"lazy\" sizes=\"auto, (max-width: 1595px) 100vw, 1595px\" src=\"https:\/\/brtk.net\/wp-content\/uploads\/2023\/10\/13\/alsjdlaj2.jpg?ver=70d5e6c4f607cebcf14ca795475c8fa9\" srcset=\"https:\/\/brtk.net\/wp-content\/uploads\/2023\/10\/13\/alsjdlaj2.jpg?ver=70d5e6c4f607cebcf14ca795475c8fa9 1595w, https:\/\/brtk.net\/wp-content\/uploads\/2023\/10\/13\/alsjdlaj2-300x117.jpg?ver=e682c0090e0b88ce7cce7bdc8e5a0196 300w, https:\/\/brtk.net\/wp-content\/uploads\/2023\/10\/13\/alsjdlaj2-1024x399.jpg?ver=e682c0090e0b88ce7cce7bdc8e5a0196 1024w, https:\/\/brtk.net\/wp-content\/uploads\/2023\/10\/13\/alsjdlaj2-768x299.jpg?ver=e682c0090e0b88ce7cce7bdc8e5a0196 768w, https:\/\/brtk.net\/wp-content\/uploads\/2023\/10\/13\/alsjdlaj2-1536x599.jpg?ver=e682c0090e0b88ce7cce7bdc8e5a0196 1536w\"\/>                            <\/div>\n<p>Sa\u011fl\u0131k Bakan\u0131 Dr. Hakan Din\u00e7y\u00fcrek, Alsancak Mare- E Monte Yard\u0131m Derne\u011fi\u2019ni kabul etti.<\/p>\n<p>Yap\u0131lan g\u00f6r\u00fc\u015fmede dernek yetkilileri Lapta Sa\u011fl\u0131k Merkezi ba\u015fta olmak \u00fczere sa\u011fl\u0131k alan\u0131nda tamamlanm\u0131\u015f ve devam eden projelerle ilgili Bakan Din\u00e7y\u00fcrek\u2019e bilgiler aktard\u0131.<\/p>\n<p>G\u00f6r\u00fc\u015fmede ayr\u0131ca yap\u0131m\u0131 s\u00fcren \u00c7aml\u0131bel Sa\u011fl\u0131k Oca\u011f\u0131 Projesi i\u00e7in Sa\u011fl\u0131k Bakan\u0131 Din\u00e7y\u00fcrek ile bilgi al\u0131\u015fveri\u015finde bulunuldu.<\/p>\n<p>Bakan Din\u00e7y\u00fcrek, Alsancak Mare-E Monte Yard\u0131m Derne\u011fi\u2019nin b\u00f6lgede yer alan sa\u011fl\u0131k merkezlerine katk\u0131 sa\u011flad\u0131\u011f\u0131n\u0131 vurgulayarak sivil toplum \u00f6rg\u00fctleri ve kurulu\u015flar\u0131n sa\u011fl\u0131\u011fa yapt\u0131\u011f\u0131 her katk\u0131n\u0131n b\u00fcy\u00fck \u00f6nem ta\u015f\u0131d\u0131\u011f\u0131n\u0131 belirtti.<\/p>\n<p>Din\u00e7y\u00fcrek, n\u00fcfusu ve fiziki geli\u015fimi s\u00fcrekli artan b\u00f6lgelerde sa\u011fl\u0131k merkezlerinin geli\u015ftirilmesine dikkat \u00e7ekerek, bu y\u00f6nde yap\u0131lacak her projeye destek vermeye haz\u0131r oldu\u011funu kaydetti. \u00a0\u00a0<\/p>\n<\/p><\/div>\n<p><script async\n                    defer\n                    crossorigin=\"anonymous\"\n                    src=\"https:\/\/connect.facebook.net\/tr_TR\/sdk.js#xfbml=1&#038;version=v3.3\"\n            ><\/script><\/p>\n","protected":false},"excerpt":{"rendered":"<p>Sa\u011fl\u0131k Bakan\u0131 Dr. Hakan Din\u00e7y\u00fcrek, Alsancak Mare- E Monte Yard\u0131m Derne\u011fi\u2019ni kabul etti. Yap\u0131lan g\u00f6r\u00fc\u015fmede dernek yetkilileri Lapta Sa\u011fl\u0131k Merkezi ba\u015fta olmak \u00fczere sa\u011fl\u0131k alan\u0131nda tamamlanm\u0131\u015f ve devam eden projelerle ilgili Bakan Din\u00e7y\u00fcrek\u2019e bilgiler aktard\u0131. G\u00f6r\u00fc\u015fmede ayr\u0131ca yap\u0131m\u0131 s\u00fcren \u00c7aml\u0131bel Sa\u011fl\u0131k Oca\u011f\u0131 Projesi i\u00e7in Sa\u011fl\u0131k Bakan\u0131 Din\u00e7y\u00fcrek ile bilgi al\u0131\u015fveri\u015finde bulunuldu. Bakan Din\u00e7y\u00fcrek, Alsancak Mare-E<\/p>\n","protected":false},"author":1,"featured_media":15544,"comment_status":"open","ping_status":"open","sticky":false,"template":"","format":"standard","meta":{"footnotes":""},"categories":[1],"tags":[],"class_list":["post-15543","post","type-post","status-publish","format-standard","has-post-thumbnail","hentry","category-gundem"],"yoast_head":"<!-- This site is optimized with the Yoast SEO plugin v27.5 - https:\/\/yoast.com\/product\/yoast-seo-wordpress\/ -->\n<title>Bakan Din\u00e7y\u00fcrek, Alsancak Mare- E Monte Yard\u0131m Derne\u011fi\u2019ni kabul etti -<\/title>\n<meta name=\"robots\" content=\"index, follow, max-snippet:-1, max-image-preview:large, max-video-preview:-1\" \/>\n<link rel=\"canonical\" href=\"https:\/\/kibrisdakik.com\/?p=15543\" \/>\n<meta property=\"og:locale\" content=\"tr_TR\" \/>\n<meta property=\"og:type\" content=\"article\" \/>\n<meta property=\"og:title\" content=\"Bakan Din\u00e7y\u00fcrek, Alsancak Mare- E Monte Yard\u0131m Derne\u011fi\u2019ni kabul etti -\" \/>\n<meta property=\"og:description\" content=\"Sa\u011fl\u0131k Bakan\u0131 Dr. Hakan Din\u00e7y\u00fcrek, Alsancak Mare- E Monte Yard\u0131m Derne\u011fi\u2019ni kabul etti. Yap\u0131lan g\u00f6r\u00fc\u015fmede dernek yetkilileri Lapta Sa\u011fl\u0131k Merkezi ba\u015fta olmak \u00fczere sa\u011fl\u0131k alan\u0131nda tamamlanm\u0131\u015f ve devam eden projelerle ilgili Bakan Din\u00e7y\u00fcrek\u2019e bilgiler aktard\u0131. G\u00f6r\u00fc\u015fmede ayr\u0131ca yap\u0131m\u0131 s\u00fcren \u00c7aml\u0131bel Sa\u011fl\u0131k Oca\u011f\u0131 Projesi i\u00e7in Sa\u011fl\u0131k Bakan\u0131 Din\u00e7y\u00fcrek ile bilgi al\u0131\u015fveri\u015finde bulunuldu. Bakan Din\u00e7y\u00fcrek, Alsancak Mare-E\" \/>\n<meta property=\"og:url\" content=\"https:\/\/kibrisdakik.com\/?p=15543\" \/>\n<meta property=\"article:published_time\" content=\"2023-10-13T09:13:05+00:00\" \/>\n<meta property=\"og:image\" content=\"https:\/\/kibrisdakik.com\/wp-content\/uploads\/2023\/10\/alsjdlaj2-740x420.jpg\" \/>\n\t<meta property=\"og:image:width\" content=\"1595\" \/>\n\t<meta property=\"og:image:height\" content=\"622\" \/>\n\t<meta property=\"og:image:type\" content=\"image\/jpeg\" \/>\n<meta name=\"author\" content=\"admin\" \/>\n<meta name=\"twitter:card\" content=\"summary_large_image\" \/>\n<meta name=\"twitter:label1\" content=\"Yazan:\" \/>\n\t<meta name=\"twitter:data1\" content=\"admin\" \/>\n\t<meta name=\"twitter:label2\" content=\"Tahmini okuma s\u00fcresi\" \/>\n\t<meta name=\"twitter:data2\" content=\"1 dakika\" \/>\n<script type=\"application\/ld+json\" class=\"yoast-schema-graph\">{\"@context\":\"https:\\\/\\\/schema.org\",\"@graph\":[{\"@type\":\"Article\",\"@id\":\"https:\\\/\\\/kibrisdakik.com\\\/?p=15543#article\",\"isPartOf\":{\"@id\":\"https:\\\/\\\/kibrisdakik.com\\\/?p=15543\"},\"author\":{\"name\":\"admin\",\"@id\":\"https:\\\/\\\/kibrisdakik.com\\\/#\\\/schema\\\/person\\\/9cd9d437bbb44f72b73ba127e06d8e79\"},\"headline\":\"Bakan Din\u00e7y\u00fcrek, Alsancak Mare- E Monte Yard\u0131m Derne\u011fi\u2019ni kabul etti\",\"datePublished\":\"2023-10-13T09:13:05+00:00\",\"mainEntityOfPage\":{\"@id\":\"https:\\\/\\\/kibrisdakik.com\\\/?p=15543\"},\"wordCount\":185,\"commentCount\":0,\"image\":{\"@id\":\"https:\\\/\\\/kibrisdakik.com\\\/?p=15543#primaryimage\"},\"thumbnailUrl\":\"https:\\\/\\\/kibrisdakik.com\\\/wp-content\\\/uploads\\\/2023\\\/10\\\/alsjdlaj2-740x420.jpg\",\"articleSection\":[\"G\u00fcndem\"],\"inLanguage\":\"tr\",\"potentialAction\":[{\"@type\":\"CommentAction\",\"name\":\"Comment\",\"target\":[\"https:\\\/\\\/kibrisdakik.com\\\/?p=15543#respond\"]}]},{\"@type\":\"WebPage\",\"@id\":\"https:\\\/\\\/kibrisdakik.com\\\/?p=15543\",\"url\":\"https:\\\/\\\/kibrisdakik.com\\\/?p=15543\",\"name\":\"Bakan Din\u00e7y\u00fcrek, Alsancak Mare- E Monte Yard\u0131m Derne\u011fi\u2019ni kabul etti -\",\"isPartOf\":{\"@id\":\"https:\\\/\\\/kibrisdakik.com\\\/#website\"},\"primaryImageOfPage\":{\"@id\":\"https:\\\/\\\/kibrisdakik.com\\\/?p=15543#primaryimage\"},\"image\":{\"@id\":\"https:\\\/\\\/kibrisdakik.com\\\/?p=15543#primaryimage\"},\"thumbnailUrl\":\"https:\\\/\\\/kibrisdakik.com\\\/wp-content\\\/uploads\\\/2023\\\/10\\\/alsjdlaj2-740x420.jpg\",\"datePublished\":\"2023-10-13T09:13:05+00:00\",\"author\":{\"@id\":\"https:\\\/\\\/kibrisdakik.com\\\/#\\\/schema\\\/person\\\/9cd9d437bbb44f72b73ba127e06d8e79\"},\"breadcrumb\":{\"@id\":\"https:\\\/\\\/kibrisdakik.com\\\/?p=15543#breadcrumb\"},\"inLanguage\":\"tr\",\"potentialAction\":[{\"@type\":\"ReadAction\",\"target\":[\"https:\\\/\\\/kibrisdakik.com\\\/?p=15543\"]}]},{\"@type\":\"ImageObject\",\"inLanguage\":\"tr\",\"@id\":\"https:\\\/\\\/kibrisdakik.com\\\/?p=15543#primaryimage\",\"url\":\"https:\\\/\\\/kibrisdakik.com\\\/wp-content\\\/uploads\\\/2023\\\/10\\\/alsjdlaj2-740x420.jpg\",\"contentUrl\":\"https:\\\/\\\/kibrisdakik.com\\\/wp-content\\\/uploads\\\/2023\\\/10\\\/alsjdlaj2-740x420.jpg\",\"width\":1595,\"height\":622},{\"@type\":\"BreadcrumbList\",\"@id\":\"https:\\\/\\\/kibrisdakik.com\\\/?p=15543#breadcrumb\",\"itemListElement\":[{\"@type\":\"ListItem\",\"position\":1,\"name\":\"Home\",\"item\":\"https:\\\/\\\/kibrisdakik.com\\\/\"},{\"@type\":\"ListItem\",\"position\":2,\"name\":\"Bakan Din\u00e7y\u00fcrek, Alsancak Mare- E Monte Yard\u0131m Derne\u011fi\u2019ni kabul etti\"}]},{\"@type\":\"WebSite\",\"@id\":\"https:\\\/\\\/kibrisdakik.com\\\/#website\",\"url\":\"https:\\\/\\\/kibrisdakik.com\\\/\",\"name\":\"\",\"description\":\"Tam vaktinde haber\",\"potentialAction\":[{\"@type\":\"SearchAction\",\"target\":{\"@type\":\"EntryPoint\",\"urlTemplate\":\"https:\\\/\\\/kibrisdakik.com\\\/?s={search_term_string}\"},\"query-input\":{\"@type\":\"PropertyValueSpecification\",\"valueRequired\":true,\"valueName\":\"search_term_string\"}}],\"inLanguage\":\"tr\"},{\"@type\":\"Person\",\"@id\":\"https:\\\/\\\/kibrisdakik.com\\\/#\\\/schema\\\/person\\\/9cd9d437bbb44f72b73ba127e06d8e79\",\"name\":\"admin\",\"image\":{\"@type\":\"ImageObject\",\"inLanguage\":\"tr\",\"@id\":\"https:\\\/\\\/secure.gravatar.com\\\/avatar\\\/ccc17943b9d660506c869530f897617f7cb1c21a4bf30023f252596d83e1f007?s=96&d=mm&r=g\",\"url\":\"https:\\\/\\\/secure.gravatar.com\\\/avatar\\\/ccc17943b9d660506c869530f897617f7cb1c21a4bf30023f252596d83e1f007?s=96&d=mm&r=g\",\"contentUrl\":\"https:\\\/\\\/secure.gravatar.com\\\/avatar\\\/ccc17943b9d660506c869530f897617f7cb1c21a4bf30023f252596d83e1f007?s=96&d=mm&r=g\",\"caption\":\"admin\"},\"sameAs\":[\"https:\\\/\\\/kibrisdakik.com\"],\"url\":\"https:\\\/\\\/kibrisdakik.com\\\/?author=1\"}]}<\/script>\n<!-- \/ Yoast SEO plugin. -->","yoast_head_json":{"title":"Bakan Din\u00e7y\u00fcrek, Alsancak Mare- E Monte Yard\u0131m Derne\u011fi\u2019ni kabul etti -","robots":{"index":"index","follow":"follow","max-snippet":"max-snippet:-1","max-image-preview":"max-image-preview:large","max-video-preview":"max-video-preview:-1"},"canonical":"https:\/\/kibrisdakik.com\/?p=15543","og_locale":"tr_TR","og_type":"article","og_title":"Bakan Din\u00e7y\u00fcrek, Alsancak Mare- E Monte Yard\u0131m Derne\u011fi\u2019ni kabul etti -","og_description":"Sa\u011fl\u0131k Bakan\u0131 Dr. Hakan Din\u00e7y\u00fcrek, Alsancak Mare- E Monte Yard\u0131m Derne\u011fi\u2019ni kabul etti. Yap\u0131lan g\u00f6r\u00fc\u015fmede dernek yetkilileri Lapta Sa\u011fl\u0131k Merkezi ba\u015fta olmak \u00fczere sa\u011fl\u0131k alan\u0131nda tamamlanm\u0131\u015f ve devam eden projelerle ilgili Bakan Din\u00e7y\u00fcrek\u2019e bilgiler aktard\u0131. G\u00f6r\u00fc\u015fmede ayr\u0131ca yap\u0131m\u0131 s\u00fcren \u00c7aml\u0131bel Sa\u011fl\u0131k Oca\u011f\u0131 Projesi i\u00e7in Sa\u011fl\u0131k Bakan\u0131 Din\u00e7y\u00fcrek ile bilgi al\u0131\u015fveri\u015finde bulunuldu. Bakan Din\u00e7y\u00fcrek, Alsancak Mare-E","og_url":"https:\/\/kibrisdakik.com\/?p=15543","article_published_time":"2023-10-13T09:13:05+00:00","og_image":[{"width":1595,"height":622,"url":"https:\/\/kibrisdakik.com\/wp-content\/uploads\/2023\/10\/alsjdlaj2-740x420.jpg","type":"image\/jpeg"}],"author":"admin","twitter_card":"summary_large_image","twitter_misc":{"Yazan:":"admin","Tahmini okuma s\u00fcresi":"1 dakika"},"schema":{"@context":"https:\/\/schema.org","@graph":[{"@type":"Article","@id":"https:\/\/kibrisdakik.com\/?p=15543#article","isPartOf":{"@id":"https:\/\/kibrisdakik.com\/?p=15543"},"author":{"name":"admin","@id":"https:\/\/kibrisdakik.com\/#\/schema\/person\/9cd9d437bbb44f72b73ba127e06d8e79"},"headline":"Bakan Din\u00e7y\u00fcrek, Alsancak Mare- E Monte Yard\u0131m Derne\u011fi\u2019ni kabul etti","datePublished":"2023-10-13T09:13:05+00:00","mainEntityOfPage":{"@id":"https:\/\/kibrisdakik.com\/?p=15543"},"wordCount":185,"commentCount":0,"image":{"@id":"https:\/\/kibrisdakik.com\/?p=15543#primaryimage"},"thumbnailUrl":"https:\/\/kibrisdakik.com\/wp-content\/uploads\/2023\/10\/alsjdlaj2-740x420.jpg","articleSection":["G\u00fcndem"],"inLanguage":"tr","potentialAction":[{"@type":"CommentAction","name":"Comment","target":["https:\/\/kibrisdakik.com\/?p=15543#respond"]}]},{"@type":"WebPage","@id":"https:\/\/kibrisdakik.com\/?p=15543","url":"https:\/\/kibrisdakik.com\/?p=15543","name":"Bakan Din\u00e7y\u00fcrek, Alsancak Mare- E Monte Yard\u0131m Derne\u011fi\u2019ni kabul etti -","isPartOf":{"@id":"https:\/\/kibrisdakik.com\/#website"},"primaryImageOfPage":{"@id":"https:\/\/kibrisdakik.com\/?p=15543#primaryimage"},"image":{"@id":"https:\/\/kibrisdakik.com\/?p=15543#primaryimage"},"thumbnailUrl":"https:\/\/kibrisdakik.com\/wp-content\/uploads\/2023\/10\/alsjdlaj2-740x420.jpg","datePublished":"2023-10-13T09:13:05+00:00","author":{"@id":"https:\/\/kibrisdakik.com\/#\/schema\/person\/9cd9d437bbb44f72b73ba127e06d8e79"},"breadcrumb":{"@id":"https:\/\/kibrisdakik.com\/?p=15543#breadcrumb"},"inLanguage":"tr","potentialAction":[{"@type":"ReadAction","target":["https:\/\/kibrisdakik.com\/?p=15543"]}]},{"@type":"ImageObject","inLanguage":"tr","@id":"https:\/\/kibrisdakik.com\/?p=15543#primaryimage","url":"https:\/\/kibrisdakik.com\/wp-content\/uploads\/2023\/10\/alsjdlaj2-740x420.jpg","contentUrl":"https:\/\/kibrisdakik.com\/wp-content\/uploads\/2023\/10\/alsjdlaj2-740x420.jpg","width":1595,"height":622},{"@type":"BreadcrumbList","@id":"https:\/\/kibrisdakik.com\/?p=15543#breadcrumb","itemListElement":[{"@type":"ListItem","position":1,"name":"Home","item":"https:\/\/kibrisdakik.com\/"},{"@type":"ListItem","position":2,"name":"Bakan Din\u00e7y\u00fcrek, Alsancak Mare- E Monte Yard\u0131m Derne\u011fi\u2019ni kabul etti"}]},{"@type":"WebSite","@id":"https:\/\/kibrisdakik.com\/#website","url":"https:\/\/kibrisdakik.com\/","name":"","description":"Tam vaktinde haber","potentialAction":[{"@type":"SearchAction","target":{"@type":"EntryPoint","urlTemplate":"https:\/\/kibrisdakik.com\/?s={search_term_string}"},"query-input":{"@type":"PropertyValueSpecification","valueRequired":true,"valueName":"search_term_string"}}],"inLanguage":"tr"},{"@type":"Person","@id":"https:\/\/kibrisdakik.com\/#\/schema\/person\/9cd9d437bbb44f72b73ba127e06d8e79","name":"admin","image":{"@type":"ImageObject","inLanguage":"tr","@id":"https:\/\/secure.gravatar.com\/avatar\/ccc17943b9d660506c869530f897617f7cb1c21a4bf30023f252596d83e1f007?s=96&d=mm&r=g","url":"https:\/\/secure.gravatar.com\/avatar\/ccc17943b9d660506c869530f897617f7cb1c21a4bf30023f252596d83e1f007?s=96&d=mm&r=g","contentUrl":"https:\/\/secure.gravatar.com\/avatar\/ccc17943b9d660506c869530f897617f7cb1c21a4bf30023f252596d83e1f007?s=96&d=mm&r=g","caption":"admin"},"sameAs":["https:\/\/kibrisdakik.com"],"url":"https:\/\/kibrisdakik.com\/?author=1"}]}},"_links":{"self":[{"href":"https:\/\/kibrisdakik.com\/index.php?rest_route=\/wp\/v2\/posts\/15543","targetHints":{"allow":["GET"]}}],"collection":[{"href":"https:\/\/kibrisdakik.com\/index.php?rest_route=\/wp\/v2\/posts"}],"about":[{"href":"https:\/\/kibrisdakik.com\/index.php?rest_route=\/wp\/v2\/types\/post"}],"author":[{"embeddable":true,"href":"https:\/\/kibrisdakik.com\/index.php?rest_route=\/wp\/v2\/users\/1"}],"replies":[{"embeddable":true,"href":"https:\/\/kibrisdakik.com\/index.php?rest_route=%2Fwp%2Fv2%2Fcomments&post=15543"}],"version-history":[{"count":0,"href":"https:\/\/kibrisdakik.com\/index.php?rest_route=\/wp\/v2\/posts\/15543\/revisions"}],"wp:featuredmedia":[{"embeddable":true,"href":"https:\/\/kibrisdakik.com\/index.php?rest_route=\/wp\/v2\/media\/15544"}],"wp:attachment":[{"href":"https:\/\/kibrisdakik.com\/index.php?rest_route=%2Fwp%2Fv2%2Fmedia&parent=15543"}],"wp:term":[{"taxonomy":"category","embeddable":true,"href":"https:\/\/kibrisdakik.com\/index.php?rest_route=%2Fwp%2Fv2%2Fcategories&post=15543"},{"taxonomy":"post_tag","embeddable":true,"href":"https:\/\/kibrisdakik.com\/index.php?rest_route=%2Fwp%2Fv2%2Ftags&post=15543"}],"curies":[{"name":"wp","href":"https:\/\/api.w.org\/{rel}","templated":true}]}}