{"id":15547,"date":"2023-10-13T10:14:56","date_gmt":"2023-10-13T10:14:56","guid":{"rendered":"https:\/\/kibrisdakik.com\/index.php\/2023\/10\/13\/ataoglutemennimiz-karde%e1%b9%a3-azerbaycani-da-kktcde-gormek\/"},"modified":"2023-10-13T10:14:56","modified_gmt":"2023-10-13T10:14:56","slug":"ataoglutemennimiz-karde%e1%b9%a3-azerbaycani-da-kktcde-gormek","status":"publish","type":"post","link":"https:\/\/kibrisdakik.com\/?p=15547","title":{"rendered":"Atao\u011flu:Temennimiz, karde\u1e63 Azerbaycan\u2019\u0131 da KKTC\u2019de g\u00f6rmek"},"content":{"rendered":"<p><\/p>\n<div>\n<div class=\"mariselle-image-container center\">\n                <img width=\"1079\" height=\"720\" class=\"lazy-image\" alt=\"\" decoding=\"async\" loading=\"lazy\" sizes=\"auto, (max-width: 1079px) 100vw, 1079px\" src=\"https:\/\/brtk.net\/wp-content\/uploads\/2023\/10\/13\/FB_IMG_1697189700236.jpg?ver=a8b66a7910860db10b769f6fbede5e59\" srcset=\"https:\/\/brtk.net\/wp-content\/uploads\/2023\/10\/13\/FB_IMG_1697189700236.jpg?ver=a8b66a7910860db10b769f6fbede5e59 1079w, https:\/\/brtk.net\/wp-content\/uploads\/2023\/10\/13\/FB_IMG_1697189700236-300x200.jpg?ver=a8b66a7910860db10b769f6fbede5e59 300w, https:\/\/brtk.net\/wp-content\/uploads\/2023\/10\/13\/FB_IMG_1697189700236-1024x683.jpg?ver=a8b66a7910860db10b769f6fbede5e59 1024w, https:\/\/brtk.net\/wp-content\/uploads\/2023\/10\/13\/FB_IMG_1697189700236-768x512.jpg?ver=a8b66a7910860db10b769f6fbede5e59 768w\"\/>                            <\/div>\n<p>Ba\u015fbakan Yard\u0131mc\u0131s\u0131, Turizm, K\u00fclt\u00fcr, Gen\u00e7lik ve \u00c7evre Bakan\u0131 Atao\u011flu, <a href=\"https:\/\/brtk.net\/\"\/><a href=\"https:\/\/brtk.net\/\"\/><a href=\"https:\/\/brtk.net\/\"\/><a href=\"https:\/\/brtk.net\/\"\/><a href=\"https:\/\/brtk.net\/\"\/><a href=\"https:\/\/brtk.net\/\"\/><a href=\"https:\/\/brtk.net\/\"\/><a href=\"https:\/\/brtk.net\/\">KKTC<\/a> Tan\u0131t\u0131m etkinli\u011fi gala gecesinde, Azerbaycan medyas\u0131na a\u00e7\u0131klamalarda bulundu. <\/p>\n<p>Azerbaycan\u2019\u0131n ba\u015fkenti Bak\u00fc\u2019de bug\u00fcn ba\u015flayan ve iki g\u00fcn s\u00fcrecek olan \u201cKuzey K\u0131br\u0131s T\u00fcrk Cumhuriyeti K\u00fclt\u00fcr ve Tan\u0131t\u0131m G\u00fcnleri\u201d etkinli\u011fi, Cumhurba\u015fkan\u0131 <a href=\"https:\/\/brtk.net\/\" target=\"_blank\" rel=\"noopener\"><a href=\"https:\/\/brtk.net\/\" target=\"_blank\" rel=\"noopener\">Ersin <\/a><a href=\"https:\/\/brtk.net\/\"\/><a href=\"https:\/\/brtk.net\/\">Tatar<\/a>, Ba\u015fbakan \u00dcnal \u00dcstel ve Ba\u015fbakan Yard\u0131mc\u0131s\u0131, Turizm, K\u00fclt\u00fcr, Gen\u00e7lik ve \u00c7evre Bakan\u0131 Fikri Atao\u011flu\u2019nun kat\u0131l\u0131m\u0131 ile d\u00fczenlenen gala gecesi ile ba\u015flad\u0131. <\/p>\n<p>Galaya, Cumhurba\u015fkan\u0131 <a href=\"https:\/\/brtk.net\/\" target=\"_blank\" rel=\"noopener\"><a href=\"https:\/\/brtk.net\/\" target=\"_blank\" rel=\"noopener\">Ersin <\/a><a href=\"https:\/\/brtk.net\/\"\/><a href=\"https:\/\/brtk.net\/\">Tatar<\/a> ve e\u015fi Sibel <a href=\"https:\/\/brtk.net\/\"\/><a href=\"https:\/\/brtk.net\/\">Tatar<\/a>, Ba\u015fbakan \u00dcnal \u00dcstel ve e\u015fi Zerrin \u00dcstel\u2019in yan\u0131s\u0131ra, Ba\u015fbakan Yard\u0131mc\u0131s\u0131, Turizm, K\u00fclt\u00fcr, Gen\u00e7lik ve \u00c7evre Bakan\u0131 Fikri Atao\u011flu, T\u00fcrkiye Cumhuriyeti Bak\u00fc B\u00fcy\u00fckel\u00e7isi Do\u00e7. Dr. Cahit Ba\u011fc\u0131, <a href=\"https:\/\/brtk.net\/\"\/><a href=\"https:\/\/brtk.net\/\"\/><a href=\"https:\/\/brtk.net\/\"\/><a href=\"https:\/\/brtk.net\/\"\/><a href=\"https:\/\/brtk.net\/\"\/><a href=\"https:\/\/brtk.net\/\"\/><a href=\"https:\/\/brtk.net\/\"\/><a href=\"https:\/\/brtk.net\/\">KKTC<\/a> Bak\u00fc Temsilcisi Ufuk Turganer ile Azerbaycan Diaspora Komitesi Bakan\u0131 Fuad Muradov, Korgeneral Bahtiyar Ersay, T\u00dcRKPA Genel Sekreteri B\u00fcy\u00fckel\u00e7i Mehmet S\u00fcreyya Er, AT\u0130B Ba\u015fkan\u0131 Cemal Yang\u0131n, Azerbaycanl\u0131 baz\u0131 bakan yard\u0131mc\u0131lar\u0131, milletvekilleri, \u00fcniversite rekt\u00f6rleri, i\u015f adamlar\u0131 ile <a href=\"https:\/\/brtk.net\/\"\/><a href=\"https:\/\/brtk.net\/\"\/><a href=\"https:\/\/brtk.net\/\"\/><a href=\"https:\/\/brtk.net\/\"\/><a href=\"https:\/\/brtk.net\/\"\/><a href=\"https:\/\/brtk.net\/\"\/><a href=\"https:\/\/brtk.net\/\"\/><a href=\"https:\/\/brtk.net\/\">KKTC<\/a>\u2019den gelen temsilciler kat\u0131ld\u0131.<\/p>\n<p>\u0130ki devlet milli mar\u015flar\u0131n\u0131n okunmas\u0131 ile ba\u015flayan gecede, Ba\u015fbakan Yard\u0131mc\u0131l\u0131\u011f\u0131, Turizm, K\u00fclt\u00fcr, Gen\u00e7lik ve \u00c7evre Bakanl\u0131\u011f\u0131 taraf\u0131ndan yapt\u0131r\u0131lan <a href=\"https:\/\/brtk.net\/\"\/><a href=\"https:\/\/brtk.net\/\"\/><a href=\"https:\/\/brtk.net\/\"\/><a href=\"https:\/\/brtk.net\/\"\/><a href=\"https:\/\/brtk.net\/\"\/><a href=\"https:\/\/brtk.net\/\"\/><a href=\"https:\/\/brtk.net\/\"\/><a href=\"https:\/\/brtk.net\/\">KKTC<\/a> tan\u0131t\u0131m filmleri g\u00f6sterildi ard\u0131ndan da \u0130skele Belediyesi Halk Danslar\u0131 Toplulu\u011fu, dans g\u00f6sterisi ger\u00e7ekle\u015ftirdi.<br \/>Samimi ve s\u0131cak bir atmosferde ger\u00e7ekle\u015ftirilen gecede, \u201c3 Devlet Tek millet\u201d mesajlar\u0131 verilirken, K\u0131br\u0131s T\u00fcrk\u00fc\u2019n\u00fcn siyasi ve ekonomik m\u00fccadelesinin desteklendi\u011fi ve yeni uluslararas\u0131 politikalar\u0131n desteklenmesi gereklili\u011finin alt\u0131 \u00e7izildi. <\/p>\n<p>ATAO\u011eLU; \u201cEN KISA ZAMANDA <a href=\"https:\/\/brtk.net\/\"\/><a href=\"https:\/\/brtk.net\/\"\/><a href=\"https:\/\/brtk.net\/\"\/><a href=\"https:\/\/brtk.net\/\"\/><a href=\"https:\/\/brtk.net\/\"\/><a href=\"https:\/\/brtk.net\/\"\/><a href=\"https:\/\/brtk.net\/\"\/><a href=\"https:\/\/brtk.net\/\">KKTC<\/a>\u2019DE BULU\u015eMAYI D\u0130L\u0130YORUZ\u201d <\/p>\n<p>Ba\u015fbakan Yard\u0131mc\u0131s\u0131, turizm, K\u00fclt\u00fcr, Gen\u00e7lik ve \u00c7evre Bakan\u0131 Fikri Atao\u011flu, \u201c<a href=\"https:\/\/brtk.net\/\"\/><a href=\"https:\/\/brtk.net\/\"\/><a href=\"https:\/\/brtk.net\/\"\/><a href=\"https:\/\/brtk.net\/\"\/><a href=\"https:\/\/brtk.net\/\"\/><a href=\"https:\/\/brtk.net\/\"\/><a href=\"https:\/\/brtk.net\/\"\/><a href=\"https:\/\/brtk.net\/\">KKTC<\/a> K\u00fclt\u00fcr ve Tan\u0131t\u0131m G\u00fcnleri\u201d gala gecesinde, Azerbaycan medyas\u0131na a\u00e7\u0131klamalarda bulundu. <\/p>\n<p>Atao\u011flu, ziyaretin kalabal\u0131k bir heyetle ger\u00e7ekle\u015ftirildi\u011fini, Cumhurba\u015fkan\u0131 ve Ba\u015fbakan\u2019\u0131n yan\u0131 s\u0131ra, <a href=\"https:\/\/brtk.net\/\"\/><a href=\"https:\/\/brtk.net\/\"\/><a href=\"https:\/\/brtk.net\/\"\/><a href=\"https:\/\/brtk.net\/\"\/><a href=\"https:\/\/brtk.net\/\"\/><a href=\"https:\/\/brtk.net\/\"\/><a href=\"https:\/\/brtk.net\/\"\/><a href=\"https:\/\/brtk.net\/\">KKTC<\/a> sekt\u00f6r temsilcileri, Birlik temsilcileri, \u00fcniversitelerin heyette yer ald\u0131\u011f\u0131n\u0131 belirterek, \u201cAmac\u0131m\u0131z ve temennimiz, karde\u015f \u00fclke Azerbaycan\u2019\u0131 da <a href=\"https:\/\/brtk.net\/\"\/><a href=\"https:\/\/brtk.net\/\"\/><a href=\"https:\/\/brtk.net\/\"\/><a href=\"https:\/\/brtk.net\/\"\/><a href=\"https:\/\/brtk.net\/\"\/><a href=\"https:\/\/brtk.net\/\"\/><a href=\"https:\/\/brtk.net\/\"\/><a href=\"https:\/\/brtk.net\/\">KKTC<\/a>\u2019de g\u00f6rebilmek\u201d ifadelerini kulland\u0131. <\/p>\n<p>Atao\u011flu, 2 g\u00fcn s\u00fcrecek olan tan\u0131t\u0131m etkinli\u011finin, iki \u00fclke aras\u0131ndaki ekonomik, sosyal, k\u00fclt\u00fcrel ve siyasi ili\u015fkilerin daha da geli\u015ftirilmesini hedefledi\u011fini belirterek, kalabal\u0131k bir kat\u0131l\u0131m\u0131n olmas\u0131 bu anlamda sevindirici oldu\u011funu belirtti. <\/p>\n<p>Atao\u011flu, Bir\u00e7ok Azerbaycanl\u0131 i\u015f insanlar\u0131n\u0131n yan\u0131s\u0131ra, baz\u0131 Bakan Yard\u0131mc\u0131lar\u0131\u2019n\u0131n, Milletvekillerinin geceye kat\u0131l\u0131mlar\u0131n\u0131n sevindirici oldu\u011fu kadar umut verici oldu\u011funun alt\u0131n\u0131 \u00e7izdi.<\/p>\n<p>Atao\u011flu a\u00e7\u0131klamas\u0131nda ayr\u0131ca, \u015eu\u015fa\u2019da ger\u00e7ekle\u015ftirilecek T\u00dcRKSOY toplant\u0131s\u0131na da kat\u0131lacaklar\u0131n\u0131 belirterek, \u201cumar\u0131m en k\u0131sa zaman i\u00e7erisinde, yollar\u0131m\u0131z a\u00e7\u0131l\u0131r ve sizlerle, karde\u015f Azerbaycan ile <a href=\"https:\/\/brtk.net\/\"\/><a href=\"https:\/\/brtk.net\/\"\/><a href=\"https:\/\/brtk.net\/\"\/><a href=\"https:\/\/brtk.net\/\"\/><a href=\"https:\/\/brtk.net\/\"\/><a href=\"https:\/\/brtk.net\/\"\/><a href=\"https:\/\/brtk.net\/\"\/><a href=\"https:\/\/brtk.net\/\">KKTC<\/a>\u2019de bulu\u015furuz\u201d dedi.<\/p>\n<\/p><\/div>\n<p><script async\n                    defer\n                    crossorigin=\"anonymous\"\n                    src=\"https:\/\/connect.facebook.net\/tr_TR\/sdk.js#xfbml=1&#038;version=v3.3\"\n            ><\/script><\/p>\n","protected":false},"excerpt":{"rendered":"<p>Ba\u015fbakan Yard\u0131mc\u0131s\u0131, Turizm, K\u00fclt\u00fcr, Gen\u00e7lik ve \u00c7evre Bakan\u0131 Atao\u011flu, KKTC Tan\u0131t\u0131m etkinli\u011fi gala gecesinde, Azerbaycan medyas\u0131na a\u00e7\u0131klamalarda bulundu. Azerbaycan\u2019\u0131n ba\u015fkenti Bak\u00fc\u2019de bug\u00fcn ba\u015flayan ve iki g\u00fcn s\u00fcrecek olan \u201cKuzey K\u0131br\u0131s T\u00fcrk Cumhuriyeti K\u00fclt\u00fcr ve Tan\u0131t\u0131m G\u00fcnleri\u201d etkinli\u011fi, Cumhurba\u015fkan\u0131 Ersin Tatar, Ba\u015fbakan \u00dcnal \u00dcstel ve Ba\u015fbakan Yard\u0131mc\u0131s\u0131, Turizm, K\u00fclt\u00fcr, Gen\u00e7lik ve \u00c7evre Bakan\u0131 Fikri Atao\u011flu\u2019nun kat\u0131l\u0131m\u0131<\/p>\n","protected":false},"author":1,"featured_media":15548,"comment_status":"open","ping_status":"open","sticky":false,"template":"","format":"standard","meta":{"footnotes":""},"categories":[1],"tags":[],"class_list":["post-15547","post","type-post","status-publish","format-standard","has-post-thumbnail","hentry","category-gundem"],"yoast_head":"<!-- This site is optimized with the Yoast SEO plugin v27.5 - https:\/\/yoast.com\/product\/yoast-seo-wordpress\/ -->\n<title>Atao\u011flu:Temennimiz, karde\u1e63 Azerbaycan\u2019\u0131 da KKTC\u2019de g\u00f6rmek -<\/title>\n<meta name=\"robots\" content=\"index, follow, max-snippet:-1, max-image-preview:large, max-video-preview:-1\" \/>\n<link rel=\"canonical\" href=\"https:\/\/kibrisdakik.com\/?p=15547\" \/>\n<meta property=\"og:locale\" content=\"tr_TR\" \/>\n<meta property=\"og:type\" content=\"article\" \/>\n<meta property=\"og:title\" content=\"Atao\u011flu:Temennimiz, karde\u1e63 Azerbaycan\u2019\u0131 da KKTC\u2019de g\u00f6rmek -\" \/>\n<meta property=\"og:description\" content=\"Ba\u015fbakan Yard\u0131mc\u0131s\u0131, Turizm, K\u00fclt\u00fcr, Gen\u00e7lik ve \u00c7evre Bakan\u0131 Atao\u011flu, KKTC Tan\u0131t\u0131m etkinli\u011fi gala gecesinde, Azerbaycan medyas\u0131na a\u00e7\u0131klamalarda bulundu. Azerbaycan\u2019\u0131n ba\u015fkenti Bak\u00fc\u2019de bug\u00fcn ba\u015flayan ve iki g\u00fcn s\u00fcrecek olan \u201cKuzey K\u0131br\u0131s T\u00fcrk Cumhuriyeti K\u00fclt\u00fcr ve Tan\u0131t\u0131m G\u00fcnleri\u201d etkinli\u011fi, Cumhurba\u015fkan\u0131 Ersin Tatar, Ba\u015fbakan \u00dcnal \u00dcstel ve Ba\u015fbakan Yard\u0131mc\u0131s\u0131, Turizm, K\u00fclt\u00fcr, Gen\u00e7lik ve \u00c7evre Bakan\u0131 Fikri Atao\u011flu\u2019nun kat\u0131l\u0131m\u0131\" \/>\n<meta property=\"og:url\" content=\"https:\/\/kibrisdakik.com\/?p=15547\" \/>\n<meta property=\"article:published_time\" content=\"2023-10-13T10:14:56+00:00\" \/>\n<meta property=\"og:image\" content=\"https:\/\/kibrisdakik.com\/wp-content\/uploads\/2023\/10\/FB_IMG_1697189700236-740x420.jpg\" \/>\n\t<meta property=\"og:image:width\" content=\"1079\" \/>\n\t<meta property=\"og:image:height\" content=\"720\" \/>\n\t<meta property=\"og:image:type\" content=\"image\/jpeg\" \/>\n<meta name=\"author\" content=\"admin\" \/>\n<meta name=\"twitter:card\" content=\"summary_large_image\" \/>\n<meta name=\"twitter:label1\" content=\"Yazan:\" \/>\n\t<meta name=\"twitter:data1\" content=\"admin\" \/>\n\t<meta name=\"twitter:label2\" content=\"Tahmini okuma s\u00fcresi\" \/>\n\t<meta name=\"twitter:data2\" content=\"3 dakika\" \/>\n<script type=\"application\/ld+json\" class=\"yoast-schema-graph\">{\"@context\":\"https:\\\/\\\/schema.org\",\"@graph\":[{\"@type\":\"Article\",\"@id\":\"https:\\\/\\\/kibrisdakik.com\\\/?p=15547#article\",\"isPartOf\":{\"@id\":\"https:\\\/\\\/kibrisdakik.com\\\/?p=15547\"},\"author\":{\"name\":\"admin\",\"@id\":\"https:\\\/\\\/kibrisdakik.com\\\/#\\\/schema\\\/person\\\/9cd9d437bbb44f72b73ba127e06d8e79\"},\"headline\":\"Atao\u011flu:Temennimiz, karde\u1e63 Azerbaycan\u2019\u0131 da KKTC\u2019de g\u00f6rmek\",\"datePublished\":\"2023-10-13T10:14:56+00:00\",\"mainEntityOfPage\":{\"@id\":\"https:\\\/\\\/kibrisdakik.com\\\/?p=15547\"},\"wordCount\":535,\"commentCount\":0,\"image\":{\"@id\":\"https:\\\/\\\/kibrisdakik.com\\\/?p=15547#primaryimage\"},\"thumbnailUrl\":\"https:\\\/\\\/kibrisdakik.com\\\/wp-content\\\/uploads\\\/2023\\\/10\\\/FB_IMG_1697189700236-740x420.jpg\",\"articleSection\":[\"G\u00fcndem\"],\"inLanguage\":\"tr\",\"potentialAction\":[{\"@type\":\"CommentAction\",\"name\":\"Comment\",\"target\":[\"https:\\\/\\\/kibrisdakik.com\\\/?p=15547#respond\"]}]},{\"@type\":\"WebPage\",\"@id\":\"https:\\\/\\\/kibrisdakik.com\\\/?p=15547\",\"url\":\"https:\\\/\\\/kibrisdakik.com\\\/?p=15547\",\"name\":\"Atao\u011flu:Temennimiz, karde\u1e63 Azerbaycan\u2019\u0131 da KKTC\u2019de g\u00f6rmek -\",\"isPartOf\":{\"@id\":\"https:\\\/\\\/kibrisdakik.com\\\/#website\"},\"primaryImageOfPage\":{\"@id\":\"https:\\\/\\\/kibrisdakik.com\\\/?p=15547#primaryimage\"},\"image\":{\"@id\":\"https:\\\/\\\/kibrisdakik.com\\\/?p=15547#primaryimage\"},\"thumbnailUrl\":\"https:\\\/\\\/kibrisdakik.com\\\/wp-content\\\/uploads\\\/2023\\\/10\\\/FB_IMG_1697189700236-740x420.jpg\",\"datePublished\":\"2023-10-13T10:14:56+00:00\",\"author\":{\"@id\":\"https:\\\/\\\/kibrisdakik.com\\\/#\\\/schema\\\/person\\\/9cd9d437bbb44f72b73ba127e06d8e79\"},\"breadcrumb\":{\"@id\":\"https:\\\/\\\/kibrisdakik.com\\\/?p=15547#breadcrumb\"},\"inLanguage\":\"tr\",\"potentialAction\":[{\"@type\":\"ReadAction\",\"target\":[\"https:\\\/\\\/kibrisdakik.com\\\/?p=15547\"]}]},{\"@type\":\"ImageObject\",\"inLanguage\":\"tr\",\"@id\":\"https:\\\/\\\/kibrisdakik.com\\\/?p=15547#primaryimage\",\"url\":\"https:\\\/\\\/kibrisdakik.com\\\/wp-content\\\/uploads\\\/2023\\\/10\\\/FB_IMG_1697189700236-740x420.jpg\",\"contentUrl\":\"https:\\\/\\\/kibrisdakik.com\\\/wp-content\\\/uploads\\\/2023\\\/10\\\/FB_IMG_1697189700236-740x420.jpg\",\"width\":1079,\"height\":720},{\"@type\":\"BreadcrumbList\",\"@id\":\"https:\\\/\\\/kibrisdakik.com\\\/?p=15547#breadcrumb\",\"itemListElement\":[{\"@type\":\"ListItem\",\"position\":1,\"name\":\"Home\",\"item\":\"https:\\\/\\\/kibrisdakik.com\\\/\"},{\"@type\":\"ListItem\",\"position\":2,\"name\":\"Atao\u011flu:Temennimiz, karde\u1e63 Azerbaycan\u2019\u0131 da KKTC\u2019de g\u00f6rmek\"}]},{\"@type\":\"WebSite\",\"@id\":\"https:\\\/\\\/kibrisdakik.com\\\/#website\",\"url\":\"https:\\\/\\\/kibrisdakik.com\\\/\",\"name\":\"\",\"description\":\"Tam vaktinde haber\",\"potentialAction\":[{\"@type\":\"SearchAction\",\"target\":{\"@type\":\"EntryPoint\",\"urlTemplate\":\"https:\\\/\\\/kibrisdakik.com\\\/?s={search_term_string}\"},\"query-input\":{\"@type\":\"PropertyValueSpecification\",\"valueRequired\":true,\"valueName\":\"search_term_string\"}}],\"inLanguage\":\"tr\"},{\"@type\":\"Person\",\"@id\":\"https:\\\/\\\/kibrisdakik.com\\\/#\\\/schema\\\/person\\\/9cd9d437bbb44f72b73ba127e06d8e79\",\"name\":\"admin\",\"image\":{\"@type\":\"ImageObject\",\"inLanguage\":\"tr\",\"@id\":\"https:\\\/\\\/secure.gravatar.com\\\/avatar\\\/ccc17943b9d660506c869530f897617f7cb1c21a4bf30023f252596d83e1f007?s=96&d=mm&r=g\",\"url\":\"https:\\\/\\\/secure.gravatar.com\\\/avatar\\\/ccc17943b9d660506c869530f897617f7cb1c21a4bf30023f252596d83e1f007?s=96&d=mm&r=g\",\"contentUrl\":\"https:\\\/\\\/secure.gravatar.com\\\/avatar\\\/ccc17943b9d660506c869530f897617f7cb1c21a4bf30023f252596d83e1f007?s=96&d=mm&r=g\",\"caption\":\"admin\"},\"sameAs\":[\"https:\\\/\\\/kibrisdakik.com\"],\"url\":\"https:\\\/\\\/kibrisdakik.com\\\/?author=1\"}]}<\/script>\n<!-- \/ Yoast SEO plugin. -->","yoast_head_json":{"title":"Atao\u011flu:Temennimiz, karde\u1e63 Azerbaycan\u2019\u0131 da KKTC\u2019de g\u00f6rmek -","robots":{"index":"index","follow":"follow","max-snippet":"max-snippet:-1","max-image-preview":"max-image-preview:large","max-video-preview":"max-video-preview:-1"},"canonical":"https:\/\/kibrisdakik.com\/?p=15547","og_locale":"tr_TR","og_type":"article","og_title":"Atao\u011flu:Temennimiz, karde\u1e63 Azerbaycan\u2019\u0131 da KKTC\u2019de g\u00f6rmek -","og_description":"Ba\u015fbakan Yard\u0131mc\u0131s\u0131, Turizm, K\u00fclt\u00fcr, Gen\u00e7lik ve \u00c7evre Bakan\u0131 Atao\u011flu, KKTC Tan\u0131t\u0131m etkinli\u011fi gala gecesinde, Azerbaycan medyas\u0131na a\u00e7\u0131klamalarda bulundu. Azerbaycan\u2019\u0131n ba\u015fkenti Bak\u00fc\u2019de bug\u00fcn ba\u015flayan ve iki g\u00fcn s\u00fcrecek olan \u201cKuzey K\u0131br\u0131s T\u00fcrk Cumhuriyeti K\u00fclt\u00fcr ve Tan\u0131t\u0131m G\u00fcnleri\u201d etkinli\u011fi, Cumhurba\u015fkan\u0131 Ersin Tatar, Ba\u015fbakan \u00dcnal \u00dcstel ve Ba\u015fbakan Yard\u0131mc\u0131s\u0131, Turizm, K\u00fclt\u00fcr, Gen\u00e7lik ve \u00c7evre Bakan\u0131 Fikri Atao\u011flu\u2019nun kat\u0131l\u0131m\u0131","og_url":"https:\/\/kibrisdakik.com\/?p=15547","article_published_time":"2023-10-13T10:14:56+00:00","og_image":[{"width":1079,"height":720,"url":"https:\/\/kibrisdakik.com\/wp-content\/uploads\/2023\/10\/FB_IMG_1697189700236-740x420.jpg","type":"image\/jpeg"}],"author":"admin","twitter_card":"summary_large_image","twitter_misc":{"Yazan:":"admin","Tahmini okuma s\u00fcresi":"3 dakika"},"schema":{"@context":"https:\/\/schema.org","@graph":[{"@type":"Article","@id":"https:\/\/kibrisdakik.com\/?p=15547#article","isPartOf":{"@id":"https:\/\/kibrisdakik.com\/?p=15547"},"author":{"name":"admin","@id":"https:\/\/kibrisdakik.com\/#\/schema\/person\/9cd9d437bbb44f72b73ba127e06d8e79"},"headline":"Atao\u011flu:Temennimiz, karde\u1e63 Azerbaycan\u2019\u0131 da KKTC\u2019de g\u00f6rmek","datePublished":"2023-10-13T10:14:56+00:00","mainEntityOfPage":{"@id":"https:\/\/kibrisdakik.com\/?p=15547"},"wordCount":535,"commentCount":0,"image":{"@id":"https:\/\/kibrisdakik.com\/?p=15547#primaryimage"},"thumbnailUrl":"https:\/\/kibrisdakik.com\/wp-content\/uploads\/2023\/10\/FB_IMG_1697189700236-740x420.jpg","articleSection":["G\u00fcndem"],"inLanguage":"tr","potentialAction":[{"@type":"CommentAction","name":"Comment","target":["https:\/\/kibrisdakik.com\/?p=15547#respond"]}]},{"@type":"WebPage","@id":"https:\/\/kibrisdakik.com\/?p=15547","url":"https:\/\/kibrisdakik.com\/?p=15547","name":"Atao\u011flu:Temennimiz, karde\u1e63 Azerbaycan\u2019\u0131 da KKTC\u2019de g\u00f6rmek -","isPartOf":{"@id":"https:\/\/kibrisdakik.com\/#website"},"primaryImageOfPage":{"@id":"https:\/\/kibrisdakik.com\/?p=15547#primaryimage"},"image":{"@id":"https:\/\/kibrisdakik.com\/?p=15547#primaryimage"},"thumbnailUrl":"https:\/\/kibrisdakik.com\/wp-content\/uploads\/2023\/10\/FB_IMG_1697189700236-740x420.jpg","datePublished":"2023-10-13T10:14:56+00:00","author":{"@id":"https:\/\/kibrisdakik.com\/#\/schema\/person\/9cd9d437bbb44f72b73ba127e06d8e79"},"breadcrumb":{"@id":"https:\/\/kibrisdakik.com\/?p=15547#breadcrumb"},"inLanguage":"tr","potentialAction":[{"@type":"ReadAction","target":["https:\/\/kibrisdakik.com\/?p=15547"]}]},{"@type":"ImageObject","inLanguage":"tr","@id":"https:\/\/kibrisdakik.com\/?p=15547#primaryimage","url":"https:\/\/kibrisdakik.com\/wp-content\/uploads\/2023\/10\/FB_IMG_1697189700236-740x420.jpg","contentUrl":"https:\/\/kibrisdakik.com\/wp-content\/uploads\/2023\/10\/FB_IMG_1697189700236-740x420.jpg","width":1079,"height":720},{"@type":"BreadcrumbList","@id":"https:\/\/kibrisdakik.com\/?p=15547#breadcrumb","itemListElement":[{"@type":"ListItem","position":1,"name":"Home","item":"https:\/\/kibrisdakik.com\/"},{"@type":"ListItem","position":2,"name":"Atao\u011flu:Temennimiz, karde\u1e63 Azerbaycan\u2019\u0131 da KKTC\u2019de g\u00f6rmek"}]},{"@type":"WebSite","@id":"https:\/\/kibrisdakik.com\/#website","url":"https:\/\/kibrisdakik.com\/","name":"","description":"Tam vaktinde haber","potentialAction":[{"@type":"SearchAction","target":{"@type":"EntryPoint","urlTemplate":"https:\/\/kibrisdakik.com\/?s={search_term_string}"},"query-input":{"@type":"PropertyValueSpecification","valueRequired":true,"valueName":"search_term_string"}}],"inLanguage":"tr"},{"@type":"Person","@id":"https:\/\/kibrisdakik.com\/#\/schema\/person\/9cd9d437bbb44f72b73ba127e06d8e79","name":"admin","image":{"@type":"ImageObject","inLanguage":"tr","@id":"https:\/\/secure.gravatar.com\/avatar\/ccc17943b9d660506c869530f897617f7cb1c21a4bf30023f252596d83e1f007?s=96&d=mm&r=g","url":"https:\/\/secure.gravatar.com\/avatar\/ccc17943b9d660506c869530f897617f7cb1c21a4bf30023f252596d83e1f007?s=96&d=mm&r=g","contentUrl":"https:\/\/secure.gravatar.com\/avatar\/ccc17943b9d660506c869530f897617f7cb1c21a4bf30023f252596d83e1f007?s=96&d=mm&r=g","caption":"admin"},"sameAs":["https:\/\/kibrisdakik.com"],"url":"https:\/\/kibrisdakik.com\/?author=1"}]}},"_links":{"self":[{"href":"https:\/\/kibrisdakik.com\/index.php?rest_route=\/wp\/v2\/posts\/15547","targetHints":{"allow":["GET"]}}],"collection":[{"href":"https:\/\/kibrisdakik.com\/index.php?rest_route=\/wp\/v2\/posts"}],"about":[{"href":"https:\/\/kibrisdakik.com\/index.php?rest_route=\/wp\/v2\/types\/post"}],"author":[{"embeddable":true,"href":"https:\/\/kibrisdakik.com\/index.php?rest_route=\/wp\/v2\/users\/1"}],"replies":[{"embeddable":true,"href":"https:\/\/kibrisdakik.com\/index.php?rest_route=%2Fwp%2Fv2%2Fcomments&post=15547"}],"version-history":[{"count":0,"href":"https:\/\/kibrisdakik.com\/index.php?rest_route=\/wp\/v2\/posts\/15547\/revisions"}],"wp:featuredmedia":[{"embeddable":true,"href":"https:\/\/kibrisdakik.com\/index.php?rest_route=\/wp\/v2\/media\/15548"}],"wp:attachment":[{"href":"https:\/\/kibrisdakik.com\/index.php?rest_route=%2Fwp%2Fv2%2Fmedia&parent=15547"}],"wp:term":[{"taxonomy":"category","embeddable":true,"href":"https:\/\/kibrisdakik.com\/index.php?rest_route=%2Fwp%2Fv2%2Fcategories&post=15547"},{"taxonomy":"post_tag","embeddable":true,"href":"https:\/\/kibrisdakik.com\/index.php?rest_route=%2Fwp%2Fv2%2Ftags&post=15547"}],"curies":[{"name":"wp","href":"https:\/\/api.w.org\/{rel}","templated":true}]}}