{"id":15566,"date":"2023-10-13T13:17:16","date_gmt":"2023-10-13T13:17:16","guid":{"rendered":"https:\/\/kibrisdakik.com\/index.php\/2023\/10\/13\/vergi-affinin-son-gunu-gelir-ve-vergi-dairesi-saat-19-00a-kadar-acik-olacak\/"},"modified":"2023-10-13T13:17:16","modified_gmt":"2023-10-13T13:17:16","slug":"vergi-affinin-son-gunu-gelir-ve-vergi-dairesi-saat-19-00a-kadar-acik-olacak","status":"publish","type":"post","link":"https:\/\/kibrisdakik.com\/?p=15566","title":{"rendered":"Vergi aff\u0131n\u0131n son g\u00fcn\u00fc\u2026 Gelir ve Vergi Dairesi saat 19.00\u2019a kadar a\u00e7\u0131k olacak"},"content":{"rendered":"<p><\/p>\n<div>\n<div class=\"mariselle-image-container center\">\n                <img width=\"1024\" height=\"682\" class=\"lazy-image\" alt=\"\" decoding=\"async\" loading=\"lazy\" sizes=\"auto, (max-width: 1024px) 100vw, 1024px\" src=\"https:\/\/brtk.net\/wp-content\/uploads\/2023\/10\/03\/maliye-bakanligi3.jpeg?ver=1569f7cdb846583f517c7fefbd438df3\" srcset=\"https:\/\/brtk.net\/wp-content\/uploads\/2023\/10\/03\/maliye-bakanligi3.jpeg?ver=1569f7cdb846583f517c7fefbd438df3 1024w, https:\/\/brtk.net\/wp-content\/uploads\/2023\/10\/03\/maliye-bakanligi3-300x200.jpeg?ver=1569f7cdb846583f517c7fefbd438df3 300w, https:\/\/brtk.net\/wp-content\/uploads\/2023\/10\/03\/maliye-bakanligi3-768x512.jpeg?ver=1569f7cdb846583f517c7fefbd438df3 768w\"\/>                            <\/div>\n<p>Maliye Bakanl\u0131\u011f\u0131, vergi aff\u0131 uygulamas\u0131n\u0131n bug\u00fcn son g\u00fcn\u00fc olmas\u0131 nedeniyle, Gelir ve Vergi Dairesi ve ba\u011fl\u0131 t\u00fcm \u015fubelerde vezneler ile di\u011fer b\u00f6l\u00fcmlerin saat 19.00\u2019a kadar a\u00e7\u0131k olaca\u011f\u0131n\u0131 duyurdu.<\/p>\n<p>Maliye Bakanl\u0131\u011f\u0131, vergi ve kamu borcu olan m\u00fckelleflerin vergi aff\u0131 uygulamas\u0131n\u0131n bug\u00fcn son g\u00fcn\u00fc olmas\u0131 nedeniyle, Gelir ve Vergi Dairesi ve ba\u011fl\u0131  t\u00fcm \u015fubelerde vezneler ile di\u011fer b\u00f6l\u00fcmlerin saat 19.00\u2019a kadar a\u00e7\u0131k olaca\u011f\u0131n\u0131 a\u00e7\u0131klad\u0131.<\/p>\n<p>A\u00e7\u0131klama \u015f\u00f6yle;<\/p>\n<p>\u201cVergi ve kamu borcu olan m\u00fckelleflerin dikkatine!<\/p>\n<p>Vergi aff\u0131 uygulamas\u0131n\u0131n bug\u00fcn son g\u00fcn\u00fc olmas\u0131 ve ya\u015fanan yo\u011fun talep \u00fczerine, Gelir ve Vergi Dairesi ve ba\u011fl\u0131 olan t\u00fcm \u015fubelerde, vezneler ile di\u011fer t\u00fcm b\u00f6l\u00fcmler saat 19.00\u2019a kadar a\u00e7\u0131k olarakhalka hizmet vermeye devam edecektir. Kamuoyunun bilgisine sunulur.\u201d<\/p>\n<\/p><\/div>\n<p><script async\n                    defer\n                    crossorigin=\"anonymous\"\n                    src=\"https:\/\/connect.facebook.net\/tr_TR\/sdk.js#xfbml=1&#038;version=v3.3\"\n            ><\/script><\/p>\n","protected":false},"excerpt":{"rendered":"<p>Maliye Bakanl\u0131\u011f\u0131, vergi aff\u0131 uygulamas\u0131n\u0131n bug\u00fcn son g\u00fcn\u00fc olmas\u0131 nedeniyle, Gelir ve Vergi Dairesi ve ba\u011fl\u0131 t\u00fcm \u015fubelerde vezneler ile di\u011fer b\u00f6l\u00fcmlerin saat 19.00\u2019a kadar a\u00e7\u0131k olaca\u011f\u0131n\u0131 duyurdu. Maliye Bakanl\u0131\u011f\u0131, vergi ve kamu borcu olan m\u00fckelleflerin vergi aff\u0131 uygulamas\u0131n\u0131n bug\u00fcn son g\u00fcn\u00fc olmas\u0131 nedeniyle, Gelir ve Vergi Dairesi ve ba\u011fl\u0131 t\u00fcm \u015fubelerde vezneler ile di\u011fer<\/p>\n","protected":false},"author":1,"featured_media":15567,"comment_status":"open","ping_status":"open","sticky":false,"template":"","format":"standard","meta":{"footnotes":""},"categories":[1],"tags":[],"class_list":["post-15566","post","type-post","status-publish","format-standard","has-post-thumbnail","hentry","category-gundem"],"yoast_head":"<!-- This site is optimized with the Yoast SEO plugin v27.5 - https:\/\/yoast.com\/product\/yoast-seo-wordpress\/ -->\n<title>Vergi aff\u0131n\u0131n son g\u00fcn\u00fc\u2026 Gelir ve Vergi Dairesi saat 19.00\u2019a kadar a\u00e7\u0131k olacak -<\/title>\n<meta name=\"robots\" content=\"index, follow, max-snippet:-1, max-image-preview:large, max-video-preview:-1\" \/>\n<link rel=\"canonical\" href=\"https:\/\/kibrisdakik.com\/?p=15566\" \/>\n<meta property=\"og:locale\" content=\"tr_TR\" \/>\n<meta property=\"og:type\" content=\"article\" \/>\n<meta property=\"og:title\" content=\"Vergi aff\u0131n\u0131n son g\u00fcn\u00fc\u2026 Gelir ve Vergi Dairesi saat 19.00\u2019a kadar a\u00e7\u0131k olacak -\" \/>\n<meta property=\"og:description\" content=\"Maliye Bakanl\u0131\u011f\u0131, vergi aff\u0131 uygulamas\u0131n\u0131n bug\u00fcn son g\u00fcn\u00fc olmas\u0131 nedeniyle, Gelir ve Vergi Dairesi ve ba\u011fl\u0131 t\u00fcm \u015fubelerde vezneler ile di\u011fer b\u00f6l\u00fcmlerin saat 19.00\u2019a kadar a\u00e7\u0131k olaca\u011f\u0131n\u0131 duyurdu. Maliye Bakanl\u0131\u011f\u0131, vergi ve kamu borcu olan m\u00fckelleflerin vergi aff\u0131 uygulamas\u0131n\u0131n bug\u00fcn son g\u00fcn\u00fc olmas\u0131 nedeniyle, Gelir ve Vergi Dairesi ve ba\u011fl\u0131 t\u00fcm \u015fubelerde vezneler ile di\u011fer\" \/>\n<meta property=\"og:url\" content=\"https:\/\/kibrisdakik.com\/?p=15566\" \/>\n<meta property=\"article:published_time\" content=\"2023-10-13T13:17:16+00:00\" \/>\n<meta property=\"og:image\" content=\"https:\/\/kibrisdakik.com\/wp-content\/uploads\/2023\/10\/maliye-bakanligi3-740x420.jpeg\" \/>\n\t<meta property=\"og:image:width\" content=\"1024\" \/>\n\t<meta property=\"og:image:height\" content=\"682\" \/>\n\t<meta property=\"og:image:type\" content=\"image\/jpeg\" \/>\n<meta name=\"author\" content=\"admin\" \/>\n<meta name=\"twitter:card\" content=\"summary_large_image\" \/>\n<meta name=\"twitter:label1\" content=\"Yazan:\" \/>\n\t<meta name=\"twitter:data1\" content=\"admin\" \/>\n\t<meta name=\"twitter:label2\" content=\"Tahmini okuma s\u00fcresi\" \/>\n\t<meta name=\"twitter:data2\" content=\"1 dakika\" \/>\n<script type=\"application\/ld+json\" class=\"yoast-schema-graph\">{\"@context\":\"https:\\\/\\\/schema.org\",\"@graph\":[{\"@type\":\"Article\",\"@id\":\"https:\\\/\\\/kibrisdakik.com\\\/?p=15566#article\",\"isPartOf\":{\"@id\":\"https:\\\/\\\/kibrisdakik.com\\\/?p=15566\"},\"author\":{\"name\":\"admin\",\"@id\":\"https:\\\/\\\/kibrisdakik.com\\\/#\\\/schema\\\/person\\\/9cd9d437bbb44f72b73ba127e06d8e79\"},\"headline\":\"Vergi aff\u0131n\u0131n son g\u00fcn\u00fc\u2026 Gelir ve Vergi Dairesi saat 19.00\u2019a kadar a\u00e7\u0131k olacak\",\"datePublished\":\"2023-10-13T13:17:16+00:00\",\"mainEntityOfPage\":{\"@id\":\"https:\\\/\\\/kibrisdakik.com\\\/?p=15566\"},\"wordCount\":165,\"commentCount\":0,\"image\":{\"@id\":\"https:\\\/\\\/kibrisdakik.com\\\/?p=15566#primaryimage\"},\"thumbnailUrl\":\"https:\\\/\\\/kibrisdakik.com\\\/wp-content\\\/uploads\\\/2023\\\/10\\\/maliye-bakanligi3-740x420.jpeg\",\"articleSection\":[\"G\u00fcndem\"],\"inLanguage\":\"tr\",\"potentialAction\":[{\"@type\":\"CommentAction\",\"name\":\"Comment\",\"target\":[\"https:\\\/\\\/kibrisdakik.com\\\/?p=15566#respond\"]}]},{\"@type\":\"WebPage\",\"@id\":\"https:\\\/\\\/kibrisdakik.com\\\/?p=15566\",\"url\":\"https:\\\/\\\/kibrisdakik.com\\\/?p=15566\",\"name\":\"Vergi aff\u0131n\u0131n son g\u00fcn\u00fc\u2026 Gelir ve Vergi Dairesi saat 19.00\u2019a kadar a\u00e7\u0131k olacak -\",\"isPartOf\":{\"@id\":\"https:\\\/\\\/kibrisdakik.com\\\/#website\"},\"primaryImageOfPage\":{\"@id\":\"https:\\\/\\\/kibrisdakik.com\\\/?p=15566#primaryimage\"},\"image\":{\"@id\":\"https:\\\/\\\/kibrisdakik.com\\\/?p=15566#primaryimage\"},\"thumbnailUrl\":\"https:\\\/\\\/kibrisdakik.com\\\/wp-content\\\/uploads\\\/2023\\\/10\\\/maliye-bakanligi3-740x420.jpeg\",\"datePublished\":\"2023-10-13T13:17:16+00:00\",\"author\":{\"@id\":\"https:\\\/\\\/kibrisdakik.com\\\/#\\\/schema\\\/person\\\/9cd9d437bbb44f72b73ba127e06d8e79\"},\"breadcrumb\":{\"@id\":\"https:\\\/\\\/kibrisdakik.com\\\/?p=15566#breadcrumb\"},\"inLanguage\":\"tr\",\"potentialAction\":[{\"@type\":\"ReadAction\",\"target\":[\"https:\\\/\\\/kibrisdakik.com\\\/?p=15566\"]}]},{\"@type\":\"ImageObject\",\"inLanguage\":\"tr\",\"@id\":\"https:\\\/\\\/kibrisdakik.com\\\/?p=15566#primaryimage\",\"url\":\"https:\\\/\\\/kibrisdakik.com\\\/wp-content\\\/uploads\\\/2023\\\/10\\\/maliye-bakanligi3-740x420.jpeg\",\"contentUrl\":\"https:\\\/\\\/kibrisdakik.com\\\/wp-content\\\/uploads\\\/2023\\\/10\\\/maliye-bakanligi3-740x420.jpeg\",\"width\":1024,\"height\":682},{\"@type\":\"BreadcrumbList\",\"@id\":\"https:\\\/\\\/kibrisdakik.com\\\/?p=15566#breadcrumb\",\"itemListElement\":[{\"@type\":\"ListItem\",\"position\":1,\"name\":\"Home\",\"item\":\"https:\\\/\\\/kibrisdakik.com\\\/\"},{\"@type\":\"ListItem\",\"position\":2,\"name\":\"Vergi aff\u0131n\u0131n son g\u00fcn\u00fc\u2026 Gelir ve Vergi Dairesi saat 19.00\u2019a kadar a\u00e7\u0131k olacak\"}]},{\"@type\":\"WebSite\",\"@id\":\"https:\\\/\\\/kibrisdakik.com\\\/#website\",\"url\":\"https:\\\/\\\/kibrisdakik.com\\\/\",\"name\":\"\",\"description\":\"Tam vaktinde haber\",\"potentialAction\":[{\"@type\":\"SearchAction\",\"target\":{\"@type\":\"EntryPoint\",\"urlTemplate\":\"https:\\\/\\\/kibrisdakik.com\\\/?s={search_term_string}\"},\"query-input\":{\"@type\":\"PropertyValueSpecification\",\"valueRequired\":true,\"valueName\":\"search_term_string\"}}],\"inLanguage\":\"tr\"},{\"@type\":\"Person\",\"@id\":\"https:\\\/\\\/kibrisdakik.com\\\/#\\\/schema\\\/person\\\/9cd9d437bbb44f72b73ba127e06d8e79\",\"name\":\"admin\",\"image\":{\"@type\":\"ImageObject\",\"inLanguage\":\"tr\",\"@id\":\"https:\\\/\\\/secure.gravatar.com\\\/avatar\\\/ccc17943b9d660506c869530f897617f7cb1c21a4bf30023f252596d83e1f007?s=96&d=mm&r=g\",\"url\":\"https:\\\/\\\/secure.gravatar.com\\\/avatar\\\/ccc17943b9d660506c869530f897617f7cb1c21a4bf30023f252596d83e1f007?s=96&d=mm&r=g\",\"contentUrl\":\"https:\\\/\\\/secure.gravatar.com\\\/avatar\\\/ccc17943b9d660506c869530f897617f7cb1c21a4bf30023f252596d83e1f007?s=96&d=mm&r=g\",\"caption\":\"admin\"},\"sameAs\":[\"https:\\\/\\\/kibrisdakik.com\"],\"url\":\"https:\\\/\\\/kibrisdakik.com\\\/?author=1\"}]}<\/script>\n<!-- \/ Yoast SEO plugin. -->","yoast_head_json":{"title":"Vergi aff\u0131n\u0131n son g\u00fcn\u00fc\u2026 Gelir ve Vergi Dairesi saat 19.00\u2019a kadar a\u00e7\u0131k olacak -","robots":{"index":"index","follow":"follow","max-snippet":"max-snippet:-1","max-image-preview":"max-image-preview:large","max-video-preview":"max-video-preview:-1"},"canonical":"https:\/\/kibrisdakik.com\/?p=15566","og_locale":"tr_TR","og_type":"article","og_title":"Vergi aff\u0131n\u0131n son g\u00fcn\u00fc\u2026 Gelir ve Vergi Dairesi saat 19.00\u2019a kadar a\u00e7\u0131k olacak -","og_description":"Maliye Bakanl\u0131\u011f\u0131, vergi aff\u0131 uygulamas\u0131n\u0131n bug\u00fcn son g\u00fcn\u00fc olmas\u0131 nedeniyle, Gelir ve Vergi Dairesi ve ba\u011fl\u0131 t\u00fcm \u015fubelerde vezneler ile di\u011fer b\u00f6l\u00fcmlerin saat 19.00\u2019a kadar a\u00e7\u0131k olaca\u011f\u0131n\u0131 duyurdu. Maliye Bakanl\u0131\u011f\u0131, vergi ve kamu borcu olan m\u00fckelleflerin vergi aff\u0131 uygulamas\u0131n\u0131n bug\u00fcn son g\u00fcn\u00fc olmas\u0131 nedeniyle, Gelir ve Vergi Dairesi ve ba\u011fl\u0131 t\u00fcm \u015fubelerde vezneler ile di\u011fer","og_url":"https:\/\/kibrisdakik.com\/?p=15566","article_published_time":"2023-10-13T13:17:16+00:00","og_image":[{"width":1024,"height":682,"url":"https:\/\/kibrisdakik.com\/wp-content\/uploads\/2023\/10\/maliye-bakanligi3-740x420.jpeg","type":"image\/jpeg"}],"author":"admin","twitter_card":"summary_large_image","twitter_misc":{"Yazan:":"admin","Tahmini okuma s\u00fcresi":"1 dakika"},"schema":{"@context":"https:\/\/schema.org","@graph":[{"@type":"Article","@id":"https:\/\/kibrisdakik.com\/?p=15566#article","isPartOf":{"@id":"https:\/\/kibrisdakik.com\/?p=15566"},"author":{"name":"admin","@id":"https:\/\/kibrisdakik.com\/#\/schema\/person\/9cd9d437bbb44f72b73ba127e06d8e79"},"headline":"Vergi aff\u0131n\u0131n son g\u00fcn\u00fc\u2026 Gelir ve Vergi Dairesi saat 19.00\u2019a kadar a\u00e7\u0131k olacak","datePublished":"2023-10-13T13:17:16+00:00","mainEntityOfPage":{"@id":"https:\/\/kibrisdakik.com\/?p=15566"},"wordCount":165,"commentCount":0,"image":{"@id":"https:\/\/kibrisdakik.com\/?p=15566#primaryimage"},"thumbnailUrl":"https:\/\/kibrisdakik.com\/wp-content\/uploads\/2023\/10\/maliye-bakanligi3-740x420.jpeg","articleSection":["G\u00fcndem"],"inLanguage":"tr","potentialAction":[{"@type":"CommentAction","name":"Comment","target":["https:\/\/kibrisdakik.com\/?p=15566#respond"]}]},{"@type":"WebPage","@id":"https:\/\/kibrisdakik.com\/?p=15566","url":"https:\/\/kibrisdakik.com\/?p=15566","name":"Vergi aff\u0131n\u0131n son g\u00fcn\u00fc\u2026 Gelir ve Vergi Dairesi saat 19.00\u2019a kadar a\u00e7\u0131k olacak -","isPartOf":{"@id":"https:\/\/kibrisdakik.com\/#website"},"primaryImageOfPage":{"@id":"https:\/\/kibrisdakik.com\/?p=15566#primaryimage"},"image":{"@id":"https:\/\/kibrisdakik.com\/?p=15566#primaryimage"},"thumbnailUrl":"https:\/\/kibrisdakik.com\/wp-content\/uploads\/2023\/10\/maliye-bakanligi3-740x420.jpeg","datePublished":"2023-10-13T13:17:16+00:00","author":{"@id":"https:\/\/kibrisdakik.com\/#\/schema\/person\/9cd9d437bbb44f72b73ba127e06d8e79"},"breadcrumb":{"@id":"https:\/\/kibrisdakik.com\/?p=15566#breadcrumb"},"inLanguage":"tr","potentialAction":[{"@type":"ReadAction","target":["https:\/\/kibrisdakik.com\/?p=15566"]}]},{"@type":"ImageObject","inLanguage":"tr","@id":"https:\/\/kibrisdakik.com\/?p=15566#primaryimage","url":"https:\/\/kibrisdakik.com\/wp-content\/uploads\/2023\/10\/maliye-bakanligi3-740x420.jpeg","contentUrl":"https:\/\/kibrisdakik.com\/wp-content\/uploads\/2023\/10\/maliye-bakanligi3-740x420.jpeg","width":1024,"height":682},{"@type":"BreadcrumbList","@id":"https:\/\/kibrisdakik.com\/?p=15566#breadcrumb","itemListElement":[{"@type":"ListItem","position":1,"name":"Home","item":"https:\/\/kibrisdakik.com\/"},{"@type":"ListItem","position":2,"name":"Vergi aff\u0131n\u0131n son g\u00fcn\u00fc\u2026 Gelir ve Vergi Dairesi saat 19.00\u2019a kadar a\u00e7\u0131k olacak"}]},{"@type":"WebSite","@id":"https:\/\/kibrisdakik.com\/#website","url":"https:\/\/kibrisdakik.com\/","name":"","description":"Tam vaktinde haber","potentialAction":[{"@type":"SearchAction","target":{"@type":"EntryPoint","urlTemplate":"https:\/\/kibrisdakik.com\/?s={search_term_string}"},"query-input":{"@type":"PropertyValueSpecification","valueRequired":true,"valueName":"search_term_string"}}],"inLanguage":"tr"},{"@type":"Person","@id":"https:\/\/kibrisdakik.com\/#\/schema\/person\/9cd9d437bbb44f72b73ba127e06d8e79","name":"admin","image":{"@type":"ImageObject","inLanguage":"tr","@id":"https:\/\/secure.gravatar.com\/avatar\/ccc17943b9d660506c869530f897617f7cb1c21a4bf30023f252596d83e1f007?s=96&d=mm&r=g","url":"https:\/\/secure.gravatar.com\/avatar\/ccc17943b9d660506c869530f897617f7cb1c21a4bf30023f252596d83e1f007?s=96&d=mm&r=g","contentUrl":"https:\/\/secure.gravatar.com\/avatar\/ccc17943b9d660506c869530f897617f7cb1c21a4bf30023f252596d83e1f007?s=96&d=mm&r=g","caption":"admin"},"sameAs":["https:\/\/kibrisdakik.com"],"url":"https:\/\/kibrisdakik.com\/?author=1"}]}},"_links":{"self":[{"href":"https:\/\/kibrisdakik.com\/index.php?rest_route=\/wp\/v2\/posts\/15566","targetHints":{"allow":["GET"]}}],"collection":[{"href":"https:\/\/kibrisdakik.com\/index.php?rest_route=\/wp\/v2\/posts"}],"about":[{"href":"https:\/\/kibrisdakik.com\/index.php?rest_route=\/wp\/v2\/types\/post"}],"author":[{"embeddable":true,"href":"https:\/\/kibrisdakik.com\/index.php?rest_route=\/wp\/v2\/users\/1"}],"replies":[{"embeddable":true,"href":"https:\/\/kibrisdakik.com\/index.php?rest_route=%2Fwp%2Fv2%2Fcomments&post=15566"}],"version-history":[{"count":0,"href":"https:\/\/kibrisdakik.com\/index.php?rest_route=\/wp\/v2\/posts\/15566\/revisions"}],"wp:featuredmedia":[{"embeddable":true,"href":"https:\/\/kibrisdakik.com\/index.php?rest_route=\/wp\/v2\/media\/15567"}],"wp:attachment":[{"href":"https:\/\/kibrisdakik.com\/index.php?rest_route=%2Fwp%2Fv2%2Fmedia&parent=15566"}],"wp:term":[{"taxonomy":"category","embeddable":true,"href":"https:\/\/kibrisdakik.com\/index.php?rest_route=%2Fwp%2Fv2%2Fcategories&post=15566"},{"taxonomy":"post_tag","embeddable":true,"href":"https:\/\/kibrisdakik.com\/index.php?rest_route=%2Fwp%2Fv2%2Ftags&post=15566"}],"curies":[{"name":"wp","href":"https:\/\/api.w.org\/{rel}","templated":true}]}}