{"id":15590,"date":"2023-10-13T21:31:16","date_gmt":"2023-10-13T21:31:16","guid":{"rendered":"https:\/\/kibrisdakik.com\/index.php\/2023\/10\/13\/arikli-heyetin-masrafi-devletin-butcesinden-karsilanmadi\/"},"modified":"2023-10-13T21:31:16","modified_gmt":"2023-10-13T21:31:16","slug":"arikli-heyetin-masrafi-devletin-butcesinden-karsilanmadi","status":"publish","type":"post","link":"https:\/\/kibrisdakik.com\/?p=15590","title":{"rendered":"Ar\u0131kl\u0131: Heyetin masraf\u0131 devletin b\u00fct\u00e7esinden kar\u015f\u0131lanmad\u0131"},"content":{"rendered":"<p><\/p>\n<div>\n<div class=\"mariselle-image-container center\">\n                <img width=\"768\" height=\"339\" class=\"lazy-image\" alt=\"\" decoding=\"async\" loading=\"lazy\" sizes=\"auto, (max-width: 768px) 100vw, 768px\" src=\"https:\/\/brtk.net\/wp-content\/uploads\/2023\/10\/13\/sakldjaljad.jpg?ver=599aa679043bb8e581267484f2173b8c\" srcset=\"https:\/\/brtk.net\/wp-content\/uploads\/2023\/10\/13\/sakldjaljad.jpg?ver=599aa679043bb8e581267484f2173b8c 768w, https:\/\/brtk.net\/wp-content\/uploads\/2023\/10\/13\/sakldjaljad-300x132.jpg?ver=599aa679043bb8e581267484f2173b8c 300w\"\/>                            <\/div>\n<p>Bay\u0131nd\u0131rl\u0131k ve Ula\u015ft\u0131rma Bakan\u0131 Erhan Ar\u0131kl\u0131, Azerbaycan\u2019a giden heyetin masraf\u0131n\u0131n devletin b\u00fct\u00e7esinden kar\u015f\u0131lanmad\u0131\u011f\u0131n\u0131 a\u00e7\u0131klad\u0131. <\/p>\n<p><a href=\"https:\/\/brtk.net\/\">BRT<\/a>\u2019de \u201814. Saat\u2019 program\u0131na kat\u0131lan Bay\u0131nd\u0131rl\u0131k ve Ula\u015ft\u0131rma Bakan\u0131 Erhan Ar\u0131kl\u0131,  Azerbaycan\u2019a giden heyetin masraf\u0131n\u0131n devletin b\u00fct\u00e7esinden kar\u015f\u0131lanmad\u0131\u011f\u0131n\u0131 s\u00f6yledi. <\/p>\n<p>Ar\u0131kl\u0131, \u201cOraya giden herkes paras\u0131n\u0131 cebinden \u00f6dedi. 850\u2019\u015fer <a href=\"https:\/\/brtk.net\/\">dolar<\/a> para verildi. \u0130\u015f adamlar\u0131 ve baz\u0131 sivil toplum \u00f6rg\u00fctleri \u00f6dedi. Devletin b\u00fct\u00e7esinden herhangi bir harcama s\u00f6z konusu de\u011fil. \u00d6zel u\u00e7a\u011f\u0131n paras\u0131n\u0131 sivil toplum \u00f6rg\u00fctleri kar\u015f\u0131lad\u0131\u201d dedi.<\/p>\n<p><iframe loading=\"lazy\" title=\"14. Saat   13.10.2023\" width=\"960\" height=\"540\" src=\"https:\/\/www.youtube.com\/embed\/KLRuMLXSHyU?feature=oembed\" frameborder=\"0\" allow=\"accelerometer; autoplay; clipboard-write; encrypted-media; gyroscope; picture-in-picture; web-share\" referrerpolicy=\"strict-origin-when-cross-origin\" allowfullscreen><\/iframe><\/p>\n<\/p><\/div>\n<p><script async\n                    defer\n                    crossorigin=\"anonymous\"\n                    src=\"https:\/\/connect.facebook.net\/tr_TR\/sdk.js#xfbml=1&#038;version=v3.3\"\n            ><\/script><\/p>\n","protected":false},"excerpt":{"rendered":"<p>Bay\u0131nd\u0131rl\u0131k ve Ula\u015ft\u0131rma Bakan\u0131 Erhan Ar\u0131kl\u0131, Azerbaycan\u2019a giden heyetin masraf\u0131n\u0131n devletin b\u00fct\u00e7esinden kar\u015f\u0131lanmad\u0131\u011f\u0131n\u0131 a\u00e7\u0131klad\u0131. BRT\u2019de \u201814. Saat\u2019 program\u0131na kat\u0131lan Bay\u0131nd\u0131rl\u0131k ve Ula\u015ft\u0131rma Bakan\u0131 Erhan Ar\u0131kl\u0131, Azerbaycan\u2019a giden heyetin masraf\u0131n\u0131n devletin b\u00fct\u00e7esinden kar\u015f\u0131lanmad\u0131\u011f\u0131n\u0131 s\u00f6yledi. Ar\u0131kl\u0131, \u201cOraya giden herkes paras\u0131n\u0131 cebinden \u00f6dedi. 850\u2019\u015fer dolar para verildi. \u0130\u015f adamlar\u0131 ve baz\u0131 sivil toplum \u00f6rg\u00fctleri \u00f6dedi. Devletin b\u00fct\u00e7esinden herhangi<\/p>\n","protected":false},"author":1,"featured_media":15591,"comment_status":"open","ping_status":"open","sticky":false,"template":"","format":"standard","meta":{"footnotes":""},"categories":[1],"tags":[],"class_list":["post-15590","post","type-post","status-publish","format-standard","has-post-thumbnail","hentry","category-gundem"],"yoast_head":"<!-- This site is optimized with the Yoast SEO plugin v27.4 - https:\/\/yoast.com\/product\/yoast-seo-wordpress\/ -->\n<title>Ar\u0131kl\u0131: Heyetin masraf\u0131 devletin b\u00fct\u00e7esinden kar\u015f\u0131lanmad\u0131 -<\/title>\n<meta name=\"robots\" content=\"index, follow, max-snippet:-1, max-image-preview:large, max-video-preview:-1\" \/>\n<link rel=\"canonical\" href=\"https:\/\/kibrisdakik.com\/?p=15590\" \/>\n<meta property=\"og:locale\" content=\"tr_TR\" \/>\n<meta property=\"og:type\" content=\"article\" \/>\n<meta property=\"og:title\" content=\"Ar\u0131kl\u0131: Heyetin masraf\u0131 devletin b\u00fct\u00e7esinden kar\u015f\u0131lanmad\u0131 -\" \/>\n<meta property=\"og:description\" content=\"Bay\u0131nd\u0131rl\u0131k ve Ula\u015ft\u0131rma Bakan\u0131 Erhan Ar\u0131kl\u0131, Azerbaycan\u2019a giden heyetin masraf\u0131n\u0131n devletin b\u00fct\u00e7esinden kar\u015f\u0131lanmad\u0131\u011f\u0131n\u0131 a\u00e7\u0131klad\u0131. BRT\u2019de \u201814. Saat\u2019 program\u0131na kat\u0131lan Bay\u0131nd\u0131rl\u0131k ve Ula\u015ft\u0131rma Bakan\u0131 Erhan Ar\u0131kl\u0131, Azerbaycan\u2019a giden heyetin masraf\u0131n\u0131n devletin b\u00fct\u00e7esinden kar\u015f\u0131lanmad\u0131\u011f\u0131n\u0131 s\u00f6yledi. Ar\u0131kl\u0131, \u201cOraya giden herkes paras\u0131n\u0131 cebinden \u00f6dedi. 850\u2019\u015fer dolar para verildi. \u0130\u015f adamlar\u0131 ve baz\u0131 sivil toplum \u00f6rg\u00fctleri \u00f6dedi. Devletin b\u00fct\u00e7esinden herhangi\" \/>\n<meta property=\"og:url\" content=\"https:\/\/kibrisdakik.com\/?p=15590\" \/>\n<meta property=\"article:published_time\" content=\"2023-10-13T21:31:16+00:00\" \/>\n<meta property=\"og:image\" content=\"https:\/\/kibrisdakik.com\/wp-content\/uploads\/2023\/10\/sakldjaljad-740x339.jpg\" \/>\n\t<meta property=\"og:image:width\" content=\"768\" \/>\n\t<meta property=\"og:image:height\" content=\"339\" \/>\n\t<meta property=\"og:image:type\" content=\"image\/jpeg\" \/>\n<meta name=\"author\" content=\"admin\" \/>\n<meta name=\"twitter:card\" content=\"summary_large_image\" \/>\n<meta name=\"twitter:label1\" content=\"Yazan:\" \/>\n\t<meta name=\"twitter:data1\" content=\"admin\" \/>\n\t<meta name=\"twitter:label2\" content=\"Tahmini okuma s\u00fcresi\" \/>\n\t<meta name=\"twitter:data2\" content=\"1 dakika\" \/>\n<script type=\"application\/ld+json\" class=\"yoast-schema-graph\">{\"@context\":\"https:\\\/\\\/schema.org\",\"@graph\":[{\"@type\":\"Article\",\"@id\":\"https:\\\/\\\/kibrisdakik.com\\\/?p=15590#article\",\"isPartOf\":{\"@id\":\"https:\\\/\\\/kibrisdakik.com\\\/?p=15590\"},\"author\":{\"name\":\"admin\",\"@id\":\"https:\\\/\\\/kibrisdakik.com\\\/#\\\/schema\\\/person\\\/9cd9d437bbb44f72b73ba127e06d8e79\"},\"headline\":\"Ar\u0131kl\u0131: Heyetin masraf\u0131 devletin b\u00fct\u00e7esinden kar\u015f\u0131lanmad\u0131\",\"datePublished\":\"2023-10-13T21:31:16+00:00\",\"mainEntityOfPage\":{\"@id\":\"https:\\\/\\\/kibrisdakik.com\\\/?p=15590\"},\"wordCount\":128,\"commentCount\":0,\"image\":{\"@id\":\"https:\\\/\\\/kibrisdakik.com\\\/?p=15590#primaryimage\"},\"thumbnailUrl\":\"https:\\\/\\\/kibrisdakik.com\\\/wp-content\\\/uploads\\\/2023\\\/10\\\/sakldjaljad-740x339.jpg\",\"articleSection\":[\"G\u00fcndem\"],\"inLanguage\":\"tr\",\"potentialAction\":[{\"@type\":\"CommentAction\",\"name\":\"Comment\",\"target\":[\"https:\\\/\\\/kibrisdakik.com\\\/?p=15590#respond\"]}]},{\"@type\":\"WebPage\",\"@id\":\"https:\\\/\\\/kibrisdakik.com\\\/?p=15590\",\"url\":\"https:\\\/\\\/kibrisdakik.com\\\/?p=15590\",\"name\":\"Ar\u0131kl\u0131: Heyetin masraf\u0131 devletin b\u00fct\u00e7esinden kar\u015f\u0131lanmad\u0131 -\",\"isPartOf\":{\"@id\":\"https:\\\/\\\/kibrisdakik.com\\\/#website\"},\"primaryImageOfPage\":{\"@id\":\"https:\\\/\\\/kibrisdakik.com\\\/?p=15590#primaryimage\"},\"image\":{\"@id\":\"https:\\\/\\\/kibrisdakik.com\\\/?p=15590#primaryimage\"},\"thumbnailUrl\":\"https:\\\/\\\/kibrisdakik.com\\\/wp-content\\\/uploads\\\/2023\\\/10\\\/sakldjaljad-740x339.jpg\",\"datePublished\":\"2023-10-13T21:31:16+00:00\",\"author\":{\"@id\":\"https:\\\/\\\/kibrisdakik.com\\\/#\\\/schema\\\/person\\\/9cd9d437bbb44f72b73ba127e06d8e79\"},\"breadcrumb\":{\"@id\":\"https:\\\/\\\/kibrisdakik.com\\\/?p=15590#breadcrumb\"},\"inLanguage\":\"tr\",\"potentialAction\":[{\"@type\":\"ReadAction\",\"target\":[\"https:\\\/\\\/kibrisdakik.com\\\/?p=15590\"]}]},{\"@type\":\"ImageObject\",\"inLanguage\":\"tr\",\"@id\":\"https:\\\/\\\/kibrisdakik.com\\\/?p=15590#primaryimage\",\"url\":\"https:\\\/\\\/kibrisdakik.com\\\/wp-content\\\/uploads\\\/2023\\\/10\\\/sakldjaljad-740x339.jpg\",\"contentUrl\":\"https:\\\/\\\/kibrisdakik.com\\\/wp-content\\\/uploads\\\/2023\\\/10\\\/sakldjaljad-740x339.jpg\",\"width\":768,\"height\":339},{\"@type\":\"BreadcrumbList\",\"@id\":\"https:\\\/\\\/kibrisdakik.com\\\/?p=15590#breadcrumb\",\"itemListElement\":[{\"@type\":\"ListItem\",\"position\":1,\"name\":\"Home\",\"item\":\"https:\\\/\\\/kibrisdakik.com\\\/\"},{\"@type\":\"ListItem\",\"position\":2,\"name\":\"Ar\u0131kl\u0131: Heyetin masraf\u0131 devletin b\u00fct\u00e7esinden kar\u015f\u0131lanmad\u0131\"}]},{\"@type\":\"WebSite\",\"@id\":\"https:\\\/\\\/kibrisdakik.com\\\/#website\",\"url\":\"https:\\\/\\\/kibrisdakik.com\\\/\",\"name\":\"\",\"description\":\"Tam vaktinde haber\",\"potentialAction\":[{\"@type\":\"SearchAction\",\"target\":{\"@type\":\"EntryPoint\",\"urlTemplate\":\"https:\\\/\\\/kibrisdakik.com\\\/?s={search_term_string}\"},\"query-input\":{\"@type\":\"PropertyValueSpecification\",\"valueRequired\":true,\"valueName\":\"search_term_string\"}}],\"inLanguage\":\"tr\"},{\"@type\":\"Person\",\"@id\":\"https:\\\/\\\/kibrisdakik.com\\\/#\\\/schema\\\/person\\\/9cd9d437bbb44f72b73ba127e06d8e79\",\"name\":\"admin\",\"image\":{\"@type\":\"ImageObject\",\"inLanguage\":\"tr\",\"@id\":\"https:\\\/\\\/secure.gravatar.com\\\/avatar\\\/ccc17943b9d660506c869530f897617f7cb1c21a4bf30023f252596d83e1f007?s=96&d=mm&r=g\",\"url\":\"https:\\\/\\\/secure.gravatar.com\\\/avatar\\\/ccc17943b9d660506c869530f897617f7cb1c21a4bf30023f252596d83e1f007?s=96&d=mm&r=g\",\"contentUrl\":\"https:\\\/\\\/secure.gravatar.com\\\/avatar\\\/ccc17943b9d660506c869530f897617f7cb1c21a4bf30023f252596d83e1f007?s=96&d=mm&r=g\",\"caption\":\"admin\"},\"sameAs\":[\"https:\\\/\\\/kibrisdakik.com\"],\"url\":\"https:\\\/\\\/kibrisdakik.com\\\/?author=1\"}]}<\/script>\n<!-- \/ Yoast SEO plugin. -->","yoast_head_json":{"title":"Ar\u0131kl\u0131: Heyetin masraf\u0131 devletin b\u00fct\u00e7esinden kar\u015f\u0131lanmad\u0131 -","robots":{"index":"index","follow":"follow","max-snippet":"max-snippet:-1","max-image-preview":"max-image-preview:large","max-video-preview":"max-video-preview:-1"},"canonical":"https:\/\/kibrisdakik.com\/?p=15590","og_locale":"tr_TR","og_type":"article","og_title":"Ar\u0131kl\u0131: Heyetin masraf\u0131 devletin b\u00fct\u00e7esinden kar\u015f\u0131lanmad\u0131 -","og_description":"Bay\u0131nd\u0131rl\u0131k ve Ula\u015ft\u0131rma Bakan\u0131 Erhan Ar\u0131kl\u0131, Azerbaycan\u2019a giden heyetin masraf\u0131n\u0131n devletin b\u00fct\u00e7esinden kar\u015f\u0131lanmad\u0131\u011f\u0131n\u0131 a\u00e7\u0131klad\u0131. BRT\u2019de \u201814. Saat\u2019 program\u0131na kat\u0131lan Bay\u0131nd\u0131rl\u0131k ve Ula\u015ft\u0131rma Bakan\u0131 Erhan Ar\u0131kl\u0131, Azerbaycan\u2019a giden heyetin masraf\u0131n\u0131n devletin b\u00fct\u00e7esinden kar\u015f\u0131lanmad\u0131\u011f\u0131n\u0131 s\u00f6yledi. Ar\u0131kl\u0131, \u201cOraya giden herkes paras\u0131n\u0131 cebinden \u00f6dedi. 850\u2019\u015fer dolar para verildi. \u0130\u015f adamlar\u0131 ve baz\u0131 sivil toplum \u00f6rg\u00fctleri \u00f6dedi. Devletin b\u00fct\u00e7esinden herhangi","og_url":"https:\/\/kibrisdakik.com\/?p=15590","article_published_time":"2023-10-13T21:31:16+00:00","og_image":[{"width":768,"height":339,"url":"https:\/\/kibrisdakik.com\/wp-content\/uploads\/2023\/10\/sakldjaljad-740x339.jpg","type":"image\/jpeg"}],"author":"admin","twitter_card":"summary_large_image","twitter_misc":{"Yazan:":"admin","Tahmini okuma s\u00fcresi":"1 dakika"},"schema":{"@context":"https:\/\/schema.org","@graph":[{"@type":"Article","@id":"https:\/\/kibrisdakik.com\/?p=15590#article","isPartOf":{"@id":"https:\/\/kibrisdakik.com\/?p=15590"},"author":{"name":"admin","@id":"https:\/\/kibrisdakik.com\/#\/schema\/person\/9cd9d437bbb44f72b73ba127e06d8e79"},"headline":"Ar\u0131kl\u0131: Heyetin masraf\u0131 devletin b\u00fct\u00e7esinden kar\u015f\u0131lanmad\u0131","datePublished":"2023-10-13T21:31:16+00:00","mainEntityOfPage":{"@id":"https:\/\/kibrisdakik.com\/?p=15590"},"wordCount":128,"commentCount":0,"image":{"@id":"https:\/\/kibrisdakik.com\/?p=15590#primaryimage"},"thumbnailUrl":"https:\/\/kibrisdakik.com\/wp-content\/uploads\/2023\/10\/sakldjaljad-740x339.jpg","articleSection":["G\u00fcndem"],"inLanguage":"tr","potentialAction":[{"@type":"CommentAction","name":"Comment","target":["https:\/\/kibrisdakik.com\/?p=15590#respond"]}]},{"@type":"WebPage","@id":"https:\/\/kibrisdakik.com\/?p=15590","url":"https:\/\/kibrisdakik.com\/?p=15590","name":"Ar\u0131kl\u0131: Heyetin masraf\u0131 devletin b\u00fct\u00e7esinden kar\u015f\u0131lanmad\u0131 -","isPartOf":{"@id":"https:\/\/kibrisdakik.com\/#website"},"primaryImageOfPage":{"@id":"https:\/\/kibrisdakik.com\/?p=15590#primaryimage"},"image":{"@id":"https:\/\/kibrisdakik.com\/?p=15590#primaryimage"},"thumbnailUrl":"https:\/\/kibrisdakik.com\/wp-content\/uploads\/2023\/10\/sakldjaljad-740x339.jpg","datePublished":"2023-10-13T21:31:16+00:00","author":{"@id":"https:\/\/kibrisdakik.com\/#\/schema\/person\/9cd9d437bbb44f72b73ba127e06d8e79"},"breadcrumb":{"@id":"https:\/\/kibrisdakik.com\/?p=15590#breadcrumb"},"inLanguage":"tr","potentialAction":[{"@type":"ReadAction","target":["https:\/\/kibrisdakik.com\/?p=15590"]}]},{"@type":"ImageObject","inLanguage":"tr","@id":"https:\/\/kibrisdakik.com\/?p=15590#primaryimage","url":"https:\/\/kibrisdakik.com\/wp-content\/uploads\/2023\/10\/sakldjaljad-740x339.jpg","contentUrl":"https:\/\/kibrisdakik.com\/wp-content\/uploads\/2023\/10\/sakldjaljad-740x339.jpg","width":768,"height":339},{"@type":"BreadcrumbList","@id":"https:\/\/kibrisdakik.com\/?p=15590#breadcrumb","itemListElement":[{"@type":"ListItem","position":1,"name":"Home","item":"https:\/\/kibrisdakik.com\/"},{"@type":"ListItem","position":2,"name":"Ar\u0131kl\u0131: Heyetin masraf\u0131 devletin b\u00fct\u00e7esinden kar\u015f\u0131lanmad\u0131"}]},{"@type":"WebSite","@id":"https:\/\/kibrisdakik.com\/#website","url":"https:\/\/kibrisdakik.com\/","name":"","description":"Tam vaktinde haber","potentialAction":[{"@type":"SearchAction","target":{"@type":"EntryPoint","urlTemplate":"https:\/\/kibrisdakik.com\/?s={search_term_string}"},"query-input":{"@type":"PropertyValueSpecification","valueRequired":true,"valueName":"search_term_string"}}],"inLanguage":"tr"},{"@type":"Person","@id":"https:\/\/kibrisdakik.com\/#\/schema\/person\/9cd9d437bbb44f72b73ba127e06d8e79","name":"admin","image":{"@type":"ImageObject","inLanguage":"tr","@id":"https:\/\/secure.gravatar.com\/avatar\/ccc17943b9d660506c869530f897617f7cb1c21a4bf30023f252596d83e1f007?s=96&d=mm&r=g","url":"https:\/\/secure.gravatar.com\/avatar\/ccc17943b9d660506c869530f897617f7cb1c21a4bf30023f252596d83e1f007?s=96&d=mm&r=g","contentUrl":"https:\/\/secure.gravatar.com\/avatar\/ccc17943b9d660506c869530f897617f7cb1c21a4bf30023f252596d83e1f007?s=96&d=mm&r=g","caption":"admin"},"sameAs":["https:\/\/kibrisdakik.com"],"url":"https:\/\/kibrisdakik.com\/?author=1"}]}},"_links":{"self":[{"href":"https:\/\/kibrisdakik.com\/index.php?rest_route=\/wp\/v2\/posts\/15590","targetHints":{"allow":["GET"]}}],"collection":[{"href":"https:\/\/kibrisdakik.com\/index.php?rest_route=\/wp\/v2\/posts"}],"about":[{"href":"https:\/\/kibrisdakik.com\/index.php?rest_route=\/wp\/v2\/types\/post"}],"author":[{"embeddable":true,"href":"https:\/\/kibrisdakik.com\/index.php?rest_route=\/wp\/v2\/users\/1"}],"replies":[{"embeddable":true,"href":"https:\/\/kibrisdakik.com\/index.php?rest_route=%2Fwp%2Fv2%2Fcomments&post=15590"}],"version-history":[{"count":0,"href":"https:\/\/kibrisdakik.com\/index.php?rest_route=\/wp\/v2\/posts\/15590\/revisions"}],"wp:featuredmedia":[{"embeddable":true,"href":"https:\/\/kibrisdakik.com\/index.php?rest_route=\/wp\/v2\/media\/15591"}],"wp:attachment":[{"href":"https:\/\/kibrisdakik.com\/index.php?rest_route=%2Fwp%2Fv2%2Fmedia&parent=15590"}],"wp:term":[{"taxonomy":"category","embeddable":true,"href":"https:\/\/kibrisdakik.com\/index.php?rest_route=%2Fwp%2Fv2%2Fcategories&post=15590"},{"taxonomy":"post_tag","embeddable":true,"href":"https:\/\/kibrisdakik.com\/index.php?rest_route=%2Fwp%2Fv2%2Ftags&post=15590"}],"curies":[{"name":"wp","href":"https:\/\/api.w.org\/{rel}","templated":true}]}}