{"id":15592,"date":"2023-10-13T22:32:27","date_gmt":"2023-10-13T22:32:27","guid":{"rendered":"https:\/\/kibrisdakik.com\/index.php\/2023\/10\/13\/sali-gunune-kadar-saganak-bekleniyor\/"},"modified":"2023-10-13T22:32:27","modified_gmt":"2023-10-13T22:32:27","slug":"sali-gunune-kadar-saganak-bekleniyor","status":"publish","type":"post","link":"https:\/\/kibrisdakik.com\/?p=15592","title":{"rendered":"Sal\u0131 g\u00fcn\u00fcne kadar sa\u011fanak bekleniyor"},"content":{"rendered":"<p><\/p>\n<div>\n<div class=\"mariselle-image-container center\">\n                <img width=\"640\" height=\"350\" class=\"lazy-image\" alt=\"\" decoding=\"async\" loading=\"lazy\" sizes=\"auto, (max-width: 640px) 100vw, 640px\" src=\"https:\/\/brtk.net\/wp-content\/uploads\/2023\/10\/13\/hava-durumu10.jpg?ver=5786de859a9a16c5d431d4819124cbf4\" srcset=\"https:\/\/brtk.net\/wp-content\/uploads\/2023\/10\/13\/hava-durumu10.jpg?ver=5786de859a9a16c5d431d4819124cbf4 640w, https:\/\/brtk.net\/wp-content\/uploads\/2023\/10\/13\/hava-durumu10-300x164.jpg?ver=575f2c74907eef67c3e5ba7382b7b10a 300w\"\/>                            <\/div>\n<p>Ya\u011f\u0131\u015fl\u0131 havan\u0131n sal\u0131 g\u00fcn\u00fcne kadar devam etmesi bekleniyor. Hava s\u0131cakl\u0131\u011f\u0131 da pazar g\u00fcn\u00fc 28 dereceye kadar d\u00fc\u015fecek. <\/p>\n<p>Meteoroloji Dairesi\u2019nin haftal\u0131k hava tahmini raporuna g\u00f6re, 14-20 Ekim tarihleri aras\u0131nda b\u00f6lge genellikle al\u00e7ak bas\u0131n\u00e7 sistemi ile \u00fcst atmosferdeki serin ve nemli hava k\u00fctlesinin etkisi alt\u0131nda kalacak.<\/p>\n<p>Hava, yar\u0131n az bulutlu, \u00f6\u011fle saatleri par\u00e7al\u0131 bulutlu yer yer sa\u011fanak veya g\u00f6kg\u00fcr\u00fclt\u00fcl\u00fc sa\u011fanak ya\u011f\u0131\u015fl\u0131, pazar par\u00e7al\u0131 zamanla \u00e7ok bulutlu sa\u011fanak veya g\u00f6kg\u00fcr\u00fclt\u00fcl\u00fc sa\u011fanak ya\u011f\u0131\u015fl\u0131, pazartesi par\u00e7al\u0131 bulutlu \u00f6\u011fleye kadar yer yer sa\u011fanak ya\u011f\u0131\u015fl\u0131, di\u011fer g\u00fcnler par\u00e7al\u0131 bulutlu olacak.<\/p>\n<p>En y\u00fcksek hava s\u0131cakl\u0131\u011f\u0131, genellikle i\u00e7 kesimlerde ve sahillerde 29 \u2013 32 derece, pazar g\u00fcn\u00fc ise 25 \u2013 28 derece dolaylar\u0131nda seyretmesi bekleniyor.<\/p>\n<p>R\u00fczgar, genellikle g\u00fcney ve bat\u0131 y\u00f6nlerden orta kuvvette, zaman zaman kuvvetli esecek.<\/p>\n<\/p><\/div>\n<p><script async\n                    defer\n                    crossorigin=\"anonymous\"\n                    src=\"https:\/\/connect.facebook.net\/tr_TR\/sdk.js#xfbml=1&#038;version=v3.3\"\n            ><\/script><\/p>\n","protected":false},"excerpt":{"rendered":"<p>Ya\u011f\u0131\u015fl\u0131 havan\u0131n sal\u0131 g\u00fcn\u00fcne kadar devam etmesi bekleniyor. Hava s\u0131cakl\u0131\u011f\u0131 da pazar g\u00fcn\u00fc 28 dereceye kadar d\u00fc\u015fecek. Meteoroloji Dairesi\u2019nin haftal\u0131k hava tahmini raporuna g\u00f6re, 14-20 Ekim tarihleri aras\u0131nda b\u00f6lge genellikle al\u00e7ak bas\u0131n\u00e7 sistemi ile \u00fcst atmosferdeki serin ve nemli hava k\u00fctlesinin etkisi alt\u0131nda kalacak. Hava, yar\u0131n az bulutlu, \u00f6\u011fle saatleri par\u00e7al\u0131 bulutlu yer yer sa\u011fanak<\/p>\n","protected":false},"author":1,"featured_media":15593,"comment_status":"open","ping_status":"open","sticky":false,"template":"","format":"standard","meta":{"footnotes":""},"categories":[1],"tags":[],"class_list":["post-15592","post","type-post","status-publish","format-standard","has-post-thumbnail","hentry","category-gundem"],"yoast_head":"<!-- This site is optimized with the Yoast SEO plugin v27.4 - https:\/\/yoast.com\/product\/yoast-seo-wordpress\/ -->\n<title>Sal\u0131 g\u00fcn\u00fcne kadar sa\u011fanak bekleniyor -<\/title>\n<meta name=\"robots\" content=\"index, follow, max-snippet:-1, max-image-preview:large, max-video-preview:-1\" \/>\n<link rel=\"canonical\" href=\"https:\/\/kibrisdakik.com\/?p=15592\" \/>\n<meta property=\"og:locale\" content=\"tr_TR\" \/>\n<meta property=\"og:type\" content=\"article\" \/>\n<meta property=\"og:title\" content=\"Sal\u0131 g\u00fcn\u00fcne kadar sa\u011fanak bekleniyor -\" \/>\n<meta property=\"og:description\" content=\"Ya\u011f\u0131\u015fl\u0131 havan\u0131n sal\u0131 g\u00fcn\u00fcne kadar devam etmesi bekleniyor. Hava s\u0131cakl\u0131\u011f\u0131 da pazar g\u00fcn\u00fc 28 dereceye kadar d\u00fc\u015fecek. Meteoroloji Dairesi\u2019nin haftal\u0131k hava tahmini raporuna g\u00f6re, 14-20 Ekim tarihleri aras\u0131nda b\u00f6lge genellikle al\u00e7ak bas\u0131n\u00e7 sistemi ile \u00fcst atmosferdeki serin ve nemli hava k\u00fctlesinin etkisi alt\u0131nda kalacak. Hava, yar\u0131n az bulutlu, \u00f6\u011fle saatleri par\u00e7al\u0131 bulutlu yer yer sa\u011fanak\" \/>\n<meta property=\"og:url\" content=\"https:\/\/kibrisdakik.com\/?p=15592\" \/>\n<meta property=\"article:published_time\" content=\"2023-10-13T22:32:27+00:00\" \/>\n<meta property=\"og:image\" content=\"https:\/\/kibrisdakik.com\/wp-content\/uploads\/2023\/10\/hava-durumu10.jpg\" \/>\n\t<meta property=\"og:image:width\" content=\"640\" \/>\n\t<meta property=\"og:image:height\" content=\"350\" \/>\n\t<meta property=\"og:image:type\" content=\"image\/jpeg\" \/>\n<meta name=\"author\" content=\"admin\" \/>\n<meta name=\"twitter:card\" content=\"summary_large_image\" \/>\n<meta name=\"twitter:label1\" content=\"Yazan:\" \/>\n\t<meta name=\"twitter:data1\" content=\"admin\" \/>\n\t<meta name=\"twitter:label2\" content=\"Tahmini okuma s\u00fcresi\" \/>\n\t<meta name=\"twitter:data2\" content=\"1 dakika\" \/>\n<script type=\"application\/ld+json\" class=\"yoast-schema-graph\">{\"@context\":\"https:\\\/\\\/schema.org\",\"@graph\":[{\"@type\":\"Article\",\"@id\":\"https:\\\/\\\/kibrisdakik.com\\\/?p=15592#article\",\"isPartOf\":{\"@id\":\"https:\\\/\\\/kibrisdakik.com\\\/?p=15592\"},\"author\":{\"name\":\"admin\",\"@id\":\"https:\\\/\\\/kibrisdakik.com\\\/#\\\/schema\\\/person\\\/9cd9d437bbb44f72b73ba127e06d8e79\"},\"headline\":\"Sal\u0131 g\u00fcn\u00fcne kadar sa\u011fanak bekleniyor\",\"datePublished\":\"2023-10-13T22:32:27+00:00\",\"mainEntityOfPage\":{\"@id\":\"https:\\\/\\\/kibrisdakik.com\\\/?p=15592\"},\"wordCount\":165,\"commentCount\":0,\"image\":{\"@id\":\"https:\\\/\\\/kibrisdakik.com\\\/?p=15592#primaryimage\"},\"thumbnailUrl\":\"https:\\\/\\\/kibrisdakik.com\\\/wp-content\\\/uploads\\\/2023\\\/10\\\/hava-durumu10.jpg\",\"articleSection\":[\"G\u00fcndem\"],\"inLanguage\":\"tr\",\"potentialAction\":[{\"@type\":\"CommentAction\",\"name\":\"Comment\",\"target\":[\"https:\\\/\\\/kibrisdakik.com\\\/?p=15592#respond\"]}]},{\"@type\":\"WebPage\",\"@id\":\"https:\\\/\\\/kibrisdakik.com\\\/?p=15592\",\"url\":\"https:\\\/\\\/kibrisdakik.com\\\/?p=15592\",\"name\":\"Sal\u0131 g\u00fcn\u00fcne kadar sa\u011fanak bekleniyor -\",\"isPartOf\":{\"@id\":\"https:\\\/\\\/kibrisdakik.com\\\/#website\"},\"primaryImageOfPage\":{\"@id\":\"https:\\\/\\\/kibrisdakik.com\\\/?p=15592#primaryimage\"},\"image\":{\"@id\":\"https:\\\/\\\/kibrisdakik.com\\\/?p=15592#primaryimage\"},\"thumbnailUrl\":\"https:\\\/\\\/kibrisdakik.com\\\/wp-content\\\/uploads\\\/2023\\\/10\\\/hava-durumu10.jpg\",\"datePublished\":\"2023-10-13T22:32:27+00:00\",\"author\":{\"@id\":\"https:\\\/\\\/kibrisdakik.com\\\/#\\\/schema\\\/person\\\/9cd9d437bbb44f72b73ba127e06d8e79\"},\"breadcrumb\":{\"@id\":\"https:\\\/\\\/kibrisdakik.com\\\/?p=15592#breadcrumb\"},\"inLanguage\":\"tr\",\"potentialAction\":[{\"@type\":\"ReadAction\",\"target\":[\"https:\\\/\\\/kibrisdakik.com\\\/?p=15592\"]}]},{\"@type\":\"ImageObject\",\"inLanguage\":\"tr\",\"@id\":\"https:\\\/\\\/kibrisdakik.com\\\/?p=15592#primaryimage\",\"url\":\"https:\\\/\\\/kibrisdakik.com\\\/wp-content\\\/uploads\\\/2023\\\/10\\\/hava-durumu10.jpg\",\"contentUrl\":\"https:\\\/\\\/kibrisdakik.com\\\/wp-content\\\/uploads\\\/2023\\\/10\\\/hava-durumu10.jpg\",\"width\":640,\"height\":350},{\"@type\":\"BreadcrumbList\",\"@id\":\"https:\\\/\\\/kibrisdakik.com\\\/?p=15592#breadcrumb\",\"itemListElement\":[{\"@type\":\"ListItem\",\"position\":1,\"name\":\"Home\",\"item\":\"https:\\\/\\\/kibrisdakik.com\\\/\"},{\"@type\":\"ListItem\",\"position\":2,\"name\":\"Sal\u0131 g\u00fcn\u00fcne kadar sa\u011fanak bekleniyor\"}]},{\"@type\":\"WebSite\",\"@id\":\"https:\\\/\\\/kibrisdakik.com\\\/#website\",\"url\":\"https:\\\/\\\/kibrisdakik.com\\\/\",\"name\":\"\",\"description\":\"Tam vaktinde haber\",\"potentialAction\":[{\"@type\":\"SearchAction\",\"target\":{\"@type\":\"EntryPoint\",\"urlTemplate\":\"https:\\\/\\\/kibrisdakik.com\\\/?s={search_term_string}\"},\"query-input\":{\"@type\":\"PropertyValueSpecification\",\"valueRequired\":true,\"valueName\":\"search_term_string\"}}],\"inLanguage\":\"tr\"},{\"@type\":\"Person\",\"@id\":\"https:\\\/\\\/kibrisdakik.com\\\/#\\\/schema\\\/person\\\/9cd9d437bbb44f72b73ba127e06d8e79\",\"name\":\"admin\",\"image\":{\"@type\":\"ImageObject\",\"inLanguage\":\"tr\",\"@id\":\"https:\\\/\\\/secure.gravatar.com\\\/avatar\\\/ccc17943b9d660506c869530f897617f7cb1c21a4bf30023f252596d83e1f007?s=96&d=mm&r=g\",\"url\":\"https:\\\/\\\/secure.gravatar.com\\\/avatar\\\/ccc17943b9d660506c869530f897617f7cb1c21a4bf30023f252596d83e1f007?s=96&d=mm&r=g\",\"contentUrl\":\"https:\\\/\\\/secure.gravatar.com\\\/avatar\\\/ccc17943b9d660506c869530f897617f7cb1c21a4bf30023f252596d83e1f007?s=96&d=mm&r=g\",\"caption\":\"admin\"},\"sameAs\":[\"https:\\\/\\\/kibrisdakik.com\"],\"url\":\"https:\\\/\\\/kibrisdakik.com\\\/?author=1\"}]}<\/script>\n<!-- \/ Yoast SEO plugin. -->","yoast_head_json":{"title":"Sal\u0131 g\u00fcn\u00fcne kadar sa\u011fanak bekleniyor -","robots":{"index":"index","follow":"follow","max-snippet":"max-snippet:-1","max-image-preview":"max-image-preview:large","max-video-preview":"max-video-preview:-1"},"canonical":"https:\/\/kibrisdakik.com\/?p=15592","og_locale":"tr_TR","og_type":"article","og_title":"Sal\u0131 g\u00fcn\u00fcne kadar sa\u011fanak bekleniyor -","og_description":"Ya\u011f\u0131\u015fl\u0131 havan\u0131n sal\u0131 g\u00fcn\u00fcne kadar devam etmesi bekleniyor. Hava s\u0131cakl\u0131\u011f\u0131 da pazar g\u00fcn\u00fc 28 dereceye kadar d\u00fc\u015fecek. Meteoroloji Dairesi\u2019nin haftal\u0131k hava tahmini raporuna g\u00f6re, 14-20 Ekim tarihleri aras\u0131nda b\u00f6lge genellikle al\u00e7ak bas\u0131n\u00e7 sistemi ile \u00fcst atmosferdeki serin ve nemli hava k\u00fctlesinin etkisi alt\u0131nda kalacak. Hava, yar\u0131n az bulutlu, \u00f6\u011fle saatleri par\u00e7al\u0131 bulutlu yer yer sa\u011fanak","og_url":"https:\/\/kibrisdakik.com\/?p=15592","article_published_time":"2023-10-13T22:32:27+00:00","og_image":[{"width":640,"height":350,"url":"https:\/\/kibrisdakik.com\/wp-content\/uploads\/2023\/10\/hava-durumu10.jpg","type":"image\/jpeg"}],"author":"admin","twitter_card":"summary_large_image","twitter_misc":{"Yazan:":"admin","Tahmini okuma s\u00fcresi":"1 dakika"},"schema":{"@context":"https:\/\/schema.org","@graph":[{"@type":"Article","@id":"https:\/\/kibrisdakik.com\/?p=15592#article","isPartOf":{"@id":"https:\/\/kibrisdakik.com\/?p=15592"},"author":{"name":"admin","@id":"https:\/\/kibrisdakik.com\/#\/schema\/person\/9cd9d437bbb44f72b73ba127e06d8e79"},"headline":"Sal\u0131 g\u00fcn\u00fcne kadar sa\u011fanak bekleniyor","datePublished":"2023-10-13T22:32:27+00:00","mainEntityOfPage":{"@id":"https:\/\/kibrisdakik.com\/?p=15592"},"wordCount":165,"commentCount":0,"image":{"@id":"https:\/\/kibrisdakik.com\/?p=15592#primaryimage"},"thumbnailUrl":"https:\/\/kibrisdakik.com\/wp-content\/uploads\/2023\/10\/hava-durumu10.jpg","articleSection":["G\u00fcndem"],"inLanguage":"tr","potentialAction":[{"@type":"CommentAction","name":"Comment","target":["https:\/\/kibrisdakik.com\/?p=15592#respond"]}]},{"@type":"WebPage","@id":"https:\/\/kibrisdakik.com\/?p=15592","url":"https:\/\/kibrisdakik.com\/?p=15592","name":"Sal\u0131 g\u00fcn\u00fcne kadar sa\u011fanak bekleniyor -","isPartOf":{"@id":"https:\/\/kibrisdakik.com\/#website"},"primaryImageOfPage":{"@id":"https:\/\/kibrisdakik.com\/?p=15592#primaryimage"},"image":{"@id":"https:\/\/kibrisdakik.com\/?p=15592#primaryimage"},"thumbnailUrl":"https:\/\/kibrisdakik.com\/wp-content\/uploads\/2023\/10\/hava-durumu10.jpg","datePublished":"2023-10-13T22:32:27+00:00","author":{"@id":"https:\/\/kibrisdakik.com\/#\/schema\/person\/9cd9d437bbb44f72b73ba127e06d8e79"},"breadcrumb":{"@id":"https:\/\/kibrisdakik.com\/?p=15592#breadcrumb"},"inLanguage":"tr","potentialAction":[{"@type":"ReadAction","target":["https:\/\/kibrisdakik.com\/?p=15592"]}]},{"@type":"ImageObject","inLanguage":"tr","@id":"https:\/\/kibrisdakik.com\/?p=15592#primaryimage","url":"https:\/\/kibrisdakik.com\/wp-content\/uploads\/2023\/10\/hava-durumu10.jpg","contentUrl":"https:\/\/kibrisdakik.com\/wp-content\/uploads\/2023\/10\/hava-durumu10.jpg","width":640,"height":350},{"@type":"BreadcrumbList","@id":"https:\/\/kibrisdakik.com\/?p=15592#breadcrumb","itemListElement":[{"@type":"ListItem","position":1,"name":"Home","item":"https:\/\/kibrisdakik.com\/"},{"@type":"ListItem","position":2,"name":"Sal\u0131 g\u00fcn\u00fcne kadar sa\u011fanak bekleniyor"}]},{"@type":"WebSite","@id":"https:\/\/kibrisdakik.com\/#website","url":"https:\/\/kibrisdakik.com\/","name":"","description":"Tam vaktinde haber","potentialAction":[{"@type":"SearchAction","target":{"@type":"EntryPoint","urlTemplate":"https:\/\/kibrisdakik.com\/?s={search_term_string}"},"query-input":{"@type":"PropertyValueSpecification","valueRequired":true,"valueName":"search_term_string"}}],"inLanguage":"tr"},{"@type":"Person","@id":"https:\/\/kibrisdakik.com\/#\/schema\/person\/9cd9d437bbb44f72b73ba127e06d8e79","name":"admin","image":{"@type":"ImageObject","inLanguage":"tr","@id":"https:\/\/secure.gravatar.com\/avatar\/ccc17943b9d660506c869530f897617f7cb1c21a4bf30023f252596d83e1f007?s=96&d=mm&r=g","url":"https:\/\/secure.gravatar.com\/avatar\/ccc17943b9d660506c869530f897617f7cb1c21a4bf30023f252596d83e1f007?s=96&d=mm&r=g","contentUrl":"https:\/\/secure.gravatar.com\/avatar\/ccc17943b9d660506c869530f897617f7cb1c21a4bf30023f252596d83e1f007?s=96&d=mm&r=g","caption":"admin"},"sameAs":["https:\/\/kibrisdakik.com"],"url":"https:\/\/kibrisdakik.com\/?author=1"}]}},"_links":{"self":[{"href":"https:\/\/kibrisdakik.com\/index.php?rest_route=\/wp\/v2\/posts\/15592","targetHints":{"allow":["GET"]}}],"collection":[{"href":"https:\/\/kibrisdakik.com\/index.php?rest_route=\/wp\/v2\/posts"}],"about":[{"href":"https:\/\/kibrisdakik.com\/index.php?rest_route=\/wp\/v2\/types\/post"}],"author":[{"embeddable":true,"href":"https:\/\/kibrisdakik.com\/index.php?rest_route=\/wp\/v2\/users\/1"}],"replies":[{"embeddable":true,"href":"https:\/\/kibrisdakik.com\/index.php?rest_route=%2Fwp%2Fv2%2Fcomments&post=15592"}],"version-history":[{"count":0,"href":"https:\/\/kibrisdakik.com\/index.php?rest_route=\/wp\/v2\/posts\/15592\/revisions"}],"wp:featuredmedia":[{"embeddable":true,"href":"https:\/\/kibrisdakik.com\/index.php?rest_route=\/wp\/v2\/media\/15593"}],"wp:attachment":[{"href":"https:\/\/kibrisdakik.com\/index.php?rest_route=%2Fwp%2Fv2%2Fmedia&parent=15592"}],"wp:term":[{"taxonomy":"category","embeddable":true,"href":"https:\/\/kibrisdakik.com\/index.php?rest_route=%2Fwp%2Fv2%2Fcategories&post=15592"},{"taxonomy":"post_tag","embeddable":true,"href":"https:\/\/kibrisdakik.com\/index.php?rest_route=%2Fwp%2Fv2%2Ftags&post=15592"}],"curies":[{"name":"wp","href":"https:\/\/api.w.org\/{rel}","templated":true}]}}