{"id":15628,"date":"2023-10-14T17:01:09","date_gmt":"2023-10-14T17:01:09","guid":{"rendered":"https:\/\/kibrisdakik.com\/index.php\/2023\/10\/14\/ulker-lefkosa-maratonugeleneksel-yaris-icin-3-gunde-toplam-3-472-kisi-kayit-yaptirdi\/"},"modified":"2023-10-14T17:01:09","modified_gmt":"2023-10-14T17:01:09","slug":"ulker-lefkosa-maratonugeleneksel-yaris-icin-3-gunde-toplam-3-472-kisi-kayit-yaptirdi","status":"publish","type":"post","link":"https:\/\/kibrisdakik.com\/?p=15628","title":{"rendered":"\u00dclker Lefko\u015fa Maratonu:Geleneksel yar\u0131\u015f i\u00e7in 3 g\u00fcnde toplam 3.472 ki\u015fi kay\u0131t yapt\u0131rd\u0131"},"content":{"rendered":"<p> <br \/>\n<\/p>\n<div>\n<div class=\"mariselle-image-container center\">\n                <img width=\"1296\" height=\"811\" class=\"lazy-image\" alt=\"\" decoding=\"async\" loading=\"lazy\" sizes=\"auto, (max-width: 1296px) 100vw, 1296px\" src=\"https:\/\/brtk.net\/wp-content\/uploads\/2023\/10\/14\/392747819_2485584114959348_4898675781570419881_n.jpg?ver=98e5ecc08d53f36a9264c717df0a07ef\" srcset=\"https:\/\/brtk.net\/wp-content\/uploads\/2023\/10\/14\/392747819_2485584114959348_4898675781570419881_n.jpg?ver=98e5ecc08d53f36a9264c717df0a07ef 1296w, https:\/\/brtk.net\/wp-content\/uploads\/2023\/10\/14\/392747819_2485584114959348_4898675781570419881_n-300x188.jpg?ver=5430d1b2737cac1c6f9d33cd4517b765 300w, https:\/\/brtk.net\/wp-content\/uploads\/2023\/10\/14\/392747819_2485584114959348_4898675781570419881_n-1024x641.jpg?ver=5430d1b2737cac1c6f9d33cd4517b765 1024w, https:\/\/brtk.net\/wp-content\/uploads\/2023\/10\/14\/392747819_2485584114959348_4898675781570419881_n-768x481.jpg?ver=5430d1b2737cac1c6f9d33cd4517b765 768w\"\/>                            <\/div>\n<p>\u015eampiyonlar\u0131n ismini ya\u015fatmak, \u015eampiyon Melekler E\u011fitim Kamp\u00fcs\u00fcn\u00fc \u00fclkemize kazand\u0131rmak i\u00e7in d\u00fczenlenen \u00dclker Lefko\u015fa Maratonu\u2019nda kay\u0131tlar devam ediyor\u2026<\/p>\n<p>Her ge\u00e7en y\u0131l giderek artan kat\u0131l\u0131mla ger\u00e7ekle\u015fen maraton, bu y\u0131l da kendi rekorunu k\u0131rarak 22 Ekim Pazar g\u00fcn\u00fc i\u00e7in geri say\u0131m\u0131 s\u00fcrd\u00fcr\u00fcyor.<\/p>\n<p>\u00dclker Lefko\u015fa Maratonu\u2019na ilk 3 g\u00fcnde toplam 3.472 ki\u015fi kay\u0131t yaparken, \u00fclkenin d\u00f6rt bir yan\u0131nda da kay\u0131tlar s\u00fcr\u00fcyor\u2026<\/p>\n<\/p><\/div>\n<p><script async\n                    defer\n                    crossorigin=\"anonymous\"\n                    src=\"https:\/\/connect.facebook.net\/tr_TR\/sdk.js#xfbml=1&#038;version=v3.3\"\n            ><\/script><br \/>\n<br \/><br \/>\n<br \/><a href=\"https:\/\/brtk.net\/ulker-lefkosa-maratonugeleneksel-yaris-icin-3-gunde-toplam-3-472-kisi-kayit-yaptirdi\/\"> <\/a><\/p>\n","protected":false},"excerpt":{"rendered":"<p>\u015eampiyonlar\u0131n ismini ya\u015fatmak, \u015eampiyon Melekler E\u011fitim Kamp\u00fcs\u00fcn\u00fc \u00fclkemize kazand\u0131rmak i\u00e7in d\u00fczenlenen \u00dclker Lefko\u015fa Maratonu\u2019nda kay\u0131tlar devam ediyor\u2026 Her ge\u00e7en y\u0131l giderek artan kat\u0131l\u0131mla ger\u00e7ekle\u015fen maraton, bu y\u0131l da kendi rekorunu k\u0131rarak 22 Ekim Pazar g\u00fcn\u00fc i\u00e7in geri say\u0131m\u0131 s\u00fcrd\u00fcr\u00fcyor. \u00dclker Lefko\u015fa Maratonu\u2019na ilk 3 g\u00fcnde toplam 3.472 ki\u015fi kay\u0131t yaparken, \u00fclkenin d\u00f6rt bir yan\u0131nda da<\/p>\n","protected":false},"author":1,"featured_media":15629,"comment_status":"open","ping_status":"open","sticky":false,"template":"","format":"standard","meta":{"footnotes":""},"categories":[85],"tags":[],"class_list":["post-15628","post","type-post","status-publish","format-standard","has-post-thumbnail","hentry","category-spor"],"yoast_head":"<!-- This site is optimized with the Yoast SEO plugin v27.5 - https:\/\/yoast.com\/product\/yoast-seo-wordpress\/ -->\n<title>\u00dclker Lefko\u015fa Maratonu:Geleneksel yar\u0131\u015f i\u00e7in 3 g\u00fcnde toplam 3.472 ki\u015fi kay\u0131t yapt\u0131rd\u0131 -<\/title>\n<meta name=\"robots\" content=\"index, follow, max-snippet:-1, max-image-preview:large, max-video-preview:-1\" \/>\n<link rel=\"canonical\" href=\"https:\/\/kibrisdakik.com\/?p=15628\" \/>\n<meta property=\"og:locale\" content=\"tr_TR\" \/>\n<meta property=\"og:type\" content=\"article\" \/>\n<meta property=\"og:title\" content=\"\u00dclker Lefko\u015fa Maratonu:Geleneksel yar\u0131\u015f i\u00e7in 3 g\u00fcnde toplam 3.472 ki\u015fi kay\u0131t yapt\u0131rd\u0131 -\" \/>\n<meta property=\"og:description\" content=\"\u015eampiyonlar\u0131n ismini ya\u015fatmak, \u015eampiyon Melekler E\u011fitim Kamp\u00fcs\u00fcn\u00fc \u00fclkemize kazand\u0131rmak i\u00e7in d\u00fczenlenen \u00dclker Lefko\u015fa Maratonu\u2019nda kay\u0131tlar devam ediyor\u2026 Her ge\u00e7en y\u0131l giderek artan kat\u0131l\u0131mla ger\u00e7ekle\u015fen maraton, bu y\u0131l da kendi rekorunu k\u0131rarak 22 Ekim Pazar g\u00fcn\u00fc i\u00e7in geri say\u0131m\u0131 s\u00fcrd\u00fcr\u00fcyor. \u00dclker Lefko\u015fa Maratonu\u2019na ilk 3 g\u00fcnde toplam 3.472 ki\u015fi kay\u0131t yaparken, \u00fclkenin d\u00f6rt bir yan\u0131nda da\" \/>\n<meta property=\"og:url\" content=\"https:\/\/kibrisdakik.com\/?p=15628\" \/>\n<meta property=\"article:published_time\" content=\"2023-10-14T17:01:09+00:00\" \/>\n<meta property=\"og:image\" content=\"https:\/\/kibrisdakik.com\/wp-content\/uploads\/2023\/10\/392747819_2485584114959348_4898675781570419881_n-740x420.jpg\" \/>\n\t<meta property=\"og:image:width\" content=\"1296\" \/>\n\t<meta property=\"og:image:height\" content=\"811\" \/>\n\t<meta property=\"og:image:type\" content=\"image\/jpeg\" \/>\n<meta name=\"author\" content=\"admin\" \/>\n<meta name=\"twitter:card\" content=\"summary_large_image\" \/>\n<meta name=\"twitter:label1\" content=\"Yazan:\" \/>\n\t<meta name=\"twitter:data1\" content=\"admin\" \/>\n<script type=\"application\/ld+json\" class=\"yoast-schema-graph\">{\"@context\":\"https:\\\/\\\/schema.org\",\"@graph\":[{\"@type\":\"Article\",\"@id\":\"https:\\\/\\\/kibrisdakik.com\\\/?p=15628#article\",\"isPartOf\":{\"@id\":\"https:\\\/\\\/kibrisdakik.com\\\/?p=15628\"},\"author\":{\"name\":\"admin\",\"@id\":\"https:\\\/\\\/kibrisdakik.com\\\/#\\\/schema\\\/person\\\/9cd9d437bbb44f72b73ba127e06d8e79\"},\"headline\":\"\u00dclker Lefko\u015fa Maratonu:Geleneksel yar\u0131\u015f i\u00e7in 3 g\u00fcnde toplam 3.472 ki\u015fi kay\u0131t yapt\u0131rd\u0131\",\"datePublished\":\"2023-10-14T17:01:09+00:00\",\"mainEntityOfPage\":{\"@id\":\"https:\\\/\\\/kibrisdakik.com\\\/?p=15628\"},\"wordCount\":108,\"commentCount\":0,\"image\":{\"@id\":\"https:\\\/\\\/kibrisdakik.com\\\/?p=15628#primaryimage\"},\"thumbnailUrl\":\"https:\\\/\\\/kibrisdakik.com\\\/wp-content\\\/uploads\\\/2023\\\/10\\\/392747819_2485584114959348_4898675781570419881_n-740x420.jpg\",\"articleSection\":[\"Spor\"],\"inLanguage\":\"tr\",\"potentialAction\":[{\"@type\":\"CommentAction\",\"name\":\"Comment\",\"target\":[\"https:\\\/\\\/kibrisdakik.com\\\/?p=15628#respond\"]}]},{\"@type\":\"WebPage\",\"@id\":\"https:\\\/\\\/kibrisdakik.com\\\/?p=15628\",\"url\":\"https:\\\/\\\/kibrisdakik.com\\\/?p=15628\",\"name\":\"\u00dclker Lefko\u015fa Maratonu:Geleneksel yar\u0131\u015f i\u00e7in 3 g\u00fcnde toplam 3.472 ki\u015fi kay\u0131t yapt\u0131rd\u0131 -\",\"isPartOf\":{\"@id\":\"https:\\\/\\\/kibrisdakik.com\\\/#website\"},\"primaryImageOfPage\":{\"@id\":\"https:\\\/\\\/kibrisdakik.com\\\/?p=15628#primaryimage\"},\"image\":{\"@id\":\"https:\\\/\\\/kibrisdakik.com\\\/?p=15628#primaryimage\"},\"thumbnailUrl\":\"https:\\\/\\\/kibrisdakik.com\\\/wp-content\\\/uploads\\\/2023\\\/10\\\/392747819_2485584114959348_4898675781570419881_n-740x420.jpg\",\"datePublished\":\"2023-10-14T17:01:09+00:00\",\"author\":{\"@id\":\"https:\\\/\\\/kibrisdakik.com\\\/#\\\/schema\\\/person\\\/9cd9d437bbb44f72b73ba127e06d8e79\"},\"breadcrumb\":{\"@id\":\"https:\\\/\\\/kibrisdakik.com\\\/?p=15628#breadcrumb\"},\"inLanguage\":\"tr\",\"potentialAction\":[{\"@type\":\"ReadAction\",\"target\":[\"https:\\\/\\\/kibrisdakik.com\\\/?p=15628\"]}]},{\"@type\":\"ImageObject\",\"inLanguage\":\"tr\",\"@id\":\"https:\\\/\\\/kibrisdakik.com\\\/?p=15628#primaryimage\",\"url\":\"https:\\\/\\\/kibrisdakik.com\\\/wp-content\\\/uploads\\\/2023\\\/10\\\/392747819_2485584114959348_4898675781570419881_n-740x420.jpg\",\"contentUrl\":\"https:\\\/\\\/kibrisdakik.com\\\/wp-content\\\/uploads\\\/2023\\\/10\\\/392747819_2485584114959348_4898675781570419881_n-740x420.jpg\",\"width\":1296,\"height\":811},{\"@type\":\"BreadcrumbList\",\"@id\":\"https:\\\/\\\/kibrisdakik.com\\\/?p=15628#breadcrumb\",\"itemListElement\":[{\"@type\":\"ListItem\",\"position\":1,\"name\":\"Home\",\"item\":\"https:\\\/\\\/kibrisdakik.com\\\/\"},{\"@type\":\"ListItem\",\"position\":2,\"name\":\"\u00dclker Lefko\u015fa Maratonu:Geleneksel yar\u0131\u015f i\u00e7in 3 g\u00fcnde toplam 3.472 ki\u015fi kay\u0131t yapt\u0131rd\u0131\"}]},{\"@type\":\"WebSite\",\"@id\":\"https:\\\/\\\/kibrisdakik.com\\\/#website\",\"url\":\"https:\\\/\\\/kibrisdakik.com\\\/\",\"name\":\"\",\"description\":\"Tam vaktinde haber\",\"potentialAction\":[{\"@type\":\"SearchAction\",\"target\":{\"@type\":\"EntryPoint\",\"urlTemplate\":\"https:\\\/\\\/kibrisdakik.com\\\/?s={search_term_string}\"},\"query-input\":{\"@type\":\"PropertyValueSpecification\",\"valueRequired\":true,\"valueName\":\"search_term_string\"}}],\"inLanguage\":\"tr\"},{\"@type\":\"Person\",\"@id\":\"https:\\\/\\\/kibrisdakik.com\\\/#\\\/schema\\\/person\\\/9cd9d437bbb44f72b73ba127e06d8e79\",\"name\":\"admin\",\"image\":{\"@type\":\"ImageObject\",\"inLanguage\":\"tr\",\"@id\":\"https:\\\/\\\/secure.gravatar.com\\\/avatar\\\/ccc17943b9d660506c869530f897617f7cb1c21a4bf30023f252596d83e1f007?s=96&d=mm&r=g\",\"url\":\"https:\\\/\\\/secure.gravatar.com\\\/avatar\\\/ccc17943b9d660506c869530f897617f7cb1c21a4bf30023f252596d83e1f007?s=96&d=mm&r=g\",\"contentUrl\":\"https:\\\/\\\/secure.gravatar.com\\\/avatar\\\/ccc17943b9d660506c869530f897617f7cb1c21a4bf30023f252596d83e1f007?s=96&d=mm&r=g\",\"caption\":\"admin\"},\"sameAs\":[\"https:\\\/\\\/kibrisdakik.com\"],\"url\":\"https:\\\/\\\/kibrisdakik.com\\\/?author=1\"}]}<\/script>\n<!-- \/ Yoast SEO plugin. -->","yoast_head_json":{"title":"\u00dclker Lefko\u015fa Maratonu:Geleneksel yar\u0131\u015f i\u00e7in 3 g\u00fcnde toplam 3.472 ki\u015fi kay\u0131t yapt\u0131rd\u0131 -","robots":{"index":"index","follow":"follow","max-snippet":"max-snippet:-1","max-image-preview":"max-image-preview:large","max-video-preview":"max-video-preview:-1"},"canonical":"https:\/\/kibrisdakik.com\/?p=15628","og_locale":"tr_TR","og_type":"article","og_title":"\u00dclker Lefko\u015fa Maratonu:Geleneksel yar\u0131\u015f i\u00e7in 3 g\u00fcnde toplam 3.472 ki\u015fi kay\u0131t yapt\u0131rd\u0131 -","og_description":"\u015eampiyonlar\u0131n ismini ya\u015fatmak, \u015eampiyon Melekler E\u011fitim Kamp\u00fcs\u00fcn\u00fc \u00fclkemize kazand\u0131rmak i\u00e7in d\u00fczenlenen \u00dclker Lefko\u015fa Maratonu\u2019nda kay\u0131tlar devam ediyor\u2026 Her ge\u00e7en y\u0131l giderek artan kat\u0131l\u0131mla ger\u00e7ekle\u015fen maraton, bu y\u0131l da kendi rekorunu k\u0131rarak 22 Ekim Pazar g\u00fcn\u00fc i\u00e7in geri say\u0131m\u0131 s\u00fcrd\u00fcr\u00fcyor. \u00dclker Lefko\u015fa Maratonu\u2019na ilk 3 g\u00fcnde toplam 3.472 ki\u015fi kay\u0131t yaparken, \u00fclkenin d\u00f6rt bir yan\u0131nda da","og_url":"https:\/\/kibrisdakik.com\/?p=15628","article_published_time":"2023-10-14T17:01:09+00:00","og_image":[{"width":1296,"height":811,"url":"https:\/\/kibrisdakik.com\/wp-content\/uploads\/2023\/10\/392747819_2485584114959348_4898675781570419881_n-740x420.jpg","type":"image\/jpeg"}],"author":"admin","twitter_card":"summary_large_image","twitter_misc":{"Yazan:":"admin"},"schema":{"@context":"https:\/\/schema.org","@graph":[{"@type":"Article","@id":"https:\/\/kibrisdakik.com\/?p=15628#article","isPartOf":{"@id":"https:\/\/kibrisdakik.com\/?p=15628"},"author":{"name":"admin","@id":"https:\/\/kibrisdakik.com\/#\/schema\/person\/9cd9d437bbb44f72b73ba127e06d8e79"},"headline":"\u00dclker Lefko\u015fa Maratonu:Geleneksel yar\u0131\u015f i\u00e7in 3 g\u00fcnde toplam 3.472 ki\u015fi kay\u0131t yapt\u0131rd\u0131","datePublished":"2023-10-14T17:01:09+00:00","mainEntityOfPage":{"@id":"https:\/\/kibrisdakik.com\/?p=15628"},"wordCount":108,"commentCount":0,"image":{"@id":"https:\/\/kibrisdakik.com\/?p=15628#primaryimage"},"thumbnailUrl":"https:\/\/kibrisdakik.com\/wp-content\/uploads\/2023\/10\/392747819_2485584114959348_4898675781570419881_n-740x420.jpg","articleSection":["Spor"],"inLanguage":"tr","potentialAction":[{"@type":"CommentAction","name":"Comment","target":["https:\/\/kibrisdakik.com\/?p=15628#respond"]}]},{"@type":"WebPage","@id":"https:\/\/kibrisdakik.com\/?p=15628","url":"https:\/\/kibrisdakik.com\/?p=15628","name":"\u00dclker Lefko\u015fa Maratonu:Geleneksel yar\u0131\u015f i\u00e7in 3 g\u00fcnde toplam 3.472 ki\u015fi kay\u0131t yapt\u0131rd\u0131 -","isPartOf":{"@id":"https:\/\/kibrisdakik.com\/#website"},"primaryImageOfPage":{"@id":"https:\/\/kibrisdakik.com\/?p=15628#primaryimage"},"image":{"@id":"https:\/\/kibrisdakik.com\/?p=15628#primaryimage"},"thumbnailUrl":"https:\/\/kibrisdakik.com\/wp-content\/uploads\/2023\/10\/392747819_2485584114959348_4898675781570419881_n-740x420.jpg","datePublished":"2023-10-14T17:01:09+00:00","author":{"@id":"https:\/\/kibrisdakik.com\/#\/schema\/person\/9cd9d437bbb44f72b73ba127e06d8e79"},"breadcrumb":{"@id":"https:\/\/kibrisdakik.com\/?p=15628#breadcrumb"},"inLanguage":"tr","potentialAction":[{"@type":"ReadAction","target":["https:\/\/kibrisdakik.com\/?p=15628"]}]},{"@type":"ImageObject","inLanguage":"tr","@id":"https:\/\/kibrisdakik.com\/?p=15628#primaryimage","url":"https:\/\/kibrisdakik.com\/wp-content\/uploads\/2023\/10\/392747819_2485584114959348_4898675781570419881_n-740x420.jpg","contentUrl":"https:\/\/kibrisdakik.com\/wp-content\/uploads\/2023\/10\/392747819_2485584114959348_4898675781570419881_n-740x420.jpg","width":1296,"height":811},{"@type":"BreadcrumbList","@id":"https:\/\/kibrisdakik.com\/?p=15628#breadcrumb","itemListElement":[{"@type":"ListItem","position":1,"name":"Home","item":"https:\/\/kibrisdakik.com\/"},{"@type":"ListItem","position":2,"name":"\u00dclker Lefko\u015fa Maratonu:Geleneksel yar\u0131\u015f i\u00e7in 3 g\u00fcnde toplam 3.472 ki\u015fi kay\u0131t yapt\u0131rd\u0131"}]},{"@type":"WebSite","@id":"https:\/\/kibrisdakik.com\/#website","url":"https:\/\/kibrisdakik.com\/","name":"","description":"Tam vaktinde haber","potentialAction":[{"@type":"SearchAction","target":{"@type":"EntryPoint","urlTemplate":"https:\/\/kibrisdakik.com\/?s={search_term_string}"},"query-input":{"@type":"PropertyValueSpecification","valueRequired":true,"valueName":"search_term_string"}}],"inLanguage":"tr"},{"@type":"Person","@id":"https:\/\/kibrisdakik.com\/#\/schema\/person\/9cd9d437bbb44f72b73ba127e06d8e79","name":"admin","image":{"@type":"ImageObject","inLanguage":"tr","@id":"https:\/\/secure.gravatar.com\/avatar\/ccc17943b9d660506c869530f897617f7cb1c21a4bf30023f252596d83e1f007?s=96&d=mm&r=g","url":"https:\/\/secure.gravatar.com\/avatar\/ccc17943b9d660506c869530f897617f7cb1c21a4bf30023f252596d83e1f007?s=96&d=mm&r=g","contentUrl":"https:\/\/secure.gravatar.com\/avatar\/ccc17943b9d660506c869530f897617f7cb1c21a4bf30023f252596d83e1f007?s=96&d=mm&r=g","caption":"admin"},"sameAs":["https:\/\/kibrisdakik.com"],"url":"https:\/\/kibrisdakik.com\/?author=1"}]}},"_links":{"self":[{"href":"https:\/\/kibrisdakik.com\/index.php?rest_route=\/wp\/v2\/posts\/15628","targetHints":{"allow":["GET"]}}],"collection":[{"href":"https:\/\/kibrisdakik.com\/index.php?rest_route=\/wp\/v2\/posts"}],"about":[{"href":"https:\/\/kibrisdakik.com\/index.php?rest_route=\/wp\/v2\/types\/post"}],"author":[{"embeddable":true,"href":"https:\/\/kibrisdakik.com\/index.php?rest_route=\/wp\/v2\/users\/1"}],"replies":[{"embeddable":true,"href":"https:\/\/kibrisdakik.com\/index.php?rest_route=%2Fwp%2Fv2%2Fcomments&post=15628"}],"version-history":[{"count":0,"href":"https:\/\/kibrisdakik.com\/index.php?rest_route=\/wp\/v2\/posts\/15628\/revisions"}],"wp:featuredmedia":[{"embeddable":true,"href":"https:\/\/kibrisdakik.com\/index.php?rest_route=\/wp\/v2\/media\/15629"}],"wp:attachment":[{"href":"https:\/\/kibrisdakik.com\/index.php?rest_route=%2Fwp%2Fv2%2Fmedia&parent=15628"}],"wp:term":[{"taxonomy":"category","embeddable":true,"href":"https:\/\/kibrisdakik.com\/index.php?rest_route=%2Fwp%2Fv2%2Fcategories&post=15628"},{"taxonomy":"post_tag","embeddable":true,"href":"https:\/\/kibrisdakik.com\/index.php?rest_route=%2Fwp%2Fv2%2Ftags&post=15628"}],"curies":[{"name":"wp","href":"https:\/\/api.w.org\/{rel}","templated":true}]}}