{"id":15638,"date":"2023-10-14T20:02:27","date_gmt":"2023-10-14T20:02:27","guid":{"rendered":"https:\/\/kibrisdakik.com\/index.php\/2023\/10\/14\/aliyev-insani-kulturel-egitim-ve-spor-alanlarda-isbirligimiz-genisletilecek\/"},"modified":"2023-10-14T20:02:27","modified_gmt":"2023-10-14T20:02:27","slug":"aliyev-insani-kulturel-egitim-ve-spor-alanlarda-isbirligimiz-genisletilecek","status":"publish","type":"post","link":"https:\/\/kibrisdakik.com\/?p=15638","title":{"rendered":"Aliyev: \u0130nsani, k\u00fclt\u00fcrel, e\u011fitim ve spor alanlarda i\u015fbirli\u011fimiz geni\u015fletilecek"},"content":{"rendered":"<p><\/p>\n<div>\n<div class=\"mariselle-image-container center\">\n                <img width=\"1024\" height=\"683\" class=\"lazy-image\" alt=\"\" decoding=\"async\" loading=\"lazy\" sizes=\"auto, (max-width: 1024px) 100vw, 1024px\" src=\"https:\/\/brtk.net\/wp-content\/uploads\/2023\/10\/14\/tatar-aliyev-3333.jpg?ver=80d8966f682df30f0ec2f5f2de51f709\" srcset=\"https:\/\/brtk.net\/wp-content\/uploads\/2023\/10\/14\/tatar-aliyev-3333.jpg?ver=80d8966f682df30f0ec2f5f2de51f709 1024w, https:\/\/brtk.net\/wp-content\/uploads\/2023\/10\/14\/tatar-aliyev-3333-300x200.jpg?ver=80d8966f682df30f0ec2f5f2de51f709 300w, https:\/\/brtk.net\/wp-content\/uploads\/2023\/10\/14\/tatar-aliyev-3333-768x512.jpg?ver=80d8966f682df30f0ec2f5f2de51f709 768w\"\/>                            <\/div>\n<p>Cumhurba\u015fkan\u0131 <a href=\"https:\/\/brtk.net\/\" target=\"_blank\" rel=\"noopener\">Ersin <\/a><a href=\"https:\/\/brtk.net\/\">Tatar<\/a>, Bak\u00fc\u2019deki resmi temaslar\u0131 kapsam\u0131nda Azerbaycan Cumhurba\u015fkan\u0131 \u0130lham Aliyev ile Zu\u011fulba \u0130kametgah\u0131ndaki makam\u0131nda g\u00f6r\u00fc\u015ft\u00fc.<\/p>\n<p>Azerbaycan Cumhuriyeti Cumhurba\u015fkanl\u0131\u011f\u0131 resmi web sayfas\u0131nda ziyaretle ilgili yer alan haberde ikilinin toplant\u0131da, turizm, bilim, e\u011fitim ve \u00f6\u011frenci de\u011fi\u015fimi alanlar\u0131nda i\u015fbirli\u011fi konular\u0131 da ele al\u0131nd\u0131\u011f\u0131 belirtildi.<\/p>\n<p>Azerbaycan Ba\u015fkanl\u0131k Saray\u0131\u2019ndan yap\u0131lan resmi a\u00e7\u0131klamaya g\u00f6re, Cumhurba\u015fkan\u0131 \u0130lham Aliyev, g\u00f6r\u00fc\u015fme ile ilgili T\u00fcrk d\u00fcnyas\u0131 halklar\u0131 aras\u0131ndaki tarihsel ba\u011fa dayal\u0131 ili\u015fkilerin geni\u015flemesinden ve halklar aras\u0131nda insani, k\u00fclt\u00fcrel, e\u011fitim ve spor alanlarda i\u015fbirli\u011finin geni\u015fletilmesi i\u00e7in f\u0131rsatlar\u0131n varl\u0131\u011f\u0131ndan duydu\u011fu memnuniyeti dile getirdi. <\/p>\n<p>Aliyev a\u00e7\u0131klamas\u0131nda, T\u00fcrk Devletleri Te\u015fkilat\u0131\u2019n\u0131n etkin bir platform olarak oynad\u0131\u011f\u0131 role dikkat \u00e7ekerek, T\u00fcrk d\u00fcnyas\u0131 halklar\u0131n\u0131n \u00e7e\u015fitli alanlardaki ili\u015fkilerini geli\u015ftirmeye devam etmesini umdu\u011funu ifade etti.<br \/>Aliyev, Azerbaycan\u2019\u0131n her zaman T\u00fcrk d\u00fcnyas\u0131n\u0131n birli\u011fine katk\u0131da bulundu\u011funu ve bundan sonra da T\u00fcrk d\u00fcnyas\u0131n\u0131n birli\u011fine ba\u011fl\u0131 kalaca\u011f\u0131n\u0131 kaydetti.<\/p>\n<p>\tToplant\u0131da Kuzey K\u0131br\u0131s T\u00fcrk Cumhuriyeti\u2019nin T\u00fcrk Devletleri Te\u015fkilat\u0131 \u00e7er\u00e7evesinde g\u00f6zlemci \u00fcye olarak y\u00fcr\u00fctt\u00fc\u011f\u00fc faaliyetler de ele al\u0131nd\u0131. <\/p>\n<p>\tKuzey K\u0131br\u0131s T\u00fcrk Cumhuriyeti\u2019nin uzun s\u00fcredir Ekonomik \u0130\u015fbirli\u011fi Te\u015fkilat\u0131 ve \u0130slam \u0130\u015fbirli\u011fi Te\u015fkilat\u0131\u2019nda g\u00f6zlemci oldu\u011funu belirten Aliyev, \u201cBu nedenle Kuzey K\u0131br\u0131s T\u00fcrk Cumhuriyeti\u2019nin T\u00fcrk Devletleri Te\u015fkilat\u0131\u2019nda g\u00f6zlemci stat\u00fcs\u00fcne sahip olmas\u0131 olduk\u00e7a mant\u0131kl\u0131d\u0131r\u201d dedi.<\/p>\n<p>\tG\u00f6r\u00fc\u015fmenin sonunda Cumhurba\u015fkan\u0131 <a href=\"https:\/\/brtk.net\/\">Tatar<\/a> taraf\u0131ndan Azerbaycan Cumhurba\u015fkan\u0131 Aliyev\u2019e hat\u0131ra takdim edildi.<\/p>\n<\/p><\/div>\n<p><script async\n                    defer\n                    crossorigin=\"anonymous\"\n                    src=\"https:\/\/connect.facebook.net\/tr_TR\/sdk.js#xfbml=1&#038;version=v3.3\"\n            ><\/script><\/p>\n","protected":false},"excerpt":{"rendered":"<p>Cumhurba\u015fkan\u0131 Ersin Tatar, Bak\u00fc\u2019deki resmi temaslar\u0131 kapsam\u0131nda Azerbaycan Cumhurba\u015fkan\u0131 \u0130lham Aliyev ile Zu\u011fulba \u0130kametgah\u0131ndaki makam\u0131nda g\u00f6r\u00fc\u015ft\u00fc. Azerbaycan Cumhuriyeti Cumhurba\u015fkanl\u0131\u011f\u0131 resmi web sayfas\u0131nda ziyaretle ilgili yer alan haberde ikilinin toplant\u0131da, turizm, bilim, e\u011fitim ve \u00f6\u011frenci de\u011fi\u015fimi alanlar\u0131nda i\u015fbirli\u011fi konular\u0131 da ele al\u0131nd\u0131\u011f\u0131 belirtildi. Azerbaycan Ba\u015fkanl\u0131k Saray\u0131\u2019ndan yap\u0131lan resmi a\u00e7\u0131klamaya g\u00f6re, Cumhurba\u015fkan\u0131 \u0130lham Aliyev, g\u00f6r\u00fc\u015fme ile ilgili<\/p>\n","protected":false},"author":1,"featured_media":15639,"comment_status":"open","ping_status":"open","sticky":false,"template":"","format":"standard","meta":{"footnotes":""},"categories":[1],"tags":[],"class_list":["post-15638","post","type-post","status-publish","format-standard","has-post-thumbnail","hentry","category-gundem"],"yoast_head":"<!-- This site is optimized with the Yoast SEO plugin v27.4 - https:\/\/yoast.com\/product\/yoast-seo-wordpress\/ -->\n<title>Aliyev: \u0130nsani, k\u00fclt\u00fcrel, e\u011fitim ve spor alanlarda i\u015fbirli\u011fimiz geni\u015fletilecek -<\/title>\n<meta name=\"robots\" content=\"index, follow, max-snippet:-1, max-image-preview:large, max-video-preview:-1\" \/>\n<link rel=\"canonical\" href=\"https:\/\/kibrisdakik.com\/?p=15638\" \/>\n<meta property=\"og:locale\" content=\"tr_TR\" \/>\n<meta property=\"og:type\" content=\"article\" \/>\n<meta property=\"og:title\" content=\"Aliyev: \u0130nsani, k\u00fclt\u00fcrel, e\u011fitim ve spor alanlarda i\u015fbirli\u011fimiz geni\u015fletilecek -\" \/>\n<meta property=\"og:description\" content=\"Cumhurba\u015fkan\u0131 Ersin Tatar, Bak\u00fc\u2019deki resmi temaslar\u0131 kapsam\u0131nda Azerbaycan Cumhurba\u015fkan\u0131 \u0130lham Aliyev ile Zu\u011fulba \u0130kametgah\u0131ndaki makam\u0131nda g\u00f6r\u00fc\u015ft\u00fc. Azerbaycan Cumhuriyeti Cumhurba\u015fkanl\u0131\u011f\u0131 resmi web sayfas\u0131nda ziyaretle ilgili yer alan haberde ikilinin toplant\u0131da, turizm, bilim, e\u011fitim ve \u00f6\u011frenci de\u011fi\u015fimi alanlar\u0131nda i\u015fbirli\u011fi konular\u0131 da ele al\u0131nd\u0131\u011f\u0131 belirtildi. Azerbaycan Ba\u015fkanl\u0131k Saray\u0131\u2019ndan yap\u0131lan resmi a\u00e7\u0131klamaya g\u00f6re, Cumhurba\u015fkan\u0131 \u0130lham Aliyev, g\u00f6r\u00fc\u015fme ile ilgili\" \/>\n<meta property=\"og:url\" content=\"https:\/\/kibrisdakik.com\/?p=15638\" \/>\n<meta property=\"article:published_time\" content=\"2023-10-14T20:02:27+00:00\" \/>\n<meta property=\"og:image\" content=\"https:\/\/kibrisdakik.com\/wp-content\/uploads\/2023\/10\/tatar-aliyev-3333-740x420.jpg\" \/>\n\t<meta property=\"og:image:width\" content=\"1024\" \/>\n\t<meta property=\"og:image:height\" content=\"683\" \/>\n\t<meta property=\"og:image:type\" content=\"image\/jpeg\" \/>\n<meta name=\"author\" content=\"admin\" \/>\n<meta name=\"twitter:card\" content=\"summary_large_image\" \/>\n<meta name=\"twitter:label1\" content=\"Yazan:\" \/>\n\t<meta name=\"twitter:data1\" content=\"admin\" \/>\n\t<meta name=\"twitter:label2\" content=\"Tahmini okuma s\u00fcresi\" \/>\n\t<meta name=\"twitter:data2\" content=\"2 dakika\" \/>\n<script type=\"application\/ld+json\" class=\"yoast-schema-graph\">{\"@context\":\"https:\\\/\\\/schema.org\",\"@graph\":[{\"@type\":\"Article\",\"@id\":\"https:\\\/\\\/kibrisdakik.com\\\/?p=15638#article\",\"isPartOf\":{\"@id\":\"https:\\\/\\\/kibrisdakik.com\\\/?p=15638\"},\"author\":{\"name\":\"admin\",\"@id\":\"https:\\\/\\\/kibrisdakik.com\\\/#\\\/schema\\\/person\\\/9cd9d437bbb44f72b73ba127e06d8e79\"},\"headline\":\"Aliyev: \u0130nsani, k\u00fclt\u00fcrel, e\u011fitim ve spor alanlarda i\u015fbirli\u011fimiz geni\u015fletilecek\",\"datePublished\":\"2023-10-14T20:02:27+00:00\",\"mainEntityOfPage\":{\"@id\":\"https:\\\/\\\/kibrisdakik.com\\\/?p=15638\"},\"wordCount\":322,\"commentCount\":0,\"image\":{\"@id\":\"https:\\\/\\\/kibrisdakik.com\\\/?p=15638#primaryimage\"},\"thumbnailUrl\":\"https:\\\/\\\/kibrisdakik.com\\\/wp-content\\\/uploads\\\/2023\\\/10\\\/tatar-aliyev-3333-740x420.jpg\",\"articleSection\":[\"G\u00fcndem\"],\"inLanguage\":\"tr\",\"potentialAction\":[{\"@type\":\"CommentAction\",\"name\":\"Comment\",\"target\":[\"https:\\\/\\\/kibrisdakik.com\\\/?p=15638#respond\"]}]},{\"@type\":\"WebPage\",\"@id\":\"https:\\\/\\\/kibrisdakik.com\\\/?p=15638\",\"url\":\"https:\\\/\\\/kibrisdakik.com\\\/?p=15638\",\"name\":\"Aliyev: \u0130nsani, k\u00fclt\u00fcrel, e\u011fitim ve spor alanlarda i\u015fbirli\u011fimiz geni\u015fletilecek -\",\"isPartOf\":{\"@id\":\"https:\\\/\\\/kibrisdakik.com\\\/#website\"},\"primaryImageOfPage\":{\"@id\":\"https:\\\/\\\/kibrisdakik.com\\\/?p=15638#primaryimage\"},\"image\":{\"@id\":\"https:\\\/\\\/kibrisdakik.com\\\/?p=15638#primaryimage\"},\"thumbnailUrl\":\"https:\\\/\\\/kibrisdakik.com\\\/wp-content\\\/uploads\\\/2023\\\/10\\\/tatar-aliyev-3333-740x420.jpg\",\"datePublished\":\"2023-10-14T20:02:27+00:00\",\"author\":{\"@id\":\"https:\\\/\\\/kibrisdakik.com\\\/#\\\/schema\\\/person\\\/9cd9d437bbb44f72b73ba127e06d8e79\"},\"breadcrumb\":{\"@id\":\"https:\\\/\\\/kibrisdakik.com\\\/?p=15638#breadcrumb\"},\"inLanguage\":\"tr\",\"potentialAction\":[{\"@type\":\"ReadAction\",\"target\":[\"https:\\\/\\\/kibrisdakik.com\\\/?p=15638\"]}]},{\"@type\":\"ImageObject\",\"inLanguage\":\"tr\",\"@id\":\"https:\\\/\\\/kibrisdakik.com\\\/?p=15638#primaryimage\",\"url\":\"https:\\\/\\\/kibrisdakik.com\\\/wp-content\\\/uploads\\\/2023\\\/10\\\/tatar-aliyev-3333-740x420.jpg\",\"contentUrl\":\"https:\\\/\\\/kibrisdakik.com\\\/wp-content\\\/uploads\\\/2023\\\/10\\\/tatar-aliyev-3333-740x420.jpg\",\"width\":1024,\"height\":683},{\"@type\":\"BreadcrumbList\",\"@id\":\"https:\\\/\\\/kibrisdakik.com\\\/?p=15638#breadcrumb\",\"itemListElement\":[{\"@type\":\"ListItem\",\"position\":1,\"name\":\"Home\",\"item\":\"https:\\\/\\\/kibrisdakik.com\\\/\"},{\"@type\":\"ListItem\",\"position\":2,\"name\":\"Aliyev: \u0130nsani, k\u00fclt\u00fcrel, e\u011fitim ve spor alanlarda i\u015fbirli\u011fimiz geni\u015fletilecek\"}]},{\"@type\":\"WebSite\",\"@id\":\"https:\\\/\\\/kibrisdakik.com\\\/#website\",\"url\":\"https:\\\/\\\/kibrisdakik.com\\\/\",\"name\":\"\",\"description\":\"Tam vaktinde haber\",\"potentialAction\":[{\"@type\":\"SearchAction\",\"target\":{\"@type\":\"EntryPoint\",\"urlTemplate\":\"https:\\\/\\\/kibrisdakik.com\\\/?s={search_term_string}\"},\"query-input\":{\"@type\":\"PropertyValueSpecification\",\"valueRequired\":true,\"valueName\":\"search_term_string\"}}],\"inLanguage\":\"tr\"},{\"@type\":\"Person\",\"@id\":\"https:\\\/\\\/kibrisdakik.com\\\/#\\\/schema\\\/person\\\/9cd9d437bbb44f72b73ba127e06d8e79\",\"name\":\"admin\",\"image\":{\"@type\":\"ImageObject\",\"inLanguage\":\"tr\",\"@id\":\"https:\\\/\\\/secure.gravatar.com\\\/avatar\\\/ccc17943b9d660506c869530f897617f7cb1c21a4bf30023f252596d83e1f007?s=96&d=mm&r=g\",\"url\":\"https:\\\/\\\/secure.gravatar.com\\\/avatar\\\/ccc17943b9d660506c869530f897617f7cb1c21a4bf30023f252596d83e1f007?s=96&d=mm&r=g\",\"contentUrl\":\"https:\\\/\\\/secure.gravatar.com\\\/avatar\\\/ccc17943b9d660506c869530f897617f7cb1c21a4bf30023f252596d83e1f007?s=96&d=mm&r=g\",\"caption\":\"admin\"},\"sameAs\":[\"https:\\\/\\\/kibrisdakik.com\"],\"url\":\"https:\\\/\\\/kibrisdakik.com\\\/?author=1\"}]}<\/script>\n<!-- \/ Yoast SEO plugin. -->","yoast_head_json":{"title":"Aliyev: \u0130nsani, k\u00fclt\u00fcrel, e\u011fitim ve spor alanlarda i\u015fbirli\u011fimiz geni\u015fletilecek -","robots":{"index":"index","follow":"follow","max-snippet":"max-snippet:-1","max-image-preview":"max-image-preview:large","max-video-preview":"max-video-preview:-1"},"canonical":"https:\/\/kibrisdakik.com\/?p=15638","og_locale":"tr_TR","og_type":"article","og_title":"Aliyev: \u0130nsani, k\u00fclt\u00fcrel, e\u011fitim ve spor alanlarda i\u015fbirli\u011fimiz geni\u015fletilecek -","og_description":"Cumhurba\u015fkan\u0131 Ersin Tatar, Bak\u00fc\u2019deki resmi temaslar\u0131 kapsam\u0131nda Azerbaycan Cumhurba\u015fkan\u0131 \u0130lham Aliyev ile Zu\u011fulba \u0130kametgah\u0131ndaki makam\u0131nda g\u00f6r\u00fc\u015ft\u00fc. Azerbaycan Cumhuriyeti Cumhurba\u015fkanl\u0131\u011f\u0131 resmi web sayfas\u0131nda ziyaretle ilgili yer alan haberde ikilinin toplant\u0131da, turizm, bilim, e\u011fitim ve \u00f6\u011frenci de\u011fi\u015fimi alanlar\u0131nda i\u015fbirli\u011fi konular\u0131 da ele al\u0131nd\u0131\u011f\u0131 belirtildi. Azerbaycan Ba\u015fkanl\u0131k Saray\u0131\u2019ndan yap\u0131lan resmi a\u00e7\u0131klamaya g\u00f6re, Cumhurba\u015fkan\u0131 \u0130lham Aliyev, g\u00f6r\u00fc\u015fme ile ilgili","og_url":"https:\/\/kibrisdakik.com\/?p=15638","article_published_time":"2023-10-14T20:02:27+00:00","og_image":[{"width":1024,"height":683,"url":"https:\/\/kibrisdakik.com\/wp-content\/uploads\/2023\/10\/tatar-aliyev-3333-740x420.jpg","type":"image\/jpeg"}],"author":"admin","twitter_card":"summary_large_image","twitter_misc":{"Yazan:":"admin","Tahmini okuma s\u00fcresi":"2 dakika"},"schema":{"@context":"https:\/\/schema.org","@graph":[{"@type":"Article","@id":"https:\/\/kibrisdakik.com\/?p=15638#article","isPartOf":{"@id":"https:\/\/kibrisdakik.com\/?p=15638"},"author":{"name":"admin","@id":"https:\/\/kibrisdakik.com\/#\/schema\/person\/9cd9d437bbb44f72b73ba127e06d8e79"},"headline":"Aliyev: \u0130nsani, k\u00fclt\u00fcrel, e\u011fitim ve spor alanlarda i\u015fbirli\u011fimiz geni\u015fletilecek","datePublished":"2023-10-14T20:02:27+00:00","mainEntityOfPage":{"@id":"https:\/\/kibrisdakik.com\/?p=15638"},"wordCount":322,"commentCount":0,"image":{"@id":"https:\/\/kibrisdakik.com\/?p=15638#primaryimage"},"thumbnailUrl":"https:\/\/kibrisdakik.com\/wp-content\/uploads\/2023\/10\/tatar-aliyev-3333-740x420.jpg","articleSection":["G\u00fcndem"],"inLanguage":"tr","potentialAction":[{"@type":"CommentAction","name":"Comment","target":["https:\/\/kibrisdakik.com\/?p=15638#respond"]}]},{"@type":"WebPage","@id":"https:\/\/kibrisdakik.com\/?p=15638","url":"https:\/\/kibrisdakik.com\/?p=15638","name":"Aliyev: \u0130nsani, k\u00fclt\u00fcrel, e\u011fitim ve spor alanlarda i\u015fbirli\u011fimiz geni\u015fletilecek -","isPartOf":{"@id":"https:\/\/kibrisdakik.com\/#website"},"primaryImageOfPage":{"@id":"https:\/\/kibrisdakik.com\/?p=15638#primaryimage"},"image":{"@id":"https:\/\/kibrisdakik.com\/?p=15638#primaryimage"},"thumbnailUrl":"https:\/\/kibrisdakik.com\/wp-content\/uploads\/2023\/10\/tatar-aliyev-3333-740x420.jpg","datePublished":"2023-10-14T20:02:27+00:00","author":{"@id":"https:\/\/kibrisdakik.com\/#\/schema\/person\/9cd9d437bbb44f72b73ba127e06d8e79"},"breadcrumb":{"@id":"https:\/\/kibrisdakik.com\/?p=15638#breadcrumb"},"inLanguage":"tr","potentialAction":[{"@type":"ReadAction","target":["https:\/\/kibrisdakik.com\/?p=15638"]}]},{"@type":"ImageObject","inLanguage":"tr","@id":"https:\/\/kibrisdakik.com\/?p=15638#primaryimage","url":"https:\/\/kibrisdakik.com\/wp-content\/uploads\/2023\/10\/tatar-aliyev-3333-740x420.jpg","contentUrl":"https:\/\/kibrisdakik.com\/wp-content\/uploads\/2023\/10\/tatar-aliyev-3333-740x420.jpg","width":1024,"height":683},{"@type":"BreadcrumbList","@id":"https:\/\/kibrisdakik.com\/?p=15638#breadcrumb","itemListElement":[{"@type":"ListItem","position":1,"name":"Home","item":"https:\/\/kibrisdakik.com\/"},{"@type":"ListItem","position":2,"name":"Aliyev: \u0130nsani, k\u00fclt\u00fcrel, e\u011fitim ve spor alanlarda i\u015fbirli\u011fimiz geni\u015fletilecek"}]},{"@type":"WebSite","@id":"https:\/\/kibrisdakik.com\/#website","url":"https:\/\/kibrisdakik.com\/","name":"","description":"Tam vaktinde haber","potentialAction":[{"@type":"SearchAction","target":{"@type":"EntryPoint","urlTemplate":"https:\/\/kibrisdakik.com\/?s={search_term_string}"},"query-input":{"@type":"PropertyValueSpecification","valueRequired":true,"valueName":"search_term_string"}}],"inLanguage":"tr"},{"@type":"Person","@id":"https:\/\/kibrisdakik.com\/#\/schema\/person\/9cd9d437bbb44f72b73ba127e06d8e79","name":"admin","image":{"@type":"ImageObject","inLanguage":"tr","@id":"https:\/\/secure.gravatar.com\/avatar\/ccc17943b9d660506c869530f897617f7cb1c21a4bf30023f252596d83e1f007?s=96&d=mm&r=g","url":"https:\/\/secure.gravatar.com\/avatar\/ccc17943b9d660506c869530f897617f7cb1c21a4bf30023f252596d83e1f007?s=96&d=mm&r=g","contentUrl":"https:\/\/secure.gravatar.com\/avatar\/ccc17943b9d660506c869530f897617f7cb1c21a4bf30023f252596d83e1f007?s=96&d=mm&r=g","caption":"admin"},"sameAs":["https:\/\/kibrisdakik.com"],"url":"https:\/\/kibrisdakik.com\/?author=1"}]}},"_links":{"self":[{"href":"https:\/\/kibrisdakik.com\/index.php?rest_route=\/wp\/v2\/posts\/15638","targetHints":{"allow":["GET"]}}],"collection":[{"href":"https:\/\/kibrisdakik.com\/index.php?rest_route=\/wp\/v2\/posts"}],"about":[{"href":"https:\/\/kibrisdakik.com\/index.php?rest_route=\/wp\/v2\/types\/post"}],"author":[{"embeddable":true,"href":"https:\/\/kibrisdakik.com\/index.php?rest_route=\/wp\/v2\/users\/1"}],"replies":[{"embeddable":true,"href":"https:\/\/kibrisdakik.com\/index.php?rest_route=%2Fwp%2Fv2%2Fcomments&post=15638"}],"version-history":[{"count":0,"href":"https:\/\/kibrisdakik.com\/index.php?rest_route=\/wp\/v2\/posts\/15638\/revisions"}],"wp:featuredmedia":[{"embeddable":true,"href":"https:\/\/kibrisdakik.com\/index.php?rest_route=\/wp\/v2\/media\/15639"}],"wp:attachment":[{"href":"https:\/\/kibrisdakik.com\/index.php?rest_route=%2Fwp%2Fv2%2Fmedia&parent=15638"}],"wp:term":[{"taxonomy":"category","embeddable":true,"href":"https:\/\/kibrisdakik.com\/index.php?rest_route=%2Fwp%2Fv2%2Fcategories&post=15638"},{"taxonomy":"post_tag","embeddable":true,"href":"https:\/\/kibrisdakik.com\/index.php?rest_route=%2Fwp%2Fv2%2Ftags&post=15638"}],"curies":[{"name":"wp","href":"https:\/\/api.w.org\/{rel}","templated":true}]}}