{"id":15646,"date":"2023-10-15T07:18:54","date_gmt":"2023-10-15T07:18:54","guid":{"rendered":"https:\/\/kibrisdakik.com\/index.php\/2023\/10\/15\/ataogluazerbaycan-ile-olan-kardeslik-iliskilerimizi-turksoya-uye-diger-ulkelerle-de-gelistirecegiz\/"},"modified":"2023-10-15T07:18:54","modified_gmt":"2023-10-15T07:18:54","slug":"ataogluazerbaycan-ile-olan-kardeslik-iliskilerimizi-turksoya-uye-diger-ulkelerle-de-gelistirecegiz","status":"publish","type":"post","link":"https:\/\/kibrisdakik.com\/?p=15646","title":{"rendered":"Atao\u011flu:Azerbaycan ile olan karde\u015flik ili\u015fkilerimizi  T\u00dcRKSOY\u2019a \u00fcye di\u011fer \u00fclkelerle de geli\u015ftirece\u011fiz"},"content":{"rendered":"<p><\/p>\n<div>\n<div class=\"mariselle-image-container center\">\n                <img width=\"1080\" height=\"643\" class=\"lazy-image\" alt=\"\" decoding=\"async\" loading=\"lazy\" sizes=\"auto, (max-width: 1080px) 100vw, 1080px\" src=\"https:\/\/brtk.net\/wp-content\/uploads\/2023\/10\/15\/FB_IMG_1697353763342.jpg?ver=c362846a8d078c4a687669210e4eb434\" srcset=\"https:\/\/brtk.net\/wp-content\/uploads\/2023\/10\/15\/FB_IMG_1697353763342.jpg?ver=c362846a8d078c4a687669210e4eb434 1080w, https:\/\/brtk.net\/wp-content\/uploads\/2023\/10\/15\/FB_IMG_1697353763342-300x179.jpg?ver=c362846a8d078c4a687669210e4eb434 300w, https:\/\/brtk.net\/wp-content\/uploads\/2023\/10\/15\/FB_IMG_1697353763342-1024x610.jpg?ver=4dabf4e3310523449e753aa577c25b50 1024w, https:\/\/brtk.net\/wp-content\/uploads\/2023\/10\/15\/FB_IMG_1697353763342-768x457.jpg?ver=4dabf4e3310523449e753aa577c25b50 768w\"\/>                            <\/div>\n<p>T\u00dcRKSOY K\u00fclt\u00fcr Bakanlar\u0131 Daimi Konseyi\u2019nin 40\u2019\u0131nc\u0131 d\u00f6nem toplant\u0131s\u0131 13-14 Ekim tarihlerinde Azerbaycan\u2019\u0131n \u015eu\u015fa kentinde ger\u00e7ekle\u015ftirildi.<\/p>\n<p>Toplant\u0131 Azerbaycan K\u00fclt\u00fcr Bakanl\u0131\u011f\u0131 ve T\u00dcRKSOY taraf\u0131ndan ortakla\u015fa d\u00fczenlenen toplant\u0131ya, Ba\u015fbakan Yard\u0131mc\u0131s\u0131 Turizm K\u00fclt\u00fcr Gen\u00e7lik ve \u00c7evre Bakan\u0131 Fikri Atao\u011flu da kat\u0131ld\u0131. Toplant\u0131da Atao\u011flu\u2019na K\u00fclt\u00fcr Dairesi personeli Pervin Aremek A\u015f\u0131ko\u011flu ile Rukiye Kaymak e\u015flik etti.<\/p>\n<p>\u00dcst d\u00fczey kat\u0131l\u0131mla ger\u00e7ekle\u015fen toplant\u0131ya Azerbaycan Cumhuriyeti Cumhurba\u015fkan\u0131 \u00f6zel temsilcisi Ayd\u0131n Kerimov, Azerbaycan K\u00fclt\u00fcr Bakan\u0131 Adil Kerimli, T\u00fcrkmenistan K\u00fclt\u00fcr Bakan\u0131 Atageldi \u015eAMURADOV, T\u00dcRKSOY Genel Sekreteri Sultan Raev, T\u00fcrk Devletleri Te\u015fkilat\u0131 Genel Sekreteri Kubani\u00e7bek \u00d6m\u00fcraliyev, Kazakistan Cumhuriyeti K\u00fclt\u00fcr ve Enformasyon Bakanl\u0131\u011f\u0131 K\u00fclt\u00fcr Komitesi Ba\u015fkan\u0131 Kumis SE\u0130TOVA, K\u0131rg\u0131z Cumhuriyeti K\u00fclt\u00fcr, Enformasyon, Spor ve Gen\u00e7lik Politikas\u0131 Birinci Bakan Yard\u0131mc\u0131s\u0131 Kayrat \u0130manaliyev, \u00d6zbekistan K\u00fclt\u00fcr Bakan Birinci Yard\u0131mc\u0131s\u0131 Bahodir Akhmedov, T\u00fcrkiye K\u00fclt\u00fcr ve Turizm Bakan Yard\u0131mc\u0131s\u0131 Serdar \u00c7am, T\u00fcrk Dili Konu\u015fan \u00dclkeler Parlamenter Asamblesi (TURKPA) Genel Sekreteri Mehmet S\u00fcreyya Er, Uluslararas\u0131 T\u00fcrk\u00e7e Akademisi Ba\u015fkan\u0131 Shahin Mustafayev kat\u0131ld\u0131.<\/p>\n<p>Toplant\u0131da konu\u015fan Azerbaycan K\u00fclt\u00fcr Bakan\u0131 Adil Kerimli, toplant\u0131n\u0131n T\u00fcrk d\u00fcnyas\u0131n\u0131n birlikteli\u011fi a\u00e7\u0131s\u0131ndan \u00f6nemine de\u011finerek, toplant\u0131ya katk\u0131 koyan \u00fclkelere te\u015fekk\u00fcr etti.<\/p>\n<p>T\u00dcRKSOY Genel Sekreteri Sultan Raev, bu y\u0131lki toplant\u0131n\u0131n \u00f6nemli bir y\u0131la denk geldi\u011fini s\u00f6yledi. Bu y\u0131l\u0131n Ulu \u00d6nder Haydar Aliyev\u2019in do\u011fumunun 100\u2019\u00fcnc\u00fc, T\u00fcrkiye Cumhuriyeti\u2019nin kurulu\u015funun 100\u2019\u00fcnc\u00fc ve T\u00dcRKSOY\u2019un 30\u2019uncu kurulu\u015f y\u0131l d\u00f6n\u00fcm\u00fc oldu\u011funu s\u00f6yledi.<\/p>\n<p>Toplant\u0131da al\u0131nacak kararlar aras\u0131nda 2025 y\u0131l\u0131nda Gazima\u011fusa \u015fehrinin  K\u00fclt\u00fcr Ba\u015fkenti olma y\u00f6n\u00fcndeki talebimizin 2025 y\u0131l\u0131ndan sonraki y\u0131llarda olmas\u0131 y\u00f6n\u00fcnde \u00fclkelerin fikir birli\u011fine varmas\u0131 ile olumlu sonu\u00e7lanm\u0131\u015f oldu. <\/p>\n<div class=\"mariselle-image-container center\">\n                <img width=\"1080\" height=\"812\" class=\"lazy-image\" alt=\"\" decoding=\"async\" loading=\"lazy\" sizes=\"auto, (max-width: 1080px) 100vw, 1080px\" src=\"https:\/\/brtk.net\/wp-content\/uploads\/2023\/10\/15\/FB_IMG_1697353769018.jpg?ver=36fe801a90b8fd3b802918d36e77b9c4\" srcset=\"https:\/\/brtk.net\/wp-content\/uploads\/2023\/10\/15\/FB_IMG_1697353769018.jpg?ver=36fe801a90b8fd3b802918d36e77b9c4 1080w, https:\/\/brtk.net\/wp-content\/uploads\/2023\/10\/15\/FB_IMG_1697353769018-300x226.jpg?ver=3e1a3062a0b5ff9663ec629959b55905 300w, https:\/\/brtk.net\/wp-content\/uploads\/2023\/10\/15\/FB_IMG_1697353769018-1024x770.jpg?ver=3e1a3062a0b5ff9663ec629959b55905 1024w, https:\/\/brtk.net\/wp-content\/uploads\/2023\/10\/15\/FB_IMG_1697353769018-768x577.jpg?ver=3e1a3062a0b5ff9663ec629959b55905 768w\"\/>                            <\/div>\n<p><strong>Atao\u011flu: \u201cT\u00fcrk d\u00fcnyas\u0131n\u0131n bir par\u00e7as\u0131 olmaktan gurur duyuyoruz\u201d<\/strong><\/p>\n<p>Ba\u015fbakan Yard\u0131mc\u0131s\u0131, Turizm, K\u00fclt\u00fcr, Gen\u00e7lik ve \u00c7evre Bakan\u0131 Fikri Atao\u011flu, toplant\u0131da yapt\u0131\u011f\u0131 konu\u015fmada T\u00dcRKSOY\u2019un T\u00fcrk d\u00fcnyas\u0131n\u0131n k\u00fclt\u00fcr birli\u011fi misyonunu takdir ederek, Kuzey K\u0131br\u0131s T\u00fcrk Cumhuriyeti\u2019nin T\u00fcrk d\u00fcnyas\u0131n\u0131n bir par\u00e7as\u0131 olmas\u0131ndan dolay\u0131 gurur duyduklar\u0131n\u0131 s\u00f6yledi. <\/p>\n<p>Atao\u011flu konu\u015fmas\u0131n\u0131 \u015f\u00f6yle s\u00fcrd\u00fcrd\u00fc:<\/p>\n<p>\u201cT\u00fcrk D\u00fcnyas\u0131 2040 Vizyonu ile \u00fcye \u00fclkeler olarak, T\u00dcRKSOY\u2019u daha fark\u0131nda, daha sorumlu, daha verimli ve daha g\u00fc\u00e7l\u00fc bir te\u015fkilata d\u00f6n\u00fc\u015ft\u00fcrmeyi hedefleyerek te\u015fkilat \u00fcyelerinin de birbiri ile olan kurumsal i\u015f birli\u011fini derinle\u015ftirmeyi ama\u00e7l\u0131yoruz.T\u00dcRKSOY 2040 Vizyonu \u00e7al\u0131\u015fmas\u0131n\u0131 inceledi\u011fimde. T\u00dcRKSOY\u2019un bu \u00e7al\u0131\u015fmay\u0131 T\u00fcrk Devletleri Liderleri taraf\u0131ndan kabul edilen \u201cT\u00fcrk D\u00fcnyas\u0131 2040\u201d vizyonunu destekler nitelikte haz\u0131rlad\u0131\u011f\u0131n\u0131 g\u00f6r\u00fcyorum. Yap\u0131lan bu \u00e7al\u0131\u015fmalar\u0131n T\u00dcRKSOY\u2019un kurumsal olarak da geli\u015fimine ve hitap etti\u011fi kitlenin de geni\u015flemesine imkan sa\u011flayacak olumlu geli\u015fmelere f\u0131rsat yarataca\u011f\u0131n\u0131 g\u00f6zlemledim. Bu durum da bizleri memnun etmi\u015ftir.<\/p>\n<p>Ambargolar alt\u0131nda ya\u015famaya \u00e7al\u0131\u015fan K\u0131br\u0131s T\u00fcrk halk\u0131n\u0131n  T\u00fcrk d\u00fcnyas\u0131 ile \u00e7ok daha s\u0131k ve \u00e7ok daha geni\u015f platformlarda bulu\u015fmas\u0131na imkan sa\u011flayacak projelerin olmas\u0131 bizler i\u00e7in olduk\u00e7a \u00f6nem arz etmektedir.<\/p>\n<p>Bu y\u0131l d\u00fczenlenen organizasyonlarda Karde\u015f Azerbaycan\u2019\u0131n bizleri \u00e7ok g\u00fczel kar\u015f\u0131lad\u0131\u011f\u0131n\u0131 ifade etmek isterim. Azerbaycan ile \u00fclke olarak ili\u015fkilerimiz her ge\u00e7en g\u00fcn g\u00fc\u00e7leniyor. Bu karde\u015flik ba\u011flar\u0131n\u0131 di\u011fer T\u00fcrki Cumhuriyetler ile de geli\u015ftirmeyi arzuluyoruz.<\/p>\n<p>T\u00dcRKSOY 2040 Vizyonu ile T\u00dcRKSOY\u2019un daha g\u00fc\u00e7l\u00fc bir te\u015fkilata d\u00f6n\u00fc\u015ft\u00fcr\u00fclmesiyle, T\u00fcrk k\u00fclt\u00fcr\u00fc etraf\u0131nda birle\u015fen T\u00fcrk d\u00fcnyas\u0131n\u0131n, k\u00fclt\u00fcr\u00fc ve sanat\u0131yla uluslararas\u0131 arenadaki varl\u0131\u011f\u0131n\u0131n da g\u00fc\u00e7lenece\u011fine ve sesimizin daha g\u00fc\u00e7l\u00fc duyulaca\u011f\u0131na inanc\u0131m tamd\u0131r.<\/p>\n<p>Kuzey K\u0131br\u0131s T\u00fcrk Cumhuriyeti olarak bizler de T\u00fcrk  d\u00fcnyas\u0131n\u0131n Akdeniz\u2019deki bir uzant\u0131s\u0131y\u0131z. Bu ba\u011flamda T\u00fcrk d\u00fcnyas\u0131n\u0131n bir par\u00e7as\u0131 olmaktan gurur duydu\u011fumuzu belirtir, \u00f6n\u00fcm\u00fczdeki y\u0131lllarda Gazima\u011fusa \u015fehrimizin T\u00fcrk D\u00fcnyas\u0131 k\u00fclt\u00fcr ba\u015fkenti ilan edilmesi y\u00f6n\u00fcnde te\u015fkilat \u00fcyelerinin olumlu yakla\u015f\u0131mlar\u0131n\u0131 alm\u0131\u015f olmaktan da memnuniyet duymaktay\u0131z.<\/p>\n<p><a href=\"https:\/\/brtk.net\/\">KKTC<\/a> devleti olarak T\u00dcRKSOY\u2019un etkinliklerine ev sahipli\u011fi yapmak, T\u00fcrk D\u00fcnyas\u0131n\u0131 evimizde a\u011f\u0131rlamak en b\u00fcy\u00fck arzumuzdur.<br \/>Bizler bu \u00e7at\u0131 alt\u0131nda en de\u011ferli hazinemiz olan k\u00fclt\u00fcrel zenginliklerimizi, payla\u015fmak suretiyle \u00e7o\u011falt\u0131yoruz, zenginle\u015ftiriyoruz ve hep beraber halklar\u0131m\u0131z i\u00e7in \u00e7al\u0131\u015f\u0131yoruz.<\/p>\n<p>K\u00fclt\u00fcr\u00fcm\u00fcz\u00fc koruyarak, gelecek nesillere aktarabilmek i\u00e7in her zaman elimizi ta\u015f\u0131n alt\u0131na koymaya haz\u0131r\u0131z.<\/p>\n<p>Bu d\u00fc\u015f\u00fcnceler \u0131\u015f\u0131\u011f\u0131nda Kuzey K\u0131br\u0131s T\u00fcrk Cumhuriyeti\u2019ne her zaman desteklerini esirgemeyen, T\u00dcRKSOY Genel Sekreteri Say\u0131n Sultan Raev\u2019e ve bizleri burada \u00e7ok g\u00fczel a\u011f\u0131rlayan Azerbaycan K\u00fclt\u00fcr Bakan\u0131 Adil Kerimli\u2019ye ayr\u0131ca te\u015fekk\u00fcr eder, sevgi ve sayg\u0131lar\u0131m\u0131 sunar\u0131m\u201d diye konu\u015ftu.<\/p>\n<p>Ard\u0131ndan T\u00fcrk Dili Konu\u015fan \u00dclkeler Parlamenter Asamblesi (TURKPA) Genel Sekreteri Mehmet S\u00fcreyya Er, Uluslararas\u0131 T\u00fcrk\u00e7e Akademisi Ba\u015fkan\u0131 Shahin Mustafayev ve di\u011ferlerinin konu\u015fmalar\u0131 dinlendi.<\/p>\n<\/p><\/div>\n<p><script async\n                    defer\n                    crossorigin=\"anonymous\"\n                    src=\"https:\/\/connect.facebook.net\/tr_TR\/sdk.js#xfbml=1&#038;version=v3.3\"\n            ><\/script><\/p>\n","protected":false},"excerpt":{"rendered":"<p>T\u00dcRKSOY K\u00fclt\u00fcr Bakanlar\u0131 Daimi Konseyi\u2019nin 40\u2019\u0131nc\u0131 d\u00f6nem toplant\u0131s\u0131 13-14 Ekim tarihlerinde Azerbaycan\u2019\u0131n \u015eu\u015fa kentinde ger\u00e7ekle\u015ftirildi. Toplant\u0131 Azerbaycan K\u00fclt\u00fcr Bakanl\u0131\u011f\u0131 ve T\u00dcRKSOY taraf\u0131ndan ortakla\u015fa d\u00fczenlenen toplant\u0131ya, Ba\u015fbakan Yard\u0131mc\u0131s\u0131 Turizm K\u00fclt\u00fcr Gen\u00e7lik ve \u00c7evre Bakan\u0131 Fikri Atao\u011flu da kat\u0131ld\u0131. Toplant\u0131da Atao\u011flu\u2019na K\u00fclt\u00fcr Dairesi personeli Pervin Aremek A\u015f\u0131ko\u011flu ile Rukiye Kaymak e\u015flik etti. \u00dcst d\u00fczey kat\u0131l\u0131mla ger\u00e7ekle\u015fen toplant\u0131ya<\/p>\n","protected":false},"author":1,"featured_media":15647,"comment_status":"open","ping_status":"open","sticky":false,"template":"","format":"standard","meta":{"footnotes":""},"categories":[1],"tags":[],"class_list":["post-15646","post","type-post","status-publish","format-standard","has-post-thumbnail","hentry","category-gundem"],"yoast_head":"<!-- This site is optimized with the Yoast SEO plugin v27.4 - https:\/\/yoast.com\/product\/yoast-seo-wordpress\/ -->\n<title>Atao\u011flu:Azerbaycan ile olan karde\u015flik ili\u015fkilerimizi T\u00dcRKSOY\u2019a \u00fcye di\u011fer \u00fclkelerle de geli\u015ftirece\u011fiz -<\/title>\n<meta name=\"robots\" content=\"index, follow, max-snippet:-1, max-image-preview:large, max-video-preview:-1\" \/>\n<link rel=\"canonical\" href=\"https:\/\/kibrisdakik.com\/?p=15646\" \/>\n<meta property=\"og:locale\" content=\"tr_TR\" \/>\n<meta property=\"og:type\" content=\"article\" \/>\n<meta property=\"og:title\" content=\"Atao\u011flu:Azerbaycan ile olan karde\u015flik ili\u015fkilerimizi T\u00dcRKSOY\u2019a \u00fcye di\u011fer \u00fclkelerle de geli\u015ftirece\u011fiz -\" \/>\n<meta property=\"og:description\" content=\"T\u00dcRKSOY K\u00fclt\u00fcr Bakanlar\u0131 Daimi Konseyi\u2019nin 40\u2019\u0131nc\u0131 d\u00f6nem toplant\u0131s\u0131 13-14 Ekim tarihlerinde Azerbaycan\u2019\u0131n \u015eu\u015fa kentinde ger\u00e7ekle\u015ftirildi. Toplant\u0131 Azerbaycan K\u00fclt\u00fcr Bakanl\u0131\u011f\u0131 ve T\u00dcRKSOY taraf\u0131ndan ortakla\u015fa d\u00fczenlenen toplant\u0131ya, Ba\u015fbakan Yard\u0131mc\u0131s\u0131 Turizm K\u00fclt\u00fcr Gen\u00e7lik ve \u00c7evre Bakan\u0131 Fikri Atao\u011flu da kat\u0131ld\u0131. Toplant\u0131da Atao\u011flu\u2019na K\u00fclt\u00fcr Dairesi personeli Pervin Aremek A\u015f\u0131ko\u011flu ile Rukiye Kaymak e\u015flik etti. \u00dcst d\u00fczey kat\u0131l\u0131mla ger\u00e7ekle\u015fen toplant\u0131ya\" \/>\n<meta property=\"og:url\" content=\"https:\/\/kibrisdakik.com\/?p=15646\" \/>\n<meta property=\"article:published_time\" content=\"2023-10-15T07:18:54+00:00\" \/>\n<meta property=\"og:image\" content=\"https:\/\/kibrisdakik.com\/wp-content\/uploads\/2023\/10\/FB_IMG_1697353763342-740x420.jpg\" \/>\n\t<meta property=\"og:image:width\" content=\"1080\" \/>\n\t<meta property=\"og:image:height\" content=\"643\" \/>\n\t<meta property=\"og:image:type\" content=\"image\/jpeg\" \/>\n<meta name=\"author\" content=\"admin\" \/>\n<meta name=\"twitter:card\" content=\"summary_large_image\" \/>\n<meta name=\"twitter:label1\" content=\"Yazan:\" \/>\n\t<meta name=\"twitter:data1\" content=\"admin\" \/>\n\t<meta name=\"twitter:label2\" content=\"Tahmini okuma s\u00fcresi\" \/>\n\t<meta name=\"twitter:data2\" content=\"5 dakika\" \/>\n<script type=\"application\/ld+json\" class=\"yoast-schema-graph\">{\"@context\":\"https:\\\/\\\/schema.org\",\"@graph\":[{\"@type\":\"Article\",\"@id\":\"https:\\\/\\\/kibrisdakik.com\\\/?p=15646#article\",\"isPartOf\":{\"@id\":\"https:\\\/\\\/kibrisdakik.com\\\/?p=15646\"},\"author\":{\"name\":\"admin\",\"@id\":\"https:\\\/\\\/kibrisdakik.com\\\/#\\\/schema\\\/person\\\/9cd9d437bbb44f72b73ba127e06d8e79\"},\"headline\":\"Atao\u011flu:Azerbaycan ile olan karde\u015flik ili\u015fkilerimizi T\u00dcRKSOY\u2019a \u00fcye di\u011fer \u00fclkelerle de geli\u015ftirece\u011fiz\",\"datePublished\":\"2023-10-15T07:18:54+00:00\",\"mainEntityOfPage\":{\"@id\":\"https:\\\/\\\/kibrisdakik.com\\\/?p=15646\"},\"wordCount\":981,\"commentCount\":0,\"image\":{\"@id\":\"https:\\\/\\\/kibrisdakik.com\\\/?p=15646#primaryimage\"},\"thumbnailUrl\":\"https:\\\/\\\/kibrisdakik.com\\\/wp-content\\\/uploads\\\/2023\\\/10\\\/FB_IMG_1697353763342-740x420.jpg\",\"articleSection\":[\"G\u00fcndem\"],\"inLanguage\":\"tr\",\"potentialAction\":[{\"@type\":\"CommentAction\",\"name\":\"Comment\",\"target\":[\"https:\\\/\\\/kibrisdakik.com\\\/?p=15646#respond\"]}]},{\"@type\":\"WebPage\",\"@id\":\"https:\\\/\\\/kibrisdakik.com\\\/?p=15646\",\"url\":\"https:\\\/\\\/kibrisdakik.com\\\/?p=15646\",\"name\":\"Atao\u011flu:Azerbaycan ile olan karde\u015flik ili\u015fkilerimizi T\u00dcRKSOY\u2019a \u00fcye di\u011fer \u00fclkelerle de geli\u015ftirece\u011fiz -\",\"isPartOf\":{\"@id\":\"https:\\\/\\\/kibrisdakik.com\\\/#website\"},\"primaryImageOfPage\":{\"@id\":\"https:\\\/\\\/kibrisdakik.com\\\/?p=15646#primaryimage\"},\"image\":{\"@id\":\"https:\\\/\\\/kibrisdakik.com\\\/?p=15646#primaryimage\"},\"thumbnailUrl\":\"https:\\\/\\\/kibrisdakik.com\\\/wp-content\\\/uploads\\\/2023\\\/10\\\/FB_IMG_1697353763342-740x420.jpg\",\"datePublished\":\"2023-10-15T07:18:54+00:00\",\"author\":{\"@id\":\"https:\\\/\\\/kibrisdakik.com\\\/#\\\/schema\\\/person\\\/9cd9d437bbb44f72b73ba127e06d8e79\"},\"breadcrumb\":{\"@id\":\"https:\\\/\\\/kibrisdakik.com\\\/?p=15646#breadcrumb\"},\"inLanguage\":\"tr\",\"potentialAction\":[{\"@type\":\"ReadAction\",\"target\":[\"https:\\\/\\\/kibrisdakik.com\\\/?p=15646\"]}]},{\"@type\":\"ImageObject\",\"inLanguage\":\"tr\",\"@id\":\"https:\\\/\\\/kibrisdakik.com\\\/?p=15646#primaryimage\",\"url\":\"https:\\\/\\\/kibrisdakik.com\\\/wp-content\\\/uploads\\\/2023\\\/10\\\/FB_IMG_1697353763342-740x420.jpg\",\"contentUrl\":\"https:\\\/\\\/kibrisdakik.com\\\/wp-content\\\/uploads\\\/2023\\\/10\\\/FB_IMG_1697353763342-740x420.jpg\",\"width\":1080,\"height\":643},{\"@type\":\"BreadcrumbList\",\"@id\":\"https:\\\/\\\/kibrisdakik.com\\\/?p=15646#breadcrumb\",\"itemListElement\":[{\"@type\":\"ListItem\",\"position\":1,\"name\":\"Home\",\"item\":\"https:\\\/\\\/kibrisdakik.com\\\/\"},{\"@type\":\"ListItem\",\"position\":2,\"name\":\"Atao\u011flu:Azerbaycan ile olan karde\u015flik ili\u015fkilerimizi T\u00dcRKSOY\u2019a \u00fcye di\u011fer \u00fclkelerle de geli\u015ftirece\u011fiz\"}]},{\"@type\":\"WebSite\",\"@id\":\"https:\\\/\\\/kibrisdakik.com\\\/#website\",\"url\":\"https:\\\/\\\/kibrisdakik.com\\\/\",\"name\":\"\",\"description\":\"Tam vaktinde haber\",\"potentialAction\":[{\"@type\":\"SearchAction\",\"target\":{\"@type\":\"EntryPoint\",\"urlTemplate\":\"https:\\\/\\\/kibrisdakik.com\\\/?s={search_term_string}\"},\"query-input\":{\"@type\":\"PropertyValueSpecification\",\"valueRequired\":true,\"valueName\":\"search_term_string\"}}],\"inLanguage\":\"tr\"},{\"@type\":\"Person\",\"@id\":\"https:\\\/\\\/kibrisdakik.com\\\/#\\\/schema\\\/person\\\/9cd9d437bbb44f72b73ba127e06d8e79\",\"name\":\"admin\",\"image\":{\"@type\":\"ImageObject\",\"inLanguage\":\"tr\",\"@id\":\"https:\\\/\\\/secure.gravatar.com\\\/avatar\\\/ccc17943b9d660506c869530f897617f7cb1c21a4bf30023f252596d83e1f007?s=96&d=mm&r=g\",\"url\":\"https:\\\/\\\/secure.gravatar.com\\\/avatar\\\/ccc17943b9d660506c869530f897617f7cb1c21a4bf30023f252596d83e1f007?s=96&d=mm&r=g\",\"contentUrl\":\"https:\\\/\\\/secure.gravatar.com\\\/avatar\\\/ccc17943b9d660506c869530f897617f7cb1c21a4bf30023f252596d83e1f007?s=96&d=mm&r=g\",\"caption\":\"admin\"},\"sameAs\":[\"https:\\\/\\\/kibrisdakik.com\"],\"url\":\"https:\\\/\\\/kibrisdakik.com\\\/?author=1\"}]}<\/script>\n<!-- \/ Yoast SEO plugin. -->","yoast_head_json":{"title":"Atao\u011flu:Azerbaycan ile olan karde\u015flik ili\u015fkilerimizi T\u00dcRKSOY\u2019a \u00fcye di\u011fer \u00fclkelerle de geli\u015ftirece\u011fiz -","robots":{"index":"index","follow":"follow","max-snippet":"max-snippet:-1","max-image-preview":"max-image-preview:large","max-video-preview":"max-video-preview:-1"},"canonical":"https:\/\/kibrisdakik.com\/?p=15646","og_locale":"tr_TR","og_type":"article","og_title":"Atao\u011flu:Azerbaycan ile olan karde\u015flik ili\u015fkilerimizi T\u00dcRKSOY\u2019a \u00fcye di\u011fer \u00fclkelerle de geli\u015ftirece\u011fiz -","og_description":"T\u00dcRKSOY K\u00fclt\u00fcr Bakanlar\u0131 Daimi Konseyi\u2019nin 40\u2019\u0131nc\u0131 d\u00f6nem toplant\u0131s\u0131 13-14 Ekim tarihlerinde Azerbaycan\u2019\u0131n \u015eu\u015fa kentinde ger\u00e7ekle\u015ftirildi. Toplant\u0131 Azerbaycan K\u00fclt\u00fcr Bakanl\u0131\u011f\u0131 ve T\u00dcRKSOY taraf\u0131ndan ortakla\u015fa d\u00fczenlenen toplant\u0131ya, Ba\u015fbakan Yard\u0131mc\u0131s\u0131 Turizm K\u00fclt\u00fcr Gen\u00e7lik ve \u00c7evre Bakan\u0131 Fikri Atao\u011flu da kat\u0131ld\u0131. Toplant\u0131da Atao\u011flu\u2019na K\u00fclt\u00fcr Dairesi personeli Pervin Aremek A\u015f\u0131ko\u011flu ile Rukiye Kaymak e\u015flik etti. \u00dcst d\u00fczey kat\u0131l\u0131mla ger\u00e7ekle\u015fen toplant\u0131ya","og_url":"https:\/\/kibrisdakik.com\/?p=15646","article_published_time":"2023-10-15T07:18:54+00:00","og_image":[{"width":1080,"height":643,"url":"https:\/\/kibrisdakik.com\/wp-content\/uploads\/2023\/10\/FB_IMG_1697353763342-740x420.jpg","type":"image\/jpeg"}],"author":"admin","twitter_card":"summary_large_image","twitter_misc":{"Yazan:":"admin","Tahmini okuma s\u00fcresi":"5 dakika"},"schema":{"@context":"https:\/\/schema.org","@graph":[{"@type":"Article","@id":"https:\/\/kibrisdakik.com\/?p=15646#article","isPartOf":{"@id":"https:\/\/kibrisdakik.com\/?p=15646"},"author":{"name":"admin","@id":"https:\/\/kibrisdakik.com\/#\/schema\/person\/9cd9d437bbb44f72b73ba127e06d8e79"},"headline":"Atao\u011flu:Azerbaycan ile olan karde\u015flik ili\u015fkilerimizi T\u00dcRKSOY\u2019a \u00fcye di\u011fer \u00fclkelerle de geli\u015ftirece\u011fiz","datePublished":"2023-10-15T07:18:54+00:00","mainEntityOfPage":{"@id":"https:\/\/kibrisdakik.com\/?p=15646"},"wordCount":981,"commentCount":0,"image":{"@id":"https:\/\/kibrisdakik.com\/?p=15646#primaryimage"},"thumbnailUrl":"https:\/\/kibrisdakik.com\/wp-content\/uploads\/2023\/10\/FB_IMG_1697353763342-740x420.jpg","articleSection":["G\u00fcndem"],"inLanguage":"tr","potentialAction":[{"@type":"CommentAction","name":"Comment","target":["https:\/\/kibrisdakik.com\/?p=15646#respond"]}]},{"@type":"WebPage","@id":"https:\/\/kibrisdakik.com\/?p=15646","url":"https:\/\/kibrisdakik.com\/?p=15646","name":"Atao\u011flu:Azerbaycan ile olan karde\u015flik ili\u015fkilerimizi T\u00dcRKSOY\u2019a \u00fcye di\u011fer \u00fclkelerle de geli\u015ftirece\u011fiz -","isPartOf":{"@id":"https:\/\/kibrisdakik.com\/#website"},"primaryImageOfPage":{"@id":"https:\/\/kibrisdakik.com\/?p=15646#primaryimage"},"image":{"@id":"https:\/\/kibrisdakik.com\/?p=15646#primaryimage"},"thumbnailUrl":"https:\/\/kibrisdakik.com\/wp-content\/uploads\/2023\/10\/FB_IMG_1697353763342-740x420.jpg","datePublished":"2023-10-15T07:18:54+00:00","author":{"@id":"https:\/\/kibrisdakik.com\/#\/schema\/person\/9cd9d437bbb44f72b73ba127e06d8e79"},"breadcrumb":{"@id":"https:\/\/kibrisdakik.com\/?p=15646#breadcrumb"},"inLanguage":"tr","potentialAction":[{"@type":"ReadAction","target":["https:\/\/kibrisdakik.com\/?p=15646"]}]},{"@type":"ImageObject","inLanguage":"tr","@id":"https:\/\/kibrisdakik.com\/?p=15646#primaryimage","url":"https:\/\/kibrisdakik.com\/wp-content\/uploads\/2023\/10\/FB_IMG_1697353763342-740x420.jpg","contentUrl":"https:\/\/kibrisdakik.com\/wp-content\/uploads\/2023\/10\/FB_IMG_1697353763342-740x420.jpg","width":1080,"height":643},{"@type":"BreadcrumbList","@id":"https:\/\/kibrisdakik.com\/?p=15646#breadcrumb","itemListElement":[{"@type":"ListItem","position":1,"name":"Home","item":"https:\/\/kibrisdakik.com\/"},{"@type":"ListItem","position":2,"name":"Atao\u011flu:Azerbaycan ile olan karde\u015flik ili\u015fkilerimizi T\u00dcRKSOY\u2019a \u00fcye di\u011fer \u00fclkelerle de geli\u015ftirece\u011fiz"}]},{"@type":"WebSite","@id":"https:\/\/kibrisdakik.com\/#website","url":"https:\/\/kibrisdakik.com\/","name":"","description":"Tam vaktinde haber","potentialAction":[{"@type":"SearchAction","target":{"@type":"EntryPoint","urlTemplate":"https:\/\/kibrisdakik.com\/?s={search_term_string}"},"query-input":{"@type":"PropertyValueSpecification","valueRequired":true,"valueName":"search_term_string"}}],"inLanguage":"tr"},{"@type":"Person","@id":"https:\/\/kibrisdakik.com\/#\/schema\/person\/9cd9d437bbb44f72b73ba127e06d8e79","name":"admin","image":{"@type":"ImageObject","inLanguage":"tr","@id":"https:\/\/secure.gravatar.com\/avatar\/ccc17943b9d660506c869530f897617f7cb1c21a4bf30023f252596d83e1f007?s=96&d=mm&r=g","url":"https:\/\/secure.gravatar.com\/avatar\/ccc17943b9d660506c869530f897617f7cb1c21a4bf30023f252596d83e1f007?s=96&d=mm&r=g","contentUrl":"https:\/\/secure.gravatar.com\/avatar\/ccc17943b9d660506c869530f897617f7cb1c21a4bf30023f252596d83e1f007?s=96&d=mm&r=g","caption":"admin"},"sameAs":["https:\/\/kibrisdakik.com"],"url":"https:\/\/kibrisdakik.com\/?author=1"}]}},"_links":{"self":[{"href":"https:\/\/kibrisdakik.com\/index.php?rest_route=\/wp\/v2\/posts\/15646","targetHints":{"allow":["GET"]}}],"collection":[{"href":"https:\/\/kibrisdakik.com\/index.php?rest_route=\/wp\/v2\/posts"}],"about":[{"href":"https:\/\/kibrisdakik.com\/index.php?rest_route=\/wp\/v2\/types\/post"}],"author":[{"embeddable":true,"href":"https:\/\/kibrisdakik.com\/index.php?rest_route=\/wp\/v2\/users\/1"}],"replies":[{"embeddable":true,"href":"https:\/\/kibrisdakik.com\/index.php?rest_route=%2Fwp%2Fv2%2Fcomments&post=15646"}],"version-history":[{"count":0,"href":"https:\/\/kibrisdakik.com\/index.php?rest_route=\/wp\/v2\/posts\/15646\/revisions"}],"wp:featuredmedia":[{"embeddable":true,"href":"https:\/\/kibrisdakik.com\/index.php?rest_route=\/wp\/v2\/media\/15647"}],"wp:attachment":[{"href":"https:\/\/kibrisdakik.com\/index.php?rest_route=%2Fwp%2Fv2%2Fmedia&parent=15646"}],"wp:term":[{"taxonomy":"category","embeddable":true,"href":"https:\/\/kibrisdakik.com\/index.php?rest_route=%2Fwp%2Fv2%2Fcategories&post=15646"},{"taxonomy":"post_tag","embeddable":true,"href":"https:\/\/kibrisdakik.com\/index.php?rest_route=%2Fwp%2Fv2%2Ftags&post=15646"}],"curies":[{"name":"wp","href":"https:\/\/api.w.org\/{rel}","templated":true}]}}