{"id":15654,"date":"2023-10-15T11:22:54","date_gmt":"2023-10-15T11:22:54","guid":{"rendered":"https:\/\/kibrisdakik.com\/index.php\/2023\/10\/15\/medya-etik-kurulundan-uyari\/"},"modified":"2023-10-15T11:22:54","modified_gmt":"2023-10-15T11:22:54","slug":"medya-etik-kurulundan-uyari","status":"publish","type":"post","link":"https:\/\/kibrisdakik.com\/?p=15654","title":{"rendered":"Medya Etik Kurulu\u2019ndan uyar\u0131"},"content":{"rendered":"<p><\/p>\n<div>\n<div class=\"mariselle-image-container center\">\n                <img width=\"287\" height=\"176\" class=\"lazy-image\" alt=\"\" decoding=\"async\" loading=\"lazy\" src=\"https:\/\/brtk.net\/wp-content\/uploads\/2023\/02\/08\/medya-etik-kurulu.png?ver=87ce6371a23a7c8ce95f53622064b930\"\/>                            <\/div>\n<p>Medya Etik Kurulu, haber niteli\u011findeki yay\u0131nlarda \u2018tarafs\u0131zl\u0131k\u2019 ve \u2018herhangi bir yorum eklenmeksizin sunulmas\u0131\u2019 ilkelerinin esas olmas\u0131 gerekti\u011fini vurgulad\u0131.<\/p>\n<p>Son zamanlarda \u2018ila\u00e7 skandal\u0131\u2019 genel tan\u0131mlamas\u0131yla medyada yer bulan ve baz\u0131 doktorlarla eczac\u0131lar\u0131n veya vatanda\u015flar\u0131n tutuklanmalar\u0131na varan s\u00fcre\u00e7 ile ilgili mahkeme a\u015famas\u0131nda yer alan haberlerin tarafs\u0131zl\u0131k ilkesinden uzak bir g\u00f6r\u00fcn\u00fcm sergilemeyi s\u00fcrd\u00fcrd\u00fc\u011f\u00fcn\u00fc kaydeden Medya Etik Kurulu,  yaz\u0131l\u0131 a\u00e7\u0131klama yaparak \u015fu uyar\u0131larda bulundu:<\/p>\n<p>\u201cHaber niteli\u011findeki yay\u0131nlarda, kamuoyu taraf\u0131ndan beklenen tarafs\u0131zl\u0131k ve herhangi bir yorum eklenmeksizin sunulmas\u0131 ilkeleri esas olmal\u0131d\u0131r. Bunun yan\u0131nda haber, eksiksiz ve do\u011fru bi\u00e7imde duyurulmal\u0131d\u0131r. \u00c7\u00fcnk\u00fc unutulmamal\u0131d\u0131r ki kamu yarar\u0131, bireyin \u00f6zel ya\u015fam\u0131na ve insanl\u0131k onuruna sayg\u0131 duyulmas\u0131 ilkesi ile dengelidir.<\/p>\n<p> Yay\u0131nc\u0131l\u0131kta ifade \u00f6zg\u00fcrl\u00fc\u011f\u00fc ne kadar temel ve korunmas\u0131 gereken bir unsursa insan onurunun korunmas\u0131 da o kadar \u00f6nemlidir. Oysa \u2018ila\u00e7 skandal\u0131\u2019 ile ilgili haberlerde, baz\u0131 bas\u0131n yay\u0131n organlar\u0131, mahkeme a\u015famas\u0131 devam ederken kulland\u0131klar\u0131 ba\u015fl\u0131klarla s\u00f6z konusu zanl\u0131lar\u0131n kamu vicdan\u0131nda su\u00e7lu muamelesi g\u00f6rmelerine yol a\u00e7maktad\u0131r.<\/p>\n<p>Hala baz\u0131 gazeteler ve web siteleri s\u00f6z konusu ki\u015filerin a\u00e7\u0131k isimlerini yazmakta, foto\u011fraflar\u0131n\u0131 da mozaiklemeden yay\u0131nlamaktad\u0131r. Bu ki\u015filerin mahkeme s\u00fcre\u00e7leri devam ediyor ve polisin tahkikat\u0131 da s\u00fcr\u00fcyor. Kamuoyu olu\u015fturmada medyan\u0131n rol\u00fcn\u00fcn b\u00fcy\u00fck oldu\u011funu unutmadan s\u00f6z konusu yay\u0131nlar\u0131 yapanlar\u0131 sorumlu yay\u0131nc\u0131l\u0131k ve do\u011fru habercilik kurullar\u0131na uymaya bir kez daha davet ediyoruz\u201d<\/p>\n<\/p><\/div>\n<p><script async\n                    defer\n                    crossorigin=\"anonymous\"\n                    src=\"https:\/\/connect.facebook.net\/tr_TR\/sdk.js#xfbml=1&#038;version=v3.3\"\n            ><\/script><\/p>\n","protected":false},"excerpt":{"rendered":"<p>Medya Etik Kurulu, haber niteli\u011findeki yay\u0131nlarda \u2018tarafs\u0131zl\u0131k\u2019 ve \u2018herhangi bir yorum eklenmeksizin sunulmas\u0131\u2019 ilkelerinin esas olmas\u0131 gerekti\u011fini vurgulad\u0131. Son zamanlarda \u2018ila\u00e7 skandal\u0131\u2019 genel tan\u0131mlamas\u0131yla medyada yer bulan ve baz\u0131 doktorlarla eczac\u0131lar\u0131n veya vatanda\u015flar\u0131n tutuklanmalar\u0131na varan s\u00fcre\u00e7 ile ilgili mahkeme a\u015famas\u0131nda yer alan haberlerin tarafs\u0131zl\u0131k ilkesinden uzak bir g\u00f6r\u00fcn\u00fcm sergilemeyi s\u00fcrd\u00fcrd\u00fc\u011f\u00fcn\u00fc kaydeden Medya Etik Kurulu, yaz\u0131l\u0131<\/p>\n","protected":false},"author":1,"featured_media":15655,"comment_status":"open","ping_status":"open","sticky":false,"template":"","format":"standard","meta":{"footnotes":""},"categories":[1],"tags":[],"class_list":["post-15654","post","type-post","status-publish","format-standard","has-post-thumbnail","hentry","category-gundem"],"yoast_head":"<!-- This site is optimized with the Yoast SEO plugin v27.4 - https:\/\/yoast.com\/product\/yoast-seo-wordpress\/ -->\n<title>Medya Etik Kurulu\u2019ndan uyar\u0131 -<\/title>\n<meta name=\"robots\" content=\"index, follow, max-snippet:-1, max-image-preview:large, max-video-preview:-1\" \/>\n<link rel=\"canonical\" href=\"https:\/\/kibrisdakik.com\/?p=15654\" \/>\n<meta property=\"og:locale\" content=\"tr_TR\" \/>\n<meta property=\"og:type\" content=\"article\" \/>\n<meta property=\"og:title\" content=\"Medya Etik Kurulu\u2019ndan uyar\u0131 -\" \/>\n<meta property=\"og:description\" content=\"Medya Etik Kurulu, haber niteli\u011findeki yay\u0131nlarda \u2018tarafs\u0131zl\u0131k\u2019 ve \u2018herhangi bir yorum eklenmeksizin sunulmas\u0131\u2019 ilkelerinin esas olmas\u0131 gerekti\u011fini vurgulad\u0131. Son zamanlarda \u2018ila\u00e7 skandal\u0131\u2019 genel tan\u0131mlamas\u0131yla medyada yer bulan ve baz\u0131 doktorlarla eczac\u0131lar\u0131n veya vatanda\u015flar\u0131n tutuklanmalar\u0131na varan s\u00fcre\u00e7 ile ilgili mahkeme a\u015famas\u0131nda yer alan haberlerin tarafs\u0131zl\u0131k ilkesinden uzak bir g\u00f6r\u00fcn\u00fcm sergilemeyi s\u00fcrd\u00fcrd\u00fc\u011f\u00fcn\u00fc kaydeden Medya Etik Kurulu, yaz\u0131l\u0131\" \/>\n<meta property=\"og:url\" content=\"https:\/\/kibrisdakik.com\/?p=15654\" \/>\n<meta property=\"article:published_time\" content=\"2023-10-15T11:22:54+00:00\" \/>\n<meta property=\"og:image\" content=\"https:\/\/kibrisdakik.com\/wp-content\/uploads\/2023\/10\/medya-etik-kurulu.png\" \/>\n\t<meta property=\"og:image:width\" content=\"287\" \/>\n\t<meta property=\"og:image:height\" content=\"176\" \/>\n\t<meta property=\"og:image:type\" content=\"image\/png\" \/>\n<meta name=\"author\" content=\"admin\" \/>\n<meta name=\"twitter:card\" content=\"summary_large_image\" \/>\n<meta name=\"twitter:label1\" content=\"Yazan:\" \/>\n\t<meta name=\"twitter:data1\" content=\"admin\" \/>\n\t<meta name=\"twitter:label2\" content=\"Tahmini okuma s\u00fcresi\" \/>\n\t<meta name=\"twitter:data2\" content=\"1 dakika\" \/>\n<script type=\"application\/ld+json\" class=\"yoast-schema-graph\">{\"@context\":\"https:\\\/\\\/schema.org\",\"@graph\":[{\"@type\":\"Article\",\"@id\":\"https:\\\/\\\/kibrisdakik.com\\\/?p=15654#article\",\"isPartOf\":{\"@id\":\"https:\\\/\\\/kibrisdakik.com\\\/?p=15654\"},\"author\":{\"name\":\"admin\",\"@id\":\"https:\\\/\\\/kibrisdakik.com\\\/#\\\/schema\\\/person\\\/9cd9d437bbb44f72b73ba127e06d8e79\"},\"headline\":\"Medya Etik Kurulu\u2019ndan uyar\u0131\",\"datePublished\":\"2023-10-15T11:22:54+00:00\",\"mainEntityOfPage\":{\"@id\":\"https:\\\/\\\/kibrisdakik.com\\\/?p=15654\"},\"wordCount\":286,\"commentCount\":0,\"image\":{\"@id\":\"https:\\\/\\\/kibrisdakik.com\\\/?p=15654#primaryimage\"},\"thumbnailUrl\":\"https:\\\/\\\/kibrisdakik.com\\\/wp-content\\\/uploads\\\/2023\\\/10\\\/medya-etik-kurulu.png\",\"articleSection\":[\"G\u00fcndem\"],\"inLanguage\":\"tr\",\"potentialAction\":[{\"@type\":\"CommentAction\",\"name\":\"Comment\",\"target\":[\"https:\\\/\\\/kibrisdakik.com\\\/?p=15654#respond\"]}]},{\"@type\":\"WebPage\",\"@id\":\"https:\\\/\\\/kibrisdakik.com\\\/?p=15654\",\"url\":\"https:\\\/\\\/kibrisdakik.com\\\/?p=15654\",\"name\":\"Medya Etik Kurulu\u2019ndan uyar\u0131 -\",\"isPartOf\":{\"@id\":\"https:\\\/\\\/kibrisdakik.com\\\/#website\"},\"primaryImageOfPage\":{\"@id\":\"https:\\\/\\\/kibrisdakik.com\\\/?p=15654#primaryimage\"},\"image\":{\"@id\":\"https:\\\/\\\/kibrisdakik.com\\\/?p=15654#primaryimage\"},\"thumbnailUrl\":\"https:\\\/\\\/kibrisdakik.com\\\/wp-content\\\/uploads\\\/2023\\\/10\\\/medya-etik-kurulu.png\",\"datePublished\":\"2023-10-15T11:22:54+00:00\",\"author\":{\"@id\":\"https:\\\/\\\/kibrisdakik.com\\\/#\\\/schema\\\/person\\\/9cd9d437bbb44f72b73ba127e06d8e79\"},\"breadcrumb\":{\"@id\":\"https:\\\/\\\/kibrisdakik.com\\\/?p=15654#breadcrumb\"},\"inLanguage\":\"tr\",\"potentialAction\":[{\"@type\":\"ReadAction\",\"target\":[\"https:\\\/\\\/kibrisdakik.com\\\/?p=15654\"]}]},{\"@type\":\"ImageObject\",\"inLanguage\":\"tr\",\"@id\":\"https:\\\/\\\/kibrisdakik.com\\\/?p=15654#primaryimage\",\"url\":\"https:\\\/\\\/kibrisdakik.com\\\/wp-content\\\/uploads\\\/2023\\\/10\\\/medya-etik-kurulu.png\",\"contentUrl\":\"https:\\\/\\\/kibrisdakik.com\\\/wp-content\\\/uploads\\\/2023\\\/10\\\/medya-etik-kurulu.png\",\"width\":287,\"height\":176},{\"@type\":\"BreadcrumbList\",\"@id\":\"https:\\\/\\\/kibrisdakik.com\\\/?p=15654#breadcrumb\",\"itemListElement\":[{\"@type\":\"ListItem\",\"position\":1,\"name\":\"Home\",\"item\":\"https:\\\/\\\/kibrisdakik.com\\\/\"},{\"@type\":\"ListItem\",\"position\":2,\"name\":\"Medya Etik Kurulu\u2019ndan uyar\u0131\"}]},{\"@type\":\"WebSite\",\"@id\":\"https:\\\/\\\/kibrisdakik.com\\\/#website\",\"url\":\"https:\\\/\\\/kibrisdakik.com\\\/\",\"name\":\"\",\"description\":\"Tam vaktinde haber\",\"potentialAction\":[{\"@type\":\"SearchAction\",\"target\":{\"@type\":\"EntryPoint\",\"urlTemplate\":\"https:\\\/\\\/kibrisdakik.com\\\/?s={search_term_string}\"},\"query-input\":{\"@type\":\"PropertyValueSpecification\",\"valueRequired\":true,\"valueName\":\"search_term_string\"}}],\"inLanguage\":\"tr\"},{\"@type\":\"Person\",\"@id\":\"https:\\\/\\\/kibrisdakik.com\\\/#\\\/schema\\\/person\\\/9cd9d437bbb44f72b73ba127e06d8e79\",\"name\":\"admin\",\"image\":{\"@type\":\"ImageObject\",\"inLanguage\":\"tr\",\"@id\":\"https:\\\/\\\/secure.gravatar.com\\\/avatar\\\/ccc17943b9d660506c869530f897617f7cb1c21a4bf30023f252596d83e1f007?s=96&d=mm&r=g\",\"url\":\"https:\\\/\\\/secure.gravatar.com\\\/avatar\\\/ccc17943b9d660506c869530f897617f7cb1c21a4bf30023f252596d83e1f007?s=96&d=mm&r=g\",\"contentUrl\":\"https:\\\/\\\/secure.gravatar.com\\\/avatar\\\/ccc17943b9d660506c869530f897617f7cb1c21a4bf30023f252596d83e1f007?s=96&d=mm&r=g\",\"caption\":\"admin\"},\"sameAs\":[\"https:\\\/\\\/kibrisdakik.com\"],\"url\":\"https:\\\/\\\/kibrisdakik.com\\\/?author=1\"}]}<\/script>\n<!-- \/ Yoast SEO plugin. -->","yoast_head_json":{"title":"Medya Etik Kurulu\u2019ndan uyar\u0131 -","robots":{"index":"index","follow":"follow","max-snippet":"max-snippet:-1","max-image-preview":"max-image-preview:large","max-video-preview":"max-video-preview:-1"},"canonical":"https:\/\/kibrisdakik.com\/?p=15654","og_locale":"tr_TR","og_type":"article","og_title":"Medya Etik Kurulu\u2019ndan uyar\u0131 -","og_description":"Medya Etik Kurulu, haber niteli\u011findeki yay\u0131nlarda \u2018tarafs\u0131zl\u0131k\u2019 ve \u2018herhangi bir yorum eklenmeksizin sunulmas\u0131\u2019 ilkelerinin esas olmas\u0131 gerekti\u011fini vurgulad\u0131. Son zamanlarda \u2018ila\u00e7 skandal\u0131\u2019 genel tan\u0131mlamas\u0131yla medyada yer bulan ve baz\u0131 doktorlarla eczac\u0131lar\u0131n veya vatanda\u015flar\u0131n tutuklanmalar\u0131na varan s\u00fcre\u00e7 ile ilgili mahkeme a\u015famas\u0131nda yer alan haberlerin tarafs\u0131zl\u0131k ilkesinden uzak bir g\u00f6r\u00fcn\u00fcm sergilemeyi s\u00fcrd\u00fcrd\u00fc\u011f\u00fcn\u00fc kaydeden Medya Etik Kurulu, yaz\u0131l\u0131","og_url":"https:\/\/kibrisdakik.com\/?p=15654","article_published_time":"2023-10-15T11:22:54+00:00","og_image":[{"width":287,"height":176,"url":"https:\/\/kibrisdakik.com\/wp-content\/uploads\/2023\/10\/medya-etik-kurulu.png","type":"image\/png"}],"author":"admin","twitter_card":"summary_large_image","twitter_misc":{"Yazan:":"admin","Tahmini okuma s\u00fcresi":"1 dakika"},"schema":{"@context":"https:\/\/schema.org","@graph":[{"@type":"Article","@id":"https:\/\/kibrisdakik.com\/?p=15654#article","isPartOf":{"@id":"https:\/\/kibrisdakik.com\/?p=15654"},"author":{"name":"admin","@id":"https:\/\/kibrisdakik.com\/#\/schema\/person\/9cd9d437bbb44f72b73ba127e06d8e79"},"headline":"Medya Etik Kurulu\u2019ndan uyar\u0131","datePublished":"2023-10-15T11:22:54+00:00","mainEntityOfPage":{"@id":"https:\/\/kibrisdakik.com\/?p=15654"},"wordCount":286,"commentCount":0,"image":{"@id":"https:\/\/kibrisdakik.com\/?p=15654#primaryimage"},"thumbnailUrl":"https:\/\/kibrisdakik.com\/wp-content\/uploads\/2023\/10\/medya-etik-kurulu.png","articleSection":["G\u00fcndem"],"inLanguage":"tr","potentialAction":[{"@type":"CommentAction","name":"Comment","target":["https:\/\/kibrisdakik.com\/?p=15654#respond"]}]},{"@type":"WebPage","@id":"https:\/\/kibrisdakik.com\/?p=15654","url":"https:\/\/kibrisdakik.com\/?p=15654","name":"Medya Etik Kurulu\u2019ndan uyar\u0131 -","isPartOf":{"@id":"https:\/\/kibrisdakik.com\/#website"},"primaryImageOfPage":{"@id":"https:\/\/kibrisdakik.com\/?p=15654#primaryimage"},"image":{"@id":"https:\/\/kibrisdakik.com\/?p=15654#primaryimage"},"thumbnailUrl":"https:\/\/kibrisdakik.com\/wp-content\/uploads\/2023\/10\/medya-etik-kurulu.png","datePublished":"2023-10-15T11:22:54+00:00","author":{"@id":"https:\/\/kibrisdakik.com\/#\/schema\/person\/9cd9d437bbb44f72b73ba127e06d8e79"},"breadcrumb":{"@id":"https:\/\/kibrisdakik.com\/?p=15654#breadcrumb"},"inLanguage":"tr","potentialAction":[{"@type":"ReadAction","target":["https:\/\/kibrisdakik.com\/?p=15654"]}]},{"@type":"ImageObject","inLanguage":"tr","@id":"https:\/\/kibrisdakik.com\/?p=15654#primaryimage","url":"https:\/\/kibrisdakik.com\/wp-content\/uploads\/2023\/10\/medya-etik-kurulu.png","contentUrl":"https:\/\/kibrisdakik.com\/wp-content\/uploads\/2023\/10\/medya-etik-kurulu.png","width":287,"height":176},{"@type":"BreadcrumbList","@id":"https:\/\/kibrisdakik.com\/?p=15654#breadcrumb","itemListElement":[{"@type":"ListItem","position":1,"name":"Home","item":"https:\/\/kibrisdakik.com\/"},{"@type":"ListItem","position":2,"name":"Medya Etik Kurulu\u2019ndan uyar\u0131"}]},{"@type":"WebSite","@id":"https:\/\/kibrisdakik.com\/#website","url":"https:\/\/kibrisdakik.com\/","name":"","description":"Tam vaktinde haber","potentialAction":[{"@type":"SearchAction","target":{"@type":"EntryPoint","urlTemplate":"https:\/\/kibrisdakik.com\/?s={search_term_string}"},"query-input":{"@type":"PropertyValueSpecification","valueRequired":true,"valueName":"search_term_string"}}],"inLanguage":"tr"},{"@type":"Person","@id":"https:\/\/kibrisdakik.com\/#\/schema\/person\/9cd9d437bbb44f72b73ba127e06d8e79","name":"admin","image":{"@type":"ImageObject","inLanguage":"tr","@id":"https:\/\/secure.gravatar.com\/avatar\/ccc17943b9d660506c869530f897617f7cb1c21a4bf30023f252596d83e1f007?s=96&d=mm&r=g","url":"https:\/\/secure.gravatar.com\/avatar\/ccc17943b9d660506c869530f897617f7cb1c21a4bf30023f252596d83e1f007?s=96&d=mm&r=g","contentUrl":"https:\/\/secure.gravatar.com\/avatar\/ccc17943b9d660506c869530f897617f7cb1c21a4bf30023f252596d83e1f007?s=96&d=mm&r=g","caption":"admin"},"sameAs":["https:\/\/kibrisdakik.com"],"url":"https:\/\/kibrisdakik.com\/?author=1"}]}},"_links":{"self":[{"href":"https:\/\/kibrisdakik.com\/index.php?rest_route=\/wp\/v2\/posts\/15654","targetHints":{"allow":["GET"]}}],"collection":[{"href":"https:\/\/kibrisdakik.com\/index.php?rest_route=\/wp\/v2\/posts"}],"about":[{"href":"https:\/\/kibrisdakik.com\/index.php?rest_route=\/wp\/v2\/types\/post"}],"author":[{"embeddable":true,"href":"https:\/\/kibrisdakik.com\/index.php?rest_route=\/wp\/v2\/users\/1"}],"replies":[{"embeddable":true,"href":"https:\/\/kibrisdakik.com\/index.php?rest_route=%2Fwp%2Fv2%2Fcomments&post=15654"}],"version-history":[{"count":0,"href":"https:\/\/kibrisdakik.com\/index.php?rest_route=\/wp\/v2\/posts\/15654\/revisions"}],"wp:featuredmedia":[{"embeddable":true,"href":"https:\/\/kibrisdakik.com\/index.php?rest_route=\/wp\/v2\/media\/15655"}],"wp:attachment":[{"href":"https:\/\/kibrisdakik.com\/index.php?rest_route=%2Fwp%2Fv2%2Fmedia&parent=15654"}],"wp:term":[{"taxonomy":"category","embeddable":true,"href":"https:\/\/kibrisdakik.com\/index.php?rest_route=%2Fwp%2Fv2%2Fcategories&post=15654"},{"taxonomy":"post_tag","embeddable":true,"href":"https:\/\/kibrisdakik.com\/index.php?rest_route=%2Fwp%2Fv2%2Ftags&post=15654"}],"curies":[{"name":"wp","href":"https:\/\/api.w.org\/{rel}","templated":true}]}}