{"id":15670,"date":"2023-10-15T18:37:55","date_gmt":"2023-10-15T18:37:55","guid":{"rendered":"https:\/\/kibrisdakik.com\/index.php\/2023\/10\/15\/ktso-atib-baskani-ile-ekonomik-iliskilerin-gelistirilmesi-konusunu-gorustu\/"},"modified":"2023-10-15T18:37:55","modified_gmt":"2023-10-15T18:37:55","slug":"ktso-atib-baskani-ile-ekonomik-iliskilerin-gelistirilmesi-konusunu-gorustu","status":"publish","type":"post","link":"https:\/\/kibrisdakik.com\/?p=15670","title":{"rendered":"KTSO, AT\u0130B Ba\u015fkan\u0131 ile ekonomik ili\u015fkilerin geli\u015ftirilmesi konusunu g\u00f6r\u00fc\u015ft\u00fc"},"content":{"rendered":"<p><\/p>\n<div>\n<div class=\"mariselle-image-container center\">\n                <img width=\"1600\" height=\"803\" class=\"lazy-image\" alt=\"\" decoding=\"async\" loading=\"lazy\" sizes=\"auto, (max-width: 1600px) 100vw, 1600px\" src=\"https:\/\/brtk.net\/wp-content\/uploads\/2023\/10\/15\/azerbaycan-ziy-5.jpeg?ver=cdf23be662fdb42df038b0bdfd19de8f\" srcset=\"https:\/\/brtk.net\/wp-content\/uploads\/2023\/10\/15\/azerbaycan-ziy-5.jpeg?ver=cdf23be662fdb42df038b0bdfd19de8f 1600w, https:\/\/brtk.net\/wp-content\/uploads\/2023\/10\/15\/azerbaycan-ziy-5-300x151.jpeg?ver=cdf23be662fdb42df038b0bdfd19de8f 300w, https:\/\/brtk.net\/wp-content\/uploads\/2023\/10\/15\/azerbaycan-ziy-5-1024x514.jpeg?ver=9c8c02543f83e0884cd5b527b4f405b5 1024w, https:\/\/brtk.net\/wp-content\/uploads\/2023\/10\/15\/azerbaycan-ziy-5-768x385.jpeg?ver=9c8c02543f83e0884cd5b527b4f405b5 768w, https:\/\/brtk.net\/wp-content\/uploads\/2023\/10\/15\/azerbaycan-ziy-5-1536x771.jpeg?ver=9c8c02543f83e0884cd5b527b4f405b5 1536w, https:\/\/brtk.net\/wp-content\/uploads\/2023\/10\/15\/azerbaycan-ziy-5-720x360.jpeg?ver=e3f44e09a50b04ea4da43f5466fe2286 720w\"\/>                            <\/div>\n<p>Cumhurba\u015fkan\u0131 <a href=\"https:\/\/brtk.net\/\" target=\"_blank\" rel=\"noopener\">Ersin Tatar<\/a> ve Ba\u015fbakan\u0131 \u00dcnal \u00dcstel\u2019in kat\u0131l\u0131mlar\u0131 ile Azerbaycan\u2019\u0131n Ba\u015fkenti Bak\u00fc\u2019de ger\u00e7ekle\u015ftirilen \u201cKuzey K\u0131br\u0131s T\u00fcrk Cumhuriyeti K\u00fclt\u00fcr ve Tan\u0131t\u0131m G\u00fcnleri\u201d  organizasyonuna \u00e7ok g\u00fc\u00e7l\u00fc bir heyetle kat\u0131lan K\u0131br\u0131s T\u00fcrk Sanayi Odas\u0131 Y\u00f6netim Kurulu ve oda \u00fcyeleri ayr\u0131ca \u00f6nemli ikili temaslar ger\u00e7ekle\u015ftirdi.<\/p>\n<p>Azerbaycan ziyareti kapsam\u0131nda \u00f6nemli say\u0131da Azerbaycan Milletvekili, i\u015f insan\u0131 ve yat\u0131r\u0131mc\u0131 ile g\u00f6r\u00fc\u015fme f\u0131rsat\u0131 yakalayan K\u0131br\u0131s T\u00fcrk Sanayi Odas\u0131 heyeti, Azerbaycan T\u00fcrkiye \u0130\u015f Adamlar\u0131 Birli\u011fi (AT\u0130B) Ba\u015fkan\u0131 Cemal Yang\u0131n ile de \u00f6zel bir toplant\u0131da bir araya geldi.<\/p>\n<p>K\u0131br\u0131s T\u00fcrk Sanayi Odas\u0131 \u2013 AT\u0130B g\u00f6r\u00fc\u015fmesinde;  Azerbaycan ile <a href=\"https:\/\/brtk.net\/\">KKTC<\/a> aras\u0131ndaki ekonomik ili\u015fkilerin geli\u015ftirilmesi, bu ili\u015fkileri geli\u015ftirilmesi ile birlikte her iki \u00fclke ad\u0131na ortaya \u00e7\u0131kacak f\u0131rsatlar de\u011ferlendirildi. <\/p>\n<p>AT\u0130B\u2019in Azerbaycan ile <a href=\"https:\/\/brtk.net\/\">KKTC<\/a> aras\u0131nda ekonomik ili\u015fkilerinin geli\u015ftirilmesi noktas\u0131nda iki \u00fclke aras\u0131nda \u00fcstlenebilece\u011fi k\u00f6pr\u00fc vazifelerinin neler olabilece\u011fi konular\u0131 da ele al\u0131nd\u0131.<\/p>\n<\/p><\/div>\n<p><script async\n                    defer\n                    crossorigin=\"anonymous\"\n                    src=\"https:\/\/connect.facebook.net\/tr_TR\/sdk.js#xfbml=1&#038;version=v3.3\"\n            ><\/script><\/p>\n","protected":false},"excerpt":{"rendered":"<p>Cumhurba\u015fkan\u0131 Ersin Tatar ve Ba\u015fbakan\u0131 \u00dcnal \u00dcstel\u2019in kat\u0131l\u0131mlar\u0131 ile Azerbaycan\u2019\u0131n Ba\u015fkenti Bak\u00fc\u2019de ger\u00e7ekle\u015ftirilen \u201cKuzey K\u0131br\u0131s T\u00fcrk Cumhuriyeti K\u00fclt\u00fcr ve Tan\u0131t\u0131m G\u00fcnleri\u201d organizasyonuna \u00e7ok g\u00fc\u00e7l\u00fc bir heyetle kat\u0131lan K\u0131br\u0131s T\u00fcrk Sanayi Odas\u0131 Y\u00f6netim Kurulu ve oda \u00fcyeleri ayr\u0131ca \u00f6nemli ikili temaslar ger\u00e7ekle\u015ftirdi. Azerbaycan ziyareti kapsam\u0131nda \u00f6nemli say\u0131da Azerbaycan Milletvekili, i\u015f insan\u0131 ve yat\u0131r\u0131mc\u0131 ile g\u00f6r\u00fc\u015fme f\u0131rsat\u0131<\/p>\n","protected":false},"author":1,"featured_media":15671,"comment_status":"open","ping_status":"open","sticky":false,"template":"","format":"standard","meta":{"footnotes":""},"categories":[1],"tags":[],"class_list":["post-15670","post","type-post","status-publish","format-standard","has-post-thumbnail","hentry","category-gundem"],"yoast_head":"<!-- This site is optimized with the Yoast SEO plugin v27.4 - https:\/\/yoast.com\/product\/yoast-seo-wordpress\/ -->\n<title>KTSO, AT\u0130B Ba\u015fkan\u0131 ile ekonomik ili\u015fkilerin geli\u015ftirilmesi konusunu g\u00f6r\u00fc\u015ft\u00fc -<\/title>\n<meta name=\"robots\" content=\"index, follow, max-snippet:-1, max-image-preview:large, max-video-preview:-1\" \/>\n<link rel=\"canonical\" href=\"https:\/\/kibrisdakik.com\/?p=15670\" \/>\n<meta property=\"og:locale\" content=\"tr_TR\" \/>\n<meta property=\"og:type\" content=\"article\" \/>\n<meta property=\"og:title\" content=\"KTSO, AT\u0130B Ba\u015fkan\u0131 ile ekonomik ili\u015fkilerin geli\u015ftirilmesi konusunu g\u00f6r\u00fc\u015ft\u00fc -\" \/>\n<meta property=\"og:description\" content=\"Cumhurba\u015fkan\u0131 Ersin Tatar ve Ba\u015fbakan\u0131 \u00dcnal \u00dcstel\u2019in kat\u0131l\u0131mlar\u0131 ile Azerbaycan\u2019\u0131n Ba\u015fkenti Bak\u00fc\u2019de ger\u00e7ekle\u015ftirilen \u201cKuzey K\u0131br\u0131s T\u00fcrk Cumhuriyeti K\u00fclt\u00fcr ve Tan\u0131t\u0131m G\u00fcnleri\u201d organizasyonuna \u00e7ok g\u00fc\u00e7l\u00fc bir heyetle kat\u0131lan K\u0131br\u0131s T\u00fcrk Sanayi Odas\u0131 Y\u00f6netim Kurulu ve oda \u00fcyeleri ayr\u0131ca \u00f6nemli ikili temaslar ger\u00e7ekle\u015ftirdi. Azerbaycan ziyareti kapsam\u0131nda \u00f6nemli say\u0131da Azerbaycan Milletvekili, i\u015f insan\u0131 ve yat\u0131r\u0131mc\u0131 ile g\u00f6r\u00fc\u015fme f\u0131rsat\u0131\" \/>\n<meta property=\"og:url\" content=\"https:\/\/kibrisdakik.com\/?p=15670\" \/>\n<meta property=\"article:published_time\" content=\"2023-10-15T18:37:55+00:00\" \/>\n<meta property=\"og:image\" content=\"https:\/\/kibrisdakik.com\/wp-content\/uploads\/2023\/10\/azerbaycan-ziy-5-740x420.jpeg\" \/>\n\t<meta property=\"og:image:width\" content=\"1600\" \/>\n\t<meta property=\"og:image:height\" content=\"803\" \/>\n\t<meta property=\"og:image:type\" content=\"image\/jpeg\" \/>\n<meta name=\"author\" content=\"admin\" \/>\n<meta name=\"twitter:card\" content=\"summary_large_image\" \/>\n<meta name=\"twitter:label1\" content=\"Yazan:\" \/>\n\t<meta name=\"twitter:data1\" content=\"admin\" \/>\n\t<meta name=\"twitter:label2\" content=\"Tahmini okuma s\u00fcresi\" \/>\n\t<meta name=\"twitter:data2\" content=\"1 dakika\" \/>\n<script type=\"application\/ld+json\" class=\"yoast-schema-graph\">{\"@context\":\"https:\\\/\\\/schema.org\",\"@graph\":[{\"@type\":\"Article\",\"@id\":\"https:\\\/\\\/kibrisdakik.com\\\/?p=15670#article\",\"isPartOf\":{\"@id\":\"https:\\\/\\\/kibrisdakik.com\\\/?p=15670\"},\"author\":{\"name\":\"admin\",\"@id\":\"https:\\\/\\\/kibrisdakik.com\\\/#\\\/schema\\\/person\\\/9cd9d437bbb44f72b73ba127e06d8e79\"},\"headline\":\"KTSO, AT\u0130B Ba\u015fkan\u0131 ile ekonomik ili\u015fkilerin geli\u015ftirilmesi konusunu g\u00f6r\u00fc\u015ft\u00fc\",\"datePublished\":\"2023-10-15T18:37:55+00:00\",\"mainEntityOfPage\":{\"@id\":\"https:\\\/\\\/kibrisdakik.com\\\/?p=15670\"},\"wordCount\":207,\"commentCount\":0,\"image\":{\"@id\":\"https:\\\/\\\/kibrisdakik.com\\\/?p=15670#primaryimage\"},\"thumbnailUrl\":\"https:\\\/\\\/kibrisdakik.com\\\/wp-content\\\/uploads\\\/2023\\\/10\\\/azerbaycan-ziy-5-740x420.jpeg\",\"articleSection\":[\"G\u00fcndem\"],\"inLanguage\":\"tr\",\"potentialAction\":[{\"@type\":\"CommentAction\",\"name\":\"Comment\",\"target\":[\"https:\\\/\\\/kibrisdakik.com\\\/?p=15670#respond\"]}]},{\"@type\":\"WebPage\",\"@id\":\"https:\\\/\\\/kibrisdakik.com\\\/?p=15670\",\"url\":\"https:\\\/\\\/kibrisdakik.com\\\/?p=15670\",\"name\":\"KTSO, AT\u0130B Ba\u015fkan\u0131 ile ekonomik ili\u015fkilerin geli\u015ftirilmesi konusunu g\u00f6r\u00fc\u015ft\u00fc -\",\"isPartOf\":{\"@id\":\"https:\\\/\\\/kibrisdakik.com\\\/#website\"},\"primaryImageOfPage\":{\"@id\":\"https:\\\/\\\/kibrisdakik.com\\\/?p=15670#primaryimage\"},\"image\":{\"@id\":\"https:\\\/\\\/kibrisdakik.com\\\/?p=15670#primaryimage\"},\"thumbnailUrl\":\"https:\\\/\\\/kibrisdakik.com\\\/wp-content\\\/uploads\\\/2023\\\/10\\\/azerbaycan-ziy-5-740x420.jpeg\",\"datePublished\":\"2023-10-15T18:37:55+00:00\",\"author\":{\"@id\":\"https:\\\/\\\/kibrisdakik.com\\\/#\\\/schema\\\/person\\\/9cd9d437bbb44f72b73ba127e06d8e79\"},\"breadcrumb\":{\"@id\":\"https:\\\/\\\/kibrisdakik.com\\\/?p=15670#breadcrumb\"},\"inLanguage\":\"tr\",\"potentialAction\":[{\"@type\":\"ReadAction\",\"target\":[\"https:\\\/\\\/kibrisdakik.com\\\/?p=15670\"]}]},{\"@type\":\"ImageObject\",\"inLanguage\":\"tr\",\"@id\":\"https:\\\/\\\/kibrisdakik.com\\\/?p=15670#primaryimage\",\"url\":\"https:\\\/\\\/kibrisdakik.com\\\/wp-content\\\/uploads\\\/2023\\\/10\\\/azerbaycan-ziy-5-740x420.jpeg\",\"contentUrl\":\"https:\\\/\\\/kibrisdakik.com\\\/wp-content\\\/uploads\\\/2023\\\/10\\\/azerbaycan-ziy-5-740x420.jpeg\",\"width\":1600,\"height\":803},{\"@type\":\"BreadcrumbList\",\"@id\":\"https:\\\/\\\/kibrisdakik.com\\\/?p=15670#breadcrumb\",\"itemListElement\":[{\"@type\":\"ListItem\",\"position\":1,\"name\":\"Home\",\"item\":\"https:\\\/\\\/kibrisdakik.com\\\/\"},{\"@type\":\"ListItem\",\"position\":2,\"name\":\"KTSO, AT\u0130B Ba\u015fkan\u0131 ile ekonomik ili\u015fkilerin geli\u015ftirilmesi konusunu g\u00f6r\u00fc\u015ft\u00fc\"}]},{\"@type\":\"WebSite\",\"@id\":\"https:\\\/\\\/kibrisdakik.com\\\/#website\",\"url\":\"https:\\\/\\\/kibrisdakik.com\\\/\",\"name\":\"\",\"description\":\"Tam vaktinde haber\",\"potentialAction\":[{\"@type\":\"SearchAction\",\"target\":{\"@type\":\"EntryPoint\",\"urlTemplate\":\"https:\\\/\\\/kibrisdakik.com\\\/?s={search_term_string}\"},\"query-input\":{\"@type\":\"PropertyValueSpecification\",\"valueRequired\":true,\"valueName\":\"search_term_string\"}}],\"inLanguage\":\"tr\"},{\"@type\":\"Person\",\"@id\":\"https:\\\/\\\/kibrisdakik.com\\\/#\\\/schema\\\/person\\\/9cd9d437bbb44f72b73ba127e06d8e79\",\"name\":\"admin\",\"image\":{\"@type\":\"ImageObject\",\"inLanguage\":\"tr\",\"@id\":\"https:\\\/\\\/secure.gravatar.com\\\/avatar\\\/ccc17943b9d660506c869530f897617f7cb1c21a4bf30023f252596d83e1f007?s=96&d=mm&r=g\",\"url\":\"https:\\\/\\\/secure.gravatar.com\\\/avatar\\\/ccc17943b9d660506c869530f897617f7cb1c21a4bf30023f252596d83e1f007?s=96&d=mm&r=g\",\"contentUrl\":\"https:\\\/\\\/secure.gravatar.com\\\/avatar\\\/ccc17943b9d660506c869530f897617f7cb1c21a4bf30023f252596d83e1f007?s=96&d=mm&r=g\",\"caption\":\"admin\"},\"sameAs\":[\"https:\\\/\\\/kibrisdakik.com\"],\"url\":\"https:\\\/\\\/kibrisdakik.com\\\/?author=1\"}]}<\/script>\n<!-- \/ Yoast SEO plugin. -->","yoast_head_json":{"title":"KTSO, AT\u0130B Ba\u015fkan\u0131 ile ekonomik ili\u015fkilerin geli\u015ftirilmesi konusunu g\u00f6r\u00fc\u015ft\u00fc -","robots":{"index":"index","follow":"follow","max-snippet":"max-snippet:-1","max-image-preview":"max-image-preview:large","max-video-preview":"max-video-preview:-1"},"canonical":"https:\/\/kibrisdakik.com\/?p=15670","og_locale":"tr_TR","og_type":"article","og_title":"KTSO, AT\u0130B Ba\u015fkan\u0131 ile ekonomik ili\u015fkilerin geli\u015ftirilmesi konusunu g\u00f6r\u00fc\u015ft\u00fc -","og_description":"Cumhurba\u015fkan\u0131 Ersin Tatar ve Ba\u015fbakan\u0131 \u00dcnal \u00dcstel\u2019in kat\u0131l\u0131mlar\u0131 ile Azerbaycan\u2019\u0131n Ba\u015fkenti Bak\u00fc\u2019de ger\u00e7ekle\u015ftirilen \u201cKuzey K\u0131br\u0131s T\u00fcrk Cumhuriyeti K\u00fclt\u00fcr ve Tan\u0131t\u0131m G\u00fcnleri\u201d organizasyonuna \u00e7ok g\u00fc\u00e7l\u00fc bir heyetle kat\u0131lan K\u0131br\u0131s T\u00fcrk Sanayi Odas\u0131 Y\u00f6netim Kurulu ve oda \u00fcyeleri ayr\u0131ca \u00f6nemli ikili temaslar ger\u00e7ekle\u015ftirdi. Azerbaycan ziyareti kapsam\u0131nda \u00f6nemli say\u0131da Azerbaycan Milletvekili, i\u015f insan\u0131 ve yat\u0131r\u0131mc\u0131 ile g\u00f6r\u00fc\u015fme f\u0131rsat\u0131","og_url":"https:\/\/kibrisdakik.com\/?p=15670","article_published_time":"2023-10-15T18:37:55+00:00","og_image":[{"width":1600,"height":803,"url":"https:\/\/kibrisdakik.com\/wp-content\/uploads\/2023\/10\/azerbaycan-ziy-5-740x420.jpeg","type":"image\/jpeg"}],"author":"admin","twitter_card":"summary_large_image","twitter_misc":{"Yazan:":"admin","Tahmini okuma s\u00fcresi":"1 dakika"},"schema":{"@context":"https:\/\/schema.org","@graph":[{"@type":"Article","@id":"https:\/\/kibrisdakik.com\/?p=15670#article","isPartOf":{"@id":"https:\/\/kibrisdakik.com\/?p=15670"},"author":{"name":"admin","@id":"https:\/\/kibrisdakik.com\/#\/schema\/person\/9cd9d437bbb44f72b73ba127e06d8e79"},"headline":"KTSO, AT\u0130B Ba\u015fkan\u0131 ile ekonomik ili\u015fkilerin geli\u015ftirilmesi konusunu g\u00f6r\u00fc\u015ft\u00fc","datePublished":"2023-10-15T18:37:55+00:00","mainEntityOfPage":{"@id":"https:\/\/kibrisdakik.com\/?p=15670"},"wordCount":207,"commentCount":0,"image":{"@id":"https:\/\/kibrisdakik.com\/?p=15670#primaryimage"},"thumbnailUrl":"https:\/\/kibrisdakik.com\/wp-content\/uploads\/2023\/10\/azerbaycan-ziy-5-740x420.jpeg","articleSection":["G\u00fcndem"],"inLanguage":"tr","potentialAction":[{"@type":"CommentAction","name":"Comment","target":["https:\/\/kibrisdakik.com\/?p=15670#respond"]}]},{"@type":"WebPage","@id":"https:\/\/kibrisdakik.com\/?p=15670","url":"https:\/\/kibrisdakik.com\/?p=15670","name":"KTSO, AT\u0130B Ba\u015fkan\u0131 ile ekonomik ili\u015fkilerin geli\u015ftirilmesi konusunu g\u00f6r\u00fc\u015ft\u00fc -","isPartOf":{"@id":"https:\/\/kibrisdakik.com\/#website"},"primaryImageOfPage":{"@id":"https:\/\/kibrisdakik.com\/?p=15670#primaryimage"},"image":{"@id":"https:\/\/kibrisdakik.com\/?p=15670#primaryimage"},"thumbnailUrl":"https:\/\/kibrisdakik.com\/wp-content\/uploads\/2023\/10\/azerbaycan-ziy-5-740x420.jpeg","datePublished":"2023-10-15T18:37:55+00:00","author":{"@id":"https:\/\/kibrisdakik.com\/#\/schema\/person\/9cd9d437bbb44f72b73ba127e06d8e79"},"breadcrumb":{"@id":"https:\/\/kibrisdakik.com\/?p=15670#breadcrumb"},"inLanguage":"tr","potentialAction":[{"@type":"ReadAction","target":["https:\/\/kibrisdakik.com\/?p=15670"]}]},{"@type":"ImageObject","inLanguage":"tr","@id":"https:\/\/kibrisdakik.com\/?p=15670#primaryimage","url":"https:\/\/kibrisdakik.com\/wp-content\/uploads\/2023\/10\/azerbaycan-ziy-5-740x420.jpeg","contentUrl":"https:\/\/kibrisdakik.com\/wp-content\/uploads\/2023\/10\/azerbaycan-ziy-5-740x420.jpeg","width":1600,"height":803},{"@type":"BreadcrumbList","@id":"https:\/\/kibrisdakik.com\/?p=15670#breadcrumb","itemListElement":[{"@type":"ListItem","position":1,"name":"Home","item":"https:\/\/kibrisdakik.com\/"},{"@type":"ListItem","position":2,"name":"KTSO, AT\u0130B Ba\u015fkan\u0131 ile ekonomik ili\u015fkilerin geli\u015ftirilmesi konusunu g\u00f6r\u00fc\u015ft\u00fc"}]},{"@type":"WebSite","@id":"https:\/\/kibrisdakik.com\/#website","url":"https:\/\/kibrisdakik.com\/","name":"","description":"Tam vaktinde haber","potentialAction":[{"@type":"SearchAction","target":{"@type":"EntryPoint","urlTemplate":"https:\/\/kibrisdakik.com\/?s={search_term_string}"},"query-input":{"@type":"PropertyValueSpecification","valueRequired":true,"valueName":"search_term_string"}}],"inLanguage":"tr"},{"@type":"Person","@id":"https:\/\/kibrisdakik.com\/#\/schema\/person\/9cd9d437bbb44f72b73ba127e06d8e79","name":"admin","image":{"@type":"ImageObject","inLanguage":"tr","@id":"https:\/\/secure.gravatar.com\/avatar\/ccc17943b9d660506c869530f897617f7cb1c21a4bf30023f252596d83e1f007?s=96&d=mm&r=g","url":"https:\/\/secure.gravatar.com\/avatar\/ccc17943b9d660506c869530f897617f7cb1c21a4bf30023f252596d83e1f007?s=96&d=mm&r=g","contentUrl":"https:\/\/secure.gravatar.com\/avatar\/ccc17943b9d660506c869530f897617f7cb1c21a4bf30023f252596d83e1f007?s=96&d=mm&r=g","caption":"admin"},"sameAs":["https:\/\/kibrisdakik.com"],"url":"https:\/\/kibrisdakik.com\/?author=1"}]}},"_links":{"self":[{"href":"https:\/\/kibrisdakik.com\/index.php?rest_route=\/wp\/v2\/posts\/15670","targetHints":{"allow":["GET"]}}],"collection":[{"href":"https:\/\/kibrisdakik.com\/index.php?rest_route=\/wp\/v2\/posts"}],"about":[{"href":"https:\/\/kibrisdakik.com\/index.php?rest_route=\/wp\/v2\/types\/post"}],"author":[{"embeddable":true,"href":"https:\/\/kibrisdakik.com\/index.php?rest_route=\/wp\/v2\/users\/1"}],"replies":[{"embeddable":true,"href":"https:\/\/kibrisdakik.com\/index.php?rest_route=%2Fwp%2Fv2%2Fcomments&post=15670"}],"version-history":[{"count":0,"href":"https:\/\/kibrisdakik.com\/index.php?rest_route=\/wp\/v2\/posts\/15670\/revisions"}],"wp:featuredmedia":[{"embeddable":true,"href":"https:\/\/kibrisdakik.com\/index.php?rest_route=\/wp\/v2\/media\/15671"}],"wp:attachment":[{"href":"https:\/\/kibrisdakik.com\/index.php?rest_route=%2Fwp%2Fv2%2Fmedia&parent=15670"}],"wp:term":[{"taxonomy":"category","embeddable":true,"href":"https:\/\/kibrisdakik.com\/index.php?rest_route=%2Fwp%2Fv2%2Fcategories&post=15670"},{"taxonomy":"post_tag","embeddable":true,"href":"https:\/\/kibrisdakik.com\/index.php?rest_route=%2Fwp%2Fv2%2Ftags&post=15670"}],"curies":[{"name":"wp","href":"https:\/\/api.w.org\/{rel}","templated":true}]}}