{"id":15687,"date":"2023-10-15T23:54:12","date_gmt":"2023-10-15T23:54:12","guid":{"rendered":"https:\/\/kibrisdakik.com\/index.php\/2023\/10\/15\/sporcularimiz-turkiyede-ana-tabloda\/"},"modified":"2023-10-15T23:54:12","modified_gmt":"2023-10-15T23:54:12","slug":"sporcularimiz-turkiyede-ana-tabloda","status":"publish","type":"post","link":"https:\/\/kibrisdakik.com\/?p=15687","title":{"rendered":"Sporcular\u0131m\u0131z T\u00fcrkiyede Ana Tabloda"},"content":{"rendered":"<p> <br \/>\n<\/p>\n<div>\n<div class=\"mariselle-image-container center\">\n                <img width=\"1600\" height=\"1200\" class=\"lazy-image\" alt=\"\" decoding=\"async\" loading=\"lazy\" sizes=\"auto, (max-width: 1600px) 100vw, 1600px\" src=\"https:\/\/brtk.net\/wp-content\/uploads\/2023\/10\/15\/IMG-20231015-WA0078.jpg?ver=160cab998cfe4ff2fc165e0068f15eae\" srcset=\"https:\/\/brtk.net\/wp-content\/uploads\/2023\/10\/15\/IMG-20231015-WA0078.jpg?ver=160cab998cfe4ff2fc165e0068f15eae 1600w, https:\/\/brtk.net\/wp-content\/uploads\/2023\/10\/15\/IMG-20231015-WA0078-300x225.jpg?ver=160cab998cfe4ff2fc165e0068f15eae 300w, https:\/\/brtk.net\/wp-content\/uploads\/2023\/10\/15\/IMG-20231015-WA0078-1024x768.jpg?ver=d7bd95280b394e99be351c517441785f 1024w, https:\/\/brtk.net\/wp-content\/uploads\/2023\/10\/15\/IMG-20231015-WA0078-768x576.jpg?ver=d7bd95280b394e99be351c517441785f 768w, https:\/\/brtk.net\/wp-content\/uploads\/2023\/10\/15\/IMG-20231015-WA0078-1536x1152.jpg?ver=4a35fdfb818d7b572b73353e4c799598 1536w\"\/>                            <\/div>\n<p>T\u00fcrkiye\u2019nin \u00c7orum ilinde d\u00fczenlenen U15 T\u00fcrkiye Badminton \u015eampiyonas\u0131nda Meyra Ba\u015fta\u015f, Laren Dilek, Erk G\u00fcne\u015fer, \u0130lhan Ercan, Kuzey Seriny\u00fcrek ve Mehmet Z. Harmanc\u0131 Ana Tabloya kalma ba\u015far\u0131s\u0131 g\u00f6sterdiler.<\/p>\n<p>U15 T\u00fcrkiye Badminton \u015eampiyonas\u0131nda 8 bayan 8 erkek sporcuyla m\u00fccadele eden Milli Tak\u0131m\u0131m\u0131z adaya mutlu d\u00f6n\u00fcyor.<\/p>\n<p> 4 g\u00fcn boyunca 756 sporcunun kat\u0131ld\u0131\u011f\u0131 T\u00fcrkiye \u015eampiyonas\u0131nda m\u00fccadele eden sporcular\u0131m\u0131z toplam 26 galibiyet almay\u0131 ba\u015far\u0131rken 6 sporcumuz da 3 kategoride Ana Tabloya kalma ba\u015far\u0131s\u0131 g\u00f6sterdiler.<br \/>Milli Sporcular\u0131m\u0131z Meyra Ba\u015fta\u015f ve Laren Dilek \u00e7ift bayanlar kategorisinde, Erk G\u00fcne\u015fer ve Kuzey Seriny\u00fcrek Tek Erkekler kategorisinde, \u0130lhan Ercan partneri Erk G\u00fcne\u015fer ile ve Mehmet Harmanc\u0131 partneri Kuzey Seriny\u00fcrek ile \u00e7ift erkekler kategorisinde ana tabloya kalma ba\u015far\u0131s\u0131 g\u00f6sterdiler.<\/p>\n<p>\u00dclkemizde her ge\u00e7en g\u00fcn Badminton sporu yayg\u0131nla\u015fmaya ve b\u00fcy\u00fcmeye devam ederken T\u00fcrkiye\u2019deki turnuvalarda da g\u00fczel sonu\u00e7lar gelmeye devam ediyor. 11-15 Ekim 2023 tarihinde \u00c7orumda ba\u015flayan U15 \u015eampiyonas\u0131nda ma\u00e7lar\u0131n\u0131 oynayan U15 Milli Tak\u0131m\u0131m\u0131z adaya mutlu d\u00f6n\u00fcyor. <\/p>\n<p>Ba\u015fkan\u0131m\u0131z Deniz ba\u015far\u0131lar\u0131m\u0131z her ge\u00e7en g\u00fcn artmaya devam ediyor ve edecektir.<br \/>U15 Milli Tak\u0131m\u0131n\u0131n g\u00f6stermi\u015f oldu\u011fu performanstan \u00e7ok memnun oldu\u011funu belirten Federasyon Ba\u015fkan\u0131m\u0131z F\u0131rat Deniz, t\u00fcm sporcular\u0131m\u0131z\u0131n ve Kafile sorumlumuz Vasfiye \u015eahali ile antren\u00f6r\u00fcm\u00fcz Serkan Bolkaner\u2019in ba\u015far\u0131lar\u0131n\u0131 kutlad\u0131.<\/p>\n<p> Ayr\u0131ca ana tabloya kalan sporcular\u0131 tebrik ederken kafilede bulunan sporcular (Berk Denerel, Eray Mertt\u00fcrk, Sami Tenekeci, Erin Bolkaner, Beril Er\u015fangil, Jasmin Se\u00e7kiner, Milay Salim, G\u00f6k\u00e7e Mansuro\u011flu, Azra Kay\u0131ko\u011flu ve Serin Ad\u0131\u015fanl\u0131\u2019ya) da verdikleri m\u00fccadeleden dolay\u0131 te\u015fekk\u00fcr etti. Ba\u015fkan Deniz, ayr\u0131ca Badminton Milli Tak\u0131m Ana Sponsoru Modda Cosmetics  direkt\u00f6r\u00fc Say\u0131n Murat Tenekeci\u2019 ye de verdikleri destekten dolay\u0131 te\u015fekk\u00fcr etti.  <\/p>\n<p>Antren\u00f6r Serkan Bolkaner de yapt\u0131\u011f\u0131 a\u00e7\u0131klamada, turnuvan\u0131n \u00e7ok verimli ge\u00e7ti\u011fini, sporcular\u0131m\u0131z\u0131n g\u00fcn ge\u00e7tik\u00e7e ba\u015far\u0131lar\u0131n\u0131n artt\u0131\u011f\u0131n\u0131 g\u00f6rmenin mutluluk verici oldu\u011funu belirtti.<\/p>\n<\/p><\/div>\n<p><script async\n                    defer\n                    crossorigin=\"anonymous\"\n                    src=\"https:\/\/connect.facebook.net\/tr_TR\/sdk.js#xfbml=1&#038;version=v3.3\"\n            ><\/script><br \/>\n<br \/><br \/>\n<br \/><a href=\"https:\/\/brtk.net\/sporcularimiz-turkiyede-ana-tabloda\/\"> <\/a><\/p>\n","protected":false},"excerpt":{"rendered":"<p>T\u00fcrkiye\u2019nin \u00c7orum ilinde d\u00fczenlenen U15 T\u00fcrkiye Badminton \u015eampiyonas\u0131nda Meyra Ba\u015fta\u015f, Laren Dilek, Erk G\u00fcne\u015fer, \u0130lhan Ercan, Kuzey Seriny\u00fcrek ve Mehmet Z. Harmanc\u0131 Ana Tabloya kalma ba\u015far\u0131s\u0131 g\u00f6sterdiler. U15 T\u00fcrkiye Badminton \u015eampiyonas\u0131nda 8 bayan 8 erkek sporcuyla m\u00fccadele eden Milli Tak\u0131m\u0131m\u0131z adaya mutlu d\u00f6n\u00fcyor. 4 g\u00fcn boyunca 756 sporcunun kat\u0131ld\u0131\u011f\u0131 T\u00fcrkiye \u015eampiyonas\u0131nda m\u00fccadele eden sporcular\u0131m\u0131z toplam<\/p>\n","protected":false},"author":1,"featured_media":15688,"comment_status":"open","ping_status":"open","sticky":false,"template":"","format":"standard","meta":{"footnotes":""},"categories":[85],"tags":[],"class_list":["post-15687","post","type-post","status-publish","format-standard","has-post-thumbnail","hentry","category-spor"],"yoast_head":"<!-- This site is optimized with the Yoast SEO plugin v27.5 - https:\/\/yoast.com\/product\/yoast-seo-wordpress\/ -->\n<title>Sporcular\u0131m\u0131z T\u00fcrkiyede Ana Tabloda -<\/title>\n<meta name=\"robots\" content=\"index, follow, max-snippet:-1, max-image-preview:large, max-video-preview:-1\" \/>\n<link rel=\"canonical\" href=\"https:\/\/kibrisdakik.com\/?p=15687\" \/>\n<meta property=\"og:locale\" content=\"tr_TR\" \/>\n<meta property=\"og:type\" content=\"article\" \/>\n<meta property=\"og:title\" content=\"Sporcular\u0131m\u0131z T\u00fcrkiyede Ana Tabloda -\" \/>\n<meta property=\"og:description\" content=\"T\u00fcrkiye\u2019nin \u00c7orum ilinde d\u00fczenlenen U15 T\u00fcrkiye Badminton \u015eampiyonas\u0131nda Meyra Ba\u015fta\u015f, Laren Dilek, Erk G\u00fcne\u015fer, \u0130lhan Ercan, Kuzey Seriny\u00fcrek ve Mehmet Z. Harmanc\u0131 Ana Tabloya kalma ba\u015far\u0131s\u0131 g\u00f6sterdiler. U15 T\u00fcrkiye Badminton \u015eampiyonas\u0131nda 8 bayan 8 erkek sporcuyla m\u00fccadele eden Milli Tak\u0131m\u0131m\u0131z adaya mutlu d\u00f6n\u00fcyor. 4 g\u00fcn boyunca 756 sporcunun kat\u0131ld\u0131\u011f\u0131 T\u00fcrkiye \u015eampiyonas\u0131nda m\u00fccadele eden sporcular\u0131m\u0131z toplam\" \/>\n<meta property=\"og:url\" content=\"https:\/\/kibrisdakik.com\/?p=15687\" \/>\n<meta property=\"article:published_time\" content=\"2023-10-15T23:54:12+00:00\" \/>\n<meta property=\"og:image\" content=\"https:\/\/kibrisdakik.com\/wp-content\/uploads\/2023\/10\/IMG-20231015-WA0078-740x420.jpg\" \/>\n\t<meta property=\"og:image:width\" content=\"1600\" \/>\n\t<meta property=\"og:image:height\" content=\"1200\" \/>\n\t<meta property=\"og:image:type\" content=\"image\/jpeg\" \/>\n<meta name=\"author\" content=\"admin\" \/>\n<meta name=\"twitter:card\" content=\"summary_large_image\" \/>\n<meta name=\"twitter:label1\" content=\"Yazan:\" \/>\n\t<meta name=\"twitter:data1\" content=\"admin\" \/>\n\t<meta name=\"twitter:label2\" content=\"Tahmini okuma s\u00fcresi\" \/>\n\t<meta name=\"twitter:data2\" content=\"2 dakika\" \/>\n<script type=\"application\/ld+json\" class=\"yoast-schema-graph\">{\"@context\":\"https:\\\/\\\/schema.org\",\"@graph\":[{\"@type\":\"Article\",\"@id\":\"https:\\\/\\\/kibrisdakik.com\\\/?p=15687#article\",\"isPartOf\":{\"@id\":\"https:\\\/\\\/kibrisdakik.com\\\/?p=15687\"},\"author\":{\"name\":\"admin\",\"@id\":\"https:\\\/\\\/kibrisdakik.com\\\/#\\\/schema\\\/person\\\/9cd9d437bbb44f72b73ba127e06d8e79\"},\"headline\":\"Sporcular\u0131m\u0131z T\u00fcrkiyede Ana Tabloda\",\"datePublished\":\"2023-10-15T23:54:12+00:00\",\"mainEntityOfPage\":{\"@id\":\"https:\\\/\\\/kibrisdakik.com\\\/?p=15687\"},\"wordCount\":392,\"commentCount\":0,\"image\":{\"@id\":\"https:\\\/\\\/kibrisdakik.com\\\/?p=15687#primaryimage\"},\"thumbnailUrl\":\"https:\\\/\\\/kibrisdakik.com\\\/wp-content\\\/uploads\\\/2023\\\/10\\\/IMG-20231015-WA0078-740x420.jpg\",\"articleSection\":[\"Spor\"],\"inLanguage\":\"tr\",\"potentialAction\":[{\"@type\":\"CommentAction\",\"name\":\"Comment\",\"target\":[\"https:\\\/\\\/kibrisdakik.com\\\/?p=15687#respond\"]}]},{\"@type\":\"WebPage\",\"@id\":\"https:\\\/\\\/kibrisdakik.com\\\/?p=15687\",\"url\":\"https:\\\/\\\/kibrisdakik.com\\\/?p=15687\",\"name\":\"Sporcular\u0131m\u0131z T\u00fcrkiyede Ana Tabloda -\",\"isPartOf\":{\"@id\":\"https:\\\/\\\/kibrisdakik.com\\\/#website\"},\"primaryImageOfPage\":{\"@id\":\"https:\\\/\\\/kibrisdakik.com\\\/?p=15687#primaryimage\"},\"image\":{\"@id\":\"https:\\\/\\\/kibrisdakik.com\\\/?p=15687#primaryimage\"},\"thumbnailUrl\":\"https:\\\/\\\/kibrisdakik.com\\\/wp-content\\\/uploads\\\/2023\\\/10\\\/IMG-20231015-WA0078-740x420.jpg\",\"datePublished\":\"2023-10-15T23:54:12+00:00\",\"author\":{\"@id\":\"https:\\\/\\\/kibrisdakik.com\\\/#\\\/schema\\\/person\\\/9cd9d437bbb44f72b73ba127e06d8e79\"},\"breadcrumb\":{\"@id\":\"https:\\\/\\\/kibrisdakik.com\\\/?p=15687#breadcrumb\"},\"inLanguage\":\"tr\",\"potentialAction\":[{\"@type\":\"ReadAction\",\"target\":[\"https:\\\/\\\/kibrisdakik.com\\\/?p=15687\"]}]},{\"@type\":\"ImageObject\",\"inLanguage\":\"tr\",\"@id\":\"https:\\\/\\\/kibrisdakik.com\\\/?p=15687#primaryimage\",\"url\":\"https:\\\/\\\/kibrisdakik.com\\\/wp-content\\\/uploads\\\/2023\\\/10\\\/IMG-20231015-WA0078-740x420.jpg\",\"contentUrl\":\"https:\\\/\\\/kibrisdakik.com\\\/wp-content\\\/uploads\\\/2023\\\/10\\\/IMG-20231015-WA0078-740x420.jpg\",\"width\":1600,\"height\":1200},{\"@type\":\"BreadcrumbList\",\"@id\":\"https:\\\/\\\/kibrisdakik.com\\\/?p=15687#breadcrumb\",\"itemListElement\":[{\"@type\":\"ListItem\",\"position\":1,\"name\":\"Home\",\"item\":\"https:\\\/\\\/kibrisdakik.com\\\/\"},{\"@type\":\"ListItem\",\"position\":2,\"name\":\"Sporcular\u0131m\u0131z T\u00fcrkiyede Ana Tabloda\"}]},{\"@type\":\"WebSite\",\"@id\":\"https:\\\/\\\/kibrisdakik.com\\\/#website\",\"url\":\"https:\\\/\\\/kibrisdakik.com\\\/\",\"name\":\"\",\"description\":\"Tam vaktinde haber\",\"potentialAction\":[{\"@type\":\"SearchAction\",\"target\":{\"@type\":\"EntryPoint\",\"urlTemplate\":\"https:\\\/\\\/kibrisdakik.com\\\/?s={search_term_string}\"},\"query-input\":{\"@type\":\"PropertyValueSpecification\",\"valueRequired\":true,\"valueName\":\"search_term_string\"}}],\"inLanguage\":\"tr\"},{\"@type\":\"Person\",\"@id\":\"https:\\\/\\\/kibrisdakik.com\\\/#\\\/schema\\\/person\\\/9cd9d437bbb44f72b73ba127e06d8e79\",\"name\":\"admin\",\"image\":{\"@type\":\"ImageObject\",\"inLanguage\":\"tr\",\"@id\":\"https:\\\/\\\/secure.gravatar.com\\\/avatar\\\/ccc17943b9d660506c869530f897617f7cb1c21a4bf30023f252596d83e1f007?s=96&d=mm&r=g\",\"url\":\"https:\\\/\\\/secure.gravatar.com\\\/avatar\\\/ccc17943b9d660506c869530f897617f7cb1c21a4bf30023f252596d83e1f007?s=96&d=mm&r=g\",\"contentUrl\":\"https:\\\/\\\/secure.gravatar.com\\\/avatar\\\/ccc17943b9d660506c869530f897617f7cb1c21a4bf30023f252596d83e1f007?s=96&d=mm&r=g\",\"caption\":\"admin\"},\"sameAs\":[\"https:\\\/\\\/kibrisdakik.com\"],\"url\":\"https:\\\/\\\/kibrisdakik.com\\\/?author=1\"}]}<\/script>\n<!-- \/ Yoast SEO plugin. -->","yoast_head_json":{"title":"Sporcular\u0131m\u0131z T\u00fcrkiyede Ana Tabloda -","robots":{"index":"index","follow":"follow","max-snippet":"max-snippet:-1","max-image-preview":"max-image-preview:large","max-video-preview":"max-video-preview:-1"},"canonical":"https:\/\/kibrisdakik.com\/?p=15687","og_locale":"tr_TR","og_type":"article","og_title":"Sporcular\u0131m\u0131z T\u00fcrkiyede Ana Tabloda -","og_description":"T\u00fcrkiye\u2019nin \u00c7orum ilinde d\u00fczenlenen U15 T\u00fcrkiye Badminton \u015eampiyonas\u0131nda Meyra Ba\u015fta\u015f, Laren Dilek, Erk G\u00fcne\u015fer, \u0130lhan Ercan, Kuzey Seriny\u00fcrek ve Mehmet Z. Harmanc\u0131 Ana Tabloya kalma ba\u015far\u0131s\u0131 g\u00f6sterdiler. U15 T\u00fcrkiye Badminton \u015eampiyonas\u0131nda 8 bayan 8 erkek sporcuyla m\u00fccadele eden Milli Tak\u0131m\u0131m\u0131z adaya mutlu d\u00f6n\u00fcyor. 4 g\u00fcn boyunca 756 sporcunun kat\u0131ld\u0131\u011f\u0131 T\u00fcrkiye \u015eampiyonas\u0131nda m\u00fccadele eden sporcular\u0131m\u0131z toplam","og_url":"https:\/\/kibrisdakik.com\/?p=15687","article_published_time":"2023-10-15T23:54:12+00:00","og_image":[{"width":1600,"height":1200,"url":"https:\/\/kibrisdakik.com\/wp-content\/uploads\/2023\/10\/IMG-20231015-WA0078-740x420.jpg","type":"image\/jpeg"}],"author":"admin","twitter_card":"summary_large_image","twitter_misc":{"Yazan:":"admin","Tahmini okuma s\u00fcresi":"2 dakika"},"schema":{"@context":"https:\/\/schema.org","@graph":[{"@type":"Article","@id":"https:\/\/kibrisdakik.com\/?p=15687#article","isPartOf":{"@id":"https:\/\/kibrisdakik.com\/?p=15687"},"author":{"name":"admin","@id":"https:\/\/kibrisdakik.com\/#\/schema\/person\/9cd9d437bbb44f72b73ba127e06d8e79"},"headline":"Sporcular\u0131m\u0131z T\u00fcrkiyede Ana Tabloda","datePublished":"2023-10-15T23:54:12+00:00","mainEntityOfPage":{"@id":"https:\/\/kibrisdakik.com\/?p=15687"},"wordCount":392,"commentCount":0,"image":{"@id":"https:\/\/kibrisdakik.com\/?p=15687#primaryimage"},"thumbnailUrl":"https:\/\/kibrisdakik.com\/wp-content\/uploads\/2023\/10\/IMG-20231015-WA0078-740x420.jpg","articleSection":["Spor"],"inLanguage":"tr","potentialAction":[{"@type":"CommentAction","name":"Comment","target":["https:\/\/kibrisdakik.com\/?p=15687#respond"]}]},{"@type":"WebPage","@id":"https:\/\/kibrisdakik.com\/?p=15687","url":"https:\/\/kibrisdakik.com\/?p=15687","name":"Sporcular\u0131m\u0131z T\u00fcrkiyede Ana Tabloda -","isPartOf":{"@id":"https:\/\/kibrisdakik.com\/#website"},"primaryImageOfPage":{"@id":"https:\/\/kibrisdakik.com\/?p=15687#primaryimage"},"image":{"@id":"https:\/\/kibrisdakik.com\/?p=15687#primaryimage"},"thumbnailUrl":"https:\/\/kibrisdakik.com\/wp-content\/uploads\/2023\/10\/IMG-20231015-WA0078-740x420.jpg","datePublished":"2023-10-15T23:54:12+00:00","author":{"@id":"https:\/\/kibrisdakik.com\/#\/schema\/person\/9cd9d437bbb44f72b73ba127e06d8e79"},"breadcrumb":{"@id":"https:\/\/kibrisdakik.com\/?p=15687#breadcrumb"},"inLanguage":"tr","potentialAction":[{"@type":"ReadAction","target":["https:\/\/kibrisdakik.com\/?p=15687"]}]},{"@type":"ImageObject","inLanguage":"tr","@id":"https:\/\/kibrisdakik.com\/?p=15687#primaryimage","url":"https:\/\/kibrisdakik.com\/wp-content\/uploads\/2023\/10\/IMG-20231015-WA0078-740x420.jpg","contentUrl":"https:\/\/kibrisdakik.com\/wp-content\/uploads\/2023\/10\/IMG-20231015-WA0078-740x420.jpg","width":1600,"height":1200},{"@type":"BreadcrumbList","@id":"https:\/\/kibrisdakik.com\/?p=15687#breadcrumb","itemListElement":[{"@type":"ListItem","position":1,"name":"Home","item":"https:\/\/kibrisdakik.com\/"},{"@type":"ListItem","position":2,"name":"Sporcular\u0131m\u0131z T\u00fcrkiyede Ana Tabloda"}]},{"@type":"WebSite","@id":"https:\/\/kibrisdakik.com\/#website","url":"https:\/\/kibrisdakik.com\/","name":"","description":"Tam vaktinde haber","potentialAction":[{"@type":"SearchAction","target":{"@type":"EntryPoint","urlTemplate":"https:\/\/kibrisdakik.com\/?s={search_term_string}"},"query-input":{"@type":"PropertyValueSpecification","valueRequired":true,"valueName":"search_term_string"}}],"inLanguage":"tr"},{"@type":"Person","@id":"https:\/\/kibrisdakik.com\/#\/schema\/person\/9cd9d437bbb44f72b73ba127e06d8e79","name":"admin","image":{"@type":"ImageObject","inLanguage":"tr","@id":"https:\/\/secure.gravatar.com\/avatar\/ccc17943b9d660506c869530f897617f7cb1c21a4bf30023f252596d83e1f007?s=96&d=mm&r=g","url":"https:\/\/secure.gravatar.com\/avatar\/ccc17943b9d660506c869530f897617f7cb1c21a4bf30023f252596d83e1f007?s=96&d=mm&r=g","contentUrl":"https:\/\/secure.gravatar.com\/avatar\/ccc17943b9d660506c869530f897617f7cb1c21a4bf30023f252596d83e1f007?s=96&d=mm&r=g","caption":"admin"},"sameAs":["https:\/\/kibrisdakik.com"],"url":"https:\/\/kibrisdakik.com\/?author=1"}]}},"_links":{"self":[{"href":"https:\/\/kibrisdakik.com\/index.php?rest_route=\/wp\/v2\/posts\/15687","targetHints":{"allow":["GET"]}}],"collection":[{"href":"https:\/\/kibrisdakik.com\/index.php?rest_route=\/wp\/v2\/posts"}],"about":[{"href":"https:\/\/kibrisdakik.com\/index.php?rest_route=\/wp\/v2\/types\/post"}],"author":[{"embeddable":true,"href":"https:\/\/kibrisdakik.com\/index.php?rest_route=\/wp\/v2\/users\/1"}],"replies":[{"embeddable":true,"href":"https:\/\/kibrisdakik.com\/index.php?rest_route=%2Fwp%2Fv2%2Fcomments&post=15687"}],"version-history":[{"count":0,"href":"https:\/\/kibrisdakik.com\/index.php?rest_route=\/wp\/v2\/posts\/15687\/revisions"}],"wp:featuredmedia":[{"embeddable":true,"href":"https:\/\/kibrisdakik.com\/index.php?rest_route=\/wp\/v2\/media\/15688"}],"wp:attachment":[{"href":"https:\/\/kibrisdakik.com\/index.php?rest_route=%2Fwp%2Fv2%2Fmedia&parent=15687"}],"wp:term":[{"taxonomy":"category","embeddable":true,"href":"https:\/\/kibrisdakik.com\/index.php?rest_route=%2Fwp%2Fv2%2Fcategories&post=15687"},{"taxonomy":"post_tag","embeddable":true,"href":"https:\/\/kibrisdakik.com\/index.php?rest_route=%2Fwp%2Fv2%2Ftags&post=15687"}],"curies":[{"name":"wp","href":"https:\/\/api.w.org\/{rel}","templated":true}]}}