{"id":16995,"date":"2023-11-06T19:19:35","date_gmt":"2023-11-06T19:19:35","guid":{"rendered":"https:\/\/kibrisdakik.com\/index.php\/2023\/11\/06\/lubnandan-israile-roketlerle-saldiri-duzenlendi\/"},"modified":"2023-11-06T19:19:35","modified_gmt":"2023-11-06T19:19:35","slug":"lubnandan-israile-roketlerle-saldiri-duzenlendi","status":"publish","type":"post","link":"https:\/\/kibrisdakik.com\/?p=16995","title":{"rendered":"L\u00fcbnan&#039;dan \u0130srail&#039;e roketlerle sald\u0131r\u0131 d\u00fczenlendi"},"content":{"rendered":"<p><img decoding=\"async\" src=\"https:\/\/www.kibristurk.com\/images\/haberler\/2023\/11\/lubnandan-israile-roketlerle-saldiri-duzenlendi-1699298101.webp\" \/><\/p>\n<p>\u0130srail ordusu, L\u00fcbnan topraklar\u0131ndan \u0130srail&#8217;e yakla\u015f\u0131k 30 roketle sald\u0131r\u0131 d\u00fczenlendi\u011fini ve buna kar\u015f\u0131l\u0131k, at\u0131\u015flar\u0131n yap\u0131ld\u0131\u011f\u0131 noktalar\u0131n top\u00e7u ate\u015fiyle vuruldu\u011funu bildirdi.<\/p>\n<p>Ordudan yap\u0131lan a\u00e7\u0131klamada, L\u00fcbnan topraklar\u0131ndan at\u0131lan yakla\u015f\u0131k 30 roket nedeniyle \u0130srail&#8217;in kuzeyinde sirenlerin \u00e7ald\u0131\u011f\u0131 belirtildi.<\/p>\n<p>Sald\u0131r\u0131da can kayb\u0131 olup olmad\u0131\u011f\u0131na ili\u015fkin bilgi verilmeyen a\u00e7\u0131klamada, roketlerin at\u0131ld\u0131\u011f\u0131 noktalar\u0131n top\u00e7u at\u0131\u015f\u0131yla vuruldu\u011fu kaydedildi.<\/p>\n<p>\u00d6te yandan L\u00fcbnan&#8217;daki Hamas&#8217;\u0131n askeri kanad\u0131 \u0130zzeddin Kassam Tugaylar\u0131 yapt\u0131\u011f\u0131 a\u00e7\u0131klamada, \u0130srail&#8217;in Gazze&#8217;deki sivillere y\u00f6nelik i\u015fledi\u011fi katliama kar\u015f\u0131 L\u00fcbnan&#8217;dan \u0130srail&#8217;e do\u011fru 16 roketin f\u0131rlat\u0131ld\u0131\u011f\u0131n\u0131 duyurdu.<\/p>\n<p>L\u00fcbnan resmi ajans\u0131 NNA&#8217;da yer alan haberde ise, \u0130srail ordusu top\u00e7u birliklerinin Blida ve Meys el Cebel beldeleri \u00e7evrelerini vurdu\u011fu aktar\u0131ld\u0131.<\/p>\n<p>L\u00fcbnan Hizbullah\u0131 da \u0130srail&#8217;e ait, s\u0131n\u0131r \u00fczerinde yer alan er-Rahib askeri noktas\u0131n\u0131n g\u00fcd\u00fcml\u00fc f\u00fcze ve uygun silahlarla hedef al\u0131nd\u0131\u011f\u0131n\u0131 a\u00e7\u0131klad\u0131.<\/p>\n","protected":false},"excerpt":{"rendered":"<p>\u0130srail ordusu, L\u00fcbnan topraklar\u0131ndan \u0130srail&#8217;e yakla\u015f\u0131k 30 roketle sald\u0131r\u0131 d\u00fczenlendi\u011fini ve buna kar\u015f\u0131l\u0131k, at\u0131\u015flar\u0131n yap\u0131ld\u0131\u011f\u0131 noktalar\u0131n top\u00e7u ate\u015fiyle vuruldu\u011funu bildirdi. Ordudan yap\u0131lan a\u00e7\u0131klamada, L\u00fcbnan topraklar\u0131ndan at\u0131lan yakla\u015f\u0131k 30 roket nedeniyle \u0130srail&#8217;in kuzeyinde sirenlerin \u00e7ald\u0131\u011f\u0131 belirtildi. Sald\u0131r\u0131da can kayb\u0131 olup olmad\u0131\u011f\u0131na ili\u015fkin bilgi verilmeyen a\u00e7\u0131klamada, roketlerin at\u0131ld\u0131\u011f\u0131 noktalar\u0131n top\u00e7u at\u0131\u015f\u0131yla vuruldu\u011fu kaydedildi. \u00d6te yandan L\u00fcbnan&#8217;daki Hamas&#8217;\u0131n<\/p>\n","protected":false},"author":1,"featured_media":16996,"comment_status":"open","ping_status":"open","sticky":false,"template":"","format":"standard","meta":{"footnotes":""},"categories":[1],"tags":[],"class_list":["post-16995","post","type-post","status-publish","format-standard","has-post-thumbnail","hentry","category-gundem"],"yoast_head":"<!-- This site is optimized with the Yoast SEO plugin v27.5 - https:\/\/yoast.com\/product\/yoast-seo-wordpress\/ -->\n<title>L\u00fcbnan&#039;dan \u0130srail&#039;e roketlerle sald\u0131r\u0131 d\u00fczenlendi -<\/title>\n<meta name=\"robots\" content=\"index, follow, max-snippet:-1, max-image-preview:large, max-video-preview:-1\" \/>\n<link rel=\"canonical\" href=\"https:\/\/kibrisdakik.com\/?p=16995\" \/>\n<meta property=\"og:locale\" content=\"tr_TR\" \/>\n<meta property=\"og:type\" content=\"article\" \/>\n<meta property=\"og:title\" content=\"L\u00fcbnan&#039;dan \u0130srail&#039;e roketlerle sald\u0131r\u0131 d\u00fczenlendi -\" \/>\n<meta property=\"og:description\" content=\"\u0130srail ordusu, L\u00fcbnan topraklar\u0131ndan \u0130srail&#8217;e yakla\u015f\u0131k 30 roketle sald\u0131r\u0131 d\u00fczenlendi\u011fini ve buna kar\u015f\u0131l\u0131k, at\u0131\u015flar\u0131n yap\u0131ld\u0131\u011f\u0131 noktalar\u0131n top\u00e7u ate\u015fiyle vuruldu\u011funu bildirdi. Ordudan yap\u0131lan a\u00e7\u0131klamada, L\u00fcbnan topraklar\u0131ndan at\u0131lan yakla\u015f\u0131k 30 roket nedeniyle \u0130srail&#8217;in kuzeyinde sirenlerin \u00e7ald\u0131\u011f\u0131 belirtildi. Sald\u0131r\u0131da can kayb\u0131 olup olmad\u0131\u011f\u0131na ili\u015fkin bilgi verilmeyen a\u00e7\u0131klamada, roketlerin at\u0131ld\u0131\u011f\u0131 noktalar\u0131n top\u00e7u at\u0131\u015f\u0131yla vuruldu\u011fu kaydedildi. \u00d6te yandan L\u00fcbnan&#8217;daki Hamas&#8217;\u0131n\" \/>\n<meta property=\"og:url\" content=\"https:\/\/kibrisdakik.com\/?p=16995\" \/>\n<meta property=\"article:published_time\" content=\"2023-11-06T19:19:35+00:00\" \/>\n<meta property=\"og:image\" content=\"https:\/\/kibrisdakik.com\/wp-content\/uploads\/2023\/11\/lubnandan-israile-roketlerle-saldiri-duzenlendi-1699298101.webp.webp\" \/>\n\t<meta property=\"og:image:width\" content=\"710\" \/>\n\t<meta property=\"og:image:height\" content=\"370\" \/>\n\t<meta property=\"og:image:type\" content=\"image\/webp\" \/>\n<meta name=\"author\" content=\"admin\" \/>\n<meta name=\"twitter:card\" content=\"summary_large_image\" \/>\n<meta name=\"twitter:label1\" content=\"Yazan:\" \/>\n\t<meta name=\"twitter:data1\" content=\"admin\" \/>\n\t<meta name=\"twitter:label2\" content=\"Tahmini okuma s\u00fcresi\" \/>\n\t<meta name=\"twitter:data2\" content=\"1 dakika\" \/>\n<script type=\"application\/ld+json\" class=\"yoast-schema-graph\">{\"@context\":\"https:\\\/\\\/schema.org\",\"@graph\":[{\"@type\":\"Article\",\"@id\":\"https:\\\/\\\/kibrisdakik.com\\\/?p=16995#article\",\"isPartOf\":{\"@id\":\"https:\\\/\\\/kibrisdakik.com\\\/?p=16995\"},\"author\":{\"name\":\"admin\",\"@id\":\"https:\\\/\\\/kibrisdakik.com\\\/#\\\/schema\\\/person\\\/9cd9d437bbb44f72b73ba127e06d8e79\"},\"headline\":\"L\u00fcbnan&#039;dan \u0130srail&#039;e roketlerle sald\u0131r\u0131 d\u00fczenlendi\",\"datePublished\":\"2023-11-06T19:19:35+00:00\",\"mainEntityOfPage\":{\"@id\":\"https:\\\/\\\/kibrisdakik.com\\\/?p=16995\"},\"wordCount\":181,\"commentCount\":0,\"image\":{\"@id\":\"https:\\\/\\\/kibrisdakik.com\\\/?p=16995#primaryimage\"},\"thumbnailUrl\":\"https:\\\/\\\/kibrisdakik.com\\\/wp-content\\\/uploads\\\/2023\\\/11\\\/lubnandan-israile-roketlerle-saldiri-duzenlendi-1699298101.webp.webp\",\"articleSection\":[\"G\u00fcndem\"],\"inLanguage\":\"tr\",\"potentialAction\":[{\"@type\":\"CommentAction\",\"name\":\"Comment\",\"target\":[\"https:\\\/\\\/kibrisdakik.com\\\/?p=16995#respond\"]}]},{\"@type\":\"WebPage\",\"@id\":\"https:\\\/\\\/kibrisdakik.com\\\/?p=16995\",\"url\":\"https:\\\/\\\/kibrisdakik.com\\\/?p=16995\",\"name\":\"L\u00fcbnan&#039;dan \u0130srail&#039;e roketlerle sald\u0131r\u0131 d\u00fczenlendi -\",\"isPartOf\":{\"@id\":\"https:\\\/\\\/kibrisdakik.com\\\/#website\"},\"primaryImageOfPage\":{\"@id\":\"https:\\\/\\\/kibrisdakik.com\\\/?p=16995#primaryimage\"},\"image\":{\"@id\":\"https:\\\/\\\/kibrisdakik.com\\\/?p=16995#primaryimage\"},\"thumbnailUrl\":\"https:\\\/\\\/kibrisdakik.com\\\/wp-content\\\/uploads\\\/2023\\\/11\\\/lubnandan-israile-roketlerle-saldiri-duzenlendi-1699298101.webp.webp\",\"datePublished\":\"2023-11-06T19:19:35+00:00\",\"author\":{\"@id\":\"https:\\\/\\\/kibrisdakik.com\\\/#\\\/schema\\\/person\\\/9cd9d437bbb44f72b73ba127e06d8e79\"},\"breadcrumb\":{\"@id\":\"https:\\\/\\\/kibrisdakik.com\\\/?p=16995#breadcrumb\"},\"inLanguage\":\"tr\",\"potentialAction\":[{\"@type\":\"ReadAction\",\"target\":[\"https:\\\/\\\/kibrisdakik.com\\\/?p=16995\"]}]},{\"@type\":\"ImageObject\",\"inLanguage\":\"tr\",\"@id\":\"https:\\\/\\\/kibrisdakik.com\\\/?p=16995#primaryimage\",\"url\":\"https:\\\/\\\/kibrisdakik.com\\\/wp-content\\\/uploads\\\/2023\\\/11\\\/lubnandan-israile-roketlerle-saldiri-duzenlendi-1699298101.webp.webp\",\"contentUrl\":\"https:\\\/\\\/kibrisdakik.com\\\/wp-content\\\/uploads\\\/2023\\\/11\\\/lubnandan-israile-roketlerle-saldiri-duzenlendi-1699298101.webp.webp\",\"width\":710,\"height\":370},{\"@type\":\"BreadcrumbList\",\"@id\":\"https:\\\/\\\/kibrisdakik.com\\\/?p=16995#breadcrumb\",\"itemListElement\":[{\"@type\":\"ListItem\",\"position\":1,\"name\":\"Home\",\"item\":\"https:\\\/\\\/kibrisdakik.com\\\/\"},{\"@type\":\"ListItem\",\"position\":2,\"name\":\"L\u00fcbnan&#039;dan \u0130srail&#039;e roketlerle sald\u0131r\u0131 d\u00fczenlendi\"}]},{\"@type\":\"WebSite\",\"@id\":\"https:\\\/\\\/kibrisdakik.com\\\/#website\",\"url\":\"https:\\\/\\\/kibrisdakik.com\\\/\",\"name\":\"\",\"description\":\"Tam vaktinde haber\",\"potentialAction\":[{\"@type\":\"SearchAction\",\"target\":{\"@type\":\"EntryPoint\",\"urlTemplate\":\"https:\\\/\\\/kibrisdakik.com\\\/?s={search_term_string}\"},\"query-input\":{\"@type\":\"PropertyValueSpecification\",\"valueRequired\":true,\"valueName\":\"search_term_string\"}}],\"inLanguage\":\"tr\"},{\"@type\":\"Person\",\"@id\":\"https:\\\/\\\/kibrisdakik.com\\\/#\\\/schema\\\/person\\\/9cd9d437bbb44f72b73ba127e06d8e79\",\"name\":\"admin\",\"image\":{\"@type\":\"ImageObject\",\"inLanguage\":\"tr\",\"@id\":\"https:\\\/\\\/secure.gravatar.com\\\/avatar\\\/ccc17943b9d660506c869530f897617f7cb1c21a4bf30023f252596d83e1f007?s=96&d=mm&r=g\",\"url\":\"https:\\\/\\\/secure.gravatar.com\\\/avatar\\\/ccc17943b9d660506c869530f897617f7cb1c21a4bf30023f252596d83e1f007?s=96&d=mm&r=g\",\"contentUrl\":\"https:\\\/\\\/secure.gravatar.com\\\/avatar\\\/ccc17943b9d660506c869530f897617f7cb1c21a4bf30023f252596d83e1f007?s=96&d=mm&r=g\",\"caption\":\"admin\"},\"sameAs\":[\"https:\\\/\\\/kibrisdakik.com\"],\"url\":\"https:\\\/\\\/kibrisdakik.com\\\/?author=1\"}]}<\/script>\n<!-- \/ Yoast SEO plugin. -->","yoast_head_json":{"title":"L\u00fcbnan&#039;dan \u0130srail&#039;e roketlerle sald\u0131r\u0131 d\u00fczenlendi -","robots":{"index":"index","follow":"follow","max-snippet":"max-snippet:-1","max-image-preview":"max-image-preview:large","max-video-preview":"max-video-preview:-1"},"canonical":"https:\/\/kibrisdakik.com\/?p=16995","og_locale":"tr_TR","og_type":"article","og_title":"L\u00fcbnan&#039;dan \u0130srail&#039;e roketlerle sald\u0131r\u0131 d\u00fczenlendi -","og_description":"\u0130srail ordusu, L\u00fcbnan topraklar\u0131ndan \u0130srail&#8217;e yakla\u015f\u0131k 30 roketle sald\u0131r\u0131 d\u00fczenlendi\u011fini ve buna kar\u015f\u0131l\u0131k, at\u0131\u015flar\u0131n yap\u0131ld\u0131\u011f\u0131 noktalar\u0131n top\u00e7u ate\u015fiyle vuruldu\u011funu bildirdi. Ordudan yap\u0131lan a\u00e7\u0131klamada, L\u00fcbnan topraklar\u0131ndan at\u0131lan yakla\u015f\u0131k 30 roket nedeniyle \u0130srail&#8217;in kuzeyinde sirenlerin \u00e7ald\u0131\u011f\u0131 belirtildi. Sald\u0131r\u0131da can kayb\u0131 olup olmad\u0131\u011f\u0131na ili\u015fkin bilgi verilmeyen a\u00e7\u0131klamada, roketlerin at\u0131ld\u0131\u011f\u0131 noktalar\u0131n top\u00e7u at\u0131\u015f\u0131yla vuruldu\u011fu kaydedildi. \u00d6te yandan L\u00fcbnan&#8217;daki Hamas&#8217;\u0131n","og_url":"https:\/\/kibrisdakik.com\/?p=16995","article_published_time":"2023-11-06T19:19:35+00:00","og_image":[{"width":710,"height":370,"url":"https:\/\/kibrisdakik.com\/wp-content\/uploads\/2023\/11\/lubnandan-israile-roketlerle-saldiri-duzenlendi-1699298101.webp.webp","type":"image\/webp"}],"author":"admin","twitter_card":"summary_large_image","twitter_misc":{"Yazan:":"admin","Tahmini okuma s\u00fcresi":"1 dakika"},"schema":{"@context":"https:\/\/schema.org","@graph":[{"@type":"Article","@id":"https:\/\/kibrisdakik.com\/?p=16995#article","isPartOf":{"@id":"https:\/\/kibrisdakik.com\/?p=16995"},"author":{"name":"admin","@id":"https:\/\/kibrisdakik.com\/#\/schema\/person\/9cd9d437bbb44f72b73ba127e06d8e79"},"headline":"L\u00fcbnan&#039;dan \u0130srail&#039;e roketlerle sald\u0131r\u0131 d\u00fczenlendi","datePublished":"2023-11-06T19:19:35+00:00","mainEntityOfPage":{"@id":"https:\/\/kibrisdakik.com\/?p=16995"},"wordCount":181,"commentCount":0,"image":{"@id":"https:\/\/kibrisdakik.com\/?p=16995#primaryimage"},"thumbnailUrl":"https:\/\/kibrisdakik.com\/wp-content\/uploads\/2023\/11\/lubnandan-israile-roketlerle-saldiri-duzenlendi-1699298101.webp.webp","articleSection":["G\u00fcndem"],"inLanguage":"tr","potentialAction":[{"@type":"CommentAction","name":"Comment","target":["https:\/\/kibrisdakik.com\/?p=16995#respond"]}]},{"@type":"WebPage","@id":"https:\/\/kibrisdakik.com\/?p=16995","url":"https:\/\/kibrisdakik.com\/?p=16995","name":"L\u00fcbnan&#039;dan \u0130srail&#039;e roketlerle sald\u0131r\u0131 d\u00fczenlendi -","isPartOf":{"@id":"https:\/\/kibrisdakik.com\/#website"},"primaryImageOfPage":{"@id":"https:\/\/kibrisdakik.com\/?p=16995#primaryimage"},"image":{"@id":"https:\/\/kibrisdakik.com\/?p=16995#primaryimage"},"thumbnailUrl":"https:\/\/kibrisdakik.com\/wp-content\/uploads\/2023\/11\/lubnandan-israile-roketlerle-saldiri-duzenlendi-1699298101.webp.webp","datePublished":"2023-11-06T19:19:35+00:00","author":{"@id":"https:\/\/kibrisdakik.com\/#\/schema\/person\/9cd9d437bbb44f72b73ba127e06d8e79"},"breadcrumb":{"@id":"https:\/\/kibrisdakik.com\/?p=16995#breadcrumb"},"inLanguage":"tr","potentialAction":[{"@type":"ReadAction","target":["https:\/\/kibrisdakik.com\/?p=16995"]}]},{"@type":"ImageObject","inLanguage":"tr","@id":"https:\/\/kibrisdakik.com\/?p=16995#primaryimage","url":"https:\/\/kibrisdakik.com\/wp-content\/uploads\/2023\/11\/lubnandan-israile-roketlerle-saldiri-duzenlendi-1699298101.webp.webp","contentUrl":"https:\/\/kibrisdakik.com\/wp-content\/uploads\/2023\/11\/lubnandan-israile-roketlerle-saldiri-duzenlendi-1699298101.webp.webp","width":710,"height":370},{"@type":"BreadcrumbList","@id":"https:\/\/kibrisdakik.com\/?p=16995#breadcrumb","itemListElement":[{"@type":"ListItem","position":1,"name":"Home","item":"https:\/\/kibrisdakik.com\/"},{"@type":"ListItem","position":2,"name":"L\u00fcbnan&#039;dan \u0130srail&#039;e roketlerle sald\u0131r\u0131 d\u00fczenlendi"}]},{"@type":"WebSite","@id":"https:\/\/kibrisdakik.com\/#website","url":"https:\/\/kibrisdakik.com\/","name":"","description":"Tam vaktinde haber","potentialAction":[{"@type":"SearchAction","target":{"@type":"EntryPoint","urlTemplate":"https:\/\/kibrisdakik.com\/?s={search_term_string}"},"query-input":{"@type":"PropertyValueSpecification","valueRequired":true,"valueName":"search_term_string"}}],"inLanguage":"tr"},{"@type":"Person","@id":"https:\/\/kibrisdakik.com\/#\/schema\/person\/9cd9d437bbb44f72b73ba127e06d8e79","name":"admin","image":{"@type":"ImageObject","inLanguage":"tr","@id":"https:\/\/secure.gravatar.com\/avatar\/ccc17943b9d660506c869530f897617f7cb1c21a4bf30023f252596d83e1f007?s=96&d=mm&r=g","url":"https:\/\/secure.gravatar.com\/avatar\/ccc17943b9d660506c869530f897617f7cb1c21a4bf30023f252596d83e1f007?s=96&d=mm&r=g","contentUrl":"https:\/\/secure.gravatar.com\/avatar\/ccc17943b9d660506c869530f897617f7cb1c21a4bf30023f252596d83e1f007?s=96&d=mm&r=g","caption":"admin"},"sameAs":["https:\/\/kibrisdakik.com"],"url":"https:\/\/kibrisdakik.com\/?author=1"}]}},"_links":{"self":[{"href":"https:\/\/kibrisdakik.com\/index.php?rest_route=\/wp\/v2\/posts\/16995","targetHints":{"allow":["GET"]}}],"collection":[{"href":"https:\/\/kibrisdakik.com\/index.php?rest_route=\/wp\/v2\/posts"}],"about":[{"href":"https:\/\/kibrisdakik.com\/index.php?rest_route=\/wp\/v2\/types\/post"}],"author":[{"embeddable":true,"href":"https:\/\/kibrisdakik.com\/index.php?rest_route=\/wp\/v2\/users\/1"}],"replies":[{"embeddable":true,"href":"https:\/\/kibrisdakik.com\/index.php?rest_route=%2Fwp%2Fv2%2Fcomments&post=16995"}],"version-history":[{"count":0,"href":"https:\/\/kibrisdakik.com\/index.php?rest_route=\/wp\/v2\/posts\/16995\/revisions"}],"wp:featuredmedia":[{"embeddable":true,"href":"https:\/\/kibrisdakik.com\/index.php?rest_route=\/wp\/v2\/media\/16996"}],"wp:attachment":[{"href":"https:\/\/kibrisdakik.com\/index.php?rest_route=%2Fwp%2Fv2%2Fmedia&parent=16995"}],"wp:term":[{"taxonomy":"category","embeddable":true,"href":"https:\/\/kibrisdakik.com\/index.php?rest_route=%2Fwp%2Fv2%2Fcategories&post=16995"},{"taxonomy":"post_tag","embeddable":true,"href":"https:\/\/kibrisdakik.com\/index.php?rest_route=%2Fwp%2Fv2%2Ftags&post=16995"}],"curies":[{"name":"wp","href":"https:\/\/api.w.org\/{rel}","templated":true}]}}