{"id":16999,"date":"2023-11-06T20:20:37","date_gmt":"2023-11-06T20:20:37","guid":{"rendered":"https:\/\/kibrisdakik.com\/index.php\/2023\/11\/06\/turkiye-kultur-ve-turizm-bakani-ersoy-kktcye-ucuslara-iliskin-calisma-yurutuluyor\/"},"modified":"2023-11-06T20:20:37","modified_gmt":"2023-11-06T20:20:37","slug":"turkiye-kultur-ve-turizm-bakani-ersoy-kktcye-ucuslara-iliskin-calisma-yurutuluyor","status":"publish","type":"post","link":"https:\/\/kibrisdakik.com\/?p=16999","title":{"rendered":"T\u00fcrkiye K\u00fclt\u00fcr ve Turizm Bakan\u0131 Ersoy: &#039;KKTC&#039;ye u\u00e7u\u015flara ili\u015fkin \u00e7al\u0131\u015fma y\u00fcr\u00fct\u00fcl\u00fcyor"},"content":{"rendered":"<p><img decoding=\"async\" src=\"https:\/\/www.kibristurk.com\/images\/haberler\/2023\/11\/turkiye-kultur-ve-turizm-bakani-ersoy-kktcye-ucuslara-iliskin-calisma-yurutuluyor-1699301864.webp\" \/><\/p>\n<p>T\u00fcrkiye Cumhuriyeti K\u00fclt\u00fcr ve Turizm Bakan\u0131 Mehmet Nuri Ersoy, T\u00fcrkiye \u00fczerinden KKTC&#8217;ye ya da KKTC&#8217;den devam u\u00e7u\u015flar\u0131na ili\u015fkin bir \u00e7al\u0131\u015fma y\u00fcr\u00fct\u00fcld\u00fc\u011f\u00fcn\u00fc, uluslararas\u0131 g\u00fcvenlik s\u00fcrecinin tamamlanmas\u0131yla KKTC&#8217;ye y\u00f6nelik kampanyalara da a\u011f\u0131rl\u0131k verece\u011fini s\u00f6yledi.&nbsp;<\/p>\n<p>Bakan Ersoy, \u0130ngiltere&#8217;nin ba\u015fkenti Londra&#8217;da kat\u0131ld\u0131\u011f\u0131 World Travel Market (WTM) fuar\u0131nda gazetecilere a\u00e7\u0131klamalarda bulundu.&nbsp;<\/p>\n<p>Ersoy, WTM kapsam\u0131nda Bulgaristan ve KKTC&#8217;den mevkida\u015flar\u0131yla da g\u00f6r\u00fc\u015ft\u00fc. Fuar alan\u0131nda kurulan T\u00fcrkiye, KKTC ve Azerbaycan stantlar\u0131n\u0131 gezen Ersoy, baz\u0131 \u00f6zel turizm \u015firketlerinin temsilcileriyle de bir araya geldi.&nbsp;<\/p>\n<p>K\u00fclt\u00fcr ve Turizm Bakan\u0131 Mehmet Nuri Ersoy, T\u00fcrkiye&#8217;nin yaz sezonunu 3,8 milyon \u0130ngiliz turistle kapataca\u011f\u0131n\u0131 belirterek, 2026 hedefinin 5 milyon turist oldu\u011funu kaydetti.&nbsp;<\/p>\n<p>Kovid-19 salg\u0131n\u0131 \u00f6ncesi T\u00fcrkiye&#8217;nin 2,5 milyon \u0130ngiliz ziyaret\u00e7i a\u011f\u0131rlad\u0131\u011f\u0131n\u0131 kaydeden Ersoy, &#8220;K\u0131sa vadeli programda pandemi sonras\u0131 h\u0131zl\u0131 bir \u00e7\u0131k\u0131\u015f yakalad\u0131k ve bu y\u0131l, 3,8 milyon \u0130ngiliz ziyaret\u00e7iyle sezonu kapataca\u011f\u0131z. 2026 hedefimiz 5 milyon. A\u015famal\u0131 olarak bu plana uygun \u015fekilde pazar\u0131 b\u00fcy\u00fctmeye devam ediyoruz.&#8221; dedi.&nbsp;<\/p>\n<p>Ersoy, \u0130ngiliz turistlerin daha \u00e7ok Ege B\u00f6lgesi&#8217;ne gelirken Antalya&#8217;n\u0131n daha fazla ziyaret\u00e7i a\u011f\u0131rlamaya ba\u015flad\u0131\u011f\u0131n\u0131 belirterek, &#8220;\u0130stanbul ile ilgili tan\u0131t\u0131mlar da sonucunu verdi ve \u015fu anda yo\u011fun \u015fekilde \u0130ngiltere pazar\u0131ndan turist al\u0131yor.&#8221; diye konu\u015ftu.&nbsp;<\/p>\n<p>Sa\u011fl\u0131k turizminin alternatif bir potansiyel olu\u015fturmaya ba\u015flad\u0131\u011f\u0131na vurgu yapan Ersoy, arkeolojik kaz\u0131 \u00e7al\u0131\u015fmalar\u0131yla ilgili b\u00fct\u00e7elerde de art\u0131\u015fa gittiklerini s\u00f6yledi.&nbsp;<\/p>\n<p>Bakan Ersoy, T\u00fcrk kaz\u0131 ba\u015fkanl\u0131klar\u0131n\u0131n oldu\u011fu noktalarda 12 ayl\u0131k program\u0131n devreye girdi\u011fini, yabanc\u0131 kaz\u0131 ba\u015fkanl\u0131klar\u0131n\u0131n oldu\u011fu alanlar\u0131n ise y\u0131l sonuna kadar 12 ayl\u0131k programa dahil edilece\u011fini ve bu noktalarda y\u0131l sonuna kadar T\u00fcrk koordinat\u00f6rlerin g\u00f6revlendirilece\u011fini anlatt\u0131.&nbsp;<\/p>\n<p>Ersoy, T\u00fcrkiye&#8217;nin k\u00fclt\u00fcr turlar\u0131nda da bir numaral\u0131 destinasyon olmas\u0131 hedefinden s\u00f6z ederek, &#8220;Bu sene, ge\u00e7en seneye k\u0131yasla \u00f6ren yerlerindeki ziyaret\u00e7i say\u0131s\u0131n\u0131n y\u00fczde 47 artt\u0131\u011f\u0131n\u0131 g\u00f6r\u00fcyoruz. Hem bunun tan\u0131t\u0131m\u0131n\u0131 sa\u011fl\u0131yoruz hem de g\u00f6r\u00fclecek yerlerin yeniden ihyas\u0131n\u0131n sonucunu al\u0131yoruz.&#8221; diye konu\u015ftu.&nbsp;<\/p>\n<p>Gecelik ziyaret\u00e7i ba\u015f\u0131 gelirin 2017&#8217;de 67 dolarken bu miktar\u0131n 2023&#8217;te 100 dolara y\u00fckseldi\u011fine de dikkati \u00e7eken Ersoy, ikinci hedefin 130 dolara ula\u015fmak oldu\u011funu ifade etti.&nbsp;<\/p>\n<p>Ersoy, bunun i\u00e7in pazar ve \u00fcr\u00fcn \u00e7e\u015fitlili\u011fini art\u0131rmak gerekti\u011fini kaydederek, &#8220;Gastronomiyle ilgili per\u015fembe g\u00fcn\u00fc Michelin lansman\u0131 olacak. Bizi ge\u00e7en y\u0131l \u0130stanbul ile rehberine ald\u0131. Yo\u011fun y\u00f6nlendirmelerimiz sonu\u00e7 verdi ve per\u015fembe g\u00fcn\u00fc \u0130zmir, Urla, \u00c7e\u015fme ve Bodrum&#8217;u se\u00e7kilerine dahil edecekler. Hep birlikte per\u015fembe g\u00fcn\u00fc hangi restoran\u0131n, hangi \u015fefin \u00f6d\u00fcl almaya hak kazand\u0131\u011f\u0131n\u0131 g\u00f6rece\u011fiz.&#8221; ifadelerini kulland\u0131.&nbsp;<\/p>\n<p>&nbsp;<\/p>\n","protected":false},"excerpt":{"rendered":"<p>T\u00fcrkiye Cumhuriyeti K\u00fclt\u00fcr ve Turizm Bakan\u0131 Mehmet Nuri Ersoy, T\u00fcrkiye \u00fczerinden KKTC&#8217;ye ya da KKTC&#8217;den devam u\u00e7u\u015flar\u0131na ili\u015fkin bir \u00e7al\u0131\u015fma y\u00fcr\u00fct\u00fcld\u00fc\u011f\u00fcn\u00fc, uluslararas\u0131 g\u00fcvenlik s\u00fcrecinin tamamlanmas\u0131yla KKTC&#8217;ye y\u00f6nelik kampanyalara da a\u011f\u0131rl\u0131k verece\u011fini s\u00f6yledi.&nbsp; Bakan Ersoy, \u0130ngiltere&#8217;nin ba\u015fkenti Londra&#8217;da kat\u0131ld\u0131\u011f\u0131 World Travel Market (WTM) fuar\u0131nda gazetecilere a\u00e7\u0131klamalarda bulundu.&nbsp; Ersoy, WTM kapsam\u0131nda Bulgaristan ve KKTC&#8217;den mevkida\u015flar\u0131yla da g\u00f6r\u00fc\u015ft\u00fc.<\/p>\n","protected":false},"author":1,"featured_media":17000,"comment_status":"open","ping_status":"open","sticky":false,"template":"","format":"standard","meta":{"footnotes":""},"categories":[1],"tags":[],"class_list":["post-16999","post","type-post","status-publish","format-standard","has-post-thumbnail","hentry","category-gundem"],"yoast_head":"<!-- This site is optimized with the Yoast SEO plugin v27.4 - https:\/\/yoast.com\/product\/yoast-seo-wordpress\/ -->\n<title>T\u00fcrkiye K\u00fclt\u00fcr ve Turizm Bakan\u0131 Ersoy: &#039;KKTC&#039;ye u\u00e7u\u015flara ili\u015fkin \u00e7al\u0131\u015fma y\u00fcr\u00fct\u00fcl\u00fcyor -<\/title>\n<meta name=\"robots\" content=\"index, follow, max-snippet:-1, max-image-preview:large, max-video-preview:-1\" \/>\n<link rel=\"canonical\" href=\"https:\/\/kibrisdakik.com\/?p=16999\" \/>\n<meta property=\"og:locale\" content=\"tr_TR\" \/>\n<meta property=\"og:type\" content=\"article\" \/>\n<meta property=\"og:title\" content=\"T\u00fcrkiye K\u00fclt\u00fcr ve Turizm Bakan\u0131 Ersoy: &#039;KKTC&#039;ye u\u00e7u\u015flara ili\u015fkin \u00e7al\u0131\u015fma y\u00fcr\u00fct\u00fcl\u00fcyor -\" \/>\n<meta property=\"og:description\" content=\"T\u00fcrkiye Cumhuriyeti K\u00fclt\u00fcr ve Turizm Bakan\u0131 Mehmet Nuri Ersoy, T\u00fcrkiye \u00fczerinden KKTC&#8217;ye ya da KKTC&#8217;den devam u\u00e7u\u015flar\u0131na ili\u015fkin bir \u00e7al\u0131\u015fma y\u00fcr\u00fct\u00fcld\u00fc\u011f\u00fcn\u00fc, uluslararas\u0131 g\u00fcvenlik s\u00fcrecinin tamamlanmas\u0131yla KKTC&#8217;ye y\u00f6nelik kampanyalara da a\u011f\u0131rl\u0131k verece\u011fini s\u00f6yledi.&nbsp; Bakan Ersoy, \u0130ngiltere&#8217;nin ba\u015fkenti Londra&#8217;da kat\u0131ld\u0131\u011f\u0131 World Travel Market (WTM) fuar\u0131nda gazetecilere a\u00e7\u0131klamalarda bulundu.&nbsp; Ersoy, WTM kapsam\u0131nda Bulgaristan ve KKTC&#8217;den mevkida\u015flar\u0131yla da g\u00f6r\u00fc\u015ft\u00fc.\" \/>\n<meta property=\"og:url\" content=\"https:\/\/kibrisdakik.com\/?p=16999\" \/>\n<meta property=\"article:published_time\" content=\"2023-11-06T20:20:37+00:00\" \/>\n<meta property=\"og:image\" content=\"https:\/\/kibrisdakik.com\/wp-content\/uploads\/2023\/11\/turkiye-kultur-ve-turizm-bakani-ersoy-kktcye-ucuslara-iliskin-calisma-yurutuluyor-1699301864.webp.webp\" \/>\n\t<meta property=\"og:image:width\" content=\"710\" \/>\n\t<meta property=\"og:image:height\" content=\"370\" \/>\n\t<meta property=\"og:image:type\" content=\"image\/webp\" \/>\n<meta name=\"author\" content=\"admin\" \/>\n<meta name=\"twitter:card\" content=\"summary_large_image\" \/>\n<meta name=\"twitter:label1\" content=\"Yazan:\" \/>\n\t<meta name=\"twitter:data1\" content=\"admin\" \/>\n\t<meta name=\"twitter:label2\" content=\"Tahmini okuma s\u00fcresi\" \/>\n\t<meta name=\"twitter:data2\" content=\"2 dakika\" \/>\n<script type=\"application\/ld+json\" class=\"yoast-schema-graph\">{\"@context\":\"https:\\\/\\\/schema.org\",\"@graph\":[{\"@type\":\"Article\",\"@id\":\"https:\\\/\\\/kibrisdakik.com\\\/?p=16999#article\",\"isPartOf\":{\"@id\":\"https:\\\/\\\/kibrisdakik.com\\\/?p=16999\"},\"author\":{\"name\":\"admin\",\"@id\":\"https:\\\/\\\/kibrisdakik.com\\\/#\\\/schema\\\/person\\\/9cd9d437bbb44f72b73ba127e06d8e79\"},\"headline\":\"T\u00fcrkiye K\u00fclt\u00fcr ve Turizm Bakan\u0131 Ersoy: &#039;KKTC&#039;ye u\u00e7u\u015flara ili\u015fkin \u00e7al\u0131\u015fma y\u00fcr\u00fct\u00fcl\u00fcyor\",\"datePublished\":\"2023-11-06T20:20:37+00:00\",\"mainEntityOfPage\":{\"@id\":\"https:\\\/\\\/kibrisdakik.com\\\/?p=16999\"},\"wordCount\":522,\"commentCount\":0,\"image\":{\"@id\":\"https:\\\/\\\/kibrisdakik.com\\\/?p=16999#primaryimage\"},\"thumbnailUrl\":\"https:\\\/\\\/kibrisdakik.com\\\/wp-content\\\/uploads\\\/2023\\\/11\\\/turkiye-kultur-ve-turizm-bakani-ersoy-kktcye-ucuslara-iliskin-calisma-yurutuluyor-1699301864.webp.webp\",\"articleSection\":[\"G\u00fcndem\"],\"inLanguage\":\"tr\",\"potentialAction\":[{\"@type\":\"CommentAction\",\"name\":\"Comment\",\"target\":[\"https:\\\/\\\/kibrisdakik.com\\\/?p=16999#respond\"]}]},{\"@type\":\"WebPage\",\"@id\":\"https:\\\/\\\/kibrisdakik.com\\\/?p=16999\",\"url\":\"https:\\\/\\\/kibrisdakik.com\\\/?p=16999\",\"name\":\"T\u00fcrkiye K\u00fclt\u00fcr ve Turizm Bakan\u0131 Ersoy: &#039;KKTC&#039;ye u\u00e7u\u015flara ili\u015fkin \u00e7al\u0131\u015fma y\u00fcr\u00fct\u00fcl\u00fcyor -\",\"isPartOf\":{\"@id\":\"https:\\\/\\\/kibrisdakik.com\\\/#website\"},\"primaryImageOfPage\":{\"@id\":\"https:\\\/\\\/kibrisdakik.com\\\/?p=16999#primaryimage\"},\"image\":{\"@id\":\"https:\\\/\\\/kibrisdakik.com\\\/?p=16999#primaryimage\"},\"thumbnailUrl\":\"https:\\\/\\\/kibrisdakik.com\\\/wp-content\\\/uploads\\\/2023\\\/11\\\/turkiye-kultur-ve-turizm-bakani-ersoy-kktcye-ucuslara-iliskin-calisma-yurutuluyor-1699301864.webp.webp\",\"datePublished\":\"2023-11-06T20:20:37+00:00\",\"author\":{\"@id\":\"https:\\\/\\\/kibrisdakik.com\\\/#\\\/schema\\\/person\\\/9cd9d437bbb44f72b73ba127e06d8e79\"},\"breadcrumb\":{\"@id\":\"https:\\\/\\\/kibrisdakik.com\\\/?p=16999#breadcrumb\"},\"inLanguage\":\"tr\",\"potentialAction\":[{\"@type\":\"ReadAction\",\"target\":[\"https:\\\/\\\/kibrisdakik.com\\\/?p=16999\"]}]},{\"@type\":\"ImageObject\",\"inLanguage\":\"tr\",\"@id\":\"https:\\\/\\\/kibrisdakik.com\\\/?p=16999#primaryimage\",\"url\":\"https:\\\/\\\/kibrisdakik.com\\\/wp-content\\\/uploads\\\/2023\\\/11\\\/turkiye-kultur-ve-turizm-bakani-ersoy-kktcye-ucuslara-iliskin-calisma-yurutuluyor-1699301864.webp.webp\",\"contentUrl\":\"https:\\\/\\\/kibrisdakik.com\\\/wp-content\\\/uploads\\\/2023\\\/11\\\/turkiye-kultur-ve-turizm-bakani-ersoy-kktcye-ucuslara-iliskin-calisma-yurutuluyor-1699301864.webp.webp\",\"width\":710,\"height\":370},{\"@type\":\"BreadcrumbList\",\"@id\":\"https:\\\/\\\/kibrisdakik.com\\\/?p=16999#breadcrumb\",\"itemListElement\":[{\"@type\":\"ListItem\",\"position\":1,\"name\":\"Home\",\"item\":\"https:\\\/\\\/kibrisdakik.com\\\/\"},{\"@type\":\"ListItem\",\"position\":2,\"name\":\"T\u00fcrkiye K\u00fclt\u00fcr ve Turizm Bakan\u0131 Ersoy: &#039;KKTC&#039;ye u\u00e7u\u015flara ili\u015fkin \u00e7al\u0131\u015fma y\u00fcr\u00fct\u00fcl\u00fcyor\"}]},{\"@type\":\"WebSite\",\"@id\":\"https:\\\/\\\/kibrisdakik.com\\\/#website\",\"url\":\"https:\\\/\\\/kibrisdakik.com\\\/\",\"name\":\"\",\"description\":\"Tam vaktinde haber\",\"potentialAction\":[{\"@type\":\"SearchAction\",\"target\":{\"@type\":\"EntryPoint\",\"urlTemplate\":\"https:\\\/\\\/kibrisdakik.com\\\/?s={search_term_string}\"},\"query-input\":{\"@type\":\"PropertyValueSpecification\",\"valueRequired\":true,\"valueName\":\"search_term_string\"}}],\"inLanguage\":\"tr\"},{\"@type\":\"Person\",\"@id\":\"https:\\\/\\\/kibrisdakik.com\\\/#\\\/schema\\\/person\\\/9cd9d437bbb44f72b73ba127e06d8e79\",\"name\":\"admin\",\"image\":{\"@type\":\"ImageObject\",\"inLanguage\":\"tr\",\"@id\":\"https:\\\/\\\/secure.gravatar.com\\\/avatar\\\/ccc17943b9d660506c869530f897617f7cb1c21a4bf30023f252596d83e1f007?s=96&d=mm&r=g\",\"url\":\"https:\\\/\\\/secure.gravatar.com\\\/avatar\\\/ccc17943b9d660506c869530f897617f7cb1c21a4bf30023f252596d83e1f007?s=96&d=mm&r=g\",\"contentUrl\":\"https:\\\/\\\/secure.gravatar.com\\\/avatar\\\/ccc17943b9d660506c869530f897617f7cb1c21a4bf30023f252596d83e1f007?s=96&d=mm&r=g\",\"caption\":\"admin\"},\"sameAs\":[\"https:\\\/\\\/kibrisdakik.com\"],\"url\":\"https:\\\/\\\/kibrisdakik.com\\\/?author=1\"}]}<\/script>\n<!-- \/ Yoast SEO plugin. -->","yoast_head_json":{"title":"T\u00fcrkiye K\u00fclt\u00fcr ve Turizm Bakan\u0131 Ersoy: &#039;KKTC&#039;ye u\u00e7u\u015flara ili\u015fkin \u00e7al\u0131\u015fma y\u00fcr\u00fct\u00fcl\u00fcyor -","robots":{"index":"index","follow":"follow","max-snippet":"max-snippet:-1","max-image-preview":"max-image-preview:large","max-video-preview":"max-video-preview:-1"},"canonical":"https:\/\/kibrisdakik.com\/?p=16999","og_locale":"tr_TR","og_type":"article","og_title":"T\u00fcrkiye K\u00fclt\u00fcr ve Turizm Bakan\u0131 Ersoy: &#039;KKTC&#039;ye u\u00e7u\u015flara ili\u015fkin \u00e7al\u0131\u015fma y\u00fcr\u00fct\u00fcl\u00fcyor -","og_description":"T\u00fcrkiye Cumhuriyeti K\u00fclt\u00fcr ve Turizm Bakan\u0131 Mehmet Nuri Ersoy, T\u00fcrkiye \u00fczerinden KKTC&#8217;ye ya da KKTC&#8217;den devam u\u00e7u\u015flar\u0131na ili\u015fkin bir \u00e7al\u0131\u015fma y\u00fcr\u00fct\u00fcld\u00fc\u011f\u00fcn\u00fc, uluslararas\u0131 g\u00fcvenlik s\u00fcrecinin tamamlanmas\u0131yla KKTC&#8217;ye y\u00f6nelik kampanyalara da a\u011f\u0131rl\u0131k verece\u011fini s\u00f6yledi.&nbsp; Bakan Ersoy, \u0130ngiltere&#8217;nin ba\u015fkenti Londra&#8217;da kat\u0131ld\u0131\u011f\u0131 World Travel Market (WTM) fuar\u0131nda gazetecilere a\u00e7\u0131klamalarda bulundu.&nbsp; Ersoy, WTM kapsam\u0131nda Bulgaristan ve KKTC&#8217;den mevkida\u015flar\u0131yla da g\u00f6r\u00fc\u015ft\u00fc.","og_url":"https:\/\/kibrisdakik.com\/?p=16999","article_published_time":"2023-11-06T20:20:37+00:00","og_image":[{"width":710,"height":370,"url":"https:\/\/kibrisdakik.com\/wp-content\/uploads\/2023\/11\/turkiye-kultur-ve-turizm-bakani-ersoy-kktcye-ucuslara-iliskin-calisma-yurutuluyor-1699301864.webp.webp","type":"image\/webp"}],"author":"admin","twitter_card":"summary_large_image","twitter_misc":{"Yazan:":"admin","Tahmini okuma s\u00fcresi":"2 dakika"},"schema":{"@context":"https:\/\/schema.org","@graph":[{"@type":"Article","@id":"https:\/\/kibrisdakik.com\/?p=16999#article","isPartOf":{"@id":"https:\/\/kibrisdakik.com\/?p=16999"},"author":{"name":"admin","@id":"https:\/\/kibrisdakik.com\/#\/schema\/person\/9cd9d437bbb44f72b73ba127e06d8e79"},"headline":"T\u00fcrkiye K\u00fclt\u00fcr ve Turizm Bakan\u0131 Ersoy: &#039;KKTC&#039;ye u\u00e7u\u015flara ili\u015fkin \u00e7al\u0131\u015fma y\u00fcr\u00fct\u00fcl\u00fcyor","datePublished":"2023-11-06T20:20:37+00:00","mainEntityOfPage":{"@id":"https:\/\/kibrisdakik.com\/?p=16999"},"wordCount":522,"commentCount":0,"image":{"@id":"https:\/\/kibrisdakik.com\/?p=16999#primaryimage"},"thumbnailUrl":"https:\/\/kibrisdakik.com\/wp-content\/uploads\/2023\/11\/turkiye-kultur-ve-turizm-bakani-ersoy-kktcye-ucuslara-iliskin-calisma-yurutuluyor-1699301864.webp.webp","articleSection":["G\u00fcndem"],"inLanguage":"tr","potentialAction":[{"@type":"CommentAction","name":"Comment","target":["https:\/\/kibrisdakik.com\/?p=16999#respond"]}]},{"@type":"WebPage","@id":"https:\/\/kibrisdakik.com\/?p=16999","url":"https:\/\/kibrisdakik.com\/?p=16999","name":"T\u00fcrkiye K\u00fclt\u00fcr ve Turizm Bakan\u0131 Ersoy: &#039;KKTC&#039;ye u\u00e7u\u015flara ili\u015fkin \u00e7al\u0131\u015fma y\u00fcr\u00fct\u00fcl\u00fcyor -","isPartOf":{"@id":"https:\/\/kibrisdakik.com\/#website"},"primaryImageOfPage":{"@id":"https:\/\/kibrisdakik.com\/?p=16999#primaryimage"},"image":{"@id":"https:\/\/kibrisdakik.com\/?p=16999#primaryimage"},"thumbnailUrl":"https:\/\/kibrisdakik.com\/wp-content\/uploads\/2023\/11\/turkiye-kultur-ve-turizm-bakani-ersoy-kktcye-ucuslara-iliskin-calisma-yurutuluyor-1699301864.webp.webp","datePublished":"2023-11-06T20:20:37+00:00","author":{"@id":"https:\/\/kibrisdakik.com\/#\/schema\/person\/9cd9d437bbb44f72b73ba127e06d8e79"},"breadcrumb":{"@id":"https:\/\/kibrisdakik.com\/?p=16999#breadcrumb"},"inLanguage":"tr","potentialAction":[{"@type":"ReadAction","target":["https:\/\/kibrisdakik.com\/?p=16999"]}]},{"@type":"ImageObject","inLanguage":"tr","@id":"https:\/\/kibrisdakik.com\/?p=16999#primaryimage","url":"https:\/\/kibrisdakik.com\/wp-content\/uploads\/2023\/11\/turkiye-kultur-ve-turizm-bakani-ersoy-kktcye-ucuslara-iliskin-calisma-yurutuluyor-1699301864.webp.webp","contentUrl":"https:\/\/kibrisdakik.com\/wp-content\/uploads\/2023\/11\/turkiye-kultur-ve-turizm-bakani-ersoy-kktcye-ucuslara-iliskin-calisma-yurutuluyor-1699301864.webp.webp","width":710,"height":370},{"@type":"BreadcrumbList","@id":"https:\/\/kibrisdakik.com\/?p=16999#breadcrumb","itemListElement":[{"@type":"ListItem","position":1,"name":"Home","item":"https:\/\/kibrisdakik.com\/"},{"@type":"ListItem","position":2,"name":"T\u00fcrkiye K\u00fclt\u00fcr ve Turizm Bakan\u0131 Ersoy: &#039;KKTC&#039;ye u\u00e7u\u015flara ili\u015fkin \u00e7al\u0131\u015fma y\u00fcr\u00fct\u00fcl\u00fcyor"}]},{"@type":"WebSite","@id":"https:\/\/kibrisdakik.com\/#website","url":"https:\/\/kibrisdakik.com\/","name":"","description":"Tam vaktinde haber","potentialAction":[{"@type":"SearchAction","target":{"@type":"EntryPoint","urlTemplate":"https:\/\/kibrisdakik.com\/?s={search_term_string}"},"query-input":{"@type":"PropertyValueSpecification","valueRequired":true,"valueName":"search_term_string"}}],"inLanguage":"tr"},{"@type":"Person","@id":"https:\/\/kibrisdakik.com\/#\/schema\/person\/9cd9d437bbb44f72b73ba127e06d8e79","name":"admin","image":{"@type":"ImageObject","inLanguage":"tr","@id":"https:\/\/secure.gravatar.com\/avatar\/ccc17943b9d660506c869530f897617f7cb1c21a4bf30023f252596d83e1f007?s=96&d=mm&r=g","url":"https:\/\/secure.gravatar.com\/avatar\/ccc17943b9d660506c869530f897617f7cb1c21a4bf30023f252596d83e1f007?s=96&d=mm&r=g","contentUrl":"https:\/\/secure.gravatar.com\/avatar\/ccc17943b9d660506c869530f897617f7cb1c21a4bf30023f252596d83e1f007?s=96&d=mm&r=g","caption":"admin"},"sameAs":["https:\/\/kibrisdakik.com"],"url":"https:\/\/kibrisdakik.com\/?author=1"}]}},"_links":{"self":[{"href":"https:\/\/kibrisdakik.com\/index.php?rest_route=\/wp\/v2\/posts\/16999","targetHints":{"allow":["GET"]}}],"collection":[{"href":"https:\/\/kibrisdakik.com\/index.php?rest_route=\/wp\/v2\/posts"}],"about":[{"href":"https:\/\/kibrisdakik.com\/index.php?rest_route=\/wp\/v2\/types\/post"}],"author":[{"embeddable":true,"href":"https:\/\/kibrisdakik.com\/index.php?rest_route=\/wp\/v2\/users\/1"}],"replies":[{"embeddable":true,"href":"https:\/\/kibrisdakik.com\/index.php?rest_route=%2Fwp%2Fv2%2Fcomments&post=16999"}],"version-history":[{"count":0,"href":"https:\/\/kibrisdakik.com\/index.php?rest_route=\/wp\/v2\/posts\/16999\/revisions"}],"wp:featuredmedia":[{"embeddable":true,"href":"https:\/\/kibrisdakik.com\/index.php?rest_route=\/wp\/v2\/media\/17000"}],"wp:attachment":[{"href":"https:\/\/kibrisdakik.com\/index.php?rest_route=%2Fwp%2Fv2%2Fmedia&parent=16999"}],"wp:term":[{"taxonomy":"category","embeddable":true,"href":"https:\/\/kibrisdakik.com\/index.php?rest_route=%2Fwp%2Fv2%2Fcategories&post=16999"},{"taxonomy":"post_tag","embeddable":true,"href":"https:\/\/kibrisdakik.com\/index.php?rest_route=%2Fwp%2Fv2%2Ftags&post=16999"}],"curies":[{"name":"wp","href":"https:\/\/api.w.org\/{rel}","templated":true}]}}