{"id":17087,"date":"2023-11-07T20:03:30","date_gmt":"2023-11-07T20:03:30","guid":{"rendered":"https:\/\/kibrisdakik.com\/index.php\/2023\/11\/07\/cumhurbaskani-tatar-ekonomik-isbirligi-teskilati-toplantisina-katilmak-uzere-ozbekistana-gidiyor\/"},"modified":"2023-11-07T20:03:30","modified_gmt":"2023-11-07T20:03:30","slug":"cumhurbaskani-tatar-ekonomik-isbirligi-teskilati-toplantisina-katilmak-uzere-ozbekistana-gidiyor","status":"publish","type":"post","link":"https:\/\/kibrisdakik.com\/?p=17087","title":{"rendered":"Cumhurba\u015fkan\u0131 Tatar, Ekonomik \u0130\u015fbirli\u011fi Te\u015fkilat\u0131 toplant\u0131s\u0131na kat\u0131lmak \u00fczere \u00d6zbekistan&#039;a gidiyor"},"content":{"rendered":"<p><img decoding=\"async\" src=\"https:\/\/www.kibristurk.com\/images\/haberler\/2023\/11\/cumhurbaskani-tatar-ekonomik-isbirligi-teskilati-toplantisina-katilmak-uzere-ozbekistana-gidiyor-1699386437.webp\" \/><\/p>\n<p>Cumhurba\u015fkan\u0131 Ersin Tatar, \u00d6zbekistan\u2019\u0131n ba\u015fkenti Ta\u015fkent&#8217;te d\u00fczenlenecek Ekonomik \u0130\u015fbirli\u011fi Te\u015fkilat\u0131 (E\u0130T) 16&#8217;nc\u0131 Zirvesi&#8217;ne kat\u0131lacak.&nbsp;&nbsp;<\/p>\n<p>Cumhurba\u015fkan\u0131 Tatar, Kuzey K\u0131br\u0131s T\u00fcrk Cumhuriyeti\u2019nin g\u00f6zlemci \u00fcye oldu\u011fu E\u0130T toplant\u0131s\u0131na kat\u0131lmak \u00fczere bu ak\u015fam \u00d6zbekistan&#8217;a hareket etti.&nbsp;&nbsp;<\/p>\n<p>Cumhurba\u015fkan\u0131 Tatar\u2019\u0131, Ercan Havaliman\u0131ndan Meclis Ba\u015fkan\u0131 Zorlu T\u00f6re ile Maliye Bakan\u0131 \u00d6zdemir Berova ve di\u011fer yetkililer u\u011furlad\u0131.&nbsp;&nbsp;<\/p>\n<p>\u00d6zbekistan\u2019a hareketinden \u00f6nce Ercan\u2019da bas\u0131n toplant\u0131s\u0131 d\u00fczenleyen Cumhurba\u015fkan\u0131 Tatar, Ekonomik \u0130\u015fbirli\u011fi Te\u015fkilat\u0131\u2019n\u0131n, 1985 y\u0131l\u0131nda \u0130ran, Pakistan ve T\u00fcrkiye taraf\u0131ndan kurulan uluslararas\u0131 bir kurulu\u015f oldu\u011funu ve \u00fcye say\u0131s\u0131n\u0131n Azerbaycan, Kazakistan, \u00d6zbekistan, T\u00fcrkmenistan, K\u0131rg\u0131zistan, Tacikistan ve Afganistan&#8217;\u0131n da kat\u0131l\u0131m\u0131 ile 10&#8217;a ula\u015ft\u0131\u011f\u0131n\u0131 kaydetti.&nbsp;&nbsp;<\/p>\n<p>Kuzey K\u0131br\u0131s T\u00fcrk Cumhuriyeti\u2019nin de g\u00f6zlemci \u00fcye oldu\u011funu ifade eden Tatar, K\u0131br\u0131s T\u00fcrk halk\u0131n\u0131n her platformda, sesini duyurmak amac\u0131yla yer almak, her t\u00fcrl\u00fc ili\u015fkileri geli\u015ftirmek i\u00e7in m\u00fccadeleyi s\u00fcrd\u00fcrd\u00fcklerini s\u00f6yledi.&nbsp;&nbsp;<\/p>\n<p>Bunun i\u00e7in de her t\u00fcrl\u00fc f\u0131rsat\u0131 de\u011ferlendirmek istediklerini ifade eden Tatar, 500 milyon \u00fczerinde bir n\u00fcfusu temsil eden Ekonomik \u0130\u015fbirli\u011fi Te\u015fkilat\u0131\u2019n\u0131n \u00f6nemine i\u015faret etti.&nbsp;&nbsp;<\/p>\n<p>KKTC\u2019nin hakl\u0131 davas\u0131n\u0131 ve yeni siyasetini anlatmak yan\u0131nda pandemi sonras\u0131 ve b\u00f6lgedeki sava\u015flar\u0131n yaratt\u0131\u011f\u0131 etkilerin de son bulmas\u0131yla yeni f\u0131rsatlar\u0131 de\u011ferlendirmek i\u00e7in \u00e7al\u0131\u015fmaya devam edeceklerini ifade eden Tatar, KKTC&#8217;nin tan\u0131nmas\u0131 i\u00e7in de T\u00fcrkiye Cumhuriyeti Cumhurba\u015fkan\u0131 Recep Tayyip Erdo\u011fan\u2019\u0131n deste\u011fini ve \u00e7a\u011fr\u0131lar\u0131n\u0131 i\u015faret etti.&nbsp;&nbsp;<\/p>\n<p>K\u0131br\u0131s\u2019ta federal temelde bir anla\u015fman\u0131n olmayaca\u011f\u0131n\u0131, siyasetin de\u011fi\u015fti\u011fini anlatan Tatar, K\u0131br\u0131s\u2019ta art\u0131k iki devlet zemininde bir anla\u015fma olabilece\u011fini s\u00f6yledi.&nbsp;&nbsp;<\/p>\n<p>\u201c\u00d6nemli olan bu konudaki kararl\u0131l\u0131\u011f\u0131n devam ettirilmesidir\u201d diyen Tatar, E\u0130T zirvesinde, muhataplar\u0131na, K\u0131br\u0131s\u2019ta iki devletin i\u015f birli\u011fine dayal\u0131 bir \u00e7\u00f6z\u00fcm olabilece\u011fini anlatacaklar\u0131n\u0131 kaydetti.&nbsp;&nbsp;<\/p>\n<p>Su ve enerji alanlar\u0131 yan\u0131nda t\u00fcm alanlarda, iki devletin i\u015f birli\u011fine dayal\u0131 bir anla\u015fmayla sorunun kal\u0131c\u0131 bir \u015fekilde \u00e7\u00f6z\u00fclebilece\u011fini, ada etraf\u0131ndaki zenginliklerin payla\u015f\u0131lmas\u0131, may\u0131nlar ve g\u00f6\u00e7menler konusunda iki egemen devletin i\u015f birli\u011fi yapabilece\u011fini ifade eden Tatar, bu \u00f6nerileri d\u00fcn BM Genel Sekreteri ile yapt\u0131\u011f\u0131 g\u00f6r\u00fc\u015fmede de BM \u00fczerinden yeniden iletti\u011fini belirtti.&nbsp;<\/p>\n","protected":false},"excerpt":{"rendered":"<p>Cumhurba\u015fkan\u0131 Ersin Tatar, \u00d6zbekistan\u2019\u0131n ba\u015fkenti Ta\u015fkent&#8217;te d\u00fczenlenecek Ekonomik \u0130\u015fbirli\u011fi Te\u015fkilat\u0131 (E\u0130T) 16&#8217;nc\u0131 Zirvesi&#8217;ne kat\u0131lacak.&nbsp;&nbsp; Cumhurba\u015fkan\u0131 Tatar, Kuzey K\u0131br\u0131s T\u00fcrk Cumhuriyeti\u2019nin g\u00f6zlemci \u00fcye oldu\u011fu E\u0130T toplant\u0131s\u0131na kat\u0131lmak \u00fczere bu ak\u015fam \u00d6zbekistan&#8217;a hareket etti.&nbsp;&nbsp; Cumhurba\u015fkan\u0131 Tatar\u2019\u0131, Ercan Havaliman\u0131ndan Meclis Ba\u015fkan\u0131 Zorlu T\u00f6re ile Maliye Bakan\u0131 \u00d6zdemir Berova ve di\u011fer yetkililer u\u011furlad\u0131.&nbsp;&nbsp; \u00d6zbekistan\u2019a hareketinden \u00f6nce Ercan\u2019da bas\u0131n toplant\u0131s\u0131<\/p>\n","protected":false},"author":1,"featured_media":17088,"comment_status":"open","ping_status":"open","sticky":false,"template":"","format":"standard","meta":{"footnotes":""},"categories":[1],"tags":[],"class_list":["post-17087","post","type-post","status-publish","format-standard","has-post-thumbnail","hentry","category-gundem"],"yoast_head":"<!-- This site is optimized with the Yoast SEO plugin v27.5 - https:\/\/yoast.com\/product\/yoast-seo-wordpress\/ -->\n<title>Cumhurba\u015fkan\u0131 Tatar, Ekonomik \u0130\u015fbirli\u011fi Te\u015fkilat\u0131 toplant\u0131s\u0131na kat\u0131lmak \u00fczere \u00d6zbekistan&#039;a gidiyor -<\/title>\n<meta name=\"robots\" content=\"index, follow, max-snippet:-1, max-image-preview:large, max-video-preview:-1\" \/>\n<link rel=\"canonical\" href=\"https:\/\/kibrisdakik.com\/?p=17087\" \/>\n<meta property=\"og:locale\" content=\"tr_TR\" \/>\n<meta property=\"og:type\" content=\"article\" \/>\n<meta property=\"og:title\" content=\"Cumhurba\u015fkan\u0131 Tatar, Ekonomik \u0130\u015fbirli\u011fi Te\u015fkilat\u0131 toplant\u0131s\u0131na kat\u0131lmak \u00fczere \u00d6zbekistan&#039;a gidiyor -\" \/>\n<meta property=\"og:description\" content=\"Cumhurba\u015fkan\u0131 Ersin Tatar, \u00d6zbekistan\u2019\u0131n ba\u015fkenti Ta\u015fkent&#8217;te d\u00fczenlenecek Ekonomik \u0130\u015fbirli\u011fi Te\u015fkilat\u0131 (E\u0130T) 16&#8217;nc\u0131 Zirvesi&#8217;ne kat\u0131lacak.&nbsp;&nbsp; Cumhurba\u015fkan\u0131 Tatar, Kuzey K\u0131br\u0131s T\u00fcrk Cumhuriyeti\u2019nin g\u00f6zlemci \u00fcye oldu\u011fu E\u0130T toplant\u0131s\u0131na kat\u0131lmak \u00fczere bu ak\u015fam \u00d6zbekistan&#8217;a hareket etti.&nbsp;&nbsp; Cumhurba\u015fkan\u0131 Tatar\u2019\u0131, Ercan Havaliman\u0131ndan Meclis Ba\u015fkan\u0131 Zorlu T\u00f6re ile Maliye Bakan\u0131 \u00d6zdemir Berova ve di\u011fer yetkililer u\u011furlad\u0131.&nbsp;&nbsp; \u00d6zbekistan\u2019a hareketinden \u00f6nce Ercan\u2019da bas\u0131n toplant\u0131s\u0131\" \/>\n<meta property=\"og:url\" content=\"https:\/\/kibrisdakik.com\/?p=17087\" \/>\n<meta property=\"article:published_time\" content=\"2023-11-07T20:03:30+00:00\" \/>\n<meta property=\"og:image\" content=\"https:\/\/kibrisdakik.com\/wp-content\/uploads\/2023\/11\/cumhurbaskani-tatar-ekonomik-isbirligi-teskilati-toplantisina-katilmak-uzere-ozbekistana-gidiyor-1699386437.webp.webp\" \/>\n\t<meta property=\"og:image:width\" content=\"710\" \/>\n\t<meta property=\"og:image:height\" content=\"370\" \/>\n\t<meta property=\"og:image:type\" content=\"image\/webp\" \/>\n<meta name=\"author\" content=\"admin\" \/>\n<meta name=\"twitter:card\" content=\"summary_large_image\" \/>\n<meta name=\"twitter:label1\" content=\"Yazan:\" \/>\n\t<meta name=\"twitter:data1\" content=\"admin\" \/>\n\t<meta name=\"twitter:label2\" content=\"Tahmini okuma s\u00fcresi\" \/>\n\t<meta name=\"twitter:data2\" content=\"2 dakika\" \/>\n<script type=\"application\/ld+json\" class=\"yoast-schema-graph\">{\"@context\":\"https:\\\/\\\/schema.org\",\"@graph\":[{\"@type\":\"Article\",\"@id\":\"https:\\\/\\\/kibrisdakik.com\\\/?p=17087#article\",\"isPartOf\":{\"@id\":\"https:\\\/\\\/kibrisdakik.com\\\/?p=17087\"},\"author\":{\"name\":\"admin\",\"@id\":\"https:\\\/\\\/kibrisdakik.com\\\/#\\\/schema\\\/person\\\/9cd9d437bbb44f72b73ba127e06d8e79\"},\"headline\":\"Cumhurba\u015fkan\u0131 Tatar, Ekonomik \u0130\u015fbirli\u011fi Te\u015fkilat\u0131 toplant\u0131s\u0131na kat\u0131lmak \u00fczere \u00d6zbekistan&#039;a gidiyor\",\"datePublished\":\"2023-11-07T20:03:30+00:00\",\"mainEntityOfPage\":{\"@id\":\"https:\\\/\\\/kibrisdakik.com\\\/?p=17087\"},\"wordCount\":463,\"commentCount\":0,\"image\":{\"@id\":\"https:\\\/\\\/kibrisdakik.com\\\/?p=17087#primaryimage\"},\"thumbnailUrl\":\"https:\\\/\\\/kibrisdakik.com\\\/wp-content\\\/uploads\\\/2023\\\/11\\\/cumhurbaskani-tatar-ekonomik-isbirligi-teskilati-toplantisina-katilmak-uzere-ozbekistana-gidiyor-1699386437.webp.webp\",\"articleSection\":[\"G\u00fcndem\"],\"inLanguage\":\"tr\",\"potentialAction\":[{\"@type\":\"CommentAction\",\"name\":\"Comment\",\"target\":[\"https:\\\/\\\/kibrisdakik.com\\\/?p=17087#respond\"]}]},{\"@type\":\"WebPage\",\"@id\":\"https:\\\/\\\/kibrisdakik.com\\\/?p=17087\",\"url\":\"https:\\\/\\\/kibrisdakik.com\\\/?p=17087\",\"name\":\"Cumhurba\u015fkan\u0131 Tatar, Ekonomik \u0130\u015fbirli\u011fi Te\u015fkilat\u0131 toplant\u0131s\u0131na kat\u0131lmak \u00fczere \u00d6zbekistan&#039;a gidiyor -\",\"isPartOf\":{\"@id\":\"https:\\\/\\\/kibrisdakik.com\\\/#website\"},\"primaryImageOfPage\":{\"@id\":\"https:\\\/\\\/kibrisdakik.com\\\/?p=17087#primaryimage\"},\"image\":{\"@id\":\"https:\\\/\\\/kibrisdakik.com\\\/?p=17087#primaryimage\"},\"thumbnailUrl\":\"https:\\\/\\\/kibrisdakik.com\\\/wp-content\\\/uploads\\\/2023\\\/11\\\/cumhurbaskani-tatar-ekonomik-isbirligi-teskilati-toplantisina-katilmak-uzere-ozbekistana-gidiyor-1699386437.webp.webp\",\"datePublished\":\"2023-11-07T20:03:30+00:00\",\"author\":{\"@id\":\"https:\\\/\\\/kibrisdakik.com\\\/#\\\/schema\\\/person\\\/9cd9d437bbb44f72b73ba127e06d8e79\"},\"breadcrumb\":{\"@id\":\"https:\\\/\\\/kibrisdakik.com\\\/?p=17087#breadcrumb\"},\"inLanguage\":\"tr\",\"potentialAction\":[{\"@type\":\"ReadAction\",\"target\":[\"https:\\\/\\\/kibrisdakik.com\\\/?p=17087\"]}]},{\"@type\":\"ImageObject\",\"inLanguage\":\"tr\",\"@id\":\"https:\\\/\\\/kibrisdakik.com\\\/?p=17087#primaryimage\",\"url\":\"https:\\\/\\\/kibrisdakik.com\\\/wp-content\\\/uploads\\\/2023\\\/11\\\/cumhurbaskani-tatar-ekonomik-isbirligi-teskilati-toplantisina-katilmak-uzere-ozbekistana-gidiyor-1699386437.webp.webp\",\"contentUrl\":\"https:\\\/\\\/kibrisdakik.com\\\/wp-content\\\/uploads\\\/2023\\\/11\\\/cumhurbaskani-tatar-ekonomik-isbirligi-teskilati-toplantisina-katilmak-uzere-ozbekistana-gidiyor-1699386437.webp.webp\",\"width\":710,\"height\":370},{\"@type\":\"BreadcrumbList\",\"@id\":\"https:\\\/\\\/kibrisdakik.com\\\/?p=17087#breadcrumb\",\"itemListElement\":[{\"@type\":\"ListItem\",\"position\":1,\"name\":\"Home\",\"item\":\"https:\\\/\\\/kibrisdakik.com\\\/\"},{\"@type\":\"ListItem\",\"position\":2,\"name\":\"Cumhurba\u015fkan\u0131 Tatar, Ekonomik \u0130\u015fbirli\u011fi Te\u015fkilat\u0131 toplant\u0131s\u0131na kat\u0131lmak \u00fczere \u00d6zbekistan&#039;a gidiyor\"}]},{\"@type\":\"WebSite\",\"@id\":\"https:\\\/\\\/kibrisdakik.com\\\/#website\",\"url\":\"https:\\\/\\\/kibrisdakik.com\\\/\",\"name\":\"\",\"description\":\"Tam vaktinde haber\",\"potentialAction\":[{\"@type\":\"SearchAction\",\"target\":{\"@type\":\"EntryPoint\",\"urlTemplate\":\"https:\\\/\\\/kibrisdakik.com\\\/?s={search_term_string}\"},\"query-input\":{\"@type\":\"PropertyValueSpecification\",\"valueRequired\":true,\"valueName\":\"search_term_string\"}}],\"inLanguage\":\"tr\"},{\"@type\":\"Person\",\"@id\":\"https:\\\/\\\/kibrisdakik.com\\\/#\\\/schema\\\/person\\\/9cd9d437bbb44f72b73ba127e06d8e79\",\"name\":\"admin\",\"image\":{\"@type\":\"ImageObject\",\"inLanguage\":\"tr\",\"@id\":\"https:\\\/\\\/secure.gravatar.com\\\/avatar\\\/ccc17943b9d660506c869530f897617f7cb1c21a4bf30023f252596d83e1f007?s=96&d=mm&r=g\",\"url\":\"https:\\\/\\\/secure.gravatar.com\\\/avatar\\\/ccc17943b9d660506c869530f897617f7cb1c21a4bf30023f252596d83e1f007?s=96&d=mm&r=g\",\"contentUrl\":\"https:\\\/\\\/secure.gravatar.com\\\/avatar\\\/ccc17943b9d660506c869530f897617f7cb1c21a4bf30023f252596d83e1f007?s=96&d=mm&r=g\",\"caption\":\"admin\"},\"sameAs\":[\"https:\\\/\\\/kibrisdakik.com\"],\"url\":\"https:\\\/\\\/kibrisdakik.com\\\/?author=1\"}]}<\/script>\n<!-- \/ Yoast SEO plugin. -->","yoast_head_json":{"title":"Cumhurba\u015fkan\u0131 Tatar, Ekonomik \u0130\u015fbirli\u011fi Te\u015fkilat\u0131 toplant\u0131s\u0131na kat\u0131lmak \u00fczere \u00d6zbekistan&#039;a gidiyor -","robots":{"index":"index","follow":"follow","max-snippet":"max-snippet:-1","max-image-preview":"max-image-preview:large","max-video-preview":"max-video-preview:-1"},"canonical":"https:\/\/kibrisdakik.com\/?p=17087","og_locale":"tr_TR","og_type":"article","og_title":"Cumhurba\u015fkan\u0131 Tatar, Ekonomik \u0130\u015fbirli\u011fi Te\u015fkilat\u0131 toplant\u0131s\u0131na kat\u0131lmak \u00fczere \u00d6zbekistan&#039;a gidiyor -","og_description":"Cumhurba\u015fkan\u0131 Ersin Tatar, \u00d6zbekistan\u2019\u0131n ba\u015fkenti Ta\u015fkent&#8217;te d\u00fczenlenecek Ekonomik \u0130\u015fbirli\u011fi Te\u015fkilat\u0131 (E\u0130T) 16&#8217;nc\u0131 Zirvesi&#8217;ne kat\u0131lacak.&nbsp;&nbsp; Cumhurba\u015fkan\u0131 Tatar, Kuzey K\u0131br\u0131s T\u00fcrk Cumhuriyeti\u2019nin g\u00f6zlemci \u00fcye oldu\u011fu E\u0130T toplant\u0131s\u0131na kat\u0131lmak \u00fczere bu ak\u015fam \u00d6zbekistan&#8217;a hareket etti.&nbsp;&nbsp; Cumhurba\u015fkan\u0131 Tatar\u2019\u0131, Ercan Havaliman\u0131ndan Meclis Ba\u015fkan\u0131 Zorlu T\u00f6re ile Maliye Bakan\u0131 \u00d6zdemir Berova ve di\u011fer yetkililer u\u011furlad\u0131.&nbsp;&nbsp; \u00d6zbekistan\u2019a hareketinden \u00f6nce Ercan\u2019da bas\u0131n toplant\u0131s\u0131","og_url":"https:\/\/kibrisdakik.com\/?p=17087","article_published_time":"2023-11-07T20:03:30+00:00","og_image":[{"width":710,"height":370,"url":"https:\/\/kibrisdakik.com\/wp-content\/uploads\/2023\/11\/cumhurbaskani-tatar-ekonomik-isbirligi-teskilati-toplantisina-katilmak-uzere-ozbekistana-gidiyor-1699386437.webp.webp","type":"image\/webp"}],"author":"admin","twitter_card":"summary_large_image","twitter_misc":{"Yazan:":"admin","Tahmini okuma s\u00fcresi":"2 dakika"},"schema":{"@context":"https:\/\/schema.org","@graph":[{"@type":"Article","@id":"https:\/\/kibrisdakik.com\/?p=17087#article","isPartOf":{"@id":"https:\/\/kibrisdakik.com\/?p=17087"},"author":{"name":"admin","@id":"https:\/\/kibrisdakik.com\/#\/schema\/person\/9cd9d437bbb44f72b73ba127e06d8e79"},"headline":"Cumhurba\u015fkan\u0131 Tatar, Ekonomik \u0130\u015fbirli\u011fi Te\u015fkilat\u0131 toplant\u0131s\u0131na kat\u0131lmak \u00fczere \u00d6zbekistan&#039;a gidiyor","datePublished":"2023-11-07T20:03:30+00:00","mainEntityOfPage":{"@id":"https:\/\/kibrisdakik.com\/?p=17087"},"wordCount":463,"commentCount":0,"image":{"@id":"https:\/\/kibrisdakik.com\/?p=17087#primaryimage"},"thumbnailUrl":"https:\/\/kibrisdakik.com\/wp-content\/uploads\/2023\/11\/cumhurbaskani-tatar-ekonomik-isbirligi-teskilati-toplantisina-katilmak-uzere-ozbekistana-gidiyor-1699386437.webp.webp","articleSection":["G\u00fcndem"],"inLanguage":"tr","potentialAction":[{"@type":"CommentAction","name":"Comment","target":["https:\/\/kibrisdakik.com\/?p=17087#respond"]}]},{"@type":"WebPage","@id":"https:\/\/kibrisdakik.com\/?p=17087","url":"https:\/\/kibrisdakik.com\/?p=17087","name":"Cumhurba\u015fkan\u0131 Tatar, Ekonomik \u0130\u015fbirli\u011fi Te\u015fkilat\u0131 toplant\u0131s\u0131na kat\u0131lmak \u00fczere \u00d6zbekistan&#039;a gidiyor -","isPartOf":{"@id":"https:\/\/kibrisdakik.com\/#website"},"primaryImageOfPage":{"@id":"https:\/\/kibrisdakik.com\/?p=17087#primaryimage"},"image":{"@id":"https:\/\/kibrisdakik.com\/?p=17087#primaryimage"},"thumbnailUrl":"https:\/\/kibrisdakik.com\/wp-content\/uploads\/2023\/11\/cumhurbaskani-tatar-ekonomik-isbirligi-teskilati-toplantisina-katilmak-uzere-ozbekistana-gidiyor-1699386437.webp.webp","datePublished":"2023-11-07T20:03:30+00:00","author":{"@id":"https:\/\/kibrisdakik.com\/#\/schema\/person\/9cd9d437bbb44f72b73ba127e06d8e79"},"breadcrumb":{"@id":"https:\/\/kibrisdakik.com\/?p=17087#breadcrumb"},"inLanguage":"tr","potentialAction":[{"@type":"ReadAction","target":["https:\/\/kibrisdakik.com\/?p=17087"]}]},{"@type":"ImageObject","inLanguage":"tr","@id":"https:\/\/kibrisdakik.com\/?p=17087#primaryimage","url":"https:\/\/kibrisdakik.com\/wp-content\/uploads\/2023\/11\/cumhurbaskani-tatar-ekonomik-isbirligi-teskilati-toplantisina-katilmak-uzere-ozbekistana-gidiyor-1699386437.webp.webp","contentUrl":"https:\/\/kibrisdakik.com\/wp-content\/uploads\/2023\/11\/cumhurbaskani-tatar-ekonomik-isbirligi-teskilati-toplantisina-katilmak-uzere-ozbekistana-gidiyor-1699386437.webp.webp","width":710,"height":370},{"@type":"BreadcrumbList","@id":"https:\/\/kibrisdakik.com\/?p=17087#breadcrumb","itemListElement":[{"@type":"ListItem","position":1,"name":"Home","item":"https:\/\/kibrisdakik.com\/"},{"@type":"ListItem","position":2,"name":"Cumhurba\u015fkan\u0131 Tatar, Ekonomik \u0130\u015fbirli\u011fi Te\u015fkilat\u0131 toplant\u0131s\u0131na kat\u0131lmak \u00fczere \u00d6zbekistan&#039;a gidiyor"}]},{"@type":"WebSite","@id":"https:\/\/kibrisdakik.com\/#website","url":"https:\/\/kibrisdakik.com\/","name":"","description":"Tam vaktinde haber","potentialAction":[{"@type":"SearchAction","target":{"@type":"EntryPoint","urlTemplate":"https:\/\/kibrisdakik.com\/?s={search_term_string}"},"query-input":{"@type":"PropertyValueSpecification","valueRequired":true,"valueName":"search_term_string"}}],"inLanguage":"tr"},{"@type":"Person","@id":"https:\/\/kibrisdakik.com\/#\/schema\/person\/9cd9d437bbb44f72b73ba127e06d8e79","name":"admin","image":{"@type":"ImageObject","inLanguage":"tr","@id":"https:\/\/secure.gravatar.com\/avatar\/ccc17943b9d660506c869530f897617f7cb1c21a4bf30023f252596d83e1f007?s=96&d=mm&r=g","url":"https:\/\/secure.gravatar.com\/avatar\/ccc17943b9d660506c869530f897617f7cb1c21a4bf30023f252596d83e1f007?s=96&d=mm&r=g","contentUrl":"https:\/\/secure.gravatar.com\/avatar\/ccc17943b9d660506c869530f897617f7cb1c21a4bf30023f252596d83e1f007?s=96&d=mm&r=g","caption":"admin"},"sameAs":["https:\/\/kibrisdakik.com"],"url":"https:\/\/kibrisdakik.com\/?author=1"}]}},"_links":{"self":[{"href":"https:\/\/kibrisdakik.com\/index.php?rest_route=\/wp\/v2\/posts\/17087","targetHints":{"allow":["GET"]}}],"collection":[{"href":"https:\/\/kibrisdakik.com\/index.php?rest_route=\/wp\/v2\/posts"}],"about":[{"href":"https:\/\/kibrisdakik.com\/index.php?rest_route=\/wp\/v2\/types\/post"}],"author":[{"embeddable":true,"href":"https:\/\/kibrisdakik.com\/index.php?rest_route=\/wp\/v2\/users\/1"}],"replies":[{"embeddable":true,"href":"https:\/\/kibrisdakik.com\/index.php?rest_route=%2Fwp%2Fv2%2Fcomments&post=17087"}],"version-history":[{"count":0,"href":"https:\/\/kibrisdakik.com\/index.php?rest_route=\/wp\/v2\/posts\/17087\/revisions"}],"wp:featuredmedia":[{"embeddable":true,"href":"https:\/\/kibrisdakik.com\/index.php?rest_route=\/wp\/v2\/media\/17088"}],"wp:attachment":[{"href":"https:\/\/kibrisdakik.com\/index.php?rest_route=%2Fwp%2Fv2%2Fmedia&parent=17087"}],"wp:term":[{"taxonomy":"category","embeddable":true,"href":"https:\/\/kibrisdakik.com\/index.php?rest_route=%2Fwp%2Fv2%2Fcategories&post=17087"},{"taxonomy":"post_tag","embeddable":true,"href":"https:\/\/kibrisdakik.com\/index.php?rest_route=%2Fwp%2Fv2%2Ftags&post=17087"}],"curies":[{"name":"wp","href":"https:\/\/api.w.org\/{rel}","templated":true}]}}