{"id":17201,"date":"2023-11-09T11:49:28","date_gmt":"2023-11-09T11:49:28","guid":{"rendered":"https:\/\/kibrisdakik.com\/index.php\/2023\/11\/09\/bakan-oguz-ataturkun-vefatinin-85-yil-donumu-dolayisiyla-mesaj-yayimladi\/"},"modified":"2023-11-09T11:49:28","modified_gmt":"2023-11-09T11:49:28","slug":"bakan-oguz-ataturkun-vefatinin-85-yil-donumu-dolayisiyla-mesaj-yayimladi","status":"publish","type":"post","link":"https:\/\/kibrisdakik.com\/?p=17201","title":{"rendered":"Bakan O\u011fuz Atat\u00fcrk\u2019\u00fcn vefat\u0131n\u0131n 85. y\u0131l d\u00f6n\u00fcm\u00fc dolay\u0131s\u0131yla mesaj yay\u0131mlad\u0131"},"content":{"rendered":"<p><img decoding=\"async\" src=\"https:\/\/www.kibristurk.com\/images\/haberler\/2023\/11\/bakan-oguz-ataturkun-vefatinin-85-yil-donumu-dolayisiyla-mesaj-yayimladi-1699528698.webp\" \/><\/p>\n<p style=\"text-align:left\"><span style=\"font-size:16px\"><span style=\"font-family:Merriweather,serif !important\"><span style=\"color:#000000\"><span style=\"background-color:#ffffff\">\u0130\u00e7i\u015fleri Bakan\u0131 Dursun O\u011fuz; T\u00fcrkiye Cumhuriyetinin kurucusu Ulu \u00d6nder Mustafa Kemal Atat\u00fcrk\u2019\u00fcn vefat\u0131n\u0131n 85. y\u0131l d\u00f6n\u00fcm\u00fc dolay\u0131s\u0131yla bir mesaj yay\u0131mlad\u0131.<\/span><\/span><\/span><\/span><\/p>\n<p style=\"text-align:left\"><span style=\"font-size:16px\"><span style=\"font-family:Merriweather,serif !important\"><span style=\"color:#000000\"><span style=\"background-color:#ffffff\">Bakan O\u011fuz mesaj\u0131nda \u015fu s\u00f6zlere yer verdi; \u2018\u201929 Ekim 1923\u2019de ba\u011f\u0131ms\u0131zl\u0131\u011f\u0131m\u0131z\u0131, varl\u0131\u011f\u0131m\u0131z\u0131 ve daima olaca\u011f\u0131m\u0131z\u0131 tarihe ad\u0131n\u0131 Cumhuriyet koyarak not d\u00fc\u015fen Gazi Mustafa Kemal Atat\u00fcrk, nesilden nesile aktar\u0131lacak ve bize b\u0131rakt\u0131\u011f\u0131 mirasla ilelebet ya\u015fat\u0131lacakt\u0131r. Onun ba\u011f\u0131ms\u0131zl\u0131\u011f\u0131m\u0131z i\u00e7in vermi\u015f oldu\u011fu m\u00fccadelesini anlamak ve bize b\u0131rakt\u0131\u011f\u0131 emanetlere sahip \u00e7\u0131kmak her T\u00fcrk\u00fcn sorumlulu\u011fudur. Bu duygu ve d\u00fc\u015f\u00fcncelerle Cumhuriyetimizin kurucusu Gazi Mustafa Kemal Atat\u00fcrk\u2019\u00fc, vefat\u0131n\u0131n 85\u2019inci y\u0131l d\u00f6n\u00fcm\u00fcnde sayg\u0131yla, minnetle ve rahmetle an\u0131yorum.\u201d<\/span><\/span><\/span><\/span><\/p>\n","protected":false},"excerpt":{"rendered":"<p>\u0130\u00e7i\u015fleri Bakan\u0131 Dursun O\u011fuz; T\u00fcrkiye Cumhuriyetinin kurucusu Ulu \u00d6nder Mustafa Kemal Atat\u00fcrk\u2019\u00fcn vefat\u0131n\u0131n 85. y\u0131l d\u00f6n\u00fcm\u00fc dolay\u0131s\u0131yla bir mesaj yay\u0131mlad\u0131. Bakan O\u011fuz mesaj\u0131nda \u015fu s\u00f6zlere yer verdi; \u2018\u201929 Ekim 1923\u2019de ba\u011f\u0131ms\u0131zl\u0131\u011f\u0131m\u0131z\u0131, varl\u0131\u011f\u0131m\u0131z\u0131 ve daima olaca\u011f\u0131m\u0131z\u0131 tarihe ad\u0131n\u0131 Cumhuriyet koyarak not d\u00fc\u015fen Gazi Mustafa Kemal Atat\u00fcrk, nesilden nesile aktar\u0131lacak ve bize b\u0131rakt\u0131\u011f\u0131 mirasla ilelebet ya\u015fat\u0131lacakt\u0131r. Onun<\/p>\n","protected":false},"author":1,"featured_media":17202,"comment_status":"open","ping_status":"open","sticky":false,"template":"","format":"standard","meta":{"footnotes":""},"categories":[1],"tags":[],"class_list":["post-17201","post","type-post","status-publish","format-standard","has-post-thumbnail","hentry","category-gundem"],"yoast_head":"<!-- This site is optimized with the Yoast SEO plugin v27.4 - https:\/\/yoast.com\/product\/yoast-seo-wordpress\/ -->\n<title>Bakan O\u011fuz Atat\u00fcrk\u2019\u00fcn vefat\u0131n\u0131n 85. y\u0131l d\u00f6n\u00fcm\u00fc dolay\u0131s\u0131yla mesaj yay\u0131mlad\u0131 -<\/title>\n<meta name=\"robots\" content=\"index, follow, max-snippet:-1, max-image-preview:large, max-video-preview:-1\" \/>\n<link rel=\"canonical\" href=\"https:\/\/kibrisdakik.com\/?p=17201\" \/>\n<meta property=\"og:locale\" content=\"tr_TR\" \/>\n<meta property=\"og:type\" content=\"article\" \/>\n<meta property=\"og:title\" content=\"Bakan O\u011fuz Atat\u00fcrk\u2019\u00fcn vefat\u0131n\u0131n 85. y\u0131l d\u00f6n\u00fcm\u00fc dolay\u0131s\u0131yla mesaj yay\u0131mlad\u0131 -\" \/>\n<meta property=\"og:description\" content=\"\u0130\u00e7i\u015fleri Bakan\u0131 Dursun O\u011fuz; T\u00fcrkiye Cumhuriyetinin kurucusu Ulu \u00d6nder Mustafa Kemal Atat\u00fcrk\u2019\u00fcn vefat\u0131n\u0131n 85. y\u0131l d\u00f6n\u00fcm\u00fc dolay\u0131s\u0131yla bir mesaj yay\u0131mlad\u0131. Bakan O\u011fuz mesaj\u0131nda \u015fu s\u00f6zlere yer verdi; \u2018\u201929 Ekim 1923\u2019de ba\u011f\u0131ms\u0131zl\u0131\u011f\u0131m\u0131z\u0131, varl\u0131\u011f\u0131m\u0131z\u0131 ve daima olaca\u011f\u0131m\u0131z\u0131 tarihe ad\u0131n\u0131 Cumhuriyet koyarak not d\u00fc\u015fen Gazi Mustafa Kemal Atat\u00fcrk, nesilden nesile aktar\u0131lacak ve bize b\u0131rakt\u0131\u011f\u0131 mirasla ilelebet ya\u015fat\u0131lacakt\u0131r. Onun\" \/>\n<meta property=\"og:url\" content=\"https:\/\/kibrisdakik.com\/?p=17201\" \/>\n<meta property=\"article:published_time\" content=\"2023-11-09T11:49:28+00:00\" \/>\n<meta property=\"og:image\" content=\"https:\/\/kibrisdakik.com\/wp-content\/uploads\/2023\/11\/bakan-oguz-ataturkun-vefatinin-85-yil-donumu-dolayisiyla-mesaj-yayimladi-1699528698.webp.webp\" \/>\n\t<meta property=\"og:image:width\" content=\"710\" \/>\n\t<meta property=\"og:image:height\" content=\"370\" \/>\n\t<meta property=\"og:image:type\" content=\"image\/webp\" \/>\n<meta name=\"author\" content=\"admin\" \/>\n<meta name=\"twitter:card\" content=\"summary_large_image\" \/>\n<meta name=\"twitter:label1\" content=\"Yazan:\" \/>\n\t<meta name=\"twitter:data1\" content=\"admin\" \/>\n\t<meta name=\"twitter:label2\" content=\"Tahmini okuma s\u00fcresi\" \/>\n\t<meta name=\"twitter:data2\" content=\"1 dakika\" \/>\n<script type=\"application\/ld+json\" class=\"yoast-schema-graph\">{\"@context\":\"https:\\\/\\\/schema.org\",\"@graph\":[{\"@type\":\"Article\",\"@id\":\"https:\\\/\\\/kibrisdakik.com\\\/?p=17201#article\",\"isPartOf\":{\"@id\":\"https:\\\/\\\/kibrisdakik.com\\\/?p=17201\"},\"author\":{\"name\":\"admin\",\"@id\":\"https:\\\/\\\/kibrisdakik.com\\\/#\\\/schema\\\/person\\\/9cd9d437bbb44f72b73ba127e06d8e79\"},\"headline\":\"Bakan O\u011fuz Atat\u00fcrk\u2019\u00fcn vefat\u0131n\u0131n 85. y\u0131l d\u00f6n\u00fcm\u00fc dolay\u0131s\u0131yla mesaj yay\u0131mlad\u0131\",\"datePublished\":\"2023-11-09T11:49:28+00:00\",\"mainEntityOfPage\":{\"@id\":\"https:\\\/\\\/kibrisdakik.com\\\/?p=17201\"},\"wordCount\":160,\"commentCount\":0,\"image\":{\"@id\":\"https:\\\/\\\/kibrisdakik.com\\\/?p=17201#primaryimage\"},\"thumbnailUrl\":\"https:\\\/\\\/kibrisdakik.com\\\/wp-content\\\/uploads\\\/2023\\\/11\\\/bakan-oguz-ataturkun-vefatinin-85-yil-donumu-dolayisiyla-mesaj-yayimladi-1699528698.webp.webp\",\"articleSection\":[\"G\u00fcndem\"],\"inLanguage\":\"tr\",\"potentialAction\":[{\"@type\":\"CommentAction\",\"name\":\"Comment\",\"target\":[\"https:\\\/\\\/kibrisdakik.com\\\/?p=17201#respond\"]}]},{\"@type\":\"WebPage\",\"@id\":\"https:\\\/\\\/kibrisdakik.com\\\/?p=17201\",\"url\":\"https:\\\/\\\/kibrisdakik.com\\\/?p=17201\",\"name\":\"Bakan O\u011fuz Atat\u00fcrk\u2019\u00fcn vefat\u0131n\u0131n 85. y\u0131l d\u00f6n\u00fcm\u00fc dolay\u0131s\u0131yla mesaj yay\u0131mlad\u0131 -\",\"isPartOf\":{\"@id\":\"https:\\\/\\\/kibrisdakik.com\\\/#website\"},\"primaryImageOfPage\":{\"@id\":\"https:\\\/\\\/kibrisdakik.com\\\/?p=17201#primaryimage\"},\"image\":{\"@id\":\"https:\\\/\\\/kibrisdakik.com\\\/?p=17201#primaryimage\"},\"thumbnailUrl\":\"https:\\\/\\\/kibrisdakik.com\\\/wp-content\\\/uploads\\\/2023\\\/11\\\/bakan-oguz-ataturkun-vefatinin-85-yil-donumu-dolayisiyla-mesaj-yayimladi-1699528698.webp.webp\",\"datePublished\":\"2023-11-09T11:49:28+00:00\",\"author\":{\"@id\":\"https:\\\/\\\/kibrisdakik.com\\\/#\\\/schema\\\/person\\\/9cd9d437bbb44f72b73ba127e06d8e79\"},\"breadcrumb\":{\"@id\":\"https:\\\/\\\/kibrisdakik.com\\\/?p=17201#breadcrumb\"},\"inLanguage\":\"tr\",\"potentialAction\":[{\"@type\":\"ReadAction\",\"target\":[\"https:\\\/\\\/kibrisdakik.com\\\/?p=17201\"]}]},{\"@type\":\"ImageObject\",\"inLanguage\":\"tr\",\"@id\":\"https:\\\/\\\/kibrisdakik.com\\\/?p=17201#primaryimage\",\"url\":\"https:\\\/\\\/kibrisdakik.com\\\/wp-content\\\/uploads\\\/2023\\\/11\\\/bakan-oguz-ataturkun-vefatinin-85-yil-donumu-dolayisiyla-mesaj-yayimladi-1699528698.webp.webp\",\"contentUrl\":\"https:\\\/\\\/kibrisdakik.com\\\/wp-content\\\/uploads\\\/2023\\\/11\\\/bakan-oguz-ataturkun-vefatinin-85-yil-donumu-dolayisiyla-mesaj-yayimladi-1699528698.webp.webp\",\"width\":710,\"height\":370},{\"@type\":\"BreadcrumbList\",\"@id\":\"https:\\\/\\\/kibrisdakik.com\\\/?p=17201#breadcrumb\",\"itemListElement\":[{\"@type\":\"ListItem\",\"position\":1,\"name\":\"Home\",\"item\":\"https:\\\/\\\/kibrisdakik.com\\\/\"},{\"@type\":\"ListItem\",\"position\":2,\"name\":\"Bakan O\u011fuz Atat\u00fcrk\u2019\u00fcn vefat\u0131n\u0131n 85. y\u0131l d\u00f6n\u00fcm\u00fc dolay\u0131s\u0131yla mesaj yay\u0131mlad\u0131\"}]},{\"@type\":\"WebSite\",\"@id\":\"https:\\\/\\\/kibrisdakik.com\\\/#website\",\"url\":\"https:\\\/\\\/kibrisdakik.com\\\/\",\"name\":\"\",\"description\":\"Tam vaktinde haber\",\"potentialAction\":[{\"@type\":\"SearchAction\",\"target\":{\"@type\":\"EntryPoint\",\"urlTemplate\":\"https:\\\/\\\/kibrisdakik.com\\\/?s={search_term_string}\"},\"query-input\":{\"@type\":\"PropertyValueSpecification\",\"valueRequired\":true,\"valueName\":\"search_term_string\"}}],\"inLanguage\":\"tr\"},{\"@type\":\"Person\",\"@id\":\"https:\\\/\\\/kibrisdakik.com\\\/#\\\/schema\\\/person\\\/9cd9d437bbb44f72b73ba127e06d8e79\",\"name\":\"admin\",\"image\":{\"@type\":\"ImageObject\",\"inLanguage\":\"tr\",\"@id\":\"https:\\\/\\\/secure.gravatar.com\\\/avatar\\\/ccc17943b9d660506c869530f897617f7cb1c21a4bf30023f252596d83e1f007?s=96&d=mm&r=g\",\"url\":\"https:\\\/\\\/secure.gravatar.com\\\/avatar\\\/ccc17943b9d660506c869530f897617f7cb1c21a4bf30023f252596d83e1f007?s=96&d=mm&r=g\",\"contentUrl\":\"https:\\\/\\\/secure.gravatar.com\\\/avatar\\\/ccc17943b9d660506c869530f897617f7cb1c21a4bf30023f252596d83e1f007?s=96&d=mm&r=g\",\"caption\":\"admin\"},\"sameAs\":[\"https:\\\/\\\/kibrisdakik.com\"],\"url\":\"https:\\\/\\\/kibrisdakik.com\\\/?author=1\"}]}<\/script>\n<!-- \/ Yoast SEO plugin. -->","yoast_head_json":{"title":"Bakan O\u011fuz Atat\u00fcrk\u2019\u00fcn vefat\u0131n\u0131n 85. y\u0131l d\u00f6n\u00fcm\u00fc dolay\u0131s\u0131yla mesaj yay\u0131mlad\u0131 -","robots":{"index":"index","follow":"follow","max-snippet":"max-snippet:-1","max-image-preview":"max-image-preview:large","max-video-preview":"max-video-preview:-1"},"canonical":"https:\/\/kibrisdakik.com\/?p=17201","og_locale":"tr_TR","og_type":"article","og_title":"Bakan O\u011fuz Atat\u00fcrk\u2019\u00fcn vefat\u0131n\u0131n 85. y\u0131l d\u00f6n\u00fcm\u00fc dolay\u0131s\u0131yla mesaj yay\u0131mlad\u0131 -","og_description":"\u0130\u00e7i\u015fleri Bakan\u0131 Dursun O\u011fuz; T\u00fcrkiye Cumhuriyetinin kurucusu Ulu \u00d6nder Mustafa Kemal Atat\u00fcrk\u2019\u00fcn vefat\u0131n\u0131n 85. y\u0131l d\u00f6n\u00fcm\u00fc dolay\u0131s\u0131yla bir mesaj yay\u0131mlad\u0131. Bakan O\u011fuz mesaj\u0131nda \u015fu s\u00f6zlere yer verdi; \u2018\u201929 Ekim 1923\u2019de ba\u011f\u0131ms\u0131zl\u0131\u011f\u0131m\u0131z\u0131, varl\u0131\u011f\u0131m\u0131z\u0131 ve daima olaca\u011f\u0131m\u0131z\u0131 tarihe ad\u0131n\u0131 Cumhuriyet koyarak not d\u00fc\u015fen Gazi Mustafa Kemal Atat\u00fcrk, nesilden nesile aktar\u0131lacak ve bize b\u0131rakt\u0131\u011f\u0131 mirasla ilelebet ya\u015fat\u0131lacakt\u0131r. Onun","og_url":"https:\/\/kibrisdakik.com\/?p=17201","article_published_time":"2023-11-09T11:49:28+00:00","og_image":[{"width":710,"height":370,"url":"https:\/\/kibrisdakik.com\/wp-content\/uploads\/2023\/11\/bakan-oguz-ataturkun-vefatinin-85-yil-donumu-dolayisiyla-mesaj-yayimladi-1699528698.webp.webp","type":"image\/webp"}],"author":"admin","twitter_card":"summary_large_image","twitter_misc":{"Yazan:":"admin","Tahmini okuma s\u00fcresi":"1 dakika"},"schema":{"@context":"https:\/\/schema.org","@graph":[{"@type":"Article","@id":"https:\/\/kibrisdakik.com\/?p=17201#article","isPartOf":{"@id":"https:\/\/kibrisdakik.com\/?p=17201"},"author":{"name":"admin","@id":"https:\/\/kibrisdakik.com\/#\/schema\/person\/9cd9d437bbb44f72b73ba127e06d8e79"},"headline":"Bakan O\u011fuz Atat\u00fcrk\u2019\u00fcn vefat\u0131n\u0131n 85. y\u0131l d\u00f6n\u00fcm\u00fc dolay\u0131s\u0131yla mesaj yay\u0131mlad\u0131","datePublished":"2023-11-09T11:49:28+00:00","mainEntityOfPage":{"@id":"https:\/\/kibrisdakik.com\/?p=17201"},"wordCount":160,"commentCount":0,"image":{"@id":"https:\/\/kibrisdakik.com\/?p=17201#primaryimage"},"thumbnailUrl":"https:\/\/kibrisdakik.com\/wp-content\/uploads\/2023\/11\/bakan-oguz-ataturkun-vefatinin-85-yil-donumu-dolayisiyla-mesaj-yayimladi-1699528698.webp.webp","articleSection":["G\u00fcndem"],"inLanguage":"tr","potentialAction":[{"@type":"CommentAction","name":"Comment","target":["https:\/\/kibrisdakik.com\/?p=17201#respond"]}]},{"@type":"WebPage","@id":"https:\/\/kibrisdakik.com\/?p=17201","url":"https:\/\/kibrisdakik.com\/?p=17201","name":"Bakan O\u011fuz Atat\u00fcrk\u2019\u00fcn vefat\u0131n\u0131n 85. y\u0131l d\u00f6n\u00fcm\u00fc dolay\u0131s\u0131yla mesaj yay\u0131mlad\u0131 -","isPartOf":{"@id":"https:\/\/kibrisdakik.com\/#website"},"primaryImageOfPage":{"@id":"https:\/\/kibrisdakik.com\/?p=17201#primaryimage"},"image":{"@id":"https:\/\/kibrisdakik.com\/?p=17201#primaryimage"},"thumbnailUrl":"https:\/\/kibrisdakik.com\/wp-content\/uploads\/2023\/11\/bakan-oguz-ataturkun-vefatinin-85-yil-donumu-dolayisiyla-mesaj-yayimladi-1699528698.webp.webp","datePublished":"2023-11-09T11:49:28+00:00","author":{"@id":"https:\/\/kibrisdakik.com\/#\/schema\/person\/9cd9d437bbb44f72b73ba127e06d8e79"},"breadcrumb":{"@id":"https:\/\/kibrisdakik.com\/?p=17201#breadcrumb"},"inLanguage":"tr","potentialAction":[{"@type":"ReadAction","target":["https:\/\/kibrisdakik.com\/?p=17201"]}]},{"@type":"ImageObject","inLanguage":"tr","@id":"https:\/\/kibrisdakik.com\/?p=17201#primaryimage","url":"https:\/\/kibrisdakik.com\/wp-content\/uploads\/2023\/11\/bakan-oguz-ataturkun-vefatinin-85-yil-donumu-dolayisiyla-mesaj-yayimladi-1699528698.webp.webp","contentUrl":"https:\/\/kibrisdakik.com\/wp-content\/uploads\/2023\/11\/bakan-oguz-ataturkun-vefatinin-85-yil-donumu-dolayisiyla-mesaj-yayimladi-1699528698.webp.webp","width":710,"height":370},{"@type":"BreadcrumbList","@id":"https:\/\/kibrisdakik.com\/?p=17201#breadcrumb","itemListElement":[{"@type":"ListItem","position":1,"name":"Home","item":"https:\/\/kibrisdakik.com\/"},{"@type":"ListItem","position":2,"name":"Bakan O\u011fuz Atat\u00fcrk\u2019\u00fcn vefat\u0131n\u0131n 85. y\u0131l d\u00f6n\u00fcm\u00fc dolay\u0131s\u0131yla mesaj yay\u0131mlad\u0131"}]},{"@type":"WebSite","@id":"https:\/\/kibrisdakik.com\/#website","url":"https:\/\/kibrisdakik.com\/","name":"","description":"Tam vaktinde haber","potentialAction":[{"@type":"SearchAction","target":{"@type":"EntryPoint","urlTemplate":"https:\/\/kibrisdakik.com\/?s={search_term_string}"},"query-input":{"@type":"PropertyValueSpecification","valueRequired":true,"valueName":"search_term_string"}}],"inLanguage":"tr"},{"@type":"Person","@id":"https:\/\/kibrisdakik.com\/#\/schema\/person\/9cd9d437bbb44f72b73ba127e06d8e79","name":"admin","image":{"@type":"ImageObject","inLanguage":"tr","@id":"https:\/\/secure.gravatar.com\/avatar\/ccc17943b9d660506c869530f897617f7cb1c21a4bf30023f252596d83e1f007?s=96&d=mm&r=g","url":"https:\/\/secure.gravatar.com\/avatar\/ccc17943b9d660506c869530f897617f7cb1c21a4bf30023f252596d83e1f007?s=96&d=mm&r=g","contentUrl":"https:\/\/secure.gravatar.com\/avatar\/ccc17943b9d660506c869530f897617f7cb1c21a4bf30023f252596d83e1f007?s=96&d=mm&r=g","caption":"admin"},"sameAs":["https:\/\/kibrisdakik.com"],"url":"https:\/\/kibrisdakik.com\/?author=1"}]}},"_links":{"self":[{"href":"https:\/\/kibrisdakik.com\/index.php?rest_route=\/wp\/v2\/posts\/17201","targetHints":{"allow":["GET"]}}],"collection":[{"href":"https:\/\/kibrisdakik.com\/index.php?rest_route=\/wp\/v2\/posts"}],"about":[{"href":"https:\/\/kibrisdakik.com\/index.php?rest_route=\/wp\/v2\/types\/post"}],"author":[{"embeddable":true,"href":"https:\/\/kibrisdakik.com\/index.php?rest_route=\/wp\/v2\/users\/1"}],"replies":[{"embeddable":true,"href":"https:\/\/kibrisdakik.com\/index.php?rest_route=%2Fwp%2Fv2%2Fcomments&post=17201"}],"version-history":[{"count":0,"href":"https:\/\/kibrisdakik.com\/index.php?rest_route=\/wp\/v2\/posts\/17201\/revisions"}],"wp:featuredmedia":[{"embeddable":true,"href":"https:\/\/kibrisdakik.com\/index.php?rest_route=\/wp\/v2\/media\/17202"}],"wp:attachment":[{"href":"https:\/\/kibrisdakik.com\/index.php?rest_route=%2Fwp%2Fv2%2Fmedia&parent=17201"}],"wp:term":[{"taxonomy":"category","embeddable":true,"href":"https:\/\/kibrisdakik.com\/index.php?rest_route=%2Fwp%2Fv2%2Fcategories&post=17201"},{"taxonomy":"post_tag","embeddable":true,"href":"https:\/\/kibrisdakik.com\/index.php?rest_route=%2Fwp%2Fv2%2Ftags&post=17201"}],"curies":[{"name":"wp","href":"https:\/\/api.w.org\/{rel}","templated":true}]}}