{"id":17205,"date":"2023-11-09T12:51:01","date_gmt":"2023-11-09T12:51:01","guid":{"rendered":"https:\/\/kibrisdakik.com\/index.php\/2023\/11\/09\/cumhurbaskani-tatar-eit-zirvesine-katildi-uye-devletlerden-destek-istedi\/"},"modified":"2023-11-09T12:51:01","modified_gmt":"2023-11-09T12:51:01","slug":"cumhurbaskani-tatar-eit-zirvesine-katildi-uye-devletlerden-destek-istedi","status":"publish","type":"post","link":"https:\/\/kibrisdakik.com\/?p=17205","title":{"rendered":"Cumhurba\u015fkan\u0131 Tatar, E\u0130T Zirvesi\u2019ne kat\u0131ld\u0131, \u00fcye devletlerden destek istedi"},"content":{"rendered":"<p><img decoding=\"async\" src=\"https:\/\/www.kibristurk.com\/images\/haberler\/2023\/11\/cumhurbaskani-tatar-eit-zirvesine-katildi-uye-devletlerden-destek-istedi-1699533828.webp\" \/><\/p>\n<p style=\"text-align:left\"><span style=\"font-size:16px\"><span style=\"font-family:Merriweather,serif !important\"><span style=\"color:#000000\"><span style=\"background-color:#ffffff\">umhurba\u015fkan\u0131 Ersin Tatar, \u00d6zbekistan\u2019\u0131n ba\u015fkenti Ta\u015fkent\u2019te d\u00fczenlenen Ekonomik \u0130\u015fbirli\u011fi Te\u015fkilat\u0131 (E\u0130T) 16. Zirvesi\u2019ne kat\u0131ld\u0131.<\/span><\/span><\/span><\/span><\/p>\n<p style=\"text-align:left\"><span style=\"font-size:16px\"><span style=\"font-family:Merriweather,serif !important\"><span style=\"color:#000000\"><span style=\"background-color:#ffffff\">Kuzey K\u0131br\u0131s T\u00fcrk Cumhuriyeti\u2019nin g\u00f6zlemci \u00fcye olarak yer ald\u0131\u011f\u0131 Ekonomik \u0130\u015fbirli\u011fi Te\u015fkilat\u0131 Zirvesi Toplant\u0131s\u0131, \u00fcye \u00fclkelerin ba\u015fkan ve temsilcilerinin kat\u0131l\u0131m\u0131yla ger\u00e7ekle\u015fti.<\/span><\/span><\/span><\/span><\/p>\n<p style=\"text-align:left\"><span style=\"font-size:16px\"><span style=\"font-family:Merriweather,serif !important\"><span style=\"color:#000000\"><span style=\"background-color:#ffffff\">Ta\u015fkent Kongre Merkezi\u2019nde yer alan toplant\u0131da, Cumhurba\u015fkan\u0131 Ersin Tatar, Kuzey K\u0131br\u0131s T\u00fcrk Cumhuriyeti\u2019ni temsilen toplant\u0131ya kat\u0131ld\u0131.<\/span><\/span><\/span><\/span><\/p>\n<p style=\"text-align:left\"><span style=\"font-size:16px\"><span style=\"font-family:Merriweather,serif !important\"><span style=\"color:#000000\"><span style=\"background-color:#ffffff\">Toplant\u0131ya kat\u0131lan T\u00fcrkiye Cumhuriyeti Cumhurba\u015fkan\u0131 Recep Tayyip Erdo\u011fan da, burada yapt\u0131\u011f\u0131 konu\u015fmada, KKTC\u2019ye destek belirtti.<\/span><\/span><\/span><\/span><\/p>\n<p style=\"text-align:left\"><span style=\"font-size:16px\"><span style=\"font-family:Merriweather,serif !important\"><span style=\"color:#000000\"><span style=\"background-color:#ffffff\">Cumhurba\u015fkan\u0131 Tatar ise \u00fcye \u00fclkelere yaz\u0131l\u0131 mesaj iletti.<\/span><\/span><\/span><\/span><\/p>\n<p style=\"text-align:left\"><span style=\"font-size:16px\"><span style=\"font-family:Merriweather,serif !important\"><span style=\"color:#000000\"><span style=\"background-color:#ffffff\">-Erdo\u011fan:&nbsp;&#8220;K\u0131br\u0131s T\u00fcrkleriyle her alanda ili\u015fkilerin tesis edilmesi ve geli\u015ftirilmesi \u00e7a\u011fr\u0131m\u0131 tekrarl\u0131yorum&#8221;<\/span><\/span><\/span><\/span><\/p>\n<p style=\"text-align:left\"><span style=\"font-size:16px\"><span style=\"font-family:Merriweather,serif !important\"><span style=\"color:#000000\"><span style=\"background-color:#ffffff\">T\u00fcrkiye Cumhurba\u015fkan\u0131&nbsp;Recep Tayyip Erdo\u011fan, konu\u015fmas\u0131nda K\u0131br\u0131s\u2019la ilgili \u015fu ifadelere yer verdi:<\/span><\/span><\/span><\/span><\/p>\n<p style=\"text-align:left\"><span style=\"font-size:16px\"><span style=\"font-family:Merriweather,serif !important\"><span style=\"color:#000000\"><span style=\"background-color:#ffffff\">&#8220;Ekonomik \u0130\u015fbirli\u011fi Te\u015fkilat\u0131n\u0131n g\u00f6zlemci \u00fcyesi olan Kuzey K\u0131br\u0131s T\u00fcrk Cumhuriyeti&#8217;nin, zirvede Cumhurba\u015fkan\u0131 Say\u0131n Ersin Tatar taraf\u0131ndan temsil edilmesi, K\u0131br\u0131sl\u0131 karde\u015flerimize reva g\u00f6r\u00fclen haks\u0131z uygulamalar kar\u015f\u0131s\u0131nda \u00f6nemli bir mesajd\u0131r. Ekonomik \u0130\u015fbirli\u011fi Te\u015fkilat\u0131 \u00fcyeleri olarak gayri hukuki uygulamalarla haks\u0131z bir \u015fekilde bask\u0131 ve izolasyon alt\u0131nda tutulan K\u0131br\u0131s T\u00fcrklerinin seslerini duyurmak hepimizin sorumlulu\u011fudur. Bu do\u011frultuda burada bir kez daha K\u0131br\u0131s T\u00fcrkleriyle her alanda ili\u015fkilerin tesis edilmesi ve geli\u015ftirilmesi \u00e7a\u011fr\u0131m\u0131 tekrarl\u0131yorum. Bu y\u00f6nde ad\u0131m atan t\u00fcm karde\u015flerime te\u015fekk\u00fcr ediyorum. &#8216;Rabb&#8217;im birli\u011fimizi, beraberli\u011fimizi ve dayan\u0131\u015fmam\u0131z\u0131 daim eylesin.&#8217; diyorum.&#8221;<\/span><\/span><\/span><\/span><\/p>\n<p style=\"text-align:left\"><span style=\"font-size:16px\"><span style=\"font-family:Merriweather,serif !important\"><span style=\"color:#000000\"><span style=\"background-color:#ffffff\">-Tatar \u00fcye \u00fclkelere mesaj\u0131n\u0131 iletti<\/span><\/span><\/span><\/span><\/p>\n<p style=\"text-align:left\"><span style=\"font-size:16px\"><span style=\"font-family:Merriweather,serif !important\"><span style=\"color:#000000\"><span style=\"background-color:#ffffff\">Cumhurba\u015fkan\u0131 Ersin Tatar, toplant\u0131da, \u00fcye \u00fclkelere iletti\u011fi metinde, K\u0131br\u0131s T\u00fcrk halk\u0131n\u0131n uluslararas\u0131 alanda hak etti\u011fi yerini almas\u0131n\u0131n zaman\u0131 geldi\u011fine vurgu yapt\u0131, \u201cBu onurlu m\u00fccadelemize devam ederken, siz de\u011ferli Devlet ve H\u00fck\u00fcmet Ba\u015fkanlar\u0131n\u0131n deste\u011fi bizler i\u00e7in ya\u015famsal \u00f6neme haizdir\u201d dedi.<\/span><\/span><\/span><\/span><\/p>\n<p style=\"text-align:left\"><span style=\"font-size:16px\"><span style=\"font-family:Merriweather,serif !important\"><span style=\"color:#000000\"><span style=\"background-color:#ffffff\">Tatar, K\u0131br\u0131s T\u00fcrk halk\u0131na uygulanan insanl\u0131k d\u0131\u015f\u0131 izolasyonu dayan\u0131\u015fmayla a\u015fabileceklerine inan\u00e7 belirterek, her alanda i\u015f birli\u011fine a\u00e7\u0131k olduklar\u0131n\u0131 vurgulad\u0131.<\/span><\/span><\/span><\/span><\/p>\n<p style=\"text-align:left\"><span style=\"font-size:16px\"><span style=\"font-family:Merriweather,serif !important\"><span style=\"color:#000000\"><span style=\"background-color:#ffffff\">Cumhurba\u015fkan\u0131 Tatar, E\u0130T \u00fcyesi \u00fclkelere da\u011f\u0131tt\u0131\u011f\u0131 metinde \u015funlar\u0131 kaydetti:<\/span><\/span><\/span><\/span><\/p>\n<p style=\"text-align:left\"><span style=\"font-size:16px\"><span style=\"font-family:Merriweather,serif !important\"><span style=\"color:#000000\"><span style=\"background-color:#ffffff\">\u201cSayg\u0131de\u011fer Devlet ve H\u00fck\u00fcmet Ba\u015fkanlar\u0131, Say\u0131n Genel Sekreter, De\u011ferli kat\u0131l\u0131mc\u0131lar,<\/span><\/span><\/span><\/span><\/p>\n<p style=\"text-align:left\"><span style=\"font-size:16px\"><span style=\"font-family:Merriweather,serif !important\"><span style=\"color:#000000\"><span style=\"background-color:#ffffff\">Sizleri K\u0131br\u0131s T\u00fcrk Halk\u0131, Kuzey K\u0131br\u0131s T\u00fcrk Cumhuriyeti H\u00fck\u00fcmeti ve \u015fahs\u0131m ad\u0131na can\u0131 g\u00f6n\u00fclden selaml\u0131yorum.<\/span><\/span><\/span><\/span><\/p>\n<p style=\"text-align:left\"><span style=\"font-size:16px\"><span style=\"font-family:Merriweather,serif !important\"><span style=\"color:#000000\"><span style=\"background-color:#ffffff\">Ekonomik \u0130\u015fbirli\u011fi Te\u015fkilat\u0131\u2019n\u0131n Devlet ve H\u00fck\u00fcmet Ba\u015fkanlar\u0131 Zirvesi vesilesiyle sizlerle birlikte olmaktan b\u00fcy\u00fck mutluluk duyuyorum.<\/span><\/span><\/span><\/span><\/p>\n<p style=\"text-align:left\"><span style=\"font-size:16px\"><span style=\"font-family:Merriweather,serif !important\"><span style=\"color:#000000\"><span style=\"background-color:#ffffff\">Ba\u015fta \u00d6zbek karde\u015flerimize te\u015fekk\u00fcr ediyor, \u00d6zbekistan Cumhurba\u015fkan\u0131 Say\u0131n \u015eevket Mirziyoyev\u2019e bizlere g\u00f6sterdikleri misafirperverliklerinden dolay\u0131 \u015f\u00fckranlar\u0131m\u0131 sunuyorum.<\/span><\/span><\/span><\/span><\/p>\n<p style=\"text-align:left\"><span style=\"font-size:16px\"><span style=\"font-family:Merriweather,serif !important\"><span style=\"color:#000000\"><span style=\"background-color:#ffffff\">Ekonomik \u0130\u015fbirli\u011fi Te\u015fkilat\u0131 Genel Sekreteri B\u00fcy\u00fckel\u00e7i Say\u0131n Khusrav Noz\u0131r\u0131\u2019ye, bizlere sundu\u011fu destek i\u00e7in de ayr\u0131ca te\u015fekk\u00fcr ediyorum.<\/span><\/span><\/span><\/span><\/p>\n<p style=\"text-align:left\"><span style=\"font-size:16px\"><span style=\"font-family:Merriweather,serif !important\"><span style=\"color:#000000\"><span style=\"background-color:#ffffff\">B\u00fcy\u00fck \u0130pek Yolu&#8217;nun kav\u015fa\u011f\u0131nda bulunan, d\u00fcnya uygarl\u0131\u011f\u0131n\u0131n merkezlerinden biri olan \u00d6zbekistan&#8217;\u0131n kadim Ta\u015fkent \u015fehrinde d\u00fczenlenen Ekonomik \u0130\u015fbirli\u011fi Te\u015fkilat\u0131 Devlet ve H\u00fck\u00fcmet Ba\u015fkanlar\u0131 toplant\u0131s\u0131nda bulunmak benim i\u00e7in ayr\u0131 bir onurdur.<\/span><\/span><\/span><\/span><\/p>\n<p style=\"text-align:left\"><span style=\"font-size:16px\"><span style=\"font-family:Merriweather,serif !important\"><span style=\"color:#000000\"><span style=\"background-color:#ffffff\">\u0130lk olarak Gazze\u2019de sivillere kar\u015f\u0131 devam etmekte olan \u015fiddettin bir an \u00f6nce durmas\u0131 ve orada ya\u015fanan insanl\u0131k dram\u0131n\u0131n sona ermesinin \u00f6nemine vurgu yaparak s\u00f6zlerime ba\u015flamak istiyorum. Benzer \u015fiddeti ya\u015fam\u0131\u015f bir Halk\u0131n Cumhurba\u015fkan\u0131 olarak, ac\u0131 ve g\u00f6z ya\u015f\u0131n\u0131n durmas\u0131 ve Filistin Halk\u0131n\u0131n g\u00fcvenli\u011fini sa\u011flayacak mekanizmalar\u0131n bir an \u00f6nce sa\u011flanmas\u0131 en b\u00fcy\u00fck temennimdir. Bu ama\u00e7lara bizlere d\u00fc\u015fen bir g\u00f6rev varsa teredd\u00fcts\u00fcz yerine getirmeye haz\u0131r oldu\u011fumuzu da ifade etmek istiyorum.<\/span><\/span><\/span><\/span><\/p>\n<p style=\"text-align:left\"><span style=\"font-size:16px\"><span style=\"font-family:Merriweather,serif !important\"><span style=\"color:#000000\"><span style=\"background-color:#ffffff\">De\u011ferli Devlet ve H\u00fck\u00fcmet Ba\u015fkanlar\u0131,<\/span><\/span><\/span><\/span><\/p>\n<p style=\"text-align:left\"><span style=\"font-size:16px\"><span style=\"font-family:Merriweather,serif !important\"><span style=\"color:#000000\"><span style=\"background-color:#ffffff\">Kuzey K\u0131br\u0131s T\u00fcrk Cumhuriyeti, Ekonomik \u0130\u015fbirli\u011fi Te\u015fkilat\u0131\u2019n\u0131n vizyon 2025 hedeflerine tamamen ba\u011fl\u0131d\u0131r. Bilindi\u011fi gibi, Devletimiz 1992 y\u0131l\u0131ndan beri, \u00f6rg\u00fct\u00fcn faaliyet ve etkinliklerine kat\u0131lmaktad\u0131r. Kuzey K\u0131br\u0131s T\u00fcrk Cumhuriyeti, g\u00f6zlemci stat\u00fcs\u00fcn\u00fc kazand\u0131\u011f\u0131 2012 y\u0131l\u0131ndan bu yana, \u00f6rg\u00fct\u00fcn \u00e7al\u0131\u015fmalar\u0131na katk\u0131 koyabilmeye y\u00f6nelik olarak aktif \u015fekilde elinden geleni yapmaya \u00e7al\u0131\u015fmaktad\u0131r.<\/span><\/span><\/span><\/span><\/p>\n<p style=\"text-align:left\"><span style=\"font-size:16px\"><span style=\"font-family:Merriweather,serif !important\"><span style=\"color:#000000\"><span style=\"background-color:#ffffff\">Bu kapsamda vizyon 2025&#8217;te belirtilen, ticaret, ula\u015ft\u0131rma ve ba\u011flant\u0131, enerji, turizm, ekonomik b\u00fcy\u00fcme ve verimlilik, sosyal refah ve \u00e7evre konular\u0131nda i\u015fbirli\u011fi alanlar\u0131na katk\u0131da bulunmaya haz\u0131r oldu\u011fumuzu vurgulamak istiyorum. Bunlar\u0131n yan\u0131nda y\u00fcksek\u00f6\u011fretim kurumlar\u0131m\u0131z da karde\u015f \u00fcye devletlerle i\u015fbirli\u011fi alanlar\u0131 olu\u015fturmaya haz\u0131rd\u0131r.<\/span><\/span><\/span><\/span><\/p>\n<p style=\"text-align:left\"><span style=\"font-size:16px\"><span style=\"font-family:Merriweather,serif !important\"><span style=\"color:#000000\"><span style=\"background-color:#ffffff\">Te\u015fkilat\u0131m\u0131zca \u00f6ng\u00f6r\u00fclen reform \u00e7al\u0131\u015fmalar\u0131 \u00e7er\u00e7evesinde g\u00f6zlemci \u00fcyeli\u011fin kal\u0131c\u0131 hale getirilece\u011fini umuyor ve g\u00fcveniyoruz.<\/span><\/span><\/span><\/span><\/p>\n<p style=\"text-align:left\"><span style=\"font-size:16px\"><span style=\"font-family:Merriweather,serif !important\"><span style=\"color:#000000\"><span style=\"background-color:#ffffff\">Te\u015fkilat\u0131m\u0131z\u0131n hak ve y\u00fck\u00fcml\u00fcl\u00fckleri uyar\u0131nca, \u015fimdi oldu\u011fu gibi, g\u00f6zlemci \u00fcyelerin her toplant\u0131ya Daim\u00ee Temsilciler Konseyi\u2019nin onay\u0131na ihtiyac\u0131 olmadan i\u015ftirak edebilmesinin E\u0130T i\u00e7i ili\u015fkilere de olumlu katk\u0131lar\u0131 olaca\u011f\u0131na inan\u0131yorum.<\/span><\/span><\/span><\/span><\/p>\n<p style=\"text-align:left\"><span style=\"font-size:16px\"><span style=\"font-family:Merriweather,serif !important\"><span style=\"color:#000000\"><span style=\"background-color:#ffffff\">Sayg\u0131de\u011fer Liderler,<\/span><\/span><\/span><\/span><\/p>\n<p style=\"text-align:left\"><span style=\"font-size:16px\"><span style=\"font-family:Merriweather,serif !important\"><span style=\"color:#000000\"><span style=\"background-color:#ffffff\">K\u0131br\u0131s konusunda \u00e7ok \u00f6nemli bir d\u00f6n\u00fcm noktas\u0131nday\u0131z. 60. y\u0131l\u0131n\u0131 dolduracak olan K\u0131br\u0131s konusunda, K\u0131br\u0131s T\u00fcrk taraf\u0131n\u0131n uzun y\u0131llard\u0131r \u0131srarl\u0131 iyi niyetine ve yap\u0131c\u0131 duru\u015funa ra\u011fmen, Birle\u015fmi\u015f Milletler nezdinde s\u00fcrd\u00fcr\u00fclen say\u0131s\u0131z m\u00fczakere s\u00fcre\u00e7lerinin ard\u0131ndan, iki toplumlu iki b\u00f6lgeli federasyon modeli defaten ya\u015fanan ba\u015far\u0131s\u0131zl\u0131klardan dolay\u0131 bizim i\u00e7in art\u0131k t\u00fcketilmi\u015ftir. K\u0131br\u0131s T\u00fcrk taraf\u0131 bir \u00e7\u00f6z\u00fcm modeli olarak federasyon zemininden r\u0131zas\u0131n\u0131 \u00e7ekmi\u015f ve bu karar\u0131n\u0131 BM Genel Sekreteri de dahil olmak \u00fczere ilgili t\u00fcm kesimlere bildirmi\u015ftir.<\/span><\/span><\/span><\/span><\/p>\n<p style=\"text-align:left\"><span style=\"font-size:16px\"><span style=\"font-family:Merriweather,serif !important\"><span style=\"color:#000000\"><span style=\"background-color:#ffffff\">Cumhurba\u015fkan\u0131 se\u00e7ilmemi m\u00fcteakip, K\u0131br\u0131s T\u00fcrk Halk\u0131 ad\u0131na ortaya koydu\u011fum yeni vizyon zemininde ancak K\u0131br\u0131s konusu adil ve kal\u0131c\u0131 bir uzla\u015f\u0131yla sonu\u00e7lanabilir. K\u0131br\u0131s adas\u0131nda iki ayr\u0131 Halk, iki ayr\u0131 Devlet vard\u0131r. K\u0131br\u0131s Adas\u0131nda s\u00fcrd\u00fcr\u00fclebilir bir uzla\u015f\u0131, egemen e\u015fitlik ve e\u015fit uluslararas\u0131 stat\u00fc zemininde iki Devletin i\u015fbirli\u011fiyle bulunabilir. Yeni ve resmi bir s\u00fcre\u00e7 ancak egemen e\u015fitli\u011fimizin ve e\u015fit uluslararas\u0131 stat\u00fcm\u00fcz\u00fcn teyit edilmesiyle ba\u015flayabilir. Hali haz\u0131rda BM ile iki taraf aras\u0131ndan yeni ve resmi bir s\u00fcrece ge\u00e7ilebilmesi i\u00e7in ortak zemin olup olmad\u0131\u011f\u0131 konusunda \u00e7al\u0131\u015fmalar devam etmektedir.<\/span><\/span><\/span><\/span><\/p>\n<p style=\"text-align:left\"><span style=\"font-size:16px\"><span style=\"font-family:Merriweather,serif !important\"><span style=\"color:#000000\"><span style=\"background-color:#ffffff\">De\u011ferli kat\u0131l\u0131mc\u0131lar,<\/span><\/span><\/span><\/span><\/p>\n<p style=\"text-align:left\"><span style=\"font-size:16px\"><span style=\"font-family:Merriweather,serif !important\"><span style=\"color:#000000\"><span style=\"background-color:#ffffff\">K\u0131br\u0131s T\u00fcrk Halk\u0131n\u0131n uluslararas\u0131 alanda hak etti\u011fi yeri almas\u0131 i\u00e7in onurlu m\u00fccadelemize devam ediyoruz. Bu vesileyle T\u00fcrkiye Cumhurba\u015fkan\u0131 Say\u0131n Recep Tayyip Erdo\u011fan\u2019\u0131n \u00f6nce BM\u2019nin 77. ard\u0131ndan ise 78. Genel Kurullar\u0131nda yapm\u0131\u015f oldu\u011fu tarihi konu\u015fmalar\u0131na dikkatinizi \u00e7ekmek istiyorum. T\u00fcrkiye Cumhurba\u015fkan\u0131 Say\u0131n Recep Tayyip Erdo\u011fan, BM\u2019nin 77. Genel Kurulu\u2019nda yapt\u0131\u011f\u0131 \u00e7a\u011fr\u0131y\u0131 bu y\u0131l yineleyerek D\u00fcnya Liderlerini Devletimiz Kuzey K\u0131br\u0131s T\u00fcrk Cumhuriyeti\u2019nin ba\u011f\u0131ms\u0131zl\u0131\u011f\u0131n\u0131 tan\u0131maya ve diplomatik, siyasi ve ekonomik ili\u015fkiler kurmaya davet etmi\u015ftir. T\u00fcrkiye Cumhurba\u015fkan\u0131 Say\u0131n Erdo\u011fan\u2019a, K\u0131br\u0131s T\u00fcrk Halk\u0131na kararl\u0131l\u0131kla sundu\u011fu ve sunmaya devam etti\u011fi de\u011ferli deste\u011finden dolay\u0131 \u015f\u00fckranlar\u0131m\u0131 yinelemek istiyorum.<\/span><\/span><\/span><\/span><\/p>\n<p style=\"text-align:left\"><span style=\"font-size:16px\"><span style=\"font-family:Merriweather,serif !important\"><span style=\"color:#000000\"><span style=\"background-color:#ffffff\">Ge\u00e7ti\u011fimiz y\u0131l devletimiz T\u00fcrk Devletleri Te\u015fkilat\u0131 nezdinde g\u00f6zlemci stat\u00fcs\u00fc kazanm\u0131\u015ft\u0131r. Bu mutlu haberin ard\u0131ndan Cumhurba\u015fkan\u0131, Meclisimiz, Bakanlar\u0131m\u0131z ve Ticaret Odam\u0131z da dahil olmak \u00fczere ilgili stat\u00fc \u00e7er\u00e7evesinde devletimizi \u00e7e\u015fitli toplant\u0131larda temsil etmeye devam ediyoruz. K\u0131sa bir s\u00fcre \u00f6nce Azerbaycan\u2019dayd\u0131m. Azerbaycan Cumhurba\u015fkan\u0131 Say\u0131n \u0130lham Aliyev\u2019e huzurlar\u0131n\u0131zda te\u015fekk\u00fcr etmek istiyorum. Cumhurba\u015fkan\u0131 Aliyev\u2019in Bak\u00fc\u2019de bizleri kabul ederek g\u00f6r\u00fc\u015fmesi ve K\u0131br\u0131s T\u00fcrk Halk\u0131n\u0131n izolasyon ve ambargolar alt\u0131nda b\u00fcy\u00fck bir haks\u0131zl\u0131kla kar\u015f\u0131 kar\u015f\u0131ya oldu\u011funu, ancak zaman i\u00e7erisinde bu s\u0131k\u0131nt\u0131lar\u0131n birlik ve beraberlikle a\u015f\u0131labilece\u011fini s\u00f6ylemesi b\u00fcy\u00fck \u00f6nem arz etmektedir.<\/span><\/span><\/span><\/span><\/p>\n<p style=\"text-align:left\"><span style=\"font-size:16px\"><span style=\"font-family:Merriweather,serif !important\"><span style=\"color:#000000\"><span style=\"background-color:#ffffff\">Kuzey K\u0131br\u0131s T\u00fcrk Cumhuriyeti bir hafta sonra 40. Ya\u015f\u0131na girecektir. Devletimiz, uygulanmakta olan zul\u00fcm niteli\u011findeki insanl\u0131k d\u0131\u015f\u0131 izolasyona ra\u011fmen geli\u015fmeye devam etmektedir. Y\u00fcksek\u00f6\u011fretime b\u00fcy\u00fck \u00f6nem vermekteyiz. Kaliteli \u00fcniversitelerimiz bug\u00fcn 65 \u00fclkeden akademisyenlerle 154 \u00fclkeden 120 bin \u00f6\u011frenciye d\u00fcnya standard\u0131nda e\u011fitim alma imk\u00e2n\u0131 sunmaktad\u0131r.<\/span><\/span><\/span><\/span><\/p>\n<p style=\"text-align:left\"><span style=\"font-size:16px\"><span style=\"font-family:Merriweather,serif !important\"><span style=\"color:#000000\"><span style=\"background-color:#ffffff\">KKTC tertemiz plajlar\u0131, do\u011fas\u0131 ve iklimiyle bir turizm merkezidir. Her y\u0131l 6 milyonun \u00fczerinde ki\u015fi hava ve kara s\u0131n\u0131r kap\u0131lar\u0131 \u00fczerinden KKTC\u2019yi ziyaret ederken, bu ziyaret\u00e7ilerin 1 milyon kadar\u0131 23&#8217;\u00fc 5 y\u0131ld\u0131zl\u0131 otel olmak \u00fczere \u00fclkemizin 164 konaklama tesisini kullanmaktad\u0131r. \u00dclkemiz 26 binin \u00fczerinde yatak kapasitesi, konferans salonlar\u0131 ve marinalar\u0131yla b\u00fcy\u00fck bir turizm potansiyeline sahiptir.<\/span><\/span><\/span><\/span><\/p>\n<p style=\"text-align:left\"><span style=\"font-size:16px\"><span style=\"font-family:Merriweather,serif !important\"><span style=\"color:#000000\"><span style=\"background-color:#ffffff\">Sayg\u0131de\u011fer kat\u0131l\u0131mc\u0131lar,<\/span><\/span><\/span><\/span><\/p>\n<p style=\"text-align:left\"><span style=\"font-size:16px\"><span style=\"font-family:Merriweather,serif !important\"><span style=\"color:#000000\"><span style=\"background-color:#ffffff\">K\u0131br\u0131s T\u00fcrk Halk\u0131n\u0131n uluslararas\u0131 alanda hak etti\u011fi yerini almas\u0131n\u0131n zaman\u0131 geldi\u011fine inan\u0131yoruz. Bu onurlu m\u00fccadelemize devam ederken, siz de\u011ferli Devlet ve H\u00fck\u00fcmet Ba\u015fkanlar\u0131n\u0131n deste\u011fi bizler i\u00e7in ya\u015famsal \u00f6neme haizdir. Halk\u0131ma uygulanan insanl\u0131k d\u0131\u015f\u0131 izolasyonu dayan\u0131\u015fmaya a\u015fabilece\u011fimize inan\u0131yor ve her alanda i\u015fbirli\u011fine a\u00e7\u0131k oldu\u011fumuzu bir kez daha tekrarlamak istiyorum.<\/span><\/span><\/span><\/span><\/p>\n<p style=\"text-align:left\"><span style=\"font-size:16px\"><span style=\"font-family:Merriweather,serif !important\"><span style=\"color:#000000\"><span style=\"background-color:#ffffff\">Bu d\u00fc\u015f\u00fcncelerle s\u00f6zlerime son verirken sizleri bir kez daha sevgi ve sayg\u0131yla selaml\u0131yorum.\u201d<\/span><\/span><\/span><\/span><\/p>\n","protected":false},"excerpt":{"rendered":"<p>umhurba\u015fkan\u0131 Ersin Tatar, \u00d6zbekistan\u2019\u0131n ba\u015fkenti Ta\u015fkent\u2019te d\u00fczenlenen Ekonomik \u0130\u015fbirli\u011fi Te\u015fkilat\u0131 (E\u0130T) 16. Zirvesi\u2019ne kat\u0131ld\u0131. Kuzey K\u0131br\u0131s T\u00fcrk Cumhuriyeti\u2019nin g\u00f6zlemci \u00fcye olarak yer ald\u0131\u011f\u0131 Ekonomik \u0130\u015fbirli\u011fi Te\u015fkilat\u0131 Zirvesi Toplant\u0131s\u0131, \u00fcye \u00fclkelerin ba\u015fkan ve temsilcilerinin kat\u0131l\u0131m\u0131yla ger\u00e7ekle\u015fti. Ta\u015fkent Kongre Merkezi\u2019nde yer alan toplant\u0131da, Cumhurba\u015fkan\u0131 Ersin Tatar, Kuzey K\u0131br\u0131s T\u00fcrk Cumhuriyeti\u2019ni temsilen toplant\u0131ya kat\u0131ld\u0131. Toplant\u0131ya kat\u0131lan T\u00fcrkiye Cumhuriyeti<\/p>\n","protected":false},"author":1,"featured_media":17206,"comment_status":"open","ping_status":"open","sticky":false,"template":"","format":"standard","meta":{"footnotes":""},"categories":[1],"tags":[],"class_list":["post-17205","post","type-post","status-publish","format-standard","has-post-thumbnail","hentry","category-gundem"],"yoast_head":"<!-- This site is optimized with the Yoast SEO plugin v28.4 - https:\/\/yoast.com\/product\/yoast-seo-wordpress\/ -->\n<title>Cumhurba\u015fkan\u0131 Tatar, E\u0130T Zirvesi\u2019ne kat\u0131ld\u0131, \u00fcye devletlerden destek istedi -<\/title>\n<meta name=\"robots\" content=\"index, follow, max-snippet:-1, max-image-preview:large, max-video-preview:-1\" \/>\n<link rel=\"canonical\" href=\"https:\/\/kibrisdakik.com\/?p=17205\" \/>\n<meta property=\"og:locale\" content=\"tr_TR\" \/>\n<meta property=\"og:type\" content=\"article\" \/>\n<meta property=\"og:title\" content=\"Cumhurba\u015fkan\u0131 Tatar, E\u0130T Zirvesi\u2019ne kat\u0131ld\u0131, \u00fcye devletlerden destek istedi -\" \/>\n<meta property=\"og:description\" content=\"umhurba\u015fkan\u0131 Ersin Tatar, \u00d6zbekistan\u2019\u0131n ba\u015fkenti Ta\u015fkent\u2019te d\u00fczenlenen Ekonomik \u0130\u015fbirli\u011fi Te\u015fkilat\u0131 (E\u0130T) 16. Zirvesi\u2019ne kat\u0131ld\u0131. Kuzey K\u0131br\u0131s T\u00fcrk Cumhuriyeti\u2019nin g\u00f6zlemci \u00fcye olarak yer ald\u0131\u011f\u0131 Ekonomik \u0130\u015fbirli\u011fi Te\u015fkilat\u0131 Zirvesi Toplant\u0131s\u0131, \u00fcye \u00fclkelerin ba\u015fkan ve temsilcilerinin kat\u0131l\u0131m\u0131yla ger\u00e7ekle\u015fti. Ta\u015fkent Kongre Merkezi\u2019nde yer alan toplant\u0131da, Cumhurba\u015fkan\u0131 Ersin Tatar, Kuzey K\u0131br\u0131s T\u00fcrk Cumhuriyeti\u2019ni temsilen toplant\u0131ya kat\u0131ld\u0131. Toplant\u0131ya kat\u0131lan T\u00fcrkiye Cumhuriyeti\" \/>\n<meta property=\"og:url\" content=\"https:\/\/kibrisdakik.com\/?p=17205\" \/>\n<meta property=\"article:published_time\" content=\"2023-11-09T12:51:01+00:00\" \/>\n<meta property=\"og:image\" content=\"https:\/\/kibrisdakik.com\/wp-content\/uploads\/2023\/11\/cumhurbaskani-tatar-eit-zirvesine-katildi-uye-devletlerden-destek-istedi-1699533828.webp.webp\" \/>\n\t<meta property=\"og:image:width\" content=\"710\" \/>\n\t<meta property=\"og:image:height\" content=\"370\" \/>\n\t<meta property=\"og:image:type\" content=\"image\/webp\" \/>\n<meta name=\"author\" content=\"admin\" \/>\n<meta name=\"twitter:card\" content=\"summary_large_image\" \/>\n<meta name=\"twitter:label1\" content=\"Yazan:\" \/>\n\t<meta name=\"twitter:data1\" content=\"admin\" \/>\n\t<meta name=\"twitter:label2\" content=\"Tahmini okuma s\u00fcresi\" \/>\n\t<meta name=\"twitter:data2\" content=\"8 dakika\" \/>\n<script type=\"application\/ld+json\" class=\"yoast-schema-graph\">{\"@context\":\"https:\\\/\\\/schema.org\",\"@graph\":[{\"@type\":\"Article\",\"@id\":\"https:\\\/\\\/kibrisdakik.com\\\/?p=17205#article\",\"isPartOf\":{\"@id\":\"https:\\\/\\\/kibrisdakik.com\\\/?p=17205\"},\"author\":{\"name\":\"admin\",\"@id\":\"https:\\\/\\\/kibrisdakik.com\\\/#\\\/schema\\\/person\\\/9cd9d437bbb44f72b73ba127e06d8e79\"},\"headline\":\"Cumhurba\u015fkan\u0131 Tatar, E\u0130T Zirvesi\u2019ne kat\u0131ld\u0131, \u00fcye devletlerden destek istedi\",\"datePublished\":\"2023-11-09T12:51:01+00:00\",\"mainEntityOfPage\":{\"@id\":\"https:\\\/\\\/kibrisdakik.com\\\/?p=17205\"},\"wordCount\":1661,\"commentCount\":0,\"publisher\":{\"@id\":\"https:\\\/\\\/kibrisdakik.com\\\/#organization\"},\"image\":{\"@id\":\"https:\\\/\\\/kibrisdakik.com\\\/?p=17205#primaryimage\"},\"thumbnailUrl\":\"https:\\\/\\\/kibrisdakik.com\\\/wp-content\\\/uploads\\\/2023\\\/11\\\/cumhurbaskani-tatar-eit-zirvesine-katildi-uye-devletlerden-destek-istedi-1699533828.webp.webp\",\"articleSection\":[\"G\u00fcndem\"],\"inLanguage\":\"tr\",\"potentialAction\":[{\"@type\":\"CommentAction\",\"name\":\"Comment\",\"target\":[\"https:\\\/\\\/kibrisdakik.com\\\/?p=17205#respond\"]}]},{\"@type\":\"WebPage\",\"@id\":\"https:\\\/\\\/kibrisdakik.com\\\/?p=17205\",\"url\":\"https:\\\/\\\/kibrisdakik.com\\\/?p=17205\",\"name\":\"Cumhurba\u015fkan\u0131 Tatar, E\u0130T Zirvesi\u2019ne kat\u0131ld\u0131, \u00fcye devletlerden destek istedi -\",\"isPartOf\":{\"@id\":\"https:\\\/\\\/kibrisdakik.com\\\/#website\"},\"primaryImageOfPage\":{\"@id\":\"https:\\\/\\\/kibrisdakik.com\\\/?p=17205#primaryimage\"},\"image\":{\"@id\":\"https:\\\/\\\/kibrisdakik.com\\\/?p=17205#primaryimage\"},\"thumbnailUrl\":\"https:\\\/\\\/kibrisdakik.com\\\/wp-content\\\/uploads\\\/2023\\\/11\\\/cumhurbaskani-tatar-eit-zirvesine-katildi-uye-devletlerden-destek-istedi-1699533828.webp.webp\",\"datePublished\":\"2023-11-09T12:51:01+00:00\",\"breadcrumb\":{\"@id\":\"https:\\\/\\\/kibrisdakik.com\\\/?p=17205#breadcrumb\"},\"inLanguage\":\"tr\",\"potentialAction\":[{\"@type\":\"ReadAction\",\"target\":[\"https:\\\/\\\/kibrisdakik.com\\\/?p=17205\"]}]},{\"@type\":\"ImageObject\",\"inLanguage\":\"tr\",\"@id\":\"https:\\\/\\\/kibrisdakik.com\\\/?p=17205#primaryimage\",\"url\":\"https:\\\/\\\/kibrisdakik.com\\\/wp-content\\\/uploads\\\/2023\\\/11\\\/cumhurbaskani-tatar-eit-zirvesine-katildi-uye-devletlerden-destek-istedi-1699533828.webp.webp\",\"contentUrl\":\"https:\\\/\\\/kibrisdakik.com\\\/wp-content\\\/uploads\\\/2023\\\/11\\\/cumhurbaskani-tatar-eit-zirvesine-katildi-uye-devletlerden-destek-istedi-1699533828.webp.webp\",\"width\":710,\"height\":370},{\"@type\":\"BreadcrumbList\",\"@id\":\"https:\\\/\\\/kibrisdakik.com\\\/?p=17205#breadcrumb\",\"itemListElement\":[{\"@type\":\"ListItem\",\"position\":1,\"name\":\"Home\",\"item\":\"https:\\\/\\\/kibrisdakik.com\\\/\"},{\"@type\":\"ListItem\",\"position\":2,\"name\":\"Cumhurba\u015fkan\u0131 Tatar, E\u0130T Zirvesi\u2019ne kat\u0131ld\u0131, \u00fcye devletlerden destek istedi\"}]},{\"@type\":\"WebSite\",\"@id\":\"https:\\\/\\\/kibrisdakik.com\\\/#website\",\"url\":\"https:\\\/\\\/kibrisdakik.com\\\/\",\"name\":\"K\u0131br\u0131s Dakik\",\"description\":\"Tam vaktinde haber\",\"publisher\":{\"@id\":\"https:\\\/\\\/kibrisdakik.com\\\/#organization\"},\"potentialAction\":[{\"@type\":\"SearchAction\",\"target\":{\"@type\":\"EntryPoint\",\"urlTemplate\":\"https:\\\/\\\/kibrisdakik.com\\\/?s={search_term_string}\"},\"query-input\":{\"@type\":\"PropertyValueSpecification\",\"valueRequired\":true,\"valueName\":\"search_term_string\"}}],\"inLanguage\":\"tr\"},{\"@type\":\"Organization\",\"@id\":\"https:\\\/\\\/kibrisdakik.com\\\/#organization\",\"name\":\"K\u0131br\u0131s Dakik\",\"url\":\"https:\\\/\\\/kibrisdakik.com\\\/\",\"logo\":{\"@type\":\"ImageObject\",\"inLanguage\":\"tr\",\"@id\":\"https:\\\/\\\/kibrisdakik.com\\\/#\\\/schema\\\/logo\\\/image\\\/\",\"url\":\"https:\\\/\\\/kibrisdakik.com\\\/wp-content\\\/uploads\\\/2025\\\/10\\\/cropped-WhatsApp-Image-2025-10-02-at-12.58.31.jpeg\",\"contentUrl\":\"https:\\\/\\\/kibrisdakik.com\\\/wp-content\\\/uploads\\\/2025\\\/10\\\/cropped-WhatsApp-Image-2025-10-02-at-12.58.31.jpeg\",\"width\":1237,\"height\":190,\"caption\":\"K\u0131br\u0131s Dakik\"},\"image\":{\"@id\":\"https:\\\/\\\/kibrisdakik.com\\\/#\\\/schema\\\/logo\\\/image\\\/\"}},{\"@type\":\"Person\",\"@id\":\"https:\\\/\\\/kibrisdakik.com\\\/#\\\/schema\\\/person\\\/9cd9d437bbb44f72b73ba127e06d8e79\",\"name\":\"admin\",\"image\":{\"@type\":\"ImageObject\",\"inLanguage\":\"tr\",\"@id\":\"https:\\\/\\\/secure.gravatar.com\\\/avatar\\\/ccc17943b9d660506c869530f897617f7cb1c21a4bf30023f252596d83e1f007?s=96&d=mm&r=g\",\"url\":\"https:\\\/\\\/secure.gravatar.com\\\/avatar\\\/ccc17943b9d660506c869530f897617f7cb1c21a4bf30023f252596d83e1f007?s=96&d=mm&r=g\",\"contentUrl\":\"https:\\\/\\\/secure.gravatar.com\\\/avatar\\\/ccc17943b9d660506c869530f897617f7cb1c21a4bf30023f252596d83e1f007?s=96&d=mm&r=g\",\"caption\":\"admin\"},\"sameAs\":[\"https:\\\/\\\/kibrisdakik.com\"],\"url\":\"https:\\\/\\\/kibrisdakik.com\\\/?author=1\"}]}<\/script>\n<!-- \/ Yoast SEO plugin. -->","yoast_head_json":{"title":"Cumhurba\u015fkan\u0131 Tatar, E\u0130T Zirvesi\u2019ne kat\u0131ld\u0131, \u00fcye devletlerden destek istedi -","robots":{"index":"index","follow":"follow","max-snippet":"max-snippet:-1","max-image-preview":"max-image-preview:large","max-video-preview":"max-video-preview:-1"},"canonical":"https:\/\/kibrisdakik.com\/?p=17205","og_locale":"tr_TR","og_type":"article","og_title":"Cumhurba\u015fkan\u0131 Tatar, E\u0130T Zirvesi\u2019ne kat\u0131ld\u0131, \u00fcye devletlerden destek istedi -","og_description":"umhurba\u015fkan\u0131 Ersin Tatar, \u00d6zbekistan\u2019\u0131n ba\u015fkenti Ta\u015fkent\u2019te d\u00fczenlenen Ekonomik \u0130\u015fbirli\u011fi Te\u015fkilat\u0131 (E\u0130T) 16. Zirvesi\u2019ne kat\u0131ld\u0131. Kuzey K\u0131br\u0131s T\u00fcrk Cumhuriyeti\u2019nin g\u00f6zlemci \u00fcye olarak yer ald\u0131\u011f\u0131 Ekonomik \u0130\u015fbirli\u011fi Te\u015fkilat\u0131 Zirvesi Toplant\u0131s\u0131, \u00fcye \u00fclkelerin ba\u015fkan ve temsilcilerinin kat\u0131l\u0131m\u0131yla ger\u00e7ekle\u015fti. Ta\u015fkent Kongre Merkezi\u2019nde yer alan toplant\u0131da, Cumhurba\u015fkan\u0131 Ersin Tatar, Kuzey K\u0131br\u0131s T\u00fcrk Cumhuriyeti\u2019ni temsilen toplant\u0131ya kat\u0131ld\u0131. Toplant\u0131ya kat\u0131lan T\u00fcrkiye Cumhuriyeti","og_url":"https:\/\/kibrisdakik.com\/?p=17205","article_published_time":"2023-11-09T12:51:01+00:00","og_image":[{"width":710,"height":370,"url":"https:\/\/kibrisdakik.com\/wp-content\/uploads\/2023\/11\/cumhurbaskani-tatar-eit-zirvesine-katildi-uye-devletlerden-destek-istedi-1699533828.webp.webp","type":"image\/webp"}],"author":"admin","twitter_card":"summary_large_image","twitter_misc":{"Yazan:":"admin","Tahmini okuma s\u00fcresi":"8 dakika"},"schema":{"@context":"https:\/\/schema.org","@graph":[{"@type":"Article","@id":"https:\/\/kibrisdakik.com\/?p=17205#article","isPartOf":{"@id":"https:\/\/kibrisdakik.com\/?p=17205"},"author":{"name":"admin","@id":"https:\/\/kibrisdakik.com\/#\/schema\/person\/9cd9d437bbb44f72b73ba127e06d8e79"},"headline":"Cumhurba\u015fkan\u0131 Tatar, E\u0130T Zirvesi\u2019ne kat\u0131ld\u0131, \u00fcye devletlerden destek istedi","datePublished":"2023-11-09T12:51:01+00:00","mainEntityOfPage":{"@id":"https:\/\/kibrisdakik.com\/?p=17205"},"wordCount":1661,"commentCount":0,"publisher":{"@id":"https:\/\/kibrisdakik.com\/#organization"},"image":{"@id":"https:\/\/kibrisdakik.com\/?p=17205#primaryimage"},"thumbnailUrl":"https:\/\/kibrisdakik.com\/wp-content\/uploads\/2023\/11\/cumhurbaskani-tatar-eit-zirvesine-katildi-uye-devletlerden-destek-istedi-1699533828.webp.webp","articleSection":["G\u00fcndem"],"inLanguage":"tr","potentialAction":[{"@type":"CommentAction","name":"Comment","target":["https:\/\/kibrisdakik.com\/?p=17205#respond"]}]},{"@type":"WebPage","@id":"https:\/\/kibrisdakik.com\/?p=17205","url":"https:\/\/kibrisdakik.com\/?p=17205","name":"Cumhurba\u015fkan\u0131 Tatar, E\u0130T Zirvesi\u2019ne kat\u0131ld\u0131, \u00fcye devletlerden destek istedi -","isPartOf":{"@id":"https:\/\/kibrisdakik.com\/#website"},"primaryImageOfPage":{"@id":"https:\/\/kibrisdakik.com\/?p=17205#primaryimage"},"image":{"@id":"https:\/\/kibrisdakik.com\/?p=17205#primaryimage"},"thumbnailUrl":"https:\/\/kibrisdakik.com\/wp-content\/uploads\/2023\/11\/cumhurbaskani-tatar-eit-zirvesine-katildi-uye-devletlerden-destek-istedi-1699533828.webp.webp","datePublished":"2023-11-09T12:51:01+00:00","breadcrumb":{"@id":"https:\/\/kibrisdakik.com\/?p=17205#breadcrumb"},"inLanguage":"tr","potentialAction":[{"@type":"ReadAction","target":["https:\/\/kibrisdakik.com\/?p=17205"]}]},{"@type":"ImageObject","inLanguage":"tr","@id":"https:\/\/kibrisdakik.com\/?p=17205#primaryimage","url":"https:\/\/kibrisdakik.com\/wp-content\/uploads\/2023\/11\/cumhurbaskani-tatar-eit-zirvesine-katildi-uye-devletlerden-destek-istedi-1699533828.webp.webp","contentUrl":"https:\/\/kibrisdakik.com\/wp-content\/uploads\/2023\/11\/cumhurbaskani-tatar-eit-zirvesine-katildi-uye-devletlerden-destek-istedi-1699533828.webp.webp","width":710,"height":370},{"@type":"BreadcrumbList","@id":"https:\/\/kibrisdakik.com\/?p=17205#breadcrumb","itemListElement":[{"@type":"ListItem","position":1,"name":"Home","item":"https:\/\/kibrisdakik.com\/"},{"@type":"ListItem","position":2,"name":"Cumhurba\u015fkan\u0131 Tatar, E\u0130T Zirvesi\u2019ne kat\u0131ld\u0131, \u00fcye devletlerden destek istedi"}]},{"@type":"WebSite","@id":"https:\/\/kibrisdakik.com\/#website","url":"https:\/\/kibrisdakik.com\/","name":"K\u0131br\u0131s Dakik","description":"Tam vaktinde haber","publisher":{"@id":"https:\/\/kibrisdakik.com\/#organization"},"potentialAction":[{"@type":"SearchAction","target":{"@type":"EntryPoint","urlTemplate":"https:\/\/kibrisdakik.com\/?s={search_term_string}"},"query-input":{"@type":"PropertyValueSpecification","valueRequired":true,"valueName":"search_term_string"}}],"inLanguage":"tr"},{"@type":"Organization","@id":"https:\/\/kibrisdakik.com\/#organization","name":"K\u0131br\u0131s Dakik","url":"https:\/\/kibrisdakik.com\/","logo":{"@type":"ImageObject","inLanguage":"tr","@id":"https:\/\/kibrisdakik.com\/#\/schema\/logo\/image\/","url":"https:\/\/kibrisdakik.com\/wp-content\/uploads\/2025\/10\/cropped-WhatsApp-Image-2025-10-02-at-12.58.31.jpeg","contentUrl":"https:\/\/kibrisdakik.com\/wp-content\/uploads\/2025\/10\/cropped-WhatsApp-Image-2025-10-02-at-12.58.31.jpeg","width":1237,"height":190,"caption":"K\u0131br\u0131s Dakik"},"image":{"@id":"https:\/\/kibrisdakik.com\/#\/schema\/logo\/image\/"}},{"@type":"Person","@id":"https:\/\/kibrisdakik.com\/#\/schema\/person\/9cd9d437bbb44f72b73ba127e06d8e79","name":"admin","image":{"@type":"ImageObject","inLanguage":"tr","@id":"https:\/\/secure.gravatar.com\/avatar\/ccc17943b9d660506c869530f897617f7cb1c21a4bf30023f252596d83e1f007?s=96&d=mm&r=g","url":"https:\/\/secure.gravatar.com\/avatar\/ccc17943b9d660506c869530f897617f7cb1c21a4bf30023f252596d83e1f007?s=96&d=mm&r=g","contentUrl":"https:\/\/secure.gravatar.com\/avatar\/ccc17943b9d660506c869530f897617f7cb1c21a4bf30023f252596d83e1f007?s=96&d=mm&r=g","caption":"admin"},"sameAs":["https:\/\/kibrisdakik.com"],"url":"https:\/\/kibrisdakik.com\/?author=1"}]}},"_links":{"self":[{"href":"https:\/\/kibrisdakik.com\/index.php?rest_route=\/wp\/v2\/posts\/17205","targetHints":{"allow":["GET"]}}],"collection":[{"href":"https:\/\/kibrisdakik.com\/index.php?rest_route=\/wp\/v2\/posts"}],"about":[{"href":"https:\/\/kibrisdakik.com\/index.php?rest_route=\/wp\/v2\/types\/post"}],"author":[{"embeddable":true,"href":"https:\/\/kibrisdakik.com\/index.php?rest_route=\/wp\/v2\/users\/1"}],"replies":[{"embeddable":true,"href":"https:\/\/kibrisdakik.com\/index.php?rest_route=%2Fwp%2Fv2%2Fcomments&post=17205"}],"version-history":[{"count":0,"href":"https:\/\/kibrisdakik.com\/index.php?rest_route=\/wp\/v2\/posts\/17205\/revisions"}],"wp:featuredmedia":[{"embeddable":true,"href":"https:\/\/kibrisdakik.com\/index.php?rest_route=\/wp\/v2\/media\/17206"}],"wp:attachment":[{"href":"https:\/\/kibrisdakik.com\/index.php?rest_route=%2Fwp%2Fv2%2Fmedia&parent=17205"}],"wp:term":[{"taxonomy":"category","embeddable":true,"href":"https:\/\/kibrisdakik.com\/index.php?rest_route=%2Fwp%2Fv2%2Fcategories&post=17205"},{"taxonomy":"post_tag","embeddable":true,"href":"https:\/\/kibrisdakik.com\/index.php?rest_route=%2Fwp%2Fv2%2Ftags&post=17205"}],"curies":[{"name":"wp","href":"https:\/\/api.w.org\/{rel}","templated":true}]}}