{"id":17958,"date":"2023-11-09T16:16:49","date_gmt":"2023-11-09T16:16:49","guid":{"rendered":"https:\/\/kibrisdakik.com\/index.php\/2023\/11\/09\/ataoglu-ataturkun-ilkeleri-ve-mirasi-bizim-icin-de-onemlidir\/"},"modified":"2023-11-09T16:16:49","modified_gmt":"2023-11-09T16:16:49","slug":"ataoglu-ataturkun-ilkeleri-ve-mirasi-bizim-icin-de-onemlidir","status":"publish","type":"post","link":"https:\/\/kibrisdakik.com\/?p=17958","title":{"rendered":"Atao\u011flu: \u201cAtat\u00fcrk\u2019\u00fcn ilkeleri ve miras\u0131 bizim i\u00e7in de \u00f6nemlidir\u201d"},"content":{"rendered":"<p><img decoding=\"async\" src=\"https:\/\/www.kibristurk.com\/images\/haberler\/2023\/11\/ataoglu-ataturkun-ilkeleri-ve-mirasi-bizim-icin-de-onemlidir-1699545505.webp\" \/><\/p>\n<p>Ba\u015fbakan Yard\u0131mc\u0131s\u0131, Turizm, K\u00fclt\u00fcr, Gen\u00e7lik ve \u00c7evre Bakan\u0131, DP Genel Ba\u015fkan\u0131 Fikri Atao\u011flu, T\u00fcrkiye Cumhuriyeti\u2019nin kurucusu Ulu \u00d6nder Mustafa Kemal Atat\u00fcrk\u2019\u00fcn vefat\u0131n\u0131n 85\u2019inci y\u0131l d\u00f6n\u00fcm\u00fc dolay\u0131s\u0131yla yay\u0131mlad\u0131\u011f\u0131 mesajda, \u201cAtat\u00fcrk\u2019\u00fcn ilkeleri ve miras\u0131 bizim i\u00e7in de \u00f6nemlidir. Atat\u00fcrk&#8217;\u00fcn \u00f6\u011frettikleri, bizlere birlik ve beraberlik i\u00e7inde daha g\u00fc\u00e7l\u00fc yar\u0131nlara y\u00fcr\u00fcme sorumlulu\u011funu y\u00fcklemi\u015ftir.\u201d dedi.&nbsp;<br \/>\n&nbsp;<\/p>\n<p>Bakanl\u0131\u011f\u0131ndan yap\u0131lan a\u00e7\u0131klamaya g\u00f6re Atao\u011flu mesaj\u0131nda \u015fu ifadelere yer verdi:&nbsp;<\/p>\n<p>\u201cMustafa Kemal Atat\u00fcrk&#8217;\u00fcn aram\u0131zdan ayr\u0131l\u0131\u015f\u0131n\u0131n 85\u2019inci y\u0131l d\u00f6n\u00fcm\u00fcnde, T\u00fcrkiye Cumhuriyeti\u2019nin kurucusu olan b\u00fcy\u00fck lideri sayg\u0131, \u00f6zlem ve minnetle an\u0131yoruz. Atat\u00fcrk, T\u00fcrk milletinin \u00f6zg\u00fcrl\u00fck ve ba\u011f\u0131ms\u0131zl\u0131k m\u00fccadelesinde \u00f6nc\u00fcl\u00fck eden, b\u00fcy\u00fck bir liderdi. Onun liderli\u011findeki Cumhuriyet devrimi, T\u00fcrkiye&#8217;yi \u00e7a\u011fda\u015f, laik ve demokratik bir \u00fclke haline getirdi.&nbsp;<\/p>\n<p>Kuzey K\u0131br\u0131s T\u00fcrk Cumhuriyeti olarak, Atat\u00fcrk&#8217;\u00fcn ilkeleri ve miras\u0131 bizim i\u00e7in de \u00f6nemlidir. Atat\u00fcrk&#8217;\u00fcn \u00f6\u011frettikleri, bizlere birlik ve beraberlik i\u00e7inde daha g\u00fc\u00e7l\u00fc yar\u0131nlara y\u00fcr\u00fcme sorumlulu\u011funu y\u00fcklemi\u015ftir.&nbsp;<\/p>\n<p>10 Kas\u0131m, sadece bir anma g\u00fcn\u00fc de\u011fil, ayn\u0131 zamanda T\u00fcrk milletinin birlik ve dayan\u0131\u015fma ruhunu peki\u015ftirdi\u011fi bir g\u00fcnd\u00fcr. Ulu \u00d6nder Atat\u00fcrk&#8217;\u00fc anarken, onun ilkelerine ba\u011fl\u0131, Kuzey K\u0131br\u0131s T\u00fcrk Cumhuriyeti olarak daha ayd\u0131nl\u0131k bir gelece\u011fe do\u011fru kararl\u0131l\u0131kla ilerlemeye devam edece\u011fimizi bir kez daha vurgulamak isterim.&nbsp;<\/p>\n<p>Mustafa Kemal Atat\u00fcrk&#8217;\u00fc sonsuz bir \u00f6zlem, rahmet ve minnetle an\u0131yorum. Aziz ruhu \u015fad olsun.\u201d&nbsp;<\/p>\n<p>&nbsp;<\/p>\n","protected":false},"excerpt":{"rendered":"<p>Ba\u015fbakan Yard\u0131mc\u0131s\u0131, Turizm, K\u00fclt\u00fcr, Gen\u00e7lik ve \u00c7evre Bakan\u0131, DP Genel Ba\u015fkan\u0131 Fikri Atao\u011flu, T\u00fcrkiye Cumhuriyeti\u2019nin kurucusu Ulu \u00d6nder Mustafa Kemal Atat\u00fcrk\u2019\u00fcn vefat\u0131n\u0131n 85\u2019inci y\u0131l d\u00f6n\u00fcm\u00fc dolay\u0131s\u0131yla yay\u0131mlad\u0131\u011f\u0131 mesajda, \u201cAtat\u00fcrk\u2019\u00fcn ilkeleri ve miras\u0131 bizim i\u00e7in de \u00f6nemlidir. Atat\u00fcrk&#8217;\u00fcn \u00f6\u011frettikleri, bizlere birlik ve beraberlik i\u00e7inde daha g\u00fc\u00e7l\u00fc yar\u0131nlara y\u00fcr\u00fcme sorumlulu\u011funu y\u00fcklemi\u015ftir.\u201d dedi.&nbsp; &nbsp; Bakanl\u0131\u011f\u0131ndan yap\u0131lan a\u00e7\u0131klamaya g\u00f6re<\/p>\n","protected":false},"author":1,"featured_media":17959,"comment_status":"open","ping_status":"open","sticky":false,"template":"","format":"standard","meta":{"footnotes":""},"categories":[85],"tags":[],"class_list":["post-17958","post","type-post","status-publish","format-standard","has-post-thumbnail","hentry","category-spor"],"yoast_head":"<!-- This site is optimized with the Yoast SEO plugin v28.4 - https:\/\/yoast.com\/product\/yoast-seo-wordpress\/ -->\n<title>Atao\u011flu: \u201cAtat\u00fcrk\u2019\u00fcn ilkeleri ve miras\u0131 bizim i\u00e7in de \u00f6nemlidir\u201d -<\/title>\n<meta name=\"robots\" content=\"index, follow, max-snippet:-1, max-image-preview:large, max-video-preview:-1\" \/>\n<link rel=\"canonical\" href=\"https:\/\/kibrisdakik.com\/?p=17958\" \/>\n<meta property=\"og:locale\" content=\"tr_TR\" \/>\n<meta property=\"og:type\" content=\"article\" \/>\n<meta property=\"og:title\" content=\"Atao\u011flu: \u201cAtat\u00fcrk\u2019\u00fcn ilkeleri ve miras\u0131 bizim i\u00e7in de \u00f6nemlidir\u201d -\" \/>\n<meta property=\"og:description\" content=\"Ba\u015fbakan Yard\u0131mc\u0131s\u0131, Turizm, K\u00fclt\u00fcr, Gen\u00e7lik ve \u00c7evre Bakan\u0131, DP Genel Ba\u015fkan\u0131 Fikri Atao\u011flu, T\u00fcrkiye Cumhuriyeti\u2019nin kurucusu Ulu \u00d6nder Mustafa Kemal Atat\u00fcrk\u2019\u00fcn vefat\u0131n\u0131n 85\u2019inci y\u0131l d\u00f6n\u00fcm\u00fc dolay\u0131s\u0131yla yay\u0131mlad\u0131\u011f\u0131 mesajda, \u201cAtat\u00fcrk\u2019\u00fcn ilkeleri ve miras\u0131 bizim i\u00e7in de \u00f6nemlidir. Atat\u00fcrk&#8217;\u00fcn \u00f6\u011frettikleri, bizlere birlik ve beraberlik i\u00e7inde daha g\u00fc\u00e7l\u00fc yar\u0131nlara y\u00fcr\u00fcme sorumlulu\u011funu y\u00fcklemi\u015ftir.\u201d dedi.&nbsp; &nbsp; Bakanl\u0131\u011f\u0131ndan yap\u0131lan a\u00e7\u0131klamaya g\u00f6re\" \/>\n<meta property=\"og:url\" content=\"https:\/\/kibrisdakik.com\/?p=17958\" \/>\n<meta property=\"article:published_time\" content=\"2023-11-09T16:16:49+00:00\" \/>\n<meta property=\"og:image\" content=\"https:\/\/kibrisdakik.com\/wp-content\/uploads\/2023\/11\/ataoglu-ataturkun-ilkeleri-ve-mirasi-bizim-icin-de-onemlidir-1699545505.webp.webp\" \/>\n\t<meta property=\"og:image:width\" content=\"710\" \/>\n\t<meta property=\"og:image:height\" content=\"370\" \/>\n\t<meta property=\"og:image:type\" content=\"image\/webp\" \/>\n<meta name=\"author\" content=\"admin\" \/>\n<meta name=\"twitter:card\" content=\"summary_large_image\" \/>\n<meta name=\"twitter:label1\" content=\"Yazan:\" \/>\n\t<meta name=\"twitter:data1\" content=\"admin\" \/>\n\t<meta name=\"twitter:label2\" content=\"Tahmini okuma s\u00fcresi\" \/>\n\t<meta name=\"twitter:data2\" content=\"2 dakika\" \/>\n<script type=\"application\/ld+json\" class=\"yoast-schema-graph\">{\"@context\":\"https:\\\/\\\/schema.org\",\"@graph\":[{\"@type\":\"Article\",\"@id\":\"https:\\\/\\\/kibrisdakik.com\\\/?p=17958#article\",\"isPartOf\":{\"@id\":\"https:\\\/\\\/kibrisdakik.com\\\/?p=17958\"},\"author\":{\"name\":\"admin\",\"@id\":\"https:\\\/\\\/kibrisdakik.com\\\/#\\\/schema\\\/person\\\/9cd9d437bbb44f72b73ba127e06d8e79\"},\"headline\":\"Atao\u011flu: \u201cAtat\u00fcrk\u2019\u00fcn ilkeleri ve miras\u0131 bizim i\u00e7in de \u00f6nemlidir\u201d\",\"datePublished\":\"2023-11-09T16:16:49+00:00\",\"mainEntityOfPage\":{\"@id\":\"https:\\\/\\\/kibrisdakik.com\\\/?p=17958\"},\"wordCount\":317,\"commentCount\":0,\"publisher\":{\"@id\":\"https:\\\/\\\/kibrisdakik.com\\\/#organization\"},\"image\":{\"@id\":\"https:\\\/\\\/kibrisdakik.com\\\/?p=17958#primaryimage\"},\"thumbnailUrl\":\"https:\\\/\\\/kibrisdakik.com\\\/wp-content\\\/uploads\\\/2023\\\/11\\\/ataoglu-ataturkun-ilkeleri-ve-mirasi-bizim-icin-de-onemlidir-1699545505.webp.webp\",\"articleSection\":[\"Spor\"],\"inLanguage\":\"tr\",\"potentialAction\":[{\"@type\":\"CommentAction\",\"name\":\"Comment\",\"target\":[\"https:\\\/\\\/kibrisdakik.com\\\/?p=17958#respond\"]}]},{\"@type\":\"WebPage\",\"@id\":\"https:\\\/\\\/kibrisdakik.com\\\/?p=17958\",\"url\":\"https:\\\/\\\/kibrisdakik.com\\\/?p=17958\",\"name\":\"Atao\u011flu: \u201cAtat\u00fcrk\u2019\u00fcn ilkeleri ve miras\u0131 bizim i\u00e7in de \u00f6nemlidir\u201d -\",\"isPartOf\":{\"@id\":\"https:\\\/\\\/kibrisdakik.com\\\/#website\"},\"primaryImageOfPage\":{\"@id\":\"https:\\\/\\\/kibrisdakik.com\\\/?p=17958#primaryimage\"},\"image\":{\"@id\":\"https:\\\/\\\/kibrisdakik.com\\\/?p=17958#primaryimage\"},\"thumbnailUrl\":\"https:\\\/\\\/kibrisdakik.com\\\/wp-content\\\/uploads\\\/2023\\\/11\\\/ataoglu-ataturkun-ilkeleri-ve-mirasi-bizim-icin-de-onemlidir-1699545505.webp.webp\",\"datePublished\":\"2023-11-09T16:16:49+00:00\",\"breadcrumb\":{\"@id\":\"https:\\\/\\\/kibrisdakik.com\\\/?p=17958#breadcrumb\"},\"inLanguage\":\"tr\",\"potentialAction\":[{\"@type\":\"ReadAction\",\"target\":[\"https:\\\/\\\/kibrisdakik.com\\\/?p=17958\"]}]},{\"@type\":\"ImageObject\",\"inLanguage\":\"tr\",\"@id\":\"https:\\\/\\\/kibrisdakik.com\\\/?p=17958#primaryimage\",\"url\":\"https:\\\/\\\/kibrisdakik.com\\\/wp-content\\\/uploads\\\/2023\\\/11\\\/ataoglu-ataturkun-ilkeleri-ve-mirasi-bizim-icin-de-onemlidir-1699545505.webp.webp\",\"contentUrl\":\"https:\\\/\\\/kibrisdakik.com\\\/wp-content\\\/uploads\\\/2023\\\/11\\\/ataoglu-ataturkun-ilkeleri-ve-mirasi-bizim-icin-de-onemlidir-1699545505.webp.webp\",\"width\":710,\"height\":370},{\"@type\":\"BreadcrumbList\",\"@id\":\"https:\\\/\\\/kibrisdakik.com\\\/?p=17958#breadcrumb\",\"itemListElement\":[{\"@type\":\"ListItem\",\"position\":1,\"name\":\"Home\",\"item\":\"https:\\\/\\\/kibrisdakik.com\\\/\"},{\"@type\":\"ListItem\",\"position\":2,\"name\":\"Atao\u011flu: \u201cAtat\u00fcrk\u2019\u00fcn ilkeleri ve miras\u0131 bizim i\u00e7in de \u00f6nemlidir\u201d\"}]},{\"@type\":\"WebSite\",\"@id\":\"https:\\\/\\\/kibrisdakik.com\\\/#website\",\"url\":\"https:\\\/\\\/kibrisdakik.com\\\/\",\"name\":\"K\u0131br\u0131s Dakik\",\"description\":\"Tam vaktinde haber\",\"publisher\":{\"@id\":\"https:\\\/\\\/kibrisdakik.com\\\/#organization\"},\"potentialAction\":[{\"@type\":\"SearchAction\",\"target\":{\"@type\":\"EntryPoint\",\"urlTemplate\":\"https:\\\/\\\/kibrisdakik.com\\\/?s={search_term_string}\"},\"query-input\":{\"@type\":\"PropertyValueSpecification\",\"valueRequired\":true,\"valueName\":\"search_term_string\"}}],\"inLanguage\":\"tr\"},{\"@type\":\"Organization\",\"@id\":\"https:\\\/\\\/kibrisdakik.com\\\/#organization\",\"name\":\"K\u0131br\u0131s Dakik\",\"url\":\"https:\\\/\\\/kibrisdakik.com\\\/\",\"logo\":{\"@type\":\"ImageObject\",\"inLanguage\":\"tr\",\"@id\":\"https:\\\/\\\/kibrisdakik.com\\\/#\\\/schema\\\/logo\\\/image\\\/\",\"url\":\"https:\\\/\\\/kibrisdakik.com\\\/wp-content\\\/uploads\\\/2025\\\/10\\\/cropped-WhatsApp-Image-2025-10-02-at-12.58.31.jpeg\",\"contentUrl\":\"https:\\\/\\\/kibrisdakik.com\\\/wp-content\\\/uploads\\\/2025\\\/10\\\/cropped-WhatsApp-Image-2025-10-02-at-12.58.31.jpeg\",\"width\":1237,\"height\":190,\"caption\":\"K\u0131br\u0131s Dakik\"},\"image\":{\"@id\":\"https:\\\/\\\/kibrisdakik.com\\\/#\\\/schema\\\/logo\\\/image\\\/\"}},{\"@type\":\"Person\",\"@id\":\"https:\\\/\\\/kibrisdakik.com\\\/#\\\/schema\\\/person\\\/9cd9d437bbb44f72b73ba127e06d8e79\",\"name\":\"admin\",\"image\":{\"@type\":\"ImageObject\",\"inLanguage\":\"tr\",\"@id\":\"https:\\\/\\\/secure.gravatar.com\\\/avatar\\\/ccc17943b9d660506c869530f897617f7cb1c21a4bf30023f252596d83e1f007?s=96&d=mm&r=g\",\"url\":\"https:\\\/\\\/secure.gravatar.com\\\/avatar\\\/ccc17943b9d660506c869530f897617f7cb1c21a4bf30023f252596d83e1f007?s=96&d=mm&r=g\",\"contentUrl\":\"https:\\\/\\\/secure.gravatar.com\\\/avatar\\\/ccc17943b9d660506c869530f897617f7cb1c21a4bf30023f252596d83e1f007?s=96&d=mm&r=g\",\"caption\":\"admin\"},\"sameAs\":[\"https:\\\/\\\/kibrisdakik.com\"],\"url\":\"https:\\\/\\\/kibrisdakik.com\\\/?author=1\"}]}<\/script>\n<!-- \/ Yoast SEO plugin. -->","yoast_head_json":{"title":"Atao\u011flu: \u201cAtat\u00fcrk\u2019\u00fcn ilkeleri ve miras\u0131 bizim i\u00e7in de \u00f6nemlidir\u201d -","robots":{"index":"index","follow":"follow","max-snippet":"max-snippet:-1","max-image-preview":"max-image-preview:large","max-video-preview":"max-video-preview:-1"},"canonical":"https:\/\/kibrisdakik.com\/?p=17958","og_locale":"tr_TR","og_type":"article","og_title":"Atao\u011flu: \u201cAtat\u00fcrk\u2019\u00fcn ilkeleri ve miras\u0131 bizim i\u00e7in de \u00f6nemlidir\u201d -","og_description":"Ba\u015fbakan Yard\u0131mc\u0131s\u0131, Turizm, K\u00fclt\u00fcr, Gen\u00e7lik ve \u00c7evre Bakan\u0131, DP Genel Ba\u015fkan\u0131 Fikri Atao\u011flu, T\u00fcrkiye Cumhuriyeti\u2019nin kurucusu Ulu \u00d6nder Mustafa Kemal Atat\u00fcrk\u2019\u00fcn vefat\u0131n\u0131n 85\u2019inci y\u0131l d\u00f6n\u00fcm\u00fc dolay\u0131s\u0131yla yay\u0131mlad\u0131\u011f\u0131 mesajda, \u201cAtat\u00fcrk\u2019\u00fcn ilkeleri ve miras\u0131 bizim i\u00e7in de \u00f6nemlidir. Atat\u00fcrk&#8217;\u00fcn \u00f6\u011frettikleri, bizlere birlik ve beraberlik i\u00e7inde daha g\u00fc\u00e7l\u00fc yar\u0131nlara y\u00fcr\u00fcme sorumlulu\u011funu y\u00fcklemi\u015ftir.\u201d dedi.&nbsp; &nbsp; Bakanl\u0131\u011f\u0131ndan yap\u0131lan a\u00e7\u0131klamaya g\u00f6re","og_url":"https:\/\/kibrisdakik.com\/?p=17958","article_published_time":"2023-11-09T16:16:49+00:00","og_image":[{"width":710,"height":370,"url":"https:\/\/kibrisdakik.com\/wp-content\/uploads\/2023\/11\/ataoglu-ataturkun-ilkeleri-ve-mirasi-bizim-icin-de-onemlidir-1699545505.webp.webp","type":"image\/webp"}],"author":"admin","twitter_card":"summary_large_image","twitter_misc":{"Yazan:":"admin","Tahmini okuma s\u00fcresi":"2 dakika"},"schema":{"@context":"https:\/\/schema.org","@graph":[{"@type":"Article","@id":"https:\/\/kibrisdakik.com\/?p=17958#article","isPartOf":{"@id":"https:\/\/kibrisdakik.com\/?p=17958"},"author":{"name":"admin","@id":"https:\/\/kibrisdakik.com\/#\/schema\/person\/9cd9d437bbb44f72b73ba127e06d8e79"},"headline":"Atao\u011flu: \u201cAtat\u00fcrk\u2019\u00fcn ilkeleri ve miras\u0131 bizim i\u00e7in de \u00f6nemlidir\u201d","datePublished":"2023-11-09T16:16:49+00:00","mainEntityOfPage":{"@id":"https:\/\/kibrisdakik.com\/?p=17958"},"wordCount":317,"commentCount":0,"publisher":{"@id":"https:\/\/kibrisdakik.com\/#organization"},"image":{"@id":"https:\/\/kibrisdakik.com\/?p=17958#primaryimage"},"thumbnailUrl":"https:\/\/kibrisdakik.com\/wp-content\/uploads\/2023\/11\/ataoglu-ataturkun-ilkeleri-ve-mirasi-bizim-icin-de-onemlidir-1699545505.webp.webp","articleSection":["Spor"],"inLanguage":"tr","potentialAction":[{"@type":"CommentAction","name":"Comment","target":["https:\/\/kibrisdakik.com\/?p=17958#respond"]}]},{"@type":"WebPage","@id":"https:\/\/kibrisdakik.com\/?p=17958","url":"https:\/\/kibrisdakik.com\/?p=17958","name":"Atao\u011flu: \u201cAtat\u00fcrk\u2019\u00fcn ilkeleri ve miras\u0131 bizim i\u00e7in de \u00f6nemlidir\u201d -","isPartOf":{"@id":"https:\/\/kibrisdakik.com\/#website"},"primaryImageOfPage":{"@id":"https:\/\/kibrisdakik.com\/?p=17958#primaryimage"},"image":{"@id":"https:\/\/kibrisdakik.com\/?p=17958#primaryimage"},"thumbnailUrl":"https:\/\/kibrisdakik.com\/wp-content\/uploads\/2023\/11\/ataoglu-ataturkun-ilkeleri-ve-mirasi-bizim-icin-de-onemlidir-1699545505.webp.webp","datePublished":"2023-11-09T16:16:49+00:00","breadcrumb":{"@id":"https:\/\/kibrisdakik.com\/?p=17958#breadcrumb"},"inLanguage":"tr","potentialAction":[{"@type":"ReadAction","target":["https:\/\/kibrisdakik.com\/?p=17958"]}]},{"@type":"ImageObject","inLanguage":"tr","@id":"https:\/\/kibrisdakik.com\/?p=17958#primaryimage","url":"https:\/\/kibrisdakik.com\/wp-content\/uploads\/2023\/11\/ataoglu-ataturkun-ilkeleri-ve-mirasi-bizim-icin-de-onemlidir-1699545505.webp.webp","contentUrl":"https:\/\/kibrisdakik.com\/wp-content\/uploads\/2023\/11\/ataoglu-ataturkun-ilkeleri-ve-mirasi-bizim-icin-de-onemlidir-1699545505.webp.webp","width":710,"height":370},{"@type":"BreadcrumbList","@id":"https:\/\/kibrisdakik.com\/?p=17958#breadcrumb","itemListElement":[{"@type":"ListItem","position":1,"name":"Home","item":"https:\/\/kibrisdakik.com\/"},{"@type":"ListItem","position":2,"name":"Atao\u011flu: \u201cAtat\u00fcrk\u2019\u00fcn ilkeleri ve miras\u0131 bizim i\u00e7in de \u00f6nemlidir\u201d"}]},{"@type":"WebSite","@id":"https:\/\/kibrisdakik.com\/#website","url":"https:\/\/kibrisdakik.com\/","name":"K\u0131br\u0131s Dakik","description":"Tam vaktinde haber","publisher":{"@id":"https:\/\/kibrisdakik.com\/#organization"},"potentialAction":[{"@type":"SearchAction","target":{"@type":"EntryPoint","urlTemplate":"https:\/\/kibrisdakik.com\/?s={search_term_string}"},"query-input":{"@type":"PropertyValueSpecification","valueRequired":true,"valueName":"search_term_string"}}],"inLanguage":"tr"},{"@type":"Organization","@id":"https:\/\/kibrisdakik.com\/#organization","name":"K\u0131br\u0131s Dakik","url":"https:\/\/kibrisdakik.com\/","logo":{"@type":"ImageObject","inLanguage":"tr","@id":"https:\/\/kibrisdakik.com\/#\/schema\/logo\/image\/","url":"https:\/\/kibrisdakik.com\/wp-content\/uploads\/2025\/10\/cropped-WhatsApp-Image-2025-10-02-at-12.58.31.jpeg","contentUrl":"https:\/\/kibrisdakik.com\/wp-content\/uploads\/2025\/10\/cropped-WhatsApp-Image-2025-10-02-at-12.58.31.jpeg","width":1237,"height":190,"caption":"K\u0131br\u0131s Dakik"},"image":{"@id":"https:\/\/kibrisdakik.com\/#\/schema\/logo\/image\/"}},{"@type":"Person","@id":"https:\/\/kibrisdakik.com\/#\/schema\/person\/9cd9d437bbb44f72b73ba127e06d8e79","name":"admin","image":{"@type":"ImageObject","inLanguage":"tr","@id":"https:\/\/secure.gravatar.com\/avatar\/ccc17943b9d660506c869530f897617f7cb1c21a4bf30023f252596d83e1f007?s=96&d=mm&r=g","url":"https:\/\/secure.gravatar.com\/avatar\/ccc17943b9d660506c869530f897617f7cb1c21a4bf30023f252596d83e1f007?s=96&d=mm&r=g","contentUrl":"https:\/\/secure.gravatar.com\/avatar\/ccc17943b9d660506c869530f897617f7cb1c21a4bf30023f252596d83e1f007?s=96&d=mm&r=g","caption":"admin"},"sameAs":["https:\/\/kibrisdakik.com"],"url":"https:\/\/kibrisdakik.com\/?author=1"}]}},"_links":{"self":[{"href":"https:\/\/kibrisdakik.com\/index.php?rest_route=\/wp\/v2\/posts\/17958","targetHints":{"allow":["GET"]}}],"collection":[{"href":"https:\/\/kibrisdakik.com\/index.php?rest_route=\/wp\/v2\/posts"}],"about":[{"href":"https:\/\/kibrisdakik.com\/index.php?rest_route=\/wp\/v2\/types\/post"}],"author":[{"embeddable":true,"href":"https:\/\/kibrisdakik.com\/index.php?rest_route=\/wp\/v2\/users\/1"}],"replies":[{"embeddable":true,"href":"https:\/\/kibrisdakik.com\/index.php?rest_route=%2Fwp%2Fv2%2Fcomments&post=17958"}],"version-history":[{"count":0,"href":"https:\/\/kibrisdakik.com\/index.php?rest_route=\/wp\/v2\/posts\/17958\/revisions"}],"wp:featuredmedia":[{"embeddable":true,"href":"https:\/\/kibrisdakik.com\/index.php?rest_route=\/wp\/v2\/media\/17959"}],"wp:attachment":[{"href":"https:\/\/kibrisdakik.com\/index.php?rest_route=%2Fwp%2Fv2%2Fmedia&parent=17958"}],"wp:term":[{"taxonomy":"category","embeddable":true,"href":"https:\/\/kibrisdakik.com\/index.php?rest_route=%2Fwp%2Fv2%2Fcategories&post=17958"},{"taxonomy":"post_tag","embeddable":true,"href":"https:\/\/kibrisdakik.com\/index.php?rest_route=%2Fwp%2Fv2%2Ftags&post=17958"}],"curies":[{"name":"wp","href":"https:\/\/api.w.org\/{rel}","templated":true}]}}