{"id":1796,"date":"2023-02-21T22:07:23","date_gmt":"2023-02-21T22:07:23","guid":{"rendered":"https:\/\/kibrisdakik.com\/index.php\/2023\/02\/21\/afaddan-hataydaki-depremlere-iliskin-yeni-aciklama-116-artci-sarsinti-meydana-geldi\/"},"modified":"2023-02-21T22:07:23","modified_gmt":"2023-02-21T22:07:23","slug":"afaddan-hataydaki-depremlere-iliskin-yeni-aciklama-116-artci-sarsinti-meydana-geldi","status":"publish","type":"post","link":"https:\/\/kibrisdakik.com\/?p=1796","title":{"rendered":"AFAD\u2019dan Hatay\u2019daki depremlere ili\u015fkin yeni a\u00e7\u0131klama: 116 art\u00e7\u0131 sars\u0131nt\u0131 meydana geldi"},"content":{"rendered":"<p><\/p>\n<div>\n<p style=\"font-weight: 300;\"><span style=\"font-weight: 300 !important;\"><\/p>\n<div class=\"mariselle-image-container none\">\n                <img width=\"864\" height=\"486\" class=\"lazy-image\" alt=\"\" decoding=\"async\" loading=\"lazy\" sizes=\"auto, (max-width: 864px) 100vw, 864px\" src=\"https:\/\/brtk.net\/wp-content\/uploads\/2023\/02\/21\/AFADHATAY.jpg?ver=0bb332053415aaf1b9c4c29b5b879279\" srcset=\"https:\/\/brtk.net\/wp-content\/uploads\/2023\/02\/21\/AFADHATAY.jpg?ver=0bb332053415aaf1b9c4c29b5b879279 864w, https:\/\/brtk.net\/wp-content\/uploads\/2023\/02\/21\/AFADHATAY-300x169.jpg?ver=0bb332053415aaf1b9c4c29b5b879279 300w, https:\/\/brtk.net\/wp-content\/uploads\/2023\/02\/21\/AFADHATAY-768x432.jpg?ver=0bb332053415aaf1b9c4c29b5b879279 768w\"\/>                            <\/div>\n<p><\/span><\/p>\n<p style=\"font-weight: 300;\"><span style=\"font-weight: 300 !important;\">Afet ve Acil Durum Y\u00f6netimi Ba\u015fkanl\u0131\u011f\u0131 (AFAD) Deprem ve Risk Azaltma Genel M\u00fcd\u00fcr\u00fc Orhan <a href=\"https:\/\/brtk.net\/\"\/><a href=\"https:\/\/brtk.net\/\"\/><a href=\"https:\/\/brtk.net\/\"\/><a href=\"https:\/\/brtk.net\/\"\/><a href=\"https:\/\/brtk.net\/\"\/><a href=\"https:\/\/brtk.net\/\"\/><a href=\"https:\/\/brtk.net\/\"\/><a href=\"https:\/\/brtk.net\/\"\/><a href=\"https:\/\/brtk.net\/\"\/><a href=\"https:\/\/brtk.net\/\"\/><a href=\"https:\/\/brtk.net\/\"\/><a href=\"https:\/\/brtk.net\/\">Tatar<\/a>,<\/span><b><strong><span style=\"font-weight: 300 !important;\">\u00a0<\/span><\/strong><\/b><span style=\"font-weight: 300 !important;\">Hatay merkezli depremlerin ard\u0131ndan en b\u00fcy\u00fc\u011f\u00fc 5,8 olmak \u00fczere \u015fu ana kadar 116 art\u00e7\u0131 sars\u0131nt\u0131 meydana geldi\u011fini s\u00f6yledi. <a href=\"https:\/\/brtk.net\/\"\/><a href=\"https:\/\/brtk.net\/\"\/><a href=\"https:\/\/brtk.net\/\"\/><a href=\"https:\/\/brtk.net\/\"\/><a href=\"https:\/\/brtk.net\/\"\/><a href=\"https:\/\/brtk.net\/\"\/><a href=\"https:\/\/brtk.net\/\"\/><a href=\"https:\/\/brtk.net\/\"\/><a href=\"https:\/\/brtk.net\/\"\/><a href=\"https:\/\/brtk.net\/\"\/><a href=\"https:\/\/brtk.net\/\"\/><a href=\"https:\/\/brtk.net\/\">Tatar<\/a>,\u00a0<\/span><span style=\"font-weight: 300 !important;\">\u201cBu depremler, hi\u00e7bir hatay\u0131 affetmemi\u015f durumda\u201d diyerek, \u201cHerkesin bir ders \u00e7\u0131kartmas\u0131 gereken depremlerle kar\u015f\u0131 kar\u015f\u0131yay\u0131z\u201d ifadelerini kulland\u0131.<\/span><\/p>\n<p style=\"font-weight: 300;\"><span style=\"font-weight: 300 !important;\"><a href=\"https:\/\/brtk.net\/\"\/><a href=\"https:\/\/brtk.net\/\"\/><a href=\"https:\/\/brtk.net\/\"\/><a href=\"https:\/\/brtk.net\/\"\/><a href=\"https:\/\/brtk.net\/\"\/><a href=\"https:\/\/brtk.net\/\"\/><a href=\"https:\/\/brtk.net\/\"\/><a href=\"https:\/\/brtk.net\/\"\/><a href=\"https:\/\/brtk.net\/\"\/><a href=\"https:\/\/brtk.net\/\"\/><a href=\"https:\/\/brtk.net\/\"\/><a href=\"https:\/\/brtk.net\/\">Tatar<\/a>, Kahramanmara\u015f ve Hatay merkezli depremlerin ard\u0131ndan ya\u015fanan 7 bin 242 art\u00e7\u0131 sars\u0131nt\u0131dan 41\u2019inin 5 ile 6 aras\u0131, 450\u2019sinin 4 ile 5 aras\u0131 b\u00fcy\u00fckl\u00fckte oldu\u011funu bildirdi.<\/span><\/p>\n<p style=\"font-weight: 300;\"><span style=\"font-weight: 300 !important;\"><a href=\"https:\/\/brtk.net\/\"\/><a href=\"https:\/\/brtk.net\/\"\/><a href=\"https:\/\/brtk.net\/\"\/><a href=\"https:\/\/brtk.net\/\"\/><a href=\"https:\/\/brtk.net\/\"\/><a href=\"https:\/\/brtk.net\/\"\/><a href=\"https:\/\/brtk.net\/\"\/><a href=\"https:\/\/brtk.net\/\"\/><a href=\"https:\/\/brtk.net\/\"\/><a href=\"https:\/\/brtk.net\/\"\/><a href=\"https:\/\/brtk.net\/\"\/><a href=\"https:\/\/brtk.net\/\">Tatar<\/a>, d\u00fcn meydana gelen Hatay merkezli depreme ili\u015fkin AFAD Ba\u015fkanl\u0131\u011f\u0131nda bas\u0131n toplant\u0131s\u0131 d\u00fczenledi.<\/span><\/p>\n<p style=\"font-weight: 300;\"><span style=\"font-weight: 300 !important;\">Hatay merkezli depremin, Kahramanmara\u015f merkezli depremlerden ba\u011f\u0131ms\u0131z oldu\u011funu belirten <a href=\"https:\/\/brtk.net\/\"\/><a href=\"https:\/\/brtk.net\/\"\/><a href=\"https:\/\/brtk.net\/\"\/><a href=\"https:\/\/brtk.net\/\"\/><a href=\"https:\/\/brtk.net\/\"\/><a href=\"https:\/\/brtk.net\/\"\/><a href=\"https:\/\/brtk.net\/\"\/><a href=\"https:\/\/brtk.net\/\"\/><a href=\"https:\/\/brtk.net\/\"\/><a href=\"https:\/\/brtk.net\/\"\/><a href=\"https:\/\/brtk.net\/\"\/><a href=\"https:\/\/brtk.net\/\">Tatar<\/a>, bu depremin Antakya\u2019n\u0131n g\u00fcneyindeki Antakya fay\u0131ndan kaynaklanan bir deprem oldu\u011funu s\u00f6yledi.<\/span><\/p>\n<p style=\"font-weight: 300;\"><span style=\"font-weight: 300 !important;\">Depremin b\u00fcy\u00fckl\u00fc\u011f\u00fcn\u00fcn 6,4 oldu\u011funu an\u0131msatan <a href=\"https:\/\/brtk.net\/\"\/><a href=\"https:\/\/brtk.net\/\"\/><a href=\"https:\/\/brtk.net\/\"\/><a href=\"https:\/\/brtk.net\/\"\/><a href=\"https:\/\/brtk.net\/\"\/><a href=\"https:\/\/brtk.net\/\"\/><a href=\"https:\/\/brtk.net\/\"\/><a href=\"https:\/\/brtk.net\/\"\/><a href=\"https:\/\/brtk.net\/\"\/><a href=\"https:\/\/brtk.net\/\"\/><a href=\"https:\/\/brtk.net\/\"\/><a href=\"https:\/\/brtk.net\/\">Tatar<\/a>, bu sars\u0131nt\u0131n\u0131n ard\u0131ndan en b\u00fcy\u00fc\u011f\u00fc 5,8 olmak \u00fczere \u015fu ana kadar Hatay merkezli 116 depremin meydana geldi\u011fi bilgisini verdi.<\/span><\/p>\n<p style=\"font-weight: 300;\"><span style=\"font-weight: 300 !important;\"><a href=\"https:\/\/brtk.net\/\"\/><a href=\"https:\/\/brtk.net\/\"\/><a href=\"https:\/\/brtk.net\/\"\/><a href=\"https:\/\/brtk.net\/\"\/><a href=\"https:\/\/brtk.net\/\"\/><a href=\"https:\/\/brtk.net\/\"\/><a href=\"https:\/\/brtk.net\/\"\/><a href=\"https:\/\/brtk.net\/\"\/><a href=\"https:\/\/brtk.net\/\"\/><a href=\"https:\/\/brtk.net\/\"\/><a href=\"https:\/\/brtk.net\/\"\/><a href=\"https:\/\/brtk.net\/\">Tatar<\/a>, \u015f\u00f6yle devam etti:<\/span><\/p>\n<p style=\"font-weight: 300;\"><span style=\"font-weight: 300 !important;\">\u201c\u00dc\u00e7 ayr\u0131 depremi dikkate ald\u0131\u011f\u0131m\u0131zda ise \u015fu ana kadar meydana gelen toplam art\u00e7\u0131 deprem say\u0131s\u0131 7 bin 242. Bu \u00e7ok ciddi bir rakam. Bu 7 bin 242 art\u00e7\u0131 sars\u0131nt\u0131n\u0131n, 41 tanesi 5 ile 6 aras\u0131 b\u00fcy\u00fckl\u00fckte, 450 tanesi ise 4 ile 5 aras\u0131 b\u00fcy\u00fckl\u00fckte. Dolay\u0131s\u0131yla bu b\u00fcy\u00fckl\u00fckteki depremleri, y\u00f6redeki, b\u00f6lgedeki t\u00fcm vatanda\u015flar\u0131m\u0131z hissedebiliyor. Bunun \u00f6tesinde \u00f6zellikle 5 ve \u00fczerine \u00e7\u0131kabilecek b\u00fcy\u00fckl\u00fckteki art\u00e7\u0131 sars\u0131nt\u0131lar, ciddi \u015fekilde hasarl\u0131 binalarda y\u0131k\u0131ma neden olabilir. Bu nedenle vatanda\u015flar\u0131m\u0131zdan bir kez daha bu t\u00fcr binalardan uzak durmalar\u0131n\u0131 \u00f6zellikle rica ediyoruz.\u201d<\/span><\/p>\n<p style=\"font-weight: 300;\"><span style=\"font-weight: 300 !important;\">\u2013 \u201cBir riskin olmad\u0131\u011f\u0131 ortaya \u00e7\u0131k\u0131nca bu uyar\u0131y\u0131 kald\u0131rm\u0131\u015f olduk\u201d<\/span><\/p>\n<p style=\"font-weight: 300;\"><span style=\"font-weight: 300 !important;\">D\u00fcn ya\u015fanan depremden sonra baz\u0131 yerle\u015fim yerlerinde ikincil afet risklerinin ya\u015fand\u0131\u011f\u0131n\u0131 kaydeden <a href=\"https:\/\/brtk.net\/\"\/><a href=\"https:\/\/brtk.net\/\"\/><a href=\"https:\/\/brtk.net\/\"\/><a href=\"https:\/\/brtk.net\/\"\/><a href=\"https:\/\/brtk.net\/\"\/><a href=\"https:\/\/brtk.net\/\"\/><a href=\"https:\/\/brtk.net\/\"\/><a href=\"https:\/\/brtk.net\/\"\/><a href=\"https:\/\/brtk.net\/\"\/><a href=\"https:\/\/brtk.net\/\"\/><a href=\"https:\/\/brtk.net\/\"\/><a href=\"https:\/\/brtk.net\/\">Tatar<\/a>, kimi b\u00f6lgede, yerle\u015fim alanlar\u0131nda kaya d\u00fc\u015fmesi ve heyelan gibi birtak\u0131m olaylar\u0131n ya\u015fand\u0131\u011f\u0131na dair bilgiler geldi\u011fini bildirdi.<\/span><\/p>\n<p style=\"font-weight: 300;\"><span style=\"font-weight: 300 !important;\"><a href=\"https:\/\/brtk.net\/\"\/><a href=\"https:\/\/brtk.net\/\"\/><a href=\"https:\/\/brtk.net\/\"\/><a href=\"https:\/\/brtk.net\/\"\/><a href=\"https:\/\/brtk.net\/\"\/><a href=\"https:\/\/brtk.net\/\"\/><a href=\"https:\/\/brtk.net\/\"\/><a href=\"https:\/\/brtk.net\/\"\/><a href=\"https:\/\/brtk.net\/\"\/><a href=\"https:\/\/brtk.net\/\"\/><a href=\"https:\/\/brtk.net\/\"\/><a href=\"https:\/\/brtk.net\/\">Tatar<\/a>, bu t\u00fcr olaylara kar\u015f\u0131 dikkatli olunmas\u0131 gerekti\u011fine i\u015faret ederek \u015f\u00f6yle konu\u015ftu:<\/span><\/p>\n<p style=\"font-weight: 300;\"><span style=\"font-weight: 300 !important;\">\u201cD\u00fcn ayr\u0131ca ilk kez son 16 g\u00fcnde ya\u015fad\u0131\u011f\u0131m\u0131z depremler sonras\u0131nda bir tsunami uyar\u0131s\u0131 da yapt\u0131k. Bu son derece rutin bir uyar\u0131. Bunun alt\u0131n\u0131 \u00e7izmek istiyorum. \u00c7\u00fcnk\u00fc \u00f6zellikle k\u0131y\u0131dan 100 kilometre i\u00e7eride, karada meydana gelen belli b\u00fcy\u00fckl\u00fckteki depremlerde bu uyar\u0131y\u0131 yapmak durumunday\u0131z. T\u00fcrkiye\u2019de bu uyar\u0131y\u0131 yapmakla sorumlu kurulu\u015f, Bo\u011fazi\u00e7i \u00dcniversitesi Kandilli Rasathanesi ve Deprem Ara\u015ft\u0131rma Enstit\u00fcs\u00fcd\u00fcr. Onlardan gelen uyar\u0131y\u0131 kamuoyuna bildirmekle sorumlu kurulu\u015f olarak, AFAD olarak bu uyar\u0131y\u0131 yapmak durumunday\u0131z. Dolay\u0131s\u0131yla d\u00fcn yakla\u015f\u0131k 2 saate yak\u0131n bir s\u00fcreyle bu uyar\u0131 a\u00e7\u0131k kald\u0131. Ancak daha sonra b\u00f6yle bir riskin olmad\u0131\u011f\u0131 ortaya \u00e7\u0131k\u0131nca bu uyar\u0131y\u0131 kald\u0131rm\u0131\u015f olduk.\u201d<\/span><\/p>\n<p style=\"font-weight: 300;\"><span style=\"font-weight: 300 !important;\">Kahramanmara\u015f merkezli depremlerin \u00fczerinden 16 g\u00fcn ge\u00e7ti\u011fini hat\u0131rlatan <a href=\"https:\/\/brtk.net\/\"\/><a href=\"https:\/\/brtk.net\/\"\/><a href=\"https:\/\/brtk.net\/\"\/><a href=\"https:\/\/brtk.net\/\"\/><a href=\"https:\/\/brtk.net\/\"\/><a href=\"https:\/\/brtk.net\/\"\/><a href=\"https:\/\/brtk.net\/\"\/><a href=\"https:\/\/brtk.net\/\"\/><a href=\"https:\/\/brtk.net\/\"\/><a href=\"https:\/\/brtk.net\/\"\/><a href=\"https:\/\/brtk.net\/\"\/><a href=\"https:\/\/brtk.net\/\">Tatar<\/a>, yer bilimlerinin \u00e7ok al\u0131\u015f\u0131k olmad\u0131\u011f\u0131 deprem olu\u015fum s\u00fcre\u00e7lerinin izlendi\u011fini, bu depremlerin \u00e7oklu mekanizmalarla ve \u00f6zellikle birbirlerini tetikleyerek ard\u0131 ard\u0131na meydana geldi\u011fini dile getirdi.<\/span><\/p>\n<p style=\"font-weight: 300;\"><span style=\"font-weight: 300 !important;\"><a href=\"https:\/\/brtk.net\/\"\/><a href=\"https:\/\/brtk.net\/\"\/><a href=\"https:\/\/brtk.net\/\"\/><a href=\"https:\/\/brtk.net\/\"\/><a href=\"https:\/\/brtk.net\/\"\/><a href=\"https:\/\/brtk.net\/\"\/><a href=\"https:\/\/brtk.net\/\"\/><a href=\"https:\/\/brtk.net\/\"\/><a href=\"https:\/\/brtk.net\/\"\/><a href=\"https:\/\/brtk.net\/\"\/><a href=\"https:\/\/brtk.net\/\"\/><a href=\"https:\/\/brtk.net\/\">Tatar<\/a>, Kahramanmara\u015f merkezli depremlerin, Do\u011fu Anadolu fay zonundaki 5 ayr\u0131 fay par\u00e7as\u0131n\u0131 k\u0131rarak 400 kilometre uzunlu\u011funda bir y\u00fczey k\u0131r\u0131\u011f\u0131 ve faylanma meydana getirdi\u011fini ve bunun sonucunda yer kabu\u011funda yakla\u015f\u0131k 7,2-7,3 metreye varan yer de\u011fi\u015ftirmeler oldu\u011funu kaydetti.<\/span><\/p>\n<p style=\"font-weight: 300;\"><span style=\"font-weight: 300 !important;\">\u2013 \u201cHerkesin bir ders \u00e7\u0131kartmas\u0131 gereken depremlerle kar\u015f\u0131 kar\u015f\u0131yay\u0131z\u201d<\/span><\/p>\n<p style=\"font-weight: 300;\"><span style=\"font-weight: 300 !important;\">Hatay\u2019da sars\u0131nt\u0131ya neden olan ve Defne, Harbiye\u2019den ba\u015flayarak Samanda\u011f\u2019a ve deniz i\u00e7inden K\u0131br\u0131s\u2019a do\u011fru uzanan Antakya fay zonunun, sol yanal do\u011frultu at\u0131ml\u0131, bir miktar normal bile\u015feni olan bir fay oldu\u011fu bilgisini veren <a href=\"https:\/\/brtk.net\/\"\/><a href=\"https:\/\/brtk.net\/\"\/><a href=\"https:\/\/brtk.net\/\"\/><a href=\"https:\/\/brtk.net\/\"\/><a href=\"https:\/\/brtk.net\/\"\/><a href=\"https:\/\/brtk.net\/\"\/><a href=\"https:\/\/brtk.net\/\"\/><a href=\"https:\/\/brtk.net\/\"\/><a href=\"https:\/\/brtk.net\/\"\/><a href=\"https:\/\/brtk.net\/\"\/><a href=\"https:\/\/brtk.net\/\"\/><a href=\"https:\/\/brtk.net\/\">Tatar<\/a>, \u015funlar\u0131 kaydetti:<\/span><\/p>\n<p style=\"font-weight: 300;\"><span style=\"font-weight: 300 !important;\">\u201c\u00d6zellikle birbirini tetikleyecek \u015fekilde olan depremler, bir \u015fekilde zemine, faylara yak\u0131nl\u0131\u011f\u0131na, s\u0131v\u0131la\u015fmaya ve b\u00f6lgedeki yap\u0131 stokunun niteli\u011fine ba\u011fl\u0131 olarak \u00e7ok ciddi y\u0131k\u0131mlara neden oldu ve bize \u015funu g\u00f6sterdi. Bu depremler, hi\u00e7bir hatay\u0131 affetmemi\u015f durumda. \u00c7ok net. Dolay\u0131s\u0131yla bu anlamda herkesin bir ders \u00e7\u0131kartmas\u0131 gereken depremlerle kar\u015f\u0131 kar\u015f\u0131yay\u0131z.\u201d<\/span><\/p>\n<p style=\"font-weight: 300;\"><span style=\"font-weight: 300 !important;\">Depremlerle ilgili uzman akademisyenlerden \u00e7ok ciddi \u015fekilde yararland\u0131klar\u0131n\u0131 anlatan <a href=\"https:\/\/brtk.net\/\"\/><a href=\"https:\/\/brtk.net\/\"\/><a href=\"https:\/\/brtk.net\/\"\/><a href=\"https:\/\/brtk.net\/\"\/><a href=\"https:\/\/brtk.net\/\"\/><a href=\"https:\/\/brtk.net\/\"\/><a href=\"https:\/\/brtk.net\/\"\/><a href=\"https:\/\/brtk.net\/\"\/><a href=\"https:\/\/brtk.net\/\"\/><a href=\"https:\/\/brtk.net\/\"\/><a href=\"https:\/\/brtk.net\/\"\/><a href=\"https:\/\/brtk.net\/\">Tatar<\/a>, bu akademisyenlerden ald\u0131klar\u0131 deste\u011fin kendilerini mutlu etti\u011fini ve g\u00fc\u00e7l\u00fc k\u0131ld\u0131\u011f\u0131n\u0131 belirtti.<\/span><\/p>\n<p>TAK\/<a href=\"https:\/\/brtk.net\/\">BRT<\/a><\/p>\n<\/p><\/div>\n<p><script async\n                    defer\n                    crossorigin=\"anonymous\"\n                    src=\"https:\/\/connect.facebook.net\/tr_TR\/sdk.js#xfbml=1&#038;version=v3.3\"\n            ><\/script><\/p>\n","protected":false},"excerpt":{"rendered":"<p>Afet ve Acil Durum Y\u00f6netimi Ba\u015fkanl\u0131\u011f\u0131 (AFAD) Deprem ve Risk Azaltma Genel M\u00fcd\u00fcr\u00fc Orhan Tatar,\u00a0Hatay merkezli depremlerin ard\u0131ndan en b\u00fcy\u00fc\u011f\u00fc 5,8 olmak \u00fczere \u015fu ana kadar 116 art\u00e7\u0131 sars\u0131nt\u0131 meydana geldi\u011fini s\u00f6yledi. Tatar,\u00a0\u201cBu depremler, hi\u00e7bir hatay\u0131 affetmemi\u015f durumda\u201d diyerek, \u201cHerkesin bir ders \u00e7\u0131kartmas\u0131 gereken depremlerle kar\u015f\u0131 kar\u015f\u0131yay\u0131z\u201d ifadelerini kulland\u0131. Tatar, Kahramanmara\u015f ve Hatay merkezli depremlerin<\/p>\n","protected":false},"author":1,"featured_media":1797,"comment_status":"open","ping_status":"open","sticky":false,"template":"","format":"standard","meta":{"footnotes":""},"categories":[1],"tags":[],"class_list":["post-1796","post","type-post","status-publish","format-standard","has-post-thumbnail","hentry","category-gundem"],"yoast_head":"<!-- This site is optimized with the Yoast SEO plugin v27.4 - https:\/\/yoast.com\/product\/yoast-seo-wordpress\/ -->\n<title>AFAD\u2019dan Hatay\u2019daki depremlere ili\u015fkin yeni a\u00e7\u0131klama: 116 art\u00e7\u0131 sars\u0131nt\u0131 meydana geldi -<\/title>\n<meta name=\"robots\" content=\"index, follow, max-snippet:-1, max-image-preview:large, max-video-preview:-1\" \/>\n<link rel=\"canonical\" href=\"https:\/\/kibrisdakik.com\/?p=1796\" \/>\n<meta property=\"og:locale\" content=\"tr_TR\" \/>\n<meta property=\"og:type\" content=\"article\" \/>\n<meta property=\"og:title\" content=\"AFAD\u2019dan Hatay\u2019daki depremlere ili\u015fkin yeni a\u00e7\u0131klama: 116 art\u00e7\u0131 sars\u0131nt\u0131 meydana geldi -\" \/>\n<meta property=\"og:description\" content=\"Afet ve Acil Durum Y\u00f6netimi Ba\u015fkanl\u0131\u011f\u0131 (AFAD) Deprem ve Risk Azaltma Genel M\u00fcd\u00fcr\u00fc Orhan Tatar,\u00a0Hatay merkezli depremlerin ard\u0131ndan en b\u00fcy\u00fc\u011f\u00fc 5,8 olmak \u00fczere \u015fu ana kadar 116 art\u00e7\u0131 sars\u0131nt\u0131 meydana geldi\u011fini s\u00f6yledi. Tatar,\u00a0\u201cBu depremler, hi\u00e7bir hatay\u0131 affetmemi\u015f durumda\u201d diyerek, \u201cHerkesin bir ders \u00e7\u0131kartmas\u0131 gereken depremlerle kar\u015f\u0131 kar\u015f\u0131yay\u0131z\u201d ifadelerini kulland\u0131. Tatar, Kahramanmara\u015f ve Hatay merkezli depremlerin\" \/>\n<meta property=\"og:url\" content=\"https:\/\/kibrisdakik.com\/?p=1796\" \/>\n<meta property=\"article:published_time\" content=\"2023-02-21T22:07:23+00:00\" \/>\n<meta property=\"og:image\" content=\"https:\/\/kibrisdakik.com\/wp-content\/uploads\/2023\/02\/AFADHATAY-740x420.jpg\" \/>\n\t<meta property=\"og:image:width\" content=\"864\" \/>\n\t<meta property=\"og:image:height\" content=\"486\" \/>\n\t<meta property=\"og:image:type\" content=\"image\/jpeg\" \/>\n<meta name=\"author\" content=\"admin\" \/>\n<meta name=\"twitter:card\" content=\"summary_large_image\" \/>\n<meta name=\"twitter:label1\" content=\"Yazan:\" \/>\n\t<meta name=\"twitter:data1\" content=\"admin\" \/>\n\t<meta name=\"twitter:label2\" content=\"Tahmini okuma s\u00fcresi\" \/>\n\t<meta name=\"twitter:data2\" content=\"4 dakika\" \/>\n<script type=\"application\/ld+json\" class=\"yoast-schema-graph\">{\"@context\":\"https:\\\/\\\/schema.org\",\"@graph\":[{\"@type\":\"Article\",\"@id\":\"https:\\\/\\\/kibrisdakik.com\\\/?p=1796#article\",\"isPartOf\":{\"@id\":\"https:\\\/\\\/kibrisdakik.com\\\/?p=1796\"},\"author\":{\"name\":\"admin\",\"@id\":\"https:\\\/\\\/kibrisdakik.com\\\/#\\\/schema\\\/person\\\/9cd9d437bbb44f72b73ba127e06d8e79\"},\"headline\":\"AFAD\u2019dan Hatay\u2019daki depremlere ili\u015fkin yeni a\u00e7\u0131klama: 116 art\u00e7\u0131 sars\u0131nt\u0131 meydana geldi\",\"datePublished\":\"2023-02-21T22:07:23+00:00\",\"mainEntityOfPage\":{\"@id\":\"https:\\\/\\\/kibrisdakik.com\\\/?p=1796\"},\"wordCount\":746,\"commentCount\":0,\"image\":{\"@id\":\"https:\\\/\\\/kibrisdakik.com\\\/?p=1796#primaryimage\"},\"thumbnailUrl\":\"https:\\\/\\\/kibrisdakik.com\\\/wp-content\\\/uploads\\\/2023\\\/02\\\/AFADHATAY-740x420.jpg\",\"articleSection\":[\"G\u00fcndem\"],\"inLanguage\":\"tr\",\"potentialAction\":[{\"@type\":\"CommentAction\",\"name\":\"Comment\",\"target\":[\"https:\\\/\\\/kibrisdakik.com\\\/?p=1796#respond\"]}]},{\"@type\":\"WebPage\",\"@id\":\"https:\\\/\\\/kibrisdakik.com\\\/?p=1796\",\"url\":\"https:\\\/\\\/kibrisdakik.com\\\/?p=1796\",\"name\":\"AFAD\u2019dan Hatay\u2019daki depremlere ili\u015fkin yeni a\u00e7\u0131klama: 116 art\u00e7\u0131 sars\u0131nt\u0131 meydana geldi -\",\"isPartOf\":{\"@id\":\"https:\\\/\\\/kibrisdakik.com\\\/#website\"},\"primaryImageOfPage\":{\"@id\":\"https:\\\/\\\/kibrisdakik.com\\\/?p=1796#primaryimage\"},\"image\":{\"@id\":\"https:\\\/\\\/kibrisdakik.com\\\/?p=1796#primaryimage\"},\"thumbnailUrl\":\"https:\\\/\\\/kibrisdakik.com\\\/wp-content\\\/uploads\\\/2023\\\/02\\\/AFADHATAY-740x420.jpg\",\"datePublished\":\"2023-02-21T22:07:23+00:00\",\"author\":{\"@id\":\"https:\\\/\\\/kibrisdakik.com\\\/#\\\/schema\\\/person\\\/9cd9d437bbb44f72b73ba127e06d8e79\"},\"breadcrumb\":{\"@id\":\"https:\\\/\\\/kibrisdakik.com\\\/?p=1796#breadcrumb\"},\"inLanguage\":\"tr\",\"potentialAction\":[{\"@type\":\"ReadAction\",\"target\":[\"https:\\\/\\\/kibrisdakik.com\\\/?p=1796\"]}]},{\"@type\":\"ImageObject\",\"inLanguage\":\"tr\",\"@id\":\"https:\\\/\\\/kibrisdakik.com\\\/?p=1796#primaryimage\",\"url\":\"https:\\\/\\\/kibrisdakik.com\\\/wp-content\\\/uploads\\\/2023\\\/02\\\/AFADHATAY-740x420.jpg\",\"contentUrl\":\"https:\\\/\\\/kibrisdakik.com\\\/wp-content\\\/uploads\\\/2023\\\/02\\\/AFADHATAY-740x420.jpg\",\"width\":864,\"height\":486},{\"@type\":\"BreadcrumbList\",\"@id\":\"https:\\\/\\\/kibrisdakik.com\\\/?p=1796#breadcrumb\",\"itemListElement\":[{\"@type\":\"ListItem\",\"position\":1,\"name\":\"Home\",\"item\":\"https:\\\/\\\/kibrisdakik.com\\\/\"},{\"@type\":\"ListItem\",\"position\":2,\"name\":\"AFAD\u2019dan Hatay\u2019daki depremlere ili\u015fkin yeni a\u00e7\u0131klama: 116 art\u00e7\u0131 sars\u0131nt\u0131 meydana geldi\"}]},{\"@type\":\"WebSite\",\"@id\":\"https:\\\/\\\/kibrisdakik.com\\\/#website\",\"url\":\"https:\\\/\\\/kibrisdakik.com\\\/\",\"name\":\"\",\"description\":\"Tam vaktinde haber\",\"potentialAction\":[{\"@type\":\"SearchAction\",\"target\":{\"@type\":\"EntryPoint\",\"urlTemplate\":\"https:\\\/\\\/kibrisdakik.com\\\/?s={search_term_string}\"},\"query-input\":{\"@type\":\"PropertyValueSpecification\",\"valueRequired\":true,\"valueName\":\"search_term_string\"}}],\"inLanguage\":\"tr\"},{\"@type\":\"Person\",\"@id\":\"https:\\\/\\\/kibrisdakik.com\\\/#\\\/schema\\\/person\\\/9cd9d437bbb44f72b73ba127e06d8e79\",\"name\":\"admin\",\"image\":{\"@type\":\"ImageObject\",\"inLanguage\":\"tr\",\"@id\":\"https:\\\/\\\/secure.gravatar.com\\\/avatar\\\/ccc17943b9d660506c869530f897617f7cb1c21a4bf30023f252596d83e1f007?s=96&d=mm&r=g\",\"url\":\"https:\\\/\\\/secure.gravatar.com\\\/avatar\\\/ccc17943b9d660506c869530f897617f7cb1c21a4bf30023f252596d83e1f007?s=96&d=mm&r=g\",\"contentUrl\":\"https:\\\/\\\/secure.gravatar.com\\\/avatar\\\/ccc17943b9d660506c869530f897617f7cb1c21a4bf30023f252596d83e1f007?s=96&d=mm&r=g\",\"caption\":\"admin\"},\"sameAs\":[\"https:\\\/\\\/kibrisdakik.com\"],\"url\":\"https:\\\/\\\/kibrisdakik.com\\\/?author=1\"}]}<\/script>\n<!-- \/ Yoast SEO plugin. -->","yoast_head_json":{"title":"AFAD\u2019dan Hatay\u2019daki depremlere ili\u015fkin yeni a\u00e7\u0131klama: 116 art\u00e7\u0131 sars\u0131nt\u0131 meydana geldi -","robots":{"index":"index","follow":"follow","max-snippet":"max-snippet:-1","max-image-preview":"max-image-preview:large","max-video-preview":"max-video-preview:-1"},"canonical":"https:\/\/kibrisdakik.com\/?p=1796","og_locale":"tr_TR","og_type":"article","og_title":"AFAD\u2019dan Hatay\u2019daki depremlere ili\u015fkin yeni a\u00e7\u0131klama: 116 art\u00e7\u0131 sars\u0131nt\u0131 meydana geldi -","og_description":"Afet ve Acil Durum Y\u00f6netimi Ba\u015fkanl\u0131\u011f\u0131 (AFAD) Deprem ve Risk Azaltma Genel M\u00fcd\u00fcr\u00fc Orhan Tatar,\u00a0Hatay merkezli depremlerin ard\u0131ndan en b\u00fcy\u00fc\u011f\u00fc 5,8 olmak \u00fczere \u015fu ana kadar 116 art\u00e7\u0131 sars\u0131nt\u0131 meydana geldi\u011fini s\u00f6yledi. Tatar,\u00a0\u201cBu depremler, hi\u00e7bir hatay\u0131 affetmemi\u015f durumda\u201d diyerek, \u201cHerkesin bir ders \u00e7\u0131kartmas\u0131 gereken depremlerle kar\u015f\u0131 kar\u015f\u0131yay\u0131z\u201d ifadelerini kulland\u0131. Tatar, Kahramanmara\u015f ve Hatay merkezli depremlerin","og_url":"https:\/\/kibrisdakik.com\/?p=1796","article_published_time":"2023-02-21T22:07:23+00:00","og_image":[{"width":864,"height":486,"url":"https:\/\/kibrisdakik.com\/wp-content\/uploads\/2023\/02\/AFADHATAY-740x420.jpg","type":"image\/jpeg"}],"author":"admin","twitter_card":"summary_large_image","twitter_misc":{"Yazan:":"admin","Tahmini okuma s\u00fcresi":"4 dakika"},"schema":{"@context":"https:\/\/schema.org","@graph":[{"@type":"Article","@id":"https:\/\/kibrisdakik.com\/?p=1796#article","isPartOf":{"@id":"https:\/\/kibrisdakik.com\/?p=1796"},"author":{"name":"admin","@id":"https:\/\/kibrisdakik.com\/#\/schema\/person\/9cd9d437bbb44f72b73ba127e06d8e79"},"headline":"AFAD\u2019dan Hatay\u2019daki depremlere ili\u015fkin yeni a\u00e7\u0131klama: 116 art\u00e7\u0131 sars\u0131nt\u0131 meydana geldi","datePublished":"2023-02-21T22:07:23+00:00","mainEntityOfPage":{"@id":"https:\/\/kibrisdakik.com\/?p=1796"},"wordCount":746,"commentCount":0,"image":{"@id":"https:\/\/kibrisdakik.com\/?p=1796#primaryimage"},"thumbnailUrl":"https:\/\/kibrisdakik.com\/wp-content\/uploads\/2023\/02\/AFADHATAY-740x420.jpg","articleSection":["G\u00fcndem"],"inLanguage":"tr","potentialAction":[{"@type":"CommentAction","name":"Comment","target":["https:\/\/kibrisdakik.com\/?p=1796#respond"]}]},{"@type":"WebPage","@id":"https:\/\/kibrisdakik.com\/?p=1796","url":"https:\/\/kibrisdakik.com\/?p=1796","name":"AFAD\u2019dan Hatay\u2019daki depremlere ili\u015fkin yeni a\u00e7\u0131klama: 116 art\u00e7\u0131 sars\u0131nt\u0131 meydana geldi -","isPartOf":{"@id":"https:\/\/kibrisdakik.com\/#website"},"primaryImageOfPage":{"@id":"https:\/\/kibrisdakik.com\/?p=1796#primaryimage"},"image":{"@id":"https:\/\/kibrisdakik.com\/?p=1796#primaryimage"},"thumbnailUrl":"https:\/\/kibrisdakik.com\/wp-content\/uploads\/2023\/02\/AFADHATAY-740x420.jpg","datePublished":"2023-02-21T22:07:23+00:00","author":{"@id":"https:\/\/kibrisdakik.com\/#\/schema\/person\/9cd9d437bbb44f72b73ba127e06d8e79"},"breadcrumb":{"@id":"https:\/\/kibrisdakik.com\/?p=1796#breadcrumb"},"inLanguage":"tr","potentialAction":[{"@type":"ReadAction","target":["https:\/\/kibrisdakik.com\/?p=1796"]}]},{"@type":"ImageObject","inLanguage":"tr","@id":"https:\/\/kibrisdakik.com\/?p=1796#primaryimage","url":"https:\/\/kibrisdakik.com\/wp-content\/uploads\/2023\/02\/AFADHATAY-740x420.jpg","contentUrl":"https:\/\/kibrisdakik.com\/wp-content\/uploads\/2023\/02\/AFADHATAY-740x420.jpg","width":864,"height":486},{"@type":"BreadcrumbList","@id":"https:\/\/kibrisdakik.com\/?p=1796#breadcrumb","itemListElement":[{"@type":"ListItem","position":1,"name":"Home","item":"https:\/\/kibrisdakik.com\/"},{"@type":"ListItem","position":2,"name":"AFAD\u2019dan Hatay\u2019daki depremlere ili\u015fkin yeni a\u00e7\u0131klama: 116 art\u00e7\u0131 sars\u0131nt\u0131 meydana geldi"}]},{"@type":"WebSite","@id":"https:\/\/kibrisdakik.com\/#website","url":"https:\/\/kibrisdakik.com\/","name":"","description":"Tam vaktinde haber","potentialAction":[{"@type":"SearchAction","target":{"@type":"EntryPoint","urlTemplate":"https:\/\/kibrisdakik.com\/?s={search_term_string}"},"query-input":{"@type":"PropertyValueSpecification","valueRequired":true,"valueName":"search_term_string"}}],"inLanguage":"tr"},{"@type":"Person","@id":"https:\/\/kibrisdakik.com\/#\/schema\/person\/9cd9d437bbb44f72b73ba127e06d8e79","name":"admin","image":{"@type":"ImageObject","inLanguage":"tr","@id":"https:\/\/secure.gravatar.com\/avatar\/ccc17943b9d660506c869530f897617f7cb1c21a4bf30023f252596d83e1f007?s=96&d=mm&r=g","url":"https:\/\/secure.gravatar.com\/avatar\/ccc17943b9d660506c869530f897617f7cb1c21a4bf30023f252596d83e1f007?s=96&d=mm&r=g","contentUrl":"https:\/\/secure.gravatar.com\/avatar\/ccc17943b9d660506c869530f897617f7cb1c21a4bf30023f252596d83e1f007?s=96&d=mm&r=g","caption":"admin"},"sameAs":["https:\/\/kibrisdakik.com"],"url":"https:\/\/kibrisdakik.com\/?author=1"}]}},"_links":{"self":[{"href":"https:\/\/kibrisdakik.com\/index.php?rest_route=\/wp\/v2\/posts\/1796","targetHints":{"allow":["GET"]}}],"collection":[{"href":"https:\/\/kibrisdakik.com\/index.php?rest_route=\/wp\/v2\/posts"}],"about":[{"href":"https:\/\/kibrisdakik.com\/index.php?rest_route=\/wp\/v2\/types\/post"}],"author":[{"embeddable":true,"href":"https:\/\/kibrisdakik.com\/index.php?rest_route=\/wp\/v2\/users\/1"}],"replies":[{"embeddable":true,"href":"https:\/\/kibrisdakik.com\/index.php?rest_route=%2Fwp%2Fv2%2Fcomments&post=1796"}],"version-history":[{"count":0,"href":"https:\/\/kibrisdakik.com\/index.php?rest_route=\/wp\/v2\/posts\/1796\/revisions"}],"wp:featuredmedia":[{"embeddable":true,"href":"https:\/\/kibrisdakik.com\/index.php?rest_route=\/wp\/v2\/media\/1797"}],"wp:attachment":[{"href":"https:\/\/kibrisdakik.com\/index.php?rest_route=%2Fwp%2Fv2%2Fmedia&parent=1796"}],"wp:term":[{"taxonomy":"category","embeddable":true,"href":"https:\/\/kibrisdakik.com\/index.php?rest_route=%2Fwp%2Fv2%2Fcategories&post=1796"},{"taxonomy":"post_tag","embeddable":true,"href":"https:\/\/kibrisdakik.com\/index.php?rest_route=%2Fwp%2Fv2%2Ftags&post=1796"}],"curies":[{"name":"wp","href":"https:\/\/api.w.org\/{rel}","templated":true}]}}