{"id":18006,"date":"2023-11-09T12:39:00","date_gmt":"2023-11-09T12:39:00","guid":{"rendered":"https:\/\/kibrisdakik.com\/index.php\/2023\/11\/09\/toren-provasi-nedeniyle-pazar-gunu-gonyeli-cemberi-ile-honda-trafik-isiklari-kavsagi-arasindaki-yol-trafige-kapatilacak\/"},"modified":"2023-11-09T12:39:00","modified_gmt":"2023-11-09T12:39:00","slug":"toren-provasi-nedeniyle-pazar-gunu-gonyeli-cemberi-ile-honda-trafik-isiklari-kavsagi-arasindaki-yol-trafige-kapatilacak","status":"publish","type":"post","link":"https:\/\/kibrisdakik.com\/?p=18006","title":{"rendered":"T\u00f6ren provas\u0131 nedeniyle pazar g\u00fcn\u00fc G\u00f6nyeli \u00c7emberi ile Honda Trafik I\u015f\u0131klar\u0131 Kav\u015fa\u011f\u0131 aras\u0131ndaki yol trafi\u011fe kapat\u0131lacak"},"content":{"rendered":"<p><img decoding=\"async\" src=\"https:\/\/www.kibristurk.com\/images\/haberler\/2023\/11\/toren-provasi-nedeniyle-pazar-gunu-gonyeli-cemberi-ile-honda-trafik-isiklari-kavsagi-arasindaki-yol-trafige-kapatilacak-1699533635.webp\" \/><\/p>\n<p style=\"text-align:left\"><span style=\"font-size:16px\"><span style=\"font-family:Merriweather,serif !important\"><span style=\"color:#000000\"><span style=\"background-color:#ffffff\">15 Kas\u0131m KKTC\u2019nin 40\u2019\u0131nc\u0131 Kurulu\u015f Y\u0131ld\u00f6n\u00fcm\u00fc nedeniyle yap\u0131lacak t\u00f6ren provas\u0131 kapsam\u0131nda, pazar g\u00fcn\u00fc saat 08.00\u2019den t\u00f6ren provas\u0131n\u0131n sona erece\u011fi saate kadar G\u00f6nyeli \u00c7emberi ile Honda Trafik I\u015f\u0131klar\u0131 Kav\u015fa\u011f\u0131 aras\u0131nda kalan yol g\u00fczergah\u0131 trafik ak\u0131\u015f\u0131na kapat\u0131lacak.<\/span><\/span><\/span><\/span><\/p>\n<p style=\"text-align:left\">&nbsp;<\/p>\n<p style=\"text-align:left\"><span style=\"font-size:16px\"><span style=\"font-family:Merriweather,serif !important\"><span style=\"color:#000000\"><span style=\"background-color:#ffffff\">Polis Bas\u0131n Subayl\u0131\u011f\u0131\u2019ndan yap\u0131lan a\u00e7\u0131klamada, G\u00f6nyeli \u00c7emberi ile Honda Trafik I\u015f\u0131klar\u0131 Kav\u015fa\u011f\u0131 aras\u0131nda kalan yol g\u00fczergah\u0131n\u0131n kapal\u0131 oldu\u011fu saatlerde ula\u015f\u0131m\u0131n sa\u011flanaca\u011f\u0131 alternatif g\u00fczergahlar \u015fu \u015fekilde duyuruldu:<\/span><\/span><\/span><\/span><\/p>\n<p style=\"text-align:left\"><span style=\"font-size:16px\"><span style=\"font-family:Merriweather,serif !important\"><span style=\"color:#000000\"><span style=\"background-color:#ffffff\">\u201cOrganize Sanayi B\u00f6lgesine gitmek isteyen s\u00fcr\u00fcc\u00fcler i\u00e7in ula\u015f\u0131m, Alt\u0131nba\u015f Petrol Trafik I\u015f\u0131klar\u0131 Kav\u015fa\u011f\u0131 veya Atat\u00fcrk Stadyumu \u00c7emberinden kontroll\u00fc olarak sa\u011flanacakt\u0131r.<\/span><\/span><\/span><\/span><\/p>\n<p style=\"text-align:left\"><span style=\"font-size:16px\"><span style=\"font-family:Merriweather,serif !important\"><span style=\"color:#000000\"><span style=\"background-color:#ffffff\">Gazima\u011fusa istikametinden gelip Yak\u0131n Do\u011fu \u00dcniversitesi Hastanesi\u2019ne gitmek isteyen s\u00fcr\u00fcc\u00fcler i\u00e7in ula\u015f\u0131m, Lefko\u015fa Kuzey \u00c7evre Yolu ile Yak\u0131n Do\u011fu Bulvar\u0131 \u00fczerinden sa\u011flanacakt\u0131r.<\/span><\/span><\/span><\/span><\/p>\n<p style=\"text-align:left\"><span style=\"font-size:16px\"><span style=\"font-family:Merriweather,serif !important\"><span style=\"color:#000000\"><span style=\"background-color:#ffffff\">Gazima\u011fusa istikametinden gelip Lefko\u015fa \u015fehir i\u00e7ine do\u011fru seyredecek s\u00fcr\u00fcc\u00fcler i\u00e7in ula\u015f\u0131m, Hamitk\u00f6y \u00c7emberinden sola d\u00f6n\u00fcp, Mimar Mehmet Vahip Caddesi ile \u015eht. \u0130smail Beyo\u011flu Caddesi veya Honda Trafik I\u015f\u0131klar\u0131ndan sola d\u00f6nerek, \u015eht. Mustafa Ahmet Ruso Caddesi \u00fczerinden sa\u011flanacakt\u0131r.<\/span><\/span><\/span><\/span><\/p>\n<p style=\"text-align:left\"><span style=\"font-size:16px\"><span style=\"font-family:Merriweather,serif !important\"><span style=\"color:#000000\"><span style=\"background-color:#ffffff\">Gazima\u011fusa istikametinden gelip G\u00fczelyurt istikametine do\u011fru seyredecek s\u00fcr\u00fcc\u00fcler i\u00e7in ula\u015f\u0131m, Lefko\u015fa Kuzey \u00c7evre Yolu \u00fczerinden G\u00f6nyeli \u00c7emberi g\u00fczergah\u0131 veya Lefko\u015fa Mehmet Akif Caddesi \u00fczerinde bulunan Citr\u00f6en Trafik I\u015f\u0131klar\u0131 kav\u015fa\u011f\u0131 ile Metehan-Alayk\u00f6y \u00c7evre yolu \u00fczerinden sa\u011flanacakt\u0131r.<\/span><\/span><\/span><\/span><\/p>\n<p style=\"text-align:left\"><span style=\"font-size:16px\"><span style=\"font-family:Merriweather,serif !important\"><span style=\"color:#000000\"><span style=\"background-color:#ffffff\">G\u00fczelyurt istikametinden gelip Lefko\u015fa istikametine do\u011fru seyredecek s\u00fcr\u00fcc\u00fcler i\u00e7in ula\u015f\u0131m, Alayk\u00f6y-Metehan \u00c7evre yolu veya G\u00f6nyeli \u00c7emberi ile&nbsp;Dr. Burhan Nalbanto\u011flu Caddesi (Devlet Hastanesi) g\u00fczergah\u0131 \u00fczerinden sa\u011flanacakt\u0131r.&nbsp;<\/span><\/span><\/span><\/span><\/p>\n<p style=\"text-align:left\"><span style=\"font-size:16px\"><span style=\"font-family:Merriweather,serif !important\"><span style=\"color:#000000\"><span style=\"background-color:#ffffff\">Girne istikametinden gelip Lefko\u015fa istikametine do\u011fru seyredecek s\u00fcr\u00fcc\u00fcler i\u00e7in ula\u015f\u0131m, Bo\u011fazk\u00f6y-Dikmen yolunu kullanarak Lefko\u015fa Organize Sanayi B\u00f6lgesi i\u00e7erisinden devam edip, Alt\u0131nba\u015f Petrol Trafik I\u015f\u0131klar\u0131 kav\u015fa\u011f\u0131 \u00fczerinden veya Girne-Lefko\u015fa Anayolunu kullanan s\u00fcr\u00fcc\u00fcler i\u00e7in ise, G\u00f6nyeli \u00c7emberinden Dr. Burhan Nalbanto\u011flu Caddesi (Devlet Hastanesi) g\u00fczergah\u0131 \u00fczerinden sa\u011flanacakt\u0131r.\u201d<\/span><\/span><\/span><\/span><\/p>\n","protected":false},"excerpt":{"rendered":"<p>15 Kas\u0131m KKTC\u2019nin 40\u2019\u0131nc\u0131 Kurulu\u015f Y\u0131ld\u00f6n\u00fcm\u00fc nedeniyle yap\u0131lacak t\u00f6ren provas\u0131 kapsam\u0131nda, pazar g\u00fcn\u00fc saat 08.00\u2019den t\u00f6ren provas\u0131n\u0131n sona erece\u011fi saate kadar G\u00f6nyeli \u00c7emberi ile Honda Trafik I\u015f\u0131klar\u0131 Kav\u015fa\u011f\u0131 aras\u0131nda kalan yol g\u00fczergah\u0131 trafik ak\u0131\u015f\u0131na kapat\u0131lacak. &nbsp; Polis Bas\u0131n Subayl\u0131\u011f\u0131\u2019ndan yap\u0131lan a\u00e7\u0131klamada, G\u00f6nyeli \u00c7emberi ile Honda Trafik I\u015f\u0131klar\u0131 Kav\u015fa\u011f\u0131 aras\u0131nda kalan yol g\u00fczergah\u0131n\u0131n kapal\u0131 oldu\u011fu saatlerde<\/p>\n","protected":false},"author":1,"featured_media":18007,"comment_status":"open","ping_status":"open","sticky":false,"template":"","format":"standard","meta":{"footnotes":""},"categories":[1],"tags":[],"class_list":["post-18006","post","type-post","status-publish","format-standard","has-post-thumbnail","hentry","category-gundem"],"yoast_head":"<!-- This site is optimized with the Yoast SEO plugin v27.5 - https:\/\/yoast.com\/product\/yoast-seo-wordpress\/ -->\n<title>T\u00f6ren provas\u0131 nedeniyle pazar g\u00fcn\u00fc G\u00f6nyeli \u00c7emberi ile Honda Trafik I\u015f\u0131klar\u0131 Kav\u015fa\u011f\u0131 aras\u0131ndaki yol trafi\u011fe kapat\u0131lacak -<\/title>\n<meta name=\"robots\" content=\"index, follow, max-snippet:-1, max-image-preview:large, max-video-preview:-1\" \/>\n<link rel=\"canonical\" href=\"https:\/\/kibrisdakik.com\/?p=18006\" \/>\n<meta property=\"og:locale\" content=\"tr_TR\" \/>\n<meta property=\"og:type\" content=\"article\" \/>\n<meta property=\"og:title\" content=\"T\u00f6ren provas\u0131 nedeniyle pazar g\u00fcn\u00fc G\u00f6nyeli \u00c7emberi ile Honda Trafik I\u015f\u0131klar\u0131 Kav\u015fa\u011f\u0131 aras\u0131ndaki yol trafi\u011fe kapat\u0131lacak -\" \/>\n<meta property=\"og:description\" content=\"15 Kas\u0131m KKTC\u2019nin 40\u2019\u0131nc\u0131 Kurulu\u015f Y\u0131ld\u00f6n\u00fcm\u00fc nedeniyle yap\u0131lacak t\u00f6ren provas\u0131 kapsam\u0131nda, pazar g\u00fcn\u00fc saat 08.00\u2019den t\u00f6ren provas\u0131n\u0131n sona erece\u011fi saate kadar G\u00f6nyeli \u00c7emberi ile Honda Trafik I\u015f\u0131klar\u0131 Kav\u015fa\u011f\u0131 aras\u0131nda kalan yol g\u00fczergah\u0131 trafik ak\u0131\u015f\u0131na kapat\u0131lacak. &nbsp; Polis Bas\u0131n Subayl\u0131\u011f\u0131\u2019ndan yap\u0131lan a\u00e7\u0131klamada, G\u00f6nyeli \u00c7emberi ile Honda Trafik I\u015f\u0131klar\u0131 Kav\u015fa\u011f\u0131 aras\u0131nda kalan yol g\u00fczergah\u0131n\u0131n kapal\u0131 oldu\u011fu saatlerde\" \/>\n<meta property=\"og:url\" content=\"https:\/\/kibrisdakik.com\/?p=18006\" \/>\n<meta property=\"article:published_time\" content=\"2023-11-09T12:39:00+00:00\" \/>\n<meta property=\"og:image\" content=\"https:\/\/kibrisdakik.com\/wp-content\/uploads\/2023\/11\/toren-provasi-nedeniyle-pazar-gunu-gonyeli-cemberi-ile-honda-trafik-isiklari-kavsagi-arasindaki-yol-trafige-kapatilacak-1699533635.webp.webp\" \/>\n\t<meta property=\"og:image:width\" content=\"710\" \/>\n\t<meta property=\"og:image:height\" content=\"370\" \/>\n\t<meta property=\"og:image:type\" content=\"image\/webp\" \/>\n<meta name=\"author\" content=\"admin\" \/>\n<meta name=\"twitter:card\" content=\"summary_large_image\" \/>\n<meta name=\"twitter:label1\" content=\"Yazan:\" \/>\n\t<meta name=\"twitter:data1\" content=\"admin\" \/>\n\t<meta name=\"twitter:label2\" content=\"Tahmini okuma s\u00fcresi\" \/>\n\t<meta name=\"twitter:data2\" content=\"2 dakika\" \/>\n<script type=\"application\/ld+json\" class=\"yoast-schema-graph\">{\"@context\":\"https:\\\/\\\/schema.org\",\"@graph\":[{\"@type\":\"Article\",\"@id\":\"https:\\\/\\\/kibrisdakik.com\\\/?p=18006#article\",\"isPartOf\":{\"@id\":\"https:\\\/\\\/kibrisdakik.com\\\/?p=18006\"},\"author\":{\"name\":\"admin\",\"@id\":\"https:\\\/\\\/kibrisdakik.com\\\/#\\\/schema\\\/person\\\/9cd9d437bbb44f72b73ba127e06d8e79\"},\"headline\":\"T\u00f6ren provas\u0131 nedeniyle pazar g\u00fcn\u00fc G\u00f6nyeli \u00c7emberi ile Honda Trafik I\u015f\u0131klar\u0131 Kav\u015fa\u011f\u0131 aras\u0131ndaki yol trafi\u011fe kapat\u0131lacak\",\"datePublished\":\"2023-11-09T12:39:00+00:00\",\"mainEntityOfPage\":{\"@id\":\"https:\\\/\\\/kibrisdakik.com\\\/?p=18006\"},\"wordCount\":408,\"commentCount\":0,\"image\":{\"@id\":\"https:\\\/\\\/kibrisdakik.com\\\/?p=18006#primaryimage\"},\"thumbnailUrl\":\"https:\\\/\\\/kibrisdakik.com\\\/wp-content\\\/uploads\\\/2023\\\/11\\\/toren-provasi-nedeniyle-pazar-gunu-gonyeli-cemberi-ile-honda-trafik-isiklari-kavsagi-arasindaki-yol-trafige-kapatilacak-1699533635.webp.webp\",\"articleSection\":[\"G\u00fcndem\"],\"inLanguage\":\"tr\",\"potentialAction\":[{\"@type\":\"CommentAction\",\"name\":\"Comment\",\"target\":[\"https:\\\/\\\/kibrisdakik.com\\\/?p=18006#respond\"]}]},{\"@type\":\"WebPage\",\"@id\":\"https:\\\/\\\/kibrisdakik.com\\\/?p=18006\",\"url\":\"https:\\\/\\\/kibrisdakik.com\\\/?p=18006\",\"name\":\"T\u00f6ren provas\u0131 nedeniyle pazar g\u00fcn\u00fc G\u00f6nyeli \u00c7emberi ile Honda Trafik I\u015f\u0131klar\u0131 Kav\u015fa\u011f\u0131 aras\u0131ndaki yol trafi\u011fe kapat\u0131lacak -\",\"isPartOf\":{\"@id\":\"https:\\\/\\\/kibrisdakik.com\\\/#website\"},\"primaryImageOfPage\":{\"@id\":\"https:\\\/\\\/kibrisdakik.com\\\/?p=18006#primaryimage\"},\"image\":{\"@id\":\"https:\\\/\\\/kibrisdakik.com\\\/?p=18006#primaryimage\"},\"thumbnailUrl\":\"https:\\\/\\\/kibrisdakik.com\\\/wp-content\\\/uploads\\\/2023\\\/11\\\/toren-provasi-nedeniyle-pazar-gunu-gonyeli-cemberi-ile-honda-trafik-isiklari-kavsagi-arasindaki-yol-trafige-kapatilacak-1699533635.webp.webp\",\"datePublished\":\"2023-11-09T12:39:00+00:00\",\"author\":{\"@id\":\"https:\\\/\\\/kibrisdakik.com\\\/#\\\/schema\\\/person\\\/9cd9d437bbb44f72b73ba127e06d8e79\"},\"breadcrumb\":{\"@id\":\"https:\\\/\\\/kibrisdakik.com\\\/?p=18006#breadcrumb\"},\"inLanguage\":\"tr\",\"potentialAction\":[{\"@type\":\"ReadAction\",\"target\":[\"https:\\\/\\\/kibrisdakik.com\\\/?p=18006\"]}]},{\"@type\":\"ImageObject\",\"inLanguage\":\"tr\",\"@id\":\"https:\\\/\\\/kibrisdakik.com\\\/?p=18006#primaryimage\",\"url\":\"https:\\\/\\\/kibrisdakik.com\\\/wp-content\\\/uploads\\\/2023\\\/11\\\/toren-provasi-nedeniyle-pazar-gunu-gonyeli-cemberi-ile-honda-trafik-isiklari-kavsagi-arasindaki-yol-trafige-kapatilacak-1699533635.webp.webp\",\"contentUrl\":\"https:\\\/\\\/kibrisdakik.com\\\/wp-content\\\/uploads\\\/2023\\\/11\\\/toren-provasi-nedeniyle-pazar-gunu-gonyeli-cemberi-ile-honda-trafik-isiklari-kavsagi-arasindaki-yol-trafige-kapatilacak-1699533635.webp.webp\",\"width\":710,\"height\":370},{\"@type\":\"BreadcrumbList\",\"@id\":\"https:\\\/\\\/kibrisdakik.com\\\/?p=18006#breadcrumb\",\"itemListElement\":[{\"@type\":\"ListItem\",\"position\":1,\"name\":\"Home\",\"item\":\"https:\\\/\\\/kibrisdakik.com\\\/\"},{\"@type\":\"ListItem\",\"position\":2,\"name\":\"T\u00f6ren provas\u0131 nedeniyle pazar g\u00fcn\u00fc G\u00f6nyeli \u00c7emberi ile Honda Trafik I\u015f\u0131klar\u0131 Kav\u015fa\u011f\u0131 aras\u0131ndaki yol trafi\u011fe kapat\u0131lacak\"}]},{\"@type\":\"WebSite\",\"@id\":\"https:\\\/\\\/kibrisdakik.com\\\/#website\",\"url\":\"https:\\\/\\\/kibrisdakik.com\\\/\",\"name\":\"\",\"description\":\"Tam vaktinde haber\",\"potentialAction\":[{\"@type\":\"SearchAction\",\"target\":{\"@type\":\"EntryPoint\",\"urlTemplate\":\"https:\\\/\\\/kibrisdakik.com\\\/?s={search_term_string}\"},\"query-input\":{\"@type\":\"PropertyValueSpecification\",\"valueRequired\":true,\"valueName\":\"search_term_string\"}}],\"inLanguage\":\"tr\"},{\"@type\":\"Person\",\"@id\":\"https:\\\/\\\/kibrisdakik.com\\\/#\\\/schema\\\/person\\\/9cd9d437bbb44f72b73ba127e06d8e79\",\"name\":\"admin\",\"image\":{\"@type\":\"ImageObject\",\"inLanguage\":\"tr\",\"@id\":\"https:\\\/\\\/secure.gravatar.com\\\/avatar\\\/ccc17943b9d660506c869530f897617f7cb1c21a4bf30023f252596d83e1f007?s=96&d=mm&r=g\",\"url\":\"https:\\\/\\\/secure.gravatar.com\\\/avatar\\\/ccc17943b9d660506c869530f897617f7cb1c21a4bf30023f252596d83e1f007?s=96&d=mm&r=g\",\"contentUrl\":\"https:\\\/\\\/secure.gravatar.com\\\/avatar\\\/ccc17943b9d660506c869530f897617f7cb1c21a4bf30023f252596d83e1f007?s=96&d=mm&r=g\",\"caption\":\"admin\"},\"sameAs\":[\"https:\\\/\\\/kibrisdakik.com\"],\"url\":\"https:\\\/\\\/kibrisdakik.com\\\/?author=1\"}]}<\/script>\n<!-- \/ Yoast SEO plugin. -->","yoast_head_json":{"title":"T\u00f6ren provas\u0131 nedeniyle pazar g\u00fcn\u00fc G\u00f6nyeli \u00c7emberi ile Honda Trafik I\u015f\u0131klar\u0131 Kav\u015fa\u011f\u0131 aras\u0131ndaki yol trafi\u011fe kapat\u0131lacak -","robots":{"index":"index","follow":"follow","max-snippet":"max-snippet:-1","max-image-preview":"max-image-preview:large","max-video-preview":"max-video-preview:-1"},"canonical":"https:\/\/kibrisdakik.com\/?p=18006","og_locale":"tr_TR","og_type":"article","og_title":"T\u00f6ren provas\u0131 nedeniyle pazar g\u00fcn\u00fc G\u00f6nyeli \u00c7emberi ile Honda Trafik I\u015f\u0131klar\u0131 Kav\u015fa\u011f\u0131 aras\u0131ndaki yol trafi\u011fe kapat\u0131lacak -","og_description":"15 Kas\u0131m KKTC\u2019nin 40\u2019\u0131nc\u0131 Kurulu\u015f Y\u0131ld\u00f6n\u00fcm\u00fc nedeniyle yap\u0131lacak t\u00f6ren provas\u0131 kapsam\u0131nda, pazar g\u00fcn\u00fc saat 08.00\u2019den t\u00f6ren provas\u0131n\u0131n sona erece\u011fi saate kadar G\u00f6nyeli \u00c7emberi ile Honda Trafik I\u015f\u0131klar\u0131 Kav\u015fa\u011f\u0131 aras\u0131nda kalan yol g\u00fczergah\u0131 trafik ak\u0131\u015f\u0131na kapat\u0131lacak. &nbsp; Polis Bas\u0131n Subayl\u0131\u011f\u0131\u2019ndan yap\u0131lan a\u00e7\u0131klamada, G\u00f6nyeli \u00c7emberi ile Honda Trafik I\u015f\u0131klar\u0131 Kav\u015fa\u011f\u0131 aras\u0131nda kalan yol g\u00fczergah\u0131n\u0131n kapal\u0131 oldu\u011fu saatlerde","og_url":"https:\/\/kibrisdakik.com\/?p=18006","article_published_time":"2023-11-09T12:39:00+00:00","og_image":[{"width":710,"height":370,"url":"https:\/\/kibrisdakik.com\/wp-content\/uploads\/2023\/11\/toren-provasi-nedeniyle-pazar-gunu-gonyeli-cemberi-ile-honda-trafik-isiklari-kavsagi-arasindaki-yol-trafige-kapatilacak-1699533635.webp.webp","type":"image\/webp"}],"author":"admin","twitter_card":"summary_large_image","twitter_misc":{"Yazan:":"admin","Tahmini okuma s\u00fcresi":"2 dakika"},"schema":{"@context":"https:\/\/schema.org","@graph":[{"@type":"Article","@id":"https:\/\/kibrisdakik.com\/?p=18006#article","isPartOf":{"@id":"https:\/\/kibrisdakik.com\/?p=18006"},"author":{"name":"admin","@id":"https:\/\/kibrisdakik.com\/#\/schema\/person\/9cd9d437bbb44f72b73ba127e06d8e79"},"headline":"T\u00f6ren provas\u0131 nedeniyle pazar g\u00fcn\u00fc G\u00f6nyeli \u00c7emberi ile Honda Trafik I\u015f\u0131klar\u0131 Kav\u015fa\u011f\u0131 aras\u0131ndaki yol trafi\u011fe kapat\u0131lacak","datePublished":"2023-11-09T12:39:00+00:00","mainEntityOfPage":{"@id":"https:\/\/kibrisdakik.com\/?p=18006"},"wordCount":408,"commentCount":0,"image":{"@id":"https:\/\/kibrisdakik.com\/?p=18006#primaryimage"},"thumbnailUrl":"https:\/\/kibrisdakik.com\/wp-content\/uploads\/2023\/11\/toren-provasi-nedeniyle-pazar-gunu-gonyeli-cemberi-ile-honda-trafik-isiklari-kavsagi-arasindaki-yol-trafige-kapatilacak-1699533635.webp.webp","articleSection":["G\u00fcndem"],"inLanguage":"tr","potentialAction":[{"@type":"CommentAction","name":"Comment","target":["https:\/\/kibrisdakik.com\/?p=18006#respond"]}]},{"@type":"WebPage","@id":"https:\/\/kibrisdakik.com\/?p=18006","url":"https:\/\/kibrisdakik.com\/?p=18006","name":"T\u00f6ren provas\u0131 nedeniyle pazar g\u00fcn\u00fc G\u00f6nyeli \u00c7emberi ile Honda Trafik I\u015f\u0131klar\u0131 Kav\u015fa\u011f\u0131 aras\u0131ndaki yol trafi\u011fe kapat\u0131lacak -","isPartOf":{"@id":"https:\/\/kibrisdakik.com\/#website"},"primaryImageOfPage":{"@id":"https:\/\/kibrisdakik.com\/?p=18006#primaryimage"},"image":{"@id":"https:\/\/kibrisdakik.com\/?p=18006#primaryimage"},"thumbnailUrl":"https:\/\/kibrisdakik.com\/wp-content\/uploads\/2023\/11\/toren-provasi-nedeniyle-pazar-gunu-gonyeli-cemberi-ile-honda-trafik-isiklari-kavsagi-arasindaki-yol-trafige-kapatilacak-1699533635.webp.webp","datePublished":"2023-11-09T12:39:00+00:00","author":{"@id":"https:\/\/kibrisdakik.com\/#\/schema\/person\/9cd9d437bbb44f72b73ba127e06d8e79"},"breadcrumb":{"@id":"https:\/\/kibrisdakik.com\/?p=18006#breadcrumb"},"inLanguage":"tr","potentialAction":[{"@type":"ReadAction","target":["https:\/\/kibrisdakik.com\/?p=18006"]}]},{"@type":"ImageObject","inLanguage":"tr","@id":"https:\/\/kibrisdakik.com\/?p=18006#primaryimage","url":"https:\/\/kibrisdakik.com\/wp-content\/uploads\/2023\/11\/toren-provasi-nedeniyle-pazar-gunu-gonyeli-cemberi-ile-honda-trafik-isiklari-kavsagi-arasindaki-yol-trafige-kapatilacak-1699533635.webp.webp","contentUrl":"https:\/\/kibrisdakik.com\/wp-content\/uploads\/2023\/11\/toren-provasi-nedeniyle-pazar-gunu-gonyeli-cemberi-ile-honda-trafik-isiklari-kavsagi-arasindaki-yol-trafige-kapatilacak-1699533635.webp.webp","width":710,"height":370},{"@type":"BreadcrumbList","@id":"https:\/\/kibrisdakik.com\/?p=18006#breadcrumb","itemListElement":[{"@type":"ListItem","position":1,"name":"Home","item":"https:\/\/kibrisdakik.com\/"},{"@type":"ListItem","position":2,"name":"T\u00f6ren provas\u0131 nedeniyle pazar g\u00fcn\u00fc G\u00f6nyeli \u00c7emberi ile Honda Trafik I\u015f\u0131klar\u0131 Kav\u015fa\u011f\u0131 aras\u0131ndaki yol trafi\u011fe kapat\u0131lacak"}]},{"@type":"WebSite","@id":"https:\/\/kibrisdakik.com\/#website","url":"https:\/\/kibrisdakik.com\/","name":"","description":"Tam vaktinde haber","potentialAction":[{"@type":"SearchAction","target":{"@type":"EntryPoint","urlTemplate":"https:\/\/kibrisdakik.com\/?s={search_term_string}"},"query-input":{"@type":"PropertyValueSpecification","valueRequired":true,"valueName":"search_term_string"}}],"inLanguage":"tr"},{"@type":"Person","@id":"https:\/\/kibrisdakik.com\/#\/schema\/person\/9cd9d437bbb44f72b73ba127e06d8e79","name":"admin","image":{"@type":"ImageObject","inLanguage":"tr","@id":"https:\/\/secure.gravatar.com\/avatar\/ccc17943b9d660506c869530f897617f7cb1c21a4bf30023f252596d83e1f007?s=96&d=mm&r=g","url":"https:\/\/secure.gravatar.com\/avatar\/ccc17943b9d660506c869530f897617f7cb1c21a4bf30023f252596d83e1f007?s=96&d=mm&r=g","contentUrl":"https:\/\/secure.gravatar.com\/avatar\/ccc17943b9d660506c869530f897617f7cb1c21a4bf30023f252596d83e1f007?s=96&d=mm&r=g","caption":"admin"},"sameAs":["https:\/\/kibrisdakik.com"],"url":"https:\/\/kibrisdakik.com\/?author=1"}]}},"_links":{"self":[{"href":"https:\/\/kibrisdakik.com\/index.php?rest_route=\/wp\/v2\/posts\/18006","targetHints":{"allow":["GET"]}}],"collection":[{"href":"https:\/\/kibrisdakik.com\/index.php?rest_route=\/wp\/v2\/posts"}],"about":[{"href":"https:\/\/kibrisdakik.com\/index.php?rest_route=\/wp\/v2\/types\/post"}],"author":[{"embeddable":true,"href":"https:\/\/kibrisdakik.com\/index.php?rest_route=\/wp\/v2\/users\/1"}],"replies":[{"embeddable":true,"href":"https:\/\/kibrisdakik.com\/index.php?rest_route=%2Fwp%2Fv2%2Fcomments&post=18006"}],"version-history":[{"count":0,"href":"https:\/\/kibrisdakik.com\/index.php?rest_route=\/wp\/v2\/posts\/18006\/revisions"}],"wp:featuredmedia":[{"embeddable":true,"href":"https:\/\/kibrisdakik.com\/index.php?rest_route=\/wp\/v2\/media\/18007"}],"wp:attachment":[{"href":"https:\/\/kibrisdakik.com\/index.php?rest_route=%2Fwp%2Fv2%2Fmedia&parent=18006"}],"wp:term":[{"taxonomy":"category","embeddable":true,"href":"https:\/\/kibrisdakik.com\/index.php?rest_route=%2Fwp%2Fv2%2Fcategories&post=18006"},{"taxonomy":"post_tag","embeddable":true,"href":"https:\/\/kibrisdakik.com\/index.php?rest_route=%2Fwp%2Fv2%2Ftags&post=18006"}],"curies":[{"name":"wp","href":"https:\/\/api.w.org\/{rel}","templated":true}]}}