{"id":18008,"date":"2023-11-09T20:59:49","date_gmt":"2023-11-09T20:59:49","guid":{"rendered":"https:\/\/kibrisdakik.com\/index.php\/2023\/11\/09\/hakan-fidan-taka-konustu-kktc-devletinin-taninirligi-icin-var-gucumuzle-calismaya-devam-edecegiz\/"},"modified":"2023-11-09T20:59:49","modified_gmt":"2023-11-09T20:59:49","slug":"hakan-fidan-taka-konustu-kktc-devletinin-taninirligi-icin-var-gucumuzle-calismaya-devam-edecegiz","status":"publish","type":"post","link":"https:\/\/kibrisdakik.com\/?p=18008","title":{"rendered":"Hakan Fidan TAK\u2019a konu\u015ftu: \u201cKKTC devletinin tan\u0131n\u0131rl\u0131\u011f\u0131 i\u00e7in var g\u00fcc\u00fcm\u00fczle \u00e7al\u0131\u015fmaya devam edece\u011fiz&quot;"},"content":{"rendered":"<p><img decoding=\"async\" src=\"https:\/\/www.kibristurk.com\/images\/haberler\/2023\/11\/hakan-fidan-taka-konustu-kktc-devletinin-taninirligi-icin-var-gucumuzle-calismaya-devam-edecegiz-1699562873.webp\" \/><\/p>\n<p>T\u00fcrkiye Cumhuriyeti D\u0131\u015fi\u015fleri Bakan\u0131 Hakan Fidan, T\u00fcrkiye Cumhuriyeti olarak Kuzey K\u0131br\u0131s T\u00fcrk Cumhuriyeti\u2019nin haklar\u0131 ve tan\u0131n\u0131rl\u0131\u011f\u0131 i\u00e7in var g\u00fc\u00e7leriyle \u00e7al\u0131\u015facaklar\u0131n\u0131 s\u00f6yledi.&nbsp;<\/p>\n<p>Fidan, \u201cT\u00fcrk diplomasisi olarak adadaki T\u00fcrk toplumunun haklar\u0131 T\u00fcrk devletinin tan\u0131n\u0131rl\u0131\u011f\u0131 i\u00e7in var g\u00fcc\u00fcm\u00fczle \u00e7al\u0131\u015fmaya devam edece\u011fiz\u2026 Uzun ve me\u015fakkatli bir yol ama bizde bu konuda yorulmak yok, yola devam\u201d ifadelerini kulland\u0131.&nbsp;&nbsp;<\/p>\n<p>T\u00fcrkiye Cumhuriyeti D\u0131\u015fi\u015fleri Bakan\u0131 Hakan Fidan, T\u00fcrk Ajans\u0131 K\u0131br\u0131s\u2019a (TAK) konu\u015ftu.&nbsp;&nbsp;<\/p>\n<p>\u00d6zbekistan\u2019\u0131n ba\u015fkenti Ta\u015fkent\u2019te ger\u00e7ekle\u015ftirilen Ekonomik \u0130\u015fbirli\u011fi Te\u015fkilat\u0131 Zirvesi Toplant\u0131s\u0131 d\u00f6n\u00fc\u015f\u00fcnde u\u00e7akta TAK\u2019a a\u00e7\u0131klama yapan Fidan, Kuzey K\u0131br\u0131s T\u00fcrk Cumhuriyeti devletinin varl\u0131\u011f\u0131 ve devam\u0131 i\u00e7in T\u00fcrkiye Cumhuriyeti olarak ellerinden gelen her \u015feyi yapmaya devam edeceklerini vurgulad\u0131.&nbsp;<\/p>\n<p>Fidan, adadaki K\u0131br\u0131s T\u00fcrklerinin onurlu bir \u015fekilde ya\u015famas\u0131, kalk\u0131nmas\u0131 ve refah\u0131 i\u00e7in T\u00fcrkiye Cumhuriyeti\u2019nin her zaman devrede oldu\u011funu s\u00f6yledi.&nbsp;&nbsp;<\/p>\n<p>Fidan, ayn\u0131 \u015fekilde T\u00fcrk diplomasisi olarak adadaki T\u00fcrk toplumunun haklar\u0131, devletinin tan\u0131n\u0131rl\u0131\u011f\u0131 i\u00e7in var g\u00fc\u00e7leriyle \u00e7al\u0131\u015fmaya devam edeceklerini ifade ederek, \u201cUzun ve me\u015fakkatli bir yol ama bizde bu konuda yorulmak yok, Cumhurba\u015fkan\u0131m\u0131z\u0131n dedi\u011fi gibi yola devam\u201d diye konu\u015ftu.&nbsp;<\/p>\n","protected":false},"excerpt":{"rendered":"<p>T\u00fcrkiye Cumhuriyeti D\u0131\u015fi\u015fleri Bakan\u0131 Hakan Fidan, T\u00fcrkiye Cumhuriyeti olarak Kuzey K\u0131br\u0131s T\u00fcrk Cumhuriyeti\u2019nin haklar\u0131 ve tan\u0131n\u0131rl\u0131\u011f\u0131 i\u00e7in var g\u00fc\u00e7leriyle \u00e7al\u0131\u015facaklar\u0131n\u0131 s\u00f6yledi.&nbsp; Fidan, \u201cT\u00fcrk diplomasisi olarak adadaki T\u00fcrk toplumunun haklar\u0131 T\u00fcrk devletinin tan\u0131n\u0131rl\u0131\u011f\u0131 i\u00e7in var g\u00fcc\u00fcm\u00fczle \u00e7al\u0131\u015fmaya devam edece\u011fiz\u2026 Uzun ve me\u015fakkatli bir yol ama bizde bu konuda yorulmak yok, yola devam\u201d ifadelerini kulland\u0131.&nbsp;&nbsp; T\u00fcrkiye Cumhuriyeti<\/p>\n","protected":false},"author":1,"featured_media":18009,"comment_status":"open","ping_status":"open","sticky":false,"template":"","format":"standard","meta":{"footnotes":""},"categories":[1],"tags":[],"class_list":["post-18008","post","type-post","status-publish","format-standard","has-post-thumbnail","hentry","category-gundem"],"yoast_head":"<!-- This site is optimized with the Yoast SEO plugin v27.5 - https:\/\/yoast.com\/product\/yoast-seo-wordpress\/ -->\n<title>Hakan Fidan TAK\u2019a konu\u015ftu: \u201cKKTC devletinin tan\u0131n\u0131rl\u0131\u011f\u0131 i\u00e7in var g\u00fcc\u00fcm\u00fczle \u00e7al\u0131\u015fmaya devam edece\u011fiz&quot; -<\/title>\n<meta name=\"robots\" content=\"index, follow, max-snippet:-1, max-image-preview:large, max-video-preview:-1\" \/>\n<link rel=\"canonical\" href=\"https:\/\/kibrisdakik.com\/?p=18008\" \/>\n<meta property=\"og:locale\" content=\"tr_TR\" \/>\n<meta property=\"og:type\" content=\"article\" \/>\n<meta property=\"og:title\" content=\"Hakan Fidan TAK\u2019a konu\u015ftu: \u201cKKTC devletinin tan\u0131n\u0131rl\u0131\u011f\u0131 i\u00e7in var g\u00fcc\u00fcm\u00fczle \u00e7al\u0131\u015fmaya devam edece\u011fiz&quot; -\" \/>\n<meta property=\"og:description\" content=\"T\u00fcrkiye Cumhuriyeti D\u0131\u015fi\u015fleri Bakan\u0131 Hakan Fidan, T\u00fcrkiye Cumhuriyeti olarak Kuzey K\u0131br\u0131s T\u00fcrk Cumhuriyeti\u2019nin haklar\u0131 ve tan\u0131n\u0131rl\u0131\u011f\u0131 i\u00e7in var g\u00fc\u00e7leriyle \u00e7al\u0131\u015facaklar\u0131n\u0131 s\u00f6yledi.&nbsp; Fidan, \u201cT\u00fcrk diplomasisi olarak adadaki T\u00fcrk toplumunun haklar\u0131 T\u00fcrk devletinin tan\u0131n\u0131rl\u0131\u011f\u0131 i\u00e7in var g\u00fcc\u00fcm\u00fczle \u00e7al\u0131\u015fmaya devam edece\u011fiz\u2026 Uzun ve me\u015fakkatli bir yol ama bizde bu konuda yorulmak yok, yola devam\u201d ifadelerini kulland\u0131.&nbsp;&nbsp; T\u00fcrkiye Cumhuriyeti\" \/>\n<meta property=\"og:url\" content=\"https:\/\/kibrisdakik.com\/?p=18008\" \/>\n<meta property=\"article:published_time\" content=\"2023-11-09T20:59:49+00:00\" \/>\n<meta property=\"og:image\" content=\"https:\/\/kibrisdakik.com\/wp-content\/uploads\/2023\/11\/hakan-fidan-taka-konustu-kktc-devletinin-taninirligi-icin-var-gucumuzle-calismaya-devam-edecegiz-1699562873.webp.webp\" \/>\n\t<meta property=\"og:image:width\" content=\"710\" \/>\n\t<meta property=\"og:image:height\" content=\"370\" \/>\n\t<meta property=\"og:image:type\" content=\"image\/webp\" \/>\n<meta name=\"author\" content=\"admin\" \/>\n<meta name=\"twitter:card\" content=\"summary_large_image\" \/>\n<meta name=\"twitter:label1\" content=\"Yazan:\" \/>\n\t<meta name=\"twitter:data1\" content=\"admin\" \/>\n\t<meta name=\"twitter:label2\" content=\"Tahmini okuma s\u00fcresi\" \/>\n\t<meta name=\"twitter:data2\" content=\"1 dakika\" \/>\n<script type=\"application\/ld+json\" class=\"yoast-schema-graph\">{\"@context\":\"https:\\\/\\\/schema.org\",\"@graph\":[{\"@type\":\"Article\",\"@id\":\"https:\\\/\\\/kibrisdakik.com\\\/?p=18008#article\",\"isPartOf\":{\"@id\":\"https:\\\/\\\/kibrisdakik.com\\\/?p=18008\"},\"author\":{\"name\":\"admin\",\"@id\":\"https:\\\/\\\/kibrisdakik.com\\\/#\\\/schema\\\/person\\\/9cd9d437bbb44f72b73ba127e06d8e79\"},\"headline\":\"Hakan Fidan TAK\u2019a konu\u015ftu: \u201cKKTC devletinin tan\u0131n\u0131rl\u0131\u011f\u0131 i\u00e7in var g\u00fcc\u00fcm\u00fczle \u00e7al\u0131\u015fmaya devam edece\u011fiz&quot;\",\"datePublished\":\"2023-11-09T20:59:49+00:00\",\"mainEntityOfPage\":{\"@id\":\"https:\\\/\\\/kibrisdakik.com\\\/?p=18008\"},\"wordCount\":267,\"commentCount\":0,\"image\":{\"@id\":\"https:\\\/\\\/kibrisdakik.com\\\/?p=18008#primaryimage\"},\"thumbnailUrl\":\"https:\\\/\\\/kibrisdakik.com\\\/wp-content\\\/uploads\\\/2023\\\/11\\\/hakan-fidan-taka-konustu-kktc-devletinin-taninirligi-icin-var-gucumuzle-calismaya-devam-edecegiz-1699562873.webp.webp\",\"articleSection\":[\"G\u00fcndem\"],\"inLanguage\":\"tr\",\"potentialAction\":[{\"@type\":\"CommentAction\",\"name\":\"Comment\",\"target\":[\"https:\\\/\\\/kibrisdakik.com\\\/?p=18008#respond\"]}]},{\"@type\":\"WebPage\",\"@id\":\"https:\\\/\\\/kibrisdakik.com\\\/?p=18008\",\"url\":\"https:\\\/\\\/kibrisdakik.com\\\/?p=18008\",\"name\":\"Hakan Fidan TAK\u2019a konu\u015ftu: \u201cKKTC devletinin tan\u0131n\u0131rl\u0131\u011f\u0131 i\u00e7in var g\u00fcc\u00fcm\u00fczle \u00e7al\u0131\u015fmaya devam edece\u011fiz&quot; -\",\"isPartOf\":{\"@id\":\"https:\\\/\\\/kibrisdakik.com\\\/#website\"},\"primaryImageOfPage\":{\"@id\":\"https:\\\/\\\/kibrisdakik.com\\\/?p=18008#primaryimage\"},\"image\":{\"@id\":\"https:\\\/\\\/kibrisdakik.com\\\/?p=18008#primaryimage\"},\"thumbnailUrl\":\"https:\\\/\\\/kibrisdakik.com\\\/wp-content\\\/uploads\\\/2023\\\/11\\\/hakan-fidan-taka-konustu-kktc-devletinin-taninirligi-icin-var-gucumuzle-calismaya-devam-edecegiz-1699562873.webp.webp\",\"datePublished\":\"2023-11-09T20:59:49+00:00\",\"author\":{\"@id\":\"https:\\\/\\\/kibrisdakik.com\\\/#\\\/schema\\\/person\\\/9cd9d437bbb44f72b73ba127e06d8e79\"},\"breadcrumb\":{\"@id\":\"https:\\\/\\\/kibrisdakik.com\\\/?p=18008#breadcrumb\"},\"inLanguage\":\"tr\",\"potentialAction\":[{\"@type\":\"ReadAction\",\"target\":[\"https:\\\/\\\/kibrisdakik.com\\\/?p=18008\"]}]},{\"@type\":\"ImageObject\",\"inLanguage\":\"tr\",\"@id\":\"https:\\\/\\\/kibrisdakik.com\\\/?p=18008#primaryimage\",\"url\":\"https:\\\/\\\/kibrisdakik.com\\\/wp-content\\\/uploads\\\/2023\\\/11\\\/hakan-fidan-taka-konustu-kktc-devletinin-taninirligi-icin-var-gucumuzle-calismaya-devam-edecegiz-1699562873.webp.webp\",\"contentUrl\":\"https:\\\/\\\/kibrisdakik.com\\\/wp-content\\\/uploads\\\/2023\\\/11\\\/hakan-fidan-taka-konustu-kktc-devletinin-taninirligi-icin-var-gucumuzle-calismaya-devam-edecegiz-1699562873.webp.webp\",\"width\":710,\"height\":370},{\"@type\":\"BreadcrumbList\",\"@id\":\"https:\\\/\\\/kibrisdakik.com\\\/?p=18008#breadcrumb\",\"itemListElement\":[{\"@type\":\"ListItem\",\"position\":1,\"name\":\"Home\",\"item\":\"https:\\\/\\\/kibrisdakik.com\\\/\"},{\"@type\":\"ListItem\",\"position\":2,\"name\":\"Hakan Fidan TAK\u2019a konu\u015ftu: \u201cKKTC devletinin tan\u0131n\u0131rl\u0131\u011f\u0131 i\u00e7in var g\u00fcc\u00fcm\u00fczle \u00e7al\u0131\u015fmaya devam edece\u011fiz&quot;\"}]},{\"@type\":\"WebSite\",\"@id\":\"https:\\\/\\\/kibrisdakik.com\\\/#website\",\"url\":\"https:\\\/\\\/kibrisdakik.com\\\/\",\"name\":\"\",\"description\":\"Tam vaktinde haber\",\"potentialAction\":[{\"@type\":\"SearchAction\",\"target\":{\"@type\":\"EntryPoint\",\"urlTemplate\":\"https:\\\/\\\/kibrisdakik.com\\\/?s={search_term_string}\"},\"query-input\":{\"@type\":\"PropertyValueSpecification\",\"valueRequired\":true,\"valueName\":\"search_term_string\"}}],\"inLanguage\":\"tr\"},{\"@type\":\"Person\",\"@id\":\"https:\\\/\\\/kibrisdakik.com\\\/#\\\/schema\\\/person\\\/9cd9d437bbb44f72b73ba127e06d8e79\",\"name\":\"admin\",\"image\":{\"@type\":\"ImageObject\",\"inLanguage\":\"tr\",\"@id\":\"https:\\\/\\\/secure.gravatar.com\\\/avatar\\\/ccc17943b9d660506c869530f897617f7cb1c21a4bf30023f252596d83e1f007?s=96&d=mm&r=g\",\"url\":\"https:\\\/\\\/secure.gravatar.com\\\/avatar\\\/ccc17943b9d660506c869530f897617f7cb1c21a4bf30023f252596d83e1f007?s=96&d=mm&r=g\",\"contentUrl\":\"https:\\\/\\\/secure.gravatar.com\\\/avatar\\\/ccc17943b9d660506c869530f897617f7cb1c21a4bf30023f252596d83e1f007?s=96&d=mm&r=g\",\"caption\":\"admin\"},\"sameAs\":[\"https:\\\/\\\/kibrisdakik.com\"],\"url\":\"https:\\\/\\\/kibrisdakik.com\\\/?author=1\"}]}<\/script>\n<!-- \/ Yoast SEO plugin. -->","yoast_head_json":{"title":"Hakan Fidan TAK\u2019a konu\u015ftu: \u201cKKTC devletinin tan\u0131n\u0131rl\u0131\u011f\u0131 i\u00e7in var g\u00fcc\u00fcm\u00fczle \u00e7al\u0131\u015fmaya devam edece\u011fiz&quot; -","robots":{"index":"index","follow":"follow","max-snippet":"max-snippet:-1","max-image-preview":"max-image-preview:large","max-video-preview":"max-video-preview:-1"},"canonical":"https:\/\/kibrisdakik.com\/?p=18008","og_locale":"tr_TR","og_type":"article","og_title":"Hakan Fidan TAK\u2019a konu\u015ftu: \u201cKKTC devletinin tan\u0131n\u0131rl\u0131\u011f\u0131 i\u00e7in var g\u00fcc\u00fcm\u00fczle \u00e7al\u0131\u015fmaya devam edece\u011fiz&quot; -","og_description":"T\u00fcrkiye Cumhuriyeti D\u0131\u015fi\u015fleri Bakan\u0131 Hakan Fidan, T\u00fcrkiye Cumhuriyeti olarak Kuzey K\u0131br\u0131s T\u00fcrk Cumhuriyeti\u2019nin haklar\u0131 ve tan\u0131n\u0131rl\u0131\u011f\u0131 i\u00e7in var g\u00fc\u00e7leriyle \u00e7al\u0131\u015facaklar\u0131n\u0131 s\u00f6yledi.&nbsp; Fidan, \u201cT\u00fcrk diplomasisi olarak adadaki T\u00fcrk toplumunun haklar\u0131 T\u00fcrk devletinin tan\u0131n\u0131rl\u0131\u011f\u0131 i\u00e7in var g\u00fcc\u00fcm\u00fczle \u00e7al\u0131\u015fmaya devam edece\u011fiz\u2026 Uzun ve me\u015fakkatli bir yol ama bizde bu konuda yorulmak yok, yola devam\u201d ifadelerini kulland\u0131.&nbsp;&nbsp; T\u00fcrkiye Cumhuriyeti","og_url":"https:\/\/kibrisdakik.com\/?p=18008","article_published_time":"2023-11-09T20:59:49+00:00","og_image":[{"width":710,"height":370,"url":"https:\/\/kibrisdakik.com\/wp-content\/uploads\/2023\/11\/hakan-fidan-taka-konustu-kktc-devletinin-taninirligi-icin-var-gucumuzle-calismaya-devam-edecegiz-1699562873.webp.webp","type":"image\/webp"}],"author":"admin","twitter_card":"summary_large_image","twitter_misc":{"Yazan:":"admin","Tahmini okuma s\u00fcresi":"1 dakika"},"schema":{"@context":"https:\/\/schema.org","@graph":[{"@type":"Article","@id":"https:\/\/kibrisdakik.com\/?p=18008#article","isPartOf":{"@id":"https:\/\/kibrisdakik.com\/?p=18008"},"author":{"name":"admin","@id":"https:\/\/kibrisdakik.com\/#\/schema\/person\/9cd9d437bbb44f72b73ba127e06d8e79"},"headline":"Hakan Fidan TAK\u2019a konu\u015ftu: \u201cKKTC devletinin tan\u0131n\u0131rl\u0131\u011f\u0131 i\u00e7in var g\u00fcc\u00fcm\u00fczle \u00e7al\u0131\u015fmaya devam edece\u011fiz&quot;","datePublished":"2023-11-09T20:59:49+00:00","mainEntityOfPage":{"@id":"https:\/\/kibrisdakik.com\/?p=18008"},"wordCount":267,"commentCount":0,"image":{"@id":"https:\/\/kibrisdakik.com\/?p=18008#primaryimage"},"thumbnailUrl":"https:\/\/kibrisdakik.com\/wp-content\/uploads\/2023\/11\/hakan-fidan-taka-konustu-kktc-devletinin-taninirligi-icin-var-gucumuzle-calismaya-devam-edecegiz-1699562873.webp.webp","articleSection":["G\u00fcndem"],"inLanguage":"tr","potentialAction":[{"@type":"CommentAction","name":"Comment","target":["https:\/\/kibrisdakik.com\/?p=18008#respond"]}]},{"@type":"WebPage","@id":"https:\/\/kibrisdakik.com\/?p=18008","url":"https:\/\/kibrisdakik.com\/?p=18008","name":"Hakan Fidan TAK\u2019a konu\u015ftu: \u201cKKTC devletinin tan\u0131n\u0131rl\u0131\u011f\u0131 i\u00e7in var g\u00fcc\u00fcm\u00fczle \u00e7al\u0131\u015fmaya devam edece\u011fiz&quot; -","isPartOf":{"@id":"https:\/\/kibrisdakik.com\/#website"},"primaryImageOfPage":{"@id":"https:\/\/kibrisdakik.com\/?p=18008#primaryimage"},"image":{"@id":"https:\/\/kibrisdakik.com\/?p=18008#primaryimage"},"thumbnailUrl":"https:\/\/kibrisdakik.com\/wp-content\/uploads\/2023\/11\/hakan-fidan-taka-konustu-kktc-devletinin-taninirligi-icin-var-gucumuzle-calismaya-devam-edecegiz-1699562873.webp.webp","datePublished":"2023-11-09T20:59:49+00:00","author":{"@id":"https:\/\/kibrisdakik.com\/#\/schema\/person\/9cd9d437bbb44f72b73ba127e06d8e79"},"breadcrumb":{"@id":"https:\/\/kibrisdakik.com\/?p=18008#breadcrumb"},"inLanguage":"tr","potentialAction":[{"@type":"ReadAction","target":["https:\/\/kibrisdakik.com\/?p=18008"]}]},{"@type":"ImageObject","inLanguage":"tr","@id":"https:\/\/kibrisdakik.com\/?p=18008#primaryimage","url":"https:\/\/kibrisdakik.com\/wp-content\/uploads\/2023\/11\/hakan-fidan-taka-konustu-kktc-devletinin-taninirligi-icin-var-gucumuzle-calismaya-devam-edecegiz-1699562873.webp.webp","contentUrl":"https:\/\/kibrisdakik.com\/wp-content\/uploads\/2023\/11\/hakan-fidan-taka-konustu-kktc-devletinin-taninirligi-icin-var-gucumuzle-calismaya-devam-edecegiz-1699562873.webp.webp","width":710,"height":370},{"@type":"BreadcrumbList","@id":"https:\/\/kibrisdakik.com\/?p=18008#breadcrumb","itemListElement":[{"@type":"ListItem","position":1,"name":"Home","item":"https:\/\/kibrisdakik.com\/"},{"@type":"ListItem","position":2,"name":"Hakan Fidan TAK\u2019a konu\u015ftu: \u201cKKTC devletinin tan\u0131n\u0131rl\u0131\u011f\u0131 i\u00e7in var g\u00fcc\u00fcm\u00fczle \u00e7al\u0131\u015fmaya devam edece\u011fiz&quot;"}]},{"@type":"WebSite","@id":"https:\/\/kibrisdakik.com\/#website","url":"https:\/\/kibrisdakik.com\/","name":"","description":"Tam vaktinde haber","potentialAction":[{"@type":"SearchAction","target":{"@type":"EntryPoint","urlTemplate":"https:\/\/kibrisdakik.com\/?s={search_term_string}"},"query-input":{"@type":"PropertyValueSpecification","valueRequired":true,"valueName":"search_term_string"}}],"inLanguage":"tr"},{"@type":"Person","@id":"https:\/\/kibrisdakik.com\/#\/schema\/person\/9cd9d437bbb44f72b73ba127e06d8e79","name":"admin","image":{"@type":"ImageObject","inLanguage":"tr","@id":"https:\/\/secure.gravatar.com\/avatar\/ccc17943b9d660506c869530f897617f7cb1c21a4bf30023f252596d83e1f007?s=96&d=mm&r=g","url":"https:\/\/secure.gravatar.com\/avatar\/ccc17943b9d660506c869530f897617f7cb1c21a4bf30023f252596d83e1f007?s=96&d=mm&r=g","contentUrl":"https:\/\/secure.gravatar.com\/avatar\/ccc17943b9d660506c869530f897617f7cb1c21a4bf30023f252596d83e1f007?s=96&d=mm&r=g","caption":"admin"},"sameAs":["https:\/\/kibrisdakik.com"],"url":"https:\/\/kibrisdakik.com\/?author=1"}]}},"_links":{"self":[{"href":"https:\/\/kibrisdakik.com\/index.php?rest_route=\/wp\/v2\/posts\/18008","targetHints":{"allow":["GET"]}}],"collection":[{"href":"https:\/\/kibrisdakik.com\/index.php?rest_route=\/wp\/v2\/posts"}],"about":[{"href":"https:\/\/kibrisdakik.com\/index.php?rest_route=\/wp\/v2\/types\/post"}],"author":[{"embeddable":true,"href":"https:\/\/kibrisdakik.com\/index.php?rest_route=\/wp\/v2\/users\/1"}],"replies":[{"embeddable":true,"href":"https:\/\/kibrisdakik.com\/index.php?rest_route=%2Fwp%2Fv2%2Fcomments&post=18008"}],"version-history":[{"count":0,"href":"https:\/\/kibrisdakik.com\/index.php?rest_route=\/wp\/v2\/posts\/18008\/revisions"}],"wp:featuredmedia":[{"embeddable":true,"href":"https:\/\/kibrisdakik.com\/index.php?rest_route=\/wp\/v2\/media\/18009"}],"wp:attachment":[{"href":"https:\/\/kibrisdakik.com\/index.php?rest_route=%2Fwp%2Fv2%2Fmedia&parent=18008"}],"wp:term":[{"taxonomy":"category","embeddable":true,"href":"https:\/\/kibrisdakik.com\/index.php?rest_route=%2Fwp%2Fv2%2Fcategories&post=18008"},{"taxonomy":"post_tag","embeddable":true,"href":"https:\/\/kibrisdakik.com\/index.php?rest_route=%2Fwp%2Fv2%2Ftags&post=18008"}],"curies":[{"name":"wp","href":"https:\/\/api.w.org\/{rel}","templated":true}]}}