{"id":18022,"date":"2023-11-09T22:26:04","date_gmt":"2023-11-09T22:26:04","guid":{"rendered":"https:\/\/kibrisdakik.com\/index.php\/2023\/11\/09\/yarin-ulke-genelindeki-butun-camilerde-filistinliler-icin-dua-edilecek\/"},"modified":"2023-11-09T22:26:04","modified_gmt":"2023-11-09T22:26:04","slug":"yarin-ulke-genelindeki-butun-camilerde-filistinliler-icin-dua-edilecek","status":"publish","type":"post","link":"https:\/\/kibrisdakik.com\/?p=18022","title":{"rendered":"Yar\u0131n \u00fclke genelindeki b\u00fct\u00fcn camilerde Filistinliler i\u00e7in dua edilecek"},"content":{"rendered":"<p><img decoding=\"async\" src=\"https:\/\/www.kibristurk.com\/images\/haberler\/2023\/11\/yarin-ulke-genelindeki-butun-camilerde-filistinliler-icin-dua-edilecek-1699522529.webp\" \/><\/p>\n<p style=\"text-align:left\"><span style=\"font-size:14px\"><span style=\"font-family:Arial,Helvetica,sans-serif\"><span style=\"color:#000000\"><span style=\"background-color:#ffffff\">Din \u0130\u015fleri Ba\u015fkanl\u0131\u011f\u0131 ayr\u0131ca, Ba\u015fkanl\u0131\u011f\u0131n halktan Filistinlilere yard\u0131m talebinin hen\u00fcz ba\u015flamad\u0131\u011f\u0131n\u0131 da belirterek, &nbsp;yard\u0131m toplama talebinde bulunan ki\u015fi ve kurumlara kar\u015f\u0131 vatanda\u015flar\u0131n dikkatli olmalar\u0131 tavsiyesinde bulunuldu.<\/span><\/span><\/span><\/span><\/p>\n<p style=\"text-align:left\"><span style=\"font-size:14px\"><span style=\"font-family:Arial,Helvetica,sans-serif\"><span style=\"color:#000000\"><span style=\"background-color:#ffffff\">Din \u0130\u015fleri Ba\u015fkanl\u0131\u011f\u0131 taraf\u0131ndan yap\u0131lan yaz\u0131l\u0131 a\u00e7\u0131klamada \u015fu ifadelere yer verildi:<\/span><\/span><\/span><\/span><\/p>\n<p style=\"text-align:left\"><span style=\"font-size:14px\"><span style=\"font-family:Arial,Helvetica,sans-serif\"><span style=\"color:#000000\"><span style=\"background-color:#ffffff\">\u201c\u0130\u00e7inden ge\u00e7mekte oldu\u011fumuz \u015fu g\u00fcnler, tarihin kanla yazd\u0131\u011f\u0131 sayfalarda yerini alacak, Filistinli M\u00fcsl\u00fcmanlar\u0131n \u00f6zellikle Gazze\u2019de maruz kald\u0131\u011f\u0131 soyk\u0131r\u0131m etkisini y\u00fczy\u0131llar boyu s\u00fcrd\u00fcrecek, insanl\u0131\u011f\u0131n ba\u015flang\u0131\u00e7 ve biti\u015f yeri olan ve bizim de tam ortas\u0131nda bulundu\u011fumuz bu co\u011frafyada bar\u0131\u015f ve huzur yine bir \u00fctopya olarak kalacakt\u0131r. B\u00fct\u00fcn d\u00fcnyada varl\u0131klar\u0131 \u0131srarla g\u00f6r\u00fclmek istenmeyen, \u00f6z vatanlar\u0131nda i\u015fgalci muamelesi g\u00f6ren, ya \u00f6l\u00fcm ya da me\u00e7hule s\u00fcrg\u00fcn se\u00e7eneklerinden birini tercihe zorlanan iki halktan biri K\u0131br\u0131s T\u00fcrk\u00fc ise di\u011feri Filistinli M\u00fcsl\u00fcmanlard\u0131r. Ge\u00e7mi\u015fte kald\u0131\u011f\u0131n\u0131 d\u00fc\u015f\u00fcnd\u00fc\u011f\u00fcm\u00fcz K\u0131br\u0131s T\u00fcrk halk\u0131n\u0131n ya\u015fad\u0131\u011f\u0131 \u00e7ileye, y\u00fcr\u00fctt\u00fc\u011f\u00fc m\u00fccadeleye bizzat tan\u0131k olanlar\u0131n bir k\u0131sm\u0131 bug\u00fcn hayattad\u0131r. Bu sebeple Filistin halk\u0131n\u0131n ya\u015fad\u0131\u011f\u0131 soyk\u0131r\u0131m\u0131 en iyi anlayacak olanlar da hi\u00e7 \u015f\u00fcphesiz Cumhuriyete giden yolda can\u0131n\u0131 feda etmekten \u00e7ekinmeyen K\u0131br\u0131s\u2019\u0131n m\u00fccahitleri ve onlar\u0131n evlatlar\u0131d\u0131r.\u201d<\/span><\/span><\/span><\/span><\/p>\n<p style=\"text-align:left\"><span style=\"font-size:14px\"><span style=\"font-family:Arial,Helvetica,sans-serif\"><span style=\"color:#000000\"><span style=\"background-color:#ffffff\">\u201c\u2018Zulme r\u0131za zul\u00fcmd\u00fcr\u2019 ilkesinden hareketle ya\u015fanan bu soyk\u0131r\u0131m\u0131 \u015fiddetle k\u0131n\u0131yor, akan kan\u0131n derhal durdurulmas\u0131n\u0131 istiyor, en k\u0131sa zamanda bar\u0131\u015f\u0131n tesis edilmesini y\u00fcrekten temenni ediyoruz\u201d ifadesine yer verilen a\u00e7\u0131klamada, \u201cYa\u015fananlara duyarl\u0131\u011f\u0131m\u0131z\u0131 g\u00f6stermek ve \u00e7ekilen ac\u0131lar\u0131 payla\u015fmak ad\u0131na Din \u0130\u015fleri Ba\u015fkanl\u0131\u011f\u0131 olarak 10 Kas\u0131m Cuma g\u00fcn\u00fc ada genelindeki b\u00fct\u00fcn camilerimizde Cuma ezan\u0131n\u0131n hemen akabinde Filistinli karde\u015flerimiz i\u00e7in dua edilmesi karar\u0131 alm\u0131\u015f bulunmaktay\u0131z\u201d denildi.<\/span><\/span><\/span><\/span><\/p>\n<p style=\"text-align:left\"><span style=\"font-size:14px\"><span style=\"font-family:Arial,Helvetica,sans-serif\"><span style=\"color:#000000\"><span style=\"background-color:#ffffff\">Din \u0130\u015fleri Ba\u015fkanl\u0131\u011f\u0131 ayr\u0131ca a\u00e7\u0131klamas\u0131nda devamla \u015funlar\u0131 kaydetti:<\/span><\/span><\/span><\/span><\/p>\n<p style=\"text-align:left\"><span style=\"font-size:14px\"><span style=\"font-family:Arial,Helvetica,sans-serif\"><span style=\"color:#000000\"><span style=\"background-color:#ffffff\">\u201c\u0130srail taraf\u0131ndan yap\u0131lan sald\u0131r\u0131lar\u0131n fiilen devam etmesi ve ate\u015fkes sa\u011flanamam\u0131\u015f olmas\u0131 sebebiyle yaralar\u0131n sar\u0131lmas\u0131, ac\u0131lara bir nebze olsun merhem olunmas\u0131 ad\u0131na hen\u00fcz halk\u0131m\u0131zdan yard\u0131m talebimiz ba\u015flamam\u0131\u015ft\u0131r. Yap\u0131lacak yard\u0131mlar\u0131n en g\u00fcvenli \u015fekilde yerine ula\u015fmas\u0131 ve ger\u00e7ek sahiplerinin eline ge\u00e7mesi temin edildi\u011fi zaman Filistinli karde\u015flerimiz i\u00e7in yard\u0131m toplama faaliyetlerimiz de ba\u015flayacakt\u0131r. Bu sebeple halk\u0131m\u0131z\u0131n samimi duygular\u0131n\u0131 istismar ederek yard\u0131m toplama talebinde bulunan ki\u015fi ve kurumlara kar\u015f\u0131 dikkatli davranmalar\u0131n\u0131 \u00f6nemle rica ederiz\u201d dedi.<\/span><\/span><\/span><\/span><\/p>\n","protected":false},"excerpt":{"rendered":"<p>Din \u0130\u015fleri Ba\u015fkanl\u0131\u011f\u0131 ayr\u0131ca, Ba\u015fkanl\u0131\u011f\u0131n halktan Filistinlilere yard\u0131m talebinin hen\u00fcz ba\u015flamad\u0131\u011f\u0131n\u0131 da belirterek, &nbsp;yard\u0131m toplama talebinde bulunan ki\u015fi ve kurumlara kar\u015f\u0131 vatanda\u015flar\u0131n dikkatli olmalar\u0131 tavsiyesinde bulunuldu. Din \u0130\u015fleri Ba\u015fkanl\u0131\u011f\u0131 taraf\u0131ndan yap\u0131lan yaz\u0131l\u0131 a\u00e7\u0131klamada \u015fu ifadelere yer verildi: \u201c\u0130\u00e7inden ge\u00e7mekte oldu\u011fumuz \u015fu g\u00fcnler, tarihin kanla yazd\u0131\u011f\u0131 sayfalarda yerini alacak, Filistinli M\u00fcsl\u00fcmanlar\u0131n \u00f6zellikle Gazze\u2019de maruz kald\u0131\u011f\u0131 soyk\u0131r\u0131m<\/p>\n","protected":false},"author":1,"featured_media":18023,"comment_status":"open","ping_status":"open","sticky":false,"template":"","format":"standard","meta":{"footnotes":""},"categories":[86],"tags":[],"class_list":["post-18022","post","type-post","status-publish","format-standard","has-post-thumbnail","hentry","category-turkiye"],"yoast_head":"<!-- This site is optimized with the Yoast SEO plugin v27.5 - https:\/\/yoast.com\/product\/yoast-seo-wordpress\/ -->\n<title>Yar\u0131n \u00fclke genelindeki b\u00fct\u00fcn camilerde Filistinliler i\u00e7in dua edilecek -<\/title>\n<meta name=\"robots\" content=\"index, follow, max-snippet:-1, max-image-preview:large, max-video-preview:-1\" \/>\n<link rel=\"canonical\" href=\"https:\/\/kibrisdakik.com\/?p=18022\" \/>\n<meta property=\"og:locale\" content=\"tr_TR\" \/>\n<meta property=\"og:type\" content=\"article\" \/>\n<meta property=\"og:title\" content=\"Yar\u0131n \u00fclke genelindeki b\u00fct\u00fcn camilerde Filistinliler i\u00e7in dua edilecek -\" \/>\n<meta property=\"og:description\" content=\"Din \u0130\u015fleri Ba\u015fkanl\u0131\u011f\u0131 ayr\u0131ca, Ba\u015fkanl\u0131\u011f\u0131n halktan Filistinlilere yard\u0131m talebinin hen\u00fcz ba\u015flamad\u0131\u011f\u0131n\u0131 da belirterek, &nbsp;yard\u0131m toplama talebinde bulunan ki\u015fi ve kurumlara kar\u015f\u0131 vatanda\u015flar\u0131n dikkatli olmalar\u0131 tavsiyesinde bulunuldu. Din \u0130\u015fleri Ba\u015fkanl\u0131\u011f\u0131 taraf\u0131ndan yap\u0131lan yaz\u0131l\u0131 a\u00e7\u0131klamada \u015fu ifadelere yer verildi: \u201c\u0130\u00e7inden ge\u00e7mekte oldu\u011fumuz \u015fu g\u00fcnler, tarihin kanla yazd\u0131\u011f\u0131 sayfalarda yerini alacak, Filistinli M\u00fcsl\u00fcmanlar\u0131n \u00f6zellikle Gazze\u2019de maruz kald\u0131\u011f\u0131 soyk\u0131r\u0131m\" \/>\n<meta property=\"og:url\" content=\"https:\/\/kibrisdakik.com\/?p=18022\" \/>\n<meta property=\"article:published_time\" content=\"2023-11-09T22:26:04+00:00\" \/>\n<meta property=\"og:image\" content=\"https:\/\/kibrisdakik.com\/wp-content\/uploads\/2023\/11\/yarin-ulke-genelindeki-butun-camilerde-filistinliler-icin-dua-edilecek-1699522529.webp.webp\" \/>\n\t<meta property=\"og:image:width\" content=\"710\" \/>\n\t<meta property=\"og:image:height\" content=\"370\" \/>\n\t<meta property=\"og:image:type\" content=\"image\/webp\" \/>\n<meta name=\"author\" content=\"admin\" \/>\n<meta name=\"twitter:card\" content=\"summary_large_image\" \/>\n<meta name=\"twitter:label1\" content=\"Yazan:\" \/>\n\t<meta name=\"twitter:data1\" content=\"admin\" \/>\n\t<meta name=\"twitter:label2\" content=\"Tahmini okuma s\u00fcresi\" \/>\n\t<meta name=\"twitter:data2\" content=\"2 dakika\" \/>\n<script type=\"application\/ld+json\" class=\"yoast-schema-graph\">{\"@context\":\"https:\\\/\\\/schema.org\",\"@graph\":[{\"@type\":\"Article\",\"@id\":\"https:\\\/\\\/kibrisdakik.com\\\/?p=18022#article\",\"isPartOf\":{\"@id\":\"https:\\\/\\\/kibrisdakik.com\\\/?p=18022\"},\"author\":{\"name\":\"admin\",\"@id\":\"https:\\\/\\\/kibrisdakik.com\\\/#\\\/schema\\\/person\\\/9cd9d437bbb44f72b73ba127e06d8e79\"},\"headline\":\"Yar\u0131n \u00fclke genelindeki b\u00fct\u00fcn camilerde Filistinliler i\u00e7in dua edilecek\",\"datePublished\":\"2023-11-09T22:26:04+00:00\",\"mainEntityOfPage\":{\"@id\":\"https:\\\/\\\/kibrisdakik.com\\\/?p=18022\"},\"wordCount\":468,\"commentCount\":0,\"image\":{\"@id\":\"https:\\\/\\\/kibrisdakik.com\\\/?p=18022#primaryimage\"},\"thumbnailUrl\":\"https:\\\/\\\/kibrisdakik.com\\\/wp-content\\\/uploads\\\/2023\\\/11\\\/yarin-ulke-genelindeki-butun-camilerde-filistinliler-icin-dua-edilecek-1699522529.webp.webp\",\"articleSection\":[\"T\u00fcrkiye\"],\"inLanguage\":\"tr\",\"potentialAction\":[{\"@type\":\"CommentAction\",\"name\":\"Comment\",\"target\":[\"https:\\\/\\\/kibrisdakik.com\\\/?p=18022#respond\"]}]},{\"@type\":\"WebPage\",\"@id\":\"https:\\\/\\\/kibrisdakik.com\\\/?p=18022\",\"url\":\"https:\\\/\\\/kibrisdakik.com\\\/?p=18022\",\"name\":\"Yar\u0131n \u00fclke genelindeki b\u00fct\u00fcn camilerde Filistinliler i\u00e7in dua edilecek -\",\"isPartOf\":{\"@id\":\"https:\\\/\\\/kibrisdakik.com\\\/#website\"},\"primaryImageOfPage\":{\"@id\":\"https:\\\/\\\/kibrisdakik.com\\\/?p=18022#primaryimage\"},\"image\":{\"@id\":\"https:\\\/\\\/kibrisdakik.com\\\/?p=18022#primaryimage\"},\"thumbnailUrl\":\"https:\\\/\\\/kibrisdakik.com\\\/wp-content\\\/uploads\\\/2023\\\/11\\\/yarin-ulke-genelindeki-butun-camilerde-filistinliler-icin-dua-edilecek-1699522529.webp.webp\",\"datePublished\":\"2023-11-09T22:26:04+00:00\",\"author\":{\"@id\":\"https:\\\/\\\/kibrisdakik.com\\\/#\\\/schema\\\/person\\\/9cd9d437bbb44f72b73ba127e06d8e79\"},\"breadcrumb\":{\"@id\":\"https:\\\/\\\/kibrisdakik.com\\\/?p=18022#breadcrumb\"},\"inLanguage\":\"tr\",\"potentialAction\":[{\"@type\":\"ReadAction\",\"target\":[\"https:\\\/\\\/kibrisdakik.com\\\/?p=18022\"]}]},{\"@type\":\"ImageObject\",\"inLanguage\":\"tr\",\"@id\":\"https:\\\/\\\/kibrisdakik.com\\\/?p=18022#primaryimage\",\"url\":\"https:\\\/\\\/kibrisdakik.com\\\/wp-content\\\/uploads\\\/2023\\\/11\\\/yarin-ulke-genelindeki-butun-camilerde-filistinliler-icin-dua-edilecek-1699522529.webp.webp\",\"contentUrl\":\"https:\\\/\\\/kibrisdakik.com\\\/wp-content\\\/uploads\\\/2023\\\/11\\\/yarin-ulke-genelindeki-butun-camilerde-filistinliler-icin-dua-edilecek-1699522529.webp.webp\",\"width\":710,\"height\":370},{\"@type\":\"BreadcrumbList\",\"@id\":\"https:\\\/\\\/kibrisdakik.com\\\/?p=18022#breadcrumb\",\"itemListElement\":[{\"@type\":\"ListItem\",\"position\":1,\"name\":\"Home\",\"item\":\"https:\\\/\\\/kibrisdakik.com\\\/\"},{\"@type\":\"ListItem\",\"position\":2,\"name\":\"Yar\u0131n \u00fclke genelindeki b\u00fct\u00fcn camilerde Filistinliler i\u00e7in dua edilecek\"}]},{\"@type\":\"WebSite\",\"@id\":\"https:\\\/\\\/kibrisdakik.com\\\/#website\",\"url\":\"https:\\\/\\\/kibrisdakik.com\\\/\",\"name\":\"\",\"description\":\"Tam vaktinde haber\",\"potentialAction\":[{\"@type\":\"SearchAction\",\"target\":{\"@type\":\"EntryPoint\",\"urlTemplate\":\"https:\\\/\\\/kibrisdakik.com\\\/?s={search_term_string}\"},\"query-input\":{\"@type\":\"PropertyValueSpecification\",\"valueRequired\":true,\"valueName\":\"search_term_string\"}}],\"inLanguage\":\"tr\"},{\"@type\":\"Person\",\"@id\":\"https:\\\/\\\/kibrisdakik.com\\\/#\\\/schema\\\/person\\\/9cd9d437bbb44f72b73ba127e06d8e79\",\"name\":\"admin\",\"image\":{\"@type\":\"ImageObject\",\"inLanguage\":\"tr\",\"@id\":\"https:\\\/\\\/secure.gravatar.com\\\/avatar\\\/ccc17943b9d660506c869530f897617f7cb1c21a4bf30023f252596d83e1f007?s=96&d=mm&r=g\",\"url\":\"https:\\\/\\\/secure.gravatar.com\\\/avatar\\\/ccc17943b9d660506c869530f897617f7cb1c21a4bf30023f252596d83e1f007?s=96&d=mm&r=g\",\"contentUrl\":\"https:\\\/\\\/secure.gravatar.com\\\/avatar\\\/ccc17943b9d660506c869530f897617f7cb1c21a4bf30023f252596d83e1f007?s=96&d=mm&r=g\",\"caption\":\"admin\"},\"sameAs\":[\"https:\\\/\\\/kibrisdakik.com\"],\"url\":\"https:\\\/\\\/kibrisdakik.com\\\/?author=1\"}]}<\/script>\n<!-- \/ Yoast SEO plugin. -->","yoast_head_json":{"title":"Yar\u0131n \u00fclke genelindeki b\u00fct\u00fcn camilerde Filistinliler i\u00e7in dua edilecek -","robots":{"index":"index","follow":"follow","max-snippet":"max-snippet:-1","max-image-preview":"max-image-preview:large","max-video-preview":"max-video-preview:-1"},"canonical":"https:\/\/kibrisdakik.com\/?p=18022","og_locale":"tr_TR","og_type":"article","og_title":"Yar\u0131n \u00fclke genelindeki b\u00fct\u00fcn camilerde Filistinliler i\u00e7in dua edilecek -","og_description":"Din \u0130\u015fleri Ba\u015fkanl\u0131\u011f\u0131 ayr\u0131ca, Ba\u015fkanl\u0131\u011f\u0131n halktan Filistinlilere yard\u0131m talebinin hen\u00fcz ba\u015flamad\u0131\u011f\u0131n\u0131 da belirterek, &nbsp;yard\u0131m toplama talebinde bulunan ki\u015fi ve kurumlara kar\u015f\u0131 vatanda\u015flar\u0131n dikkatli olmalar\u0131 tavsiyesinde bulunuldu. Din \u0130\u015fleri Ba\u015fkanl\u0131\u011f\u0131 taraf\u0131ndan yap\u0131lan yaz\u0131l\u0131 a\u00e7\u0131klamada \u015fu ifadelere yer verildi: \u201c\u0130\u00e7inden ge\u00e7mekte oldu\u011fumuz \u015fu g\u00fcnler, tarihin kanla yazd\u0131\u011f\u0131 sayfalarda yerini alacak, Filistinli M\u00fcsl\u00fcmanlar\u0131n \u00f6zellikle Gazze\u2019de maruz kald\u0131\u011f\u0131 soyk\u0131r\u0131m","og_url":"https:\/\/kibrisdakik.com\/?p=18022","article_published_time":"2023-11-09T22:26:04+00:00","og_image":[{"width":710,"height":370,"url":"https:\/\/kibrisdakik.com\/wp-content\/uploads\/2023\/11\/yarin-ulke-genelindeki-butun-camilerde-filistinliler-icin-dua-edilecek-1699522529.webp.webp","type":"image\/webp"}],"author":"admin","twitter_card":"summary_large_image","twitter_misc":{"Yazan:":"admin","Tahmini okuma s\u00fcresi":"2 dakika"},"schema":{"@context":"https:\/\/schema.org","@graph":[{"@type":"Article","@id":"https:\/\/kibrisdakik.com\/?p=18022#article","isPartOf":{"@id":"https:\/\/kibrisdakik.com\/?p=18022"},"author":{"name":"admin","@id":"https:\/\/kibrisdakik.com\/#\/schema\/person\/9cd9d437bbb44f72b73ba127e06d8e79"},"headline":"Yar\u0131n \u00fclke genelindeki b\u00fct\u00fcn camilerde Filistinliler i\u00e7in dua edilecek","datePublished":"2023-11-09T22:26:04+00:00","mainEntityOfPage":{"@id":"https:\/\/kibrisdakik.com\/?p=18022"},"wordCount":468,"commentCount":0,"image":{"@id":"https:\/\/kibrisdakik.com\/?p=18022#primaryimage"},"thumbnailUrl":"https:\/\/kibrisdakik.com\/wp-content\/uploads\/2023\/11\/yarin-ulke-genelindeki-butun-camilerde-filistinliler-icin-dua-edilecek-1699522529.webp.webp","articleSection":["T\u00fcrkiye"],"inLanguage":"tr","potentialAction":[{"@type":"CommentAction","name":"Comment","target":["https:\/\/kibrisdakik.com\/?p=18022#respond"]}]},{"@type":"WebPage","@id":"https:\/\/kibrisdakik.com\/?p=18022","url":"https:\/\/kibrisdakik.com\/?p=18022","name":"Yar\u0131n \u00fclke genelindeki b\u00fct\u00fcn camilerde Filistinliler i\u00e7in dua edilecek -","isPartOf":{"@id":"https:\/\/kibrisdakik.com\/#website"},"primaryImageOfPage":{"@id":"https:\/\/kibrisdakik.com\/?p=18022#primaryimage"},"image":{"@id":"https:\/\/kibrisdakik.com\/?p=18022#primaryimage"},"thumbnailUrl":"https:\/\/kibrisdakik.com\/wp-content\/uploads\/2023\/11\/yarin-ulke-genelindeki-butun-camilerde-filistinliler-icin-dua-edilecek-1699522529.webp.webp","datePublished":"2023-11-09T22:26:04+00:00","author":{"@id":"https:\/\/kibrisdakik.com\/#\/schema\/person\/9cd9d437bbb44f72b73ba127e06d8e79"},"breadcrumb":{"@id":"https:\/\/kibrisdakik.com\/?p=18022#breadcrumb"},"inLanguage":"tr","potentialAction":[{"@type":"ReadAction","target":["https:\/\/kibrisdakik.com\/?p=18022"]}]},{"@type":"ImageObject","inLanguage":"tr","@id":"https:\/\/kibrisdakik.com\/?p=18022#primaryimage","url":"https:\/\/kibrisdakik.com\/wp-content\/uploads\/2023\/11\/yarin-ulke-genelindeki-butun-camilerde-filistinliler-icin-dua-edilecek-1699522529.webp.webp","contentUrl":"https:\/\/kibrisdakik.com\/wp-content\/uploads\/2023\/11\/yarin-ulke-genelindeki-butun-camilerde-filistinliler-icin-dua-edilecek-1699522529.webp.webp","width":710,"height":370},{"@type":"BreadcrumbList","@id":"https:\/\/kibrisdakik.com\/?p=18022#breadcrumb","itemListElement":[{"@type":"ListItem","position":1,"name":"Home","item":"https:\/\/kibrisdakik.com\/"},{"@type":"ListItem","position":2,"name":"Yar\u0131n \u00fclke genelindeki b\u00fct\u00fcn camilerde Filistinliler i\u00e7in dua edilecek"}]},{"@type":"WebSite","@id":"https:\/\/kibrisdakik.com\/#website","url":"https:\/\/kibrisdakik.com\/","name":"","description":"Tam vaktinde haber","potentialAction":[{"@type":"SearchAction","target":{"@type":"EntryPoint","urlTemplate":"https:\/\/kibrisdakik.com\/?s={search_term_string}"},"query-input":{"@type":"PropertyValueSpecification","valueRequired":true,"valueName":"search_term_string"}}],"inLanguage":"tr"},{"@type":"Person","@id":"https:\/\/kibrisdakik.com\/#\/schema\/person\/9cd9d437bbb44f72b73ba127e06d8e79","name":"admin","image":{"@type":"ImageObject","inLanguage":"tr","@id":"https:\/\/secure.gravatar.com\/avatar\/ccc17943b9d660506c869530f897617f7cb1c21a4bf30023f252596d83e1f007?s=96&d=mm&r=g","url":"https:\/\/secure.gravatar.com\/avatar\/ccc17943b9d660506c869530f897617f7cb1c21a4bf30023f252596d83e1f007?s=96&d=mm&r=g","contentUrl":"https:\/\/secure.gravatar.com\/avatar\/ccc17943b9d660506c869530f897617f7cb1c21a4bf30023f252596d83e1f007?s=96&d=mm&r=g","caption":"admin"},"sameAs":["https:\/\/kibrisdakik.com"],"url":"https:\/\/kibrisdakik.com\/?author=1"}]}},"_links":{"self":[{"href":"https:\/\/kibrisdakik.com\/index.php?rest_route=\/wp\/v2\/posts\/18022","targetHints":{"allow":["GET"]}}],"collection":[{"href":"https:\/\/kibrisdakik.com\/index.php?rest_route=\/wp\/v2\/posts"}],"about":[{"href":"https:\/\/kibrisdakik.com\/index.php?rest_route=\/wp\/v2\/types\/post"}],"author":[{"embeddable":true,"href":"https:\/\/kibrisdakik.com\/index.php?rest_route=\/wp\/v2\/users\/1"}],"replies":[{"embeddable":true,"href":"https:\/\/kibrisdakik.com\/index.php?rest_route=%2Fwp%2Fv2%2Fcomments&post=18022"}],"version-history":[{"count":0,"href":"https:\/\/kibrisdakik.com\/index.php?rest_route=\/wp\/v2\/posts\/18022\/revisions"}],"wp:featuredmedia":[{"embeddable":true,"href":"https:\/\/kibrisdakik.com\/index.php?rest_route=\/wp\/v2\/media\/18023"}],"wp:attachment":[{"href":"https:\/\/kibrisdakik.com\/index.php?rest_route=%2Fwp%2Fv2%2Fmedia&parent=18022"}],"wp:term":[{"taxonomy":"category","embeddable":true,"href":"https:\/\/kibrisdakik.com\/index.php?rest_route=%2Fwp%2Fv2%2Fcategories&post=18022"},{"taxonomy":"post_tag","embeddable":true,"href":"https:\/\/kibrisdakik.com\/index.php?rest_route=%2Fwp%2Fv2%2Ftags&post=18022"}],"curies":[{"name":"wp","href":"https:\/\/api.w.org\/{rel}","templated":true}]}}