{"id":18032,"date":"2023-11-09T23:26:49","date_gmt":"2023-11-09T23:26:49","guid":{"rendered":"https:\/\/kibrisdakik.com\/index.php\/2023\/11\/09\/ersoy-asgari-ucret-en-dusuk-kamu-maasina-esitlenmeli\/"},"modified":"2023-11-09T23:26:49","modified_gmt":"2023-11-09T23:26:49","slug":"ersoy-asgari-ucret-en-dusuk-kamu-maasina-esitlenmeli","status":"publish","type":"post","link":"https:\/\/kibrisdakik.com\/?p=18032","title":{"rendered":"Ersoy: \u201cAsgari \u00fccret en d\u00fc\u015f\u00fck kamu maa\u015f\u0131na e\u015fitlenmeli\u201d"},"content":{"rendered":"<p><img decoding=\"async\" src=\"https:\/\/www.kibristurk.com\/images\/haberler\/2023\/11\/ersoy-asgari-ucret-en-dusuk-kamu-maasina-esitlenmeli-1699520728.webp\" \/><\/p>\n<p style=\"text-align:left\"><span style=\"font-size:14px\"><span style=\"font-family:Arial,Helvetica,sans-serif\"><span style=\"color:#000000\"><span style=\"background-color:#ffffff\">Ba\u011f\u0131ms\u0131zl\u0131k Yolu\u2019ndan verilen bilgiye g\u00f6re, Ba\u011f\u0131ms\u0131zl\u0131k Yolu Genel Sekreteri Umut Ersoy, kat\u0131ld\u0131\u011f\u0131 bir televizyon program\u0131nda \u00fclkede en \u00e7ok ihtiya\u00e7 olan \u015feyin veri oldu\u011funu s\u00f6yledi.<\/span><\/span><\/span><\/span><\/p>\n<p style=\"text-align:left\"><span style=\"font-size:14px\"><span style=\"font-family:Arial,Helvetica,sans-serif\"><span style=\"color:#000000\"><span style=\"background-color:#ffffff\">Ersoy, yoksulla\u015fman\u0131n, yoksulla\u015fman\u0131n etkenleriyle m\u00fccadele ederek ortadan kald\u0131r\u0131labilece\u011fini belirterek, yoksulla\u015ft\u0131ran \u015feyin ne oldu\u011funun ortaya koymas\u0131 gerekti\u011fini s\u00f6yledi.<\/span><\/span><\/span><\/span><\/p>\n<p style=\"text-align:left\"><span style=\"font-size:14px\"><span style=\"font-family:Arial,Helvetica,sans-serif\"><span style=\"color:#000000\"><span style=\"background-color:#ffffff\">Bar\u0131nma, e\u011fitim, sa\u011fl\u0131k gibi temel ihtiya\u00e7lar\u0131n piyasala\u015ft\u0131r\u0131ld\u0131\u011f\u0131n\u0131 belirten Ersoy, okullar\u0131n s\u0131vas\u0131 akarken gittik\u00e7e b\u00fcy\u00fcyen in\u015faat \u015firketleri ve emlak piyasas\u0131 bulundu\u011funu belirtti.<\/span><\/span><\/span><\/span><\/p>\n<p style=\"text-align:left\"><span style=\"font-size:14px\"><span style=\"font-family:Arial,Helvetica,sans-serif\"><span style=\"color:#000000\"><span style=\"background-color:#ffffff\">Ersoy, Kuzey K\u0131br\u0131s&#8217;\u0131n uluslararas\u0131 hukukun d\u0131\u015f\u0131nda kalmas\u0131ndan dolay\u0131 ya\u015fanan s\u0131k\u0131nt\u0131lara de\u011finerek, \u00f6zel sekt\u00f6rde de yo\u011fun bir emek s\u00f6m\u00fcr\u00fcs\u00fc ya\u015fand\u0131\u011f\u0131n\u0131 ileri s\u00fcrd\u00fc.<\/span><\/span><\/span><\/span><\/p>\n<p style=\"text-align:left\"><span style=\"font-size:14px\"><span style=\"font-family:Arial,Helvetica,sans-serif\"><span style=\"color:#000000\"><span style=\"background-color:#ffffff\">Ba\u011f\u0131ms\u0131zl\u0131k Yolu olarak \u00f6zel sekt\u00f6re sendikala\u015fman\u0131n zorunlu hale getirilmesi i\u00e7in yasa haz\u0131rlad\u0131klar\u0131n\u0131 ve bunun i\u00e7in m\u00fccadele verdiklerini dile getiren Ersoy, kamudaki en d\u00fc\u015f\u00fck maa\u015fla \u00f6zel sekt\u00f6rdeki en d\u00fc\u015f\u00fck maa\u015f aras\u0131ndaki farka de\u011findi. Ersoy, asgari \u00fccretin en d\u00fc\u015f\u00fck kamu maa\u015f\u0131na e\u015fitlenmesi gerekti\u011fini s\u00f6yledi.<\/span><\/span><\/span><\/span><\/p>\n<p style=\"text-align:left\"><span style=\"font-size:14px\"><span style=\"font-family:Arial,Helvetica,sans-serif\"><span style=\"color:#000000\"><span style=\"background-color:#ffffff\">Ersoy, Ba\u011f\u0131ms\u0131zl\u0131k Yolu\u2019nun n\u00fcfus politikalar\u0131ndan bahsederek mevcut \u00e7al\u0131\u015fma izinlerinin yenilenerek \u00f6zel teknik izinler d\u0131\u015f\u0131nda yeni \u00e7al\u0131\u015fma izni \u00e7\u0131kar\u0131lmamas\u0131 gerekti\u011fini s\u00f6yledi.&nbsp;<\/span><\/span><\/span><\/span><\/p>\n<p style=\"text-align:left\"><span style=\"font-size:14px\"><span style=\"font-family:Arial,Helvetica,sans-serif\"><span style=\"color:#000000\"><span style=\"background-color:#ffffff\">Sosyal sigorta yat\u0131r\u0131m\u0131n\u0131 yapmayan, ka\u00e7ak i\u015f\u00e7i \u00e7al\u0131\u015ft\u0131ran patronlara ceza kesilmedi\u011fini ve sigorta aff\u0131yla patronlara k\u0131yak ge\u00e7ildi\u011fi savunan Ersoy, \u201cPatronlara ceza kesmedi\u011fimiz s\u00fcrece s\u00f6m\u00fcr\u00fc b\u00fcy\u00fcyecek\u201d dedi.<\/span><\/span><\/span><\/span><\/p>\n<p style=\"text-align:left\"><span style=\"font-size:14px\"><span style=\"font-family:Arial,Helvetica,sans-serif\"><span style=\"color:#000000\"><span style=\"background-color:#ffffff\">Ersoy, ka\u00e7ak i\u015f\u00e7i \u00e7al\u0131\u015ft\u0131ran patronlara hem ceza kesilmesi, hem de o i\u015f\u00e7iyi belirli bir s\u00fcre \u00e7al\u0131\u015ft\u0131rma zorunlulu\u011fu getirilmesi gerekti\u011fini s\u00f6yledi.<\/span><\/span><\/span><\/span><\/p>\n","protected":false},"excerpt":{"rendered":"<p>Ba\u011f\u0131ms\u0131zl\u0131k Yolu\u2019ndan verilen bilgiye g\u00f6re, Ba\u011f\u0131ms\u0131zl\u0131k Yolu Genel Sekreteri Umut Ersoy, kat\u0131ld\u0131\u011f\u0131 bir televizyon program\u0131nda \u00fclkede en \u00e7ok ihtiya\u00e7 olan \u015feyin veri oldu\u011funu s\u00f6yledi. Ersoy, yoksulla\u015fman\u0131n, yoksulla\u015fman\u0131n etkenleriyle m\u00fccadele ederek ortadan kald\u0131r\u0131labilece\u011fini belirterek, yoksulla\u015ft\u0131ran \u015feyin ne oldu\u011funun ortaya koymas\u0131 gerekti\u011fini s\u00f6yledi. Bar\u0131nma, e\u011fitim, sa\u011fl\u0131k gibi temel ihtiya\u00e7lar\u0131n piyasala\u015ft\u0131r\u0131ld\u0131\u011f\u0131n\u0131 belirten Ersoy, okullar\u0131n s\u0131vas\u0131 akarken gittik\u00e7e b\u00fcy\u00fcyen<\/p>\n","protected":false},"author":1,"featured_media":18033,"comment_status":"open","ping_status":"open","sticky":false,"template":"","format":"standard","meta":{"footnotes":""},"categories":[86],"tags":[],"class_list":["post-18032","post","type-post","status-publish","format-standard","has-post-thumbnail","hentry","category-turkiye"],"yoast_head":"<!-- This site is optimized with the Yoast SEO plugin v27.4 - https:\/\/yoast.com\/product\/yoast-seo-wordpress\/ -->\n<title>Ersoy: \u201cAsgari \u00fccret en d\u00fc\u015f\u00fck kamu maa\u015f\u0131na e\u015fitlenmeli\u201d -<\/title>\n<meta name=\"robots\" content=\"index, follow, max-snippet:-1, max-image-preview:large, max-video-preview:-1\" \/>\n<link rel=\"canonical\" href=\"https:\/\/kibrisdakik.com\/?p=18032\" \/>\n<meta property=\"og:locale\" content=\"tr_TR\" \/>\n<meta property=\"og:type\" content=\"article\" \/>\n<meta property=\"og:title\" content=\"Ersoy: \u201cAsgari \u00fccret en d\u00fc\u015f\u00fck kamu maa\u015f\u0131na e\u015fitlenmeli\u201d -\" \/>\n<meta property=\"og:description\" content=\"Ba\u011f\u0131ms\u0131zl\u0131k Yolu\u2019ndan verilen bilgiye g\u00f6re, Ba\u011f\u0131ms\u0131zl\u0131k Yolu Genel Sekreteri Umut Ersoy, kat\u0131ld\u0131\u011f\u0131 bir televizyon program\u0131nda \u00fclkede en \u00e7ok ihtiya\u00e7 olan \u015feyin veri oldu\u011funu s\u00f6yledi. Ersoy, yoksulla\u015fman\u0131n, yoksulla\u015fman\u0131n etkenleriyle m\u00fccadele ederek ortadan kald\u0131r\u0131labilece\u011fini belirterek, yoksulla\u015ft\u0131ran \u015feyin ne oldu\u011funun ortaya koymas\u0131 gerekti\u011fini s\u00f6yledi. Bar\u0131nma, e\u011fitim, sa\u011fl\u0131k gibi temel ihtiya\u00e7lar\u0131n piyasala\u015ft\u0131r\u0131ld\u0131\u011f\u0131n\u0131 belirten Ersoy, okullar\u0131n s\u0131vas\u0131 akarken gittik\u00e7e b\u00fcy\u00fcyen\" \/>\n<meta property=\"og:url\" content=\"https:\/\/kibrisdakik.com\/?p=18032\" \/>\n<meta property=\"article:published_time\" content=\"2023-11-09T23:26:49+00:00\" \/>\n<meta property=\"og:image\" content=\"https:\/\/kibrisdakik.com\/wp-content\/uploads\/2023\/11\/ersoy-asgari-ucret-en-dusuk-kamu-maasina-esitlenmeli-1699520728.webp.webp\" \/>\n\t<meta property=\"og:image:width\" content=\"710\" \/>\n\t<meta property=\"og:image:height\" content=\"370\" \/>\n\t<meta property=\"og:image:type\" content=\"image\/webp\" \/>\n<meta name=\"author\" content=\"admin\" \/>\n<meta name=\"twitter:card\" content=\"summary_large_image\" \/>\n<meta name=\"twitter:label1\" content=\"Yazan:\" \/>\n\t<meta name=\"twitter:data1\" content=\"admin\" \/>\n\t<meta name=\"twitter:label2\" content=\"Tahmini okuma s\u00fcresi\" \/>\n\t<meta name=\"twitter:data2\" content=\"2 dakika\" \/>\n<script type=\"application\/ld+json\" class=\"yoast-schema-graph\">{\"@context\":\"https:\\\/\\\/schema.org\",\"@graph\":[{\"@type\":\"Article\",\"@id\":\"https:\\\/\\\/kibrisdakik.com\\\/?p=18032#article\",\"isPartOf\":{\"@id\":\"https:\\\/\\\/kibrisdakik.com\\\/?p=18032\"},\"author\":{\"name\":\"admin\",\"@id\":\"https:\\\/\\\/kibrisdakik.com\\\/#\\\/schema\\\/person\\\/9cd9d437bbb44f72b73ba127e06d8e79\"},\"headline\":\"Ersoy: \u201cAsgari \u00fccret en d\u00fc\u015f\u00fck kamu maa\u015f\u0131na e\u015fitlenmeli\u201d\",\"datePublished\":\"2023-11-09T23:26:49+00:00\",\"mainEntityOfPage\":{\"@id\":\"https:\\\/\\\/kibrisdakik.com\\\/?p=18032\"},\"wordCount\":326,\"commentCount\":0,\"image\":{\"@id\":\"https:\\\/\\\/kibrisdakik.com\\\/?p=18032#primaryimage\"},\"thumbnailUrl\":\"https:\\\/\\\/kibrisdakik.com\\\/wp-content\\\/uploads\\\/2023\\\/11\\\/ersoy-asgari-ucret-en-dusuk-kamu-maasina-esitlenmeli-1699520728.webp.webp\",\"articleSection\":[\"T\u00fcrkiye\"],\"inLanguage\":\"tr\",\"potentialAction\":[{\"@type\":\"CommentAction\",\"name\":\"Comment\",\"target\":[\"https:\\\/\\\/kibrisdakik.com\\\/?p=18032#respond\"]}]},{\"@type\":\"WebPage\",\"@id\":\"https:\\\/\\\/kibrisdakik.com\\\/?p=18032\",\"url\":\"https:\\\/\\\/kibrisdakik.com\\\/?p=18032\",\"name\":\"Ersoy: \u201cAsgari \u00fccret en d\u00fc\u015f\u00fck kamu maa\u015f\u0131na e\u015fitlenmeli\u201d -\",\"isPartOf\":{\"@id\":\"https:\\\/\\\/kibrisdakik.com\\\/#website\"},\"primaryImageOfPage\":{\"@id\":\"https:\\\/\\\/kibrisdakik.com\\\/?p=18032#primaryimage\"},\"image\":{\"@id\":\"https:\\\/\\\/kibrisdakik.com\\\/?p=18032#primaryimage\"},\"thumbnailUrl\":\"https:\\\/\\\/kibrisdakik.com\\\/wp-content\\\/uploads\\\/2023\\\/11\\\/ersoy-asgari-ucret-en-dusuk-kamu-maasina-esitlenmeli-1699520728.webp.webp\",\"datePublished\":\"2023-11-09T23:26:49+00:00\",\"author\":{\"@id\":\"https:\\\/\\\/kibrisdakik.com\\\/#\\\/schema\\\/person\\\/9cd9d437bbb44f72b73ba127e06d8e79\"},\"breadcrumb\":{\"@id\":\"https:\\\/\\\/kibrisdakik.com\\\/?p=18032#breadcrumb\"},\"inLanguage\":\"tr\",\"potentialAction\":[{\"@type\":\"ReadAction\",\"target\":[\"https:\\\/\\\/kibrisdakik.com\\\/?p=18032\"]}]},{\"@type\":\"ImageObject\",\"inLanguage\":\"tr\",\"@id\":\"https:\\\/\\\/kibrisdakik.com\\\/?p=18032#primaryimage\",\"url\":\"https:\\\/\\\/kibrisdakik.com\\\/wp-content\\\/uploads\\\/2023\\\/11\\\/ersoy-asgari-ucret-en-dusuk-kamu-maasina-esitlenmeli-1699520728.webp.webp\",\"contentUrl\":\"https:\\\/\\\/kibrisdakik.com\\\/wp-content\\\/uploads\\\/2023\\\/11\\\/ersoy-asgari-ucret-en-dusuk-kamu-maasina-esitlenmeli-1699520728.webp.webp\",\"width\":710,\"height\":370},{\"@type\":\"BreadcrumbList\",\"@id\":\"https:\\\/\\\/kibrisdakik.com\\\/?p=18032#breadcrumb\",\"itemListElement\":[{\"@type\":\"ListItem\",\"position\":1,\"name\":\"Home\",\"item\":\"https:\\\/\\\/kibrisdakik.com\\\/\"},{\"@type\":\"ListItem\",\"position\":2,\"name\":\"Ersoy: \u201cAsgari \u00fccret en d\u00fc\u015f\u00fck kamu maa\u015f\u0131na e\u015fitlenmeli\u201d\"}]},{\"@type\":\"WebSite\",\"@id\":\"https:\\\/\\\/kibrisdakik.com\\\/#website\",\"url\":\"https:\\\/\\\/kibrisdakik.com\\\/\",\"name\":\"\",\"description\":\"Tam vaktinde haber\",\"potentialAction\":[{\"@type\":\"SearchAction\",\"target\":{\"@type\":\"EntryPoint\",\"urlTemplate\":\"https:\\\/\\\/kibrisdakik.com\\\/?s={search_term_string}\"},\"query-input\":{\"@type\":\"PropertyValueSpecification\",\"valueRequired\":true,\"valueName\":\"search_term_string\"}}],\"inLanguage\":\"tr\"},{\"@type\":\"Person\",\"@id\":\"https:\\\/\\\/kibrisdakik.com\\\/#\\\/schema\\\/person\\\/9cd9d437bbb44f72b73ba127e06d8e79\",\"name\":\"admin\",\"image\":{\"@type\":\"ImageObject\",\"inLanguage\":\"tr\",\"@id\":\"https:\\\/\\\/secure.gravatar.com\\\/avatar\\\/ccc17943b9d660506c869530f897617f7cb1c21a4bf30023f252596d83e1f007?s=96&d=mm&r=g\",\"url\":\"https:\\\/\\\/secure.gravatar.com\\\/avatar\\\/ccc17943b9d660506c869530f897617f7cb1c21a4bf30023f252596d83e1f007?s=96&d=mm&r=g\",\"contentUrl\":\"https:\\\/\\\/secure.gravatar.com\\\/avatar\\\/ccc17943b9d660506c869530f897617f7cb1c21a4bf30023f252596d83e1f007?s=96&d=mm&r=g\",\"caption\":\"admin\"},\"sameAs\":[\"https:\\\/\\\/kibrisdakik.com\"],\"url\":\"https:\\\/\\\/kibrisdakik.com\\\/?author=1\"}]}<\/script>\n<!-- \/ Yoast SEO plugin. -->","yoast_head_json":{"title":"Ersoy: \u201cAsgari \u00fccret en d\u00fc\u015f\u00fck kamu maa\u015f\u0131na e\u015fitlenmeli\u201d -","robots":{"index":"index","follow":"follow","max-snippet":"max-snippet:-1","max-image-preview":"max-image-preview:large","max-video-preview":"max-video-preview:-1"},"canonical":"https:\/\/kibrisdakik.com\/?p=18032","og_locale":"tr_TR","og_type":"article","og_title":"Ersoy: \u201cAsgari \u00fccret en d\u00fc\u015f\u00fck kamu maa\u015f\u0131na e\u015fitlenmeli\u201d -","og_description":"Ba\u011f\u0131ms\u0131zl\u0131k Yolu\u2019ndan verilen bilgiye g\u00f6re, Ba\u011f\u0131ms\u0131zl\u0131k Yolu Genel Sekreteri Umut Ersoy, kat\u0131ld\u0131\u011f\u0131 bir televizyon program\u0131nda \u00fclkede en \u00e7ok ihtiya\u00e7 olan \u015feyin veri oldu\u011funu s\u00f6yledi. Ersoy, yoksulla\u015fman\u0131n, yoksulla\u015fman\u0131n etkenleriyle m\u00fccadele ederek ortadan kald\u0131r\u0131labilece\u011fini belirterek, yoksulla\u015ft\u0131ran \u015feyin ne oldu\u011funun ortaya koymas\u0131 gerekti\u011fini s\u00f6yledi. Bar\u0131nma, e\u011fitim, sa\u011fl\u0131k gibi temel ihtiya\u00e7lar\u0131n piyasala\u015ft\u0131r\u0131ld\u0131\u011f\u0131n\u0131 belirten Ersoy, okullar\u0131n s\u0131vas\u0131 akarken gittik\u00e7e b\u00fcy\u00fcyen","og_url":"https:\/\/kibrisdakik.com\/?p=18032","article_published_time":"2023-11-09T23:26:49+00:00","og_image":[{"width":710,"height":370,"url":"https:\/\/kibrisdakik.com\/wp-content\/uploads\/2023\/11\/ersoy-asgari-ucret-en-dusuk-kamu-maasina-esitlenmeli-1699520728.webp.webp","type":"image\/webp"}],"author":"admin","twitter_card":"summary_large_image","twitter_misc":{"Yazan:":"admin","Tahmini okuma s\u00fcresi":"2 dakika"},"schema":{"@context":"https:\/\/schema.org","@graph":[{"@type":"Article","@id":"https:\/\/kibrisdakik.com\/?p=18032#article","isPartOf":{"@id":"https:\/\/kibrisdakik.com\/?p=18032"},"author":{"name":"admin","@id":"https:\/\/kibrisdakik.com\/#\/schema\/person\/9cd9d437bbb44f72b73ba127e06d8e79"},"headline":"Ersoy: \u201cAsgari \u00fccret en d\u00fc\u015f\u00fck kamu maa\u015f\u0131na e\u015fitlenmeli\u201d","datePublished":"2023-11-09T23:26:49+00:00","mainEntityOfPage":{"@id":"https:\/\/kibrisdakik.com\/?p=18032"},"wordCount":326,"commentCount":0,"image":{"@id":"https:\/\/kibrisdakik.com\/?p=18032#primaryimage"},"thumbnailUrl":"https:\/\/kibrisdakik.com\/wp-content\/uploads\/2023\/11\/ersoy-asgari-ucret-en-dusuk-kamu-maasina-esitlenmeli-1699520728.webp.webp","articleSection":["T\u00fcrkiye"],"inLanguage":"tr","potentialAction":[{"@type":"CommentAction","name":"Comment","target":["https:\/\/kibrisdakik.com\/?p=18032#respond"]}]},{"@type":"WebPage","@id":"https:\/\/kibrisdakik.com\/?p=18032","url":"https:\/\/kibrisdakik.com\/?p=18032","name":"Ersoy: \u201cAsgari \u00fccret en d\u00fc\u015f\u00fck kamu maa\u015f\u0131na e\u015fitlenmeli\u201d -","isPartOf":{"@id":"https:\/\/kibrisdakik.com\/#website"},"primaryImageOfPage":{"@id":"https:\/\/kibrisdakik.com\/?p=18032#primaryimage"},"image":{"@id":"https:\/\/kibrisdakik.com\/?p=18032#primaryimage"},"thumbnailUrl":"https:\/\/kibrisdakik.com\/wp-content\/uploads\/2023\/11\/ersoy-asgari-ucret-en-dusuk-kamu-maasina-esitlenmeli-1699520728.webp.webp","datePublished":"2023-11-09T23:26:49+00:00","author":{"@id":"https:\/\/kibrisdakik.com\/#\/schema\/person\/9cd9d437bbb44f72b73ba127e06d8e79"},"breadcrumb":{"@id":"https:\/\/kibrisdakik.com\/?p=18032#breadcrumb"},"inLanguage":"tr","potentialAction":[{"@type":"ReadAction","target":["https:\/\/kibrisdakik.com\/?p=18032"]}]},{"@type":"ImageObject","inLanguage":"tr","@id":"https:\/\/kibrisdakik.com\/?p=18032#primaryimage","url":"https:\/\/kibrisdakik.com\/wp-content\/uploads\/2023\/11\/ersoy-asgari-ucret-en-dusuk-kamu-maasina-esitlenmeli-1699520728.webp.webp","contentUrl":"https:\/\/kibrisdakik.com\/wp-content\/uploads\/2023\/11\/ersoy-asgari-ucret-en-dusuk-kamu-maasina-esitlenmeli-1699520728.webp.webp","width":710,"height":370},{"@type":"BreadcrumbList","@id":"https:\/\/kibrisdakik.com\/?p=18032#breadcrumb","itemListElement":[{"@type":"ListItem","position":1,"name":"Home","item":"https:\/\/kibrisdakik.com\/"},{"@type":"ListItem","position":2,"name":"Ersoy: \u201cAsgari \u00fccret en d\u00fc\u015f\u00fck kamu maa\u015f\u0131na e\u015fitlenmeli\u201d"}]},{"@type":"WebSite","@id":"https:\/\/kibrisdakik.com\/#website","url":"https:\/\/kibrisdakik.com\/","name":"","description":"Tam vaktinde haber","potentialAction":[{"@type":"SearchAction","target":{"@type":"EntryPoint","urlTemplate":"https:\/\/kibrisdakik.com\/?s={search_term_string}"},"query-input":{"@type":"PropertyValueSpecification","valueRequired":true,"valueName":"search_term_string"}}],"inLanguage":"tr"},{"@type":"Person","@id":"https:\/\/kibrisdakik.com\/#\/schema\/person\/9cd9d437bbb44f72b73ba127e06d8e79","name":"admin","image":{"@type":"ImageObject","inLanguage":"tr","@id":"https:\/\/secure.gravatar.com\/avatar\/ccc17943b9d660506c869530f897617f7cb1c21a4bf30023f252596d83e1f007?s=96&d=mm&r=g","url":"https:\/\/secure.gravatar.com\/avatar\/ccc17943b9d660506c869530f897617f7cb1c21a4bf30023f252596d83e1f007?s=96&d=mm&r=g","contentUrl":"https:\/\/secure.gravatar.com\/avatar\/ccc17943b9d660506c869530f897617f7cb1c21a4bf30023f252596d83e1f007?s=96&d=mm&r=g","caption":"admin"},"sameAs":["https:\/\/kibrisdakik.com"],"url":"https:\/\/kibrisdakik.com\/?author=1"}]}},"_links":{"self":[{"href":"https:\/\/kibrisdakik.com\/index.php?rest_route=\/wp\/v2\/posts\/18032","targetHints":{"allow":["GET"]}}],"collection":[{"href":"https:\/\/kibrisdakik.com\/index.php?rest_route=\/wp\/v2\/posts"}],"about":[{"href":"https:\/\/kibrisdakik.com\/index.php?rest_route=\/wp\/v2\/types\/post"}],"author":[{"embeddable":true,"href":"https:\/\/kibrisdakik.com\/index.php?rest_route=\/wp\/v2\/users\/1"}],"replies":[{"embeddable":true,"href":"https:\/\/kibrisdakik.com\/index.php?rest_route=%2Fwp%2Fv2%2Fcomments&post=18032"}],"version-history":[{"count":0,"href":"https:\/\/kibrisdakik.com\/index.php?rest_route=\/wp\/v2\/posts\/18032\/revisions"}],"wp:featuredmedia":[{"embeddable":true,"href":"https:\/\/kibrisdakik.com\/index.php?rest_route=\/wp\/v2\/media\/18033"}],"wp:attachment":[{"href":"https:\/\/kibrisdakik.com\/index.php?rest_route=%2Fwp%2Fv2%2Fmedia&parent=18032"}],"wp:term":[{"taxonomy":"category","embeddable":true,"href":"https:\/\/kibrisdakik.com\/index.php?rest_route=%2Fwp%2Fv2%2Fcategories&post=18032"},{"taxonomy":"post_tag","embeddable":true,"href":"https:\/\/kibrisdakik.com\/index.php?rest_route=%2Fwp%2Fv2%2Ftags&post=18032"}],"curies":[{"name":"wp","href":"https:\/\/api.w.org\/{rel}","templated":true}]}}