{"id":18048,"date":"2023-11-10T01:03:49","date_gmt":"2023-11-10T01:03:49","guid":{"rendered":"https:\/\/kibrisdakik.com\/index.php\/2023\/11\/10\/ykp-avrupalilar-forumuna-katilacak\/"},"modified":"2023-11-10T01:03:49","modified_gmt":"2023-11-10T01:03:49","slug":"ykp-avrupalilar-forumuna-katilacak","status":"publish","type":"post","link":"https:\/\/kibrisdakik.com\/?p=18048","title":{"rendered":"YKP, Avrupal\u0131lar Forumu\u2019na kat\u0131lacak"},"content":{"rendered":"<p><img decoding=\"async\" src=\"https:\/\/www.kibristurk.com\/images\/haberler\/2023\/11\/ykp-avrupalilar-forumuna-katilacak-1699516004.webp\" \/><\/p>\n<p><span style=\"font-size:12pt\"><span style=\"background-color:white\"><span style=\"font-family:Calibri,sans-serif\"><span style=\"font-size:13.0pt\"><span style=\"color:black\">YKP\u2019den verilen bilgiye g\u00f6re, YKP Genel Sekreteri Murat Kanatl\u0131, 3 ki\u015filik heyetle toplant\u0131lara kat\u0131lacak.<\/span><\/span><\/span><\/span><\/span><\/p>\n<p><span style=\"font-size:12pt\"><span style=\"background-color:white\"><span style=\"font-family:Calibri,sans-serif\"><span style=\"font-size:13.0pt\"><span style=\"color:black\">Siyasi parti, sendika ve emek \u00f6rg\u00fct\u00fcn\u00fcn kat\u0131laca\u011f\u0131 toplant\u0131larda; emek m\u00fccadelesinden ekolojiye, g\u00f6\u00e7men haklar\u0131ndan toplumsal cinsiyet e\u015fitli\u011fine dair m\u00fccadelelere ait \u00e7e\u015fitli konular, \u201cBar\u0131\u015f, Sosyal ve \u0130klim Adaleti \u0130\u00e7in\u201d ba\u015fl\u0131\u011f\u0131yla ele al\u0131nacak.<\/span><\/span><\/span><\/span><\/span><\/p>\n<p><span style=\"font-size:12pt\"><span style=\"background-color:white\"><span style=\"font-family:Calibri,sans-serif\"><span style=\"font-size:13.0pt\"><span style=\"color:black\">Formda, \u00fc\u00e7 g\u00fcn i\u00e7inde ayr\u0131 ayr\u0131 feminist, gen\u00e7lik, k\u00fclt\u00fcr, sendikalar ve parlamenterler asambleleri de ger\u00e7ekle\u015ftirilecek.<\/span><\/span><\/span><\/span><\/span><\/p>\n<p><span style=\"font-size:12pt\"><span style=\"background-color:white\"><span style=\"font-family:Calibri,sans-serif\"><span style=\"font-size:13.0pt\"><span style=\"color:black\">YKP heyeti, 9 Kas\u0131m\u2019da adadan ayr\u0131lacak ve 12 Kas\u0131m\u2019da adaya d\u00f6necek.<\/span><\/span><\/span><\/span><\/span><\/p>\n","protected":false},"excerpt":{"rendered":"<p>YKP\u2019den verilen bilgiye g\u00f6re, YKP Genel Sekreteri Murat Kanatl\u0131, 3 ki\u015filik heyetle toplant\u0131lara kat\u0131lacak. Siyasi parti, sendika ve emek \u00f6rg\u00fct\u00fcn\u00fcn kat\u0131laca\u011f\u0131 toplant\u0131larda; emek m\u00fccadelesinden ekolojiye, g\u00f6\u00e7men haklar\u0131ndan toplumsal cinsiyet e\u015fitli\u011fine dair m\u00fccadelelere ait \u00e7e\u015fitli konular, \u201cBar\u0131\u015f, Sosyal ve \u0130klim Adaleti \u0130\u00e7in\u201d ba\u015fl\u0131\u011f\u0131yla ele al\u0131nacak. Formda, \u00fc\u00e7 g\u00fcn i\u00e7inde ayr\u0131 ayr\u0131 feminist, gen\u00e7lik, k\u00fclt\u00fcr, sendikalar ve<\/p>\n","protected":false},"author":1,"featured_media":18049,"comment_status":"open","ping_status":"open","sticky":false,"template":"","format":"standard","meta":{"footnotes":""},"categories":[1],"tags":[],"class_list":["post-18048","post","type-post","status-publish","format-standard","has-post-thumbnail","hentry","category-gundem"],"yoast_head":"<!-- This site is optimized with the Yoast SEO plugin v27.5 - https:\/\/yoast.com\/product\/yoast-seo-wordpress\/ -->\n<title>YKP, Avrupal\u0131lar Forumu\u2019na kat\u0131lacak -<\/title>\n<meta name=\"robots\" content=\"index, follow, max-snippet:-1, max-image-preview:large, max-video-preview:-1\" \/>\n<link rel=\"canonical\" href=\"https:\/\/kibrisdakik.com\/?p=18048\" \/>\n<meta property=\"og:locale\" content=\"tr_TR\" \/>\n<meta property=\"og:type\" content=\"article\" \/>\n<meta property=\"og:title\" content=\"YKP, Avrupal\u0131lar Forumu\u2019na kat\u0131lacak -\" \/>\n<meta property=\"og:description\" content=\"YKP\u2019den verilen bilgiye g\u00f6re, YKP Genel Sekreteri Murat Kanatl\u0131, 3 ki\u015filik heyetle toplant\u0131lara kat\u0131lacak. Siyasi parti, sendika ve emek \u00f6rg\u00fct\u00fcn\u00fcn kat\u0131laca\u011f\u0131 toplant\u0131larda; emek m\u00fccadelesinden ekolojiye, g\u00f6\u00e7men haklar\u0131ndan toplumsal cinsiyet e\u015fitli\u011fine dair m\u00fccadelelere ait \u00e7e\u015fitli konular, \u201cBar\u0131\u015f, Sosyal ve \u0130klim Adaleti \u0130\u00e7in\u201d ba\u015fl\u0131\u011f\u0131yla ele al\u0131nacak. Formda, \u00fc\u00e7 g\u00fcn i\u00e7inde ayr\u0131 ayr\u0131 feminist, gen\u00e7lik, k\u00fclt\u00fcr, sendikalar ve\" \/>\n<meta property=\"og:url\" content=\"https:\/\/kibrisdakik.com\/?p=18048\" \/>\n<meta property=\"article:published_time\" content=\"2023-11-10T01:03:49+00:00\" \/>\n<meta property=\"og:image\" content=\"https:\/\/kibrisdakik.com\/wp-content\/uploads\/2023\/11\/ykp-avrupalilar-forumuna-katilacak-1699516004.webp.webp\" \/>\n\t<meta property=\"og:image:width\" content=\"710\" \/>\n\t<meta property=\"og:image:height\" content=\"370\" \/>\n\t<meta property=\"og:image:type\" content=\"image\/webp\" \/>\n<meta name=\"author\" content=\"admin\" \/>\n<meta name=\"twitter:card\" content=\"summary_large_image\" \/>\n<meta name=\"twitter:label1\" content=\"Yazan:\" \/>\n\t<meta name=\"twitter:data1\" content=\"admin\" \/>\n<script type=\"application\/ld+json\" class=\"yoast-schema-graph\">{\"@context\":\"https:\\\/\\\/schema.org\",\"@graph\":[{\"@type\":\"Article\",\"@id\":\"https:\\\/\\\/kibrisdakik.com\\\/?p=18048#article\",\"isPartOf\":{\"@id\":\"https:\\\/\\\/kibrisdakik.com\\\/?p=18048\"},\"author\":{\"name\":\"admin\",\"@id\":\"https:\\\/\\\/kibrisdakik.com\\\/#\\\/schema\\\/person\\\/9cd9d437bbb44f72b73ba127e06d8e79\"},\"headline\":\"YKP, Avrupal\u0131lar Forumu\u2019na kat\u0131lacak\",\"datePublished\":\"2023-11-10T01:03:49+00:00\",\"mainEntityOfPage\":{\"@id\":\"https:\\\/\\\/kibrisdakik.com\\\/?p=18048\"},\"wordCount\":106,\"commentCount\":0,\"image\":{\"@id\":\"https:\\\/\\\/kibrisdakik.com\\\/?p=18048#primaryimage\"},\"thumbnailUrl\":\"https:\\\/\\\/kibrisdakik.com\\\/wp-content\\\/uploads\\\/2023\\\/11\\\/ykp-avrupalilar-forumuna-katilacak-1699516004.webp.webp\",\"articleSection\":[\"G\u00fcndem\"],\"inLanguage\":\"tr\",\"potentialAction\":[{\"@type\":\"CommentAction\",\"name\":\"Comment\",\"target\":[\"https:\\\/\\\/kibrisdakik.com\\\/?p=18048#respond\"]}]},{\"@type\":\"WebPage\",\"@id\":\"https:\\\/\\\/kibrisdakik.com\\\/?p=18048\",\"url\":\"https:\\\/\\\/kibrisdakik.com\\\/?p=18048\",\"name\":\"YKP, Avrupal\u0131lar Forumu\u2019na kat\u0131lacak -\",\"isPartOf\":{\"@id\":\"https:\\\/\\\/kibrisdakik.com\\\/#website\"},\"primaryImageOfPage\":{\"@id\":\"https:\\\/\\\/kibrisdakik.com\\\/?p=18048#primaryimage\"},\"image\":{\"@id\":\"https:\\\/\\\/kibrisdakik.com\\\/?p=18048#primaryimage\"},\"thumbnailUrl\":\"https:\\\/\\\/kibrisdakik.com\\\/wp-content\\\/uploads\\\/2023\\\/11\\\/ykp-avrupalilar-forumuna-katilacak-1699516004.webp.webp\",\"datePublished\":\"2023-11-10T01:03:49+00:00\",\"author\":{\"@id\":\"https:\\\/\\\/kibrisdakik.com\\\/#\\\/schema\\\/person\\\/9cd9d437bbb44f72b73ba127e06d8e79\"},\"breadcrumb\":{\"@id\":\"https:\\\/\\\/kibrisdakik.com\\\/?p=18048#breadcrumb\"},\"inLanguage\":\"tr\",\"potentialAction\":[{\"@type\":\"ReadAction\",\"target\":[\"https:\\\/\\\/kibrisdakik.com\\\/?p=18048\"]}]},{\"@type\":\"ImageObject\",\"inLanguage\":\"tr\",\"@id\":\"https:\\\/\\\/kibrisdakik.com\\\/?p=18048#primaryimage\",\"url\":\"https:\\\/\\\/kibrisdakik.com\\\/wp-content\\\/uploads\\\/2023\\\/11\\\/ykp-avrupalilar-forumuna-katilacak-1699516004.webp.webp\",\"contentUrl\":\"https:\\\/\\\/kibrisdakik.com\\\/wp-content\\\/uploads\\\/2023\\\/11\\\/ykp-avrupalilar-forumuna-katilacak-1699516004.webp.webp\",\"width\":710,\"height\":370},{\"@type\":\"BreadcrumbList\",\"@id\":\"https:\\\/\\\/kibrisdakik.com\\\/?p=18048#breadcrumb\",\"itemListElement\":[{\"@type\":\"ListItem\",\"position\":1,\"name\":\"Home\",\"item\":\"https:\\\/\\\/kibrisdakik.com\\\/\"},{\"@type\":\"ListItem\",\"position\":2,\"name\":\"YKP, Avrupal\u0131lar Forumu\u2019na kat\u0131lacak\"}]},{\"@type\":\"WebSite\",\"@id\":\"https:\\\/\\\/kibrisdakik.com\\\/#website\",\"url\":\"https:\\\/\\\/kibrisdakik.com\\\/\",\"name\":\"\",\"description\":\"Tam vaktinde haber\",\"potentialAction\":[{\"@type\":\"SearchAction\",\"target\":{\"@type\":\"EntryPoint\",\"urlTemplate\":\"https:\\\/\\\/kibrisdakik.com\\\/?s={search_term_string}\"},\"query-input\":{\"@type\":\"PropertyValueSpecification\",\"valueRequired\":true,\"valueName\":\"search_term_string\"}}],\"inLanguage\":\"tr\"},{\"@type\":\"Person\",\"@id\":\"https:\\\/\\\/kibrisdakik.com\\\/#\\\/schema\\\/person\\\/9cd9d437bbb44f72b73ba127e06d8e79\",\"name\":\"admin\",\"image\":{\"@type\":\"ImageObject\",\"inLanguage\":\"tr\",\"@id\":\"https:\\\/\\\/secure.gravatar.com\\\/avatar\\\/ccc17943b9d660506c869530f897617f7cb1c21a4bf30023f252596d83e1f007?s=96&d=mm&r=g\",\"url\":\"https:\\\/\\\/secure.gravatar.com\\\/avatar\\\/ccc17943b9d660506c869530f897617f7cb1c21a4bf30023f252596d83e1f007?s=96&d=mm&r=g\",\"contentUrl\":\"https:\\\/\\\/secure.gravatar.com\\\/avatar\\\/ccc17943b9d660506c869530f897617f7cb1c21a4bf30023f252596d83e1f007?s=96&d=mm&r=g\",\"caption\":\"admin\"},\"sameAs\":[\"https:\\\/\\\/kibrisdakik.com\"],\"url\":\"https:\\\/\\\/kibrisdakik.com\\\/?author=1\"}]}<\/script>\n<!-- \/ Yoast SEO plugin. -->","yoast_head_json":{"title":"YKP, Avrupal\u0131lar Forumu\u2019na kat\u0131lacak -","robots":{"index":"index","follow":"follow","max-snippet":"max-snippet:-1","max-image-preview":"max-image-preview:large","max-video-preview":"max-video-preview:-1"},"canonical":"https:\/\/kibrisdakik.com\/?p=18048","og_locale":"tr_TR","og_type":"article","og_title":"YKP, Avrupal\u0131lar Forumu\u2019na kat\u0131lacak -","og_description":"YKP\u2019den verilen bilgiye g\u00f6re, YKP Genel Sekreteri Murat Kanatl\u0131, 3 ki\u015filik heyetle toplant\u0131lara kat\u0131lacak. Siyasi parti, sendika ve emek \u00f6rg\u00fct\u00fcn\u00fcn kat\u0131laca\u011f\u0131 toplant\u0131larda; emek m\u00fccadelesinden ekolojiye, g\u00f6\u00e7men haklar\u0131ndan toplumsal cinsiyet e\u015fitli\u011fine dair m\u00fccadelelere ait \u00e7e\u015fitli konular, \u201cBar\u0131\u015f, Sosyal ve \u0130klim Adaleti \u0130\u00e7in\u201d ba\u015fl\u0131\u011f\u0131yla ele al\u0131nacak. Formda, \u00fc\u00e7 g\u00fcn i\u00e7inde ayr\u0131 ayr\u0131 feminist, gen\u00e7lik, k\u00fclt\u00fcr, sendikalar ve","og_url":"https:\/\/kibrisdakik.com\/?p=18048","article_published_time":"2023-11-10T01:03:49+00:00","og_image":[{"width":710,"height":370,"url":"https:\/\/kibrisdakik.com\/wp-content\/uploads\/2023\/11\/ykp-avrupalilar-forumuna-katilacak-1699516004.webp.webp","type":"image\/webp"}],"author":"admin","twitter_card":"summary_large_image","twitter_misc":{"Yazan:":"admin"},"schema":{"@context":"https:\/\/schema.org","@graph":[{"@type":"Article","@id":"https:\/\/kibrisdakik.com\/?p=18048#article","isPartOf":{"@id":"https:\/\/kibrisdakik.com\/?p=18048"},"author":{"name":"admin","@id":"https:\/\/kibrisdakik.com\/#\/schema\/person\/9cd9d437bbb44f72b73ba127e06d8e79"},"headline":"YKP, Avrupal\u0131lar Forumu\u2019na kat\u0131lacak","datePublished":"2023-11-10T01:03:49+00:00","mainEntityOfPage":{"@id":"https:\/\/kibrisdakik.com\/?p=18048"},"wordCount":106,"commentCount":0,"image":{"@id":"https:\/\/kibrisdakik.com\/?p=18048#primaryimage"},"thumbnailUrl":"https:\/\/kibrisdakik.com\/wp-content\/uploads\/2023\/11\/ykp-avrupalilar-forumuna-katilacak-1699516004.webp.webp","articleSection":["G\u00fcndem"],"inLanguage":"tr","potentialAction":[{"@type":"CommentAction","name":"Comment","target":["https:\/\/kibrisdakik.com\/?p=18048#respond"]}]},{"@type":"WebPage","@id":"https:\/\/kibrisdakik.com\/?p=18048","url":"https:\/\/kibrisdakik.com\/?p=18048","name":"YKP, Avrupal\u0131lar Forumu\u2019na kat\u0131lacak -","isPartOf":{"@id":"https:\/\/kibrisdakik.com\/#website"},"primaryImageOfPage":{"@id":"https:\/\/kibrisdakik.com\/?p=18048#primaryimage"},"image":{"@id":"https:\/\/kibrisdakik.com\/?p=18048#primaryimage"},"thumbnailUrl":"https:\/\/kibrisdakik.com\/wp-content\/uploads\/2023\/11\/ykp-avrupalilar-forumuna-katilacak-1699516004.webp.webp","datePublished":"2023-11-10T01:03:49+00:00","author":{"@id":"https:\/\/kibrisdakik.com\/#\/schema\/person\/9cd9d437bbb44f72b73ba127e06d8e79"},"breadcrumb":{"@id":"https:\/\/kibrisdakik.com\/?p=18048#breadcrumb"},"inLanguage":"tr","potentialAction":[{"@type":"ReadAction","target":["https:\/\/kibrisdakik.com\/?p=18048"]}]},{"@type":"ImageObject","inLanguage":"tr","@id":"https:\/\/kibrisdakik.com\/?p=18048#primaryimage","url":"https:\/\/kibrisdakik.com\/wp-content\/uploads\/2023\/11\/ykp-avrupalilar-forumuna-katilacak-1699516004.webp.webp","contentUrl":"https:\/\/kibrisdakik.com\/wp-content\/uploads\/2023\/11\/ykp-avrupalilar-forumuna-katilacak-1699516004.webp.webp","width":710,"height":370},{"@type":"BreadcrumbList","@id":"https:\/\/kibrisdakik.com\/?p=18048#breadcrumb","itemListElement":[{"@type":"ListItem","position":1,"name":"Home","item":"https:\/\/kibrisdakik.com\/"},{"@type":"ListItem","position":2,"name":"YKP, Avrupal\u0131lar Forumu\u2019na kat\u0131lacak"}]},{"@type":"WebSite","@id":"https:\/\/kibrisdakik.com\/#website","url":"https:\/\/kibrisdakik.com\/","name":"","description":"Tam vaktinde haber","potentialAction":[{"@type":"SearchAction","target":{"@type":"EntryPoint","urlTemplate":"https:\/\/kibrisdakik.com\/?s={search_term_string}"},"query-input":{"@type":"PropertyValueSpecification","valueRequired":true,"valueName":"search_term_string"}}],"inLanguage":"tr"},{"@type":"Person","@id":"https:\/\/kibrisdakik.com\/#\/schema\/person\/9cd9d437bbb44f72b73ba127e06d8e79","name":"admin","image":{"@type":"ImageObject","inLanguage":"tr","@id":"https:\/\/secure.gravatar.com\/avatar\/ccc17943b9d660506c869530f897617f7cb1c21a4bf30023f252596d83e1f007?s=96&d=mm&r=g","url":"https:\/\/secure.gravatar.com\/avatar\/ccc17943b9d660506c869530f897617f7cb1c21a4bf30023f252596d83e1f007?s=96&d=mm&r=g","contentUrl":"https:\/\/secure.gravatar.com\/avatar\/ccc17943b9d660506c869530f897617f7cb1c21a4bf30023f252596d83e1f007?s=96&d=mm&r=g","caption":"admin"},"sameAs":["https:\/\/kibrisdakik.com"],"url":"https:\/\/kibrisdakik.com\/?author=1"}]}},"_links":{"self":[{"href":"https:\/\/kibrisdakik.com\/index.php?rest_route=\/wp\/v2\/posts\/18048","targetHints":{"allow":["GET"]}}],"collection":[{"href":"https:\/\/kibrisdakik.com\/index.php?rest_route=\/wp\/v2\/posts"}],"about":[{"href":"https:\/\/kibrisdakik.com\/index.php?rest_route=\/wp\/v2\/types\/post"}],"author":[{"embeddable":true,"href":"https:\/\/kibrisdakik.com\/index.php?rest_route=\/wp\/v2\/users\/1"}],"replies":[{"embeddable":true,"href":"https:\/\/kibrisdakik.com\/index.php?rest_route=%2Fwp%2Fv2%2Fcomments&post=18048"}],"version-history":[{"count":0,"href":"https:\/\/kibrisdakik.com\/index.php?rest_route=\/wp\/v2\/posts\/18048\/revisions"}],"wp:featuredmedia":[{"embeddable":true,"href":"https:\/\/kibrisdakik.com\/index.php?rest_route=\/wp\/v2\/media\/18049"}],"wp:attachment":[{"href":"https:\/\/kibrisdakik.com\/index.php?rest_route=%2Fwp%2Fv2%2Fmedia&parent=18048"}],"wp:term":[{"taxonomy":"category","embeddable":true,"href":"https:\/\/kibrisdakik.com\/index.php?rest_route=%2Fwp%2Fv2%2Fcategories&post=18048"},{"taxonomy":"post_tag","embeddable":true,"href":"https:\/\/kibrisdakik.com\/index.php?rest_route=%2Fwp%2Fv2%2Ftags&post=18048"}],"curies":[{"name":"wp","href":"https:\/\/api.w.org\/{rel}","templated":true}]}}