{"id":18110,"date":"2023-11-10T08:40:22","date_gmt":"2023-11-10T08:40:22","guid":{"rendered":"https:\/\/kibrisdakik.com\/index.php\/2023\/11\/10\/osym-hafta-sonu-iki-sinav-duzenleyecek\/"},"modified":"2023-11-10T08:40:22","modified_gmt":"2023-11-10T08:40:22","slug":"osym-hafta-sonu-iki-sinav-duzenleyecek","status":"publish","type":"post","link":"https:\/\/kibrisdakik.com\/?p=18110","title":{"rendered":"\u00d6SYM hafta sonu iki s\u0131nav d\u00fczenleyecek"},"content":{"rendered":"<p><img decoding=\"async\" src=\"https:\/\/www.kibristurk.com\/images\/haberler\/2023\/11\/osym-hafta-sonu-iki-sinav-duzenleyecek-1699605079.webp\" \/><\/p>\n<p>\u00d6l\u00e7me, Se\u00e7me ve Yerle\u015ftirme Merkezi\u2019nce (\u00d6SYM) yap\u0131lan a\u00e7\u0131klamaya g\u00f6re e-YDS 4 ilde, TR-Y\u00d6S\/2 17 il ile yurt d\u0131\u015f\u0131nda KKTC\/Lefko\u015fa dahil 14 \u00fclkede toplam 35 s\u0131nav merkezinde uygulanacak.<\/p>\n<p>e-YDS&#8217;ye 5 bin 82, TR-Y\u00d6S\/2&#8217;ye 8 bin 927 aday kat\u0131lacak.<\/p>\n<p>TR-Y\u00d6S T\u00fcrk\u00e7e, Almanca, \u0130ngilizce, Frans\u0131zca, Rus\u00e7a, Arap\u00e7a dillerinde, e-YDS ise \u0130ngilizce yap\u0131lacak. TR-Y\u00d6S i\u00e7in 43 binadaki 412 salon kullan\u0131lacak.<\/p>\n<p>e-YDS 47 elektronik s\u0131nav salonunda ger\u00e7ekle\u015ftirilecek.<\/p>\n<p><strong>&#8220;STANDARTLA\u015eMAYI KALICI HALE GET\u0130RMEY\u0130 HEDEFL\u0130YORUZ&#8221;<\/strong><\/p>\n<p>A\u00e7\u0131klamada g\u00f6r\u00fc\u015flerine yer verilen \u00d6SYM Ba\u015fkan\u0131 Prof. Dr. Bayram Ali Ersoy, &#8220;13 y\u0131l aradan sonra ocak ay\u0131nda TR-Y\u00d6S&#8217;\u00fcn ilkini ger\u00e7ekle\u015ftirdik, pazar g\u00fcn\u00fc ikincisini uygulayaca\u011f\u0131z. T\u00fcrkiye&#8217;deki y\u00fcksek\u00f6\u011fretim kurumlar\u0131nda \u00f6\u011frenim g\u00f6rmek isteyen yabanc\u0131 \u00f6\u011frencilerin kat\u0131laca\u011f\u0131 bu s\u0131navla yurt d\u0131\u015f\u0131ndan \u00f6\u011frenci kabul\u00fcnde standartla\u015fmay\u0131 kal\u0131c\u0131 hale getirmeyi hedefliyoruz. Ayr\u0131ca bu y\u0131l\u0131n 11. elektronik yabanc\u0131 dil s\u0131nav\u0131n\u0131 da hafta sonu yapaca\u011f\u0131z. S\u0131navlara kat\u0131lacak adaylara \u015fimdiden ba\u015far\u0131lar diliyorum.&#8221; ifadelerini kulland\u0131.<\/p>\n<p>T.C. kimlik kart\u0131n\u0131 kaybeden, n\u00fcfus c\u00fczdan\u0131 olmayan veya n\u00fcfus c\u00fczdan\u0131nda T.C. kimlik numaras\u0131 ve foto\u011fraf bulunmayan adaylar i\u00e7in il ve il\u00e7e n\u00fcfus m\u00fcd\u00fcrl\u00fckleri s\u0131nav g\u00fcnleri a\u00e7\u0131k bulundurulacak.<\/p>\n","protected":false},"excerpt":{"rendered":"<p>\u00d6l\u00e7me, Se\u00e7me ve Yerle\u015ftirme Merkezi\u2019nce (\u00d6SYM) yap\u0131lan a\u00e7\u0131klamaya g\u00f6re e-YDS 4 ilde, TR-Y\u00d6S\/2 17 il ile yurt d\u0131\u015f\u0131nda KKTC\/Lefko\u015fa dahil 14 \u00fclkede toplam 35 s\u0131nav merkezinde uygulanacak. e-YDS&#8217;ye 5 bin 82, TR-Y\u00d6S\/2&#8217;ye 8 bin 927 aday kat\u0131lacak. TR-Y\u00d6S T\u00fcrk\u00e7e, Almanca, \u0130ngilizce, Frans\u0131zca, Rus\u00e7a, Arap\u00e7a dillerinde, e-YDS ise \u0130ngilizce yap\u0131lacak. TR-Y\u00d6S i\u00e7in 43 binadaki 412 salon<\/p>\n","protected":false},"author":1,"featured_media":18111,"comment_status":"open","ping_status":"open","sticky":false,"template":"","format":"standard","meta":{"footnotes":""},"categories":[86],"tags":[],"class_list":["post-18110","post","type-post","status-publish","format-standard","has-post-thumbnail","hentry","category-turkiye"],"yoast_head":"<!-- This site is optimized with the Yoast SEO plugin v27.4 - https:\/\/yoast.com\/product\/yoast-seo-wordpress\/ -->\n<title>\u00d6SYM hafta sonu iki s\u0131nav d\u00fczenleyecek -<\/title>\n<meta name=\"robots\" content=\"index, follow, max-snippet:-1, max-image-preview:large, max-video-preview:-1\" \/>\n<link rel=\"canonical\" href=\"https:\/\/kibrisdakik.com\/?p=18110\" \/>\n<meta property=\"og:locale\" content=\"tr_TR\" \/>\n<meta property=\"og:type\" content=\"article\" \/>\n<meta property=\"og:title\" content=\"\u00d6SYM hafta sonu iki s\u0131nav d\u00fczenleyecek -\" \/>\n<meta property=\"og:description\" content=\"\u00d6l\u00e7me, Se\u00e7me ve Yerle\u015ftirme Merkezi\u2019nce (\u00d6SYM) yap\u0131lan a\u00e7\u0131klamaya g\u00f6re e-YDS 4 ilde, TR-Y\u00d6S\/2 17 il ile yurt d\u0131\u015f\u0131nda KKTC\/Lefko\u015fa dahil 14 \u00fclkede toplam 35 s\u0131nav merkezinde uygulanacak. e-YDS&#8217;ye 5 bin 82, TR-Y\u00d6S\/2&#8217;ye 8 bin 927 aday kat\u0131lacak. TR-Y\u00d6S T\u00fcrk\u00e7e, Almanca, \u0130ngilizce, Frans\u0131zca, Rus\u00e7a, Arap\u00e7a dillerinde, e-YDS ise \u0130ngilizce yap\u0131lacak. TR-Y\u00d6S i\u00e7in 43 binadaki 412 salon\" \/>\n<meta property=\"og:url\" content=\"https:\/\/kibrisdakik.com\/?p=18110\" \/>\n<meta property=\"article:published_time\" content=\"2023-11-10T08:40:22+00:00\" \/>\n<meta property=\"og:image\" content=\"https:\/\/kibrisdakik.com\/wp-content\/uploads\/2023\/11\/osym-hafta-sonu-iki-sinav-duzenleyecek-1699605079.webp.webp\" \/>\n\t<meta property=\"og:image:width\" content=\"710\" \/>\n\t<meta property=\"og:image:height\" content=\"370\" \/>\n\t<meta property=\"og:image:type\" content=\"image\/webp\" \/>\n<meta name=\"author\" content=\"admin\" \/>\n<meta name=\"twitter:card\" content=\"summary_large_image\" \/>\n<meta name=\"twitter:label1\" content=\"Yazan:\" \/>\n\t<meta name=\"twitter:data1\" content=\"admin\" \/>\n\t<meta name=\"twitter:label2\" content=\"Tahmini okuma s\u00fcresi\" \/>\n\t<meta name=\"twitter:data2\" content=\"1 dakika\" \/>\n<script type=\"application\/ld+json\" class=\"yoast-schema-graph\">{\"@context\":\"https:\\\/\\\/schema.org\",\"@graph\":[{\"@type\":\"Article\",\"@id\":\"https:\\\/\\\/kibrisdakik.com\\\/?p=18110#article\",\"isPartOf\":{\"@id\":\"https:\\\/\\\/kibrisdakik.com\\\/?p=18110\"},\"author\":{\"name\":\"admin\",\"@id\":\"https:\\\/\\\/kibrisdakik.com\\\/#\\\/schema\\\/person\\\/9cd9d437bbb44f72b73ba127e06d8e79\"},\"headline\":\"\u00d6SYM hafta sonu iki s\u0131nav d\u00fczenleyecek\",\"datePublished\":\"2023-11-10T08:40:22+00:00\",\"mainEntityOfPage\":{\"@id\":\"https:\\\/\\\/kibrisdakik.com\\\/?p=18110\"},\"wordCount\":235,\"commentCount\":0,\"image\":{\"@id\":\"https:\\\/\\\/kibrisdakik.com\\\/?p=18110#primaryimage\"},\"thumbnailUrl\":\"https:\\\/\\\/kibrisdakik.com\\\/wp-content\\\/uploads\\\/2023\\\/11\\\/osym-hafta-sonu-iki-sinav-duzenleyecek-1699605079.webp.webp\",\"articleSection\":[\"T\u00fcrkiye\"],\"inLanguage\":\"tr\",\"potentialAction\":[{\"@type\":\"CommentAction\",\"name\":\"Comment\",\"target\":[\"https:\\\/\\\/kibrisdakik.com\\\/?p=18110#respond\"]}]},{\"@type\":\"WebPage\",\"@id\":\"https:\\\/\\\/kibrisdakik.com\\\/?p=18110\",\"url\":\"https:\\\/\\\/kibrisdakik.com\\\/?p=18110\",\"name\":\"\u00d6SYM hafta sonu iki s\u0131nav d\u00fczenleyecek -\",\"isPartOf\":{\"@id\":\"https:\\\/\\\/kibrisdakik.com\\\/#website\"},\"primaryImageOfPage\":{\"@id\":\"https:\\\/\\\/kibrisdakik.com\\\/?p=18110#primaryimage\"},\"image\":{\"@id\":\"https:\\\/\\\/kibrisdakik.com\\\/?p=18110#primaryimage\"},\"thumbnailUrl\":\"https:\\\/\\\/kibrisdakik.com\\\/wp-content\\\/uploads\\\/2023\\\/11\\\/osym-hafta-sonu-iki-sinav-duzenleyecek-1699605079.webp.webp\",\"datePublished\":\"2023-11-10T08:40:22+00:00\",\"author\":{\"@id\":\"https:\\\/\\\/kibrisdakik.com\\\/#\\\/schema\\\/person\\\/9cd9d437bbb44f72b73ba127e06d8e79\"},\"breadcrumb\":{\"@id\":\"https:\\\/\\\/kibrisdakik.com\\\/?p=18110#breadcrumb\"},\"inLanguage\":\"tr\",\"potentialAction\":[{\"@type\":\"ReadAction\",\"target\":[\"https:\\\/\\\/kibrisdakik.com\\\/?p=18110\"]}]},{\"@type\":\"ImageObject\",\"inLanguage\":\"tr\",\"@id\":\"https:\\\/\\\/kibrisdakik.com\\\/?p=18110#primaryimage\",\"url\":\"https:\\\/\\\/kibrisdakik.com\\\/wp-content\\\/uploads\\\/2023\\\/11\\\/osym-hafta-sonu-iki-sinav-duzenleyecek-1699605079.webp.webp\",\"contentUrl\":\"https:\\\/\\\/kibrisdakik.com\\\/wp-content\\\/uploads\\\/2023\\\/11\\\/osym-hafta-sonu-iki-sinav-duzenleyecek-1699605079.webp.webp\",\"width\":710,\"height\":370},{\"@type\":\"BreadcrumbList\",\"@id\":\"https:\\\/\\\/kibrisdakik.com\\\/?p=18110#breadcrumb\",\"itemListElement\":[{\"@type\":\"ListItem\",\"position\":1,\"name\":\"Home\",\"item\":\"https:\\\/\\\/kibrisdakik.com\\\/\"},{\"@type\":\"ListItem\",\"position\":2,\"name\":\"\u00d6SYM hafta sonu iki s\u0131nav d\u00fczenleyecek\"}]},{\"@type\":\"WebSite\",\"@id\":\"https:\\\/\\\/kibrisdakik.com\\\/#website\",\"url\":\"https:\\\/\\\/kibrisdakik.com\\\/\",\"name\":\"\",\"description\":\"Tam vaktinde haber\",\"potentialAction\":[{\"@type\":\"SearchAction\",\"target\":{\"@type\":\"EntryPoint\",\"urlTemplate\":\"https:\\\/\\\/kibrisdakik.com\\\/?s={search_term_string}\"},\"query-input\":{\"@type\":\"PropertyValueSpecification\",\"valueRequired\":true,\"valueName\":\"search_term_string\"}}],\"inLanguage\":\"tr\"},{\"@type\":\"Person\",\"@id\":\"https:\\\/\\\/kibrisdakik.com\\\/#\\\/schema\\\/person\\\/9cd9d437bbb44f72b73ba127e06d8e79\",\"name\":\"admin\",\"image\":{\"@type\":\"ImageObject\",\"inLanguage\":\"tr\",\"@id\":\"https:\\\/\\\/secure.gravatar.com\\\/avatar\\\/ccc17943b9d660506c869530f897617f7cb1c21a4bf30023f252596d83e1f007?s=96&d=mm&r=g\",\"url\":\"https:\\\/\\\/secure.gravatar.com\\\/avatar\\\/ccc17943b9d660506c869530f897617f7cb1c21a4bf30023f252596d83e1f007?s=96&d=mm&r=g\",\"contentUrl\":\"https:\\\/\\\/secure.gravatar.com\\\/avatar\\\/ccc17943b9d660506c869530f897617f7cb1c21a4bf30023f252596d83e1f007?s=96&d=mm&r=g\",\"caption\":\"admin\"},\"sameAs\":[\"https:\\\/\\\/kibrisdakik.com\"],\"url\":\"https:\\\/\\\/kibrisdakik.com\\\/?author=1\"}]}<\/script>\n<!-- \/ Yoast SEO plugin. -->","yoast_head_json":{"title":"\u00d6SYM hafta sonu iki s\u0131nav d\u00fczenleyecek -","robots":{"index":"index","follow":"follow","max-snippet":"max-snippet:-1","max-image-preview":"max-image-preview:large","max-video-preview":"max-video-preview:-1"},"canonical":"https:\/\/kibrisdakik.com\/?p=18110","og_locale":"tr_TR","og_type":"article","og_title":"\u00d6SYM hafta sonu iki s\u0131nav d\u00fczenleyecek -","og_description":"\u00d6l\u00e7me, Se\u00e7me ve Yerle\u015ftirme Merkezi\u2019nce (\u00d6SYM) yap\u0131lan a\u00e7\u0131klamaya g\u00f6re e-YDS 4 ilde, TR-Y\u00d6S\/2 17 il ile yurt d\u0131\u015f\u0131nda KKTC\/Lefko\u015fa dahil 14 \u00fclkede toplam 35 s\u0131nav merkezinde uygulanacak. e-YDS&#8217;ye 5 bin 82, TR-Y\u00d6S\/2&#8217;ye 8 bin 927 aday kat\u0131lacak. TR-Y\u00d6S T\u00fcrk\u00e7e, Almanca, \u0130ngilizce, Frans\u0131zca, Rus\u00e7a, Arap\u00e7a dillerinde, e-YDS ise \u0130ngilizce yap\u0131lacak. TR-Y\u00d6S i\u00e7in 43 binadaki 412 salon","og_url":"https:\/\/kibrisdakik.com\/?p=18110","article_published_time":"2023-11-10T08:40:22+00:00","og_image":[{"width":710,"height":370,"url":"https:\/\/kibrisdakik.com\/wp-content\/uploads\/2023\/11\/osym-hafta-sonu-iki-sinav-duzenleyecek-1699605079.webp.webp","type":"image\/webp"}],"author":"admin","twitter_card":"summary_large_image","twitter_misc":{"Yazan:":"admin","Tahmini okuma s\u00fcresi":"1 dakika"},"schema":{"@context":"https:\/\/schema.org","@graph":[{"@type":"Article","@id":"https:\/\/kibrisdakik.com\/?p=18110#article","isPartOf":{"@id":"https:\/\/kibrisdakik.com\/?p=18110"},"author":{"name":"admin","@id":"https:\/\/kibrisdakik.com\/#\/schema\/person\/9cd9d437bbb44f72b73ba127e06d8e79"},"headline":"\u00d6SYM hafta sonu iki s\u0131nav d\u00fczenleyecek","datePublished":"2023-11-10T08:40:22+00:00","mainEntityOfPage":{"@id":"https:\/\/kibrisdakik.com\/?p=18110"},"wordCount":235,"commentCount":0,"image":{"@id":"https:\/\/kibrisdakik.com\/?p=18110#primaryimage"},"thumbnailUrl":"https:\/\/kibrisdakik.com\/wp-content\/uploads\/2023\/11\/osym-hafta-sonu-iki-sinav-duzenleyecek-1699605079.webp.webp","articleSection":["T\u00fcrkiye"],"inLanguage":"tr","potentialAction":[{"@type":"CommentAction","name":"Comment","target":["https:\/\/kibrisdakik.com\/?p=18110#respond"]}]},{"@type":"WebPage","@id":"https:\/\/kibrisdakik.com\/?p=18110","url":"https:\/\/kibrisdakik.com\/?p=18110","name":"\u00d6SYM hafta sonu iki s\u0131nav d\u00fczenleyecek -","isPartOf":{"@id":"https:\/\/kibrisdakik.com\/#website"},"primaryImageOfPage":{"@id":"https:\/\/kibrisdakik.com\/?p=18110#primaryimage"},"image":{"@id":"https:\/\/kibrisdakik.com\/?p=18110#primaryimage"},"thumbnailUrl":"https:\/\/kibrisdakik.com\/wp-content\/uploads\/2023\/11\/osym-hafta-sonu-iki-sinav-duzenleyecek-1699605079.webp.webp","datePublished":"2023-11-10T08:40:22+00:00","author":{"@id":"https:\/\/kibrisdakik.com\/#\/schema\/person\/9cd9d437bbb44f72b73ba127e06d8e79"},"breadcrumb":{"@id":"https:\/\/kibrisdakik.com\/?p=18110#breadcrumb"},"inLanguage":"tr","potentialAction":[{"@type":"ReadAction","target":["https:\/\/kibrisdakik.com\/?p=18110"]}]},{"@type":"ImageObject","inLanguage":"tr","@id":"https:\/\/kibrisdakik.com\/?p=18110#primaryimage","url":"https:\/\/kibrisdakik.com\/wp-content\/uploads\/2023\/11\/osym-hafta-sonu-iki-sinav-duzenleyecek-1699605079.webp.webp","contentUrl":"https:\/\/kibrisdakik.com\/wp-content\/uploads\/2023\/11\/osym-hafta-sonu-iki-sinav-duzenleyecek-1699605079.webp.webp","width":710,"height":370},{"@type":"BreadcrumbList","@id":"https:\/\/kibrisdakik.com\/?p=18110#breadcrumb","itemListElement":[{"@type":"ListItem","position":1,"name":"Home","item":"https:\/\/kibrisdakik.com\/"},{"@type":"ListItem","position":2,"name":"\u00d6SYM hafta sonu iki s\u0131nav d\u00fczenleyecek"}]},{"@type":"WebSite","@id":"https:\/\/kibrisdakik.com\/#website","url":"https:\/\/kibrisdakik.com\/","name":"","description":"Tam vaktinde haber","potentialAction":[{"@type":"SearchAction","target":{"@type":"EntryPoint","urlTemplate":"https:\/\/kibrisdakik.com\/?s={search_term_string}"},"query-input":{"@type":"PropertyValueSpecification","valueRequired":true,"valueName":"search_term_string"}}],"inLanguage":"tr"},{"@type":"Person","@id":"https:\/\/kibrisdakik.com\/#\/schema\/person\/9cd9d437bbb44f72b73ba127e06d8e79","name":"admin","image":{"@type":"ImageObject","inLanguage":"tr","@id":"https:\/\/secure.gravatar.com\/avatar\/ccc17943b9d660506c869530f897617f7cb1c21a4bf30023f252596d83e1f007?s=96&d=mm&r=g","url":"https:\/\/secure.gravatar.com\/avatar\/ccc17943b9d660506c869530f897617f7cb1c21a4bf30023f252596d83e1f007?s=96&d=mm&r=g","contentUrl":"https:\/\/secure.gravatar.com\/avatar\/ccc17943b9d660506c869530f897617f7cb1c21a4bf30023f252596d83e1f007?s=96&d=mm&r=g","caption":"admin"},"sameAs":["https:\/\/kibrisdakik.com"],"url":"https:\/\/kibrisdakik.com\/?author=1"}]}},"_links":{"self":[{"href":"https:\/\/kibrisdakik.com\/index.php?rest_route=\/wp\/v2\/posts\/18110","targetHints":{"allow":["GET"]}}],"collection":[{"href":"https:\/\/kibrisdakik.com\/index.php?rest_route=\/wp\/v2\/posts"}],"about":[{"href":"https:\/\/kibrisdakik.com\/index.php?rest_route=\/wp\/v2\/types\/post"}],"author":[{"embeddable":true,"href":"https:\/\/kibrisdakik.com\/index.php?rest_route=\/wp\/v2\/users\/1"}],"replies":[{"embeddable":true,"href":"https:\/\/kibrisdakik.com\/index.php?rest_route=%2Fwp%2Fv2%2Fcomments&post=18110"}],"version-history":[{"count":0,"href":"https:\/\/kibrisdakik.com\/index.php?rest_route=\/wp\/v2\/posts\/18110\/revisions"}],"wp:featuredmedia":[{"embeddable":true,"href":"https:\/\/kibrisdakik.com\/index.php?rest_route=\/wp\/v2\/media\/18111"}],"wp:attachment":[{"href":"https:\/\/kibrisdakik.com\/index.php?rest_route=%2Fwp%2Fv2%2Fmedia&parent=18110"}],"wp:term":[{"taxonomy":"category","embeddable":true,"href":"https:\/\/kibrisdakik.com\/index.php?rest_route=%2Fwp%2Fv2%2Fcategories&post=18110"},{"taxonomy":"post_tag","embeddable":true,"href":"https:\/\/kibrisdakik.com\/index.php?rest_route=%2Fwp%2Fv2%2Ftags&post=18110"}],"curies":[{"name":"wp","href":"https:\/\/api.w.org\/{rel}","templated":true}]}}