{"id":18112,"date":"2023-11-10T08:43:07","date_gmt":"2023-11-10T08:43:07","guid":{"rendered":"https:\/\/kibrisdakik.com\/index.php\/2023\/11\/10\/anitkabirde-devlet-toreni-duzenlendi\/"},"modified":"2023-11-10T08:43:07","modified_gmt":"2023-11-10T08:43:07","slug":"anitkabirde-devlet-toreni-duzenlendi","status":"publish","type":"post","link":"https:\/\/kibrisdakik.com\/?p=18112","title":{"rendered":"An\u0131tkabir&#039;de devlet t\u00f6reni d\u00fczenlendi"},"content":{"rendered":"<p><\/p>\n<p>An\u0131tkabir&#8217;deki t\u00f6ren, saat 08.45&#8217;te devlet erkan\u0131n\u0131n Aslanl\u0131 Yol&#8217;dan y\u00fcr\u00fcy\u00fc\u015f\u00fcyle ba\u015flad\u0131.<\/p>\n<p>Cumhurba\u015fkan\u0131&nbsp;Recep Tayyip Erdo\u011fan&nbsp;ba\u015fkanl\u0131\u011f\u0131ndaki kortejde&nbsp;TBMM&nbsp;Ba\u015fkan\u0131 Numan Kurtulmu\u015f,&nbsp;Cumhurba\u015fkanl\u0131\u011f\u0131&nbsp;Kabinesi \u00fcyeleri,&nbsp;CHP&nbsp;Genel Ba\u015fkan\u0131 \u00d6zg\u00fcr \u00d6zel,&nbsp;MHP&nbsp;Genel Ba\u015fkan\u0131 Devlet Bah\u00e7eli, \u0130Y\u0130 Parti Genel Ba\u015fkan\u0131 Meral Ak\u015fener, y\u00fcksek yarg\u0131 organlar\u0131n\u0131n ba\u015fkanlar\u0131, TSK komuta kademesi, siyasi parti temsilcileri, b\u00fcrokratlar ve di\u011fer devlet erkan\u0131 yer ald\u0131.<\/p>\n<p>Cumhurba\u015fkan\u0131 Erdo\u011fan, k\u0131rm\u0131z\u0131 beyaz karanfillerden olu\u015fan ay y\u0131ld\u0131zl\u0131 \u00e7elengi, Atat\u00fcrk&#8217;\u00fcn mozolesine b\u0131rakt\u0131.<\/p>\n<p>&nbsp;<\/p>\n<p><img decoding=\"async\" alt=\"An\u0131tkabir'de devlet t\u00f6reni d\u00fczenlendi\" src=\"https:\/\/www.trthaber.com\/dosyalar\/images\/aa_picture_20231110_32780687.jpg\" \/><\/p>\n<p>&nbsp;<\/p>\n<p>Atat\u00fcrk&#8217;\u00fcn 85 y\u0131l \u00f6nce vefat etti\u011fi saat olan 09.05&#8217;te sayg\u0131 duru\u015funda bulunuldu ve ard\u0131ndan&nbsp;\u0130stiklal Mar\u015f\u0131&nbsp;okundu.<\/p>\n<p>Sayg\u0131 duru\u015fu s\u0131ras\u0131nda g\u00f6nderdeki T\u00fcrk bayra\u011f\u0131 yar\u0131ya indirildi. Cumhurba\u015fkan\u0131 Erdo\u011fan ve protokolde yer alan devlet erkan\u0131, daha sonra Misak-\u0131 Milli Kulesi&#8217;ne ge\u00e7ti.<\/p>\n<p>&nbsp;<\/p>\n<p><img decoding=\"async\" alt=\"An\u0131tkabir'de devlet t\u00f6reni d\u00fczenlendi\" src=\"https:\/\/www.trthaber.com\/dosyalar\/images\/aa_picture_20231110_32780686.jpg\" \/><\/p>\n<p>&nbsp;<\/p>\n<p>Cumhurba\u015fkan\u0131 Erdo\u011fan,&nbsp;An\u0131tkabir&nbsp;\u00d6zel Defteri&#8217;ne \u015funlar\u0131 yazd\u0131:<\/p>\n<p>&#8220;Aziz Atat\u00fcrk, vefat\u0131n\u0131z\u0131n 85&#8217;inci seneidevriyesinde bir kez daha zat\u0131alinizi, silah arkada\u015flar\u0131n\u0131z\u0131 vatan\u0131m\u0131z i\u00e7in topra\u011fa d\u00fc\u015fen kahraman \u015fehitlerimizi ve ayn\u0131 ideal u\u011frunda kanlar\u0131n\u0131 ak\u0131tan gazilerimizi rahmetle yad ediyoruz. \u0130lk asr\u0131n\u0131 b\u00fcy\u00fck bir gururla geride b\u0131rak\u0131p T\u00fcrkiye Y\u00fczy\u0131l\u0131 vizyonuyla ikinci asr\u0131na ba\u015flad\u0131\u011f\u0131m\u0131z Cumhuriyetimizi ilelebet payidar ve muzaffer k\u0131lmak i\u00e7in 21 y\u0131ld\u0131r oldu\u011fu gibi bug\u00fcn de a\u015fkla \u00e7al\u0131\u015f\u0131yoruz.<\/p>\n<p>Mazlumlar\u0131n umudu, kimsesizlerin kimsesi, vatanda\u015flar\u0131n\u0131n gurur kayna\u011f\u0131 olan T\u00fcrkiye Cumhuriyeti&#8217;ni her alanda y\u00fcceltmeye devam ediyoruz. T\u00fcrkiye&#8217;nin y\u00fckseli\u015fine, T\u00fcrkiye Y\u00fczy\u0131l\u0131&#8217;n\u0131n in\u015fas\u0131na ve milletimizin as\u0131rl\u0131k hedeflerine ula\u015fmas\u0131na hi\u00e7bir g\u00fc\u00e7 engel olamayacakt\u0131r. Ruhun \u015fad olsun.&#8221;<\/p>\n","protected":false},"excerpt":{"rendered":"<p>An\u0131tkabir&#8217;deki t\u00f6ren, saat 08.45&#8217;te devlet erkan\u0131n\u0131n Aslanl\u0131 Yol&#8217;dan y\u00fcr\u00fcy\u00fc\u015f\u00fcyle ba\u015flad\u0131. Cumhurba\u015fkan\u0131&nbsp;Recep Tayyip Erdo\u011fan&nbsp;ba\u015fkanl\u0131\u011f\u0131ndaki kortejde&nbsp;TBMM&nbsp;Ba\u015fkan\u0131 Numan Kurtulmu\u015f,&nbsp;Cumhurba\u015fkanl\u0131\u011f\u0131&nbsp;Kabinesi \u00fcyeleri,&nbsp;CHP&nbsp;Genel Ba\u015fkan\u0131 \u00d6zg\u00fcr \u00d6zel,&nbsp;MHP&nbsp;Genel Ba\u015fkan\u0131 Devlet Bah\u00e7eli, \u0130Y\u0130 Parti Genel Ba\u015fkan\u0131 Meral Ak\u015fener, y\u00fcksek yarg\u0131 organlar\u0131n\u0131n ba\u015fkanlar\u0131, TSK komuta kademesi, siyasi parti temsilcileri, b\u00fcrokratlar ve di\u011fer devlet erkan\u0131 yer ald\u0131. Cumhurba\u015fkan\u0131 Erdo\u011fan, k\u0131rm\u0131z\u0131 beyaz karanfillerden olu\u015fan ay y\u0131ld\u0131zl\u0131 \u00e7elengi,<\/p>\n","protected":false},"author":1,"featured_media":18113,"comment_status":"open","ping_status":"open","sticky":false,"template":"","format":"standard","meta":{"footnotes":""},"categories":[1],"tags":[],"class_list":["post-18112","post","type-post","status-publish","format-standard","has-post-thumbnail","hentry","category-gundem"],"yoast_head":"<!-- This site is optimized with the Yoast SEO plugin v27.5 - https:\/\/yoast.com\/product\/yoast-seo-wordpress\/ -->\n<title>An\u0131tkabir&#039;de devlet t\u00f6reni d\u00fczenlendi -<\/title>\n<meta name=\"robots\" content=\"index, follow, max-snippet:-1, max-image-preview:large, max-video-preview:-1\" \/>\n<link rel=\"canonical\" href=\"https:\/\/kibrisdakik.com\/?p=18112\" \/>\n<meta property=\"og:locale\" content=\"tr_TR\" \/>\n<meta property=\"og:type\" content=\"article\" \/>\n<meta property=\"og:title\" content=\"An\u0131tkabir&#039;de devlet t\u00f6reni d\u00fczenlendi -\" \/>\n<meta property=\"og:description\" content=\"An\u0131tkabir&#8217;deki t\u00f6ren, saat 08.45&#8217;te devlet erkan\u0131n\u0131n Aslanl\u0131 Yol&#8217;dan y\u00fcr\u00fcy\u00fc\u015f\u00fcyle ba\u015flad\u0131. Cumhurba\u015fkan\u0131&nbsp;Recep Tayyip Erdo\u011fan&nbsp;ba\u015fkanl\u0131\u011f\u0131ndaki kortejde&nbsp;TBMM&nbsp;Ba\u015fkan\u0131 Numan Kurtulmu\u015f,&nbsp;Cumhurba\u015fkanl\u0131\u011f\u0131&nbsp;Kabinesi \u00fcyeleri,&nbsp;CHP&nbsp;Genel Ba\u015fkan\u0131 \u00d6zg\u00fcr \u00d6zel,&nbsp;MHP&nbsp;Genel Ba\u015fkan\u0131 Devlet Bah\u00e7eli, \u0130Y\u0130 Parti Genel Ba\u015fkan\u0131 Meral Ak\u015fener, y\u00fcksek yarg\u0131 organlar\u0131n\u0131n ba\u015fkanlar\u0131, TSK komuta kademesi, siyasi parti temsilcileri, b\u00fcrokratlar ve di\u011fer devlet erkan\u0131 yer ald\u0131. Cumhurba\u015fkan\u0131 Erdo\u011fan, k\u0131rm\u0131z\u0131 beyaz karanfillerden olu\u015fan ay y\u0131ld\u0131zl\u0131 \u00e7elengi,\" \/>\n<meta property=\"og:url\" content=\"https:\/\/kibrisdakik.com\/?p=18112\" \/>\n<meta property=\"article:published_time\" content=\"2023-11-10T08:43:07+00:00\" \/>\n<meta property=\"og:image\" content=\"https:\/\/kibrisdakik.com\/wp-content\/uploads\/2023\/11\/aa_picture_20231110_32780687-740x420.jpg\" \/>\n\t<meta property=\"og:image:width\" content=\"753\" \/>\n\t<meta property=\"og:image:height\" content=\"502\" \/>\n\t<meta property=\"og:image:type\" content=\"image\/jpeg\" \/>\n<meta name=\"author\" content=\"admin\" \/>\n<meta name=\"twitter:card\" content=\"summary_large_image\" \/>\n<meta name=\"twitter:label1\" content=\"Yazan:\" \/>\n\t<meta name=\"twitter:data1\" content=\"admin\" \/>\n\t<meta name=\"twitter:label2\" content=\"Tahmini okuma s\u00fcresi\" \/>\n\t<meta name=\"twitter:data2\" content=\"2 dakika\" \/>\n<script type=\"application\/ld+json\" class=\"yoast-schema-graph\">{\"@context\":\"https:\\\/\\\/schema.org\",\"@graph\":[{\"@type\":\"Article\",\"@id\":\"https:\\\/\\\/kibrisdakik.com\\\/?p=18112#article\",\"isPartOf\":{\"@id\":\"https:\\\/\\\/kibrisdakik.com\\\/?p=18112\"},\"author\":{\"name\":\"admin\",\"@id\":\"https:\\\/\\\/kibrisdakik.com\\\/#\\\/schema\\\/person\\\/9cd9d437bbb44f72b73ba127e06d8e79\"},\"headline\":\"An\u0131tkabir&#039;de devlet t\u00f6reni d\u00fczenlendi\",\"datePublished\":\"2023-11-10T08:43:07+00:00\",\"mainEntityOfPage\":{\"@id\":\"https:\\\/\\\/kibrisdakik.com\\\/?p=18112\"},\"wordCount\":337,\"commentCount\":0,\"image\":{\"@id\":\"https:\\\/\\\/kibrisdakik.com\\\/?p=18112#primaryimage\"},\"thumbnailUrl\":\"https:\\\/\\\/kibrisdakik.com\\\/wp-content\\\/uploads\\\/2023\\\/11\\\/aa_picture_20231110_32780687-740x420.jpg\",\"articleSection\":[\"G\u00fcndem\"],\"inLanguage\":\"tr\",\"potentialAction\":[{\"@type\":\"CommentAction\",\"name\":\"Comment\",\"target\":[\"https:\\\/\\\/kibrisdakik.com\\\/?p=18112#respond\"]}]},{\"@type\":\"WebPage\",\"@id\":\"https:\\\/\\\/kibrisdakik.com\\\/?p=18112\",\"url\":\"https:\\\/\\\/kibrisdakik.com\\\/?p=18112\",\"name\":\"An\u0131tkabir&#039;de devlet t\u00f6reni d\u00fczenlendi -\",\"isPartOf\":{\"@id\":\"https:\\\/\\\/kibrisdakik.com\\\/#website\"},\"primaryImageOfPage\":{\"@id\":\"https:\\\/\\\/kibrisdakik.com\\\/?p=18112#primaryimage\"},\"image\":{\"@id\":\"https:\\\/\\\/kibrisdakik.com\\\/?p=18112#primaryimage\"},\"thumbnailUrl\":\"https:\\\/\\\/kibrisdakik.com\\\/wp-content\\\/uploads\\\/2023\\\/11\\\/aa_picture_20231110_32780687-740x420.jpg\",\"datePublished\":\"2023-11-10T08:43:07+00:00\",\"author\":{\"@id\":\"https:\\\/\\\/kibrisdakik.com\\\/#\\\/schema\\\/person\\\/9cd9d437bbb44f72b73ba127e06d8e79\"},\"breadcrumb\":{\"@id\":\"https:\\\/\\\/kibrisdakik.com\\\/?p=18112#breadcrumb\"},\"inLanguage\":\"tr\",\"potentialAction\":[{\"@type\":\"ReadAction\",\"target\":[\"https:\\\/\\\/kibrisdakik.com\\\/?p=18112\"]}]},{\"@type\":\"ImageObject\",\"inLanguage\":\"tr\",\"@id\":\"https:\\\/\\\/kibrisdakik.com\\\/?p=18112#primaryimage\",\"url\":\"https:\\\/\\\/kibrisdakik.com\\\/wp-content\\\/uploads\\\/2023\\\/11\\\/aa_picture_20231110_32780687-740x420.jpg\",\"contentUrl\":\"https:\\\/\\\/kibrisdakik.com\\\/wp-content\\\/uploads\\\/2023\\\/11\\\/aa_picture_20231110_32780687-740x420.jpg\",\"width\":753,\"height\":502},{\"@type\":\"BreadcrumbList\",\"@id\":\"https:\\\/\\\/kibrisdakik.com\\\/?p=18112#breadcrumb\",\"itemListElement\":[{\"@type\":\"ListItem\",\"position\":1,\"name\":\"Home\",\"item\":\"https:\\\/\\\/kibrisdakik.com\\\/\"},{\"@type\":\"ListItem\",\"position\":2,\"name\":\"An\u0131tkabir&#039;de devlet t\u00f6reni d\u00fczenlendi\"}]},{\"@type\":\"WebSite\",\"@id\":\"https:\\\/\\\/kibrisdakik.com\\\/#website\",\"url\":\"https:\\\/\\\/kibrisdakik.com\\\/\",\"name\":\"\",\"description\":\"Tam vaktinde haber\",\"potentialAction\":[{\"@type\":\"SearchAction\",\"target\":{\"@type\":\"EntryPoint\",\"urlTemplate\":\"https:\\\/\\\/kibrisdakik.com\\\/?s={search_term_string}\"},\"query-input\":{\"@type\":\"PropertyValueSpecification\",\"valueRequired\":true,\"valueName\":\"search_term_string\"}}],\"inLanguage\":\"tr\"},{\"@type\":\"Person\",\"@id\":\"https:\\\/\\\/kibrisdakik.com\\\/#\\\/schema\\\/person\\\/9cd9d437bbb44f72b73ba127e06d8e79\",\"name\":\"admin\",\"image\":{\"@type\":\"ImageObject\",\"inLanguage\":\"tr\",\"@id\":\"https:\\\/\\\/secure.gravatar.com\\\/avatar\\\/ccc17943b9d660506c869530f897617f7cb1c21a4bf30023f252596d83e1f007?s=96&d=mm&r=g\",\"url\":\"https:\\\/\\\/secure.gravatar.com\\\/avatar\\\/ccc17943b9d660506c869530f897617f7cb1c21a4bf30023f252596d83e1f007?s=96&d=mm&r=g\",\"contentUrl\":\"https:\\\/\\\/secure.gravatar.com\\\/avatar\\\/ccc17943b9d660506c869530f897617f7cb1c21a4bf30023f252596d83e1f007?s=96&d=mm&r=g\",\"caption\":\"admin\"},\"sameAs\":[\"https:\\\/\\\/kibrisdakik.com\"],\"url\":\"https:\\\/\\\/kibrisdakik.com\\\/?author=1\"}]}<\/script>\n<!-- \/ Yoast SEO plugin. -->","yoast_head_json":{"title":"An\u0131tkabir&#039;de devlet t\u00f6reni d\u00fczenlendi -","robots":{"index":"index","follow":"follow","max-snippet":"max-snippet:-1","max-image-preview":"max-image-preview:large","max-video-preview":"max-video-preview:-1"},"canonical":"https:\/\/kibrisdakik.com\/?p=18112","og_locale":"tr_TR","og_type":"article","og_title":"An\u0131tkabir&#039;de devlet t\u00f6reni d\u00fczenlendi -","og_description":"An\u0131tkabir&#8217;deki t\u00f6ren, saat 08.45&#8217;te devlet erkan\u0131n\u0131n Aslanl\u0131 Yol&#8217;dan y\u00fcr\u00fcy\u00fc\u015f\u00fcyle ba\u015flad\u0131. Cumhurba\u015fkan\u0131&nbsp;Recep Tayyip Erdo\u011fan&nbsp;ba\u015fkanl\u0131\u011f\u0131ndaki kortejde&nbsp;TBMM&nbsp;Ba\u015fkan\u0131 Numan Kurtulmu\u015f,&nbsp;Cumhurba\u015fkanl\u0131\u011f\u0131&nbsp;Kabinesi \u00fcyeleri,&nbsp;CHP&nbsp;Genel Ba\u015fkan\u0131 \u00d6zg\u00fcr \u00d6zel,&nbsp;MHP&nbsp;Genel Ba\u015fkan\u0131 Devlet Bah\u00e7eli, \u0130Y\u0130 Parti Genel Ba\u015fkan\u0131 Meral Ak\u015fener, y\u00fcksek yarg\u0131 organlar\u0131n\u0131n ba\u015fkanlar\u0131, TSK komuta kademesi, siyasi parti temsilcileri, b\u00fcrokratlar ve di\u011fer devlet erkan\u0131 yer ald\u0131. Cumhurba\u015fkan\u0131 Erdo\u011fan, k\u0131rm\u0131z\u0131 beyaz karanfillerden olu\u015fan ay y\u0131ld\u0131zl\u0131 \u00e7elengi,","og_url":"https:\/\/kibrisdakik.com\/?p=18112","article_published_time":"2023-11-10T08:43:07+00:00","og_image":[{"width":753,"height":502,"url":"https:\/\/kibrisdakik.com\/wp-content\/uploads\/2023\/11\/aa_picture_20231110_32780687-740x420.jpg","type":"image\/jpeg"}],"author":"admin","twitter_card":"summary_large_image","twitter_misc":{"Yazan:":"admin","Tahmini okuma s\u00fcresi":"2 dakika"},"schema":{"@context":"https:\/\/schema.org","@graph":[{"@type":"Article","@id":"https:\/\/kibrisdakik.com\/?p=18112#article","isPartOf":{"@id":"https:\/\/kibrisdakik.com\/?p=18112"},"author":{"name":"admin","@id":"https:\/\/kibrisdakik.com\/#\/schema\/person\/9cd9d437bbb44f72b73ba127e06d8e79"},"headline":"An\u0131tkabir&#039;de devlet t\u00f6reni d\u00fczenlendi","datePublished":"2023-11-10T08:43:07+00:00","mainEntityOfPage":{"@id":"https:\/\/kibrisdakik.com\/?p=18112"},"wordCount":337,"commentCount":0,"image":{"@id":"https:\/\/kibrisdakik.com\/?p=18112#primaryimage"},"thumbnailUrl":"https:\/\/kibrisdakik.com\/wp-content\/uploads\/2023\/11\/aa_picture_20231110_32780687-740x420.jpg","articleSection":["G\u00fcndem"],"inLanguage":"tr","potentialAction":[{"@type":"CommentAction","name":"Comment","target":["https:\/\/kibrisdakik.com\/?p=18112#respond"]}]},{"@type":"WebPage","@id":"https:\/\/kibrisdakik.com\/?p=18112","url":"https:\/\/kibrisdakik.com\/?p=18112","name":"An\u0131tkabir&#039;de devlet t\u00f6reni d\u00fczenlendi -","isPartOf":{"@id":"https:\/\/kibrisdakik.com\/#website"},"primaryImageOfPage":{"@id":"https:\/\/kibrisdakik.com\/?p=18112#primaryimage"},"image":{"@id":"https:\/\/kibrisdakik.com\/?p=18112#primaryimage"},"thumbnailUrl":"https:\/\/kibrisdakik.com\/wp-content\/uploads\/2023\/11\/aa_picture_20231110_32780687-740x420.jpg","datePublished":"2023-11-10T08:43:07+00:00","author":{"@id":"https:\/\/kibrisdakik.com\/#\/schema\/person\/9cd9d437bbb44f72b73ba127e06d8e79"},"breadcrumb":{"@id":"https:\/\/kibrisdakik.com\/?p=18112#breadcrumb"},"inLanguage":"tr","potentialAction":[{"@type":"ReadAction","target":["https:\/\/kibrisdakik.com\/?p=18112"]}]},{"@type":"ImageObject","inLanguage":"tr","@id":"https:\/\/kibrisdakik.com\/?p=18112#primaryimage","url":"https:\/\/kibrisdakik.com\/wp-content\/uploads\/2023\/11\/aa_picture_20231110_32780687-740x420.jpg","contentUrl":"https:\/\/kibrisdakik.com\/wp-content\/uploads\/2023\/11\/aa_picture_20231110_32780687-740x420.jpg","width":753,"height":502},{"@type":"BreadcrumbList","@id":"https:\/\/kibrisdakik.com\/?p=18112#breadcrumb","itemListElement":[{"@type":"ListItem","position":1,"name":"Home","item":"https:\/\/kibrisdakik.com\/"},{"@type":"ListItem","position":2,"name":"An\u0131tkabir&#039;de devlet t\u00f6reni d\u00fczenlendi"}]},{"@type":"WebSite","@id":"https:\/\/kibrisdakik.com\/#website","url":"https:\/\/kibrisdakik.com\/","name":"","description":"Tam vaktinde haber","potentialAction":[{"@type":"SearchAction","target":{"@type":"EntryPoint","urlTemplate":"https:\/\/kibrisdakik.com\/?s={search_term_string}"},"query-input":{"@type":"PropertyValueSpecification","valueRequired":true,"valueName":"search_term_string"}}],"inLanguage":"tr"},{"@type":"Person","@id":"https:\/\/kibrisdakik.com\/#\/schema\/person\/9cd9d437bbb44f72b73ba127e06d8e79","name":"admin","image":{"@type":"ImageObject","inLanguage":"tr","@id":"https:\/\/secure.gravatar.com\/avatar\/ccc17943b9d660506c869530f897617f7cb1c21a4bf30023f252596d83e1f007?s=96&d=mm&r=g","url":"https:\/\/secure.gravatar.com\/avatar\/ccc17943b9d660506c869530f897617f7cb1c21a4bf30023f252596d83e1f007?s=96&d=mm&r=g","contentUrl":"https:\/\/secure.gravatar.com\/avatar\/ccc17943b9d660506c869530f897617f7cb1c21a4bf30023f252596d83e1f007?s=96&d=mm&r=g","caption":"admin"},"sameAs":["https:\/\/kibrisdakik.com"],"url":"https:\/\/kibrisdakik.com\/?author=1"}]}},"_links":{"self":[{"href":"https:\/\/kibrisdakik.com\/index.php?rest_route=\/wp\/v2\/posts\/18112","targetHints":{"allow":["GET"]}}],"collection":[{"href":"https:\/\/kibrisdakik.com\/index.php?rest_route=\/wp\/v2\/posts"}],"about":[{"href":"https:\/\/kibrisdakik.com\/index.php?rest_route=\/wp\/v2\/types\/post"}],"author":[{"embeddable":true,"href":"https:\/\/kibrisdakik.com\/index.php?rest_route=\/wp\/v2\/users\/1"}],"replies":[{"embeddable":true,"href":"https:\/\/kibrisdakik.com\/index.php?rest_route=%2Fwp%2Fv2%2Fcomments&post=18112"}],"version-history":[{"count":0,"href":"https:\/\/kibrisdakik.com\/index.php?rest_route=\/wp\/v2\/posts\/18112\/revisions"}],"wp:featuredmedia":[{"embeddable":true,"href":"https:\/\/kibrisdakik.com\/index.php?rest_route=\/wp\/v2\/media\/18113"}],"wp:attachment":[{"href":"https:\/\/kibrisdakik.com\/index.php?rest_route=%2Fwp%2Fv2%2Fmedia&parent=18112"}],"wp:term":[{"taxonomy":"category","embeddable":true,"href":"https:\/\/kibrisdakik.com\/index.php?rest_route=%2Fwp%2Fv2%2Fcategories&post=18112"},{"taxonomy":"post_tag","embeddable":true,"href":"https:\/\/kibrisdakik.com\/index.php?rest_route=%2Fwp%2Fv2%2Ftags&post=18112"}],"curies":[{"name":"wp","href":"https:\/\/api.w.org\/{rel}","templated":true}]}}