{"id":18165,"date":"2023-11-10T14:15:48","date_gmt":"2023-11-10T14:15:48","guid":{"rendered":"https:\/\/kibrisdakik.com\/index.php\/2023\/11\/10\/bm-insani-yardim-koordinasyon-ofisi-dunyada-bir-cehennem-varsa-gazzenin-kuzeyidir\/"},"modified":"2023-11-10T14:15:48","modified_gmt":"2023-11-10T14:15:48","slug":"bm-insani-yardim-koordinasyon-ofisi-dunyada-bir-cehennem-varsa-gazzenin-kuzeyidir","status":"publish","type":"post","link":"https:\/\/kibrisdakik.com\/?p=18165","title":{"rendered":"BM \u0130nsani Yard\u0131m Koordinasyon Ofisi: D\u00fcnyada bir cehennem varsa, Gazze&#039;nin kuzeyidir"},"content":{"rendered":"<p><img decoding=\"async\" src=\"https:\/\/www.kibristurk.com\/images\/haberler\/2023\/11\/bm-insani-yardim-koordinasyon-ofisi-dunyada-bir-cehennem-varsa-gazzenin-kuzeyidir-1699623101.webp\" \/><\/p>\n<p>Laerke, BM Cenevre Ofisinin haftal\u0131k bas\u0131n toplant\u0131s\u0131nda, \u0130srail&#8217;in ablukas\u0131 ve sald\u0131r\u0131lar\u0131 alt\u0131ndaki Gazze&#8217;deki duruma ili\u015fkin de\u011ferlendirmelerde bulundu.<\/p>\n<p>BM&#8217;nin yard\u0131m t\u0131rlar\u0131n\u0131n, n\u00fcfusun daha yo\u011fun oldu\u011fu Gazze&#8217;nin g\u00fcneyine ula\u015ft\u0131r\u0131ld\u0131\u011f\u0131n\u0131 belirten Laerke, &#8220;Yard\u0131m t\u0131rlar\u0131m\u0131z\u0131 Gazze&#8217;nin kuzeyine ula\u015ft\u0131ram\u0131yoruz. E\u011fer \u015fu anda d\u00fcnyada bir cehennem varsa, Gazze&#8217;nin kuzeyidir.&#8221; diye konu\u015ftu.<\/p>\n<p>Gazze&#8217;nin kuzeyinde y\u00fcz binlerce ki\u015finin bulundu\u011funu hat\u0131rlatan Laerke, bu durumun &#8220;\u00e7ok moral bozucu&#8221; oldu\u011funu s\u00f6yledi.<\/p>\n","protected":false},"excerpt":{"rendered":"<p>Laerke, BM Cenevre Ofisinin haftal\u0131k bas\u0131n toplant\u0131s\u0131nda, \u0130srail&#8217;in ablukas\u0131 ve sald\u0131r\u0131lar\u0131 alt\u0131ndaki Gazze&#8217;deki duruma ili\u015fkin de\u011ferlendirmelerde bulundu. BM&#8217;nin yard\u0131m t\u0131rlar\u0131n\u0131n, n\u00fcfusun daha yo\u011fun oldu\u011fu Gazze&#8217;nin g\u00fcneyine ula\u015ft\u0131r\u0131ld\u0131\u011f\u0131n\u0131 belirten Laerke, &#8220;Yard\u0131m t\u0131rlar\u0131m\u0131z\u0131 Gazze&#8217;nin kuzeyine ula\u015ft\u0131ram\u0131yoruz. E\u011fer \u015fu anda d\u00fcnyada bir cehennem varsa, Gazze&#8217;nin kuzeyidir.&#8221; diye konu\u015ftu. Gazze&#8217;nin kuzeyinde y\u00fcz binlerce ki\u015finin bulundu\u011funu hat\u0131rlatan Laerke, bu durumun<\/p>\n","protected":false},"author":1,"featured_media":18166,"comment_status":"open","ping_status":"open","sticky":false,"template":"","format":"standard","meta":{"footnotes":""},"categories":[1],"tags":[],"class_list":["post-18165","post","type-post","status-publish","format-standard","has-post-thumbnail","hentry","category-gundem"],"yoast_head":"<!-- This site is optimized with the Yoast SEO plugin v27.5 - https:\/\/yoast.com\/product\/yoast-seo-wordpress\/ -->\n<title>BM \u0130nsani Yard\u0131m Koordinasyon Ofisi: D\u00fcnyada bir cehennem varsa, Gazze&#039;nin kuzeyidir -<\/title>\n<meta name=\"robots\" content=\"index, follow, max-snippet:-1, max-image-preview:large, max-video-preview:-1\" \/>\n<link rel=\"canonical\" href=\"https:\/\/kibrisdakik.com\/?p=18165\" \/>\n<meta property=\"og:locale\" content=\"tr_TR\" \/>\n<meta property=\"og:type\" content=\"article\" \/>\n<meta property=\"og:title\" content=\"BM \u0130nsani Yard\u0131m Koordinasyon Ofisi: D\u00fcnyada bir cehennem varsa, Gazze&#039;nin kuzeyidir -\" \/>\n<meta property=\"og:description\" content=\"Laerke, BM Cenevre Ofisinin haftal\u0131k bas\u0131n toplant\u0131s\u0131nda, \u0130srail&#8217;in ablukas\u0131 ve sald\u0131r\u0131lar\u0131 alt\u0131ndaki Gazze&#8217;deki duruma ili\u015fkin de\u011ferlendirmelerde bulundu. BM&#8217;nin yard\u0131m t\u0131rlar\u0131n\u0131n, n\u00fcfusun daha yo\u011fun oldu\u011fu Gazze&#8217;nin g\u00fcneyine ula\u015ft\u0131r\u0131ld\u0131\u011f\u0131n\u0131 belirten Laerke, &#8220;Yard\u0131m t\u0131rlar\u0131m\u0131z\u0131 Gazze&#8217;nin kuzeyine ula\u015ft\u0131ram\u0131yoruz. E\u011fer \u015fu anda d\u00fcnyada bir cehennem varsa, Gazze&#8217;nin kuzeyidir.&#8221; diye konu\u015ftu. Gazze&#8217;nin kuzeyinde y\u00fcz binlerce ki\u015finin bulundu\u011funu hat\u0131rlatan Laerke, bu durumun\" \/>\n<meta property=\"og:url\" content=\"https:\/\/kibrisdakik.com\/?p=18165\" \/>\n<meta property=\"article:published_time\" content=\"2023-11-10T14:15:48+00:00\" \/>\n<meta property=\"og:image\" content=\"https:\/\/kibrisdakik.com\/wp-content\/uploads\/2023\/11\/bm-insani-yardim-koordinasyon-ofisi-dunyada-bir-cehennem-varsa-gazzenin-kuzeyidir-1699623101.webp.webp\" \/>\n\t<meta property=\"og:image:width\" content=\"710\" \/>\n\t<meta property=\"og:image:height\" content=\"370\" \/>\n\t<meta property=\"og:image:type\" content=\"image\/webp\" \/>\n<meta name=\"author\" content=\"admin\" \/>\n<meta name=\"twitter:card\" content=\"summary_large_image\" \/>\n<meta name=\"twitter:label1\" content=\"Yazan:\" \/>\n\t<meta name=\"twitter:data1\" content=\"admin\" \/>\n<script type=\"application\/ld+json\" class=\"yoast-schema-graph\">{\"@context\":\"https:\\\/\\\/schema.org\",\"@graph\":[{\"@type\":\"Article\",\"@id\":\"https:\\\/\\\/kibrisdakik.com\\\/?p=18165#article\",\"isPartOf\":{\"@id\":\"https:\\\/\\\/kibrisdakik.com\\\/?p=18165\"},\"author\":{\"name\":\"admin\",\"@id\":\"https:\\\/\\\/kibrisdakik.com\\\/#\\\/schema\\\/person\\\/9cd9d437bbb44f72b73ba127e06d8e79\"},\"headline\":\"BM \u0130nsani Yard\u0131m Koordinasyon Ofisi: D\u00fcnyada bir cehennem varsa, Gazze&#039;nin kuzeyidir\",\"datePublished\":\"2023-11-10T14:15:48+00:00\",\"mainEntityOfPage\":{\"@id\":\"https:\\\/\\\/kibrisdakik.com\\\/?p=18165\"},\"wordCount\":111,\"commentCount\":0,\"image\":{\"@id\":\"https:\\\/\\\/kibrisdakik.com\\\/?p=18165#primaryimage\"},\"thumbnailUrl\":\"https:\\\/\\\/kibrisdakik.com\\\/wp-content\\\/uploads\\\/2023\\\/11\\\/bm-insani-yardim-koordinasyon-ofisi-dunyada-bir-cehennem-varsa-gazzenin-kuzeyidir-1699623101.webp.webp\",\"articleSection\":[\"G\u00fcndem\"],\"inLanguage\":\"tr\",\"potentialAction\":[{\"@type\":\"CommentAction\",\"name\":\"Comment\",\"target\":[\"https:\\\/\\\/kibrisdakik.com\\\/?p=18165#respond\"]}]},{\"@type\":\"WebPage\",\"@id\":\"https:\\\/\\\/kibrisdakik.com\\\/?p=18165\",\"url\":\"https:\\\/\\\/kibrisdakik.com\\\/?p=18165\",\"name\":\"BM \u0130nsani Yard\u0131m Koordinasyon Ofisi: D\u00fcnyada bir cehennem varsa, Gazze&#039;nin kuzeyidir -\",\"isPartOf\":{\"@id\":\"https:\\\/\\\/kibrisdakik.com\\\/#website\"},\"primaryImageOfPage\":{\"@id\":\"https:\\\/\\\/kibrisdakik.com\\\/?p=18165#primaryimage\"},\"image\":{\"@id\":\"https:\\\/\\\/kibrisdakik.com\\\/?p=18165#primaryimage\"},\"thumbnailUrl\":\"https:\\\/\\\/kibrisdakik.com\\\/wp-content\\\/uploads\\\/2023\\\/11\\\/bm-insani-yardim-koordinasyon-ofisi-dunyada-bir-cehennem-varsa-gazzenin-kuzeyidir-1699623101.webp.webp\",\"datePublished\":\"2023-11-10T14:15:48+00:00\",\"author\":{\"@id\":\"https:\\\/\\\/kibrisdakik.com\\\/#\\\/schema\\\/person\\\/9cd9d437bbb44f72b73ba127e06d8e79\"},\"breadcrumb\":{\"@id\":\"https:\\\/\\\/kibrisdakik.com\\\/?p=18165#breadcrumb\"},\"inLanguage\":\"tr\",\"potentialAction\":[{\"@type\":\"ReadAction\",\"target\":[\"https:\\\/\\\/kibrisdakik.com\\\/?p=18165\"]}]},{\"@type\":\"ImageObject\",\"inLanguage\":\"tr\",\"@id\":\"https:\\\/\\\/kibrisdakik.com\\\/?p=18165#primaryimage\",\"url\":\"https:\\\/\\\/kibrisdakik.com\\\/wp-content\\\/uploads\\\/2023\\\/11\\\/bm-insani-yardim-koordinasyon-ofisi-dunyada-bir-cehennem-varsa-gazzenin-kuzeyidir-1699623101.webp.webp\",\"contentUrl\":\"https:\\\/\\\/kibrisdakik.com\\\/wp-content\\\/uploads\\\/2023\\\/11\\\/bm-insani-yardim-koordinasyon-ofisi-dunyada-bir-cehennem-varsa-gazzenin-kuzeyidir-1699623101.webp.webp\",\"width\":710,\"height\":370},{\"@type\":\"BreadcrumbList\",\"@id\":\"https:\\\/\\\/kibrisdakik.com\\\/?p=18165#breadcrumb\",\"itemListElement\":[{\"@type\":\"ListItem\",\"position\":1,\"name\":\"Home\",\"item\":\"https:\\\/\\\/kibrisdakik.com\\\/\"},{\"@type\":\"ListItem\",\"position\":2,\"name\":\"BM \u0130nsani Yard\u0131m Koordinasyon Ofisi: D\u00fcnyada bir cehennem varsa, Gazze&#039;nin kuzeyidir\"}]},{\"@type\":\"WebSite\",\"@id\":\"https:\\\/\\\/kibrisdakik.com\\\/#website\",\"url\":\"https:\\\/\\\/kibrisdakik.com\\\/\",\"name\":\"\",\"description\":\"Tam vaktinde haber\",\"potentialAction\":[{\"@type\":\"SearchAction\",\"target\":{\"@type\":\"EntryPoint\",\"urlTemplate\":\"https:\\\/\\\/kibrisdakik.com\\\/?s={search_term_string}\"},\"query-input\":{\"@type\":\"PropertyValueSpecification\",\"valueRequired\":true,\"valueName\":\"search_term_string\"}}],\"inLanguage\":\"tr\"},{\"@type\":\"Person\",\"@id\":\"https:\\\/\\\/kibrisdakik.com\\\/#\\\/schema\\\/person\\\/9cd9d437bbb44f72b73ba127e06d8e79\",\"name\":\"admin\",\"image\":{\"@type\":\"ImageObject\",\"inLanguage\":\"tr\",\"@id\":\"https:\\\/\\\/secure.gravatar.com\\\/avatar\\\/ccc17943b9d660506c869530f897617f7cb1c21a4bf30023f252596d83e1f007?s=96&d=mm&r=g\",\"url\":\"https:\\\/\\\/secure.gravatar.com\\\/avatar\\\/ccc17943b9d660506c869530f897617f7cb1c21a4bf30023f252596d83e1f007?s=96&d=mm&r=g\",\"contentUrl\":\"https:\\\/\\\/secure.gravatar.com\\\/avatar\\\/ccc17943b9d660506c869530f897617f7cb1c21a4bf30023f252596d83e1f007?s=96&d=mm&r=g\",\"caption\":\"admin\"},\"sameAs\":[\"https:\\\/\\\/kibrisdakik.com\"],\"url\":\"https:\\\/\\\/kibrisdakik.com\\\/?author=1\"}]}<\/script>\n<!-- \/ Yoast SEO plugin. -->","yoast_head_json":{"title":"BM \u0130nsani Yard\u0131m Koordinasyon Ofisi: D\u00fcnyada bir cehennem varsa, Gazze&#039;nin kuzeyidir -","robots":{"index":"index","follow":"follow","max-snippet":"max-snippet:-1","max-image-preview":"max-image-preview:large","max-video-preview":"max-video-preview:-1"},"canonical":"https:\/\/kibrisdakik.com\/?p=18165","og_locale":"tr_TR","og_type":"article","og_title":"BM \u0130nsani Yard\u0131m Koordinasyon Ofisi: D\u00fcnyada bir cehennem varsa, Gazze&#039;nin kuzeyidir -","og_description":"Laerke, BM Cenevre Ofisinin haftal\u0131k bas\u0131n toplant\u0131s\u0131nda, \u0130srail&#8217;in ablukas\u0131 ve sald\u0131r\u0131lar\u0131 alt\u0131ndaki Gazze&#8217;deki duruma ili\u015fkin de\u011ferlendirmelerde bulundu. BM&#8217;nin yard\u0131m t\u0131rlar\u0131n\u0131n, n\u00fcfusun daha yo\u011fun oldu\u011fu Gazze&#8217;nin g\u00fcneyine ula\u015ft\u0131r\u0131ld\u0131\u011f\u0131n\u0131 belirten Laerke, &#8220;Yard\u0131m t\u0131rlar\u0131m\u0131z\u0131 Gazze&#8217;nin kuzeyine ula\u015ft\u0131ram\u0131yoruz. E\u011fer \u015fu anda d\u00fcnyada bir cehennem varsa, Gazze&#8217;nin kuzeyidir.&#8221; diye konu\u015ftu. Gazze&#8217;nin kuzeyinde y\u00fcz binlerce ki\u015finin bulundu\u011funu hat\u0131rlatan Laerke, bu durumun","og_url":"https:\/\/kibrisdakik.com\/?p=18165","article_published_time":"2023-11-10T14:15:48+00:00","og_image":[{"width":710,"height":370,"url":"https:\/\/kibrisdakik.com\/wp-content\/uploads\/2023\/11\/bm-insani-yardim-koordinasyon-ofisi-dunyada-bir-cehennem-varsa-gazzenin-kuzeyidir-1699623101.webp.webp","type":"image\/webp"}],"author":"admin","twitter_card":"summary_large_image","twitter_misc":{"Yazan:":"admin"},"schema":{"@context":"https:\/\/schema.org","@graph":[{"@type":"Article","@id":"https:\/\/kibrisdakik.com\/?p=18165#article","isPartOf":{"@id":"https:\/\/kibrisdakik.com\/?p=18165"},"author":{"name":"admin","@id":"https:\/\/kibrisdakik.com\/#\/schema\/person\/9cd9d437bbb44f72b73ba127e06d8e79"},"headline":"BM \u0130nsani Yard\u0131m Koordinasyon Ofisi: D\u00fcnyada bir cehennem varsa, Gazze&#039;nin kuzeyidir","datePublished":"2023-11-10T14:15:48+00:00","mainEntityOfPage":{"@id":"https:\/\/kibrisdakik.com\/?p=18165"},"wordCount":111,"commentCount":0,"image":{"@id":"https:\/\/kibrisdakik.com\/?p=18165#primaryimage"},"thumbnailUrl":"https:\/\/kibrisdakik.com\/wp-content\/uploads\/2023\/11\/bm-insani-yardim-koordinasyon-ofisi-dunyada-bir-cehennem-varsa-gazzenin-kuzeyidir-1699623101.webp.webp","articleSection":["G\u00fcndem"],"inLanguage":"tr","potentialAction":[{"@type":"CommentAction","name":"Comment","target":["https:\/\/kibrisdakik.com\/?p=18165#respond"]}]},{"@type":"WebPage","@id":"https:\/\/kibrisdakik.com\/?p=18165","url":"https:\/\/kibrisdakik.com\/?p=18165","name":"BM \u0130nsani Yard\u0131m Koordinasyon Ofisi: D\u00fcnyada bir cehennem varsa, Gazze&#039;nin kuzeyidir -","isPartOf":{"@id":"https:\/\/kibrisdakik.com\/#website"},"primaryImageOfPage":{"@id":"https:\/\/kibrisdakik.com\/?p=18165#primaryimage"},"image":{"@id":"https:\/\/kibrisdakik.com\/?p=18165#primaryimage"},"thumbnailUrl":"https:\/\/kibrisdakik.com\/wp-content\/uploads\/2023\/11\/bm-insani-yardim-koordinasyon-ofisi-dunyada-bir-cehennem-varsa-gazzenin-kuzeyidir-1699623101.webp.webp","datePublished":"2023-11-10T14:15:48+00:00","author":{"@id":"https:\/\/kibrisdakik.com\/#\/schema\/person\/9cd9d437bbb44f72b73ba127e06d8e79"},"breadcrumb":{"@id":"https:\/\/kibrisdakik.com\/?p=18165#breadcrumb"},"inLanguage":"tr","potentialAction":[{"@type":"ReadAction","target":["https:\/\/kibrisdakik.com\/?p=18165"]}]},{"@type":"ImageObject","inLanguage":"tr","@id":"https:\/\/kibrisdakik.com\/?p=18165#primaryimage","url":"https:\/\/kibrisdakik.com\/wp-content\/uploads\/2023\/11\/bm-insani-yardim-koordinasyon-ofisi-dunyada-bir-cehennem-varsa-gazzenin-kuzeyidir-1699623101.webp.webp","contentUrl":"https:\/\/kibrisdakik.com\/wp-content\/uploads\/2023\/11\/bm-insani-yardim-koordinasyon-ofisi-dunyada-bir-cehennem-varsa-gazzenin-kuzeyidir-1699623101.webp.webp","width":710,"height":370},{"@type":"BreadcrumbList","@id":"https:\/\/kibrisdakik.com\/?p=18165#breadcrumb","itemListElement":[{"@type":"ListItem","position":1,"name":"Home","item":"https:\/\/kibrisdakik.com\/"},{"@type":"ListItem","position":2,"name":"BM \u0130nsani Yard\u0131m Koordinasyon Ofisi: D\u00fcnyada bir cehennem varsa, Gazze&#039;nin kuzeyidir"}]},{"@type":"WebSite","@id":"https:\/\/kibrisdakik.com\/#website","url":"https:\/\/kibrisdakik.com\/","name":"","description":"Tam vaktinde haber","potentialAction":[{"@type":"SearchAction","target":{"@type":"EntryPoint","urlTemplate":"https:\/\/kibrisdakik.com\/?s={search_term_string}"},"query-input":{"@type":"PropertyValueSpecification","valueRequired":true,"valueName":"search_term_string"}}],"inLanguage":"tr"},{"@type":"Person","@id":"https:\/\/kibrisdakik.com\/#\/schema\/person\/9cd9d437bbb44f72b73ba127e06d8e79","name":"admin","image":{"@type":"ImageObject","inLanguage":"tr","@id":"https:\/\/secure.gravatar.com\/avatar\/ccc17943b9d660506c869530f897617f7cb1c21a4bf30023f252596d83e1f007?s=96&d=mm&r=g","url":"https:\/\/secure.gravatar.com\/avatar\/ccc17943b9d660506c869530f897617f7cb1c21a4bf30023f252596d83e1f007?s=96&d=mm&r=g","contentUrl":"https:\/\/secure.gravatar.com\/avatar\/ccc17943b9d660506c869530f897617f7cb1c21a4bf30023f252596d83e1f007?s=96&d=mm&r=g","caption":"admin"},"sameAs":["https:\/\/kibrisdakik.com"],"url":"https:\/\/kibrisdakik.com\/?author=1"}]}},"_links":{"self":[{"href":"https:\/\/kibrisdakik.com\/index.php?rest_route=\/wp\/v2\/posts\/18165","targetHints":{"allow":["GET"]}}],"collection":[{"href":"https:\/\/kibrisdakik.com\/index.php?rest_route=\/wp\/v2\/posts"}],"about":[{"href":"https:\/\/kibrisdakik.com\/index.php?rest_route=\/wp\/v2\/types\/post"}],"author":[{"embeddable":true,"href":"https:\/\/kibrisdakik.com\/index.php?rest_route=\/wp\/v2\/users\/1"}],"replies":[{"embeddable":true,"href":"https:\/\/kibrisdakik.com\/index.php?rest_route=%2Fwp%2Fv2%2Fcomments&post=18165"}],"version-history":[{"count":0,"href":"https:\/\/kibrisdakik.com\/index.php?rest_route=\/wp\/v2\/posts\/18165\/revisions"}],"wp:featuredmedia":[{"embeddable":true,"href":"https:\/\/kibrisdakik.com\/index.php?rest_route=\/wp\/v2\/media\/18166"}],"wp:attachment":[{"href":"https:\/\/kibrisdakik.com\/index.php?rest_route=%2Fwp%2Fv2%2Fmedia&parent=18165"}],"wp:term":[{"taxonomy":"category","embeddable":true,"href":"https:\/\/kibrisdakik.com\/index.php?rest_route=%2Fwp%2Fv2%2Fcategories&post=18165"},{"taxonomy":"post_tag","embeddable":true,"href":"https:\/\/kibrisdakik.com\/index.php?rest_route=%2Fwp%2Fv2%2Ftags&post=18165"}],"curies":[{"name":"wp","href":"https:\/\/api.w.org\/{rel}","templated":true}]}}