{"id":18250,"date":"2023-11-11T09:18:16","date_gmt":"2023-11-11T09:18:16","guid":{"rendered":"https:\/\/kibrisdakik.com\/index.php\/2023\/11\/11\/cumhurbaskani-tatar-kktc-cso-ataturku-anma-dinletisini-izledi\/"},"modified":"2023-11-11T09:18:16","modified_gmt":"2023-11-11T09:18:16","slug":"cumhurbaskani-tatar-kktc-cso-ataturku-anma-dinletisini-izledi","status":"publish","type":"post","link":"https:\/\/kibrisdakik.com\/?p=18250","title":{"rendered":"Cumhurba\u015fkan\u0131 Tatar, KKTC CSO Atat\u00fcrk&#039;\u00fc Anma Dinletisini izledi"},"content":{"rendered":"<p><img decoding=\"async\" src=\"https:\/\/www.kibristurk.com\/images\/haberler\/2023\/11\/cumhurbaskani-tatar-kktc-cso-ataturku-anma-dinletisini-izledi-1699692310.webp\" \/><\/p>\n<p><span style=\"font-size:14px\"><span style=\"font-family:Arial,Helvetica,sans-serif\">Cumhurba\u015fkan\u0131&nbsp;Ersin Tatar&nbsp;d\u00fcn ak\u015fam, KKTC Cumhurba\u015fkanl\u0131\u011f\u0131 Senfoni Orkestras\u0131\u2019n\u0131n K\u00fclt\u00fcr Dairesi M\u00fcd\u00fcrl\u00fc\u011f\u00fc i\u015f birli\u011fi ile ger\u00e7ekle\u015ftirdi\u011fi ve Ulu \u00d6nder Mustafa Kemal Atat\u00fcrk&#8217;e ithaf etti\u011fi Atat\u00fcrk\u2019\u00fc Anma Dinletisi\u2019ni izledi.&nbsp;<\/span><\/span><\/p>\n<p><span style=\"font-size:14px\"><span style=\"font-family:Arial,Helvetica,sans-serif\">Cumhurba\u015fkanl\u0131\u011f\u0131\u2019ndan yap\u0131lan a\u00e7\u0131klamaya g\u00f6re, \u0130smet Vehit G\u00fcney Sanat Merkezi&#8217;nde ger\u00e7ekle\u015fen dinletide, d\u00fcnyaca \u00fcnl\u00fc piyanist ve besteci Faz\u0131l Say&#8217;\u0131n piyano ve yayl\u0131 sazlar i\u00e7in besteledi\u011fi &#8220;Y\u00fcr\u00fcyen K\u00f6\u015fk&#8221; ve KKTC CSO \u015fefi ve besteci Ali Hoca&#8217;n\u0131n nefesli d\u00f6rtl\u00fc i\u00e7in besteledi\u011fi &#8220;Mustafa Kemal&#8221; adl\u0131 eserleri seslendirildi.<\/span><\/span><\/p>\n","protected":false},"excerpt":{"rendered":"<p>Cumhurba\u015fkan\u0131&nbsp;Ersin Tatar&nbsp;d\u00fcn ak\u015fam, KKTC Cumhurba\u015fkanl\u0131\u011f\u0131 Senfoni Orkestras\u0131\u2019n\u0131n K\u00fclt\u00fcr Dairesi M\u00fcd\u00fcrl\u00fc\u011f\u00fc i\u015f birli\u011fi ile ger\u00e7ekle\u015ftirdi\u011fi ve Ulu \u00d6nder Mustafa Kemal Atat\u00fcrk&#8217;e ithaf etti\u011fi Atat\u00fcrk\u2019\u00fc Anma Dinletisi\u2019ni izledi.&nbsp; Cumhurba\u015fkanl\u0131\u011f\u0131\u2019ndan yap\u0131lan a\u00e7\u0131klamaya g\u00f6re, \u0130smet Vehit G\u00fcney Sanat Merkezi&#8217;nde ger\u00e7ekle\u015fen dinletide, d\u00fcnyaca \u00fcnl\u00fc piyanist ve besteci Faz\u0131l Say&#8217;\u0131n piyano ve yayl\u0131 sazlar i\u00e7in besteledi\u011fi &#8220;Y\u00fcr\u00fcyen K\u00f6\u015fk&#8221; ve KKTC CSO<\/p>\n","protected":false},"author":1,"featured_media":18251,"comment_status":"open","ping_status":"open","sticky":false,"template":"","format":"standard","meta":{"footnotes":""},"categories":[1],"tags":[],"class_list":["post-18250","post","type-post","status-publish","format-standard","has-post-thumbnail","hentry","category-gundem"],"yoast_head":"<!-- This site is optimized with the Yoast SEO plugin v27.4 - https:\/\/yoast.com\/product\/yoast-seo-wordpress\/ -->\n<title>Cumhurba\u015fkan\u0131 Tatar, KKTC CSO Atat\u00fcrk&#039;\u00fc Anma Dinletisini izledi -<\/title>\n<meta name=\"robots\" content=\"index, follow, max-snippet:-1, max-image-preview:large, max-video-preview:-1\" \/>\n<link rel=\"canonical\" href=\"https:\/\/kibrisdakik.com\/?p=18250\" \/>\n<meta property=\"og:locale\" content=\"tr_TR\" \/>\n<meta property=\"og:type\" content=\"article\" \/>\n<meta property=\"og:title\" content=\"Cumhurba\u015fkan\u0131 Tatar, KKTC CSO Atat\u00fcrk&#039;\u00fc Anma Dinletisini izledi -\" \/>\n<meta property=\"og:description\" content=\"Cumhurba\u015fkan\u0131&nbsp;Ersin Tatar&nbsp;d\u00fcn ak\u015fam, KKTC Cumhurba\u015fkanl\u0131\u011f\u0131 Senfoni Orkestras\u0131\u2019n\u0131n K\u00fclt\u00fcr Dairesi M\u00fcd\u00fcrl\u00fc\u011f\u00fc i\u015f birli\u011fi ile ger\u00e7ekle\u015ftirdi\u011fi ve Ulu \u00d6nder Mustafa Kemal Atat\u00fcrk&#8217;e ithaf etti\u011fi Atat\u00fcrk\u2019\u00fc Anma Dinletisi\u2019ni izledi.&nbsp; Cumhurba\u015fkanl\u0131\u011f\u0131\u2019ndan yap\u0131lan a\u00e7\u0131klamaya g\u00f6re, \u0130smet Vehit G\u00fcney Sanat Merkezi&#8217;nde ger\u00e7ekle\u015fen dinletide, d\u00fcnyaca \u00fcnl\u00fc piyanist ve besteci Faz\u0131l Say&#8217;\u0131n piyano ve yayl\u0131 sazlar i\u00e7in besteledi\u011fi &#8220;Y\u00fcr\u00fcyen K\u00f6\u015fk&#8221; ve KKTC CSO\" \/>\n<meta property=\"og:url\" content=\"https:\/\/kibrisdakik.com\/?p=18250\" \/>\n<meta property=\"article:published_time\" content=\"2023-11-11T09:18:16+00:00\" \/>\n<meta property=\"og:image\" content=\"https:\/\/kibrisdakik.com\/wp-content\/uploads\/2023\/11\/cumhurbaskani-tatar-kktc-cso-ataturku-anma-dinletisini-izledi-1699692310.webp.webp\" \/>\n\t<meta property=\"og:image:width\" content=\"710\" \/>\n\t<meta property=\"og:image:height\" content=\"370\" \/>\n\t<meta property=\"og:image:type\" content=\"image\/webp\" \/>\n<meta name=\"author\" content=\"admin\" \/>\n<meta name=\"twitter:card\" content=\"summary_large_image\" \/>\n<meta name=\"twitter:label1\" content=\"Yazan:\" \/>\n\t<meta name=\"twitter:data1\" content=\"admin\" \/>\n\t<meta name=\"twitter:label2\" content=\"Tahmini okuma s\u00fcresi\" \/>\n\t<meta name=\"twitter:data2\" content=\"1 dakika\" \/>\n<script type=\"application\/ld+json\" class=\"yoast-schema-graph\">{\"@context\":\"https:\\\/\\\/schema.org\",\"@graph\":[{\"@type\":\"Article\",\"@id\":\"https:\\\/\\\/kibrisdakik.com\\\/?p=18250#article\",\"isPartOf\":{\"@id\":\"https:\\\/\\\/kibrisdakik.com\\\/?p=18250\"},\"author\":{\"name\":\"admin\",\"@id\":\"https:\\\/\\\/kibrisdakik.com\\\/#\\\/schema\\\/person\\\/9cd9d437bbb44f72b73ba127e06d8e79\"},\"headline\":\"Cumhurba\u015fkan\u0131 Tatar, KKTC CSO Atat\u00fcrk&#039;\u00fc Anma Dinletisini izledi\",\"datePublished\":\"2023-11-11T09:18:16+00:00\",\"mainEntityOfPage\":{\"@id\":\"https:\\\/\\\/kibrisdakik.com\\\/?p=18250\"},\"wordCount\":122,\"commentCount\":0,\"image\":{\"@id\":\"https:\\\/\\\/kibrisdakik.com\\\/?p=18250#primaryimage\"},\"thumbnailUrl\":\"https:\\\/\\\/kibrisdakik.com\\\/wp-content\\\/uploads\\\/2023\\\/11\\\/cumhurbaskani-tatar-kktc-cso-ataturku-anma-dinletisini-izledi-1699692310.webp.webp\",\"articleSection\":[\"G\u00fcndem\"],\"inLanguage\":\"tr\",\"potentialAction\":[{\"@type\":\"CommentAction\",\"name\":\"Comment\",\"target\":[\"https:\\\/\\\/kibrisdakik.com\\\/?p=18250#respond\"]}]},{\"@type\":\"WebPage\",\"@id\":\"https:\\\/\\\/kibrisdakik.com\\\/?p=18250\",\"url\":\"https:\\\/\\\/kibrisdakik.com\\\/?p=18250\",\"name\":\"Cumhurba\u015fkan\u0131 Tatar, KKTC CSO Atat\u00fcrk&#039;\u00fc Anma Dinletisini izledi -\",\"isPartOf\":{\"@id\":\"https:\\\/\\\/kibrisdakik.com\\\/#website\"},\"primaryImageOfPage\":{\"@id\":\"https:\\\/\\\/kibrisdakik.com\\\/?p=18250#primaryimage\"},\"image\":{\"@id\":\"https:\\\/\\\/kibrisdakik.com\\\/?p=18250#primaryimage\"},\"thumbnailUrl\":\"https:\\\/\\\/kibrisdakik.com\\\/wp-content\\\/uploads\\\/2023\\\/11\\\/cumhurbaskani-tatar-kktc-cso-ataturku-anma-dinletisini-izledi-1699692310.webp.webp\",\"datePublished\":\"2023-11-11T09:18:16+00:00\",\"author\":{\"@id\":\"https:\\\/\\\/kibrisdakik.com\\\/#\\\/schema\\\/person\\\/9cd9d437bbb44f72b73ba127e06d8e79\"},\"breadcrumb\":{\"@id\":\"https:\\\/\\\/kibrisdakik.com\\\/?p=18250#breadcrumb\"},\"inLanguage\":\"tr\",\"potentialAction\":[{\"@type\":\"ReadAction\",\"target\":[\"https:\\\/\\\/kibrisdakik.com\\\/?p=18250\"]}]},{\"@type\":\"ImageObject\",\"inLanguage\":\"tr\",\"@id\":\"https:\\\/\\\/kibrisdakik.com\\\/?p=18250#primaryimage\",\"url\":\"https:\\\/\\\/kibrisdakik.com\\\/wp-content\\\/uploads\\\/2023\\\/11\\\/cumhurbaskani-tatar-kktc-cso-ataturku-anma-dinletisini-izledi-1699692310.webp.webp\",\"contentUrl\":\"https:\\\/\\\/kibrisdakik.com\\\/wp-content\\\/uploads\\\/2023\\\/11\\\/cumhurbaskani-tatar-kktc-cso-ataturku-anma-dinletisini-izledi-1699692310.webp.webp\",\"width\":710,\"height\":370},{\"@type\":\"BreadcrumbList\",\"@id\":\"https:\\\/\\\/kibrisdakik.com\\\/?p=18250#breadcrumb\",\"itemListElement\":[{\"@type\":\"ListItem\",\"position\":1,\"name\":\"Home\",\"item\":\"https:\\\/\\\/kibrisdakik.com\\\/\"},{\"@type\":\"ListItem\",\"position\":2,\"name\":\"Cumhurba\u015fkan\u0131 Tatar, KKTC CSO Atat\u00fcrk&#039;\u00fc Anma Dinletisini izledi\"}]},{\"@type\":\"WebSite\",\"@id\":\"https:\\\/\\\/kibrisdakik.com\\\/#website\",\"url\":\"https:\\\/\\\/kibrisdakik.com\\\/\",\"name\":\"\",\"description\":\"Tam vaktinde haber\",\"potentialAction\":[{\"@type\":\"SearchAction\",\"target\":{\"@type\":\"EntryPoint\",\"urlTemplate\":\"https:\\\/\\\/kibrisdakik.com\\\/?s={search_term_string}\"},\"query-input\":{\"@type\":\"PropertyValueSpecification\",\"valueRequired\":true,\"valueName\":\"search_term_string\"}}],\"inLanguage\":\"tr\"},{\"@type\":\"Person\",\"@id\":\"https:\\\/\\\/kibrisdakik.com\\\/#\\\/schema\\\/person\\\/9cd9d437bbb44f72b73ba127e06d8e79\",\"name\":\"admin\",\"image\":{\"@type\":\"ImageObject\",\"inLanguage\":\"tr\",\"@id\":\"https:\\\/\\\/secure.gravatar.com\\\/avatar\\\/ccc17943b9d660506c869530f897617f7cb1c21a4bf30023f252596d83e1f007?s=96&d=mm&r=g\",\"url\":\"https:\\\/\\\/secure.gravatar.com\\\/avatar\\\/ccc17943b9d660506c869530f897617f7cb1c21a4bf30023f252596d83e1f007?s=96&d=mm&r=g\",\"contentUrl\":\"https:\\\/\\\/secure.gravatar.com\\\/avatar\\\/ccc17943b9d660506c869530f897617f7cb1c21a4bf30023f252596d83e1f007?s=96&d=mm&r=g\",\"caption\":\"admin\"},\"sameAs\":[\"https:\\\/\\\/kibrisdakik.com\"],\"url\":\"https:\\\/\\\/kibrisdakik.com\\\/?author=1\"}]}<\/script>\n<!-- \/ Yoast SEO plugin. -->","yoast_head_json":{"title":"Cumhurba\u015fkan\u0131 Tatar, KKTC CSO Atat\u00fcrk&#039;\u00fc Anma Dinletisini izledi -","robots":{"index":"index","follow":"follow","max-snippet":"max-snippet:-1","max-image-preview":"max-image-preview:large","max-video-preview":"max-video-preview:-1"},"canonical":"https:\/\/kibrisdakik.com\/?p=18250","og_locale":"tr_TR","og_type":"article","og_title":"Cumhurba\u015fkan\u0131 Tatar, KKTC CSO Atat\u00fcrk&#039;\u00fc Anma Dinletisini izledi -","og_description":"Cumhurba\u015fkan\u0131&nbsp;Ersin Tatar&nbsp;d\u00fcn ak\u015fam, KKTC Cumhurba\u015fkanl\u0131\u011f\u0131 Senfoni Orkestras\u0131\u2019n\u0131n K\u00fclt\u00fcr Dairesi M\u00fcd\u00fcrl\u00fc\u011f\u00fc i\u015f birli\u011fi ile ger\u00e7ekle\u015ftirdi\u011fi ve Ulu \u00d6nder Mustafa Kemal Atat\u00fcrk&#8217;e ithaf etti\u011fi Atat\u00fcrk\u2019\u00fc Anma Dinletisi\u2019ni izledi.&nbsp; Cumhurba\u015fkanl\u0131\u011f\u0131\u2019ndan yap\u0131lan a\u00e7\u0131klamaya g\u00f6re, \u0130smet Vehit G\u00fcney Sanat Merkezi&#8217;nde ger\u00e7ekle\u015fen dinletide, d\u00fcnyaca \u00fcnl\u00fc piyanist ve besteci Faz\u0131l Say&#8217;\u0131n piyano ve yayl\u0131 sazlar i\u00e7in besteledi\u011fi &#8220;Y\u00fcr\u00fcyen K\u00f6\u015fk&#8221; ve KKTC CSO","og_url":"https:\/\/kibrisdakik.com\/?p=18250","article_published_time":"2023-11-11T09:18:16+00:00","og_image":[{"width":710,"height":370,"url":"https:\/\/kibrisdakik.com\/wp-content\/uploads\/2023\/11\/cumhurbaskani-tatar-kktc-cso-ataturku-anma-dinletisini-izledi-1699692310.webp.webp","type":"image\/webp"}],"author":"admin","twitter_card":"summary_large_image","twitter_misc":{"Yazan:":"admin","Tahmini okuma s\u00fcresi":"1 dakika"},"schema":{"@context":"https:\/\/schema.org","@graph":[{"@type":"Article","@id":"https:\/\/kibrisdakik.com\/?p=18250#article","isPartOf":{"@id":"https:\/\/kibrisdakik.com\/?p=18250"},"author":{"name":"admin","@id":"https:\/\/kibrisdakik.com\/#\/schema\/person\/9cd9d437bbb44f72b73ba127e06d8e79"},"headline":"Cumhurba\u015fkan\u0131 Tatar, KKTC CSO Atat\u00fcrk&#039;\u00fc Anma Dinletisini izledi","datePublished":"2023-11-11T09:18:16+00:00","mainEntityOfPage":{"@id":"https:\/\/kibrisdakik.com\/?p=18250"},"wordCount":122,"commentCount":0,"image":{"@id":"https:\/\/kibrisdakik.com\/?p=18250#primaryimage"},"thumbnailUrl":"https:\/\/kibrisdakik.com\/wp-content\/uploads\/2023\/11\/cumhurbaskani-tatar-kktc-cso-ataturku-anma-dinletisini-izledi-1699692310.webp.webp","articleSection":["G\u00fcndem"],"inLanguage":"tr","potentialAction":[{"@type":"CommentAction","name":"Comment","target":["https:\/\/kibrisdakik.com\/?p=18250#respond"]}]},{"@type":"WebPage","@id":"https:\/\/kibrisdakik.com\/?p=18250","url":"https:\/\/kibrisdakik.com\/?p=18250","name":"Cumhurba\u015fkan\u0131 Tatar, KKTC CSO Atat\u00fcrk&#039;\u00fc Anma Dinletisini izledi -","isPartOf":{"@id":"https:\/\/kibrisdakik.com\/#website"},"primaryImageOfPage":{"@id":"https:\/\/kibrisdakik.com\/?p=18250#primaryimage"},"image":{"@id":"https:\/\/kibrisdakik.com\/?p=18250#primaryimage"},"thumbnailUrl":"https:\/\/kibrisdakik.com\/wp-content\/uploads\/2023\/11\/cumhurbaskani-tatar-kktc-cso-ataturku-anma-dinletisini-izledi-1699692310.webp.webp","datePublished":"2023-11-11T09:18:16+00:00","author":{"@id":"https:\/\/kibrisdakik.com\/#\/schema\/person\/9cd9d437bbb44f72b73ba127e06d8e79"},"breadcrumb":{"@id":"https:\/\/kibrisdakik.com\/?p=18250#breadcrumb"},"inLanguage":"tr","potentialAction":[{"@type":"ReadAction","target":["https:\/\/kibrisdakik.com\/?p=18250"]}]},{"@type":"ImageObject","inLanguage":"tr","@id":"https:\/\/kibrisdakik.com\/?p=18250#primaryimage","url":"https:\/\/kibrisdakik.com\/wp-content\/uploads\/2023\/11\/cumhurbaskani-tatar-kktc-cso-ataturku-anma-dinletisini-izledi-1699692310.webp.webp","contentUrl":"https:\/\/kibrisdakik.com\/wp-content\/uploads\/2023\/11\/cumhurbaskani-tatar-kktc-cso-ataturku-anma-dinletisini-izledi-1699692310.webp.webp","width":710,"height":370},{"@type":"BreadcrumbList","@id":"https:\/\/kibrisdakik.com\/?p=18250#breadcrumb","itemListElement":[{"@type":"ListItem","position":1,"name":"Home","item":"https:\/\/kibrisdakik.com\/"},{"@type":"ListItem","position":2,"name":"Cumhurba\u015fkan\u0131 Tatar, KKTC CSO Atat\u00fcrk&#039;\u00fc Anma Dinletisini izledi"}]},{"@type":"WebSite","@id":"https:\/\/kibrisdakik.com\/#website","url":"https:\/\/kibrisdakik.com\/","name":"","description":"Tam vaktinde haber","potentialAction":[{"@type":"SearchAction","target":{"@type":"EntryPoint","urlTemplate":"https:\/\/kibrisdakik.com\/?s={search_term_string}"},"query-input":{"@type":"PropertyValueSpecification","valueRequired":true,"valueName":"search_term_string"}}],"inLanguage":"tr"},{"@type":"Person","@id":"https:\/\/kibrisdakik.com\/#\/schema\/person\/9cd9d437bbb44f72b73ba127e06d8e79","name":"admin","image":{"@type":"ImageObject","inLanguage":"tr","@id":"https:\/\/secure.gravatar.com\/avatar\/ccc17943b9d660506c869530f897617f7cb1c21a4bf30023f252596d83e1f007?s=96&d=mm&r=g","url":"https:\/\/secure.gravatar.com\/avatar\/ccc17943b9d660506c869530f897617f7cb1c21a4bf30023f252596d83e1f007?s=96&d=mm&r=g","contentUrl":"https:\/\/secure.gravatar.com\/avatar\/ccc17943b9d660506c869530f897617f7cb1c21a4bf30023f252596d83e1f007?s=96&d=mm&r=g","caption":"admin"},"sameAs":["https:\/\/kibrisdakik.com"],"url":"https:\/\/kibrisdakik.com\/?author=1"}]}},"_links":{"self":[{"href":"https:\/\/kibrisdakik.com\/index.php?rest_route=\/wp\/v2\/posts\/18250","targetHints":{"allow":["GET"]}}],"collection":[{"href":"https:\/\/kibrisdakik.com\/index.php?rest_route=\/wp\/v2\/posts"}],"about":[{"href":"https:\/\/kibrisdakik.com\/index.php?rest_route=\/wp\/v2\/types\/post"}],"author":[{"embeddable":true,"href":"https:\/\/kibrisdakik.com\/index.php?rest_route=\/wp\/v2\/users\/1"}],"replies":[{"embeddable":true,"href":"https:\/\/kibrisdakik.com\/index.php?rest_route=%2Fwp%2Fv2%2Fcomments&post=18250"}],"version-history":[{"count":0,"href":"https:\/\/kibrisdakik.com\/index.php?rest_route=\/wp\/v2\/posts\/18250\/revisions"}],"wp:featuredmedia":[{"embeddable":true,"href":"https:\/\/kibrisdakik.com\/index.php?rest_route=\/wp\/v2\/media\/18251"}],"wp:attachment":[{"href":"https:\/\/kibrisdakik.com\/index.php?rest_route=%2Fwp%2Fv2%2Fmedia&parent=18250"}],"wp:term":[{"taxonomy":"category","embeddable":true,"href":"https:\/\/kibrisdakik.com\/index.php?rest_route=%2Fwp%2Fv2%2Fcategories&post=18250"},{"taxonomy":"post_tag","embeddable":true,"href":"https:\/\/kibrisdakik.com\/index.php?rest_route=%2Fwp%2Fv2%2Ftags&post=18250"}],"curies":[{"name":"wp","href":"https:\/\/api.w.org\/{rel}","templated":true}]}}