{"id":18352,"date":"2023-11-12T08:11:04","date_gmt":"2023-11-12T08:11:04","guid":{"rendered":"https:\/\/kibrisdakik.com\/index.php\/2023\/11\/12\/kayip-ozparlakin-bulunmasi-icin-sivil-savunma-ekipleri-de-seferber-oldu\/"},"modified":"2023-11-12T08:11:04","modified_gmt":"2023-11-12T08:11:04","slug":"kayip-ozparlakin-bulunmasi-icin-sivil-savunma-ekipleri-de-seferber-oldu","status":"publish","type":"post","link":"https:\/\/kibrisdakik.com\/?p=18352","title":{"rendered":"Kay\u0131p \u00d6zparlak\u2019\u0131n bulunmas\u0131 i\u00e7in Sivil Savunma ekipleri de seferber oldu"},"content":{"rendered":"<p><img decoding=\"async\" src=\"https:\/\/www.kibristurk.com\/images\/haberler\/2023\/11\/kayip-ozparlakin-bulunmasi-icin-sivil-savunma-ekipleri-de-seferber-oldu-1699776188.webp\" \/><\/p>\n<p>Ayd\u0131nk\u00f6y\u2019de 10 Kas\u0131m\u2019da kaybolan ve d\u00fcn bulunan 94 ya\u015f\u0131ndaki Rasim \u00d6zparlak\u2019\u0131n bulunmas\u0131 \u00e7al\u0131\u015fmalar\u0131na Sivil Savunma Te\u015fkilat\u0131 ekiplerinin de kat\u0131ld\u0131\u011f\u0131 bildirildi.&nbsp;<\/p>\n<p>Sivil Savunma Te\u015fkilat\u0131\u2019ndan yap\u0131lan a\u00e7\u0131klamaya g\u00f6re, Sivil Savunma Te\u015fkilat\u0131 Ba\u015fkanl\u0131\u011f\u0131 G\u00fczelyurt B\u00f6lge M\u00fcd\u00fcrl\u00fc\u011f\u00fc\u2019ne 10 Kas\u0131m\u2019da G\u00fczelyurt Polis M\u00fcd\u00fcrl\u00fc\u011f\u00fc taraf\u0131ndan Ayd\u0131nk\u00f6y\u2019de sakin Alzheimer hastas\u0131 Rasim \u00d6zparlak adl\u0131 94 ya\u015f\u0131ndaki vatanda\u015f\u0131n kay\u0131p oldu\u011fu bilgisi verildi ve arama-kurtarma faaliyeti i\u00e7in yard\u0131m talep edildi.&nbsp;<\/p>\n<p>Bunun \u00fczerine Sivil Savunma Te\u015fkilat\u0131 Ba\u015fkanl\u0131\u011f\u0131 taraf\u0131ndan arama-kurtarma ekipleri derhal olay b\u00f6lgesine sevk edilerek b\u00f6lgede Sivil Savunma Mobil Kriz Koordinasyon Merkezi kuruldu.&nbsp;<\/p>\n<p>Rasim \u00d6zparlak\u2019\u0131 arama kurtarma faaliyetlerinde 48 Sivil Savunma personelinin yan\u0131 s\u0131ra 13 arama kurtarma arac\u0131 ve 4 de dron kullan\u0131ld\u0131.&nbsp;<\/p>\n<p>Arama-Kurtarma faaliyetinde Sivil Savunma Te\u015fkilat\u0131 Ba\u015fkanl\u0131\u011f\u0131 ekiplerinin yan\u0131 s\u0131ra, Polis Genel M\u00fcd\u00fcrl\u00fc\u011f\u00fc \u00c7evik Birlik Personeli, \u0130tfaiye M\u00fcd\u00fcrl\u00fc\u011f\u00fc personeli, K\u0131br\u0131s Arama Kurtarma Derne\u011fi (KARK), Do\u011fal Afet Arama ve Kurtarma Derne\u011fi (DAAK), Sivil Afet Timi Derne\u011fi (SAT) ekipleri ve b\u00f6lge halk\u0131 kat\u0131ld\u0131.&nbsp;<\/p>\n<p>\u00d6zparlak, gecenin ilerleyen saatlerine kadar s\u00fcren ve d\u00fcn sabah erken saatlerde yeniden ba\u015flat\u0131lan arama-kurtarma \u00e7al\u0131\u015fmalar\u0131 sonucunda \u00d6zparlak d\u00fcn saat 16.00 s\u0131ralar\u0131nda bulunmu\u015f ve Sa\u011fl\u0131k Bakanl\u0131\u011f\u0131&#8217;na ait ambulansla hastaneye sevk edilmi\u015fti.&nbsp;<\/p>\n<p>&nbsp;<\/p>\n","protected":false},"excerpt":{"rendered":"<p>Ayd\u0131nk\u00f6y\u2019de 10 Kas\u0131m\u2019da kaybolan ve d\u00fcn bulunan 94 ya\u015f\u0131ndaki Rasim \u00d6zparlak\u2019\u0131n bulunmas\u0131 \u00e7al\u0131\u015fmalar\u0131na Sivil Savunma Te\u015fkilat\u0131 ekiplerinin de kat\u0131ld\u0131\u011f\u0131 bildirildi.&nbsp; Sivil Savunma Te\u015fkilat\u0131\u2019ndan yap\u0131lan a\u00e7\u0131klamaya g\u00f6re, Sivil Savunma Te\u015fkilat\u0131 Ba\u015fkanl\u0131\u011f\u0131 G\u00fczelyurt B\u00f6lge M\u00fcd\u00fcrl\u00fc\u011f\u00fc\u2019ne 10 Kas\u0131m\u2019da G\u00fczelyurt Polis M\u00fcd\u00fcrl\u00fc\u011f\u00fc taraf\u0131ndan Ayd\u0131nk\u00f6y\u2019de sakin Alzheimer hastas\u0131 Rasim \u00d6zparlak adl\u0131 94 ya\u015f\u0131ndaki vatanda\u015f\u0131n kay\u0131p oldu\u011fu bilgisi verildi ve arama-kurtarma<\/p>\n","protected":false},"author":1,"featured_media":18353,"comment_status":"open","ping_status":"open","sticky":false,"template":"","format":"standard","meta":{"footnotes":""},"categories":[1],"tags":[],"class_list":["post-18352","post","type-post","status-publish","format-standard","has-post-thumbnail","hentry","category-gundem"],"yoast_head":"<!-- This site is optimized with the Yoast SEO plugin v27.5 - https:\/\/yoast.com\/product\/yoast-seo-wordpress\/ -->\n<title>Kay\u0131p \u00d6zparlak\u2019\u0131n bulunmas\u0131 i\u00e7in Sivil Savunma ekipleri de seferber oldu -<\/title>\n<meta name=\"robots\" content=\"index, follow, max-snippet:-1, max-image-preview:large, max-video-preview:-1\" \/>\n<link rel=\"canonical\" href=\"https:\/\/kibrisdakik.com\/?p=18352\" \/>\n<meta property=\"og:locale\" content=\"tr_TR\" \/>\n<meta property=\"og:type\" content=\"article\" \/>\n<meta property=\"og:title\" content=\"Kay\u0131p \u00d6zparlak\u2019\u0131n bulunmas\u0131 i\u00e7in Sivil Savunma ekipleri de seferber oldu -\" \/>\n<meta property=\"og:description\" content=\"Ayd\u0131nk\u00f6y\u2019de 10 Kas\u0131m\u2019da kaybolan ve d\u00fcn bulunan 94 ya\u015f\u0131ndaki Rasim \u00d6zparlak\u2019\u0131n bulunmas\u0131 \u00e7al\u0131\u015fmalar\u0131na Sivil Savunma Te\u015fkilat\u0131 ekiplerinin de kat\u0131ld\u0131\u011f\u0131 bildirildi.&nbsp; Sivil Savunma Te\u015fkilat\u0131\u2019ndan yap\u0131lan a\u00e7\u0131klamaya g\u00f6re, Sivil Savunma Te\u015fkilat\u0131 Ba\u015fkanl\u0131\u011f\u0131 G\u00fczelyurt B\u00f6lge M\u00fcd\u00fcrl\u00fc\u011f\u00fc\u2019ne 10 Kas\u0131m\u2019da G\u00fczelyurt Polis M\u00fcd\u00fcrl\u00fc\u011f\u00fc taraf\u0131ndan Ayd\u0131nk\u00f6y\u2019de sakin Alzheimer hastas\u0131 Rasim \u00d6zparlak adl\u0131 94 ya\u015f\u0131ndaki vatanda\u015f\u0131n kay\u0131p oldu\u011fu bilgisi verildi ve arama-kurtarma\" \/>\n<meta property=\"og:url\" content=\"https:\/\/kibrisdakik.com\/?p=18352\" \/>\n<meta property=\"article:published_time\" content=\"2023-11-12T08:11:04+00:00\" \/>\n<meta property=\"og:image\" content=\"https:\/\/kibrisdakik.com\/wp-content\/uploads\/2023\/11\/kayip-ozparlakin-bulunmasi-icin-sivil-savunma-ekipleri-de-seferber-oldu-1699776188.webp.webp\" \/>\n\t<meta property=\"og:image:width\" content=\"710\" \/>\n\t<meta property=\"og:image:height\" content=\"370\" \/>\n\t<meta property=\"og:image:type\" content=\"image\/webp\" \/>\n<meta name=\"author\" content=\"admin\" \/>\n<meta name=\"twitter:card\" content=\"summary_large_image\" \/>\n<meta name=\"twitter:label1\" content=\"Yazan:\" \/>\n\t<meta name=\"twitter:data1\" content=\"admin\" \/>\n\t<meta name=\"twitter:label2\" content=\"Tahmini okuma s\u00fcresi\" \/>\n\t<meta name=\"twitter:data2\" content=\"1 dakika\" \/>\n<script type=\"application\/ld+json\" class=\"yoast-schema-graph\">{\"@context\":\"https:\\\/\\\/schema.org\",\"@graph\":[{\"@type\":\"Article\",\"@id\":\"https:\\\/\\\/kibrisdakik.com\\\/?p=18352#article\",\"isPartOf\":{\"@id\":\"https:\\\/\\\/kibrisdakik.com\\\/?p=18352\"},\"author\":{\"name\":\"admin\",\"@id\":\"https:\\\/\\\/kibrisdakik.com\\\/#\\\/schema\\\/person\\\/9cd9d437bbb44f72b73ba127e06d8e79\"},\"headline\":\"Kay\u0131p \u00d6zparlak\u2019\u0131n bulunmas\u0131 i\u00e7in Sivil Savunma ekipleri de seferber oldu\",\"datePublished\":\"2023-11-12T08:11:04+00:00\",\"mainEntityOfPage\":{\"@id\":\"https:\\\/\\\/kibrisdakik.com\\\/?p=18352\"},\"wordCount\":257,\"commentCount\":0,\"image\":{\"@id\":\"https:\\\/\\\/kibrisdakik.com\\\/?p=18352#primaryimage\"},\"thumbnailUrl\":\"https:\\\/\\\/kibrisdakik.com\\\/wp-content\\\/uploads\\\/2023\\\/11\\\/kayip-ozparlakin-bulunmasi-icin-sivil-savunma-ekipleri-de-seferber-oldu-1699776188.webp.webp\",\"articleSection\":[\"G\u00fcndem\"],\"inLanguage\":\"tr\",\"potentialAction\":[{\"@type\":\"CommentAction\",\"name\":\"Comment\",\"target\":[\"https:\\\/\\\/kibrisdakik.com\\\/?p=18352#respond\"]}]},{\"@type\":\"WebPage\",\"@id\":\"https:\\\/\\\/kibrisdakik.com\\\/?p=18352\",\"url\":\"https:\\\/\\\/kibrisdakik.com\\\/?p=18352\",\"name\":\"Kay\u0131p \u00d6zparlak\u2019\u0131n bulunmas\u0131 i\u00e7in Sivil Savunma ekipleri de seferber oldu -\",\"isPartOf\":{\"@id\":\"https:\\\/\\\/kibrisdakik.com\\\/#website\"},\"primaryImageOfPage\":{\"@id\":\"https:\\\/\\\/kibrisdakik.com\\\/?p=18352#primaryimage\"},\"image\":{\"@id\":\"https:\\\/\\\/kibrisdakik.com\\\/?p=18352#primaryimage\"},\"thumbnailUrl\":\"https:\\\/\\\/kibrisdakik.com\\\/wp-content\\\/uploads\\\/2023\\\/11\\\/kayip-ozparlakin-bulunmasi-icin-sivil-savunma-ekipleri-de-seferber-oldu-1699776188.webp.webp\",\"datePublished\":\"2023-11-12T08:11:04+00:00\",\"author\":{\"@id\":\"https:\\\/\\\/kibrisdakik.com\\\/#\\\/schema\\\/person\\\/9cd9d437bbb44f72b73ba127e06d8e79\"},\"breadcrumb\":{\"@id\":\"https:\\\/\\\/kibrisdakik.com\\\/?p=18352#breadcrumb\"},\"inLanguage\":\"tr\",\"potentialAction\":[{\"@type\":\"ReadAction\",\"target\":[\"https:\\\/\\\/kibrisdakik.com\\\/?p=18352\"]}]},{\"@type\":\"ImageObject\",\"inLanguage\":\"tr\",\"@id\":\"https:\\\/\\\/kibrisdakik.com\\\/?p=18352#primaryimage\",\"url\":\"https:\\\/\\\/kibrisdakik.com\\\/wp-content\\\/uploads\\\/2023\\\/11\\\/kayip-ozparlakin-bulunmasi-icin-sivil-savunma-ekipleri-de-seferber-oldu-1699776188.webp.webp\",\"contentUrl\":\"https:\\\/\\\/kibrisdakik.com\\\/wp-content\\\/uploads\\\/2023\\\/11\\\/kayip-ozparlakin-bulunmasi-icin-sivil-savunma-ekipleri-de-seferber-oldu-1699776188.webp.webp\",\"width\":710,\"height\":370},{\"@type\":\"BreadcrumbList\",\"@id\":\"https:\\\/\\\/kibrisdakik.com\\\/?p=18352#breadcrumb\",\"itemListElement\":[{\"@type\":\"ListItem\",\"position\":1,\"name\":\"Home\",\"item\":\"https:\\\/\\\/kibrisdakik.com\\\/\"},{\"@type\":\"ListItem\",\"position\":2,\"name\":\"Kay\u0131p \u00d6zparlak\u2019\u0131n bulunmas\u0131 i\u00e7in Sivil Savunma ekipleri de seferber oldu\"}]},{\"@type\":\"WebSite\",\"@id\":\"https:\\\/\\\/kibrisdakik.com\\\/#website\",\"url\":\"https:\\\/\\\/kibrisdakik.com\\\/\",\"name\":\"\",\"description\":\"Tam vaktinde haber\",\"potentialAction\":[{\"@type\":\"SearchAction\",\"target\":{\"@type\":\"EntryPoint\",\"urlTemplate\":\"https:\\\/\\\/kibrisdakik.com\\\/?s={search_term_string}\"},\"query-input\":{\"@type\":\"PropertyValueSpecification\",\"valueRequired\":true,\"valueName\":\"search_term_string\"}}],\"inLanguage\":\"tr\"},{\"@type\":\"Person\",\"@id\":\"https:\\\/\\\/kibrisdakik.com\\\/#\\\/schema\\\/person\\\/9cd9d437bbb44f72b73ba127e06d8e79\",\"name\":\"admin\",\"image\":{\"@type\":\"ImageObject\",\"inLanguage\":\"tr\",\"@id\":\"https:\\\/\\\/secure.gravatar.com\\\/avatar\\\/ccc17943b9d660506c869530f897617f7cb1c21a4bf30023f252596d83e1f007?s=96&d=mm&r=g\",\"url\":\"https:\\\/\\\/secure.gravatar.com\\\/avatar\\\/ccc17943b9d660506c869530f897617f7cb1c21a4bf30023f252596d83e1f007?s=96&d=mm&r=g\",\"contentUrl\":\"https:\\\/\\\/secure.gravatar.com\\\/avatar\\\/ccc17943b9d660506c869530f897617f7cb1c21a4bf30023f252596d83e1f007?s=96&d=mm&r=g\",\"caption\":\"admin\"},\"sameAs\":[\"https:\\\/\\\/kibrisdakik.com\"],\"url\":\"https:\\\/\\\/kibrisdakik.com\\\/?author=1\"}]}<\/script>\n<!-- \/ Yoast SEO plugin. -->","yoast_head_json":{"title":"Kay\u0131p \u00d6zparlak\u2019\u0131n bulunmas\u0131 i\u00e7in Sivil Savunma ekipleri de seferber oldu -","robots":{"index":"index","follow":"follow","max-snippet":"max-snippet:-1","max-image-preview":"max-image-preview:large","max-video-preview":"max-video-preview:-1"},"canonical":"https:\/\/kibrisdakik.com\/?p=18352","og_locale":"tr_TR","og_type":"article","og_title":"Kay\u0131p \u00d6zparlak\u2019\u0131n bulunmas\u0131 i\u00e7in Sivil Savunma ekipleri de seferber oldu -","og_description":"Ayd\u0131nk\u00f6y\u2019de 10 Kas\u0131m\u2019da kaybolan ve d\u00fcn bulunan 94 ya\u015f\u0131ndaki Rasim \u00d6zparlak\u2019\u0131n bulunmas\u0131 \u00e7al\u0131\u015fmalar\u0131na Sivil Savunma Te\u015fkilat\u0131 ekiplerinin de kat\u0131ld\u0131\u011f\u0131 bildirildi.&nbsp; Sivil Savunma Te\u015fkilat\u0131\u2019ndan yap\u0131lan a\u00e7\u0131klamaya g\u00f6re, Sivil Savunma Te\u015fkilat\u0131 Ba\u015fkanl\u0131\u011f\u0131 G\u00fczelyurt B\u00f6lge M\u00fcd\u00fcrl\u00fc\u011f\u00fc\u2019ne 10 Kas\u0131m\u2019da G\u00fczelyurt Polis M\u00fcd\u00fcrl\u00fc\u011f\u00fc taraf\u0131ndan Ayd\u0131nk\u00f6y\u2019de sakin Alzheimer hastas\u0131 Rasim \u00d6zparlak adl\u0131 94 ya\u015f\u0131ndaki vatanda\u015f\u0131n kay\u0131p oldu\u011fu bilgisi verildi ve arama-kurtarma","og_url":"https:\/\/kibrisdakik.com\/?p=18352","article_published_time":"2023-11-12T08:11:04+00:00","og_image":[{"width":710,"height":370,"url":"https:\/\/kibrisdakik.com\/wp-content\/uploads\/2023\/11\/kayip-ozparlakin-bulunmasi-icin-sivil-savunma-ekipleri-de-seferber-oldu-1699776188.webp.webp","type":"image\/webp"}],"author":"admin","twitter_card":"summary_large_image","twitter_misc":{"Yazan:":"admin","Tahmini okuma s\u00fcresi":"1 dakika"},"schema":{"@context":"https:\/\/schema.org","@graph":[{"@type":"Article","@id":"https:\/\/kibrisdakik.com\/?p=18352#article","isPartOf":{"@id":"https:\/\/kibrisdakik.com\/?p=18352"},"author":{"name":"admin","@id":"https:\/\/kibrisdakik.com\/#\/schema\/person\/9cd9d437bbb44f72b73ba127e06d8e79"},"headline":"Kay\u0131p \u00d6zparlak\u2019\u0131n bulunmas\u0131 i\u00e7in Sivil Savunma ekipleri de seferber oldu","datePublished":"2023-11-12T08:11:04+00:00","mainEntityOfPage":{"@id":"https:\/\/kibrisdakik.com\/?p=18352"},"wordCount":257,"commentCount":0,"image":{"@id":"https:\/\/kibrisdakik.com\/?p=18352#primaryimage"},"thumbnailUrl":"https:\/\/kibrisdakik.com\/wp-content\/uploads\/2023\/11\/kayip-ozparlakin-bulunmasi-icin-sivil-savunma-ekipleri-de-seferber-oldu-1699776188.webp.webp","articleSection":["G\u00fcndem"],"inLanguage":"tr","potentialAction":[{"@type":"CommentAction","name":"Comment","target":["https:\/\/kibrisdakik.com\/?p=18352#respond"]}]},{"@type":"WebPage","@id":"https:\/\/kibrisdakik.com\/?p=18352","url":"https:\/\/kibrisdakik.com\/?p=18352","name":"Kay\u0131p \u00d6zparlak\u2019\u0131n bulunmas\u0131 i\u00e7in Sivil Savunma ekipleri de seferber oldu -","isPartOf":{"@id":"https:\/\/kibrisdakik.com\/#website"},"primaryImageOfPage":{"@id":"https:\/\/kibrisdakik.com\/?p=18352#primaryimage"},"image":{"@id":"https:\/\/kibrisdakik.com\/?p=18352#primaryimage"},"thumbnailUrl":"https:\/\/kibrisdakik.com\/wp-content\/uploads\/2023\/11\/kayip-ozparlakin-bulunmasi-icin-sivil-savunma-ekipleri-de-seferber-oldu-1699776188.webp.webp","datePublished":"2023-11-12T08:11:04+00:00","author":{"@id":"https:\/\/kibrisdakik.com\/#\/schema\/person\/9cd9d437bbb44f72b73ba127e06d8e79"},"breadcrumb":{"@id":"https:\/\/kibrisdakik.com\/?p=18352#breadcrumb"},"inLanguage":"tr","potentialAction":[{"@type":"ReadAction","target":["https:\/\/kibrisdakik.com\/?p=18352"]}]},{"@type":"ImageObject","inLanguage":"tr","@id":"https:\/\/kibrisdakik.com\/?p=18352#primaryimage","url":"https:\/\/kibrisdakik.com\/wp-content\/uploads\/2023\/11\/kayip-ozparlakin-bulunmasi-icin-sivil-savunma-ekipleri-de-seferber-oldu-1699776188.webp.webp","contentUrl":"https:\/\/kibrisdakik.com\/wp-content\/uploads\/2023\/11\/kayip-ozparlakin-bulunmasi-icin-sivil-savunma-ekipleri-de-seferber-oldu-1699776188.webp.webp","width":710,"height":370},{"@type":"BreadcrumbList","@id":"https:\/\/kibrisdakik.com\/?p=18352#breadcrumb","itemListElement":[{"@type":"ListItem","position":1,"name":"Home","item":"https:\/\/kibrisdakik.com\/"},{"@type":"ListItem","position":2,"name":"Kay\u0131p \u00d6zparlak\u2019\u0131n bulunmas\u0131 i\u00e7in Sivil Savunma ekipleri de seferber oldu"}]},{"@type":"WebSite","@id":"https:\/\/kibrisdakik.com\/#website","url":"https:\/\/kibrisdakik.com\/","name":"","description":"Tam vaktinde haber","potentialAction":[{"@type":"SearchAction","target":{"@type":"EntryPoint","urlTemplate":"https:\/\/kibrisdakik.com\/?s={search_term_string}"},"query-input":{"@type":"PropertyValueSpecification","valueRequired":true,"valueName":"search_term_string"}}],"inLanguage":"tr"},{"@type":"Person","@id":"https:\/\/kibrisdakik.com\/#\/schema\/person\/9cd9d437bbb44f72b73ba127e06d8e79","name":"admin","image":{"@type":"ImageObject","inLanguage":"tr","@id":"https:\/\/secure.gravatar.com\/avatar\/ccc17943b9d660506c869530f897617f7cb1c21a4bf30023f252596d83e1f007?s=96&d=mm&r=g","url":"https:\/\/secure.gravatar.com\/avatar\/ccc17943b9d660506c869530f897617f7cb1c21a4bf30023f252596d83e1f007?s=96&d=mm&r=g","contentUrl":"https:\/\/secure.gravatar.com\/avatar\/ccc17943b9d660506c869530f897617f7cb1c21a4bf30023f252596d83e1f007?s=96&d=mm&r=g","caption":"admin"},"sameAs":["https:\/\/kibrisdakik.com"],"url":"https:\/\/kibrisdakik.com\/?author=1"}]}},"_links":{"self":[{"href":"https:\/\/kibrisdakik.com\/index.php?rest_route=\/wp\/v2\/posts\/18352","targetHints":{"allow":["GET"]}}],"collection":[{"href":"https:\/\/kibrisdakik.com\/index.php?rest_route=\/wp\/v2\/posts"}],"about":[{"href":"https:\/\/kibrisdakik.com\/index.php?rest_route=\/wp\/v2\/types\/post"}],"author":[{"embeddable":true,"href":"https:\/\/kibrisdakik.com\/index.php?rest_route=\/wp\/v2\/users\/1"}],"replies":[{"embeddable":true,"href":"https:\/\/kibrisdakik.com\/index.php?rest_route=%2Fwp%2Fv2%2Fcomments&post=18352"}],"version-history":[{"count":0,"href":"https:\/\/kibrisdakik.com\/index.php?rest_route=\/wp\/v2\/posts\/18352\/revisions"}],"wp:featuredmedia":[{"embeddable":true,"href":"https:\/\/kibrisdakik.com\/index.php?rest_route=\/wp\/v2\/media\/18353"}],"wp:attachment":[{"href":"https:\/\/kibrisdakik.com\/index.php?rest_route=%2Fwp%2Fv2%2Fmedia&parent=18352"}],"wp:term":[{"taxonomy":"category","embeddable":true,"href":"https:\/\/kibrisdakik.com\/index.php?rest_route=%2Fwp%2Fv2%2Fcategories&post=18352"},{"taxonomy":"post_tag","embeddable":true,"href":"https:\/\/kibrisdakik.com\/index.php?rest_route=%2Fwp%2Fv2%2Ftags&post=18352"}],"curies":[{"name":"wp","href":"https:\/\/api.w.org\/{rel}","templated":true}]}}