{"id":18360,"date":"2023-11-12T10:12:48","date_gmt":"2023-11-12T10:12:48","guid":{"rendered":"https:\/\/kibrisdakik.com\/index.php\/2023\/11\/12\/meclis-baskani-tore-emsav-heyetini-kabul-etti\/"},"modified":"2023-11-12T10:12:48","modified_gmt":"2023-11-12T10:12:48","slug":"meclis-baskani-tore-emsav-heyetini-kabul-etti","status":"publish","type":"post","link":"https:\/\/kibrisdakik.com\/?p=18360","title":{"rendered":"Meclis Ba\u015fkan\u0131 T\u00f6re, EM\u015eAV heyetini kabul etti"},"content":{"rendered":"<p><img decoding=\"async\" src=\"https:\/\/www.kibristurk.com\/images\/haberler\/2023\/11\/meclis-baskani-tore-emsav-heyetini-kabul-etti-1699783733.webp\" \/><\/p>\n<p>Cumhuriyet Meclis Ba\u015fkan\u0131 Zorlu T\u00f6re Emniyet Te\u015fkilat\u0131 Vazife Malul\u00fc ve \u015eehit Aileleri Vakf\u0131 (EM\u015eAV) heyetini kabul etti.&nbsp;<\/p>\n<p>Meclis\u2019ten yap\u0131lan a\u00e7\u0131klamaya g\u00f6re, kabulde konu\u015fan T\u00f6re, Kuzey K\u0131br\u0131s T\u00fcrk Cumhuriyeti\u2019nin as\u0131rlard\u0131r var olan T\u00fcrk milletinin bir par\u00e7as\u0131 oldu\u011funu kaydetti. T\u00f6re, T\u00fcrkiye Cumhuriyeti\u2019nin 100 y\u0131l\u0131 geride b\u0131rakt\u0131\u011f\u0131n\u0131 ve Kuzey K\u0131br\u0131s T\u00fcrk Cumhuriyeti\u2019nin de 40 y\u0131ld\u0131r devlet olarak var oldu\u011funu vurgulad\u0131.&nbsp;&nbsp;<\/p>\n<p>T\u00f6re \u201cNas\u0131l ki 30 A\u011fustos Zafer Bayram\u0131 T\u00fcrkiye Cumhuriyeti\u2019nin temellerini atm\u0131\u015fsa, 1974 de&nbsp; Kuzey K\u0131br\u0131s T\u00fcrk Cumhuriyeti\u2019nin temel ta\u015f\u0131d\u0131r\u201d ifadelerini kulland\u0131.&nbsp;<\/p>\n<p>Ba\u015fkan T\u00f6re, Kuzey K\u0131br\u0131s topraklar\u0131 \u00fczerinde oyunlar oynand\u0131\u011f\u0131n\u0131 belirterek \u201cArt\u0131k birle\u015fik devlet olarak \u00e7\u00f6z\u00fcm aray\u0131\u015f\u0131 do\u011fru de\u011fildir bu topraklarda. Federal temelde bir \u00e7\u00f6z\u00fcm olamaz\u201d dedi. T\u00f6re,&nbsp; Emniyet Te\u015fkilat\u0131 Vazife Malul\u00fc ve \u015eehit Aileleri Vakf\u0131&#8217;n\u0131n \u00e7al\u0131\u015fmalar\u0131n\u0131 takdir ettiklerini belirterek, \u201cVazife malul\u00fc ve \u015fehit ailelerine her zaman destek son derece \u00f6nemlidir, bizler bu vazife ba\u015f\u0131nda olup&nbsp; malul ve gazi olan, \u015fehit olanlar sayesinde ayaktay\u0131z\u201d ifadelerini kullanarak, Vak\u0131f y\u00f6neticilerine \u00e7al\u0131\u015fmalar\u0131nda ba\u015far\u0131lar diledi.&nbsp;<\/p>\n<p>G\u00f6r\u00fc\u015fmede heyet ad\u0131na konu\u015fan Emekli T\u00fcmgeneral Ali Serin de, \u201cT\u00fcrkiye her zaman Kuzey K\u0131br\u0131s T\u00fcrk Cumhuriyeti\u2019nin yan\u0131ndad\u0131r, bu adada herkesin ba\u015fka planlar\u0131 olabilir farkl\u0131 aray\u0131\u015flarda olabilir; ancak bilinmelidir ki Kuzey K\u0131br\u0131s T\u00fcrk Cumhuriyeti her ge\u00e7en g\u00fcn daha da g\u00fc\u00e7leniyor ve g\u00fc\u00e7lenerek yoluna devam edecektir\u201d dedi.&nbsp;<\/p>\n","protected":false},"excerpt":{"rendered":"<p>Cumhuriyet Meclis Ba\u015fkan\u0131 Zorlu T\u00f6re Emniyet Te\u015fkilat\u0131 Vazife Malul\u00fc ve \u015eehit Aileleri Vakf\u0131 (EM\u015eAV) heyetini kabul etti.&nbsp; Meclis\u2019ten yap\u0131lan a\u00e7\u0131klamaya g\u00f6re, kabulde konu\u015fan T\u00f6re, Kuzey K\u0131br\u0131s T\u00fcrk Cumhuriyeti\u2019nin as\u0131rlard\u0131r var olan T\u00fcrk milletinin bir par\u00e7as\u0131 oldu\u011funu kaydetti. T\u00f6re, T\u00fcrkiye Cumhuriyeti\u2019nin 100 y\u0131l\u0131 geride b\u0131rakt\u0131\u011f\u0131n\u0131 ve Kuzey K\u0131br\u0131s T\u00fcrk Cumhuriyeti\u2019nin de 40 y\u0131ld\u0131r devlet olarak var<\/p>\n","protected":false},"author":1,"featured_media":18361,"comment_status":"open","ping_status":"open","sticky":false,"template":"","format":"standard","meta":{"footnotes":""},"categories":[1],"tags":[],"class_list":["post-18360","post","type-post","status-publish","format-standard","has-post-thumbnail","hentry","category-gundem"],"yoast_head":"<!-- This site is optimized with the Yoast SEO plugin v27.5 - https:\/\/yoast.com\/product\/yoast-seo-wordpress\/ -->\n<title>Meclis Ba\u015fkan\u0131 T\u00f6re, EM\u015eAV heyetini kabul etti -<\/title>\n<meta name=\"robots\" content=\"index, follow, max-snippet:-1, max-image-preview:large, max-video-preview:-1\" \/>\n<link rel=\"canonical\" href=\"https:\/\/kibrisdakik.com\/?p=18360\" \/>\n<meta property=\"og:locale\" content=\"tr_TR\" \/>\n<meta property=\"og:type\" content=\"article\" \/>\n<meta property=\"og:title\" content=\"Meclis Ba\u015fkan\u0131 T\u00f6re, EM\u015eAV heyetini kabul etti -\" \/>\n<meta property=\"og:description\" content=\"Cumhuriyet Meclis Ba\u015fkan\u0131 Zorlu T\u00f6re Emniyet Te\u015fkilat\u0131 Vazife Malul\u00fc ve \u015eehit Aileleri Vakf\u0131 (EM\u015eAV) heyetini kabul etti.&nbsp; Meclis\u2019ten yap\u0131lan a\u00e7\u0131klamaya g\u00f6re, kabulde konu\u015fan T\u00f6re, Kuzey K\u0131br\u0131s T\u00fcrk Cumhuriyeti\u2019nin as\u0131rlard\u0131r var olan T\u00fcrk milletinin bir par\u00e7as\u0131 oldu\u011funu kaydetti. T\u00f6re, T\u00fcrkiye Cumhuriyeti\u2019nin 100 y\u0131l\u0131 geride b\u0131rakt\u0131\u011f\u0131n\u0131 ve Kuzey K\u0131br\u0131s T\u00fcrk Cumhuriyeti\u2019nin de 40 y\u0131ld\u0131r devlet olarak var\" \/>\n<meta property=\"og:url\" content=\"https:\/\/kibrisdakik.com\/?p=18360\" \/>\n<meta property=\"article:published_time\" content=\"2023-11-12T10:12:48+00:00\" \/>\n<meta property=\"og:image\" content=\"https:\/\/kibrisdakik.com\/wp-content\/uploads\/2023\/11\/meclis-baskani-tore-emsav-heyetini-kabul-etti-1699783733.webp.webp\" \/>\n\t<meta property=\"og:image:width\" content=\"710\" \/>\n\t<meta property=\"og:image:height\" content=\"370\" \/>\n\t<meta property=\"og:image:type\" content=\"image\/webp\" \/>\n<meta name=\"author\" content=\"admin\" \/>\n<meta name=\"twitter:card\" content=\"summary_large_image\" \/>\n<meta name=\"twitter:label1\" content=\"Yazan:\" \/>\n\t<meta name=\"twitter:data1\" content=\"admin\" \/>\n\t<meta name=\"twitter:label2\" content=\"Tahmini okuma s\u00fcresi\" \/>\n\t<meta name=\"twitter:data2\" content=\"1 dakika\" \/>\n<script type=\"application\/ld+json\" class=\"yoast-schema-graph\">{\"@context\":\"https:\\\/\\\/schema.org\",\"@graph\":[{\"@type\":\"Article\",\"@id\":\"https:\\\/\\\/kibrisdakik.com\\\/?p=18360#article\",\"isPartOf\":{\"@id\":\"https:\\\/\\\/kibrisdakik.com\\\/?p=18360\"},\"author\":{\"name\":\"admin\",\"@id\":\"https:\\\/\\\/kibrisdakik.com\\\/#\\\/schema\\\/person\\\/9cd9d437bbb44f72b73ba127e06d8e79\"},\"headline\":\"Meclis Ba\u015fkan\u0131 T\u00f6re, EM\u015eAV heyetini kabul etti\",\"datePublished\":\"2023-11-12T10:12:48+00:00\",\"mainEntityOfPage\":{\"@id\":\"https:\\\/\\\/kibrisdakik.com\\\/?p=18360\"},\"wordCount\":297,\"commentCount\":0,\"image\":{\"@id\":\"https:\\\/\\\/kibrisdakik.com\\\/?p=18360#primaryimage\"},\"thumbnailUrl\":\"https:\\\/\\\/kibrisdakik.com\\\/wp-content\\\/uploads\\\/2023\\\/11\\\/meclis-baskani-tore-emsav-heyetini-kabul-etti-1699783733.webp.webp\",\"articleSection\":[\"G\u00fcndem\"],\"inLanguage\":\"tr\",\"potentialAction\":[{\"@type\":\"CommentAction\",\"name\":\"Comment\",\"target\":[\"https:\\\/\\\/kibrisdakik.com\\\/?p=18360#respond\"]}]},{\"@type\":\"WebPage\",\"@id\":\"https:\\\/\\\/kibrisdakik.com\\\/?p=18360\",\"url\":\"https:\\\/\\\/kibrisdakik.com\\\/?p=18360\",\"name\":\"Meclis Ba\u015fkan\u0131 T\u00f6re, EM\u015eAV heyetini kabul etti -\",\"isPartOf\":{\"@id\":\"https:\\\/\\\/kibrisdakik.com\\\/#website\"},\"primaryImageOfPage\":{\"@id\":\"https:\\\/\\\/kibrisdakik.com\\\/?p=18360#primaryimage\"},\"image\":{\"@id\":\"https:\\\/\\\/kibrisdakik.com\\\/?p=18360#primaryimage\"},\"thumbnailUrl\":\"https:\\\/\\\/kibrisdakik.com\\\/wp-content\\\/uploads\\\/2023\\\/11\\\/meclis-baskani-tore-emsav-heyetini-kabul-etti-1699783733.webp.webp\",\"datePublished\":\"2023-11-12T10:12:48+00:00\",\"author\":{\"@id\":\"https:\\\/\\\/kibrisdakik.com\\\/#\\\/schema\\\/person\\\/9cd9d437bbb44f72b73ba127e06d8e79\"},\"breadcrumb\":{\"@id\":\"https:\\\/\\\/kibrisdakik.com\\\/?p=18360#breadcrumb\"},\"inLanguage\":\"tr\",\"potentialAction\":[{\"@type\":\"ReadAction\",\"target\":[\"https:\\\/\\\/kibrisdakik.com\\\/?p=18360\"]}]},{\"@type\":\"ImageObject\",\"inLanguage\":\"tr\",\"@id\":\"https:\\\/\\\/kibrisdakik.com\\\/?p=18360#primaryimage\",\"url\":\"https:\\\/\\\/kibrisdakik.com\\\/wp-content\\\/uploads\\\/2023\\\/11\\\/meclis-baskani-tore-emsav-heyetini-kabul-etti-1699783733.webp.webp\",\"contentUrl\":\"https:\\\/\\\/kibrisdakik.com\\\/wp-content\\\/uploads\\\/2023\\\/11\\\/meclis-baskani-tore-emsav-heyetini-kabul-etti-1699783733.webp.webp\",\"width\":710,\"height\":370},{\"@type\":\"BreadcrumbList\",\"@id\":\"https:\\\/\\\/kibrisdakik.com\\\/?p=18360#breadcrumb\",\"itemListElement\":[{\"@type\":\"ListItem\",\"position\":1,\"name\":\"Home\",\"item\":\"https:\\\/\\\/kibrisdakik.com\\\/\"},{\"@type\":\"ListItem\",\"position\":2,\"name\":\"Meclis Ba\u015fkan\u0131 T\u00f6re, EM\u015eAV heyetini kabul etti\"}]},{\"@type\":\"WebSite\",\"@id\":\"https:\\\/\\\/kibrisdakik.com\\\/#website\",\"url\":\"https:\\\/\\\/kibrisdakik.com\\\/\",\"name\":\"\",\"description\":\"Tam vaktinde haber\",\"potentialAction\":[{\"@type\":\"SearchAction\",\"target\":{\"@type\":\"EntryPoint\",\"urlTemplate\":\"https:\\\/\\\/kibrisdakik.com\\\/?s={search_term_string}\"},\"query-input\":{\"@type\":\"PropertyValueSpecification\",\"valueRequired\":true,\"valueName\":\"search_term_string\"}}],\"inLanguage\":\"tr\"},{\"@type\":\"Person\",\"@id\":\"https:\\\/\\\/kibrisdakik.com\\\/#\\\/schema\\\/person\\\/9cd9d437bbb44f72b73ba127e06d8e79\",\"name\":\"admin\",\"image\":{\"@type\":\"ImageObject\",\"inLanguage\":\"tr\",\"@id\":\"https:\\\/\\\/secure.gravatar.com\\\/avatar\\\/ccc17943b9d660506c869530f897617f7cb1c21a4bf30023f252596d83e1f007?s=96&d=mm&r=g\",\"url\":\"https:\\\/\\\/secure.gravatar.com\\\/avatar\\\/ccc17943b9d660506c869530f897617f7cb1c21a4bf30023f252596d83e1f007?s=96&d=mm&r=g\",\"contentUrl\":\"https:\\\/\\\/secure.gravatar.com\\\/avatar\\\/ccc17943b9d660506c869530f897617f7cb1c21a4bf30023f252596d83e1f007?s=96&d=mm&r=g\",\"caption\":\"admin\"},\"sameAs\":[\"https:\\\/\\\/kibrisdakik.com\"],\"url\":\"https:\\\/\\\/kibrisdakik.com\\\/?author=1\"}]}<\/script>\n<!-- \/ Yoast SEO plugin. -->","yoast_head_json":{"title":"Meclis Ba\u015fkan\u0131 T\u00f6re, EM\u015eAV heyetini kabul etti -","robots":{"index":"index","follow":"follow","max-snippet":"max-snippet:-1","max-image-preview":"max-image-preview:large","max-video-preview":"max-video-preview:-1"},"canonical":"https:\/\/kibrisdakik.com\/?p=18360","og_locale":"tr_TR","og_type":"article","og_title":"Meclis Ba\u015fkan\u0131 T\u00f6re, EM\u015eAV heyetini kabul etti -","og_description":"Cumhuriyet Meclis Ba\u015fkan\u0131 Zorlu T\u00f6re Emniyet Te\u015fkilat\u0131 Vazife Malul\u00fc ve \u015eehit Aileleri Vakf\u0131 (EM\u015eAV) heyetini kabul etti.&nbsp; Meclis\u2019ten yap\u0131lan a\u00e7\u0131klamaya g\u00f6re, kabulde konu\u015fan T\u00f6re, Kuzey K\u0131br\u0131s T\u00fcrk Cumhuriyeti\u2019nin as\u0131rlard\u0131r var olan T\u00fcrk milletinin bir par\u00e7as\u0131 oldu\u011funu kaydetti. T\u00f6re, T\u00fcrkiye Cumhuriyeti\u2019nin 100 y\u0131l\u0131 geride b\u0131rakt\u0131\u011f\u0131n\u0131 ve Kuzey K\u0131br\u0131s T\u00fcrk Cumhuriyeti\u2019nin de 40 y\u0131ld\u0131r devlet olarak var","og_url":"https:\/\/kibrisdakik.com\/?p=18360","article_published_time":"2023-11-12T10:12:48+00:00","og_image":[{"width":710,"height":370,"url":"https:\/\/kibrisdakik.com\/wp-content\/uploads\/2023\/11\/meclis-baskani-tore-emsav-heyetini-kabul-etti-1699783733.webp.webp","type":"image\/webp"}],"author":"admin","twitter_card":"summary_large_image","twitter_misc":{"Yazan:":"admin","Tahmini okuma s\u00fcresi":"1 dakika"},"schema":{"@context":"https:\/\/schema.org","@graph":[{"@type":"Article","@id":"https:\/\/kibrisdakik.com\/?p=18360#article","isPartOf":{"@id":"https:\/\/kibrisdakik.com\/?p=18360"},"author":{"name":"admin","@id":"https:\/\/kibrisdakik.com\/#\/schema\/person\/9cd9d437bbb44f72b73ba127e06d8e79"},"headline":"Meclis Ba\u015fkan\u0131 T\u00f6re, EM\u015eAV heyetini kabul etti","datePublished":"2023-11-12T10:12:48+00:00","mainEntityOfPage":{"@id":"https:\/\/kibrisdakik.com\/?p=18360"},"wordCount":297,"commentCount":0,"image":{"@id":"https:\/\/kibrisdakik.com\/?p=18360#primaryimage"},"thumbnailUrl":"https:\/\/kibrisdakik.com\/wp-content\/uploads\/2023\/11\/meclis-baskani-tore-emsav-heyetini-kabul-etti-1699783733.webp.webp","articleSection":["G\u00fcndem"],"inLanguage":"tr","potentialAction":[{"@type":"CommentAction","name":"Comment","target":["https:\/\/kibrisdakik.com\/?p=18360#respond"]}]},{"@type":"WebPage","@id":"https:\/\/kibrisdakik.com\/?p=18360","url":"https:\/\/kibrisdakik.com\/?p=18360","name":"Meclis Ba\u015fkan\u0131 T\u00f6re, EM\u015eAV heyetini kabul etti -","isPartOf":{"@id":"https:\/\/kibrisdakik.com\/#website"},"primaryImageOfPage":{"@id":"https:\/\/kibrisdakik.com\/?p=18360#primaryimage"},"image":{"@id":"https:\/\/kibrisdakik.com\/?p=18360#primaryimage"},"thumbnailUrl":"https:\/\/kibrisdakik.com\/wp-content\/uploads\/2023\/11\/meclis-baskani-tore-emsav-heyetini-kabul-etti-1699783733.webp.webp","datePublished":"2023-11-12T10:12:48+00:00","author":{"@id":"https:\/\/kibrisdakik.com\/#\/schema\/person\/9cd9d437bbb44f72b73ba127e06d8e79"},"breadcrumb":{"@id":"https:\/\/kibrisdakik.com\/?p=18360#breadcrumb"},"inLanguage":"tr","potentialAction":[{"@type":"ReadAction","target":["https:\/\/kibrisdakik.com\/?p=18360"]}]},{"@type":"ImageObject","inLanguage":"tr","@id":"https:\/\/kibrisdakik.com\/?p=18360#primaryimage","url":"https:\/\/kibrisdakik.com\/wp-content\/uploads\/2023\/11\/meclis-baskani-tore-emsav-heyetini-kabul-etti-1699783733.webp.webp","contentUrl":"https:\/\/kibrisdakik.com\/wp-content\/uploads\/2023\/11\/meclis-baskani-tore-emsav-heyetini-kabul-etti-1699783733.webp.webp","width":710,"height":370},{"@type":"BreadcrumbList","@id":"https:\/\/kibrisdakik.com\/?p=18360#breadcrumb","itemListElement":[{"@type":"ListItem","position":1,"name":"Home","item":"https:\/\/kibrisdakik.com\/"},{"@type":"ListItem","position":2,"name":"Meclis Ba\u015fkan\u0131 T\u00f6re, EM\u015eAV heyetini kabul etti"}]},{"@type":"WebSite","@id":"https:\/\/kibrisdakik.com\/#website","url":"https:\/\/kibrisdakik.com\/","name":"","description":"Tam vaktinde haber","potentialAction":[{"@type":"SearchAction","target":{"@type":"EntryPoint","urlTemplate":"https:\/\/kibrisdakik.com\/?s={search_term_string}"},"query-input":{"@type":"PropertyValueSpecification","valueRequired":true,"valueName":"search_term_string"}}],"inLanguage":"tr"},{"@type":"Person","@id":"https:\/\/kibrisdakik.com\/#\/schema\/person\/9cd9d437bbb44f72b73ba127e06d8e79","name":"admin","image":{"@type":"ImageObject","inLanguage":"tr","@id":"https:\/\/secure.gravatar.com\/avatar\/ccc17943b9d660506c869530f897617f7cb1c21a4bf30023f252596d83e1f007?s=96&d=mm&r=g","url":"https:\/\/secure.gravatar.com\/avatar\/ccc17943b9d660506c869530f897617f7cb1c21a4bf30023f252596d83e1f007?s=96&d=mm&r=g","contentUrl":"https:\/\/secure.gravatar.com\/avatar\/ccc17943b9d660506c869530f897617f7cb1c21a4bf30023f252596d83e1f007?s=96&d=mm&r=g","caption":"admin"},"sameAs":["https:\/\/kibrisdakik.com"],"url":"https:\/\/kibrisdakik.com\/?author=1"}]}},"_links":{"self":[{"href":"https:\/\/kibrisdakik.com\/index.php?rest_route=\/wp\/v2\/posts\/18360","targetHints":{"allow":["GET"]}}],"collection":[{"href":"https:\/\/kibrisdakik.com\/index.php?rest_route=\/wp\/v2\/posts"}],"about":[{"href":"https:\/\/kibrisdakik.com\/index.php?rest_route=\/wp\/v2\/types\/post"}],"author":[{"embeddable":true,"href":"https:\/\/kibrisdakik.com\/index.php?rest_route=\/wp\/v2\/users\/1"}],"replies":[{"embeddable":true,"href":"https:\/\/kibrisdakik.com\/index.php?rest_route=%2Fwp%2Fv2%2Fcomments&post=18360"}],"version-history":[{"count":0,"href":"https:\/\/kibrisdakik.com\/index.php?rest_route=\/wp\/v2\/posts\/18360\/revisions"}],"wp:featuredmedia":[{"embeddable":true,"href":"https:\/\/kibrisdakik.com\/index.php?rest_route=\/wp\/v2\/media\/18361"}],"wp:attachment":[{"href":"https:\/\/kibrisdakik.com\/index.php?rest_route=%2Fwp%2Fv2%2Fmedia&parent=18360"}],"wp:term":[{"taxonomy":"category","embeddable":true,"href":"https:\/\/kibrisdakik.com\/index.php?rest_route=%2Fwp%2Fv2%2Fcategories&post=18360"},{"taxonomy":"post_tag","embeddable":true,"href":"https:\/\/kibrisdakik.com\/index.php?rest_route=%2Fwp%2Fv2%2Ftags&post=18360"}],"curies":[{"name":"wp","href":"https:\/\/api.w.org\/{rel}","templated":true}]}}