{"id":18426,"date":"2023-11-12T19:06:08","date_gmt":"2023-11-12T19:06:08","guid":{"rendered":"https:\/\/kibrisdakik.com\/index.php\/2023\/11\/12\/akdenizde-dusen-abd-ucaginda-5-asker-oldu\/"},"modified":"2023-11-12T19:06:08","modified_gmt":"2023-11-12T19:06:08","slug":"akdenizde-dusen-abd-ucaginda-5-asker-oldu","status":"publish","type":"post","link":"https:\/\/kibrisdakik.com\/?p=18426","title":{"rendered":"Akdeniz&#039;de d\u00fc\u015fen ABD u\u00e7a\u011f\u0131nda 5 asker \u00f6ld\u00fc"},"content":{"rendered":"<p><img decoding=\"async\" src=\"https:\/\/www.kibristurk.com\/images\/haberler\/2023\/11\/akdenizde-dusen-abd-ucaginda-5-asker-oldu-1699812346.webp\" \/><\/p>\n<p>Amerika Birle\u015fik Devletleri&#8217;nin Akdeniz&#8217;de d\u00fc\u015fen e\u011fitim u\u00e7a\u011f\u0131nda bulunan 5 askerin hayat\u0131n\u0131 kaybetti\u011fi a\u00e7\u0131kland\u0131.&nbsp;<\/p>\n<p>Merkezi Almanya&#8217;n\u0131n Stuttgart kentinde bulunan ABD Avrupa Komutanl\u0131\u011f\u0131ndan yap\u0131lan a\u00e7\u0131klamada, Do\u011fu Akdeniz&#8217;de e\u011fitim faaliyetleri yapan bir ABD askeri u\u00e7a\u011f\u0131n\u0131n cuma ak\u015fam\u0131 kaza k\u0131r\u0131ma u\u011frayarak d\u00fc\u015ft\u00fc\u011f\u00fc belirtildi.<\/p>\n<p>\u0130lk a\u00e7\u0131klamada can kayb\u0131yla ilgili detay verilmezken ABD Avrupa Komutanl\u0131\u011f\u0131, bug\u00fcn u\u00e7akta bulunan 5 askerin ya\u015fam\u0131n\u0131 yitirdi\u011fini duyurdu.&nbsp;<\/p>\n<p>E\u011fitim u\u00e7a\u011f\u0131n\u0131n d\u00fc\u015ft\u00fc\u011f\u00fc kazayla ilgili&nbsp;soru\u015fturma a\u00e7\u0131ld\u0131\u011f\u0131 ancak d\u00fc\u015fmanca bir eylem ihtimali d\u0131\u015fland\u0131.<\/p>\n<p>ABD, \u0130srail ile Hamas aras\u0131nda 7 Ekim&#8217;de ba\u015flayan sava\u015f\u0131n ard\u0131ndan b\u00f6lgede askeri varl\u0131\u011f\u0131n\u0131 art\u0131rarak Akdeniz&#8217;e&nbsp;iki u\u00e7ak gemisi g\u00f6ndermi\u015fti.<\/p>\n","protected":false},"excerpt":{"rendered":"<p>Amerika Birle\u015fik Devletleri&#8217;nin Akdeniz&#8217;de d\u00fc\u015fen e\u011fitim u\u00e7a\u011f\u0131nda bulunan 5 askerin hayat\u0131n\u0131 kaybetti\u011fi a\u00e7\u0131kland\u0131.&nbsp; Merkezi Almanya&#8217;n\u0131n Stuttgart kentinde bulunan ABD Avrupa Komutanl\u0131\u011f\u0131ndan yap\u0131lan a\u00e7\u0131klamada, Do\u011fu Akdeniz&#8217;de e\u011fitim faaliyetleri yapan bir ABD askeri u\u00e7a\u011f\u0131n\u0131n cuma ak\u015fam\u0131 kaza k\u0131r\u0131ma u\u011frayarak d\u00fc\u015ft\u00fc\u011f\u00fc belirtildi. \u0130lk a\u00e7\u0131klamada can kayb\u0131yla ilgili detay verilmezken ABD Avrupa Komutanl\u0131\u011f\u0131, bug\u00fcn u\u00e7akta bulunan 5 askerin ya\u015fam\u0131n\u0131<\/p>\n","protected":false},"author":1,"featured_media":18427,"comment_status":"open","ping_status":"open","sticky":false,"template":"","format":"standard","meta":{"footnotes":""},"categories":[1],"tags":[],"class_list":["post-18426","post","type-post","status-publish","format-standard","has-post-thumbnail","hentry","category-gundem"],"yoast_head":"<!-- This site is optimized with the Yoast SEO plugin v27.5 - https:\/\/yoast.com\/product\/yoast-seo-wordpress\/ -->\n<title>Akdeniz&#039;de d\u00fc\u015fen ABD u\u00e7a\u011f\u0131nda 5 asker \u00f6ld\u00fc -<\/title>\n<meta name=\"robots\" content=\"index, follow, max-snippet:-1, max-image-preview:large, max-video-preview:-1\" \/>\n<link rel=\"canonical\" href=\"https:\/\/kibrisdakik.com\/?p=18426\" \/>\n<meta property=\"og:locale\" content=\"tr_TR\" \/>\n<meta property=\"og:type\" content=\"article\" \/>\n<meta property=\"og:title\" content=\"Akdeniz&#039;de d\u00fc\u015fen ABD u\u00e7a\u011f\u0131nda 5 asker \u00f6ld\u00fc -\" \/>\n<meta property=\"og:description\" content=\"Amerika Birle\u015fik Devletleri&#8217;nin Akdeniz&#8217;de d\u00fc\u015fen e\u011fitim u\u00e7a\u011f\u0131nda bulunan 5 askerin hayat\u0131n\u0131 kaybetti\u011fi a\u00e7\u0131kland\u0131.&nbsp; Merkezi Almanya&#8217;n\u0131n Stuttgart kentinde bulunan ABD Avrupa Komutanl\u0131\u011f\u0131ndan yap\u0131lan a\u00e7\u0131klamada, Do\u011fu Akdeniz&#8217;de e\u011fitim faaliyetleri yapan bir ABD askeri u\u00e7a\u011f\u0131n\u0131n cuma ak\u015fam\u0131 kaza k\u0131r\u0131ma u\u011frayarak d\u00fc\u015ft\u00fc\u011f\u00fc belirtildi. \u0130lk a\u00e7\u0131klamada can kayb\u0131yla ilgili detay verilmezken ABD Avrupa Komutanl\u0131\u011f\u0131, bug\u00fcn u\u00e7akta bulunan 5 askerin ya\u015fam\u0131n\u0131\" \/>\n<meta property=\"og:url\" content=\"https:\/\/kibrisdakik.com\/?p=18426\" \/>\n<meta property=\"article:published_time\" content=\"2023-11-12T19:06:08+00:00\" \/>\n<meta property=\"og:image\" content=\"https:\/\/kibrisdakik.com\/wp-content\/uploads\/2023\/11\/akdenizde-dusen-abd-ucaginda-5-asker-oldu-1699812346.webp.webp\" \/>\n\t<meta property=\"og:image:width\" content=\"710\" \/>\n\t<meta property=\"og:image:height\" content=\"370\" \/>\n\t<meta property=\"og:image:type\" content=\"image\/webp\" \/>\n<meta name=\"author\" content=\"admin\" \/>\n<meta name=\"twitter:card\" content=\"summary_large_image\" \/>\n<meta name=\"twitter:label1\" content=\"Yazan:\" \/>\n\t<meta name=\"twitter:data1\" content=\"admin\" \/>\n\t<meta name=\"twitter:label2\" content=\"Tahmini okuma s\u00fcresi\" \/>\n\t<meta name=\"twitter:data2\" content=\"1 dakika\" \/>\n<script type=\"application\/ld+json\" class=\"yoast-schema-graph\">{\"@context\":\"https:\\\/\\\/schema.org\",\"@graph\":[{\"@type\":\"Article\",\"@id\":\"https:\\\/\\\/kibrisdakik.com\\\/?p=18426#article\",\"isPartOf\":{\"@id\":\"https:\\\/\\\/kibrisdakik.com\\\/?p=18426\"},\"author\":{\"name\":\"admin\",\"@id\":\"https:\\\/\\\/kibrisdakik.com\\\/#\\\/schema\\\/person\\\/9cd9d437bbb44f72b73ba127e06d8e79\"},\"headline\":\"Akdeniz&#039;de d\u00fc\u015fen ABD u\u00e7a\u011f\u0131nda 5 asker \u00f6ld\u00fc\",\"datePublished\":\"2023-11-12T19:06:08+00:00\",\"mainEntityOfPage\":{\"@id\":\"https:\\\/\\\/kibrisdakik.com\\\/?p=18426\"},\"wordCount\":148,\"commentCount\":0,\"image\":{\"@id\":\"https:\\\/\\\/kibrisdakik.com\\\/?p=18426#primaryimage\"},\"thumbnailUrl\":\"https:\\\/\\\/kibrisdakik.com\\\/wp-content\\\/uploads\\\/2023\\\/11\\\/akdenizde-dusen-abd-ucaginda-5-asker-oldu-1699812346.webp.webp\",\"articleSection\":[\"G\u00fcndem\"],\"inLanguage\":\"tr\",\"potentialAction\":[{\"@type\":\"CommentAction\",\"name\":\"Comment\",\"target\":[\"https:\\\/\\\/kibrisdakik.com\\\/?p=18426#respond\"]}]},{\"@type\":\"WebPage\",\"@id\":\"https:\\\/\\\/kibrisdakik.com\\\/?p=18426\",\"url\":\"https:\\\/\\\/kibrisdakik.com\\\/?p=18426\",\"name\":\"Akdeniz&#039;de d\u00fc\u015fen ABD u\u00e7a\u011f\u0131nda 5 asker \u00f6ld\u00fc -\",\"isPartOf\":{\"@id\":\"https:\\\/\\\/kibrisdakik.com\\\/#website\"},\"primaryImageOfPage\":{\"@id\":\"https:\\\/\\\/kibrisdakik.com\\\/?p=18426#primaryimage\"},\"image\":{\"@id\":\"https:\\\/\\\/kibrisdakik.com\\\/?p=18426#primaryimage\"},\"thumbnailUrl\":\"https:\\\/\\\/kibrisdakik.com\\\/wp-content\\\/uploads\\\/2023\\\/11\\\/akdenizde-dusen-abd-ucaginda-5-asker-oldu-1699812346.webp.webp\",\"datePublished\":\"2023-11-12T19:06:08+00:00\",\"author\":{\"@id\":\"https:\\\/\\\/kibrisdakik.com\\\/#\\\/schema\\\/person\\\/9cd9d437bbb44f72b73ba127e06d8e79\"},\"breadcrumb\":{\"@id\":\"https:\\\/\\\/kibrisdakik.com\\\/?p=18426#breadcrumb\"},\"inLanguage\":\"tr\",\"potentialAction\":[{\"@type\":\"ReadAction\",\"target\":[\"https:\\\/\\\/kibrisdakik.com\\\/?p=18426\"]}]},{\"@type\":\"ImageObject\",\"inLanguage\":\"tr\",\"@id\":\"https:\\\/\\\/kibrisdakik.com\\\/?p=18426#primaryimage\",\"url\":\"https:\\\/\\\/kibrisdakik.com\\\/wp-content\\\/uploads\\\/2023\\\/11\\\/akdenizde-dusen-abd-ucaginda-5-asker-oldu-1699812346.webp.webp\",\"contentUrl\":\"https:\\\/\\\/kibrisdakik.com\\\/wp-content\\\/uploads\\\/2023\\\/11\\\/akdenizde-dusen-abd-ucaginda-5-asker-oldu-1699812346.webp.webp\",\"width\":710,\"height\":370},{\"@type\":\"BreadcrumbList\",\"@id\":\"https:\\\/\\\/kibrisdakik.com\\\/?p=18426#breadcrumb\",\"itemListElement\":[{\"@type\":\"ListItem\",\"position\":1,\"name\":\"Home\",\"item\":\"https:\\\/\\\/kibrisdakik.com\\\/\"},{\"@type\":\"ListItem\",\"position\":2,\"name\":\"Akdeniz&#039;de d\u00fc\u015fen ABD u\u00e7a\u011f\u0131nda 5 asker \u00f6ld\u00fc\"}]},{\"@type\":\"WebSite\",\"@id\":\"https:\\\/\\\/kibrisdakik.com\\\/#website\",\"url\":\"https:\\\/\\\/kibrisdakik.com\\\/\",\"name\":\"\",\"description\":\"Tam vaktinde haber\",\"potentialAction\":[{\"@type\":\"SearchAction\",\"target\":{\"@type\":\"EntryPoint\",\"urlTemplate\":\"https:\\\/\\\/kibrisdakik.com\\\/?s={search_term_string}\"},\"query-input\":{\"@type\":\"PropertyValueSpecification\",\"valueRequired\":true,\"valueName\":\"search_term_string\"}}],\"inLanguage\":\"tr\"},{\"@type\":\"Person\",\"@id\":\"https:\\\/\\\/kibrisdakik.com\\\/#\\\/schema\\\/person\\\/9cd9d437bbb44f72b73ba127e06d8e79\",\"name\":\"admin\",\"image\":{\"@type\":\"ImageObject\",\"inLanguage\":\"tr\",\"@id\":\"https:\\\/\\\/secure.gravatar.com\\\/avatar\\\/ccc17943b9d660506c869530f897617f7cb1c21a4bf30023f252596d83e1f007?s=96&d=mm&r=g\",\"url\":\"https:\\\/\\\/secure.gravatar.com\\\/avatar\\\/ccc17943b9d660506c869530f897617f7cb1c21a4bf30023f252596d83e1f007?s=96&d=mm&r=g\",\"contentUrl\":\"https:\\\/\\\/secure.gravatar.com\\\/avatar\\\/ccc17943b9d660506c869530f897617f7cb1c21a4bf30023f252596d83e1f007?s=96&d=mm&r=g\",\"caption\":\"admin\"},\"sameAs\":[\"https:\\\/\\\/kibrisdakik.com\"],\"url\":\"https:\\\/\\\/kibrisdakik.com\\\/?author=1\"}]}<\/script>\n<!-- \/ Yoast SEO plugin. -->","yoast_head_json":{"title":"Akdeniz&#039;de d\u00fc\u015fen ABD u\u00e7a\u011f\u0131nda 5 asker \u00f6ld\u00fc -","robots":{"index":"index","follow":"follow","max-snippet":"max-snippet:-1","max-image-preview":"max-image-preview:large","max-video-preview":"max-video-preview:-1"},"canonical":"https:\/\/kibrisdakik.com\/?p=18426","og_locale":"tr_TR","og_type":"article","og_title":"Akdeniz&#039;de d\u00fc\u015fen ABD u\u00e7a\u011f\u0131nda 5 asker \u00f6ld\u00fc -","og_description":"Amerika Birle\u015fik Devletleri&#8217;nin Akdeniz&#8217;de d\u00fc\u015fen e\u011fitim u\u00e7a\u011f\u0131nda bulunan 5 askerin hayat\u0131n\u0131 kaybetti\u011fi a\u00e7\u0131kland\u0131.&nbsp; Merkezi Almanya&#8217;n\u0131n Stuttgart kentinde bulunan ABD Avrupa Komutanl\u0131\u011f\u0131ndan yap\u0131lan a\u00e7\u0131klamada, Do\u011fu Akdeniz&#8217;de e\u011fitim faaliyetleri yapan bir ABD askeri u\u00e7a\u011f\u0131n\u0131n cuma ak\u015fam\u0131 kaza k\u0131r\u0131ma u\u011frayarak d\u00fc\u015ft\u00fc\u011f\u00fc belirtildi. \u0130lk a\u00e7\u0131klamada can kayb\u0131yla ilgili detay verilmezken ABD Avrupa Komutanl\u0131\u011f\u0131, bug\u00fcn u\u00e7akta bulunan 5 askerin ya\u015fam\u0131n\u0131","og_url":"https:\/\/kibrisdakik.com\/?p=18426","article_published_time":"2023-11-12T19:06:08+00:00","og_image":[{"width":710,"height":370,"url":"https:\/\/kibrisdakik.com\/wp-content\/uploads\/2023\/11\/akdenizde-dusen-abd-ucaginda-5-asker-oldu-1699812346.webp.webp","type":"image\/webp"}],"author":"admin","twitter_card":"summary_large_image","twitter_misc":{"Yazan:":"admin","Tahmini okuma s\u00fcresi":"1 dakika"},"schema":{"@context":"https:\/\/schema.org","@graph":[{"@type":"Article","@id":"https:\/\/kibrisdakik.com\/?p=18426#article","isPartOf":{"@id":"https:\/\/kibrisdakik.com\/?p=18426"},"author":{"name":"admin","@id":"https:\/\/kibrisdakik.com\/#\/schema\/person\/9cd9d437bbb44f72b73ba127e06d8e79"},"headline":"Akdeniz&#039;de d\u00fc\u015fen ABD u\u00e7a\u011f\u0131nda 5 asker \u00f6ld\u00fc","datePublished":"2023-11-12T19:06:08+00:00","mainEntityOfPage":{"@id":"https:\/\/kibrisdakik.com\/?p=18426"},"wordCount":148,"commentCount":0,"image":{"@id":"https:\/\/kibrisdakik.com\/?p=18426#primaryimage"},"thumbnailUrl":"https:\/\/kibrisdakik.com\/wp-content\/uploads\/2023\/11\/akdenizde-dusen-abd-ucaginda-5-asker-oldu-1699812346.webp.webp","articleSection":["G\u00fcndem"],"inLanguage":"tr","potentialAction":[{"@type":"CommentAction","name":"Comment","target":["https:\/\/kibrisdakik.com\/?p=18426#respond"]}]},{"@type":"WebPage","@id":"https:\/\/kibrisdakik.com\/?p=18426","url":"https:\/\/kibrisdakik.com\/?p=18426","name":"Akdeniz&#039;de d\u00fc\u015fen ABD u\u00e7a\u011f\u0131nda 5 asker \u00f6ld\u00fc -","isPartOf":{"@id":"https:\/\/kibrisdakik.com\/#website"},"primaryImageOfPage":{"@id":"https:\/\/kibrisdakik.com\/?p=18426#primaryimage"},"image":{"@id":"https:\/\/kibrisdakik.com\/?p=18426#primaryimage"},"thumbnailUrl":"https:\/\/kibrisdakik.com\/wp-content\/uploads\/2023\/11\/akdenizde-dusen-abd-ucaginda-5-asker-oldu-1699812346.webp.webp","datePublished":"2023-11-12T19:06:08+00:00","author":{"@id":"https:\/\/kibrisdakik.com\/#\/schema\/person\/9cd9d437bbb44f72b73ba127e06d8e79"},"breadcrumb":{"@id":"https:\/\/kibrisdakik.com\/?p=18426#breadcrumb"},"inLanguage":"tr","potentialAction":[{"@type":"ReadAction","target":["https:\/\/kibrisdakik.com\/?p=18426"]}]},{"@type":"ImageObject","inLanguage":"tr","@id":"https:\/\/kibrisdakik.com\/?p=18426#primaryimage","url":"https:\/\/kibrisdakik.com\/wp-content\/uploads\/2023\/11\/akdenizde-dusen-abd-ucaginda-5-asker-oldu-1699812346.webp.webp","contentUrl":"https:\/\/kibrisdakik.com\/wp-content\/uploads\/2023\/11\/akdenizde-dusen-abd-ucaginda-5-asker-oldu-1699812346.webp.webp","width":710,"height":370},{"@type":"BreadcrumbList","@id":"https:\/\/kibrisdakik.com\/?p=18426#breadcrumb","itemListElement":[{"@type":"ListItem","position":1,"name":"Home","item":"https:\/\/kibrisdakik.com\/"},{"@type":"ListItem","position":2,"name":"Akdeniz&#039;de d\u00fc\u015fen ABD u\u00e7a\u011f\u0131nda 5 asker \u00f6ld\u00fc"}]},{"@type":"WebSite","@id":"https:\/\/kibrisdakik.com\/#website","url":"https:\/\/kibrisdakik.com\/","name":"","description":"Tam vaktinde haber","potentialAction":[{"@type":"SearchAction","target":{"@type":"EntryPoint","urlTemplate":"https:\/\/kibrisdakik.com\/?s={search_term_string}"},"query-input":{"@type":"PropertyValueSpecification","valueRequired":true,"valueName":"search_term_string"}}],"inLanguage":"tr"},{"@type":"Person","@id":"https:\/\/kibrisdakik.com\/#\/schema\/person\/9cd9d437bbb44f72b73ba127e06d8e79","name":"admin","image":{"@type":"ImageObject","inLanguage":"tr","@id":"https:\/\/secure.gravatar.com\/avatar\/ccc17943b9d660506c869530f897617f7cb1c21a4bf30023f252596d83e1f007?s=96&d=mm&r=g","url":"https:\/\/secure.gravatar.com\/avatar\/ccc17943b9d660506c869530f897617f7cb1c21a4bf30023f252596d83e1f007?s=96&d=mm&r=g","contentUrl":"https:\/\/secure.gravatar.com\/avatar\/ccc17943b9d660506c869530f897617f7cb1c21a4bf30023f252596d83e1f007?s=96&d=mm&r=g","caption":"admin"},"sameAs":["https:\/\/kibrisdakik.com"],"url":"https:\/\/kibrisdakik.com\/?author=1"}]}},"_links":{"self":[{"href":"https:\/\/kibrisdakik.com\/index.php?rest_route=\/wp\/v2\/posts\/18426","targetHints":{"allow":["GET"]}}],"collection":[{"href":"https:\/\/kibrisdakik.com\/index.php?rest_route=\/wp\/v2\/posts"}],"about":[{"href":"https:\/\/kibrisdakik.com\/index.php?rest_route=\/wp\/v2\/types\/post"}],"author":[{"embeddable":true,"href":"https:\/\/kibrisdakik.com\/index.php?rest_route=\/wp\/v2\/users\/1"}],"replies":[{"embeddable":true,"href":"https:\/\/kibrisdakik.com\/index.php?rest_route=%2Fwp%2Fv2%2Fcomments&post=18426"}],"version-history":[{"count":0,"href":"https:\/\/kibrisdakik.com\/index.php?rest_route=\/wp\/v2\/posts\/18426\/revisions"}],"wp:featuredmedia":[{"embeddable":true,"href":"https:\/\/kibrisdakik.com\/index.php?rest_route=\/wp\/v2\/media\/18427"}],"wp:attachment":[{"href":"https:\/\/kibrisdakik.com\/index.php?rest_route=%2Fwp%2Fv2%2Fmedia&parent=18426"}],"wp:term":[{"taxonomy":"category","embeddable":true,"href":"https:\/\/kibrisdakik.com\/index.php?rest_route=%2Fwp%2Fv2%2Fcategories&post=18426"},{"taxonomy":"post_tag","embeddable":true,"href":"https:\/\/kibrisdakik.com\/index.php?rest_route=%2Fwp%2Fv2%2Ftags&post=18426"}],"curies":[{"name":"wp","href":"https:\/\/api.w.org\/{rel}","templated":true}]}}