{"id":18432,"date":"2023-11-13T06:16:21","date_gmt":"2023-11-13T06:16:21","guid":{"rendered":"https:\/\/kibrisdakik.com\/index.php\/2023\/11\/13\/tipki-karabag-gibi-kibris-da-milli-davamizdir\/"},"modified":"2023-11-13T06:16:21","modified_gmt":"2023-11-13T06:16:21","slug":"tipki-karabag-gibi-kibris-da-milli-davamizdir","status":"publish","type":"post","link":"https:\/\/kibrisdakik.com\/?p=18432","title":{"rendered":"\u201cT\u0131pk\u0131 Karaba\u011f gibi K\u0131br\u0131s da Milli Davam\u0131zd\u0131r\u201d"},"content":{"rendered":"<p><img decoding=\"async\" src=\"https:\/\/www.kibristurk.com\/images\/haberler\/2023\/11\/tipki-karabag-gibi-kibris-da-milli-davamizdir-1699854301.webp\" \/><\/p>\n<p><span style=\"font-size:11pt\"><span style=\"font-family:Calibri,sans-serif\">Azerbaycan-K\u0131br\u0131s Dostluk Cemiyeti Ba\u015fkan\u0131 Orhan Hasano\u011flu, Cumhurba\u015fkan\u0131 Ersin Tatar ile \u0130lham Aliyev bulu\u015fmas\u0131n\u0131n tarihi bir bulu\u015fma oldu\u011funu belirterek, &nbsp;\u201cKKTC\u2019nin tan\u0131naca\u011f\u0131na inan\u0131yoruz ve bunun i\u00e7in \u00e7al\u0131\u015faca\u011f\u0131z\u201d dedi.<br \/>\nOrhan Hasano\u011flu, Azerbaycan-K\u0131br\u0131s Dostluk Cemiyeti\u2019nin kuruldu\u011fu g\u00fcnden bu g\u00fcne kadar KKTC\u2019nin tan\u0131nmas\u0131 ad\u0131na \u00e7e\u015fitli faaliyetler y\u00fcr\u00fctt\u00fc\u011f\u00fcn\u00fc K\u0131br\u0131s ile g\u00f6n\u00fcl ba\u011f\u0131\u0131 oldu\u011funu dile getirdi. K\u0131br\u0131s ile Azerbaycan aras\u0131nda ili\u015fkilerin geli\u015fmesi gerekti\u011fine, buna d\u00fcr\u00fcst\u00e7e ve samimiyetle gayret edilmesi gerekti\u011fine dikkati \u00e7eken Hasano\u011flu \u201cAzerbaycan ili\u015fkileri geli\u015ftirmekte kararl\u0131. KKTC\u2019nin tan\u0131naca\u011f\u0131na inan\u0131yoruz ve bunu i\u00e7in \u00e7al\u0131\u015faca\u011f\u0131z\u201d dedi.&nbsp;<br \/>\nTatar-Aliyev bulu\u015fmas\u0131n\u0131n \u00f6nemine de\u011finen Hasano\u011flu, \u201cBizler sizi karde\u015f olarak g\u00f6r\u00fcyoruz. Azerbaycan\u2019dan farks\u0131z g\u00f6r\u00fcyoruz&#8230; Bu bak\u0131\u015f\u0131m\u0131z\u0131 Azerbaycan Devlet Ba\u015fkan\u0131 ilham Aliyev, KKTC Cumhurba\u015fkan\u0131 Ersin Tatar\u2019\u0131 kabul ederek ta\u00e7land\u0131rm\u0131\u015ft\u0131r\u201d ifadelerini kulland\u0131.<\/span><\/span><\/p>\n","protected":false},"excerpt":{"rendered":"<p>Azerbaycan-K\u0131br\u0131s Dostluk Cemiyeti Ba\u015fkan\u0131 Orhan Hasano\u011flu, Cumhurba\u015fkan\u0131 Ersin Tatar ile \u0130lham Aliyev bulu\u015fmas\u0131n\u0131n tarihi bir bulu\u015fma oldu\u011funu belirterek, &nbsp;\u201cKKTC\u2019nin tan\u0131naca\u011f\u0131na inan\u0131yoruz ve bunun i\u00e7in \u00e7al\u0131\u015faca\u011f\u0131z\u201d dedi. Orhan Hasano\u011flu, Azerbaycan-K\u0131br\u0131s Dostluk Cemiyeti\u2019nin kuruldu\u011fu g\u00fcnden bu g\u00fcne kadar KKTC\u2019nin tan\u0131nmas\u0131 ad\u0131na \u00e7e\u015fitli faaliyetler y\u00fcr\u00fctt\u00fc\u011f\u00fcn\u00fc K\u0131br\u0131s ile g\u00f6n\u00fcl ba\u011f\u0131\u0131 oldu\u011funu dile getirdi. K\u0131br\u0131s ile Azerbaycan aras\u0131nda ili\u015fkilerin geli\u015fmesi<\/p>\n","protected":false},"author":1,"featured_media":18433,"comment_status":"open","ping_status":"open","sticky":false,"template":"","format":"standard","meta":{"footnotes":""},"categories":[1],"tags":[],"class_list":["post-18432","post","type-post","status-publish","format-standard","has-post-thumbnail","hentry","category-gundem"],"yoast_head":"<!-- This site is optimized with the Yoast SEO plugin v27.5 - https:\/\/yoast.com\/product\/yoast-seo-wordpress\/ -->\n<title>\u201cT\u0131pk\u0131 Karaba\u011f gibi K\u0131br\u0131s da Milli Davam\u0131zd\u0131r\u201d -<\/title>\n<meta name=\"robots\" content=\"index, follow, max-snippet:-1, max-image-preview:large, max-video-preview:-1\" \/>\n<link rel=\"canonical\" href=\"https:\/\/kibrisdakik.com\/?p=18432\" \/>\n<meta property=\"og:locale\" content=\"tr_TR\" \/>\n<meta property=\"og:type\" content=\"article\" \/>\n<meta property=\"og:title\" content=\"\u201cT\u0131pk\u0131 Karaba\u011f gibi K\u0131br\u0131s da Milli Davam\u0131zd\u0131r\u201d -\" \/>\n<meta property=\"og:description\" content=\"Azerbaycan-K\u0131br\u0131s Dostluk Cemiyeti Ba\u015fkan\u0131 Orhan Hasano\u011flu, Cumhurba\u015fkan\u0131 Ersin Tatar ile \u0130lham Aliyev bulu\u015fmas\u0131n\u0131n tarihi bir bulu\u015fma oldu\u011funu belirterek, &nbsp;\u201cKKTC\u2019nin tan\u0131naca\u011f\u0131na inan\u0131yoruz ve bunun i\u00e7in \u00e7al\u0131\u015faca\u011f\u0131z\u201d dedi. Orhan Hasano\u011flu, Azerbaycan-K\u0131br\u0131s Dostluk Cemiyeti\u2019nin kuruldu\u011fu g\u00fcnden bu g\u00fcne kadar KKTC\u2019nin tan\u0131nmas\u0131 ad\u0131na \u00e7e\u015fitli faaliyetler y\u00fcr\u00fctt\u00fc\u011f\u00fcn\u00fc K\u0131br\u0131s ile g\u00f6n\u00fcl ba\u011f\u0131\u0131 oldu\u011funu dile getirdi. K\u0131br\u0131s ile Azerbaycan aras\u0131nda ili\u015fkilerin geli\u015fmesi\" \/>\n<meta property=\"og:url\" content=\"https:\/\/kibrisdakik.com\/?p=18432\" \/>\n<meta property=\"article:published_time\" content=\"2023-11-13T06:16:21+00:00\" \/>\n<meta property=\"og:image\" content=\"https:\/\/kibrisdakik.com\/wp-content\/uploads\/2023\/11\/tipki-karabag-gibi-kibris-da-milli-davamizdir-1699854301.webp.webp\" \/>\n\t<meta property=\"og:image:width\" content=\"710\" \/>\n\t<meta property=\"og:image:height\" content=\"370\" \/>\n\t<meta property=\"og:image:type\" content=\"image\/webp\" \/>\n<meta name=\"author\" content=\"admin\" \/>\n<meta name=\"twitter:card\" content=\"summary_large_image\" \/>\n<meta name=\"twitter:label1\" content=\"Yazan:\" \/>\n\t<meta name=\"twitter:data1\" content=\"admin\" \/>\n\t<meta name=\"twitter:label2\" content=\"Tahmini okuma s\u00fcresi\" \/>\n\t<meta name=\"twitter:data2\" content=\"1 dakika\" \/>\n<script type=\"application\/ld+json\" class=\"yoast-schema-graph\">{\"@context\":\"https:\\\/\\\/schema.org\",\"@graph\":[{\"@type\":\"Article\",\"@id\":\"https:\\\/\\\/kibrisdakik.com\\\/?p=18432#article\",\"isPartOf\":{\"@id\":\"https:\\\/\\\/kibrisdakik.com\\\/?p=18432\"},\"author\":{\"name\":\"admin\",\"@id\":\"https:\\\/\\\/kibrisdakik.com\\\/#\\\/schema\\\/person\\\/9cd9d437bbb44f72b73ba127e06d8e79\"},\"headline\":\"\u201cT\u0131pk\u0131 Karaba\u011f gibi K\u0131br\u0131s da Milli Davam\u0131zd\u0131r\u201d\",\"datePublished\":\"2023-11-13T06:16:21+00:00\",\"mainEntityOfPage\":{\"@id\":\"https:\\\/\\\/kibrisdakik.com\\\/?p=18432\"},\"wordCount\":196,\"commentCount\":0,\"image\":{\"@id\":\"https:\\\/\\\/kibrisdakik.com\\\/?p=18432#primaryimage\"},\"thumbnailUrl\":\"https:\\\/\\\/kibrisdakik.com\\\/wp-content\\\/uploads\\\/2023\\\/11\\\/tipki-karabag-gibi-kibris-da-milli-davamizdir-1699854301.webp.webp\",\"articleSection\":[\"G\u00fcndem\"],\"inLanguage\":\"tr\",\"potentialAction\":[{\"@type\":\"CommentAction\",\"name\":\"Comment\",\"target\":[\"https:\\\/\\\/kibrisdakik.com\\\/?p=18432#respond\"]}]},{\"@type\":\"WebPage\",\"@id\":\"https:\\\/\\\/kibrisdakik.com\\\/?p=18432\",\"url\":\"https:\\\/\\\/kibrisdakik.com\\\/?p=18432\",\"name\":\"\u201cT\u0131pk\u0131 Karaba\u011f gibi K\u0131br\u0131s da Milli Davam\u0131zd\u0131r\u201d -\",\"isPartOf\":{\"@id\":\"https:\\\/\\\/kibrisdakik.com\\\/#website\"},\"primaryImageOfPage\":{\"@id\":\"https:\\\/\\\/kibrisdakik.com\\\/?p=18432#primaryimage\"},\"image\":{\"@id\":\"https:\\\/\\\/kibrisdakik.com\\\/?p=18432#primaryimage\"},\"thumbnailUrl\":\"https:\\\/\\\/kibrisdakik.com\\\/wp-content\\\/uploads\\\/2023\\\/11\\\/tipki-karabag-gibi-kibris-da-milli-davamizdir-1699854301.webp.webp\",\"datePublished\":\"2023-11-13T06:16:21+00:00\",\"author\":{\"@id\":\"https:\\\/\\\/kibrisdakik.com\\\/#\\\/schema\\\/person\\\/9cd9d437bbb44f72b73ba127e06d8e79\"},\"breadcrumb\":{\"@id\":\"https:\\\/\\\/kibrisdakik.com\\\/?p=18432#breadcrumb\"},\"inLanguage\":\"tr\",\"potentialAction\":[{\"@type\":\"ReadAction\",\"target\":[\"https:\\\/\\\/kibrisdakik.com\\\/?p=18432\"]}]},{\"@type\":\"ImageObject\",\"inLanguage\":\"tr\",\"@id\":\"https:\\\/\\\/kibrisdakik.com\\\/?p=18432#primaryimage\",\"url\":\"https:\\\/\\\/kibrisdakik.com\\\/wp-content\\\/uploads\\\/2023\\\/11\\\/tipki-karabag-gibi-kibris-da-milli-davamizdir-1699854301.webp.webp\",\"contentUrl\":\"https:\\\/\\\/kibrisdakik.com\\\/wp-content\\\/uploads\\\/2023\\\/11\\\/tipki-karabag-gibi-kibris-da-milli-davamizdir-1699854301.webp.webp\",\"width\":710,\"height\":370},{\"@type\":\"BreadcrumbList\",\"@id\":\"https:\\\/\\\/kibrisdakik.com\\\/?p=18432#breadcrumb\",\"itemListElement\":[{\"@type\":\"ListItem\",\"position\":1,\"name\":\"Home\",\"item\":\"https:\\\/\\\/kibrisdakik.com\\\/\"},{\"@type\":\"ListItem\",\"position\":2,\"name\":\"\u201cT\u0131pk\u0131 Karaba\u011f gibi K\u0131br\u0131s da Milli Davam\u0131zd\u0131r\u201d\"}]},{\"@type\":\"WebSite\",\"@id\":\"https:\\\/\\\/kibrisdakik.com\\\/#website\",\"url\":\"https:\\\/\\\/kibrisdakik.com\\\/\",\"name\":\"\",\"description\":\"Tam vaktinde haber\",\"potentialAction\":[{\"@type\":\"SearchAction\",\"target\":{\"@type\":\"EntryPoint\",\"urlTemplate\":\"https:\\\/\\\/kibrisdakik.com\\\/?s={search_term_string}\"},\"query-input\":{\"@type\":\"PropertyValueSpecification\",\"valueRequired\":true,\"valueName\":\"search_term_string\"}}],\"inLanguage\":\"tr\"},{\"@type\":\"Person\",\"@id\":\"https:\\\/\\\/kibrisdakik.com\\\/#\\\/schema\\\/person\\\/9cd9d437bbb44f72b73ba127e06d8e79\",\"name\":\"admin\",\"image\":{\"@type\":\"ImageObject\",\"inLanguage\":\"tr\",\"@id\":\"https:\\\/\\\/secure.gravatar.com\\\/avatar\\\/ccc17943b9d660506c869530f897617f7cb1c21a4bf30023f252596d83e1f007?s=96&d=mm&r=g\",\"url\":\"https:\\\/\\\/secure.gravatar.com\\\/avatar\\\/ccc17943b9d660506c869530f897617f7cb1c21a4bf30023f252596d83e1f007?s=96&d=mm&r=g\",\"contentUrl\":\"https:\\\/\\\/secure.gravatar.com\\\/avatar\\\/ccc17943b9d660506c869530f897617f7cb1c21a4bf30023f252596d83e1f007?s=96&d=mm&r=g\",\"caption\":\"admin\"},\"sameAs\":[\"https:\\\/\\\/kibrisdakik.com\"],\"url\":\"https:\\\/\\\/kibrisdakik.com\\\/?author=1\"}]}<\/script>\n<!-- \/ Yoast SEO plugin. -->","yoast_head_json":{"title":"\u201cT\u0131pk\u0131 Karaba\u011f gibi K\u0131br\u0131s da Milli Davam\u0131zd\u0131r\u201d -","robots":{"index":"index","follow":"follow","max-snippet":"max-snippet:-1","max-image-preview":"max-image-preview:large","max-video-preview":"max-video-preview:-1"},"canonical":"https:\/\/kibrisdakik.com\/?p=18432","og_locale":"tr_TR","og_type":"article","og_title":"\u201cT\u0131pk\u0131 Karaba\u011f gibi K\u0131br\u0131s da Milli Davam\u0131zd\u0131r\u201d -","og_description":"Azerbaycan-K\u0131br\u0131s Dostluk Cemiyeti Ba\u015fkan\u0131 Orhan Hasano\u011flu, Cumhurba\u015fkan\u0131 Ersin Tatar ile \u0130lham Aliyev bulu\u015fmas\u0131n\u0131n tarihi bir bulu\u015fma oldu\u011funu belirterek, &nbsp;\u201cKKTC\u2019nin tan\u0131naca\u011f\u0131na inan\u0131yoruz ve bunun i\u00e7in \u00e7al\u0131\u015faca\u011f\u0131z\u201d dedi. Orhan Hasano\u011flu, Azerbaycan-K\u0131br\u0131s Dostluk Cemiyeti\u2019nin kuruldu\u011fu g\u00fcnden bu g\u00fcne kadar KKTC\u2019nin tan\u0131nmas\u0131 ad\u0131na \u00e7e\u015fitli faaliyetler y\u00fcr\u00fctt\u00fc\u011f\u00fcn\u00fc K\u0131br\u0131s ile g\u00f6n\u00fcl ba\u011f\u0131\u0131 oldu\u011funu dile getirdi. K\u0131br\u0131s ile Azerbaycan aras\u0131nda ili\u015fkilerin geli\u015fmesi","og_url":"https:\/\/kibrisdakik.com\/?p=18432","article_published_time":"2023-11-13T06:16:21+00:00","og_image":[{"width":710,"height":370,"url":"https:\/\/kibrisdakik.com\/wp-content\/uploads\/2023\/11\/tipki-karabag-gibi-kibris-da-milli-davamizdir-1699854301.webp.webp","type":"image\/webp"}],"author":"admin","twitter_card":"summary_large_image","twitter_misc":{"Yazan:":"admin","Tahmini okuma s\u00fcresi":"1 dakika"},"schema":{"@context":"https:\/\/schema.org","@graph":[{"@type":"Article","@id":"https:\/\/kibrisdakik.com\/?p=18432#article","isPartOf":{"@id":"https:\/\/kibrisdakik.com\/?p=18432"},"author":{"name":"admin","@id":"https:\/\/kibrisdakik.com\/#\/schema\/person\/9cd9d437bbb44f72b73ba127e06d8e79"},"headline":"\u201cT\u0131pk\u0131 Karaba\u011f gibi K\u0131br\u0131s da Milli Davam\u0131zd\u0131r\u201d","datePublished":"2023-11-13T06:16:21+00:00","mainEntityOfPage":{"@id":"https:\/\/kibrisdakik.com\/?p=18432"},"wordCount":196,"commentCount":0,"image":{"@id":"https:\/\/kibrisdakik.com\/?p=18432#primaryimage"},"thumbnailUrl":"https:\/\/kibrisdakik.com\/wp-content\/uploads\/2023\/11\/tipki-karabag-gibi-kibris-da-milli-davamizdir-1699854301.webp.webp","articleSection":["G\u00fcndem"],"inLanguage":"tr","potentialAction":[{"@type":"CommentAction","name":"Comment","target":["https:\/\/kibrisdakik.com\/?p=18432#respond"]}]},{"@type":"WebPage","@id":"https:\/\/kibrisdakik.com\/?p=18432","url":"https:\/\/kibrisdakik.com\/?p=18432","name":"\u201cT\u0131pk\u0131 Karaba\u011f gibi K\u0131br\u0131s da Milli Davam\u0131zd\u0131r\u201d -","isPartOf":{"@id":"https:\/\/kibrisdakik.com\/#website"},"primaryImageOfPage":{"@id":"https:\/\/kibrisdakik.com\/?p=18432#primaryimage"},"image":{"@id":"https:\/\/kibrisdakik.com\/?p=18432#primaryimage"},"thumbnailUrl":"https:\/\/kibrisdakik.com\/wp-content\/uploads\/2023\/11\/tipki-karabag-gibi-kibris-da-milli-davamizdir-1699854301.webp.webp","datePublished":"2023-11-13T06:16:21+00:00","author":{"@id":"https:\/\/kibrisdakik.com\/#\/schema\/person\/9cd9d437bbb44f72b73ba127e06d8e79"},"breadcrumb":{"@id":"https:\/\/kibrisdakik.com\/?p=18432#breadcrumb"},"inLanguage":"tr","potentialAction":[{"@type":"ReadAction","target":["https:\/\/kibrisdakik.com\/?p=18432"]}]},{"@type":"ImageObject","inLanguage":"tr","@id":"https:\/\/kibrisdakik.com\/?p=18432#primaryimage","url":"https:\/\/kibrisdakik.com\/wp-content\/uploads\/2023\/11\/tipki-karabag-gibi-kibris-da-milli-davamizdir-1699854301.webp.webp","contentUrl":"https:\/\/kibrisdakik.com\/wp-content\/uploads\/2023\/11\/tipki-karabag-gibi-kibris-da-milli-davamizdir-1699854301.webp.webp","width":710,"height":370},{"@type":"BreadcrumbList","@id":"https:\/\/kibrisdakik.com\/?p=18432#breadcrumb","itemListElement":[{"@type":"ListItem","position":1,"name":"Home","item":"https:\/\/kibrisdakik.com\/"},{"@type":"ListItem","position":2,"name":"\u201cT\u0131pk\u0131 Karaba\u011f gibi K\u0131br\u0131s da Milli Davam\u0131zd\u0131r\u201d"}]},{"@type":"WebSite","@id":"https:\/\/kibrisdakik.com\/#website","url":"https:\/\/kibrisdakik.com\/","name":"","description":"Tam vaktinde haber","potentialAction":[{"@type":"SearchAction","target":{"@type":"EntryPoint","urlTemplate":"https:\/\/kibrisdakik.com\/?s={search_term_string}"},"query-input":{"@type":"PropertyValueSpecification","valueRequired":true,"valueName":"search_term_string"}}],"inLanguage":"tr"},{"@type":"Person","@id":"https:\/\/kibrisdakik.com\/#\/schema\/person\/9cd9d437bbb44f72b73ba127e06d8e79","name":"admin","image":{"@type":"ImageObject","inLanguage":"tr","@id":"https:\/\/secure.gravatar.com\/avatar\/ccc17943b9d660506c869530f897617f7cb1c21a4bf30023f252596d83e1f007?s=96&d=mm&r=g","url":"https:\/\/secure.gravatar.com\/avatar\/ccc17943b9d660506c869530f897617f7cb1c21a4bf30023f252596d83e1f007?s=96&d=mm&r=g","contentUrl":"https:\/\/secure.gravatar.com\/avatar\/ccc17943b9d660506c869530f897617f7cb1c21a4bf30023f252596d83e1f007?s=96&d=mm&r=g","caption":"admin"},"sameAs":["https:\/\/kibrisdakik.com"],"url":"https:\/\/kibrisdakik.com\/?author=1"}]}},"_links":{"self":[{"href":"https:\/\/kibrisdakik.com\/index.php?rest_route=\/wp\/v2\/posts\/18432","targetHints":{"allow":["GET"]}}],"collection":[{"href":"https:\/\/kibrisdakik.com\/index.php?rest_route=\/wp\/v2\/posts"}],"about":[{"href":"https:\/\/kibrisdakik.com\/index.php?rest_route=\/wp\/v2\/types\/post"}],"author":[{"embeddable":true,"href":"https:\/\/kibrisdakik.com\/index.php?rest_route=\/wp\/v2\/users\/1"}],"replies":[{"embeddable":true,"href":"https:\/\/kibrisdakik.com\/index.php?rest_route=%2Fwp%2Fv2%2Fcomments&post=18432"}],"version-history":[{"count":0,"href":"https:\/\/kibrisdakik.com\/index.php?rest_route=\/wp\/v2\/posts\/18432\/revisions"}],"wp:featuredmedia":[{"embeddable":true,"href":"https:\/\/kibrisdakik.com\/index.php?rest_route=\/wp\/v2\/media\/18433"}],"wp:attachment":[{"href":"https:\/\/kibrisdakik.com\/index.php?rest_route=%2Fwp%2Fv2%2Fmedia&parent=18432"}],"wp:term":[{"taxonomy":"category","embeddable":true,"href":"https:\/\/kibrisdakik.com\/index.php?rest_route=%2Fwp%2Fv2%2Fcategories&post=18432"},{"taxonomy":"post_tag","embeddable":true,"href":"https:\/\/kibrisdakik.com\/index.php?rest_route=%2Fwp%2Fv2%2Ftags&post=18432"}],"curies":[{"name":"wp","href":"https:\/\/api.w.org\/{rel}","templated":true}]}}