{"id":18584,"date":"2023-11-14T07:42:15","date_gmt":"2023-11-14T07:42:15","guid":{"rendered":"https:\/\/kibrisdakik.com\/index.php\/2023\/11\/14\/halkimizin-ve-ulusumuzun-cumhuriyet-bayramini-kutluyoruz\/"},"modified":"2023-11-14T07:42:15","modified_gmt":"2023-11-14T07:42:15","slug":"halkimizin-ve-ulusumuzun-cumhuriyet-bayramini-kutluyoruz","status":"publish","type":"post","link":"https:\/\/kibrisdakik.com\/?p=18584","title":{"rendered":"\u201cHalk\u0131m\u0131z\u0131n ve Ulusumuzun Cumhuriyet Bayram\u0131n\u0131 kutluyoruz\u201d"},"content":{"rendered":"<p><img decoding=\"async\" src=\"https:\/\/www.kibristurk.com\/images\/haberler\/2023\/11\/halkimizin-ve-ulusumuzun-cumhuriyet-bayramini-kutluyoruz-1699944268.webp\" \/><\/p>\n<p><span style=\"font-size:11pt\"><span style=\"font-family:Calibri,sans-serif\"><span style=\"font-size:14.0pt\">Memur-Sen Genel Ba\u015fkan\u0131 Ak\u0131n Manga 15 Kas\u0131m Cumhuriyet Bayram\u0131 mesaj\u0131 yay\u0131mlad\u0131. <\/span><\/span><\/span><\/p>\n<p><span style=\"font-size:11pt\"><span style=\"font-family:Calibri,sans-serif\"><span style=\"font-size:14.0pt\">Ak\u0131n Manga mesaj\u0131nda \u015fu ifadelere yer verdi: <\/span><\/span><\/span><\/p>\n<p><span style=\"font-size:11pt\"><span style=\"font-family:Calibri,sans-serif\"><span style=\"font-size:14.0pt\">Tarihin hi\u00e7bir devrinde, Yunan hakimiyetin de olmam\u0131\u015f K\u0131br\u0131s atalar\u0131m\u0131z Osmanl\u0131 taraf\u0131ndan 1571\u2019de fethedilmi\u015f ve 306 y\u0131l T\u00fcrk Egemenli\u011finde kalm\u0131\u015ft\u0131r. Anadolu \u00e7\u0131k\u0131\u015fl\u0131 K\u0131br\u0131s T\u00fcrk halk\u0131da 82 y\u0131ll\u0131k \u0130ngiliz s\u00f6m\u00fcrge d\u00f6neminde dil, din, \u00f6rf, adet ve milliyetine sahip \u00e7\u0131km\u0131\u015f bir halkt\u0131r.<\/span><\/span><\/span><\/p>\n<p><span style=\"font-size:11pt\"><span style=\"font-family:Calibri,sans-serif\"><span style=\"font-size:14.0pt\">16 A\u011fustos 1960\u2019ta kurulan K\u0131br\u0131s Federal Cumhuriyeti\u2019nin kurucu orta\u011f\u0131 idik.&nbsp; Ancak, Rum-Yunan taraf\u0131 Akritas Soyk\u0131r\u0131m plan\u0131n\u0131 uygulamaya koyarak 21 Aral\u0131k 1963\u2019te K\u0131br\u0131s Cumhuriyetini silah zoruyla i\u015fgal etmi\u015fledir.<\/span><\/span><\/span><\/p>\n<p><span style=\"font-size:11pt\"><span style=\"font-family:Calibri,sans-serif\"><span style=\"font-size:14.0pt\">Bug\u00fcn i\u015flevini g\u00fcvenini ve de misyonunu yitirmi\u015f, BM ve BMGK\u2019nin miad\u0131 dolmu\u015f yanl\u0131 kararlar\u0131yla, Rumlar\u0131n yasa d\u0131\u015f\u0131 i\u015fgalini benimsemeyi halen s\u00fcrd\u00fcr\u00fcyorlar. <\/span><\/span><\/span><\/p>\n<p><span style=\"font-size:11pt\"><span style=\"font-family:Calibri,sans-serif\"><span style=\"font-size:14.0pt\">K\u0131br\u0131s T\u00fcrk Halk\u0131 1963-1974 d\u00f6nemi, bug\u00fcn Ter\u00f6r Devleti \u0130srail\u2019in Filistin halk\u0131na kar\u015f\u0131 s\u00fcrd\u00fcrd\u00fc\u011f\u00fc soyk\u0131r\u0131ma benzer, bir Rum-Yunan soyk\u0131r\u0131m\u0131na kar\u015f\u0131 kahramanca direnmi\u015ftir. Egemen varl\u0131\u011f\u0131na T\u00fcrk kimli\u011fine sahip \u00e7\u0131km\u0131\u015ft\u0131r. Enosis\u2019e ge\u00e7it vermemi\u015ftir.<\/span><\/span><\/span><\/p>\n<p><span style=\"font-size:11pt\"><span style=\"font-family:Calibri,sans-serif\"><span style=\"font-size:14.0pt\">15 Temmuz 1974 fa\u015fist Yunan darbesi ile Rum-Yunan taraf\u0131n\u0131n K\u0131br\u0131s\u2019\u0131n Yunanistan\u2019a ilhak edildi\u011fi karar\u0131yla, garant\u00f6r T\u00fcrkiye\u2019nin 20 Temmuz 1974\u2019teki K\u0131br\u0131s Bar\u0131\u015f Harekatlar\u0131yla K\u0131br\u0131s\u2019a bar\u0131\u015f gelmi\u015f, K.K.T.C Devletinin bug\u00fcnk\u00fc s\u0131n\u0131rlar\u0131 M\u00fccahit ve Mehmet\u00e7i\u011fin kanlar\u0131yla \u00e7izilmi\u015ftir. <\/span><\/span><\/span><\/p>\n<p><span style=\"font-size:11pt\"><span style=\"font-family:Calibri,sans-serif\"><span style=\"font-size:14.0pt\">K\u0131br\u0131s T\u00fcrk Halk\u0131 bug\u00fcn halen s\u00fcrd\u00fcr\u00fclen insanl\u0131k d\u0131\u015f\u0131 siyasi ekonomik ve sportif ambargolara kar\u015f\u0131, egemen varl\u0131\u011f\u0131n\u0131 korumak zorundayd\u0131. Bu nedenle Self-Determinasyon ( kendi gelece\u011fimizi belirleme ) evrensel hakk\u0131m\u0131z\u0131 kullanarak 15 Kas\u0131m1983\u2019te KKTC Devletini kurduk.<\/span><\/span><\/span><\/p>\n<p><span style=\"font-size:11pt\"><span style=\"font-family:Calibri,sans-serif\"><span style=\"font-size:14.0pt\">Ne mutlu bizlere ki bug\u00fcn 40. Kurulu\u015f Y\u0131l d\u00f6n\u00fcm\u00fcn\u00fc kutluyoruz. Tan\u0131nma m\u00fccadelemiz s\u00fcr\u00fcyor. Belki yar\u0131n, belki yar\u0131ndan da yak\u0131n buda olacakt\u0131r. <\/span><\/span><\/span><\/p>\n<p><span style=\"font-size:11pt\"><span style=\"font-family:Calibri,sans-serif\"><span style=\"font-size:14.0pt\">Liderimiz Dr. Faz\u0131l K\u00fc\u00e7\u00fck ve kurucu Cumhurba\u015fkan\u0131m\u0131z Rauf R. Denkta\u015f\u2019\u0131 m\u00fccadele arkada\u015flar\u0131n\u0131, t\u00fcm \u015eehitlerimizi rahmetle an\u0131yor, Gazilerimizi sayg\u0131yla selaml\u0131yoruz.<\/span><\/span><\/span><\/p>\n<p><span style=\"font-size:11pt\"><span style=\"font-family:Calibri,sans-serif\"><span style=\"font-size:14.0pt\">Halk\u0131m\u0131z\u0131n ve Ulusumuzun Cumhuriyet Bayram\u0131n\u0131 kutluyoruz.<\/span><\/span><\/span><\/p>\n","protected":false},"excerpt":{"rendered":"<p>Memur-Sen Genel Ba\u015fkan\u0131 Ak\u0131n Manga 15 Kas\u0131m Cumhuriyet Bayram\u0131 mesaj\u0131 yay\u0131mlad\u0131. Ak\u0131n Manga mesaj\u0131nda \u015fu ifadelere yer verdi: Tarihin hi\u00e7bir devrinde, Yunan hakimiyetin de olmam\u0131\u015f K\u0131br\u0131s atalar\u0131m\u0131z Osmanl\u0131 taraf\u0131ndan 1571\u2019de fethedilmi\u015f ve 306 y\u0131l T\u00fcrk Egemenli\u011finde kalm\u0131\u015ft\u0131r. Anadolu \u00e7\u0131k\u0131\u015fl\u0131 K\u0131br\u0131s T\u00fcrk halk\u0131da 82 y\u0131ll\u0131k \u0130ngiliz s\u00f6m\u00fcrge d\u00f6neminde dil, din, \u00f6rf, adet ve milliyetine sahip \u00e7\u0131km\u0131\u015f<\/p>\n","protected":false},"author":1,"featured_media":18585,"comment_status":"open","ping_status":"open","sticky":false,"template":"","format":"standard","meta":{"footnotes":""},"categories":[1],"tags":[],"class_list":["post-18584","post","type-post","status-publish","format-standard","has-post-thumbnail","hentry","category-gundem"],"yoast_head":"<!-- This site is optimized with the Yoast SEO plugin v27.4 - https:\/\/yoast.com\/product\/yoast-seo-wordpress\/ -->\n<title>\u201cHalk\u0131m\u0131z\u0131n ve Ulusumuzun Cumhuriyet Bayram\u0131n\u0131 kutluyoruz\u201d -<\/title>\n<meta name=\"robots\" content=\"index, follow, max-snippet:-1, max-image-preview:large, max-video-preview:-1\" \/>\n<link rel=\"canonical\" href=\"https:\/\/kibrisdakik.com\/?p=18584\" \/>\n<meta property=\"og:locale\" content=\"tr_TR\" \/>\n<meta property=\"og:type\" content=\"article\" \/>\n<meta property=\"og:title\" content=\"\u201cHalk\u0131m\u0131z\u0131n ve Ulusumuzun Cumhuriyet Bayram\u0131n\u0131 kutluyoruz\u201d -\" \/>\n<meta property=\"og:description\" content=\"Memur-Sen Genel Ba\u015fkan\u0131 Ak\u0131n Manga 15 Kas\u0131m Cumhuriyet Bayram\u0131 mesaj\u0131 yay\u0131mlad\u0131. Ak\u0131n Manga mesaj\u0131nda \u015fu ifadelere yer verdi: Tarihin hi\u00e7bir devrinde, Yunan hakimiyetin de olmam\u0131\u015f K\u0131br\u0131s atalar\u0131m\u0131z Osmanl\u0131 taraf\u0131ndan 1571\u2019de fethedilmi\u015f ve 306 y\u0131l T\u00fcrk Egemenli\u011finde kalm\u0131\u015ft\u0131r. Anadolu \u00e7\u0131k\u0131\u015fl\u0131 K\u0131br\u0131s T\u00fcrk halk\u0131da 82 y\u0131ll\u0131k \u0130ngiliz s\u00f6m\u00fcrge d\u00f6neminde dil, din, \u00f6rf, adet ve milliyetine sahip \u00e7\u0131km\u0131\u015f\" \/>\n<meta property=\"og:url\" content=\"https:\/\/kibrisdakik.com\/?p=18584\" \/>\n<meta property=\"article:published_time\" content=\"2023-11-14T07:42:15+00:00\" \/>\n<meta property=\"og:image\" content=\"https:\/\/kibrisdakik.com\/wp-content\/uploads\/2023\/11\/halkimizin-ve-ulusumuzun-cumhuriyet-bayramini-kutluyoruz-1699944268.webp.webp\" \/>\n\t<meta property=\"og:image:width\" content=\"710\" \/>\n\t<meta property=\"og:image:height\" content=\"370\" \/>\n\t<meta property=\"og:image:type\" content=\"image\/webp\" \/>\n<meta name=\"author\" content=\"admin\" \/>\n<meta name=\"twitter:card\" content=\"summary_large_image\" \/>\n<meta name=\"twitter:label1\" content=\"Yazan:\" \/>\n\t<meta name=\"twitter:data1\" content=\"admin\" \/>\n\t<meta name=\"twitter:label2\" content=\"Tahmini okuma s\u00fcresi\" \/>\n\t<meta name=\"twitter:data2\" content=\"2 dakika\" \/>\n<script type=\"application\/ld+json\" class=\"yoast-schema-graph\">{\"@context\":\"https:\\\/\\\/schema.org\",\"@graph\":[{\"@type\":\"Article\",\"@id\":\"https:\\\/\\\/kibrisdakik.com\\\/?p=18584#article\",\"isPartOf\":{\"@id\":\"https:\\\/\\\/kibrisdakik.com\\\/?p=18584\"},\"author\":{\"name\":\"admin\",\"@id\":\"https:\\\/\\\/kibrisdakik.com\\\/#\\\/schema\\\/person\\\/9cd9d437bbb44f72b73ba127e06d8e79\"},\"headline\":\"\u201cHalk\u0131m\u0131z\u0131n ve Ulusumuzun Cumhuriyet Bayram\u0131n\u0131 kutluyoruz\u201d\",\"datePublished\":\"2023-11-14T07:42:15+00:00\",\"mainEntityOfPage\":{\"@id\":\"https:\\\/\\\/kibrisdakik.com\\\/?p=18584\"},\"wordCount\":394,\"commentCount\":0,\"image\":{\"@id\":\"https:\\\/\\\/kibrisdakik.com\\\/?p=18584#primaryimage\"},\"thumbnailUrl\":\"https:\\\/\\\/kibrisdakik.com\\\/wp-content\\\/uploads\\\/2023\\\/11\\\/halkimizin-ve-ulusumuzun-cumhuriyet-bayramini-kutluyoruz-1699944268.webp.webp\",\"articleSection\":[\"G\u00fcndem\"],\"inLanguage\":\"tr\",\"potentialAction\":[{\"@type\":\"CommentAction\",\"name\":\"Comment\",\"target\":[\"https:\\\/\\\/kibrisdakik.com\\\/?p=18584#respond\"]}]},{\"@type\":\"WebPage\",\"@id\":\"https:\\\/\\\/kibrisdakik.com\\\/?p=18584\",\"url\":\"https:\\\/\\\/kibrisdakik.com\\\/?p=18584\",\"name\":\"\u201cHalk\u0131m\u0131z\u0131n ve Ulusumuzun Cumhuriyet Bayram\u0131n\u0131 kutluyoruz\u201d -\",\"isPartOf\":{\"@id\":\"https:\\\/\\\/kibrisdakik.com\\\/#website\"},\"primaryImageOfPage\":{\"@id\":\"https:\\\/\\\/kibrisdakik.com\\\/?p=18584#primaryimage\"},\"image\":{\"@id\":\"https:\\\/\\\/kibrisdakik.com\\\/?p=18584#primaryimage\"},\"thumbnailUrl\":\"https:\\\/\\\/kibrisdakik.com\\\/wp-content\\\/uploads\\\/2023\\\/11\\\/halkimizin-ve-ulusumuzun-cumhuriyet-bayramini-kutluyoruz-1699944268.webp.webp\",\"datePublished\":\"2023-11-14T07:42:15+00:00\",\"author\":{\"@id\":\"https:\\\/\\\/kibrisdakik.com\\\/#\\\/schema\\\/person\\\/9cd9d437bbb44f72b73ba127e06d8e79\"},\"breadcrumb\":{\"@id\":\"https:\\\/\\\/kibrisdakik.com\\\/?p=18584#breadcrumb\"},\"inLanguage\":\"tr\",\"potentialAction\":[{\"@type\":\"ReadAction\",\"target\":[\"https:\\\/\\\/kibrisdakik.com\\\/?p=18584\"]}]},{\"@type\":\"ImageObject\",\"inLanguage\":\"tr\",\"@id\":\"https:\\\/\\\/kibrisdakik.com\\\/?p=18584#primaryimage\",\"url\":\"https:\\\/\\\/kibrisdakik.com\\\/wp-content\\\/uploads\\\/2023\\\/11\\\/halkimizin-ve-ulusumuzun-cumhuriyet-bayramini-kutluyoruz-1699944268.webp.webp\",\"contentUrl\":\"https:\\\/\\\/kibrisdakik.com\\\/wp-content\\\/uploads\\\/2023\\\/11\\\/halkimizin-ve-ulusumuzun-cumhuriyet-bayramini-kutluyoruz-1699944268.webp.webp\",\"width\":710,\"height\":370},{\"@type\":\"BreadcrumbList\",\"@id\":\"https:\\\/\\\/kibrisdakik.com\\\/?p=18584#breadcrumb\",\"itemListElement\":[{\"@type\":\"ListItem\",\"position\":1,\"name\":\"Home\",\"item\":\"https:\\\/\\\/kibrisdakik.com\\\/\"},{\"@type\":\"ListItem\",\"position\":2,\"name\":\"\u201cHalk\u0131m\u0131z\u0131n ve Ulusumuzun Cumhuriyet Bayram\u0131n\u0131 kutluyoruz\u201d\"}]},{\"@type\":\"WebSite\",\"@id\":\"https:\\\/\\\/kibrisdakik.com\\\/#website\",\"url\":\"https:\\\/\\\/kibrisdakik.com\\\/\",\"name\":\"\",\"description\":\"Tam vaktinde haber\",\"potentialAction\":[{\"@type\":\"SearchAction\",\"target\":{\"@type\":\"EntryPoint\",\"urlTemplate\":\"https:\\\/\\\/kibrisdakik.com\\\/?s={search_term_string}\"},\"query-input\":{\"@type\":\"PropertyValueSpecification\",\"valueRequired\":true,\"valueName\":\"search_term_string\"}}],\"inLanguage\":\"tr\"},{\"@type\":\"Person\",\"@id\":\"https:\\\/\\\/kibrisdakik.com\\\/#\\\/schema\\\/person\\\/9cd9d437bbb44f72b73ba127e06d8e79\",\"name\":\"admin\",\"image\":{\"@type\":\"ImageObject\",\"inLanguage\":\"tr\",\"@id\":\"https:\\\/\\\/secure.gravatar.com\\\/avatar\\\/ccc17943b9d660506c869530f897617f7cb1c21a4bf30023f252596d83e1f007?s=96&d=mm&r=g\",\"url\":\"https:\\\/\\\/secure.gravatar.com\\\/avatar\\\/ccc17943b9d660506c869530f897617f7cb1c21a4bf30023f252596d83e1f007?s=96&d=mm&r=g\",\"contentUrl\":\"https:\\\/\\\/secure.gravatar.com\\\/avatar\\\/ccc17943b9d660506c869530f897617f7cb1c21a4bf30023f252596d83e1f007?s=96&d=mm&r=g\",\"caption\":\"admin\"},\"sameAs\":[\"https:\\\/\\\/kibrisdakik.com\"],\"url\":\"https:\\\/\\\/kibrisdakik.com\\\/?author=1\"}]}<\/script>\n<!-- \/ Yoast SEO plugin. -->","yoast_head_json":{"title":"\u201cHalk\u0131m\u0131z\u0131n ve Ulusumuzun Cumhuriyet Bayram\u0131n\u0131 kutluyoruz\u201d -","robots":{"index":"index","follow":"follow","max-snippet":"max-snippet:-1","max-image-preview":"max-image-preview:large","max-video-preview":"max-video-preview:-1"},"canonical":"https:\/\/kibrisdakik.com\/?p=18584","og_locale":"tr_TR","og_type":"article","og_title":"\u201cHalk\u0131m\u0131z\u0131n ve Ulusumuzun Cumhuriyet Bayram\u0131n\u0131 kutluyoruz\u201d -","og_description":"Memur-Sen Genel Ba\u015fkan\u0131 Ak\u0131n Manga 15 Kas\u0131m Cumhuriyet Bayram\u0131 mesaj\u0131 yay\u0131mlad\u0131. Ak\u0131n Manga mesaj\u0131nda \u015fu ifadelere yer verdi: Tarihin hi\u00e7bir devrinde, Yunan hakimiyetin de olmam\u0131\u015f K\u0131br\u0131s atalar\u0131m\u0131z Osmanl\u0131 taraf\u0131ndan 1571\u2019de fethedilmi\u015f ve 306 y\u0131l T\u00fcrk Egemenli\u011finde kalm\u0131\u015ft\u0131r. Anadolu \u00e7\u0131k\u0131\u015fl\u0131 K\u0131br\u0131s T\u00fcrk halk\u0131da 82 y\u0131ll\u0131k \u0130ngiliz s\u00f6m\u00fcrge d\u00f6neminde dil, din, \u00f6rf, adet ve milliyetine sahip \u00e7\u0131km\u0131\u015f","og_url":"https:\/\/kibrisdakik.com\/?p=18584","article_published_time":"2023-11-14T07:42:15+00:00","og_image":[{"width":710,"height":370,"url":"https:\/\/kibrisdakik.com\/wp-content\/uploads\/2023\/11\/halkimizin-ve-ulusumuzun-cumhuriyet-bayramini-kutluyoruz-1699944268.webp.webp","type":"image\/webp"}],"author":"admin","twitter_card":"summary_large_image","twitter_misc":{"Yazan:":"admin","Tahmini okuma s\u00fcresi":"2 dakika"},"schema":{"@context":"https:\/\/schema.org","@graph":[{"@type":"Article","@id":"https:\/\/kibrisdakik.com\/?p=18584#article","isPartOf":{"@id":"https:\/\/kibrisdakik.com\/?p=18584"},"author":{"name":"admin","@id":"https:\/\/kibrisdakik.com\/#\/schema\/person\/9cd9d437bbb44f72b73ba127e06d8e79"},"headline":"\u201cHalk\u0131m\u0131z\u0131n ve Ulusumuzun Cumhuriyet Bayram\u0131n\u0131 kutluyoruz\u201d","datePublished":"2023-11-14T07:42:15+00:00","mainEntityOfPage":{"@id":"https:\/\/kibrisdakik.com\/?p=18584"},"wordCount":394,"commentCount":0,"image":{"@id":"https:\/\/kibrisdakik.com\/?p=18584#primaryimage"},"thumbnailUrl":"https:\/\/kibrisdakik.com\/wp-content\/uploads\/2023\/11\/halkimizin-ve-ulusumuzun-cumhuriyet-bayramini-kutluyoruz-1699944268.webp.webp","articleSection":["G\u00fcndem"],"inLanguage":"tr","potentialAction":[{"@type":"CommentAction","name":"Comment","target":["https:\/\/kibrisdakik.com\/?p=18584#respond"]}]},{"@type":"WebPage","@id":"https:\/\/kibrisdakik.com\/?p=18584","url":"https:\/\/kibrisdakik.com\/?p=18584","name":"\u201cHalk\u0131m\u0131z\u0131n ve Ulusumuzun Cumhuriyet Bayram\u0131n\u0131 kutluyoruz\u201d -","isPartOf":{"@id":"https:\/\/kibrisdakik.com\/#website"},"primaryImageOfPage":{"@id":"https:\/\/kibrisdakik.com\/?p=18584#primaryimage"},"image":{"@id":"https:\/\/kibrisdakik.com\/?p=18584#primaryimage"},"thumbnailUrl":"https:\/\/kibrisdakik.com\/wp-content\/uploads\/2023\/11\/halkimizin-ve-ulusumuzun-cumhuriyet-bayramini-kutluyoruz-1699944268.webp.webp","datePublished":"2023-11-14T07:42:15+00:00","author":{"@id":"https:\/\/kibrisdakik.com\/#\/schema\/person\/9cd9d437bbb44f72b73ba127e06d8e79"},"breadcrumb":{"@id":"https:\/\/kibrisdakik.com\/?p=18584#breadcrumb"},"inLanguage":"tr","potentialAction":[{"@type":"ReadAction","target":["https:\/\/kibrisdakik.com\/?p=18584"]}]},{"@type":"ImageObject","inLanguage":"tr","@id":"https:\/\/kibrisdakik.com\/?p=18584#primaryimage","url":"https:\/\/kibrisdakik.com\/wp-content\/uploads\/2023\/11\/halkimizin-ve-ulusumuzun-cumhuriyet-bayramini-kutluyoruz-1699944268.webp.webp","contentUrl":"https:\/\/kibrisdakik.com\/wp-content\/uploads\/2023\/11\/halkimizin-ve-ulusumuzun-cumhuriyet-bayramini-kutluyoruz-1699944268.webp.webp","width":710,"height":370},{"@type":"BreadcrumbList","@id":"https:\/\/kibrisdakik.com\/?p=18584#breadcrumb","itemListElement":[{"@type":"ListItem","position":1,"name":"Home","item":"https:\/\/kibrisdakik.com\/"},{"@type":"ListItem","position":2,"name":"\u201cHalk\u0131m\u0131z\u0131n ve Ulusumuzun Cumhuriyet Bayram\u0131n\u0131 kutluyoruz\u201d"}]},{"@type":"WebSite","@id":"https:\/\/kibrisdakik.com\/#website","url":"https:\/\/kibrisdakik.com\/","name":"","description":"Tam vaktinde haber","potentialAction":[{"@type":"SearchAction","target":{"@type":"EntryPoint","urlTemplate":"https:\/\/kibrisdakik.com\/?s={search_term_string}"},"query-input":{"@type":"PropertyValueSpecification","valueRequired":true,"valueName":"search_term_string"}}],"inLanguage":"tr"},{"@type":"Person","@id":"https:\/\/kibrisdakik.com\/#\/schema\/person\/9cd9d437bbb44f72b73ba127e06d8e79","name":"admin","image":{"@type":"ImageObject","inLanguage":"tr","@id":"https:\/\/secure.gravatar.com\/avatar\/ccc17943b9d660506c869530f897617f7cb1c21a4bf30023f252596d83e1f007?s=96&d=mm&r=g","url":"https:\/\/secure.gravatar.com\/avatar\/ccc17943b9d660506c869530f897617f7cb1c21a4bf30023f252596d83e1f007?s=96&d=mm&r=g","contentUrl":"https:\/\/secure.gravatar.com\/avatar\/ccc17943b9d660506c869530f897617f7cb1c21a4bf30023f252596d83e1f007?s=96&d=mm&r=g","caption":"admin"},"sameAs":["https:\/\/kibrisdakik.com"],"url":"https:\/\/kibrisdakik.com\/?author=1"}]}},"_links":{"self":[{"href":"https:\/\/kibrisdakik.com\/index.php?rest_route=\/wp\/v2\/posts\/18584","targetHints":{"allow":["GET"]}}],"collection":[{"href":"https:\/\/kibrisdakik.com\/index.php?rest_route=\/wp\/v2\/posts"}],"about":[{"href":"https:\/\/kibrisdakik.com\/index.php?rest_route=\/wp\/v2\/types\/post"}],"author":[{"embeddable":true,"href":"https:\/\/kibrisdakik.com\/index.php?rest_route=\/wp\/v2\/users\/1"}],"replies":[{"embeddable":true,"href":"https:\/\/kibrisdakik.com\/index.php?rest_route=%2Fwp%2Fv2%2Fcomments&post=18584"}],"version-history":[{"count":0,"href":"https:\/\/kibrisdakik.com\/index.php?rest_route=\/wp\/v2\/posts\/18584\/revisions"}],"wp:featuredmedia":[{"embeddable":true,"href":"https:\/\/kibrisdakik.com\/index.php?rest_route=\/wp\/v2\/media\/18585"}],"wp:attachment":[{"href":"https:\/\/kibrisdakik.com\/index.php?rest_route=%2Fwp%2Fv2%2Fmedia&parent=18584"}],"wp:term":[{"taxonomy":"category","embeddable":true,"href":"https:\/\/kibrisdakik.com\/index.php?rest_route=%2Fwp%2Fv2%2Fcategories&post=18584"},{"taxonomy":"post_tag","embeddable":true,"href":"https:\/\/kibrisdakik.com\/index.php?rest_route=%2Fwp%2Fv2%2Ftags&post=18584"}],"curies":[{"name":"wp","href":"https:\/\/api.w.org\/{rel}","templated":true}]}}