{"id":18610,"date":"2023-11-14T10:30:53","date_gmt":"2023-11-14T10:30:53","guid":{"rendered":"https:\/\/kibrisdakik.com\/index.php\/2023\/11\/14\/cumhurbaskani-tatar-yeni-azerbaycan-partisi-genel-baskan-yardimcisi-budakov-ve-beraberindeki-heyeti-kabul-etti\/"},"modified":"2023-11-14T10:30:53","modified_gmt":"2023-11-14T10:30:53","slug":"cumhurbaskani-tatar-yeni-azerbaycan-partisi-genel-baskan-yardimcisi-budakov-ve-beraberindeki-heyeti-kabul-etti","status":"publish","type":"post","link":"https:\/\/kibrisdakik.com\/?p=18610","title":{"rendered":"Cumhurba\u015fkan\u0131 Tatar, Yeni Azerbaycan Partisi Genel Ba\u015fkan Yard\u0131mc\u0131s\u0131 Budakov ve beraberindeki heyeti kabul etti"},"content":{"rendered":"<p><img decoding=\"async\" src=\"https:\/\/www.kibristurk.com\/images\/haberler\/2023\/11\/cumhurbaskani-tatar-yeni-azerbaycan-partisi-genel-baskan-yardimcisi-budakov-ve-beraberindeki-heyeti-kabul-etti-1699957171.webp\" \/><\/p>\n<p style=\"text-align:left\"><span style=\"font-size:16px\"><span style=\"font-family:Merriweather,serif !important\"><span style=\"color:#000000\"><span style=\"background-color:#ffffff\">Cumhurba\u015fkan\u0131 Ersin Tatar Yeni Azerbaycan Partisi Genel Ba\u015fkan Yard\u0131mc\u0131s\u0131 Tahir Budakov ve beraberindeki heyeti kabul etti.<\/span><\/span><\/span><\/span><\/p>\n<p style=\"text-align:left\"><span style=\"font-size:16px\"><span style=\"font-family:Merriweather,serif !important\"><span style=\"color:#000000\"><span style=\"background-color:#ffffff\">Cumhurba\u015fkanl\u0131\u011f\u0131ndan verilen bilgiye g\u00f6re, Cumhurba\u015fkan\u0131 Tatar, KKTC\u2019nin 40. y\u0131l\u0131 dolay\u0131s\u0131yla KKTC\u2019ye ziyaret yapan heyeti kabul etmekten dolay\u0131 duydu\u011fu memnuniyeti dile getirerek, \u201cKarde\u015f Azerbaycan devletinin ba\u015far\u0131lar\u0131 ve T\u00fcrkiye Cumhuriyeti ile yapt\u0131\u011f\u0131 i\u015f birlikleri bizleri memnun etmektedir\u201d dedi.<\/span><\/span><\/span><\/span><\/p>\n<p style=\"text-align:left\"><span style=\"font-size:16px\"><span style=\"font-family:Merriweather,serif !important\"><span style=\"color:#000000\"><span style=\"background-color:#ffffff\">Cumhurba\u015fkan\u0131 Tatar, Karaba\u011f Zaferi ile Karaba\u011f\u2019\u0131n Azerbaycan\u2019a ait oldu\u011funun t\u00fcm d\u00fcnyaya g\u00f6sterilmi\u015f oldu\u011funu belirterek, \u201cBir kez daha sizin sevincinizi payla\u015f\u0131yoruz\u201d \u015feklinde konu\u015ftu.<\/span><\/span><\/span><\/span><\/p>\n<p style=\"text-align:left\"><span style=\"font-size:16px\"><span style=\"font-family:Merriweather,serif !important\"><span style=\"color:#000000\"><span style=\"background-color:#ffffff\">KKTC heyetine Azerbaycan ziyareti s\u0131ras\u0131nda g\u00f6sterilen yak\u0131n ilgiden dolay\u0131 da te\u015fekk\u00fcr eden Cumhurba\u015fkan\u0131 Tatar, \u201cBaz\u0131 siyasi s\u0131k\u0131nt\u0131lara ra\u011fmen biz kendimizi \u2018Bir Millet \u00dc\u00e7 Devlet\u2019 olarak g\u00f6r\u00fcyoruz\u201d dedi.<\/span><\/span><\/span><\/span><\/p>\n<p style=\"text-align:left\"><span style=\"font-size:16px\"><span style=\"font-family:Merriweather,serif !important\"><span style=\"color:#000000\"><span style=\"background-color:#ffffff\">Cumhurba\u015fkan\u0131 Tatar \u015funlar\u0131 kaydetti:<\/span><\/span><\/span><\/span><\/p>\n<p style=\"text-align:left\"><span style=\"font-size:16px\"><span style=\"font-family:Merriweather,serif !important\"><span style=\"color:#000000\"><span style=\"background-color:#ffffff\">\u201cGelecekte bar\u0131\u015f ve huzur i\u00e7inde ya\u015famay\u0131 arzu ederken biz her zaman kendimizi en g\u00fcneydeki T\u00fcrk devleti olarak g\u00f6rd\u00fck. T\u00fcrk d\u00fcnyas\u0131n\u0131n kopmaz ve ayr\u0131lmaz bir par\u00e7as\u0131 olan K\u0131br\u0131s T\u00fcrk halk\u0131n\u0131n da elbette kendi demokrasisi, ba\u011f\u0131ms\u0131zl\u0131\u011f\u0131 ve kendi devleti vard\u0131r. B\u00fcy\u00fck co\u015fkuyla KKTC\u2019nin 40. y\u0131l\u0131n\u0131 kutlarken bu kutlamalarda sizin de bizimle birlikte olman\u0131z b\u00fcy\u00fck anlam ifade etmektedir. Yeni d\u00f6nemde Azerbaycan ile ili\u015fkilerimizi ileti\u015fim \u00e7a\u011f\u0131nda gerek turizmde gerek e\u011fitimde, gerek ticarette gerek k\u00fclt\u00fcrel faaliyetlerde daha da ileriye ta\u015f\u0131yarak daha yak\u0131n ili\u015fkilerde olmay\u0131 temenni ediyoruz\u201d.<\/span><\/span><\/span><\/span><\/p>\n<p style=\"text-align:left\"><span style=\"font-size:16px\"><span style=\"font-family:Merriweather,serif !important\"><span style=\"color:#000000\"><span style=\"background-color:#ffffff\">-Budakov<\/span><\/span><\/span><\/span><\/p>\n<p style=\"text-align:left\"><span style=\"font-size:16px\"><span style=\"font-family:Merriweather,serif !important\"><span style=\"color:#000000\"><span style=\"background-color:#ffffff\">Yeni Azerbaycan Partisi Ba\u015fkan Yard\u0131mc\u0131s\u0131 Tahir Budakov da konu\u015fmas\u0131nda, \u00fclkeler aras\u0131 ili\u015fkilerin daha geli\u015fmesi y\u00f6n\u00fcnde partiler aras\u0131 faaliyetlerini s\u00fcrd\u00fcreceklerini s\u00f6yledi.<\/span><\/span><\/span><\/span><\/p>\n<p style=\"text-align:left\"><span style=\"font-size:16px\"><span style=\"font-family:Merriweather,serif !important\"><span style=\"color:#000000\"><span style=\"background-color:#ffffff\">Yeni Azerbaycan Partisi olarak \u201cBir Millet, \u00dc\u00e7 Devlet\u201d kapsam\u0131nda i\u015f birli\u011finde \u00e7al\u0131\u015fmalar y\u00fcr\u00fcteceklerini ifade eden Budakov, Karaba\u011f konusunda K\u0131br\u0131s T\u00fcrklerinin manevi deste\u011fini hissettiklerini belirtti.<\/span><\/span><\/span><\/span><\/p>\n<p style=\"text-align:left\"><span style=\"font-size:16px\"><span style=\"font-family:Merriweather,serif !important\"><span style=\"color:#000000\"><span style=\"background-color:#ffffff\">Budakov, T\u00fcrk d\u00fcnyas\u0131ndaki T\u00fcrk devletlerinin yak\u0131nla\u015fmas\u0131na ve i\u015f birli\u011finin artmas\u0131na b\u00fcy\u00fck \u00f6nem verdiklerini ifade etti.<\/span><\/span><\/span><\/span><\/p>\n<p style=\"text-align:left\"><span style=\"font-size:16px\"><span style=\"font-family:Merriweather,serif !important\"><span style=\"color:#000000\"><span style=\"background-color:#ffffff\">Kabulde Ba\u015fbakan \u00dcnal \u00dcstel ve UBP Milletvekili O\u011fuzhan Hasipo\u011flu da yer ald\u0131.<\/span><\/span><\/span><\/span><\/p>\n","protected":false},"excerpt":{"rendered":"<p>Cumhurba\u015fkan\u0131 Ersin Tatar Yeni Azerbaycan Partisi Genel Ba\u015fkan Yard\u0131mc\u0131s\u0131 Tahir Budakov ve beraberindeki heyeti kabul etti. Cumhurba\u015fkanl\u0131\u011f\u0131ndan verilen bilgiye g\u00f6re, Cumhurba\u015fkan\u0131 Tatar, KKTC\u2019nin 40. y\u0131l\u0131 dolay\u0131s\u0131yla KKTC\u2019ye ziyaret yapan heyeti kabul etmekten dolay\u0131 duydu\u011fu memnuniyeti dile getirerek, \u201cKarde\u015f Azerbaycan devletinin ba\u015far\u0131lar\u0131 ve T\u00fcrkiye Cumhuriyeti ile yapt\u0131\u011f\u0131 i\u015f birlikleri bizleri memnun etmektedir\u201d dedi. Cumhurba\u015fkan\u0131 Tatar, Karaba\u011f<\/p>\n","protected":false},"author":1,"featured_media":18611,"comment_status":"open","ping_status":"open","sticky":false,"template":"","format":"standard","meta":{"footnotes":""},"categories":[85],"tags":[],"class_list":["post-18610","post","type-post","status-publish","format-standard","has-post-thumbnail","hentry","category-spor"],"yoast_head":"<!-- This site is optimized with the Yoast SEO plugin v27.5 - https:\/\/yoast.com\/product\/yoast-seo-wordpress\/ -->\n<title>Cumhurba\u015fkan\u0131 Tatar, Yeni Azerbaycan Partisi Genel Ba\u015fkan Yard\u0131mc\u0131s\u0131 Budakov ve beraberindeki heyeti kabul etti -<\/title>\n<meta name=\"robots\" content=\"index, follow, max-snippet:-1, max-image-preview:large, max-video-preview:-1\" \/>\n<link rel=\"canonical\" href=\"https:\/\/kibrisdakik.com\/?p=18610\" \/>\n<meta property=\"og:locale\" content=\"tr_TR\" \/>\n<meta property=\"og:type\" content=\"article\" \/>\n<meta property=\"og:title\" content=\"Cumhurba\u015fkan\u0131 Tatar, Yeni Azerbaycan Partisi Genel Ba\u015fkan Yard\u0131mc\u0131s\u0131 Budakov ve beraberindeki heyeti kabul etti -\" \/>\n<meta property=\"og:description\" content=\"Cumhurba\u015fkan\u0131 Ersin Tatar Yeni Azerbaycan Partisi Genel Ba\u015fkan Yard\u0131mc\u0131s\u0131 Tahir Budakov ve beraberindeki heyeti kabul etti. Cumhurba\u015fkanl\u0131\u011f\u0131ndan verilen bilgiye g\u00f6re, Cumhurba\u015fkan\u0131 Tatar, KKTC\u2019nin 40. y\u0131l\u0131 dolay\u0131s\u0131yla KKTC\u2019ye ziyaret yapan heyeti kabul etmekten dolay\u0131 duydu\u011fu memnuniyeti dile getirerek, \u201cKarde\u015f Azerbaycan devletinin ba\u015far\u0131lar\u0131 ve T\u00fcrkiye Cumhuriyeti ile yapt\u0131\u011f\u0131 i\u015f birlikleri bizleri memnun etmektedir\u201d dedi. Cumhurba\u015fkan\u0131 Tatar, Karaba\u011f\" \/>\n<meta property=\"og:url\" content=\"https:\/\/kibrisdakik.com\/?p=18610\" \/>\n<meta property=\"article:published_time\" content=\"2023-11-14T10:30:53+00:00\" \/>\n<meta property=\"og:image\" content=\"https:\/\/kibrisdakik.com\/wp-content\/uploads\/2023\/11\/cumhurbaskani-tatar-yeni-azerbaycan-partisi-genel-baskan-yardimcisi-budakov-ve-beraberindeki-heyeti-kabul-etti-1699957171.webp.webp\" \/>\n\t<meta property=\"og:image:width\" content=\"710\" \/>\n\t<meta property=\"og:image:height\" content=\"370\" \/>\n\t<meta property=\"og:image:type\" content=\"image\/webp\" \/>\n<meta name=\"author\" content=\"admin\" \/>\n<meta name=\"twitter:card\" content=\"summary_large_image\" \/>\n<meta name=\"twitter:label1\" content=\"Yazan:\" \/>\n\t<meta name=\"twitter:data1\" content=\"admin\" \/>\n\t<meta name=\"twitter:label2\" content=\"Tahmini okuma s\u00fcresi\" \/>\n\t<meta name=\"twitter:data2\" content=\"2 dakika\" \/>\n<script type=\"application\/ld+json\" class=\"yoast-schema-graph\">{\"@context\":\"https:\\\/\\\/schema.org\",\"@graph\":[{\"@type\":\"Article\",\"@id\":\"https:\\\/\\\/kibrisdakik.com\\\/?p=18610#article\",\"isPartOf\":{\"@id\":\"https:\\\/\\\/kibrisdakik.com\\\/?p=18610\"},\"author\":{\"name\":\"admin\",\"@id\":\"https:\\\/\\\/kibrisdakik.com\\\/#\\\/schema\\\/person\\\/9cd9d437bbb44f72b73ba127e06d8e79\"},\"headline\":\"Cumhurba\u015fkan\u0131 Tatar, Yeni Azerbaycan Partisi Genel Ba\u015fkan Yard\u0131mc\u0131s\u0131 Budakov ve beraberindeki heyeti kabul etti\",\"datePublished\":\"2023-11-14T10:30:53+00:00\",\"mainEntityOfPage\":{\"@id\":\"https:\\\/\\\/kibrisdakik.com\\\/?p=18610\"},\"wordCount\":387,\"commentCount\":0,\"image\":{\"@id\":\"https:\\\/\\\/kibrisdakik.com\\\/?p=18610#primaryimage\"},\"thumbnailUrl\":\"https:\\\/\\\/kibrisdakik.com\\\/wp-content\\\/uploads\\\/2023\\\/11\\\/cumhurbaskani-tatar-yeni-azerbaycan-partisi-genel-baskan-yardimcisi-budakov-ve-beraberindeki-heyeti-kabul-etti-1699957171.webp.webp\",\"articleSection\":[\"Spor\"],\"inLanguage\":\"tr\",\"potentialAction\":[{\"@type\":\"CommentAction\",\"name\":\"Comment\",\"target\":[\"https:\\\/\\\/kibrisdakik.com\\\/?p=18610#respond\"]}]},{\"@type\":\"WebPage\",\"@id\":\"https:\\\/\\\/kibrisdakik.com\\\/?p=18610\",\"url\":\"https:\\\/\\\/kibrisdakik.com\\\/?p=18610\",\"name\":\"Cumhurba\u015fkan\u0131 Tatar, Yeni Azerbaycan Partisi Genel Ba\u015fkan Yard\u0131mc\u0131s\u0131 Budakov ve beraberindeki heyeti kabul etti -\",\"isPartOf\":{\"@id\":\"https:\\\/\\\/kibrisdakik.com\\\/#website\"},\"primaryImageOfPage\":{\"@id\":\"https:\\\/\\\/kibrisdakik.com\\\/?p=18610#primaryimage\"},\"image\":{\"@id\":\"https:\\\/\\\/kibrisdakik.com\\\/?p=18610#primaryimage\"},\"thumbnailUrl\":\"https:\\\/\\\/kibrisdakik.com\\\/wp-content\\\/uploads\\\/2023\\\/11\\\/cumhurbaskani-tatar-yeni-azerbaycan-partisi-genel-baskan-yardimcisi-budakov-ve-beraberindeki-heyeti-kabul-etti-1699957171.webp.webp\",\"datePublished\":\"2023-11-14T10:30:53+00:00\",\"author\":{\"@id\":\"https:\\\/\\\/kibrisdakik.com\\\/#\\\/schema\\\/person\\\/9cd9d437bbb44f72b73ba127e06d8e79\"},\"breadcrumb\":{\"@id\":\"https:\\\/\\\/kibrisdakik.com\\\/?p=18610#breadcrumb\"},\"inLanguage\":\"tr\",\"potentialAction\":[{\"@type\":\"ReadAction\",\"target\":[\"https:\\\/\\\/kibrisdakik.com\\\/?p=18610\"]}]},{\"@type\":\"ImageObject\",\"inLanguage\":\"tr\",\"@id\":\"https:\\\/\\\/kibrisdakik.com\\\/?p=18610#primaryimage\",\"url\":\"https:\\\/\\\/kibrisdakik.com\\\/wp-content\\\/uploads\\\/2023\\\/11\\\/cumhurbaskani-tatar-yeni-azerbaycan-partisi-genel-baskan-yardimcisi-budakov-ve-beraberindeki-heyeti-kabul-etti-1699957171.webp.webp\",\"contentUrl\":\"https:\\\/\\\/kibrisdakik.com\\\/wp-content\\\/uploads\\\/2023\\\/11\\\/cumhurbaskani-tatar-yeni-azerbaycan-partisi-genel-baskan-yardimcisi-budakov-ve-beraberindeki-heyeti-kabul-etti-1699957171.webp.webp\",\"width\":710,\"height\":370},{\"@type\":\"BreadcrumbList\",\"@id\":\"https:\\\/\\\/kibrisdakik.com\\\/?p=18610#breadcrumb\",\"itemListElement\":[{\"@type\":\"ListItem\",\"position\":1,\"name\":\"Home\",\"item\":\"https:\\\/\\\/kibrisdakik.com\\\/\"},{\"@type\":\"ListItem\",\"position\":2,\"name\":\"Cumhurba\u015fkan\u0131 Tatar, Yeni Azerbaycan Partisi Genel Ba\u015fkan Yard\u0131mc\u0131s\u0131 Budakov ve beraberindeki heyeti kabul etti\"}]},{\"@type\":\"WebSite\",\"@id\":\"https:\\\/\\\/kibrisdakik.com\\\/#website\",\"url\":\"https:\\\/\\\/kibrisdakik.com\\\/\",\"name\":\"\",\"description\":\"Tam vaktinde haber\",\"potentialAction\":[{\"@type\":\"SearchAction\",\"target\":{\"@type\":\"EntryPoint\",\"urlTemplate\":\"https:\\\/\\\/kibrisdakik.com\\\/?s={search_term_string}\"},\"query-input\":{\"@type\":\"PropertyValueSpecification\",\"valueRequired\":true,\"valueName\":\"search_term_string\"}}],\"inLanguage\":\"tr\"},{\"@type\":\"Person\",\"@id\":\"https:\\\/\\\/kibrisdakik.com\\\/#\\\/schema\\\/person\\\/9cd9d437bbb44f72b73ba127e06d8e79\",\"name\":\"admin\",\"image\":{\"@type\":\"ImageObject\",\"inLanguage\":\"tr\",\"@id\":\"https:\\\/\\\/secure.gravatar.com\\\/avatar\\\/ccc17943b9d660506c869530f897617f7cb1c21a4bf30023f252596d83e1f007?s=96&d=mm&r=g\",\"url\":\"https:\\\/\\\/secure.gravatar.com\\\/avatar\\\/ccc17943b9d660506c869530f897617f7cb1c21a4bf30023f252596d83e1f007?s=96&d=mm&r=g\",\"contentUrl\":\"https:\\\/\\\/secure.gravatar.com\\\/avatar\\\/ccc17943b9d660506c869530f897617f7cb1c21a4bf30023f252596d83e1f007?s=96&d=mm&r=g\",\"caption\":\"admin\"},\"sameAs\":[\"https:\\\/\\\/kibrisdakik.com\"],\"url\":\"https:\\\/\\\/kibrisdakik.com\\\/?author=1\"}]}<\/script>\n<!-- \/ Yoast SEO plugin. -->","yoast_head_json":{"title":"Cumhurba\u015fkan\u0131 Tatar, Yeni Azerbaycan Partisi Genel Ba\u015fkan Yard\u0131mc\u0131s\u0131 Budakov ve beraberindeki heyeti kabul etti -","robots":{"index":"index","follow":"follow","max-snippet":"max-snippet:-1","max-image-preview":"max-image-preview:large","max-video-preview":"max-video-preview:-1"},"canonical":"https:\/\/kibrisdakik.com\/?p=18610","og_locale":"tr_TR","og_type":"article","og_title":"Cumhurba\u015fkan\u0131 Tatar, Yeni Azerbaycan Partisi Genel Ba\u015fkan Yard\u0131mc\u0131s\u0131 Budakov ve beraberindeki heyeti kabul etti -","og_description":"Cumhurba\u015fkan\u0131 Ersin Tatar Yeni Azerbaycan Partisi Genel Ba\u015fkan Yard\u0131mc\u0131s\u0131 Tahir Budakov ve beraberindeki heyeti kabul etti. Cumhurba\u015fkanl\u0131\u011f\u0131ndan verilen bilgiye g\u00f6re, Cumhurba\u015fkan\u0131 Tatar, KKTC\u2019nin 40. y\u0131l\u0131 dolay\u0131s\u0131yla KKTC\u2019ye ziyaret yapan heyeti kabul etmekten dolay\u0131 duydu\u011fu memnuniyeti dile getirerek, \u201cKarde\u015f Azerbaycan devletinin ba\u015far\u0131lar\u0131 ve T\u00fcrkiye Cumhuriyeti ile yapt\u0131\u011f\u0131 i\u015f birlikleri bizleri memnun etmektedir\u201d dedi. Cumhurba\u015fkan\u0131 Tatar, Karaba\u011f","og_url":"https:\/\/kibrisdakik.com\/?p=18610","article_published_time":"2023-11-14T10:30:53+00:00","og_image":[{"width":710,"height":370,"url":"https:\/\/kibrisdakik.com\/wp-content\/uploads\/2023\/11\/cumhurbaskani-tatar-yeni-azerbaycan-partisi-genel-baskan-yardimcisi-budakov-ve-beraberindeki-heyeti-kabul-etti-1699957171.webp.webp","type":"image\/webp"}],"author":"admin","twitter_card":"summary_large_image","twitter_misc":{"Yazan:":"admin","Tahmini okuma s\u00fcresi":"2 dakika"},"schema":{"@context":"https:\/\/schema.org","@graph":[{"@type":"Article","@id":"https:\/\/kibrisdakik.com\/?p=18610#article","isPartOf":{"@id":"https:\/\/kibrisdakik.com\/?p=18610"},"author":{"name":"admin","@id":"https:\/\/kibrisdakik.com\/#\/schema\/person\/9cd9d437bbb44f72b73ba127e06d8e79"},"headline":"Cumhurba\u015fkan\u0131 Tatar, Yeni Azerbaycan Partisi Genel Ba\u015fkan Yard\u0131mc\u0131s\u0131 Budakov ve beraberindeki heyeti kabul etti","datePublished":"2023-11-14T10:30:53+00:00","mainEntityOfPage":{"@id":"https:\/\/kibrisdakik.com\/?p=18610"},"wordCount":387,"commentCount":0,"image":{"@id":"https:\/\/kibrisdakik.com\/?p=18610#primaryimage"},"thumbnailUrl":"https:\/\/kibrisdakik.com\/wp-content\/uploads\/2023\/11\/cumhurbaskani-tatar-yeni-azerbaycan-partisi-genel-baskan-yardimcisi-budakov-ve-beraberindeki-heyeti-kabul-etti-1699957171.webp.webp","articleSection":["Spor"],"inLanguage":"tr","potentialAction":[{"@type":"CommentAction","name":"Comment","target":["https:\/\/kibrisdakik.com\/?p=18610#respond"]}]},{"@type":"WebPage","@id":"https:\/\/kibrisdakik.com\/?p=18610","url":"https:\/\/kibrisdakik.com\/?p=18610","name":"Cumhurba\u015fkan\u0131 Tatar, Yeni Azerbaycan Partisi Genel Ba\u015fkan Yard\u0131mc\u0131s\u0131 Budakov ve beraberindeki heyeti kabul etti -","isPartOf":{"@id":"https:\/\/kibrisdakik.com\/#website"},"primaryImageOfPage":{"@id":"https:\/\/kibrisdakik.com\/?p=18610#primaryimage"},"image":{"@id":"https:\/\/kibrisdakik.com\/?p=18610#primaryimage"},"thumbnailUrl":"https:\/\/kibrisdakik.com\/wp-content\/uploads\/2023\/11\/cumhurbaskani-tatar-yeni-azerbaycan-partisi-genel-baskan-yardimcisi-budakov-ve-beraberindeki-heyeti-kabul-etti-1699957171.webp.webp","datePublished":"2023-11-14T10:30:53+00:00","author":{"@id":"https:\/\/kibrisdakik.com\/#\/schema\/person\/9cd9d437bbb44f72b73ba127e06d8e79"},"breadcrumb":{"@id":"https:\/\/kibrisdakik.com\/?p=18610#breadcrumb"},"inLanguage":"tr","potentialAction":[{"@type":"ReadAction","target":["https:\/\/kibrisdakik.com\/?p=18610"]}]},{"@type":"ImageObject","inLanguage":"tr","@id":"https:\/\/kibrisdakik.com\/?p=18610#primaryimage","url":"https:\/\/kibrisdakik.com\/wp-content\/uploads\/2023\/11\/cumhurbaskani-tatar-yeni-azerbaycan-partisi-genel-baskan-yardimcisi-budakov-ve-beraberindeki-heyeti-kabul-etti-1699957171.webp.webp","contentUrl":"https:\/\/kibrisdakik.com\/wp-content\/uploads\/2023\/11\/cumhurbaskani-tatar-yeni-azerbaycan-partisi-genel-baskan-yardimcisi-budakov-ve-beraberindeki-heyeti-kabul-etti-1699957171.webp.webp","width":710,"height":370},{"@type":"BreadcrumbList","@id":"https:\/\/kibrisdakik.com\/?p=18610#breadcrumb","itemListElement":[{"@type":"ListItem","position":1,"name":"Home","item":"https:\/\/kibrisdakik.com\/"},{"@type":"ListItem","position":2,"name":"Cumhurba\u015fkan\u0131 Tatar, Yeni Azerbaycan Partisi Genel Ba\u015fkan Yard\u0131mc\u0131s\u0131 Budakov ve beraberindeki heyeti kabul etti"}]},{"@type":"WebSite","@id":"https:\/\/kibrisdakik.com\/#website","url":"https:\/\/kibrisdakik.com\/","name":"","description":"Tam vaktinde haber","potentialAction":[{"@type":"SearchAction","target":{"@type":"EntryPoint","urlTemplate":"https:\/\/kibrisdakik.com\/?s={search_term_string}"},"query-input":{"@type":"PropertyValueSpecification","valueRequired":true,"valueName":"search_term_string"}}],"inLanguage":"tr"},{"@type":"Person","@id":"https:\/\/kibrisdakik.com\/#\/schema\/person\/9cd9d437bbb44f72b73ba127e06d8e79","name":"admin","image":{"@type":"ImageObject","inLanguage":"tr","@id":"https:\/\/secure.gravatar.com\/avatar\/ccc17943b9d660506c869530f897617f7cb1c21a4bf30023f252596d83e1f007?s=96&d=mm&r=g","url":"https:\/\/secure.gravatar.com\/avatar\/ccc17943b9d660506c869530f897617f7cb1c21a4bf30023f252596d83e1f007?s=96&d=mm&r=g","contentUrl":"https:\/\/secure.gravatar.com\/avatar\/ccc17943b9d660506c869530f897617f7cb1c21a4bf30023f252596d83e1f007?s=96&d=mm&r=g","caption":"admin"},"sameAs":["https:\/\/kibrisdakik.com"],"url":"https:\/\/kibrisdakik.com\/?author=1"}]}},"_links":{"self":[{"href":"https:\/\/kibrisdakik.com\/index.php?rest_route=\/wp\/v2\/posts\/18610","targetHints":{"allow":["GET"]}}],"collection":[{"href":"https:\/\/kibrisdakik.com\/index.php?rest_route=\/wp\/v2\/posts"}],"about":[{"href":"https:\/\/kibrisdakik.com\/index.php?rest_route=\/wp\/v2\/types\/post"}],"author":[{"embeddable":true,"href":"https:\/\/kibrisdakik.com\/index.php?rest_route=\/wp\/v2\/users\/1"}],"replies":[{"embeddable":true,"href":"https:\/\/kibrisdakik.com\/index.php?rest_route=%2Fwp%2Fv2%2Fcomments&post=18610"}],"version-history":[{"count":0,"href":"https:\/\/kibrisdakik.com\/index.php?rest_route=\/wp\/v2\/posts\/18610\/revisions"}],"wp:featuredmedia":[{"embeddable":true,"href":"https:\/\/kibrisdakik.com\/index.php?rest_route=\/wp\/v2\/media\/18611"}],"wp:attachment":[{"href":"https:\/\/kibrisdakik.com\/index.php?rest_route=%2Fwp%2Fv2%2Fmedia&parent=18610"}],"wp:term":[{"taxonomy":"category","embeddable":true,"href":"https:\/\/kibrisdakik.com\/index.php?rest_route=%2Fwp%2Fv2%2Fcategories&post=18610"},{"taxonomy":"post_tag","embeddable":true,"href":"https:\/\/kibrisdakik.com\/index.php?rest_route=%2Fwp%2Fv2%2Ftags&post=18610"}],"curies":[{"name":"wp","href":"https:\/\/api.w.org\/{rel}","templated":true}]}}