{"id":18638,"date":"2023-11-14T12:50:53","date_gmt":"2023-11-14T12:50:53","guid":{"rendered":"https:\/\/kibrisdakik.com\/index.php\/2023\/11\/14\/15-kasim-1983-kibris-turku-icin-ozgurluk-demek\/"},"modified":"2023-11-14T12:50:53","modified_gmt":"2023-11-14T12:50:53","slug":"15-kasim-1983-kibris-turku-icin-ozgurluk-demek","status":"publish","type":"post","link":"https:\/\/kibrisdakik.com\/?p=18638","title":{"rendered":"&quot;15 Kas\u0131m 1983, K\u0131br\u0131s T\u00fcrk\u00fc i\u00e7in \u00f6zg\u00fcrl\u00fck demek&quot;"},"content":{"rendered":"<p><img decoding=\"async\" src=\"https:\/\/www.kibristurk.com\/images\/haberler\/2023\/11\/15-kasim-1983-kibris-turku-icin-ozgurluk-demek-1699965896.webp\" \/><\/p>\n<p style=\"text-align:left\"><span style=\"font-size:16px\"><span style=\"font-family:Merriweather,serif !important\"><span style=\"color:#000000\"><span style=\"background-color:#ffffff\">KAMUSEN Ba\u015fkan\u0131 Metin Atan, KKTC\u2019nin 40\u2019\u0131nc\u0131 kurulu\u015f y\u0131l d\u00f6n\u00fcm\u00fc dolay\u0131s\u0131yla kutlama mesaj\u0131 yay\u0131mlad\u0131.<\/span><\/span><\/span><\/span><\/p>\n<p style=\"text-align:left\"><span style=\"font-size:16px\"><span style=\"font-family:Merriweather,serif !important\"><span style=\"color:#000000\"><span style=\"background-color:#ffffff\"><span style=\"font-size:16px !important\"><span style=\"font-family:Merriweather,serif !important\"><span style=\"color:#000000 !important\">Anavatan T\u00fcrkiye Cumhuriyeti\u2019nin daimi deste\u011fi ile K\u0131br\u0131s T\u00fcrk halk\u0131n\u0131n varl\u0131\u011f\u0131na sahip \u00e7\u0131k\u0131ld\u0131\u011f\u0131n\u0131 belirten Atan, mesaj\u0131nda \u015fu ifadeleri kulland\u0131:<\/span><\/span><\/span><\/span><\/span><\/span><\/span><\/p>\n<p style=\"text-align:left\"><span style=\"font-size:16px\"><span style=\"font-family:Merriweather,serif !important\"><span style=\"color:#000000\"><span style=\"background-color:#ffffff\"><span style=\"font-size:16px !important\"><span style=\"font-family:Merriweather,serif !important\"><span style=\"color:#000000 !important\">\u201cKuzey K\u0131br\u0131s T\u00fcrk Cumhuriyeti\u2019nin kurulu\u015funun 40\u2019\u0131nc\u0131 y\u0131l d\u00f6n\u00fcm\u00fcn\u00fc kutlaman\u0131n gururunu, onurunu ve mutlulu\u011funu ya\u015f\u0131yoruz. 15 Kas\u0131m 1983, K\u0131br\u0131s T\u00fcrk\u00fc i\u00e7in \u00f6zg\u00fcrl\u00fck demektir, K\u0131br\u0131s T\u00fcrk halk\u0131n\u0131n ba\u011f\u0131ms\u0131zl\u0131\u011f\u0131n\u0131 kazanmas\u0131 ad\u0131na m\u00fccadele eden ba\u015fta toplum liderimiz Dr. Faz\u0131l K\u00fc\u00e7\u00fck, Kurucu Cumhurba\u015fkan\u0131m\u0131z Rauf Raif Denkta\u015f ve ba\u011f\u0131ms\u0131zl\u0131\u011f\u0131m\u0131z u\u011fruna canlar\u0131n\u0131 feda eden \u015fehitlerimizi bir kez daha rahmet ve minnetle an\u0131yor, gazilerimize \u015f\u00fckranlar\u0131m\u0131z\u0131 sunuyoruz\u201d.<\/span><\/span><\/span><\/span><\/span><\/span><\/span><\/p>\n","protected":false},"excerpt":{"rendered":"<p>KAMUSEN Ba\u015fkan\u0131 Metin Atan, KKTC\u2019nin 40\u2019\u0131nc\u0131 kurulu\u015f y\u0131l d\u00f6n\u00fcm\u00fc dolay\u0131s\u0131yla kutlama mesaj\u0131 yay\u0131mlad\u0131. Anavatan T\u00fcrkiye Cumhuriyeti\u2019nin daimi deste\u011fi ile K\u0131br\u0131s T\u00fcrk halk\u0131n\u0131n varl\u0131\u011f\u0131na sahip \u00e7\u0131k\u0131ld\u0131\u011f\u0131n\u0131 belirten Atan, mesaj\u0131nda \u015fu ifadeleri kulland\u0131: \u201cKuzey K\u0131br\u0131s T\u00fcrk Cumhuriyeti\u2019nin kurulu\u015funun 40\u2019\u0131nc\u0131 y\u0131l d\u00f6n\u00fcm\u00fcn\u00fc kutlaman\u0131n gururunu, onurunu ve mutlulu\u011funu ya\u015f\u0131yoruz. 15 Kas\u0131m 1983, K\u0131br\u0131s T\u00fcrk\u00fc i\u00e7in \u00f6zg\u00fcrl\u00fck demektir, K\u0131br\u0131s T\u00fcrk<\/p>\n","protected":false},"author":1,"featured_media":18639,"comment_status":"open","ping_status":"open","sticky":false,"template":"","format":"standard","meta":{"footnotes":""},"categories":[79],"tags":[],"class_list":["post-18638","post","type-post","status-publish","format-standard","has-post-thumbnail","hentry","category-ekonomi"],"yoast_head":"<!-- This site is optimized with the Yoast SEO plugin v27.4 - https:\/\/yoast.com\/product\/yoast-seo-wordpress\/ -->\n<title>&quot;15 Kas\u0131m 1983, K\u0131br\u0131s T\u00fcrk\u00fc i\u00e7in \u00f6zg\u00fcrl\u00fck demek&quot; -<\/title>\n<meta name=\"robots\" content=\"index, follow, max-snippet:-1, max-image-preview:large, max-video-preview:-1\" \/>\n<link rel=\"canonical\" href=\"https:\/\/kibrisdakik.com\/?p=18638\" \/>\n<meta property=\"og:locale\" content=\"tr_TR\" \/>\n<meta property=\"og:type\" content=\"article\" \/>\n<meta property=\"og:title\" content=\"&quot;15 Kas\u0131m 1983, K\u0131br\u0131s T\u00fcrk\u00fc i\u00e7in \u00f6zg\u00fcrl\u00fck demek&quot; -\" \/>\n<meta property=\"og:description\" content=\"KAMUSEN Ba\u015fkan\u0131 Metin Atan, KKTC\u2019nin 40\u2019\u0131nc\u0131 kurulu\u015f y\u0131l d\u00f6n\u00fcm\u00fc dolay\u0131s\u0131yla kutlama mesaj\u0131 yay\u0131mlad\u0131. Anavatan T\u00fcrkiye Cumhuriyeti\u2019nin daimi deste\u011fi ile K\u0131br\u0131s T\u00fcrk halk\u0131n\u0131n varl\u0131\u011f\u0131na sahip \u00e7\u0131k\u0131ld\u0131\u011f\u0131n\u0131 belirten Atan, mesaj\u0131nda \u015fu ifadeleri kulland\u0131: \u201cKuzey K\u0131br\u0131s T\u00fcrk Cumhuriyeti\u2019nin kurulu\u015funun 40\u2019\u0131nc\u0131 y\u0131l d\u00f6n\u00fcm\u00fcn\u00fc kutlaman\u0131n gururunu, onurunu ve mutlulu\u011funu ya\u015f\u0131yoruz. 15 Kas\u0131m 1983, K\u0131br\u0131s T\u00fcrk\u00fc i\u00e7in \u00f6zg\u00fcrl\u00fck demektir, K\u0131br\u0131s T\u00fcrk\" \/>\n<meta property=\"og:url\" content=\"https:\/\/kibrisdakik.com\/?p=18638\" \/>\n<meta property=\"article:published_time\" content=\"2023-11-14T12:50:53+00:00\" \/>\n<meta property=\"og:image\" content=\"https:\/\/kibrisdakik.com\/wp-content\/uploads\/2023\/11\/15-kasim-1983-kibris-turku-icin-ozgurluk-demek-1699965896.webp.webp\" \/>\n\t<meta property=\"og:image:width\" content=\"710\" \/>\n\t<meta property=\"og:image:height\" content=\"370\" \/>\n\t<meta property=\"og:image:type\" content=\"image\/webp\" \/>\n<meta name=\"author\" content=\"admin\" \/>\n<meta name=\"twitter:card\" content=\"summary_large_image\" \/>\n<meta name=\"twitter:label1\" content=\"Yazan:\" \/>\n\t<meta name=\"twitter:data1\" content=\"admin\" \/>\n\t<meta name=\"twitter:label2\" content=\"Tahmini okuma s\u00fcresi\" \/>\n\t<meta name=\"twitter:data2\" content=\"1 dakika\" \/>\n<script type=\"application\/ld+json\" class=\"yoast-schema-graph\">{\"@context\":\"https:\\\/\\\/schema.org\",\"@graph\":[{\"@type\":\"Article\",\"@id\":\"https:\\\/\\\/kibrisdakik.com\\\/?p=18638#article\",\"isPartOf\":{\"@id\":\"https:\\\/\\\/kibrisdakik.com\\\/?p=18638\"},\"author\":{\"name\":\"admin\",\"@id\":\"https:\\\/\\\/kibrisdakik.com\\\/#\\\/schema\\\/person\\\/9cd9d437bbb44f72b73ba127e06d8e79\"},\"headline\":\"&quot;15 Kas\u0131m 1983, K\u0131br\u0131s T\u00fcrk\u00fc i\u00e7in \u00f6zg\u00fcrl\u00fck demek&quot;\",\"datePublished\":\"2023-11-14T12:50:53+00:00\",\"mainEntityOfPage\":{\"@id\":\"https:\\\/\\\/kibrisdakik.com\\\/?p=18638\"},\"wordCount\":166,\"commentCount\":0,\"image\":{\"@id\":\"https:\\\/\\\/kibrisdakik.com\\\/?p=18638#primaryimage\"},\"thumbnailUrl\":\"https:\\\/\\\/kibrisdakik.com\\\/wp-content\\\/uploads\\\/2023\\\/11\\\/15-kasim-1983-kibris-turku-icin-ozgurluk-demek-1699965896.webp.webp\",\"articleSection\":[\"Ekonomi\"],\"inLanguage\":\"tr\",\"potentialAction\":[{\"@type\":\"CommentAction\",\"name\":\"Comment\",\"target\":[\"https:\\\/\\\/kibrisdakik.com\\\/?p=18638#respond\"]}]},{\"@type\":\"WebPage\",\"@id\":\"https:\\\/\\\/kibrisdakik.com\\\/?p=18638\",\"url\":\"https:\\\/\\\/kibrisdakik.com\\\/?p=18638\",\"name\":\"&quot;15 Kas\u0131m 1983, K\u0131br\u0131s T\u00fcrk\u00fc i\u00e7in \u00f6zg\u00fcrl\u00fck demek&quot; -\",\"isPartOf\":{\"@id\":\"https:\\\/\\\/kibrisdakik.com\\\/#website\"},\"primaryImageOfPage\":{\"@id\":\"https:\\\/\\\/kibrisdakik.com\\\/?p=18638#primaryimage\"},\"image\":{\"@id\":\"https:\\\/\\\/kibrisdakik.com\\\/?p=18638#primaryimage\"},\"thumbnailUrl\":\"https:\\\/\\\/kibrisdakik.com\\\/wp-content\\\/uploads\\\/2023\\\/11\\\/15-kasim-1983-kibris-turku-icin-ozgurluk-demek-1699965896.webp.webp\",\"datePublished\":\"2023-11-14T12:50:53+00:00\",\"author\":{\"@id\":\"https:\\\/\\\/kibrisdakik.com\\\/#\\\/schema\\\/person\\\/9cd9d437bbb44f72b73ba127e06d8e79\"},\"breadcrumb\":{\"@id\":\"https:\\\/\\\/kibrisdakik.com\\\/?p=18638#breadcrumb\"},\"inLanguage\":\"tr\",\"potentialAction\":[{\"@type\":\"ReadAction\",\"target\":[\"https:\\\/\\\/kibrisdakik.com\\\/?p=18638\"]}]},{\"@type\":\"ImageObject\",\"inLanguage\":\"tr\",\"@id\":\"https:\\\/\\\/kibrisdakik.com\\\/?p=18638#primaryimage\",\"url\":\"https:\\\/\\\/kibrisdakik.com\\\/wp-content\\\/uploads\\\/2023\\\/11\\\/15-kasim-1983-kibris-turku-icin-ozgurluk-demek-1699965896.webp.webp\",\"contentUrl\":\"https:\\\/\\\/kibrisdakik.com\\\/wp-content\\\/uploads\\\/2023\\\/11\\\/15-kasim-1983-kibris-turku-icin-ozgurluk-demek-1699965896.webp.webp\",\"width\":710,\"height\":370},{\"@type\":\"BreadcrumbList\",\"@id\":\"https:\\\/\\\/kibrisdakik.com\\\/?p=18638#breadcrumb\",\"itemListElement\":[{\"@type\":\"ListItem\",\"position\":1,\"name\":\"Home\",\"item\":\"https:\\\/\\\/kibrisdakik.com\\\/\"},{\"@type\":\"ListItem\",\"position\":2,\"name\":\"&quot;15 Kas\u0131m 1983, K\u0131br\u0131s T\u00fcrk\u00fc i\u00e7in \u00f6zg\u00fcrl\u00fck demek&quot;\"}]},{\"@type\":\"WebSite\",\"@id\":\"https:\\\/\\\/kibrisdakik.com\\\/#website\",\"url\":\"https:\\\/\\\/kibrisdakik.com\\\/\",\"name\":\"\",\"description\":\"Tam vaktinde haber\",\"potentialAction\":[{\"@type\":\"SearchAction\",\"target\":{\"@type\":\"EntryPoint\",\"urlTemplate\":\"https:\\\/\\\/kibrisdakik.com\\\/?s={search_term_string}\"},\"query-input\":{\"@type\":\"PropertyValueSpecification\",\"valueRequired\":true,\"valueName\":\"search_term_string\"}}],\"inLanguage\":\"tr\"},{\"@type\":\"Person\",\"@id\":\"https:\\\/\\\/kibrisdakik.com\\\/#\\\/schema\\\/person\\\/9cd9d437bbb44f72b73ba127e06d8e79\",\"name\":\"admin\",\"image\":{\"@type\":\"ImageObject\",\"inLanguage\":\"tr\",\"@id\":\"https:\\\/\\\/secure.gravatar.com\\\/avatar\\\/ccc17943b9d660506c869530f897617f7cb1c21a4bf30023f252596d83e1f007?s=96&d=mm&r=g\",\"url\":\"https:\\\/\\\/secure.gravatar.com\\\/avatar\\\/ccc17943b9d660506c869530f897617f7cb1c21a4bf30023f252596d83e1f007?s=96&d=mm&r=g\",\"contentUrl\":\"https:\\\/\\\/secure.gravatar.com\\\/avatar\\\/ccc17943b9d660506c869530f897617f7cb1c21a4bf30023f252596d83e1f007?s=96&d=mm&r=g\",\"caption\":\"admin\"},\"sameAs\":[\"https:\\\/\\\/kibrisdakik.com\"],\"url\":\"https:\\\/\\\/kibrisdakik.com\\\/?author=1\"}]}<\/script>\n<!-- \/ Yoast SEO plugin. -->","yoast_head_json":{"title":"&quot;15 Kas\u0131m 1983, K\u0131br\u0131s T\u00fcrk\u00fc i\u00e7in \u00f6zg\u00fcrl\u00fck demek&quot; -","robots":{"index":"index","follow":"follow","max-snippet":"max-snippet:-1","max-image-preview":"max-image-preview:large","max-video-preview":"max-video-preview:-1"},"canonical":"https:\/\/kibrisdakik.com\/?p=18638","og_locale":"tr_TR","og_type":"article","og_title":"&quot;15 Kas\u0131m 1983, K\u0131br\u0131s T\u00fcrk\u00fc i\u00e7in \u00f6zg\u00fcrl\u00fck demek&quot; -","og_description":"KAMUSEN Ba\u015fkan\u0131 Metin Atan, KKTC\u2019nin 40\u2019\u0131nc\u0131 kurulu\u015f y\u0131l d\u00f6n\u00fcm\u00fc dolay\u0131s\u0131yla kutlama mesaj\u0131 yay\u0131mlad\u0131. Anavatan T\u00fcrkiye Cumhuriyeti\u2019nin daimi deste\u011fi ile K\u0131br\u0131s T\u00fcrk halk\u0131n\u0131n varl\u0131\u011f\u0131na sahip \u00e7\u0131k\u0131ld\u0131\u011f\u0131n\u0131 belirten Atan, mesaj\u0131nda \u015fu ifadeleri kulland\u0131: \u201cKuzey K\u0131br\u0131s T\u00fcrk Cumhuriyeti\u2019nin kurulu\u015funun 40\u2019\u0131nc\u0131 y\u0131l d\u00f6n\u00fcm\u00fcn\u00fc kutlaman\u0131n gururunu, onurunu ve mutlulu\u011funu ya\u015f\u0131yoruz. 15 Kas\u0131m 1983, K\u0131br\u0131s T\u00fcrk\u00fc i\u00e7in \u00f6zg\u00fcrl\u00fck demektir, K\u0131br\u0131s T\u00fcrk","og_url":"https:\/\/kibrisdakik.com\/?p=18638","article_published_time":"2023-11-14T12:50:53+00:00","og_image":[{"width":710,"height":370,"url":"https:\/\/kibrisdakik.com\/wp-content\/uploads\/2023\/11\/15-kasim-1983-kibris-turku-icin-ozgurluk-demek-1699965896.webp.webp","type":"image\/webp"}],"author":"admin","twitter_card":"summary_large_image","twitter_misc":{"Yazan:":"admin","Tahmini okuma s\u00fcresi":"1 dakika"},"schema":{"@context":"https:\/\/schema.org","@graph":[{"@type":"Article","@id":"https:\/\/kibrisdakik.com\/?p=18638#article","isPartOf":{"@id":"https:\/\/kibrisdakik.com\/?p=18638"},"author":{"name":"admin","@id":"https:\/\/kibrisdakik.com\/#\/schema\/person\/9cd9d437bbb44f72b73ba127e06d8e79"},"headline":"&quot;15 Kas\u0131m 1983, K\u0131br\u0131s T\u00fcrk\u00fc i\u00e7in \u00f6zg\u00fcrl\u00fck demek&quot;","datePublished":"2023-11-14T12:50:53+00:00","mainEntityOfPage":{"@id":"https:\/\/kibrisdakik.com\/?p=18638"},"wordCount":166,"commentCount":0,"image":{"@id":"https:\/\/kibrisdakik.com\/?p=18638#primaryimage"},"thumbnailUrl":"https:\/\/kibrisdakik.com\/wp-content\/uploads\/2023\/11\/15-kasim-1983-kibris-turku-icin-ozgurluk-demek-1699965896.webp.webp","articleSection":["Ekonomi"],"inLanguage":"tr","potentialAction":[{"@type":"CommentAction","name":"Comment","target":["https:\/\/kibrisdakik.com\/?p=18638#respond"]}]},{"@type":"WebPage","@id":"https:\/\/kibrisdakik.com\/?p=18638","url":"https:\/\/kibrisdakik.com\/?p=18638","name":"&quot;15 Kas\u0131m 1983, K\u0131br\u0131s T\u00fcrk\u00fc i\u00e7in \u00f6zg\u00fcrl\u00fck demek&quot; -","isPartOf":{"@id":"https:\/\/kibrisdakik.com\/#website"},"primaryImageOfPage":{"@id":"https:\/\/kibrisdakik.com\/?p=18638#primaryimage"},"image":{"@id":"https:\/\/kibrisdakik.com\/?p=18638#primaryimage"},"thumbnailUrl":"https:\/\/kibrisdakik.com\/wp-content\/uploads\/2023\/11\/15-kasim-1983-kibris-turku-icin-ozgurluk-demek-1699965896.webp.webp","datePublished":"2023-11-14T12:50:53+00:00","author":{"@id":"https:\/\/kibrisdakik.com\/#\/schema\/person\/9cd9d437bbb44f72b73ba127e06d8e79"},"breadcrumb":{"@id":"https:\/\/kibrisdakik.com\/?p=18638#breadcrumb"},"inLanguage":"tr","potentialAction":[{"@type":"ReadAction","target":["https:\/\/kibrisdakik.com\/?p=18638"]}]},{"@type":"ImageObject","inLanguage":"tr","@id":"https:\/\/kibrisdakik.com\/?p=18638#primaryimage","url":"https:\/\/kibrisdakik.com\/wp-content\/uploads\/2023\/11\/15-kasim-1983-kibris-turku-icin-ozgurluk-demek-1699965896.webp.webp","contentUrl":"https:\/\/kibrisdakik.com\/wp-content\/uploads\/2023\/11\/15-kasim-1983-kibris-turku-icin-ozgurluk-demek-1699965896.webp.webp","width":710,"height":370},{"@type":"BreadcrumbList","@id":"https:\/\/kibrisdakik.com\/?p=18638#breadcrumb","itemListElement":[{"@type":"ListItem","position":1,"name":"Home","item":"https:\/\/kibrisdakik.com\/"},{"@type":"ListItem","position":2,"name":"&quot;15 Kas\u0131m 1983, K\u0131br\u0131s T\u00fcrk\u00fc i\u00e7in \u00f6zg\u00fcrl\u00fck demek&quot;"}]},{"@type":"WebSite","@id":"https:\/\/kibrisdakik.com\/#website","url":"https:\/\/kibrisdakik.com\/","name":"","description":"Tam vaktinde haber","potentialAction":[{"@type":"SearchAction","target":{"@type":"EntryPoint","urlTemplate":"https:\/\/kibrisdakik.com\/?s={search_term_string}"},"query-input":{"@type":"PropertyValueSpecification","valueRequired":true,"valueName":"search_term_string"}}],"inLanguage":"tr"},{"@type":"Person","@id":"https:\/\/kibrisdakik.com\/#\/schema\/person\/9cd9d437bbb44f72b73ba127e06d8e79","name":"admin","image":{"@type":"ImageObject","inLanguage":"tr","@id":"https:\/\/secure.gravatar.com\/avatar\/ccc17943b9d660506c869530f897617f7cb1c21a4bf30023f252596d83e1f007?s=96&d=mm&r=g","url":"https:\/\/secure.gravatar.com\/avatar\/ccc17943b9d660506c869530f897617f7cb1c21a4bf30023f252596d83e1f007?s=96&d=mm&r=g","contentUrl":"https:\/\/secure.gravatar.com\/avatar\/ccc17943b9d660506c869530f897617f7cb1c21a4bf30023f252596d83e1f007?s=96&d=mm&r=g","caption":"admin"},"sameAs":["https:\/\/kibrisdakik.com"],"url":"https:\/\/kibrisdakik.com\/?author=1"}]}},"_links":{"self":[{"href":"https:\/\/kibrisdakik.com\/index.php?rest_route=\/wp\/v2\/posts\/18638","targetHints":{"allow":["GET"]}}],"collection":[{"href":"https:\/\/kibrisdakik.com\/index.php?rest_route=\/wp\/v2\/posts"}],"about":[{"href":"https:\/\/kibrisdakik.com\/index.php?rest_route=\/wp\/v2\/types\/post"}],"author":[{"embeddable":true,"href":"https:\/\/kibrisdakik.com\/index.php?rest_route=\/wp\/v2\/users\/1"}],"replies":[{"embeddable":true,"href":"https:\/\/kibrisdakik.com\/index.php?rest_route=%2Fwp%2Fv2%2Fcomments&post=18638"}],"version-history":[{"count":0,"href":"https:\/\/kibrisdakik.com\/index.php?rest_route=\/wp\/v2\/posts\/18638\/revisions"}],"wp:featuredmedia":[{"embeddable":true,"href":"https:\/\/kibrisdakik.com\/index.php?rest_route=\/wp\/v2\/media\/18639"}],"wp:attachment":[{"href":"https:\/\/kibrisdakik.com\/index.php?rest_route=%2Fwp%2Fv2%2Fmedia&parent=18638"}],"wp:term":[{"taxonomy":"category","embeddable":true,"href":"https:\/\/kibrisdakik.com\/index.php?rest_route=%2Fwp%2Fv2%2Fcategories&post=18638"},{"taxonomy":"post_tag","embeddable":true,"href":"https:\/\/kibrisdakik.com\/index.php?rest_route=%2Fwp%2Fv2%2Ftags&post=18638"}],"curies":[{"name":"wp","href":"https:\/\/api.w.org\/{rel}","templated":true}]}}