{"id":18642,"date":"2023-11-14T13:33:49","date_gmt":"2023-11-14T13:33:49","guid":{"rendered":"https:\/\/kibrisdakik.com\/index.php\/2023\/11\/14\/ktams-67-yasinda\/"},"modified":"2023-11-14T13:33:49","modified_gmt":"2023-11-14T13:33:49","slug":"ktams-67-yasinda","status":"publish","type":"post","link":"https:\/\/kibrisdakik.com\/?p=18642","title":{"rendered":"KTAMS 67 ya\u015f\u0131nda"},"content":{"rendered":"<p><img decoding=\"async\" src=\"https:\/\/www.kibristurk.com\/images\/haberler\/2023\/11\/ktams-67-yasinda-1699968522.webp\" \/><\/p>\n<p style=\"text-align:left\"><span style=\"font-size:14px\"><span style=\"font-family:Arial,Helvetica,sans-serif\"><span style=\"color:#000000\"><span style=\"background-color:#ffffff\">KTAMS 50. Y\u0131l Konferans Salonu\u2019nda d\u00fczenlenen etkinlikte konu\u015fan Bengihan, KTAMS\u2019\u0131n 5 bin \u00fcye ile \u00fclkenin en b\u00fcy\u00fck sendikas\u0131 oldu\u011funu dile getirdi, sendikan\u0131n kurulu\u015fundan bug\u00fcne emek koyan t\u00fcm \u00fcyelere te\u015fekk\u00fcr etti.<\/span><\/span><\/span><\/span><\/p>\n<p style=\"text-align:left\"><span style=\"font-size:14px\"><span style=\"font-family:Arial,Helvetica,sans-serif\"><span style=\"color:#000000\"><span style=\"background-color:#ffffff\">Sendikan\u0131n kuruldu\u011fu g\u00fcnden itibaren bar\u0131\u015f demokrasi ve emek m\u00fccadelesinde her zaman en \u00f6n saflarda oldu\u011funu kaydeden Bengihan, \u00fcyelerinin haklar\u0131 yan\u0131nda toplumsal sorunlara da duyarl\u0131 olduklar\u0131n\u0131 vurgulad\u0131.<\/span><\/span><\/span><\/span><\/p>\n<p style=\"text-align:left\"><span style=\"font-size:14px\"><span style=\"font-family:Arial,Helvetica,sans-serif\"><span style=\"color:#000000\"><span style=\"background-color:#ffffff\">\u00d6zel sekt\u00f6rde asgari \u00fccretin insanca ya\u015fanabilir hale gelmesi talebiyle d\u00fczenli olarak a\u00e7l\u0131k s\u0131n\u0131r\u0131n\u0131 a\u00e7\u0131klayarak h\u00fck\u00fcmete bask\u0131 unsuru yaratt\u0131klar\u0131n\u0131 ifade eden Bengihan, \u201cG\u00f6\u00e7 Yasas\u0131\u201d kapsam\u0131ndaki \u00e7al\u0131\u015fanlar\u0131n maa\u015f fark\u0131n\u0131n kapat\u0131lmas\u0131, yasalardan kaynakl\u0131 e\u015fitsizliklerin ortadan kalkmas\u0131 gibi konularda da m\u00fccadele ettiklerini anlatt\u0131.<\/span><\/span><\/span><\/span><\/p>\n<p style=\"text-align:left\"><span style=\"font-size:14px\"><span style=\"font-family:Arial,Helvetica,sans-serif\"><span style=\"color:#000000\"><span style=\"background-color:#ffffff\">S\u0131navlar\u0131n adaletli ve liyakate dayal\u0131 olmas\u0131 i\u00e7in verdikleri m\u00fccadeleye i\u015faret eden, bu yolda tutukland\u0131klar\u0131n\u0131 dile getiren Bengihan, \u00f6te yandan partizanca f\u0131rsat e\u015fitli\u011fine ayk\u0131r\u0131 istihdamlarla ilgili de hukuk yoluna ba\u015fvurduklar\u0131n\u0131, yasa \u00f6nerisi haz\u0131rlad\u0131klar\u0131n\u0131 kaydetti.<\/span><\/span><\/span><\/span><\/p>\n<p style=\"text-align:left\"><span style=\"font-size:14px\"><span style=\"font-family:Arial,Helvetica,sans-serif\"><span style=\"color:#000000\"><span style=\"background-color:#ffffff\">Bengihan, KTAMS olarak \u00e7al\u0131\u015fma ko\u015fullar\u0131n\u0131n daha iyi noktaya gelmesi i\u00e7in dost ve karde\u015f \u00f6rg\u00fctlerle bir\u00e7ok eylemler ger\u00e7ekle\u015ftirdiklerini anlatt\u0131.<\/span><\/span><\/span><\/span><\/p>\n<p style=\"text-align:left\"><span style=\"font-size:14px\"><span style=\"font-family:Arial,Helvetica,sans-serif\"><span style=\"color:#000000\"><span style=\"background-color:#ffffff\">Toplumsal fark\u0131ndal\u0131k ad\u0131na ger\u00e7ekle\u015ftirdikleri sosyal sorumluluk projelerinden de bahseden Bengihan, uluslararas\u0131 alanda sendikay\u0131 ve \u00fclkeyi en iyi \u015fekilde temsil ettiklerini belirtti.<\/span><\/span><\/span><\/span><\/p>\n<p style=\"text-align:left\"><span style=\"font-size:14px\"><span style=\"font-family:Arial,Helvetica,sans-serif\"><span style=\"color:#000000\"><span style=\"background-color:#ffffff\">Bar\u0131\u015f ve \u00e7\u00f6z\u00fcm mitinglerinde her zaman yer ald\u0131klar\u0131n\u0131 da an\u0131msatan Bengihan h\u00fck\u00fcmeti de ele\u015ftirdi, halk\u0131n yoksulla\u015fmaya \u00fclkenin yok olu\u015fa do\u011fru s\u00fcr\u00fcklendi\u011fini kaydetti, buna kar\u015f\u0131 birlikte m\u00fccadeleye devam edeceklerini ifade etti.<\/span><\/span><\/span><\/span><\/p>\n<p style=\"text-align:left\"><span style=\"font-size:14px\"><span style=\"font-family:Arial,Helvetica,sans-serif\"><span style=\"color:#000000\"><span style=\"background-color:#ffffff\">\u201cBu memleketin sahipsiz olmad\u0131\u011f\u0131n\u0131 herkese g\u00f6sterece\u011fiz\u201d diyen Bengihan, \u201cNe d\u00fcn\u00fcm\u00fczden vazge\u00e7eriz ne de yar\u0131n\u0131m\u0131zdan; ne kavgam\u0131zdan vazge\u00e7eriz ne de sevdam\u0131zdan; ne umudumuzdan vazge\u00e7eriz ne de yurdumuzdan\u201d diye ekledi.<\/span><\/span><\/span><\/span><\/p>\n","protected":false},"excerpt":{"rendered":"<p>KTAMS 50. Y\u0131l Konferans Salonu\u2019nda d\u00fczenlenen etkinlikte konu\u015fan Bengihan, KTAMS\u2019\u0131n 5 bin \u00fcye ile \u00fclkenin en b\u00fcy\u00fck sendikas\u0131 oldu\u011funu dile getirdi, sendikan\u0131n kurulu\u015fundan bug\u00fcne emek koyan t\u00fcm \u00fcyelere te\u015fekk\u00fcr etti. Sendikan\u0131n kuruldu\u011fu g\u00fcnden itibaren bar\u0131\u015f demokrasi ve emek m\u00fccadelesinde her zaman en \u00f6n saflarda oldu\u011funu kaydeden Bengihan, \u00fcyelerinin haklar\u0131 yan\u0131nda toplumsal sorunlara da duyarl\u0131 olduklar\u0131n\u0131<\/p>\n","protected":false},"author":1,"featured_media":18643,"comment_status":"open","ping_status":"open","sticky":false,"template":"","format":"standard","meta":{"footnotes":""},"categories":[85],"tags":[],"class_list":["post-18642","post","type-post","status-publish","format-standard","has-post-thumbnail","hentry","category-spor"],"yoast_head":"<!-- This site is optimized with the Yoast SEO plugin v27.4 - https:\/\/yoast.com\/product\/yoast-seo-wordpress\/ -->\n<title>KTAMS 67 ya\u015f\u0131nda -<\/title>\n<meta name=\"robots\" content=\"index, follow, max-snippet:-1, max-image-preview:large, max-video-preview:-1\" \/>\n<link rel=\"canonical\" href=\"https:\/\/kibrisdakik.com\/?p=18642\" \/>\n<meta property=\"og:locale\" content=\"tr_TR\" \/>\n<meta property=\"og:type\" content=\"article\" \/>\n<meta property=\"og:title\" content=\"KTAMS 67 ya\u015f\u0131nda -\" \/>\n<meta property=\"og:description\" content=\"KTAMS 50. Y\u0131l Konferans Salonu\u2019nda d\u00fczenlenen etkinlikte konu\u015fan Bengihan, KTAMS\u2019\u0131n 5 bin \u00fcye ile \u00fclkenin en b\u00fcy\u00fck sendikas\u0131 oldu\u011funu dile getirdi, sendikan\u0131n kurulu\u015fundan bug\u00fcne emek koyan t\u00fcm \u00fcyelere te\u015fekk\u00fcr etti. Sendikan\u0131n kuruldu\u011fu g\u00fcnden itibaren bar\u0131\u015f demokrasi ve emek m\u00fccadelesinde her zaman en \u00f6n saflarda oldu\u011funu kaydeden Bengihan, \u00fcyelerinin haklar\u0131 yan\u0131nda toplumsal sorunlara da duyarl\u0131 olduklar\u0131n\u0131\" \/>\n<meta property=\"og:url\" content=\"https:\/\/kibrisdakik.com\/?p=18642\" \/>\n<meta property=\"article:published_time\" content=\"2023-11-14T13:33:49+00:00\" \/>\n<meta property=\"og:image\" content=\"https:\/\/kibrisdakik.com\/wp-content\/uploads\/2023\/11\/ktams-67-yasinda-1699968522.webp.webp\" \/>\n\t<meta property=\"og:image:width\" content=\"710\" \/>\n\t<meta property=\"og:image:height\" content=\"370\" \/>\n\t<meta property=\"og:image:type\" content=\"image\/webp\" \/>\n<meta name=\"author\" content=\"admin\" \/>\n<meta name=\"twitter:card\" content=\"summary_large_image\" \/>\n<meta name=\"twitter:label1\" content=\"Yazan:\" \/>\n\t<meta name=\"twitter:data1\" content=\"admin\" \/>\n\t<meta name=\"twitter:label2\" content=\"Tahmini okuma s\u00fcresi\" \/>\n\t<meta name=\"twitter:data2\" content=\"2 dakika\" \/>\n<script type=\"application\/ld+json\" class=\"yoast-schema-graph\">{\"@context\":\"https:\\\/\\\/schema.org\",\"@graph\":[{\"@type\":\"Article\",\"@id\":\"https:\\\/\\\/kibrisdakik.com\\\/?p=18642#article\",\"isPartOf\":{\"@id\":\"https:\\\/\\\/kibrisdakik.com\\\/?p=18642\"},\"author\":{\"name\":\"admin\",\"@id\":\"https:\\\/\\\/kibrisdakik.com\\\/#\\\/schema\\\/person\\\/9cd9d437bbb44f72b73ba127e06d8e79\"},\"headline\":\"KTAMS 67 ya\u015f\u0131nda\",\"datePublished\":\"2023-11-14T13:33:49+00:00\",\"mainEntityOfPage\":{\"@id\":\"https:\\\/\\\/kibrisdakik.com\\\/?p=18642\"},\"wordCount\":327,\"commentCount\":0,\"image\":{\"@id\":\"https:\\\/\\\/kibrisdakik.com\\\/?p=18642#primaryimage\"},\"thumbnailUrl\":\"https:\\\/\\\/kibrisdakik.com\\\/wp-content\\\/uploads\\\/2023\\\/11\\\/ktams-67-yasinda-1699968522.webp.webp\",\"articleSection\":[\"Spor\"],\"inLanguage\":\"tr\",\"potentialAction\":[{\"@type\":\"CommentAction\",\"name\":\"Comment\",\"target\":[\"https:\\\/\\\/kibrisdakik.com\\\/?p=18642#respond\"]}]},{\"@type\":\"WebPage\",\"@id\":\"https:\\\/\\\/kibrisdakik.com\\\/?p=18642\",\"url\":\"https:\\\/\\\/kibrisdakik.com\\\/?p=18642\",\"name\":\"KTAMS 67 ya\u015f\u0131nda -\",\"isPartOf\":{\"@id\":\"https:\\\/\\\/kibrisdakik.com\\\/#website\"},\"primaryImageOfPage\":{\"@id\":\"https:\\\/\\\/kibrisdakik.com\\\/?p=18642#primaryimage\"},\"image\":{\"@id\":\"https:\\\/\\\/kibrisdakik.com\\\/?p=18642#primaryimage\"},\"thumbnailUrl\":\"https:\\\/\\\/kibrisdakik.com\\\/wp-content\\\/uploads\\\/2023\\\/11\\\/ktams-67-yasinda-1699968522.webp.webp\",\"datePublished\":\"2023-11-14T13:33:49+00:00\",\"author\":{\"@id\":\"https:\\\/\\\/kibrisdakik.com\\\/#\\\/schema\\\/person\\\/9cd9d437bbb44f72b73ba127e06d8e79\"},\"breadcrumb\":{\"@id\":\"https:\\\/\\\/kibrisdakik.com\\\/?p=18642#breadcrumb\"},\"inLanguage\":\"tr\",\"potentialAction\":[{\"@type\":\"ReadAction\",\"target\":[\"https:\\\/\\\/kibrisdakik.com\\\/?p=18642\"]}]},{\"@type\":\"ImageObject\",\"inLanguage\":\"tr\",\"@id\":\"https:\\\/\\\/kibrisdakik.com\\\/?p=18642#primaryimage\",\"url\":\"https:\\\/\\\/kibrisdakik.com\\\/wp-content\\\/uploads\\\/2023\\\/11\\\/ktams-67-yasinda-1699968522.webp.webp\",\"contentUrl\":\"https:\\\/\\\/kibrisdakik.com\\\/wp-content\\\/uploads\\\/2023\\\/11\\\/ktams-67-yasinda-1699968522.webp.webp\",\"width\":710,\"height\":370},{\"@type\":\"BreadcrumbList\",\"@id\":\"https:\\\/\\\/kibrisdakik.com\\\/?p=18642#breadcrumb\",\"itemListElement\":[{\"@type\":\"ListItem\",\"position\":1,\"name\":\"Home\",\"item\":\"https:\\\/\\\/kibrisdakik.com\\\/\"},{\"@type\":\"ListItem\",\"position\":2,\"name\":\"KTAMS 67 ya\u015f\u0131nda\"}]},{\"@type\":\"WebSite\",\"@id\":\"https:\\\/\\\/kibrisdakik.com\\\/#website\",\"url\":\"https:\\\/\\\/kibrisdakik.com\\\/\",\"name\":\"\",\"description\":\"Tam vaktinde haber\",\"potentialAction\":[{\"@type\":\"SearchAction\",\"target\":{\"@type\":\"EntryPoint\",\"urlTemplate\":\"https:\\\/\\\/kibrisdakik.com\\\/?s={search_term_string}\"},\"query-input\":{\"@type\":\"PropertyValueSpecification\",\"valueRequired\":true,\"valueName\":\"search_term_string\"}}],\"inLanguage\":\"tr\"},{\"@type\":\"Person\",\"@id\":\"https:\\\/\\\/kibrisdakik.com\\\/#\\\/schema\\\/person\\\/9cd9d437bbb44f72b73ba127e06d8e79\",\"name\":\"admin\",\"image\":{\"@type\":\"ImageObject\",\"inLanguage\":\"tr\",\"@id\":\"https:\\\/\\\/secure.gravatar.com\\\/avatar\\\/ccc17943b9d660506c869530f897617f7cb1c21a4bf30023f252596d83e1f007?s=96&d=mm&r=g\",\"url\":\"https:\\\/\\\/secure.gravatar.com\\\/avatar\\\/ccc17943b9d660506c869530f897617f7cb1c21a4bf30023f252596d83e1f007?s=96&d=mm&r=g\",\"contentUrl\":\"https:\\\/\\\/secure.gravatar.com\\\/avatar\\\/ccc17943b9d660506c869530f897617f7cb1c21a4bf30023f252596d83e1f007?s=96&d=mm&r=g\",\"caption\":\"admin\"},\"sameAs\":[\"https:\\\/\\\/kibrisdakik.com\"],\"url\":\"https:\\\/\\\/kibrisdakik.com\\\/?author=1\"}]}<\/script>\n<!-- \/ Yoast SEO plugin. -->","yoast_head_json":{"title":"KTAMS 67 ya\u015f\u0131nda -","robots":{"index":"index","follow":"follow","max-snippet":"max-snippet:-1","max-image-preview":"max-image-preview:large","max-video-preview":"max-video-preview:-1"},"canonical":"https:\/\/kibrisdakik.com\/?p=18642","og_locale":"tr_TR","og_type":"article","og_title":"KTAMS 67 ya\u015f\u0131nda -","og_description":"KTAMS 50. Y\u0131l Konferans Salonu\u2019nda d\u00fczenlenen etkinlikte konu\u015fan Bengihan, KTAMS\u2019\u0131n 5 bin \u00fcye ile \u00fclkenin en b\u00fcy\u00fck sendikas\u0131 oldu\u011funu dile getirdi, sendikan\u0131n kurulu\u015fundan bug\u00fcne emek koyan t\u00fcm \u00fcyelere te\u015fekk\u00fcr etti. Sendikan\u0131n kuruldu\u011fu g\u00fcnden itibaren bar\u0131\u015f demokrasi ve emek m\u00fccadelesinde her zaman en \u00f6n saflarda oldu\u011funu kaydeden Bengihan, \u00fcyelerinin haklar\u0131 yan\u0131nda toplumsal sorunlara da duyarl\u0131 olduklar\u0131n\u0131","og_url":"https:\/\/kibrisdakik.com\/?p=18642","article_published_time":"2023-11-14T13:33:49+00:00","og_image":[{"width":710,"height":370,"url":"https:\/\/kibrisdakik.com\/wp-content\/uploads\/2023\/11\/ktams-67-yasinda-1699968522.webp.webp","type":"image\/webp"}],"author":"admin","twitter_card":"summary_large_image","twitter_misc":{"Yazan:":"admin","Tahmini okuma s\u00fcresi":"2 dakika"},"schema":{"@context":"https:\/\/schema.org","@graph":[{"@type":"Article","@id":"https:\/\/kibrisdakik.com\/?p=18642#article","isPartOf":{"@id":"https:\/\/kibrisdakik.com\/?p=18642"},"author":{"name":"admin","@id":"https:\/\/kibrisdakik.com\/#\/schema\/person\/9cd9d437bbb44f72b73ba127e06d8e79"},"headline":"KTAMS 67 ya\u015f\u0131nda","datePublished":"2023-11-14T13:33:49+00:00","mainEntityOfPage":{"@id":"https:\/\/kibrisdakik.com\/?p=18642"},"wordCount":327,"commentCount":0,"image":{"@id":"https:\/\/kibrisdakik.com\/?p=18642#primaryimage"},"thumbnailUrl":"https:\/\/kibrisdakik.com\/wp-content\/uploads\/2023\/11\/ktams-67-yasinda-1699968522.webp.webp","articleSection":["Spor"],"inLanguage":"tr","potentialAction":[{"@type":"CommentAction","name":"Comment","target":["https:\/\/kibrisdakik.com\/?p=18642#respond"]}]},{"@type":"WebPage","@id":"https:\/\/kibrisdakik.com\/?p=18642","url":"https:\/\/kibrisdakik.com\/?p=18642","name":"KTAMS 67 ya\u015f\u0131nda -","isPartOf":{"@id":"https:\/\/kibrisdakik.com\/#website"},"primaryImageOfPage":{"@id":"https:\/\/kibrisdakik.com\/?p=18642#primaryimage"},"image":{"@id":"https:\/\/kibrisdakik.com\/?p=18642#primaryimage"},"thumbnailUrl":"https:\/\/kibrisdakik.com\/wp-content\/uploads\/2023\/11\/ktams-67-yasinda-1699968522.webp.webp","datePublished":"2023-11-14T13:33:49+00:00","author":{"@id":"https:\/\/kibrisdakik.com\/#\/schema\/person\/9cd9d437bbb44f72b73ba127e06d8e79"},"breadcrumb":{"@id":"https:\/\/kibrisdakik.com\/?p=18642#breadcrumb"},"inLanguage":"tr","potentialAction":[{"@type":"ReadAction","target":["https:\/\/kibrisdakik.com\/?p=18642"]}]},{"@type":"ImageObject","inLanguage":"tr","@id":"https:\/\/kibrisdakik.com\/?p=18642#primaryimage","url":"https:\/\/kibrisdakik.com\/wp-content\/uploads\/2023\/11\/ktams-67-yasinda-1699968522.webp.webp","contentUrl":"https:\/\/kibrisdakik.com\/wp-content\/uploads\/2023\/11\/ktams-67-yasinda-1699968522.webp.webp","width":710,"height":370},{"@type":"BreadcrumbList","@id":"https:\/\/kibrisdakik.com\/?p=18642#breadcrumb","itemListElement":[{"@type":"ListItem","position":1,"name":"Home","item":"https:\/\/kibrisdakik.com\/"},{"@type":"ListItem","position":2,"name":"KTAMS 67 ya\u015f\u0131nda"}]},{"@type":"WebSite","@id":"https:\/\/kibrisdakik.com\/#website","url":"https:\/\/kibrisdakik.com\/","name":"","description":"Tam vaktinde haber","potentialAction":[{"@type":"SearchAction","target":{"@type":"EntryPoint","urlTemplate":"https:\/\/kibrisdakik.com\/?s={search_term_string}"},"query-input":{"@type":"PropertyValueSpecification","valueRequired":true,"valueName":"search_term_string"}}],"inLanguage":"tr"},{"@type":"Person","@id":"https:\/\/kibrisdakik.com\/#\/schema\/person\/9cd9d437bbb44f72b73ba127e06d8e79","name":"admin","image":{"@type":"ImageObject","inLanguage":"tr","@id":"https:\/\/secure.gravatar.com\/avatar\/ccc17943b9d660506c869530f897617f7cb1c21a4bf30023f252596d83e1f007?s=96&d=mm&r=g","url":"https:\/\/secure.gravatar.com\/avatar\/ccc17943b9d660506c869530f897617f7cb1c21a4bf30023f252596d83e1f007?s=96&d=mm&r=g","contentUrl":"https:\/\/secure.gravatar.com\/avatar\/ccc17943b9d660506c869530f897617f7cb1c21a4bf30023f252596d83e1f007?s=96&d=mm&r=g","caption":"admin"},"sameAs":["https:\/\/kibrisdakik.com"],"url":"https:\/\/kibrisdakik.com\/?author=1"}]}},"_links":{"self":[{"href":"https:\/\/kibrisdakik.com\/index.php?rest_route=\/wp\/v2\/posts\/18642","targetHints":{"allow":["GET"]}}],"collection":[{"href":"https:\/\/kibrisdakik.com\/index.php?rest_route=\/wp\/v2\/posts"}],"about":[{"href":"https:\/\/kibrisdakik.com\/index.php?rest_route=\/wp\/v2\/types\/post"}],"author":[{"embeddable":true,"href":"https:\/\/kibrisdakik.com\/index.php?rest_route=\/wp\/v2\/users\/1"}],"replies":[{"embeddable":true,"href":"https:\/\/kibrisdakik.com\/index.php?rest_route=%2Fwp%2Fv2%2Fcomments&post=18642"}],"version-history":[{"count":0,"href":"https:\/\/kibrisdakik.com\/index.php?rest_route=\/wp\/v2\/posts\/18642\/revisions"}],"wp:featuredmedia":[{"embeddable":true,"href":"https:\/\/kibrisdakik.com\/index.php?rest_route=\/wp\/v2\/media\/18643"}],"wp:attachment":[{"href":"https:\/\/kibrisdakik.com\/index.php?rest_route=%2Fwp%2Fv2%2Fmedia&parent=18642"}],"wp:term":[{"taxonomy":"category","embeddable":true,"href":"https:\/\/kibrisdakik.com\/index.php?rest_route=%2Fwp%2Fv2%2Fcategories&post=18642"},{"taxonomy":"post_tag","embeddable":true,"href":"https:\/\/kibrisdakik.com\/index.php?rest_route=%2Fwp%2Fv2%2Ftags&post=18642"}],"curies":[{"name":"wp","href":"https:\/\/api.w.org\/{rel}","templated":true}]}}