{"id":18666,"date":"2023-11-14T15:51:27","date_gmt":"2023-11-14T15:51:27","guid":{"rendered":"https:\/\/kibrisdakik.com\/index.php\/2023\/11\/14\/kktc-40-yasinda-kurucu-cumhurbaskani-denktasin-anit-mezarinda-toren-duzenlendi\/"},"modified":"2023-11-14T15:51:27","modified_gmt":"2023-11-14T15:51:27","slug":"kktc-40-yasinda-kurucu-cumhurbaskani-denktasin-anit-mezarinda-toren-duzenlendi","status":"publish","type":"post","link":"https:\/\/kibrisdakik.com\/?p=18666","title":{"rendered":"KKTC 40 ya\u015f\u0131nda&#8230;Kurucu Cumhurba\u015fkan\u0131 Denkta\u015f&#039;\u0131n an\u0131t mezar\u0131nda t\u00f6ren d\u00fczenlendi"},"content":{"rendered":"<p><img decoding=\"async\" src=\"https:\/\/www.kibristurk.com\/images\/haberler\/2023\/11\/kktc-40-yasindakurucu-cumhurbaskani-denktasin-anit-mezarinda-toren-duzenlendi-1699976758.webp\" \/><\/p>\n<p>KKTC\u2019nin 40. Kurulu\u015f y\u0131ld\u00f6n\u00fcm\u00fc dolay\u0131s\u0131yla Kurucu Cumhurba\u015fkan\u0131 Rauf Raif Denkta\u015f\u2019\u0131n an\u0131t mezar\u0131nda t\u00f6ren d\u00fczenlendi.&nbsp;<\/p>\n<p>T\u00f6rene Cumhurba\u015fkan\u0131 Ersin Tatar\u2019\u0131n yan\u0131 s\u0131ra, Cumhuriyet Meclisi Ba\u015fkan\u0131 Zorlu T\u00f6re, Ba\u015fbakan \u00dcnal \u00dcstel, Y\u00fcksek Mahkeme Ba\u015fkan\u0131 Narin F. \u015eefik, 2. Cumhurba\u015fkan\u0131 Mehmet Ali Talat, T\u00fcrkiye\u2019nin Lefko\u015fa B\u00fcy\u00fckel\u00e7isi Metin Feyzio\u011flu, Ana muhalefet Cumhuriyet\u00e7i T\u00fcrk Partisi (CTP) Genel Ba\u015fkan\u0131 Tufan Erh\u00fcrman, kabinedeki bakanlar, baz\u0131 milletvekilleri di\u011fer sivil ve askeri zevatla, okul temsilcileri kat\u0131ld\u0131.&nbsp;<\/p>\n<p>Cumhurba\u015fkan\u0131 Tatar taraf\u0131ndan an\u0131ta \u00e7elenk sunulmas\u0131yla ba\u015flayan t\u00f6ren, \u00e7elenklerin konulmas\u0131n\u0131n ard\u0131ndan, sayg\u0131 duru\u015fu, \u0130stikl\u00e2l Mar\u015f\u0131 ve bayraklar\u0131n g\u00f6ndere \u00e7ekilmesiyle devam etti.&nbsp;<\/p>\n<p>T\u00f6ren, Tatar\u2019\u0131n an\u0131t \u00f6zel defterini imzalamas\u0131yla sona erdi.&nbsp;<\/p>\n","protected":false},"excerpt":{"rendered":"<p>KKTC\u2019nin 40. Kurulu\u015f y\u0131ld\u00f6n\u00fcm\u00fc dolay\u0131s\u0131yla Kurucu Cumhurba\u015fkan\u0131 Rauf Raif Denkta\u015f\u2019\u0131n an\u0131t mezar\u0131nda t\u00f6ren d\u00fczenlendi.&nbsp; T\u00f6rene Cumhurba\u015fkan\u0131 Ersin Tatar\u2019\u0131n yan\u0131 s\u0131ra, Cumhuriyet Meclisi Ba\u015fkan\u0131 Zorlu T\u00f6re, Ba\u015fbakan \u00dcnal \u00dcstel, Y\u00fcksek Mahkeme Ba\u015fkan\u0131 Narin F. \u015eefik, 2. Cumhurba\u015fkan\u0131 Mehmet Ali Talat, T\u00fcrkiye\u2019nin Lefko\u015fa B\u00fcy\u00fckel\u00e7isi Metin Feyzio\u011flu, Ana muhalefet Cumhuriyet\u00e7i T\u00fcrk Partisi (CTP) Genel Ba\u015fkan\u0131 Tufan Erh\u00fcrman, kabinedeki<\/p>\n","protected":false},"author":1,"featured_media":18667,"comment_status":"open","ping_status":"open","sticky":false,"template":"","format":"standard","meta":{"footnotes":""},"categories":[1],"tags":[],"class_list":["post-18666","post","type-post","status-publish","format-standard","has-post-thumbnail","hentry","category-gundem"],"yoast_head":"<!-- This site is optimized with the Yoast SEO plugin v27.5 - https:\/\/yoast.com\/product\/yoast-seo-wordpress\/ -->\n<title>KKTC 40 ya\u015f\u0131nda...Kurucu Cumhurba\u015fkan\u0131 Denkta\u015f&#039;\u0131n an\u0131t mezar\u0131nda t\u00f6ren d\u00fczenlendi -<\/title>\n<meta name=\"robots\" content=\"index, follow, max-snippet:-1, max-image-preview:large, max-video-preview:-1\" \/>\n<link rel=\"canonical\" href=\"https:\/\/kibrisdakik.com\/?p=18666\" \/>\n<meta property=\"og:locale\" content=\"tr_TR\" \/>\n<meta property=\"og:type\" content=\"article\" \/>\n<meta property=\"og:title\" content=\"KKTC 40 ya\u015f\u0131nda...Kurucu Cumhurba\u015fkan\u0131 Denkta\u015f&#039;\u0131n an\u0131t mezar\u0131nda t\u00f6ren d\u00fczenlendi -\" \/>\n<meta property=\"og:description\" content=\"KKTC\u2019nin 40. Kurulu\u015f y\u0131ld\u00f6n\u00fcm\u00fc dolay\u0131s\u0131yla Kurucu Cumhurba\u015fkan\u0131 Rauf Raif Denkta\u015f\u2019\u0131n an\u0131t mezar\u0131nda t\u00f6ren d\u00fczenlendi.&nbsp; T\u00f6rene Cumhurba\u015fkan\u0131 Ersin Tatar\u2019\u0131n yan\u0131 s\u0131ra, Cumhuriyet Meclisi Ba\u015fkan\u0131 Zorlu T\u00f6re, Ba\u015fbakan \u00dcnal \u00dcstel, Y\u00fcksek Mahkeme Ba\u015fkan\u0131 Narin F. \u015eefik, 2. Cumhurba\u015fkan\u0131 Mehmet Ali Talat, T\u00fcrkiye\u2019nin Lefko\u015fa B\u00fcy\u00fckel\u00e7isi Metin Feyzio\u011flu, Ana muhalefet Cumhuriyet\u00e7i T\u00fcrk Partisi (CTP) Genel Ba\u015fkan\u0131 Tufan Erh\u00fcrman, kabinedeki\" \/>\n<meta property=\"og:url\" content=\"https:\/\/kibrisdakik.com\/?p=18666\" \/>\n<meta property=\"article:published_time\" content=\"2023-11-14T15:51:27+00:00\" \/>\n<meta property=\"og:image\" content=\"https:\/\/kibrisdakik.com\/wp-content\/uploads\/2023\/11\/kktc-40-yasindakurucu-cumhurbaskani-denktasin-anit-mezarinda-toren-duzenlendi-1699976758.webp.webp\" \/>\n\t<meta property=\"og:image:width\" content=\"710\" \/>\n\t<meta property=\"og:image:height\" content=\"370\" \/>\n\t<meta property=\"og:image:type\" content=\"image\/webp\" \/>\n<meta name=\"author\" content=\"admin\" \/>\n<meta name=\"twitter:card\" content=\"summary_large_image\" \/>\n<meta name=\"twitter:label1\" content=\"Yazan:\" \/>\n\t<meta name=\"twitter:data1\" content=\"admin\" \/>\n\t<meta name=\"twitter:label2\" content=\"Tahmini okuma s\u00fcresi\" \/>\n\t<meta name=\"twitter:data2\" content=\"1 dakika\" \/>\n<script type=\"application\/ld+json\" class=\"yoast-schema-graph\">{\"@context\":\"https:\\\/\\\/schema.org\",\"@graph\":[{\"@type\":\"Article\",\"@id\":\"https:\\\/\\\/kibrisdakik.com\\\/?p=18666#article\",\"isPartOf\":{\"@id\":\"https:\\\/\\\/kibrisdakik.com\\\/?p=18666\"},\"author\":{\"name\":\"admin\",\"@id\":\"https:\\\/\\\/kibrisdakik.com\\\/#\\\/schema\\\/person\\\/9cd9d437bbb44f72b73ba127e06d8e79\"},\"headline\":\"KKTC 40 ya\u015f\u0131nda&#8230;Kurucu Cumhurba\u015fkan\u0131 Denkta\u015f&#039;\u0131n an\u0131t mezar\u0131nda t\u00f6ren d\u00fczenlendi\",\"datePublished\":\"2023-11-14T15:51:27+00:00\",\"mainEntityOfPage\":{\"@id\":\"https:\\\/\\\/kibrisdakik.com\\\/?p=18666\"},\"wordCount\":165,\"commentCount\":0,\"image\":{\"@id\":\"https:\\\/\\\/kibrisdakik.com\\\/?p=18666#primaryimage\"},\"thumbnailUrl\":\"https:\\\/\\\/kibrisdakik.com\\\/wp-content\\\/uploads\\\/2023\\\/11\\\/kktc-40-yasindakurucu-cumhurbaskani-denktasin-anit-mezarinda-toren-duzenlendi-1699976758.webp.webp\",\"articleSection\":[\"G\u00fcndem\"],\"inLanguage\":\"tr\",\"potentialAction\":[{\"@type\":\"CommentAction\",\"name\":\"Comment\",\"target\":[\"https:\\\/\\\/kibrisdakik.com\\\/?p=18666#respond\"]}]},{\"@type\":\"WebPage\",\"@id\":\"https:\\\/\\\/kibrisdakik.com\\\/?p=18666\",\"url\":\"https:\\\/\\\/kibrisdakik.com\\\/?p=18666\",\"name\":\"KKTC 40 ya\u015f\u0131nda...Kurucu Cumhurba\u015fkan\u0131 Denkta\u015f&#039;\u0131n an\u0131t mezar\u0131nda t\u00f6ren d\u00fczenlendi -\",\"isPartOf\":{\"@id\":\"https:\\\/\\\/kibrisdakik.com\\\/#website\"},\"primaryImageOfPage\":{\"@id\":\"https:\\\/\\\/kibrisdakik.com\\\/?p=18666#primaryimage\"},\"image\":{\"@id\":\"https:\\\/\\\/kibrisdakik.com\\\/?p=18666#primaryimage\"},\"thumbnailUrl\":\"https:\\\/\\\/kibrisdakik.com\\\/wp-content\\\/uploads\\\/2023\\\/11\\\/kktc-40-yasindakurucu-cumhurbaskani-denktasin-anit-mezarinda-toren-duzenlendi-1699976758.webp.webp\",\"datePublished\":\"2023-11-14T15:51:27+00:00\",\"author\":{\"@id\":\"https:\\\/\\\/kibrisdakik.com\\\/#\\\/schema\\\/person\\\/9cd9d437bbb44f72b73ba127e06d8e79\"},\"breadcrumb\":{\"@id\":\"https:\\\/\\\/kibrisdakik.com\\\/?p=18666#breadcrumb\"},\"inLanguage\":\"tr\",\"potentialAction\":[{\"@type\":\"ReadAction\",\"target\":[\"https:\\\/\\\/kibrisdakik.com\\\/?p=18666\"]}]},{\"@type\":\"ImageObject\",\"inLanguage\":\"tr\",\"@id\":\"https:\\\/\\\/kibrisdakik.com\\\/?p=18666#primaryimage\",\"url\":\"https:\\\/\\\/kibrisdakik.com\\\/wp-content\\\/uploads\\\/2023\\\/11\\\/kktc-40-yasindakurucu-cumhurbaskani-denktasin-anit-mezarinda-toren-duzenlendi-1699976758.webp.webp\",\"contentUrl\":\"https:\\\/\\\/kibrisdakik.com\\\/wp-content\\\/uploads\\\/2023\\\/11\\\/kktc-40-yasindakurucu-cumhurbaskani-denktasin-anit-mezarinda-toren-duzenlendi-1699976758.webp.webp\",\"width\":710,\"height\":370},{\"@type\":\"BreadcrumbList\",\"@id\":\"https:\\\/\\\/kibrisdakik.com\\\/?p=18666#breadcrumb\",\"itemListElement\":[{\"@type\":\"ListItem\",\"position\":1,\"name\":\"Home\",\"item\":\"https:\\\/\\\/kibrisdakik.com\\\/\"},{\"@type\":\"ListItem\",\"position\":2,\"name\":\"KKTC 40 ya\u015f\u0131nda&#8230;Kurucu Cumhurba\u015fkan\u0131 Denkta\u015f&#039;\u0131n an\u0131t mezar\u0131nda t\u00f6ren d\u00fczenlendi\"}]},{\"@type\":\"WebSite\",\"@id\":\"https:\\\/\\\/kibrisdakik.com\\\/#website\",\"url\":\"https:\\\/\\\/kibrisdakik.com\\\/\",\"name\":\"\",\"description\":\"Tam vaktinde haber\",\"potentialAction\":[{\"@type\":\"SearchAction\",\"target\":{\"@type\":\"EntryPoint\",\"urlTemplate\":\"https:\\\/\\\/kibrisdakik.com\\\/?s={search_term_string}\"},\"query-input\":{\"@type\":\"PropertyValueSpecification\",\"valueRequired\":true,\"valueName\":\"search_term_string\"}}],\"inLanguage\":\"tr\"},{\"@type\":\"Person\",\"@id\":\"https:\\\/\\\/kibrisdakik.com\\\/#\\\/schema\\\/person\\\/9cd9d437bbb44f72b73ba127e06d8e79\",\"name\":\"admin\",\"image\":{\"@type\":\"ImageObject\",\"inLanguage\":\"tr\",\"@id\":\"https:\\\/\\\/secure.gravatar.com\\\/avatar\\\/ccc17943b9d660506c869530f897617f7cb1c21a4bf30023f252596d83e1f007?s=96&d=mm&r=g\",\"url\":\"https:\\\/\\\/secure.gravatar.com\\\/avatar\\\/ccc17943b9d660506c869530f897617f7cb1c21a4bf30023f252596d83e1f007?s=96&d=mm&r=g\",\"contentUrl\":\"https:\\\/\\\/secure.gravatar.com\\\/avatar\\\/ccc17943b9d660506c869530f897617f7cb1c21a4bf30023f252596d83e1f007?s=96&d=mm&r=g\",\"caption\":\"admin\"},\"sameAs\":[\"https:\\\/\\\/kibrisdakik.com\"],\"url\":\"https:\\\/\\\/kibrisdakik.com\\\/?author=1\"}]}<\/script>\n<!-- \/ Yoast SEO plugin. -->","yoast_head_json":{"title":"KKTC 40 ya\u015f\u0131nda...Kurucu Cumhurba\u015fkan\u0131 Denkta\u015f&#039;\u0131n an\u0131t mezar\u0131nda t\u00f6ren d\u00fczenlendi -","robots":{"index":"index","follow":"follow","max-snippet":"max-snippet:-1","max-image-preview":"max-image-preview:large","max-video-preview":"max-video-preview:-1"},"canonical":"https:\/\/kibrisdakik.com\/?p=18666","og_locale":"tr_TR","og_type":"article","og_title":"KKTC 40 ya\u015f\u0131nda...Kurucu Cumhurba\u015fkan\u0131 Denkta\u015f&#039;\u0131n an\u0131t mezar\u0131nda t\u00f6ren d\u00fczenlendi -","og_description":"KKTC\u2019nin 40. Kurulu\u015f y\u0131ld\u00f6n\u00fcm\u00fc dolay\u0131s\u0131yla Kurucu Cumhurba\u015fkan\u0131 Rauf Raif Denkta\u015f\u2019\u0131n an\u0131t mezar\u0131nda t\u00f6ren d\u00fczenlendi.&nbsp; T\u00f6rene Cumhurba\u015fkan\u0131 Ersin Tatar\u2019\u0131n yan\u0131 s\u0131ra, Cumhuriyet Meclisi Ba\u015fkan\u0131 Zorlu T\u00f6re, Ba\u015fbakan \u00dcnal \u00dcstel, Y\u00fcksek Mahkeme Ba\u015fkan\u0131 Narin F. \u015eefik, 2. Cumhurba\u015fkan\u0131 Mehmet Ali Talat, T\u00fcrkiye\u2019nin Lefko\u015fa B\u00fcy\u00fckel\u00e7isi Metin Feyzio\u011flu, Ana muhalefet Cumhuriyet\u00e7i T\u00fcrk Partisi (CTP) Genel Ba\u015fkan\u0131 Tufan Erh\u00fcrman, kabinedeki","og_url":"https:\/\/kibrisdakik.com\/?p=18666","article_published_time":"2023-11-14T15:51:27+00:00","og_image":[{"width":710,"height":370,"url":"https:\/\/kibrisdakik.com\/wp-content\/uploads\/2023\/11\/kktc-40-yasindakurucu-cumhurbaskani-denktasin-anit-mezarinda-toren-duzenlendi-1699976758.webp.webp","type":"image\/webp"}],"author":"admin","twitter_card":"summary_large_image","twitter_misc":{"Yazan:":"admin","Tahmini okuma s\u00fcresi":"1 dakika"},"schema":{"@context":"https:\/\/schema.org","@graph":[{"@type":"Article","@id":"https:\/\/kibrisdakik.com\/?p=18666#article","isPartOf":{"@id":"https:\/\/kibrisdakik.com\/?p=18666"},"author":{"name":"admin","@id":"https:\/\/kibrisdakik.com\/#\/schema\/person\/9cd9d437bbb44f72b73ba127e06d8e79"},"headline":"KKTC 40 ya\u015f\u0131nda&#8230;Kurucu Cumhurba\u015fkan\u0131 Denkta\u015f&#039;\u0131n an\u0131t mezar\u0131nda t\u00f6ren d\u00fczenlendi","datePublished":"2023-11-14T15:51:27+00:00","mainEntityOfPage":{"@id":"https:\/\/kibrisdakik.com\/?p=18666"},"wordCount":165,"commentCount":0,"image":{"@id":"https:\/\/kibrisdakik.com\/?p=18666#primaryimage"},"thumbnailUrl":"https:\/\/kibrisdakik.com\/wp-content\/uploads\/2023\/11\/kktc-40-yasindakurucu-cumhurbaskani-denktasin-anit-mezarinda-toren-duzenlendi-1699976758.webp.webp","articleSection":["G\u00fcndem"],"inLanguage":"tr","potentialAction":[{"@type":"CommentAction","name":"Comment","target":["https:\/\/kibrisdakik.com\/?p=18666#respond"]}]},{"@type":"WebPage","@id":"https:\/\/kibrisdakik.com\/?p=18666","url":"https:\/\/kibrisdakik.com\/?p=18666","name":"KKTC 40 ya\u015f\u0131nda...Kurucu Cumhurba\u015fkan\u0131 Denkta\u015f&#039;\u0131n an\u0131t mezar\u0131nda t\u00f6ren d\u00fczenlendi -","isPartOf":{"@id":"https:\/\/kibrisdakik.com\/#website"},"primaryImageOfPage":{"@id":"https:\/\/kibrisdakik.com\/?p=18666#primaryimage"},"image":{"@id":"https:\/\/kibrisdakik.com\/?p=18666#primaryimage"},"thumbnailUrl":"https:\/\/kibrisdakik.com\/wp-content\/uploads\/2023\/11\/kktc-40-yasindakurucu-cumhurbaskani-denktasin-anit-mezarinda-toren-duzenlendi-1699976758.webp.webp","datePublished":"2023-11-14T15:51:27+00:00","author":{"@id":"https:\/\/kibrisdakik.com\/#\/schema\/person\/9cd9d437bbb44f72b73ba127e06d8e79"},"breadcrumb":{"@id":"https:\/\/kibrisdakik.com\/?p=18666#breadcrumb"},"inLanguage":"tr","potentialAction":[{"@type":"ReadAction","target":["https:\/\/kibrisdakik.com\/?p=18666"]}]},{"@type":"ImageObject","inLanguage":"tr","@id":"https:\/\/kibrisdakik.com\/?p=18666#primaryimage","url":"https:\/\/kibrisdakik.com\/wp-content\/uploads\/2023\/11\/kktc-40-yasindakurucu-cumhurbaskani-denktasin-anit-mezarinda-toren-duzenlendi-1699976758.webp.webp","contentUrl":"https:\/\/kibrisdakik.com\/wp-content\/uploads\/2023\/11\/kktc-40-yasindakurucu-cumhurbaskani-denktasin-anit-mezarinda-toren-duzenlendi-1699976758.webp.webp","width":710,"height":370},{"@type":"BreadcrumbList","@id":"https:\/\/kibrisdakik.com\/?p=18666#breadcrumb","itemListElement":[{"@type":"ListItem","position":1,"name":"Home","item":"https:\/\/kibrisdakik.com\/"},{"@type":"ListItem","position":2,"name":"KKTC 40 ya\u015f\u0131nda&#8230;Kurucu Cumhurba\u015fkan\u0131 Denkta\u015f&#039;\u0131n an\u0131t mezar\u0131nda t\u00f6ren d\u00fczenlendi"}]},{"@type":"WebSite","@id":"https:\/\/kibrisdakik.com\/#website","url":"https:\/\/kibrisdakik.com\/","name":"","description":"Tam vaktinde haber","potentialAction":[{"@type":"SearchAction","target":{"@type":"EntryPoint","urlTemplate":"https:\/\/kibrisdakik.com\/?s={search_term_string}"},"query-input":{"@type":"PropertyValueSpecification","valueRequired":true,"valueName":"search_term_string"}}],"inLanguage":"tr"},{"@type":"Person","@id":"https:\/\/kibrisdakik.com\/#\/schema\/person\/9cd9d437bbb44f72b73ba127e06d8e79","name":"admin","image":{"@type":"ImageObject","inLanguage":"tr","@id":"https:\/\/secure.gravatar.com\/avatar\/ccc17943b9d660506c869530f897617f7cb1c21a4bf30023f252596d83e1f007?s=96&d=mm&r=g","url":"https:\/\/secure.gravatar.com\/avatar\/ccc17943b9d660506c869530f897617f7cb1c21a4bf30023f252596d83e1f007?s=96&d=mm&r=g","contentUrl":"https:\/\/secure.gravatar.com\/avatar\/ccc17943b9d660506c869530f897617f7cb1c21a4bf30023f252596d83e1f007?s=96&d=mm&r=g","caption":"admin"},"sameAs":["https:\/\/kibrisdakik.com"],"url":"https:\/\/kibrisdakik.com\/?author=1"}]}},"_links":{"self":[{"href":"https:\/\/kibrisdakik.com\/index.php?rest_route=\/wp\/v2\/posts\/18666","targetHints":{"allow":["GET"]}}],"collection":[{"href":"https:\/\/kibrisdakik.com\/index.php?rest_route=\/wp\/v2\/posts"}],"about":[{"href":"https:\/\/kibrisdakik.com\/index.php?rest_route=\/wp\/v2\/types\/post"}],"author":[{"embeddable":true,"href":"https:\/\/kibrisdakik.com\/index.php?rest_route=\/wp\/v2\/users\/1"}],"replies":[{"embeddable":true,"href":"https:\/\/kibrisdakik.com\/index.php?rest_route=%2Fwp%2Fv2%2Fcomments&post=18666"}],"version-history":[{"count":0,"href":"https:\/\/kibrisdakik.com\/index.php?rest_route=\/wp\/v2\/posts\/18666\/revisions"}],"wp:featuredmedia":[{"embeddable":true,"href":"https:\/\/kibrisdakik.com\/index.php?rest_route=\/wp\/v2\/media\/18667"}],"wp:attachment":[{"href":"https:\/\/kibrisdakik.com\/index.php?rest_route=%2Fwp%2Fv2%2Fmedia&parent=18666"}],"wp:term":[{"taxonomy":"category","embeddable":true,"href":"https:\/\/kibrisdakik.com\/index.php?rest_route=%2Fwp%2Fv2%2Fcategories&post=18666"},{"taxonomy":"post_tag","embeddable":true,"href":"https:\/\/kibrisdakik.com\/index.php?rest_route=%2Fwp%2Fv2%2Ftags&post=18666"}],"curies":[{"name":"wp","href":"https:\/\/api.w.org\/{rel}","templated":true}]}}