{"id":18672,"date":"2023-11-14T16:37:09","date_gmt":"2023-11-14T16:37:09","guid":{"rendered":"https:\/\/kibrisdakik.com\/index.php\/2023\/11\/14\/saglik-bakani-hakan-dincyurek-15-kasim-cumhuriyet-bayrami-nedeniyle-mesaj-yayimladi\/"},"modified":"2023-11-14T16:37:09","modified_gmt":"2023-11-14T16:37:09","slug":"saglik-bakani-hakan-dincyurek-15-kasim-cumhuriyet-bayrami-nedeniyle-mesaj-yayimladi","status":"publish","type":"post","link":"https:\/\/kibrisdakik.com\/?p=18672","title":{"rendered":"Sa\u011fl\u0131k Bakan\u0131 Hakan Din\u00e7y\u00fcrek, 15 Kas\u0131m Cumhuriyet Bayram\u0131 nedeniyle mesaj yay\u0131mlad\u0131"},"content":{"rendered":"<p><img decoding=\"async\" src=\"https:\/\/www.kibristurk.com\/images\/haberler\/2023\/11\/saglik-bakani-hakan-dincyurek-15-kasim-cumhuriyet-bayrami-nedeniyle-mesaj-yayimladi-1699979372.webp\" \/><\/p>\n<p>Sa\u011fl\u0131k Bakan\u0131 Hakan Din\u00e7y\u00fcrek, d\u00fcnyan\u0131n g\u00f6z\u00fc \u00f6n\u00fcnde y\u0131llarca insanl\u0131k d\u0131\u015f\u0131 sald\u0131r\u0131 ve bask\u0131lara maruz kalan K\u0131br\u0131s T\u00fcrk halk\u0131n\u0131n, esarete boyun e\u011fmemek i\u00e7in Dr. Faz\u0131l K\u00fc\u00e7\u00fck ve Rauf R. Denkta\u015f\u2019\u0131n liderliklerinde ortaya koydu\u011fu onurlu m\u00fccadelesi sonras\u0131nda elde etti\u011fi ba\u011f\u0131ms\u0131zl\u0131\u011f\u0131n\u0131, kendi h\u00fcr iradesiyle 15 Kas\u0131m 1983\u2019te kurdu\u011fu Kuzey K\u0131br\u0131s T\u00fcrk Cumhuriyeti\u2019yle g\u00fcvence alt\u0131na ald\u0131\u011f\u0131n\u0131 s\u00f6yledi.&nbsp;<\/p>\n<p>Din\u00e7y\u00fcrek, 15 Kas\u0131m1983\u2019\u00fcn K\u0131br\u0131sl\u0131 T\u00fcrklerin siyasi ya\u015fam\u0131n\u0131n \u00f6nemli bir d\u00f6n\u00fcm noktas\u0131 ve m\u00fccadelesini devlet olgusuyla d\u00fcnyaya ilan edildi\u011fi en \u00f6nemli g\u00fcn oldu\u011funu vurgulad\u0131.&nbsp;<\/p>\n<p>Sa\u011fl\u0131k Bakan\u0131 Hakan Di\u00e7y\u00fcrek, KKTC\u2019nin 40. kurulu\u015f y\u0131ld\u00f6n\u00fcm\u00fc nedeniyle mesaj yay\u0131mlad\u0131.&nbsp;<\/p>\n<p>Din\u00e7y\u00fcrek mesaj\u0131nda \u015fu ifadelere yer verdi:&nbsp;<\/p>\n<p>\u201cK\u0131br\u0131s T\u00fcrkleri olarak Anavatan\u0131m\u0131zla birlikte bug\u00fcne kadar g\u00f6stermi\u015f oldu\u011fumuz tav\u0131r ve giri\u015fimlerimizle bar\u0131\u015f, huzur ve g\u00fcven i\u00e7inde ba\u011f\u0131ms\u0131z ya\u015famaktan ba\u015fka arzumuz olmad\u0131\u011f\u0131n\u0131 bir\u00e7ok kez ortaya koymam\u0131za ra\u011fmen uluslararas\u0131 alanda hak etti\u011fimiz yere maalesef ula\u015famad\u0131k.&nbsp;<\/p>\n<p>Verdi\u011fimiz t\u00fcm \u00e7abalar\u0131n sonu\u00e7suz kalmayaca\u011f\u0131na ve KKTC\u2019nin d\u00fcnya kamuoyunda hak etti\u011fi yeri alarak k\u00fcresel ve b\u00f6lgesel alanda daha etkin roller \u00fcstlenece\u011fine i\u00e7tenlikle inanmaktay\u0131z.&nbsp;<\/p>\n<p>Kuzey K\u0131br\u0131s T\u00fcrk Cumhuriyeti\u2019nin 40. kurulu\u015f y\u0131ld\u00f6n\u00fcm\u00fcnde t\u00fcm halk\u0131m\u0131z\u0131n Cumhuriyet Bayram\u0131n\u0131 en i\u00e7ten duygular\u0131mla kutluyor, bu mutlu g\u00fcnlere ula\u015fmam\u0131z i\u00e7in canlar\u0131n\u0131 feda eden \u015fehitlerimizin, ebediyete intikal etmi\u015f gazilerimizin aziz hat\u0131ralar\u0131 \u00f6n\u00fcnde bir kez daha sayg\u0131yla e\u011filiyor, kahraman gazilerimizi minnet ve \u015f\u00fckranla an\u0131yorum.\u201d&nbsp;<\/p>\n","protected":false},"excerpt":{"rendered":"<p>Sa\u011fl\u0131k Bakan\u0131 Hakan Din\u00e7y\u00fcrek, d\u00fcnyan\u0131n g\u00f6z\u00fc \u00f6n\u00fcnde y\u0131llarca insanl\u0131k d\u0131\u015f\u0131 sald\u0131r\u0131 ve bask\u0131lara maruz kalan K\u0131br\u0131s T\u00fcrk halk\u0131n\u0131n, esarete boyun e\u011fmemek i\u00e7in Dr. Faz\u0131l K\u00fc\u00e7\u00fck ve Rauf R. Denkta\u015f\u2019\u0131n liderliklerinde ortaya koydu\u011fu onurlu m\u00fccadelesi sonras\u0131nda elde etti\u011fi ba\u011f\u0131ms\u0131zl\u0131\u011f\u0131n\u0131, kendi h\u00fcr iradesiyle 15 Kas\u0131m 1983\u2019te kurdu\u011fu Kuzey K\u0131br\u0131s T\u00fcrk Cumhuriyeti\u2019yle g\u00fcvence alt\u0131na ald\u0131\u011f\u0131n\u0131 s\u00f6yledi.&nbsp; Din\u00e7y\u00fcrek, 15<\/p>\n","protected":false},"author":1,"featured_media":18673,"comment_status":"open","ping_status":"open","sticky":false,"template":"","format":"standard","meta":{"footnotes":""},"categories":[85],"tags":[],"class_list":["post-18672","post","type-post","status-publish","format-standard","has-post-thumbnail","hentry","category-spor"],"yoast_head":"<!-- This site is optimized with the Yoast SEO plugin v27.5 - https:\/\/yoast.com\/product\/yoast-seo-wordpress\/ -->\n<title>Sa\u011fl\u0131k Bakan\u0131 Hakan Din\u00e7y\u00fcrek, 15 Kas\u0131m Cumhuriyet Bayram\u0131 nedeniyle mesaj yay\u0131mlad\u0131 -<\/title>\n<meta name=\"robots\" content=\"index, follow, max-snippet:-1, max-image-preview:large, max-video-preview:-1\" \/>\n<link rel=\"canonical\" href=\"https:\/\/kibrisdakik.com\/?p=18672\" \/>\n<meta property=\"og:locale\" content=\"tr_TR\" \/>\n<meta property=\"og:type\" content=\"article\" \/>\n<meta property=\"og:title\" content=\"Sa\u011fl\u0131k Bakan\u0131 Hakan Din\u00e7y\u00fcrek, 15 Kas\u0131m Cumhuriyet Bayram\u0131 nedeniyle mesaj yay\u0131mlad\u0131 -\" \/>\n<meta property=\"og:description\" content=\"Sa\u011fl\u0131k Bakan\u0131 Hakan Din\u00e7y\u00fcrek, d\u00fcnyan\u0131n g\u00f6z\u00fc \u00f6n\u00fcnde y\u0131llarca insanl\u0131k d\u0131\u015f\u0131 sald\u0131r\u0131 ve bask\u0131lara maruz kalan K\u0131br\u0131s T\u00fcrk halk\u0131n\u0131n, esarete boyun e\u011fmemek i\u00e7in Dr. Faz\u0131l K\u00fc\u00e7\u00fck ve Rauf R. Denkta\u015f\u2019\u0131n liderliklerinde ortaya koydu\u011fu onurlu m\u00fccadelesi sonras\u0131nda elde etti\u011fi ba\u011f\u0131ms\u0131zl\u0131\u011f\u0131n\u0131, kendi h\u00fcr iradesiyle 15 Kas\u0131m 1983\u2019te kurdu\u011fu Kuzey K\u0131br\u0131s T\u00fcrk Cumhuriyeti\u2019yle g\u00fcvence alt\u0131na ald\u0131\u011f\u0131n\u0131 s\u00f6yledi.&nbsp; Din\u00e7y\u00fcrek, 15\" \/>\n<meta property=\"og:url\" content=\"https:\/\/kibrisdakik.com\/?p=18672\" \/>\n<meta property=\"article:published_time\" content=\"2023-11-14T16:37:09+00:00\" \/>\n<meta property=\"og:image\" content=\"https:\/\/kibrisdakik.com\/wp-content\/uploads\/2023\/11\/saglik-bakani-hakan-dincyurek-15-kasim-cumhuriyet-bayrami-nedeniyle-mesaj-yayimladi-1699979372.webp.webp\" \/>\n\t<meta property=\"og:image:width\" content=\"710\" \/>\n\t<meta property=\"og:image:height\" content=\"370\" \/>\n\t<meta property=\"og:image:type\" content=\"image\/webp\" \/>\n<meta name=\"author\" content=\"admin\" \/>\n<meta name=\"twitter:card\" content=\"summary_large_image\" \/>\n<meta name=\"twitter:label1\" content=\"Yazan:\" \/>\n\t<meta name=\"twitter:data1\" content=\"admin\" \/>\n\t<meta name=\"twitter:label2\" content=\"Tahmini okuma s\u00fcresi\" \/>\n\t<meta name=\"twitter:data2\" content=\"2 dakika\" \/>\n<script type=\"application\/ld+json\" class=\"yoast-schema-graph\">{\"@context\":\"https:\\\/\\\/schema.org\",\"@graph\":[{\"@type\":\"Article\",\"@id\":\"https:\\\/\\\/kibrisdakik.com\\\/?p=18672#article\",\"isPartOf\":{\"@id\":\"https:\\\/\\\/kibrisdakik.com\\\/?p=18672\"},\"author\":{\"name\":\"admin\",\"@id\":\"https:\\\/\\\/kibrisdakik.com\\\/#\\\/schema\\\/person\\\/9cd9d437bbb44f72b73ba127e06d8e79\"},\"headline\":\"Sa\u011fl\u0131k Bakan\u0131 Hakan Din\u00e7y\u00fcrek, 15 Kas\u0131m Cumhuriyet Bayram\u0131 nedeniyle mesaj yay\u0131mlad\u0131\",\"datePublished\":\"2023-11-14T16:37:09+00:00\",\"mainEntityOfPage\":{\"@id\":\"https:\\\/\\\/kibrisdakik.com\\\/?p=18672\"},\"wordCount\":341,\"commentCount\":0,\"image\":{\"@id\":\"https:\\\/\\\/kibrisdakik.com\\\/?p=18672#primaryimage\"},\"thumbnailUrl\":\"https:\\\/\\\/kibrisdakik.com\\\/wp-content\\\/uploads\\\/2023\\\/11\\\/saglik-bakani-hakan-dincyurek-15-kasim-cumhuriyet-bayrami-nedeniyle-mesaj-yayimladi-1699979372.webp.webp\",\"articleSection\":[\"Spor\"],\"inLanguage\":\"tr\",\"potentialAction\":[{\"@type\":\"CommentAction\",\"name\":\"Comment\",\"target\":[\"https:\\\/\\\/kibrisdakik.com\\\/?p=18672#respond\"]}]},{\"@type\":\"WebPage\",\"@id\":\"https:\\\/\\\/kibrisdakik.com\\\/?p=18672\",\"url\":\"https:\\\/\\\/kibrisdakik.com\\\/?p=18672\",\"name\":\"Sa\u011fl\u0131k Bakan\u0131 Hakan Din\u00e7y\u00fcrek, 15 Kas\u0131m Cumhuriyet Bayram\u0131 nedeniyle mesaj yay\u0131mlad\u0131 -\",\"isPartOf\":{\"@id\":\"https:\\\/\\\/kibrisdakik.com\\\/#website\"},\"primaryImageOfPage\":{\"@id\":\"https:\\\/\\\/kibrisdakik.com\\\/?p=18672#primaryimage\"},\"image\":{\"@id\":\"https:\\\/\\\/kibrisdakik.com\\\/?p=18672#primaryimage\"},\"thumbnailUrl\":\"https:\\\/\\\/kibrisdakik.com\\\/wp-content\\\/uploads\\\/2023\\\/11\\\/saglik-bakani-hakan-dincyurek-15-kasim-cumhuriyet-bayrami-nedeniyle-mesaj-yayimladi-1699979372.webp.webp\",\"datePublished\":\"2023-11-14T16:37:09+00:00\",\"author\":{\"@id\":\"https:\\\/\\\/kibrisdakik.com\\\/#\\\/schema\\\/person\\\/9cd9d437bbb44f72b73ba127e06d8e79\"},\"breadcrumb\":{\"@id\":\"https:\\\/\\\/kibrisdakik.com\\\/?p=18672#breadcrumb\"},\"inLanguage\":\"tr\",\"potentialAction\":[{\"@type\":\"ReadAction\",\"target\":[\"https:\\\/\\\/kibrisdakik.com\\\/?p=18672\"]}]},{\"@type\":\"ImageObject\",\"inLanguage\":\"tr\",\"@id\":\"https:\\\/\\\/kibrisdakik.com\\\/?p=18672#primaryimage\",\"url\":\"https:\\\/\\\/kibrisdakik.com\\\/wp-content\\\/uploads\\\/2023\\\/11\\\/saglik-bakani-hakan-dincyurek-15-kasim-cumhuriyet-bayrami-nedeniyle-mesaj-yayimladi-1699979372.webp.webp\",\"contentUrl\":\"https:\\\/\\\/kibrisdakik.com\\\/wp-content\\\/uploads\\\/2023\\\/11\\\/saglik-bakani-hakan-dincyurek-15-kasim-cumhuriyet-bayrami-nedeniyle-mesaj-yayimladi-1699979372.webp.webp\",\"width\":710,\"height\":370},{\"@type\":\"BreadcrumbList\",\"@id\":\"https:\\\/\\\/kibrisdakik.com\\\/?p=18672#breadcrumb\",\"itemListElement\":[{\"@type\":\"ListItem\",\"position\":1,\"name\":\"Home\",\"item\":\"https:\\\/\\\/kibrisdakik.com\\\/\"},{\"@type\":\"ListItem\",\"position\":2,\"name\":\"Sa\u011fl\u0131k Bakan\u0131 Hakan Din\u00e7y\u00fcrek, 15 Kas\u0131m Cumhuriyet Bayram\u0131 nedeniyle mesaj yay\u0131mlad\u0131\"}]},{\"@type\":\"WebSite\",\"@id\":\"https:\\\/\\\/kibrisdakik.com\\\/#website\",\"url\":\"https:\\\/\\\/kibrisdakik.com\\\/\",\"name\":\"\",\"description\":\"Tam vaktinde haber\",\"potentialAction\":[{\"@type\":\"SearchAction\",\"target\":{\"@type\":\"EntryPoint\",\"urlTemplate\":\"https:\\\/\\\/kibrisdakik.com\\\/?s={search_term_string}\"},\"query-input\":{\"@type\":\"PropertyValueSpecification\",\"valueRequired\":true,\"valueName\":\"search_term_string\"}}],\"inLanguage\":\"tr\"},{\"@type\":\"Person\",\"@id\":\"https:\\\/\\\/kibrisdakik.com\\\/#\\\/schema\\\/person\\\/9cd9d437bbb44f72b73ba127e06d8e79\",\"name\":\"admin\",\"image\":{\"@type\":\"ImageObject\",\"inLanguage\":\"tr\",\"@id\":\"https:\\\/\\\/secure.gravatar.com\\\/avatar\\\/ccc17943b9d660506c869530f897617f7cb1c21a4bf30023f252596d83e1f007?s=96&d=mm&r=g\",\"url\":\"https:\\\/\\\/secure.gravatar.com\\\/avatar\\\/ccc17943b9d660506c869530f897617f7cb1c21a4bf30023f252596d83e1f007?s=96&d=mm&r=g\",\"contentUrl\":\"https:\\\/\\\/secure.gravatar.com\\\/avatar\\\/ccc17943b9d660506c869530f897617f7cb1c21a4bf30023f252596d83e1f007?s=96&d=mm&r=g\",\"caption\":\"admin\"},\"sameAs\":[\"https:\\\/\\\/kibrisdakik.com\"],\"url\":\"https:\\\/\\\/kibrisdakik.com\\\/?author=1\"}]}<\/script>\n<!-- \/ Yoast SEO plugin. -->","yoast_head_json":{"title":"Sa\u011fl\u0131k Bakan\u0131 Hakan Din\u00e7y\u00fcrek, 15 Kas\u0131m Cumhuriyet Bayram\u0131 nedeniyle mesaj yay\u0131mlad\u0131 -","robots":{"index":"index","follow":"follow","max-snippet":"max-snippet:-1","max-image-preview":"max-image-preview:large","max-video-preview":"max-video-preview:-1"},"canonical":"https:\/\/kibrisdakik.com\/?p=18672","og_locale":"tr_TR","og_type":"article","og_title":"Sa\u011fl\u0131k Bakan\u0131 Hakan Din\u00e7y\u00fcrek, 15 Kas\u0131m Cumhuriyet Bayram\u0131 nedeniyle mesaj yay\u0131mlad\u0131 -","og_description":"Sa\u011fl\u0131k Bakan\u0131 Hakan Din\u00e7y\u00fcrek, d\u00fcnyan\u0131n g\u00f6z\u00fc \u00f6n\u00fcnde y\u0131llarca insanl\u0131k d\u0131\u015f\u0131 sald\u0131r\u0131 ve bask\u0131lara maruz kalan K\u0131br\u0131s T\u00fcrk halk\u0131n\u0131n, esarete boyun e\u011fmemek i\u00e7in Dr. Faz\u0131l K\u00fc\u00e7\u00fck ve Rauf R. Denkta\u015f\u2019\u0131n liderliklerinde ortaya koydu\u011fu onurlu m\u00fccadelesi sonras\u0131nda elde etti\u011fi ba\u011f\u0131ms\u0131zl\u0131\u011f\u0131n\u0131, kendi h\u00fcr iradesiyle 15 Kas\u0131m 1983\u2019te kurdu\u011fu Kuzey K\u0131br\u0131s T\u00fcrk Cumhuriyeti\u2019yle g\u00fcvence alt\u0131na ald\u0131\u011f\u0131n\u0131 s\u00f6yledi.&nbsp; Din\u00e7y\u00fcrek, 15","og_url":"https:\/\/kibrisdakik.com\/?p=18672","article_published_time":"2023-11-14T16:37:09+00:00","og_image":[{"width":710,"height":370,"url":"https:\/\/kibrisdakik.com\/wp-content\/uploads\/2023\/11\/saglik-bakani-hakan-dincyurek-15-kasim-cumhuriyet-bayrami-nedeniyle-mesaj-yayimladi-1699979372.webp.webp","type":"image\/webp"}],"author":"admin","twitter_card":"summary_large_image","twitter_misc":{"Yazan:":"admin","Tahmini okuma s\u00fcresi":"2 dakika"},"schema":{"@context":"https:\/\/schema.org","@graph":[{"@type":"Article","@id":"https:\/\/kibrisdakik.com\/?p=18672#article","isPartOf":{"@id":"https:\/\/kibrisdakik.com\/?p=18672"},"author":{"name":"admin","@id":"https:\/\/kibrisdakik.com\/#\/schema\/person\/9cd9d437bbb44f72b73ba127e06d8e79"},"headline":"Sa\u011fl\u0131k Bakan\u0131 Hakan Din\u00e7y\u00fcrek, 15 Kas\u0131m Cumhuriyet Bayram\u0131 nedeniyle mesaj yay\u0131mlad\u0131","datePublished":"2023-11-14T16:37:09+00:00","mainEntityOfPage":{"@id":"https:\/\/kibrisdakik.com\/?p=18672"},"wordCount":341,"commentCount":0,"image":{"@id":"https:\/\/kibrisdakik.com\/?p=18672#primaryimage"},"thumbnailUrl":"https:\/\/kibrisdakik.com\/wp-content\/uploads\/2023\/11\/saglik-bakani-hakan-dincyurek-15-kasim-cumhuriyet-bayrami-nedeniyle-mesaj-yayimladi-1699979372.webp.webp","articleSection":["Spor"],"inLanguage":"tr","potentialAction":[{"@type":"CommentAction","name":"Comment","target":["https:\/\/kibrisdakik.com\/?p=18672#respond"]}]},{"@type":"WebPage","@id":"https:\/\/kibrisdakik.com\/?p=18672","url":"https:\/\/kibrisdakik.com\/?p=18672","name":"Sa\u011fl\u0131k Bakan\u0131 Hakan Din\u00e7y\u00fcrek, 15 Kas\u0131m Cumhuriyet Bayram\u0131 nedeniyle mesaj yay\u0131mlad\u0131 -","isPartOf":{"@id":"https:\/\/kibrisdakik.com\/#website"},"primaryImageOfPage":{"@id":"https:\/\/kibrisdakik.com\/?p=18672#primaryimage"},"image":{"@id":"https:\/\/kibrisdakik.com\/?p=18672#primaryimage"},"thumbnailUrl":"https:\/\/kibrisdakik.com\/wp-content\/uploads\/2023\/11\/saglik-bakani-hakan-dincyurek-15-kasim-cumhuriyet-bayrami-nedeniyle-mesaj-yayimladi-1699979372.webp.webp","datePublished":"2023-11-14T16:37:09+00:00","author":{"@id":"https:\/\/kibrisdakik.com\/#\/schema\/person\/9cd9d437bbb44f72b73ba127e06d8e79"},"breadcrumb":{"@id":"https:\/\/kibrisdakik.com\/?p=18672#breadcrumb"},"inLanguage":"tr","potentialAction":[{"@type":"ReadAction","target":["https:\/\/kibrisdakik.com\/?p=18672"]}]},{"@type":"ImageObject","inLanguage":"tr","@id":"https:\/\/kibrisdakik.com\/?p=18672#primaryimage","url":"https:\/\/kibrisdakik.com\/wp-content\/uploads\/2023\/11\/saglik-bakani-hakan-dincyurek-15-kasim-cumhuriyet-bayrami-nedeniyle-mesaj-yayimladi-1699979372.webp.webp","contentUrl":"https:\/\/kibrisdakik.com\/wp-content\/uploads\/2023\/11\/saglik-bakani-hakan-dincyurek-15-kasim-cumhuriyet-bayrami-nedeniyle-mesaj-yayimladi-1699979372.webp.webp","width":710,"height":370},{"@type":"BreadcrumbList","@id":"https:\/\/kibrisdakik.com\/?p=18672#breadcrumb","itemListElement":[{"@type":"ListItem","position":1,"name":"Home","item":"https:\/\/kibrisdakik.com\/"},{"@type":"ListItem","position":2,"name":"Sa\u011fl\u0131k Bakan\u0131 Hakan Din\u00e7y\u00fcrek, 15 Kas\u0131m Cumhuriyet Bayram\u0131 nedeniyle mesaj yay\u0131mlad\u0131"}]},{"@type":"WebSite","@id":"https:\/\/kibrisdakik.com\/#website","url":"https:\/\/kibrisdakik.com\/","name":"","description":"Tam vaktinde haber","potentialAction":[{"@type":"SearchAction","target":{"@type":"EntryPoint","urlTemplate":"https:\/\/kibrisdakik.com\/?s={search_term_string}"},"query-input":{"@type":"PropertyValueSpecification","valueRequired":true,"valueName":"search_term_string"}}],"inLanguage":"tr"},{"@type":"Person","@id":"https:\/\/kibrisdakik.com\/#\/schema\/person\/9cd9d437bbb44f72b73ba127e06d8e79","name":"admin","image":{"@type":"ImageObject","inLanguage":"tr","@id":"https:\/\/secure.gravatar.com\/avatar\/ccc17943b9d660506c869530f897617f7cb1c21a4bf30023f252596d83e1f007?s=96&d=mm&r=g","url":"https:\/\/secure.gravatar.com\/avatar\/ccc17943b9d660506c869530f897617f7cb1c21a4bf30023f252596d83e1f007?s=96&d=mm&r=g","contentUrl":"https:\/\/secure.gravatar.com\/avatar\/ccc17943b9d660506c869530f897617f7cb1c21a4bf30023f252596d83e1f007?s=96&d=mm&r=g","caption":"admin"},"sameAs":["https:\/\/kibrisdakik.com"],"url":"https:\/\/kibrisdakik.com\/?author=1"}]}},"_links":{"self":[{"href":"https:\/\/kibrisdakik.com\/index.php?rest_route=\/wp\/v2\/posts\/18672","targetHints":{"allow":["GET"]}}],"collection":[{"href":"https:\/\/kibrisdakik.com\/index.php?rest_route=\/wp\/v2\/posts"}],"about":[{"href":"https:\/\/kibrisdakik.com\/index.php?rest_route=\/wp\/v2\/types\/post"}],"author":[{"embeddable":true,"href":"https:\/\/kibrisdakik.com\/index.php?rest_route=\/wp\/v2\/users\/1"}],"replies":[{"embeddable":true,"href":"https:\/\/kibrisdakik.com\/index.php?rest_route=%2Fwp%2Fv2%2Fcomments&post=18672"}],"version-history":[{"count":0,"href":"https:\/\/kibrisdakik.com\/index.php?rest_route=\/wp\/v2\/posts\/18672\/revisions"}],"wp:featuredmedia":[{"embeddable":true,"href":"https:\/\/kibrisdakik.com\/index.php?rest_route=\/wp\/v2\/media\/18673"}],"wp:attachment":[{"href":"https:\/\/kibrisdakik.com\/index.php?rest_route=%2Fwp%2Fv2%2Fmedia&parent=18672"}],"wp:term":[{"taxonomy":"category","embeddable":true,"href":"https:\/\/kibrisdakik.com\/index.php?rest_route=%2Fwp%2Fv2%2Fcategories&post=18672"},{"taxonomy":"post_tag","embeddable":true,"href":"https:\/\/kibrisdakik.com\/index.php?rest_route=%2Fwp%2Fv2%2Ftags&post=18672"}],"curies":[{"name":"wp","href":"https:\/\/api.w.org\/{rel}","templated":true}]}}