{"id":18688,"date":"2023-11-14T17:55:15","date_gmt":"2023-11-14T17:55:15","guid":{"rendered":"https:\/\/kibrisdakik.com\/index.php\/2023\/11\/14\/fidandan-ertugrulogluna-kutlama-mesaji\/"},"modified":"2023-11-14T17:55:15","modified_gmt":"2023-11-14T17:55:15","slug":"fidandan-ertugrulogluna-kutlama-mesaji","status":"publish","type":"post","link":"https:\/\/kibrisdakik.com\/?p=18688","title":{"rendered":"Fidan\u2019dan Ertu\u011frulo\u011flu\u2019na kutlama mesaj\u0131\u2026"},"content":{"rendered":"<p><img decoding=\"async\" src=\"https:\/\/www.kibristurk.com\/images\/haberler\/2023\/11\/fidandan-ertugrulogluna-kutlama-mesaji-1699982034.webp\" \/><\/p>\n<p>T\u00fcrkiye Cumhuriyeti D\u0131\u015fi\u015fleri Bakan\u0131 Hakan Fidan, KKTC\u2019nin kurulu\u015f y\u0131ld\u00f6n\u00fcm\u00fc dolay\u0131s\u0131yla D\u0131\u015fi\u015fleri Bakan\u0131 Tahsin Ertu\u011frulo\u011flu\u2019na kutlama mesaj\u0131 g\u00f6nderdi.&nbsp;<\/p>\n<p>Fidan mesaj\u0131nda \u015funlar\u0131 kaydetti:&nbsp;<\/p>\n<p>\u201cSay\u0131n Bakan,&nbsp;<\/p>\n<p>K\u0131br\u0131s T\u00fcrk\u00fc\u2019n\u00fcn e\u015fitlik ve \u00f6zg\u00fcrl\u00fck m\u00fccadelesinin en anlaml\u0131 tezah\u00fcr\u00fc olan Kuzey K\u0131br\u0131s T\u00fcrk Cumhuriyeti\u2019nin kurulu\u015funun 40\u2019\u0131nc\u0131 y\u0131ld\u00f6n\u00fcm\u00fc vesilesiyle ya\u015fanan co\u015fku ve k\u0131vanc\u0131 g\u00f6n\u00fclden payla\u015fmaktay\u0131z.&nbsp;<\/p>\n<p>Kuzey K\u0131br\u0131s T\u00fcrk Cumhuriyeti\u2019nin, kurulu\u015fundan bu yana kaydetti\u011fi ba\u015far\u0131lar milletimiz i\u00e7in gurur vesilesidir. Her daim bar\u0131\u015fa ve \u00e7\u00f6z\u00fcme olan ba\u011fl\u0131l\u0131\u011f\u0131n\u0131 kan\u0131tlayan K\u0131br\u0131s T\u00fcrk\u00fc\u2019n\u00fcn, maruz b\u0131rak\u0131ld\u0131\u011f\u0131 hukuk ve insanl\u0131k d\u0131\u015f\u0131 k\u0131s\u0131tlamalara ra\u011fmen, egemenli\u011finden vazge\u00e7meyece\u011fini her f\u0131rsatta g\u00f6stermesi, hakl\u0131 davam\u0131zda g\u00fcc\u00fcm\u00fcze g\u00fc\u00e7 katmaktad\u0131r.&nbsp;<\/p>\n<p>&nbsp;Kuzey K\u0131br\u0131s T\u00fcrk Cumhuriyeti\u2019nin uluslararas\u0131 toplum taraf\u0131ndan tan\u0131nmas\u0131n\u0131 daima kendisine vazife bilen Anavatan T\u00fcrkiye, ortak tarihi tecr\u00fcbemiz \u0131\u015f\u0131\u011f\u0131nda, K\u0131br\u0131s T\u00fcrk\u00fc\u2019n\u00fcn e\u015fitlik temelinde, \u00f6zg\u00fcr ve onurlu ya\u015fama talebini g\u00f6z ard\u0131 etmeyen bir \u00e7\u00f6z\u00fcm i\u00e7in omuz omuza birlikte y\u00fcr\u00fcmeye, K\u0131br\u0131s T\u00fcrk halk\u0131n\u0131n halk ve hukukunu koruma y\u00f6n\u00fcnde g\u00fc\u00e7l\u00fc ad\u0131mlar atmaya devam edecektir. Bu s\u00fcre\u00e7te Kuzey K\u0131br\u0131s T\u00fcrk Cumhuriyeti\u2019nin uluslararas\u0131 alanda hak etti\u011fi yeri edinmesi i\u00e7in fedakarl\u0131ktan ka\u00e7\u0131nmayaca\u011f\u0131z.&nbsp;<\/p>\n<p>Bu duygu ve d\u00fc\u015f\u00fcncelerle, de\u011ferli \u015fahs\u0131n\u0131z ve t\u00fcm K\u0131br\u0131s T\u00fcrk\u00fc karde\u015flerimize 15 Kas\u0131m Cumhuriyet Bayram\u0131 m\u00fcnasebetiyle en kalbi tebriklerimi iletiyor; K\u0131br\u0131s davas\u0131 u\u011fruna \u015fehadet mertebesine eri\u015fenler ba\u015fta olmak \u00fczere, b\u00fct\u00fcn kahramanlar\u0131m\u0131z\u0131 sayg\u0131yla yad ediyorum.\u201d&nbsp;<\/p>\n<p>&nbsp;<\/p>\n","protected":false},"excerpt":{"rendered":"<p>T\u00fcrkiye Cumhuriyeti D\u0131\u015fi\u015fleri Bakan\u0131 Hakan Fidan, KKTC\u2019nin kurulu\u015f y\u0131ld\u00f6n\u00fcm\u00fc dolay\u0131s\u0131yla D\u0131\u015fi\u015fleri Bakan\u0131 Tahsin Ertu\u011frulo\u011flu\u2019na kutlama mesaj\u0131 g\u00f6nderdi.&nbsp; Fidan mesaj\u0131nda \u015funlar\u0131 kaydetti:&nbsp; \u201cSay\u0131n Bakan,&nbsp; K\u0131br\u0131s T\u00fcrk\u00fc\u2019n\u00fcn e\u015fitlik ve \u00f6zg\u00fcrl\u00fck m\u00fccadelesinin en anlaml\u0131 tezah\u00fcr\u00fc olan Kuzey K\u0131br\u0131s T\u00fcrk Cumhuriyeti\u2019nin kurulu\u015funun 40\u2019\u0131nc\u0131 y\u0131ld\u00f6n\u00fcm\u00fc vesilesiyle ya\u015fanan co\u015fku ve k\u0131vanc\u0131 g\u00f6n\u00fclden payla\u015fmaktay\u0131z.&nbsp; Kuzey K\u0131br\u0131s T\u00fcrk Cumhuriyeti\u2019nin, kurulu\u015fundan bu yana kaydetti\u011fi<\/p>\n","protected":false},"author":1,"featured_media":18689,"comment_status":"open","ping_status":"open","sticky":false,"template":"","format":"standard","meta":{"footnotes":""},"categories":[1],"tags":[],"class_list":["post-18688","post","type-post","status-publish","format-standard","has-post-thumbnail","hentry","category-gundem"],"yoast_head":"<!-- This site is optimized with the Yoast SEO plugin v27.4 - https:\/\/yoast.com\/product\/yoast-seo-wordpress\/ -->\n<title>Fidan\u2019dan Ertu\u011frulo\u011flu\u2019na kutlama mesaj\u0131\u2026 -<\/title>\n<meta name=\"robots\" content=\"index, follow, max-snippet:-1, max-image-preview:large, max-video-preview:-1\" \/>\n<link rel=\"canonical\" href=\"https:\/\/kibrisdakik.com\/?p=18688\" \/>\n<meta property=\"og:locale\" content=\"tr_TR\" \/>\n<meta property=\"og:type\" content=\"article\" \/>\n<meta property=\"og:title\" content=\"Fidan\u2019dan Ertu\u011frulo\u011flu\u2019na kutlama mesaj\u0131\u2026 -\" \/>\n<meta property=\"og:description\" content=\"T\u00fcrkiye Cumhuriyeti D\u0131\u015fi\u015fleri Bakan\u0131 Hakan Fidan, KKTC\u2019nin kurulu\u015f y\u0131ld\u00f6n\u00fcm\u00fc dolay\u0131s\u0131yla D\u0131\u015fi\u015fleri Bakan\u0131 Tahsin Ertu\u011frulo\u011flu\u2019na kutlama mesaj\u0131 g\u00f6nderdi.&nbsp; Fidan mesaj\u0131nda \u015funlar\u0131 kaydetti:&nbsp; \u201cSay\u0131n Bakan,&nbsp; K\u0131br\u0131s T\u00fcrk\u00fc\u2019n\u00fcn e\u015fitlik ve \u00f6zg\u00fcrl\u00fck m\u00fccadelesinin en anlaml\u0131 tezah\u00fcr\u00fc olan Kuzey K\u0131br\u0131s T\u00fcrk Cumhuriyeti\u2019nin kurulu\u015funun 40\u2019\u0131nc\u0131 y\u0131ld\u00f6n\u00fcm\u00fc vesilesiyle ya\u015fanan co\u015fku ve k\u0131vanc\u0131 g\u00f6n\u00fclden payla\u015fmaktay\u0131z.&nbsp; Kuzey K\u0131br\u0131s T\u00fcrk Cumhuriyeti\u2019nin, kurulu\u015fundan bu yana kaydetti\u011fi\" \/>\n<meta property=\"og:url\" content=\"https:\/\/kibrisdakik.com\/?p=18688\" \/>\n<meta property=\"article:published_time\" content=\"2023-11-14T17:55:15+00:00\" \/>\n<meta property=\"og:image\" content=\"https:\/\/kibrisdakik.com\/wp-content\/uploads\/2023\/11\/fidandan-ertugrulogluna-kutlama-mesaji-1699982034.webp.webp\" \/>\n\t<meta property=\"og:image:width\" content=\"710\" \/>\n\t<meta property=\"og:image:height\" content=\"370\" \/>\n\t<meta property=\"og:image:type\" content=\"image\/webp\" \/>\n<meta name=\"author\" content=\"admin\" \/>\n<meta name=\"twitter:card\" content=\"summary_large_image\" \/>\n<meta name=\"twitter:label1\" content=\"Yazan:\" \/>\n\t<meta name=\"twitter:data1\" content=\"admin\" \/>\n\t<meta name=\"twitter:label2\" content=\"Tahmini okuma s\u00fcresi\" \/>\n\t<meta name=\"twitter:data2\" content=\"2 dakika\" \/>\n<script type=\"application\/ld+json\" class=\"yoast-schema-graph\">{\"@context\":\"https:\\\/\\\/schema.org\",\"@graph\":[{\"@type\":\"Article\",\"@id\":\"https:\\\/\\\/kibrisdakik.com\\\/?p=18688#article\",\"isPartOf\":{\"@id\":\"https:\\\/\\\/kibrisdakik.com\\\/?p=18688\"},\"author\":{\"name\":\"admin\",\"@id\":\"https:\\\/\\\/kibrisdakik.com\\\/#\\\/schema\\\/person\\\/9cd9d437bbb44f72b73ba127e06d8e79\"},\"headline\":\"Fidan\u2019dan Ertu\u011frulo\u011flu\u2019na kutlama mesaj\u0131\u2026\",\"datePublished\":\"2023-11-14T17:55:15+00:00\",\"mainEntityOfPage\":{\"@id\":\"https:\\\/\\\/kibrisdakik.com\\\/?p=18688\"},\"wordCount\":344,\"commentCount\":0,\"image\":{\"@id\":\"https:\\\/\\\/kibrisdakik.com\\\/?p=18688#primaryimage\"},\"thumbnailUrl\":\"https:\\\/\\\/kibrisdakik.com\\\/wp-content\\\/uploads\\\/2023\\\/11\\\/fidandan-ertugrulogluna-kutlama-mesaji-1699982034.webp.webp\",\"articleSection\":[\"G\u00fcndem\"],\"inLanguage\":\"tr\",\"potentialAction\":[{\"@type\":\"CommentAction\",\"name\":\"Comment\",\"target\":[\"https:\\\/\\\/kibrisdakik.com\\\/?p=18688#respond\"]}]},{\"@type\":\"WebPage\",\"@id\":\"https:\\\/\\\/kibrisdakik.com\\\/?p=18688\",\"url\":\"https:\\\/\\\/kibrisdakik.com\\\/?p=18688\",\"name\":\"Fidan\u2019dan Ertu\u011frulo\u011flu\u2019na kutlama mesaj\u0131\u2026 -\",\"isPartOf\":{\"@id\":\"https:\\\/\\\/kibrisdakik.com\\\/#website\"},\"primaryImageOfPage\":{\"@id\":\"https:\\\/\\\/kibrisdakik.com\\\/?p=18688#primaryimage\"},\"image\":{\"@id\":\"https:\\\/\\\/kibrisdakik.com\\\/?p=18688#primaryimage\"},\"thumbnailUrl\":\"https:\\\/\\\/kibrisdakik.com\\\/wp-content\\\/uploads\\\/2023\\\/11\\\/fidandan-ertugrulogluna-kutlama-mesaji-1699982034.webp.webp\",\"datePublished\":\"2023-11-14T17:55:15+00:00\",\"author\":{\"@id\":\"https:\\\/\\\/kibrisdakik.com\\\/#\\\/schema\\\/person\\\/9cd9d437bbb44f72b73ba127e06d8e79\"},\"breadcrumb\":{\"@id\":\"https:\\\/\\\/kibrisdakik.com\\\/?p=18688#breadcrumb\"},\"inLanguage\":\"tr\",\"potentialAction\":[{\"@type\":\"ReadAction\",\"target\":[\"https:\\\/\\\/kibrisdakik.com\\\/?p=18688\"]}]},{\"@type\":\"ImageObject\",\"inLanguage\":\"tr\",\"@id\":\"https:\\\/\\\/kibrisdakik.com\\\/?p=18688#primaryimage\",\"url\":\"https:\\\/\\\/kibrisdakik.com\\\/wp-content\\\/uploads\\\/2023\\\/11\\\/fidandan-ertugrulogluna-kutlama-mesaji-1699982034.webp.webp\",\"contentUrl\":\"https:\\\/\\\/kibrisdakik.com\\\/wp-content\\\/uploads\\\/2023\\\/11\\\/fidandan-ertugrulogluna-kutlama-mesaji-1699982034.webp.webp\",\"width\":710,\"height\":370},{\"@type\":\"BreadcrumbList\",\"@id\":\"https:\\\/\\\/kibrisdakik.com\\\/?p=18688#breadcrumb\",\"itemListElement\":[{\"@type\":\"ListItem\",\"position\":1,\"name\":\"Home\",\"item\":\"https:\\\/\\\/kibrisdakik.com\\\/\"},{\"@type\":\"ListItem\",\"position\":2,\"name\":\"Fidan\u2019dan Ertu\u011frulo\u011flu\u2019na kutlama mesaj\u0131\u2026\"}]},{\"@type\":\"WebSite\",\"@id\":\"https:\\\/\\\/kibrisdakik.com\\\/#website\",\"url\":\"https:\\\/\\\/kibrisdakik.com\\\/\",\"name\":\"\",\"description\":\"Tam vaktinde haber\",\"potentialAction\":[{\"@type\":\"SearchAction\",\"target\":{\"@type\":\"EntryPoint\",\"urlTemplate\":\"https:\\\/\\\/kibrisdakik.com\\\/?s={search_term_string}\"},\"query-input\":{\"@type\":\"PropertyValueSpecification\",\"valueRequired\":true,\"valueName\":\"search_term_string\"}}],\"inLanguage\":\"tr\"},{\"@type\":\"Person\",\"@id\":\"https:\\\/\\\/kibrisdakik.com\\\/#\\\/schema\\\/person\\\/9cd9d437bbb44f72b73ba127e06d8e79\",\"name\":\"admin\",\"image\":{\"@type\":\"ImageObject\",\"inLanguage\":\"tr\",\"@id\":\"https:\\\/\\\/secure.gravatar.com\\\/avatar\\\/ccc17943b9d660506c869530f897617f7cb1c21a4bf30023f252596d83e1f007?s=96&d=mm&r=g\",\"url\":\"https:\\\/\\\/secure.gravatar.com\\\/avatar\\\/ccc17943b9d660506c869530f897617f7cb1c21a4bf30023f252596d83e1f007?s=96&d=mm&r=g\",\"contentUrl\":\"https:\\\/\\\/secure.gravatar.com\\\/avatar\\\/ccc17943b9d660506c869530f897617f7cb1c21a4bf30023f252596d83e1f007?s=96&d=mm&r=g\",\"caption\":\"admin\"},\"sameAs\":[\"https:\\\/\\\/kibrisdakik.com\"],\"url\":\"https:\\\/\\\/kibrisdakik.com\\\/?author=1\"}]}<\/script>\n<!-- \/ Yoast SEO plugin. -->","yoast_head_json":{"title":"Fidan\u2019dan Ertu\u011frulo\u011flu\u2019na kutlama mesaj\u0131\u2026 -","robots":{"index":"index","follow":"follow","max-snippet":"max-snippet:-1","max-image-preview":"max-image-preview:large","max-video-preview":"max-video-preview:-1"},"canonical":"https:\/\/kibrisdakik.com\/?p=18688","og_locale":"tr_TR","og_type":"article","og_title":"Fidan\u2019dan Ertu\u011frulo\u011flu\u2019na kutlama mesaj\u0131\u2026 -","og_description":"T\u00fcrkiye Cumhuriyeti D\u0131\u015fi\u015fleri Bakan\u0131 Hakan Fidan, KKTC\u2019nin kurulu\u015f y\u0131ld\u00f6n\u00fcm\u00fc dolay\u0131s\u0131yla D\u0131\u015fi\u015fleri Bakan\u0131 Tahsin Ertu\u011frulo\u011flu\u2019na kutlama mesaj\u0131 g\u00f6nderdi.&nbsp; Fidan mesaj\u0131nda \u015funlar\u0131 kaydetti:&nbsp; \u201cSay\u0131n Bakan,&nbsp; K\u0131br\u0131s T\u00fcrk\u00fc\u2019n\u00fcn e\u015fitlik ve \u00f6zg\u00fcrl\u00fck m\u00fccadelesinin en anlaml\u0131 tezah\u00fcr\u00fc olan Kuzey K\u0131br\u0131s T\u00fcrk Cumhuriyeti\u2019nin kurulu\u015funun 40\u2019\u0131nc\u0131 y\u0131ld\u00f6n\u00fcm\u00fc vesilesiyle ya\u015fanan co\u015fku ve k\u0131vanc\u0131 g\u00f6n\u00fclden payla\u015fmaktay\u0131z.&nbsp; Kuzey K\u0131br\u0131s T\u00fcrk Cumhuriyeti\u2019nin, kurulu\u015fundan bu yana kaydetti\u011fi","og_url":"https:\/\/kibrisdakik.com\/?p=18688","article_published_time":"2023-11-14T17:55:15+00:00","og_image":[{"width":710,"height":370,"url":"https:\/\/kibrisdakik.com\/wp-content\/uploads\/2023\/11\/fidandan-ertugrulogluna-kutlama-mesaji-1699982034.webp.webp","type":"image\/webp"}],"author":"admin","twitter_card":"summary_large_image","twitter_misc":{"Yazan:":"admin","Tahmini okuma s\u00fcresi":"2 dakika"},"schema":{"@context":"https:\/\/schema.org","@graph":[{"@type":"Article","@id":"https:\/\/kibrisdakik.com\/?p=18688#article","isPartOf":{"@id":"https:\/\/kibrisdakik.com\/?p=18688"},"author":{"name":"admin","@id":"https:\/\/kibrisdakik.com\/#\/schema\/person\/9cd9d437bbb44f72b73ba127e06d8e79"},"headline":"Fidan\u2019dan Ertu\u011frulo\u011flu\u2019na kutlama mesaj\u0131\u2026","datePublished":"2023-11-14T17:55:15+00:00","mainEntityOfPage":{"@id":"https:\/\/kibrisdakik.com\/?p=18688"},"wordCount":344,"commentCount":0,"image":{"@id":"https:\/\/kibrisdakik.com\/?p=18688#primaryimage"},"thumbnailUrl":"https:\/\/kibrisdakik.com\/wp-content\/uploads\/2023\/11\/fidandan-ertugrulogluna-kutlama-mesaji-1699982034.webp.webp","articleSection":["G\u00fcndem"],"inLanguage":"tr","potentialAction":[{"@type":"CommentAction","name":"Comment","target":["https:\/\/kibrisdakik.com\/?p=18688#respond"]}]},{"@type":"WebPage","@id":"https:\/\/kibrisdakik.com\/?p=18688","url":"https:\/\/kibrisdakik.com\/?p=18688","name":"Fidan\u2019dan Ertu\u011frulo\u011flu\u2019na kutlama mesaj\u0131\u2026 -","isPartOf":{"@id":"https:\/\/kibrisdakik.com\/#website"},"primaryImageOfPage":{"@id":"https:\/\/kibrisdakik.com\/?p=18688#primaryimage"},"image":{"@id":"https:\/\/kibrisdakik.com\/?p=18688#primaryimage"},"thumbnailUrl":"https:\/\/kibrisdakik.com\/wp-content\/uploads\/2023\/11\/fidandan-ertugrulogluna-kutlama-mesaji-1699982034.webp.webp","datePublished":"2023-11-14T17:55:15+00:00","author":{"@id":"https:\/\/kibrisdakik.com\/#\/schema\/person\/9cd9d437bbb44f72b73ba127e06d8e79"},"breadcrumb":{"@id":"https:\/\/kibrisdakik.com\/?p=18688#breadcrumb"},"inLanguage":"tr","potentialAction":[{"@type":"ReadAction","target":["https:\/\/kibrisdakik.com\/?p=18688"]}]},{"@type":"ImageObject","inLanguage":"tr","@id":"https:\/\/kibrisdakik.com\/?p=18688#primaryimage","url":"https:\/\/kibrisdakik.com\/wp-content\/uploads\/2023\/11\/fidandan-ertugrulogluna-kutlama-mesaji-1699982034.webp.webp","contentUrl":"https:\/\/kibrisdakik.com\/wp-content\/uploads\/2023\/11\/fidandan-ertugrulogluna-kutlama-mesaji-1699982034.webp.webp","width":710,"height":370},{"@type":"BreadcrumbList","@id":"https:\/\/kibrisdakik.com\/?p=18688#breadcrumb","itemListElement":[{"@type":"ListItem","position":1,"name":"Home","item":"https:\/\/kibrisdakik.com\/"},{"@type":"ListItem","position":2,"name":"Fidan\u2019dan Ertu\u011frulo\u011flu\u2019na kutlama mesaj\u0131\u2026"}]},{"@type":"WebSite","@id":"https:\/\/kibrisdakik.com\/#website","url":"https:\/\/kibrisdakik.com\/","name":"","description":"Tam vaktinde haber","potentialAction":[{"@type":"SearchAction","target":{"@type":"EntryPoint","urlTemplate":"https:\/\/kibrisdakik.com\/?s={search_term_string}"},"query-input":{"@type":"PropertyValueSpecification","valueRequired":true,"valueName":"search_term_string"}}],"inLanguage":"tr"},{"@type":"Person","@id":"https:\/\/kibrisdakik.com\/#\/schema\/person\/9cd9d437bbb44f72b73ba127e06d8e79","name":"admin","image":{"@type":"ImageObject","inLanguage":"tr","@id":"https:\/\/secure.gravatar.com\/avatar\/ccc17943b9d660506c869530f897617f7cb1c21a4bf30023f252596d83e1f007?s=96&d=mm&r=g","url":"https:\/\/secure.gravatar.com\/avatar\/ccc17943b9d660506c869530f897617f7cb1c21a4bf30023f252596d83e1f007?s=96&d=mm&r=g","contentUrl":"https:\/\/secure.gravatar.com\/avatar\/ccc17943b9d660506c869530f897617f7cb1c21a4bf30023f252596d83e1f007?s=96&d=mm&r=g","caption":"admin"},"sameAs":["https:\/\/kibrisdakik.com"],"url":"https:\/\/kibrisdakik.com\/?author=1"}]}},"_links":{"self":[{"href":"https:\/\/kibrisdakik.com\/index.php?rest_route=\/wp\/v2\/posts\/18688","targetHints":{"allow":["GET"]}}],"collection":[{"href":"https:\/\/kibrisdakik.com\/index.php?rest_route=\/wp\/v2\/posts"}],"about":[{"href":"https:\/\/kibrisdakik.com\/index.php?rest_route=\/wp\/v2\/types\/post"}],"author":[{"embeddable":true,"href":"https:\/\/kibrisdakik.com\/index.php?rest_route=\/wp\/v2\/users\/1"}],"replies":[{"embeddable":true,"href":"https:\/\/kibrisdakik.com\/index.php?rest_route=%2Fwp%2Fv2%2Fcomments&post=18688"}],"version-history":[{"count":0,"href":"https:\/\/kibrisdakik.com\/index.php?rest_route=\/wp\/v2\/posts\/18688\/revisions"}],"wp:featuredmedia":[{"embeddable":true,"href":"https:\/\/kibrisdakik.com\/index.php?rest_route=\/wp\/v2\/media\/18689"}],"wp:attachment":[{"href":"https:\/\/kibrisdakik.com\/index.php?rest_route=%2Fwp%2Fv2%2Fmedia&parent=18688"}],"wp:term":[{"taxonomy":"category","embeddable":true,"href":"https:\/\/kibrisdakik.com\/index.php?rest_route=%2Fwp%2Fv2%2Fcategories&post=18688"},{"taxonomy":"post_tag","embeddable":true,"href":"https:\/\/kibrisdakik.com\/index.php?rest_route=%2Fwp%2Fv2%2Ftags&post=18688"}],"curies":[{"name":"wp","href":"https:\/\/api.w.org\/{rel}","templated":true}]}}