{"id":18728,"date":"2023-11-14T22:00:02","date_gmt":"2023-11-14T22:00:02","guid":{"rendered":"https:\/\/kibrisdakik.com\/index.php\/2023\/11\/14\/cumhurbaskani-tatar-kktc-onurumuzdur-namusumuzdur\/"},"modified":"2023-11-14T22:00:02","modified_gmt":"2023-11-14T22:00:02","slug":"cumhurbaskani-tatar-kktc-onurumuzdur-namusumuzdur","status":"publish","type":"post","link":"https:\/\/kibrisdakik.com\/?p=18728","title":{"rendered":"Cumhurba\u015fkan\u0131 Tatar: \u201cKKTC onurumuzdur, namusumuzdur\u201d"},"content":{"rendered":"<p><img decoding=\"async\" src=\"https:\/\/www.kibristurk.com\/images\/haberler\/2023\/11\/cumhurbaskani-tatar-kktc-onurumuzdur-namusumuzdur-1699956233.webp\" \/><\/p>\n<p style=\"text-align:left\"><span style=\"font-size:16px\"><span style=\"font-family:Merriweather,serif !important\"><span style=\"color:#000000\"><span style=\"background-color:#ffffff\">KKTC\u2019nin 40\u2019\u0131nc\u0131 kurulu\u015f y\u0131l d\u00f6n\u00fcm\u00fc kutlamalar\u0131 Cumhurba\u015fkan\u0131 Tatar\u2019\u0131n BRT\u2019den yapt\u0131\u011f\u0131 konu\u015fma ve 21 pare top at\u0131\u015f\u0131yla ba\u015flad\u0131<\/span><\/span><\/span><\/span><\/p>\n<p style=\"text-align:left\">&nbsp;<\/p>\n<p style=\"text-align:left\"><span style=\"font-size:16px\"><span style=\"font-family:Merriweather,serif !important\"><span style=\"color:#000000\"><span style=\"background-color:#ffffff\">Tatar: \u201cBug\u00fcn, 40\u2019\u0131nc\u0131 kurulu\u015f y\u0131l d\u00f6n\u00fcm\u00fcn\u00fc kutlad\u0131\u011f\u0131m\u0131z KKTC, t\u00fcm ambargolara ve bask\u0131lara ra\u011fmen her ge\u00e7en g\u00fcn daha da ileriye gitmektedir\u201d<\/span><\/span><\/span><\/span><\/p>\n<p style=\"text-align:left\">&nbsp;<\/p>\n<p style=\"text-align:left\"><span style=\"font-size:16px\"><span style=\"font-family:Merriweather,serif !important\"><span style=\"color:#000000\"><span style=\"background-color:#ffffff\">\u201cKan ve can pahas\u0131na kurdu\u011fumuz devletimizden, sahip oldu\u011fumuz egemenli\u011fimizden ve Anavatan T\u00fcrkiye&#8217;nin garant\u00f6rl\u00fc\u011f\u00fc ile T\u00fcrk askerinden vazge\u00e7meyece\u011fiz\u201d<\/span><\/span><\/span><\/span><\/p>\n<p style=\"text-align:left\">&nbsp;<\/p>\n<p style=\"text-align:left\"><span style=\"font-size:16px\"><span style=\"font-family:Merriweather,serif !important\"><span style=\"color:#000000\"><span style=\"background-color:#ffffff\">\u201cBug\u00fcn, en zor ko\u015fullar alt\u0131nda, halk\u0131m\u0131z\u0131n destans\u0131 m\u00fccadelesiyle, kan ve can pahas\u0131na kurulan KKTC\u2019nin 40\u2019\u0131nc\u0131 kurulu\u015f y\u0131l d\u00f6n\u00fcm\u00fc.&nbsp; Bug\u00fcn, en b\u00fcy\u00fck bayram\u0131m\u0131z. Cumhuriyet Bayram\u0131m\u0131z kutlu olsun\u201d<\/span><\/span><\/span><\/span><\/p>\n<p style=\"text-align:left\">&nbsp;<\/p>\n<p style=\"text-align:left\"><span style=\"font-size:16px\"><span style=\"font-family:Merriweather,serif !important\"><span style=\"color:#000000\"><span style=\"background-color:#ffffff\">Lefko\u015fa, 14 Kas\u0131m 23 (TAK): Cumhurba\u015fkan\u0131 Ersin Tatar, KKTC\u2019nin t\u00fcm ambargolara ve bask\u0131lara ra\u011fmen her ge\u00e7en g\u00fcn daha da ileriye gitti\u011fini belirterek, y\u00f6netsel, yarg\u0131sal ve t\u00fcm di\u011fer kurumlar\u0131 ile demokrasinin ve halk iradesinin esas al\u0131nd\u0131\u011f\u0131 gurur verici \u00e7a\u011fda\u015f bir yap\u0131ya ula\u015ft\u0131\u011f\u0131n\u0131 kaydetti.<\/span><\/span><\/span><\/span><\/p>\n<p style=\"text-align:left\"><span style=\"font-size:16px\"><span style=\"font-family:Merriweather,serif !important\"><span style=\"color:#000000\"><span style=\"background-color:#ffffff\">Cumhurba\u015fkan\u0131 Tatar, \u201cKuzey K\u0131br\u0131s T\u00fcrk Cumhuriyeti; onurumuzdur, namusumuzdur. Kuzey K\u0131br\u0131s T\u00fcrk Cumhuriyeti, vatan bildi\u011fimiz bu topraklarda sahip oldu\u011fumuz en b\u00fcy\u00fck de\u011ferdir\u201d dedi.<\/span><\/span><\/span><\/span><\/p>\n<p style=\"text-align:left\"><span style=\"font-size:16px\"><span style=\"font-family:Merriweather,serif !important\"><span style=\"color:#000000\"><span style=\"background-color:#ffffff\">Devletten vazge\u00e7ilmeyece\u011fini s\u00f6yleyen Tatar, \u201cKan ve can pahas\u0131na kurdu\u011fumuz devletimizden, sahip oldu\u011fumuz egemenli\u011fimizden ve Anavatan T\u00fcrkiye&#8217;nin garant\u00f6rl\u00fc\u011f\u00fc ile T\u00fcrk askerinden vazge\u00e7meyece\u011fiz. 1974 \u00f6ncesinin ac\u0131 ve karanl\u0131k dolu g\u00fcnlerini bir kez daha ya\u015famayaca\u011f\u0131z\u201d ifadelerini kulland\u0131.<\/span><\/span><\/span><\/span><\/p>\n<p style=\"text-align:left\"><span style=\"font-size:16px\"><span style=\"font-family:Merriweather,serif !important\"><span style=\"color:#000000\"><span style=\"background-color:#ffffff\">Tatar, KKTC\u2019nin ekonomide, bili\u015fimde, tar\u0131mda, sanayide, y\u00fcksek\u00f6\u011frenimde ve di\u011fer sekt\u00f6rlerde yeni projeler, yeni yat\u0131r\u0131mlar ve Anavatan T\u00fcrkiye\u2019nin sa\u011flad\u0131\u011f\u0131 yard\u0131m ve hibelerle daha da ileri gitti\u011fini belirtti.<\/span><\/span><\/span><\/span><\/p>\n<p style=\"text-align:left\"><span style=\"font-size:16px\"><span style=\"font-family:Merriweather,serif !important\"><span style=\"color:#000000\"><span style=\"background-color:#ffffff\">Mara\u015f a\u00e7\u0131l\u0131m\u0131 ile yeni Ercan Havaliman\u0131 terminalinin hizmete a\u00e7\u0131lmas\u0131n\u0131n da ekonomiye b\u00fcy\u00fck katk\u0131lar sa\u011flad\u0131\u011f\u0131n\u0131 kaydeden Tatar, \u201cEminim ki her ge\u00e7en g\u00fcnle Kuzey K\u0131br\u0131s T\u00fcrk Cumhuriyeti daha da g\u00fc\u00e7lenecektir\u201d dedi.<\/span><\/span><\/span><\/span><\/p>\n<p style=\"text-align:left\"><span style=\"font-size:16px\"><span style=\"font-family:Merriweather,serif !important\"><span style=\"color:#000000\"><span style=\"background-color:#ffffff\">15 Kas\u0131m KKTC\u2019nin 40\u2019\u0131nc\u0131 kurulu\u015f y\u0131l d\u00f6n\u00fcm\u00fcnde Cumhuriyet Bayram\u0131 kutlamalar\u0131 Cumhurba\u015fkan\u0131 Ersin Tatar\u2019\u0131n bug\u00fcn saat 12.00\u2019de BRT\u2019de yay\u0131mlanan a\u00e7\u0131l\u0131\u015f konu\u015fmas\u0131yla ba\u015flad\u0131. Ayn\u0131 anda 21 pare top at\u0131\u015f\u0131 da yap\u0131ld\u0131.<\/span><\/span><\/span><\/span><\/p>\n<p style=\"text-align:left\"><span style=\"font-size:16px\"><span style=\"font-family:Merriweather,serif !important\"><span style=\"color:#000000\"><span style=\"background-color:#ffffff\">Tatar, \u201cBug\u00fcn, bir as\u0131rl\u0131k \u00f6zg\u00fcrl\u00fck ve ba\u011f\u0131ms\u0131zl\u0131k m\u00fccadelemizin Kuzey K\u0131br\u0131s T\u00fcrk Cumhuriyeti\u2019nin kurulu\u015fuyla ta\u00e7land\u0131\u011f\u0131 g\u00fcn.&nbsp; Bug\u00fcn, en zor ko\u015fullar alt\u0131nda, halk\u0131m\u0131z\u0131n destans\u0131 m\u00fccadelesiyle, kan ve can pahas\u0131na kurulan Kuzey K\u0131br\u0131s T\u00fcrk Cumhuriyeti\u2019nin 40\u2019\u0131nc\u0131 kurulu\u015f y\u0131l d\u00f6n\u00fcm\u00fc.&nbsp; Bug\u00fcn, en b\u00fcy\u00fck bayram\u0131m\u0131z. Cumhuriyet Bayram\u0131m\u0131z kutlu olsun.\u201d ifadelerini kulland\u0131.<\/span><\/span><\/span><\/span><\/p>\n<p style=\"text-align:left\"><span style=\"font-size:16px\"><span style=\"font-family:Merriweather,serif !important\"><span style=\"color:#000000\"><span style=\"background-color:#ffffff\">&#8211; \u201cKuzey K\u0131br\u0131s T\u00fcrk Cumhuriyeti; onurumuzdur, namusumuzdur\u201d<\/span><\/span><\/span><\/span><\/p>\n<p style=\"text-align:left\"><span style=\"font-size:16px\"><span style=\"font-family:Merriweather,serif !important\"><span style=\"color:#000000\"><span style=\"background-color:#ffffff\">KKTC\u2019nin bu topraklarda sahip olunan en b\u00fcy\u00fck de\u011fer oldu\u011funa i\u015faret eden Tatar, \u015funlar\u0131 kaydetti:<\/span><\/span><\/span><\/span><\/p>\n<p style=\"text-align:left\"><span style=\"font-size:16px\"><span style=\"font-family:Merriweather,serif !important\"><span style=\"color:#000000\"><span style=\"background-color:#ffffff\">\u201cKuzey K\u0131br\u0131s T\u00fcrk Cumhuriyeti; onurumuzdur, namusumuzdur. Kuzey K\u0131br\u0131s T\u00fcrk Cumhuriyeti, vatan bildi\u011fimiz bu topraklarda sahip oldu\u011fumuz en b\u00fcy\u00fck de\u011ferdir.<\/span><\/span><\/span><\/span><\/p>\n<p style=\"text-align:left\"><span style=\"font-size:16px\"><span style=\"font-family:Merriweather,serif !important\"><span style=\"color:#000000\"><span style=\"background-color:#ffffff\">Bu kutlu g\u00fcnde, Kuzey K\u0131br\u0131s T\u00fcrk Cumhuriyeti\u2019nin kurulu\u015funda eme\u011fi, al\u0131n teri ve b\u00fcy\u00fck fedak\u00e2rl\u0131klar\u0131 bulunan kahraman halk\u0131m\u0131z\u0131 en i\u00e7ten duygular\u0131mla selamlarken; \u00f6zg\u00fcrl\u00fck liderimiz Dr. Faz\u0131l K\u00fc\u00e7\u00fck ile Kurucu Cumhurba\u015fkan\u0131\u2019m\u0131z Rauf Raif Denkta\u015f ve dava arkada\u015flar\u0131n\u0131, bu kutsal m\u00fccadelede \u015fehit d\u00fc\u015fen m\u00fccahit ile Mehmet\u00e7iklerimizi rahmet ve minnetle anar, gazilerimize \u015f\u00fckranlar\u0131m\u0131 sunar\u0131m.<\/span><\/span><\/span><\/span><\/p>\n<p style=\"text-align:left\"><span style=\"font-size:16px\"><span style=\"font-family:Merriweather,serif !important\"><span style=\"color:#000000\"><span style=\"background-color:#ffffff\">Sevgili karde\u015flerim,<\/span><\/span><\/span><\/span><\/p>\n<p style=\"text-align:left\"><span style=\"font-size:16px\"><span style=\"font-family:Merriweather,serif !important\"><span style=\"color:#000000\"><span style=\"background-color:#ffffff\">Kuzey K\u0131br\u0131s T\u00fcrk Cumhuriyeti; onurumuzdur, namusumuzdur. Kuzey K\u0131br\u0131s T\u00fcrk Cumhuriyeti, vatan bildi\u011fimiz bu topraklarda sahip oldu\u011fumuz en b\u00fcy\u00fck de\u011ferdir.<\/span><\/span><\/span><\/span><\/p>\n<p style=\"text-align:left\"><span style=\"font-size:16px\"><span style=\"font-family:Merriweather,serif !important\"><span style=\"color:#000000\"><span style=\"background-color:#ffffff\">T\u00fcm d\u00fcnya \u015funu bilmelidir ki; Kuzey K\u0131br\u0131s T\u00fcrk Cumhuriyeti bizlere aziz \u015fehitlerimizin emanetidir. Bu kutsal emaneti ayaklar alt\u0131nda \u00e7i\u011fnetmemek en b\u00fcy\u00fck g\u00f6revimizdir.\u201d<\/span><\/span><\/span><\/span><\/p>\n<p style=\"text-align:left\"><span style=\"font-size:16px\"><span style=\"font-family:Merriweather,serif !important\"><span style=\"color:#000000\"><span style=\"background-color:#ffffff\">K\u0131br\u0131s\u2019\u0131n 1571 y\u0131l\u0131nda fethedildi\u011fini hat\u0131rlatan Tatar, \u201cAtalar\u0131m\u0131z\u0131n 1571 y\u0131l\u0131nda fethetti\u011fi bu topraklar\u0131 vatan bildik. K\u00f6klerimizin Anadolu\u2019da oldu\u011fu bilinciyle hareket ettik. K\u0131br\u0131s\u2019ta T\u00fcrk y\u00f6netimi boyunca di\u011fer etnik unsurlara zulmetmedik, insanca ya\u015famalar\u0131n\u0131 sa\u011flad\u0131k.\u201d dedi.<\/span><\/span><\/span><\/span><\/p>\n<p style=\"text-align:left\"><span style=\"font-size:16px\"><span style=\"font-family:Merriweather,serif !important\"><span style=\"color:#000000\"><span style=\"background-color:#ffffff\">K\u0131br\u0131s\u2019ta 1878 y\u0131l\u0131nda ba\u015flayan \u0130ngiliz S\u00f6m\u00fcrge \u0130daresi\u2019nin ilk g\u00fcnlerinden itibaren ise Rumlar\u0131n K\u0131br\u0131s\u2019\u0131 kan g\u00f6l\u00fcne \u00e7evirecek olan Enosis m\u00fccadelesine ba\u015flad\u0131\u011f\u0131n\u0131 s\u00f6yleyen Tatar, \u015f\u00f6yle devam etti:<\/span><\/span><\/span><\/span><\/p>\n<p style=\"text-align:left\"><span style=\"font-size:16px\"><span style=\"font-family:Merriweather,serif !important\"><span style=\"color:#000000\"><span style=\"background-color:#ffffff\">\u201cEnosis m\u00fccadelesinin temelini olu\u015fturan zihniyete g\u00f6re; \u2018K\u0131br\u0131s\u2019ta misafir olan T\u00fcrklerin hi\u00e7bir hakk\u0131 yoktur. K\u0131br\u0131s\u2019ta T\u00fcrk ulusunun bir par\u00e7as\u0131 olan K\u0131br\u0131s T\u00fcrkleri adadan at\u0131lmal\u0131d\u0131r. K\u0131br\u0131s Yunanistan\u2019a ilhak edilmelidir.\u2019<\/span><\/span><\/span><\/span><\/p>\n<p style=\"text-align:left\"><span style=\"font-size:16px\"><span style=\"font-family:Merriweather,serif !important\"><span style=\"color:#000000\"><span style=\"background-color:#ffffff\">\u0130\u015fte, K\u0131br\u0131s sorununun ana nedenini olu\u015fturan bu Rum zihniyeti bug\u00fcn de devam etmektedir. Yine bu zihniyete g\u00f6re; \u2018K\u0131br\u0131s T\u00fcrk halk\u0131 bir az\u0131nl\u0131kt\u0131r, egemenlik hakk\u0131 yoktur, K\u0131br\u0131s T\u00fcrkleri devlet y\u00f6netiminde yer almamal\u0131d\u0131r.\u2019<\/span><\/span><\/span><\/span><\/p>\n<p style=\"text-align:left\"><span style=\"font-size:16px\"><span style=\"font-family:Merriweather,serif !important\"><span style=\"color:#000000\"><span style=\"background-color:#ffffff\">Bu k\u00f6hnemi\u015f ve \u00e7a\u011f d\u0131\u015f\u0131 zihniyete boyun e\u011fmedik ve e\u011fmeyece\u011fiz.\u201d<\/span><\/span><\/span><\/span><\/p>\n<p style=\"text-align:left\"><span style=\"font-size:16px\"><span style=\"font-family:Merriweather,serif !important\"><span style=\"color:#000000\"><span style=\"background-color:#ffffff\">&#8211; \u201cHalk\u0131m\u0131z\u0131n savunmas\u0131n\u0131 sa\u011flamak \u00fczere T\u00fcrk Mukavemet Te\u015fkilat\u0131 olu\u015fturuldu\u201d<\/span><\/span><\/span><\/span><\/p>\n<p style=\"text-align:left\"><span style=\"font-size:16px\"><span style=\"font-family:Merriweather,serif !important\"><span style=\"color:#000000\"><span style=\"background-color:#ffffff\">EOKA\u2019n\u0131n halk\u0131 yok edip, K\u0131br\u0131s\u2019\u0131 bir Helen adas\u0131 yapma hedefiyle Rum-Yunan ikilisi taraf\u0131ndan olu\u015fturuldu\u011funu dile getiren Tatar, \u201cEOKA ter\u00f6r \u00f6rg\u00fct\u00fc 1955 y\u0131l\u0131nda halk\u0131m\u0131za y\u00f6nelik sald\u0131r\u0131lar\u0131 ba\u015flat\u0131rken, halk\u0131m\u0131z tamamen savunmas\u0131z durumdayd\u0131. Halk\u0131m\u0131z\u0131n savunmas\u0131n\u0131 sa\u011flamak \u00fczere T\u00fcrk Mukavemet Te\u015fkilat\u0131 olu\u015fturuldu\u201d dedi.<\/span><\/span><\/span><\/span><\/p>\n<p style=\"text-align:left\"><span style=\"font-size:16px\"><span style=\"font-family:Merriweather,serif !important\"><span style=\"color:#000000\"><span style=\"background-color:#ffffff\">Halk\u0131n t\u00fcm zorluklara ra\u011fmen T\u00fcrk Mukavemet Te\u015fkilat\u0131 \u00f6nc\u00fcl\u00fc\u011f\u00fcnde y\u00fcr\u00fct\u00fclen b\u00fcy\u00fck ve efsanevi direni\u015f sonras\u0131nda 1960 y\u0131l\u0131nda kurulan K\u0131br\u0131s Cumhuriyeti\u2019nin e\u015fit kurucu orta\u011f\u0131 oldu\u011funu dile getiren Tatar, \u015fu ifadeleri kulland\u0131:<\/span><\/span><\/span><\/span><\/p>\n<p style=\"text-align:left\"><span style=\"font-size:16px\"><span style=\"font-family:Merriweather,serif !important\"><span style=\"color:#000000\"><span style=\"background-color:#ffffff\">\u201cRum liderli\u011fine g\u00f6re K\u0131br\u0131s Cumhuriyeti \u2018Enosise bir s\u0131\u00e7rama tahtas\u0131yd\u0131\u2019 ve Enosis mutlaka ger\u00e7ekle\u015fmeliydi.&nbsp; Bu hedefe y\u00f6nelik olarak da K\u0131br\u0131s T\u00fcrk halk\u0131n\u0131 imha etmek i\u00e7in Akritas Plan\u0131 haz\u0131rlanm\u0131\u015ft\u0131.<\/span><\/span><\/span><\/span><\/p>\n<p style=\"text-align:left\"><span style=\"font-size:16px\"><span style=\"font-family:Merriweather,serif !important\"><span style=\"color:#000000\"><span style=\"background-color:#ffffff\">Akritas Plan\u0131 do\u011frultusunda K\u0131br\u0131s T\u00fcrk halk\u0131n\u0131 imha etmek i\u00e7in 21 Aral\u0131k 1963 tarihinde Kanl\u0131 Noel sald\u0131r\u0131lar\u0131 ba\u015flar. Halk\u0131m\u0131za y\u00f6nelik soyk\u0131r\u0131m uygulan\u0131rken, 103 k\u00f6y\u00fcm\u00fcz g\u00f6\u00e7 etmek zorunda kald\u0131. K\u00f6ylerimizde ta\u015f \u00fcst\u00fcne ta\u015f b\u0131rak\u0131lmad\u0131. Dini, sosyal ve k\u00fclt\u00fcrel b\u00fct\u00fcn de\u011ferlerimiz yak\u0131l\u0131p, y\u0131k\u0131l\u0131p, yok edildi.&nbsp;&nbsp;&nbsp;&nbsp;<\/span><\/span><\/span><\/span><\/p>\n<p style=\"text-align:left\"><span style=\"font-size:16px\"><span style=\"font-family:Merriweather,serif !important\"><span style=\"color:#000000\"><span style=\"background-color:#ffffff\">G\u00fcvenli yerlere ve \u015fehirlerdeki T\u00fcrk b\u00f6lgelerine s\u0131\u011f\u0131nan halk\u0131m\u0131z, getto denilen bu b\u00f6lgelerde ku\u015fatma alt\u0131na al\u0131n\u0131p, a\u00e7l\u0131\u011fa ve yoksullu\u011fa mahkum edildi. T\u00fcrk b\u00f6lgelerine ac\u0131mas\u0131z ambargolar uygulan\u0131rken, i\u00e7me sular\u0131 kesiliyor,&nbsp; g\u0131da ve giyecek g\u00f6nderilmesi de yasaklan\u0131yordu.&nbsp; Rum barikatlar\u0131nda bunlara el konuluyordu. \u00c7ocuklar\u0131m\u0131z bir bardak s\u00fcte muhta\u00e7t\u0131.<\/span><\/span><\/span><\/span><\/p>\n<p style=\"text-align:left\"><span style=\"font-size:16px\"><span style=\"font-family:Merriweather,serif !important\"><span style=\"color:#000000\"><span style=\"background-color:#ffffff\">\u015eunu da hat\u0131rlatmak gerekir ki, 120 bin K\u0131br\u0131s T\u00fcrk\u00fc, 1974 y\u0131l\u0131na kadar t\u00fcm K\u0131br\u0131s\u2019\u0131n y\u00fczde \u00fc\u00e7 bu\u00e7u\u011funa tekab\u00fcl eden gettolarda ku\u015fatma alt\u0131nda ya\u015f\u0131yordu. Bunun ne kadar k\u00fc\u00e7\u00fck bir b\u00f6lge oldu\u011funa bakabilirsiniz.&nbsp;&nbsp;&nbsp;&nbsp;<\/span><\/span><\/span><\/span><\/p>\n<p style=\"text-align:left\"><span style=\"font-size:16px\"><span style=\"font-family:Merriweather,serif !important\"><span style=\"color:#000000\"><span style=\"background-color:#ffffff\">T\u00fcm d\u00fcnya bu vah\u015fete seyirci kal\u0131rken, Allah\u2019a \u015f\u00fck\u00fcrler olsun ki yan\u0131m\u0131zda garant\u00f6r Anavatan T\u00fcrkiye vard\u0131, ila\u00e7, g\u0131da ve giyece\u011fin yan\u0131nda her t\u00fcrl\u00fc yard\u0131m\u0131 sa\u011flayan T\u00fcrk K\u0131z\u0131lay\u0131 vard\u0131. Aksi takdirde direni\u015fi s\u00fcrd\u00fcrmemiz m\u00fcmk\u00fcn olamazd\u0131.&nbsp;&nbsp;<\/span><\/span><\/span><\/span><\/p>\n<p style=\"text-align:left\"><span style=\"font-size:16px\"><span style=\"font-family:Merriweather,serif !important\"><span style=\"color:#000000\"><span style=\"background-color:#ffffff\">Bug\u00fcn, d\u00fcnyan\u0131n pek \u00e7ok yerinde devam eden \u00e7at\u0131\u015fmalar ile Ukrayna-Rusya sava\u015f\u0131 ve \u0130srail-Hamas sava\u015f\u0131nda ya\u015fananlara bakt\u0131\u011f\u0131m\u0131zda ge\u00e7mi\u015fte ya\u015fad\u0131klar\u0131m\u0131z\u0131 hat\u0131rlamamak elde de\u011fil.\u201d&nbsp;<\/span><\/span><\/span><\/span><\/p>\n<p style=\"text-align:left\"><span style=\"font-size:16px\"><span style=\"font-family:Merriweather,serif !important\"><span style=\"color:#000000\"><span style=\"background-color:#ffffff\">-\u201cT\u00fcm sald\u0131r\u0131lara kar\u015f\u0131 halk\u0131m\u0131z direni\u015fini s\u00fcrd\u00fcrd\u00fc\u201d<\/span><\/span><\/span><\/span><\/p>\n<p style=\"text-align:left\"><span style=\"font-size:16px\"><span style=\"font-family:Merriweather,serif !important\"><span style=\"color:#000000\"><span style=\"background-color:#ffffff\">Cumhurba\u015fkan\u0131 Ersin Tatar, konu\u015fmas\u0131n\u0131 \u015fu ifadelerle s\u00fcrd\u00fcrd\u00fc:<\/span><\/span><\/span><\/span><\/p>\n<p style=\"text-align:left\"><span style=\"font-size:16px\"><span style=\"font-family:Merriweather,serif !important\"><span style=\"color:#000000\"><span style=\"background-color:#ffffff\">\u201cHalk\u0131m\u0131z\u0131 soyk\u0131r\u0131mdan ge\u00e7irmeyi hedefleyen Rum sald\u0131r\u0131lar\u0131 devam ederken, halk\u0131m\u0131z e\u015fit kurucu orta\u011f\u0131 oldu\u011fu K\u0131br\u0131s Cumhuriyeti\u2019nden silah zoruyla d\u0131\u015flanm\u0131\u015f, idari ve y\u00f6netsel a\u00e7\u0131dan bo\u015flu\u011fa ve kaosa itilmek istenmi\u015fti.<\/span><\/span><\/span><\/span><\/p>\n<p style=\"text-align:left\"><span style=\"font-size:16px\"><span style=\"font-family:Merriweather,serif !important\"><span style=\"color:#000000\"><span style=\"background-color:#ffffff\">Ama ne var ki, t\u00fcm sald\u0131r\u0131lara kar\u015f\u0131 halk\u0131m\u0131z direni\u015fini s\u00fcrd\u00fcrm\u00fc\u015f idari ve y\u00f6netsel gereksinimlerin kar\u015f\u0131lanmas\u0131na y\u00f6nelik olarak da 1964 y\u0131l\u0131n\u0131n Ocak ay\u0131n\u0131n ilk g\u00fcnlerinde Genel Komite olu\u015fturulmu\u015ftu.<\/span><\/span><\/span><\/span><\/p>\n<p style=\"text-align:left\"><span style=\"font-size:16px\"><span style=\"font-family:Merriweather,serif !important\"><span style=\"color:#000000\"><span style=\"background-color:#ffffff\">Bug\u00fcn b\u00fcy\u00fck bir onur ve gururla belirtti\u011fimiz gibi bu idari ve y\u00f6netsel olu\u015fum ayr\u0131 bir devlete ula\u015fabilme yolunda att\u0131\u011f\u0131m\u0131z ilk ad\u0131md\u0131r. Bu tarihi ger\u00e7e\u011fe dayanarak, K\u0131br\u0131s\u2019ta 1964 y\u0131l\u0131ndan bu yana iki ayr\u0131 devlet var diyoruz. Anavatan T\u00fcrkiye ile birlikte g\u00fcndeme getirdi\u011fimiz ve kararl\u0131l\u0131kla savundu\u011fumuz egemen e\u015fit iki ayr\u0131 devletin varl\u0131\u011f\u0131na dayal\u0131 \u00e7\u00f6z\u00fcm \u00f6nerimizin temeli de buna dayanmaktad\u0131r. Bu temelin de 60 y\u0131ll\u0131k bir ge\u00e7mi\u015fi vard\u0131r.&nbsp;&nbsp;<\/span><\/span><\/span><\/span><\/p>\n<p style=\"text-align:left\"><span style=\"font-size:16px\"><span style=\"font-family:Merriweather,serif !important\"><span style=\"color:#000000\"><span style=\"background-color:#ffffff\">\u00c7at\u0131s\u0131 alt\u0131nda \u00f6zg\u00fcr ve egemen olarak ya\u015fayaca\u011f\u0131m\u0131z bir devlete ula\u015fabilme yolunda her zaman b\u00fcy\u00fck bir iman, inan\u00e7 ve kararl\u0131l\u0131kla ilerledik. Genel Komite\u2019den sonra Ge\u00e7ici K\u0131br\u0131s T\u00fcrk Y\u00f6netimi ve T\u00fcrk Y\u00f6netimi olu\u015fturuldu. Bunlar da devlete ula\u015fabilme yolunda at\u0131lan di\u011fer ad\u0131mlard\u0131r.&nbsp;<\/span><\/span><\/span><\/span><\/p>\n<p style=\"text-align:left\"><span style=\"font-size:16px\"><span style=\"font-family:Merriweather,serif !important\"><span style=\"color:#000000\"><span style=\"background-color:#ffffff\">Halk\u0131m\u0131za \u00f6zg\u00fcrl\u00fc\u011f\u00fc ve t\u00fcm K\u0131br\u0131s\u2019a bar\u0131\u015f\u0131 getiren mutlu 20 Temmuz 1974 Bar\u0131\u015f Harekat\u0131 sonras\u0131nda Otonom K\u0131br\u0131s T\u00fcrk Y\u00f6netimi, 1975 y\u0131l\u0131nda da K\u0131br\u0131s T\u00fcrk Federe Devleti olu\u015fturuldu. Self determinasyon hakk\u0131n\u0131 kullanan halk\u0131m\u0131z\u0131n \u00f6zg\u00fcr iradesi ve istencine dayal\u0131 olarak da 15 Kas\u0131m 1983 tarihinde Kuzey K\u0131br\u0131s T\u00fcrk Cumhuriyeti kuruldu.<\/span><\/span><\/span><\/span><\/p>\n<p style=\"text-align:left\"><span style=\"font-size:16px\"><span style=\"font-family:Merriweather,serif !important\"><span style=\"color:#000000\"><span style=\"background-color:#ffffff\">Ve i\u015fte bug\u00fcn,&nbsp; Kuzey K\u0131br\u0131s T\u00fcrk Cumhuriyeti\u2019nin 40\u2019\u0131nc\u0131 y\u0131l d\u00f6n\u00fcm\u00fcn\u00fc b\u00fcy\u00fck bir co\u015fku, heyecan ve gururla kutluyoruz.\u201d<\/span><\/span><\/span><\/span><\/p>\n<p style=\"text-align:left\"><span style=\"font-size:16px\"><span style=\"font-family:Merriweather,serif !important\"><span style=\"color:#000000\"><span style=\"background-color:#ffffff\">-\u201cAdil, kal\u0131c\u0131 ve s\u00fcrd\u00fcr\u00fclebilir bir \u00e7\u00f6z\u00fcmden yana olduk\u201d<\/span><\/span><\/span><\/span><\/p>\n<p style=\"text-align:left\"><span style=\"font-size:16px\"><span style=\"font-family:Merriweather,serif !important\"><span style=\"color:#000000\"><span style=\"background-color:#ffffff\">Cumhurba\u015fkan\u0131 Ersin Tatar, K\u0131br\u0131s T\u00fcrk halk\u0131n\u0131n, K\u0131br\u0131s konusuna \u00e7\u00f6z\u00fcm bulma u\u011fra\u015flar\u0131nda her zaman olumlu ve samimi davrand\u0131\u011f\u0131n\u0131 dile getirerek, adil, kal\u0131c\u0131 ve s\u00fcrd\u00fcr\u00fclebilir bir \u00e7\u00f6z\u00fcmden yana oldu\u011funu s\u00f6yledi.<\/span><\/span><\/span><\/span><\/p>\n<p style=\"text-align:left\"><span style=\"font-size:16px\"><span style=\"font-family:Merriweather,serif !important\"><span style=\"color:#000000\"><span style=\"background-color:#ffffff\">Tatar, 1968 y\u0131l\u0131nda ba\u015flayan ve uzun y\u0131llar devam eden m\u00fczakere s\u00fcre\u00e7lerinde Rum taraf\u0131n\u0131n her zaman olumuz davrand\u0131\u011f\u0131n\u0131, hakimiyet\u00e7i ve dayatmac\u0131 tutumunu s\u00fcrd\u00fcrd\u00fc\u011f\u00fcn\u00fc ifade etti.<\/span><\/span><\/span><\/span><\/p>\n<p style=\"text-align:left\"><span style=\"font-size:16px\"><span style=\"font-family:Merriweather,serif !important\"><span style=\"color:#000000\"><span style=\"background-color:#ffffff\">Cumhurba\u015fkan\u0131 Tatar, \u015funlar\u0131 kaydetti:<\/span><\/span><\/span><\/span><\/p>\n<p style=\"text-align:left\"><span style=\"font-size:16px\"><span style=\"font-family:Merriweather,serif !important\"><span style=\"color:#000000\"><span style=\"background-color:#ffffff\">\u201cRum taraf\u0131 ile baz\u0131 emperyalist g\u00fc\u00e7lerin dayatmaya al\u0131\u015ft\u0131\u011f\u0131 federal temele dayal\u0131 bir \u00e7\u00f6z\u00fcm \u015fekli Anavatan T\u00fcrkiye\u2019nin garant\u00f6rl\u00fc\u011f\u00fcn\u00fcn kald\u0131r\u0131lmas\u0131n\u0131, T\u00fcrk askerinin K\u0131br\u0131s\u2019tan uzakla\u015ft\u0131r\u0131lmas\u0131n\u0131, devletimizin ve egemenli\u011fimizin yok edilip, halk\u0131m\u0131z\u0131n az\u0131nl\u0131k durumuna d\u00fc\u015f\u00fcr\u00fclmesini hedefliyordu. Elbette ki bunlar\u0131 kabul etmemiz m\u00fcmk\u00fcn de\u011fildi. Bunlara kar\u015f\u0131 direndik ve direnmeye devam ediyoruz.<\/span><\/span><\/span><\/span><\/p>\n<p style=\"text-align:left\"><span style=\"font-size:16px\"><span style=\"font-family:Merriweather,serif !important\"><span style=\"color:#000000\"><span style=\"background-color:#ffffff\">Bu arada, 2004 y\u0131l\u0131n\u0131n Nisan ay\u0131nda ger\u00e7ekle\u015fen Annan Plan\u0131 ile ilgili referandum s\u00fcrecinde ya\u015fananlar\u0131 hat\u0131rlatmakta b\u00fcy\u00fck yarar vard\u0131r. Avrupa Birli\u011fi ve di\u011fer g\u00fc\u00e7ler referandum s\u00fcrecinde halk\u0131m\u0131za verdikleri s\u00f6zlerin bir tekini bile yerine getirmezken, \u2018Hay\u0131r\u2019 diyen Rum taraf\u0131n\u0131 AB \u00fcyeli\u011fine al\u0131p, \u00f6d\u00fcllenirdiler.<\/span><\/span><\/span><\/span><\/p>\n<p style=\"text-align:left\"><span style=\"font-size:16px\"><span style=\"font-family:Merriweather,serif !important\"><span style=\"color:#000000\"><span style=\"background-color:#ffffff\">AB \u00fcyeli\u011fini bir silah gibi kullanan Rum-Yunan liderli\u011fi tehdit ve \u015fantajla istedikleri \u00e7\u00f6z\u00fcm \u015feklini dayatmaya \u00e7al\u0131\u015f\u0131rken Birle\u015fmi\u015f Milletler de buna seyirci kalmaktad\u0131r. AB ile BM\u2019ye \u00e7a\u011fr\u0131m K\u0131br\u0131s konusunda adil davranmalar\u0131 ve ay\u0131r\u0131mc\u0131 tutumlar\u0131na son vermeleridir.&nbsp;&nbsp;&nbsp;&nbsp;&nbsp;<\/span><\/span><\/span><\/span><\/p>\n<p style=\"text-align:left\"><span style=\"font-size:16px\"><span style=\"font-family:Merriweather,serif !important\"><span style=\"color:#000000\"><span style=\"background-color:#ffffff\">Annan Plan\u0131 referandumunda ve Crans Montana g\u00f6r\u00fc\u015fmelerinde ya\u015fananlar, federal temele dayal\u0131 bir \u00e7\u00f6z\u00fcm \u015feklinin m\u00fcmk\u00fcn olmad\u0131\u011f\u0131n\u0131 bir kez daha g\u00f6zler \u00f6n\u00fcne sererken, h\u00e2l\u00e2 daha federal temele dayal\u0131 bir \u00e7\u00f6z\u00fcmden bahsetmenin anlam\u0131 ve ge\u00e7erlili\u011fi yoktur.\u201d<\/span><\/span><\/span><\/span><\/p>\n<p style=\"text-align:left\"><span style=\"font-size:16px\"><span style=\"font-family:Merriweather,serif !important\"><span style=\"color:#000000\"><span style=\"background-color:#ffffff\">-\u201c Egemen e\u015fit iki ayr\u0131 devletin varl\u0131\u011f\u0131na dayal\u0131 \u00e7\u00f6z\u00fcm \u00f6nerisi\u201d<\/span><\/span><\/span><\/span><\/p>\n<p style=\"text-align:left\"><span style=\"font-size:16px\"><span style=\"font-family:Merriweather,serif !important\"><span style=\"color:#000000\"><span style=\"background-color:#ffffff\">Cumhurba\u015fkan\u0131 Tatar, bunlar\u0131 ve ge\u00e7mi\u015fte ya\u015fananlar\u0131 dikkate alarak \u00fclkede 2020 y\u0131l\u0131nda ger\u00e7ekle\u015fen Cumhurba\u015fkanl\u0131\u011f\u0131 se\u00e7imi s\u00fcrecinde egemen e\u015fit iki ayr\u0131 devletin varl\u0131\u011f\u0131na dayal\u0131 \u00e7\u00f6z\u00fcm \u00f6nerisini g\u00fcndeme getirdi\u011fini s\u00f6yleyerek, \u201cHalk\u0131m\u0131z da beni Cumhurba\u015fkan\u0131 se\u00e7erek bu \u00e7\u00f6z\u00fcm \u00f6nerisine b\u00fcy\u00fck destek verdi\u201d dedi.<\/span><\/span><\/span><\/span><\/p>\n<p style=\"text-align:left\"><span style=\"font-size:16px\"><span style=\"font-family:Merriweather,serif !important\"><span style=\"color:#000000\"><span style=\"background-color:#ffffff\">Anavatan T\u00fcrkiye taraf\u0131ndan da desteklenen bu \u00e7\u00f6z\u00fcm \u00f6nerisini ilk kez Cenevre&#8217;de m\u00fczakere masas\u0131na koydu\u011funu belirten Tatar, \u201cDaha sonraki g\u00f6r\u00fc\u015fmelerde de bu \u00e7\u00f6z\u00fcm \u00f6nerimizden geri ad\u0131m atmayaca\u011f\u0131m\u0131z\u0131 ve resmi m\u00fczakerelerin ba\u015flayabilmesi i\u00e7in e\u015fit egemenli\u011fimiz ile e\u015fit uluslararas\u0131 stat\u00fcm\u00fcz\u00fcn kabul edilmesi gerekti\u011fini dile getirdim. Bu tutumumuz b\u00fcy\u00fck bir kararl\u0131l\u0131kla aynen devam etmektedir.\u201d diye konu\u015ftu.<\/span><\/span><\/span><\/span><\/p>\n<p style=\"text-align:left\"><span style=\"font-size:16px\"><span style=\"font-family:Merriweather,serif !important\"><span style=\"color:#000000\"><span style=\"background-color:#ffffff\">Cumhurba\u015fkan\u0131 Tatar, konu\u015fmas\u0131nda \u015fu ifadeleri kulland\u0131:<\/span><\/span><\/span><\/span><\/p>\n<p style=\"text-align:left\"><span style=\"font-size:16px\"><span style=\"font-family:Merriweather,serif !important\"><span style=\"color:#000000\"><span style=\"background-color:#ffffff\">\u201cT\u00fcrkiye Cumhuriyeti Cumhurba\u015fkan\u0131 Say\u0131n Recep Tayyip Erdo\u011fan\u2019\u0131n, BM\u2019nin 77\u2019nci ve 78\u2019inci Genel Kurul toplant\u0131lar\u0131nda yapt\u0131\u011f\u0131 tarihi konu\u015fmalarda d\u00fcnya \u00fclkelerine \u2018KKTC\u2019yi tan\u0131y\u0131n, zul\u00fcm niteli\u011findeki ambargolara son verin\u2019 \u00e7a\u011fr\u0131s\u0131nda bulunmas\u0131 yeni siyasetimize b\u00fcy\u00fck bir g\u00fc\u00e7 vermi\u015ftir.<\/span><\/span><\/span><\/span><\/p>\n<p style=\"text-align:left\"><span style=\"font-size:16px\"><span style=\"font-family:Merriweather,serif !important\"><span style=\"color:#000000\"><span style=\"background-color:#ffffff\">Sevgili karde\u015flerim,<\/span><\/span><\/span><\/span><\/p>\n<p style=\"text-align:left\"><span style=\"font-size:16px\"><span style=\"font-family:Merriweather,serif !important\"><span style=\"color:#000000\"><span style=\"background-color:#ffffff\">Yeni siyasetimizi i\u00e7eren yolda ilerlerken, \u00d6zbekistan\u2019\u0131n Semerkant kentinde d\u00fczenlenen 9\u2019uncu T\u00fcrk Devletleri Te\u015fkilat\u0131 Liderler Zirvesi\u2019nde KKTC\u2019nin Anayasal ad\u0131yla g\u00f6zlemci \u00fcye olarak kabul edilmesi milat niteli\u011finde olup, b\u00fcy\u00fck bir ba\u015far\u0131d\u0131r.<\/span><\/span><\/span><\/span><\/p>\n<p style=\"text-align:left\"><span style=\"font-size:16px\"><span style=\"font-family:Merriweather,serif !important\"><span style=\"color:#000000\"><span style=\"background-color:#ffffff\">Belirledi\u011fimiz yolda kararl\u0131l\u0131kla y\u00fcr\u00fcrken yeni ba\u015far\u0131lar\u0131n bizleri bekledi\u011finden ve hedefimize ula\u015faca\u011f\u0131m\u0131zdan eminim. Bu arada bu b\u00fcy\u00fck ba\u015far\u0131lara ula\u015fmam\u0131z\u0131 sa\u011flayan Cumhurba\u015fkan\u0131 Erdo\u011fan\u2019a \u015fahs\u0131m ve halk\u0131m ad\u0131na te\u015fekk\u00fcrlerimi sunar\u0131m.\u201d<\/span><\/span><\/span><\/span><\/p>\n<p style=\"text-align:left\"><span style=\"font-size:16px\"><span style=\"font-family:Merriweather,serif !important\"><span style=\"color:#000000\"><span style=\"background-color:#ffffff\">-\u201cKuzey K\u0131br\u0131s T\u00fcrk Cumhuriyeti, t\u00fcm ambargolara ve bask\u0131lara ra\u011fmen her ge\u00e7en g\u00fcn daha da ileriye gitmektedir\u201d<\/span><\/span><\/span><\/span><\/p>\n<p style=\"text-align:left\"><span style=\"font-size:16px\"><span style=\"font-family:Merriweather,serif !important\"><span style=\"color:#000000\"><span style=\"background-color:#ffffff\">Cumhurba\u015fkan\u0131 Tatar, KKTC\u2019nin t\u00fcm ambargolara ve bask\u0131lara ra\u011fmen her ge\u00e7en g\u00fcn daha da ileriye gitti\u011fini s\u00f6yleyerek, \u015funlar\u0131 kaydetti:<\/span><\/span><\/span><\/span><\/p>\n<p style=\"text-align:left\"><span style=\"font-size:16px\"><span style=\"font-family:Merriweather,serif !important\"><span style=\"color:#000000\"><span style=\"background-color:#ffffff\">\u201cBug\u00fcn, 40\u2019\u0131nc\u0131 kurulu\u015f y\u0131l d\u00f6n\u00fcm\u00fcn\u00fc kutlad\u0131\u011f\u0131m\u0131z Kuzey K\u0131br\u0131s T\u00fcrk Cumhuriyeti, t\u00fcm ambargolara ve bask\u0131lara ra\u011fmen her ge\u00e7en g\u00fcn daha da ileriye gitmektedir. Kuzey K\u0131br\u0131s T\u00fcrk Cumhuriyeti y\u00f6netsel, yarg\u0131sal ve t\u00fcm di\u011fer kurumlar\u0131 ile demokrasinin ve halk iradesinin esas al\u0131nd\u0131\u011f\u0131 gurur verici \u00e7a\u011fda\u015f bir yap\u0131ya ula\u015fm\u0131\u015ft\u0131r. T\u00fcm bu de\u011ferleri korumak ve geli\u015ftirmek g\u00f6revimizdir.&nbsp;<\/span><\/span><\/span><\/span><\/p>\n<p style=\"text-align:left\"><span style=\"font-size:16px\"><span style=\"font-family:Merriweather,serif !important\"><span style=\"color:#000000\"><span style=\"background-color:#ffffff\">T\u00fcm d\u00fcnyay\u0131 ve \u00fclkemizi etkisine alan pandemi s\u00fcreci, ekonomimizi ve sosyal yap\u0131m\u0131z\u0131 olumsuz y\u00f6nde etkileyen pek \u00e7ok sorunlara neden oldu. Bug\u00fcn de bir tak\u0131m sorunlar ile kar\u015f\u0131 kar\u015f\u0131ya bulunuyoruz. Ama, bunlar devletimizden ve egemenli\u011fimizden vazge\u00e7ece\u011fimiz anlam\u0131na gelmemelidir.<\/span><\/span><\/span><\/span><\/p>\n<p style=\"text-align:left\"><span style=\"font-size:16px\"><span style=\"font-family:Merriweather,serif !important\"><span style=\"color:#000000\"><span style=\"background-color:#ffffff\">Elbirli\u011fi ve dayan\u0131\u015fma ile bu sorunlar\u0131 a\u015faca\u011f\u0131m\u0131zdan eminim.&nbsp; Yeter ki birbirimize g\u00fcvenelim, birlik ve beraberli\u011fimizi koruyal\u0131m. Bu arada birlik ve beraberli\u011fimiz ile devletimizi ve Anavatan T\u00fcrkiye ile olan ba\u011flar\u0131m\u0131z\u0131 hedef alan alg\u0131 operasyonlar\u0131 ile be\u015finci kol faaliyetlerine kar\u015f\u0131 uyan\u0131k ve dikkatli olal\u0131m. D\u0131\u015f sald\u0131r\u0131lara kar\u015f\u0131 birlik olal\u0131m. Anavatan T\u00fcrkiye\u2019ye daha da s\u0131k\u0131 sar\u0131lal\u0131m.<\/span><\/span><\/span><\/span><\/p>\n<p style=\"text-align:left\"><span style=\"font-size:16px\"><span style=\"font-family:Merriweather,serif !important\"><span style=\"color:#000000\"><span style=\"background-color:#ffffff\">Yads\u0131namaz bir ger\u00e7ektir ki; ekonomide, bili\u015fimde, tar\u0131mda, sanayide, y\u00fcksek\u00f6\u011frenimde ve di\u011fer sekt\u00f6rlerde yeni projeler, yeni yat\u0131r\u0131mlar ve Anavatan T\u00fcrkiye\u2019nin sa\u011flad\u0131\u011f\u0131 yard\u0131m ve hibelerle daha da ileri gitmekteyiz. Mara\u015f a\u00e7\u0131l\u0131m\u0131 ile yeni Ercan Havaliman\u0131 terminalinin hizmete a\u00e7\u0131lmas\u0131 da ekonomimize b\u00fcy\u00fck katk\u0131lar sa\u011flam\u0131\u015ft\u0131r.&nbsp; Eminim ki her ge\u00e7en g\u00fcnle Kuzey K\u0131br\u0131s T\u00fcrk Cumhuriyeti daha da g\u00fc\u00e7lenecektir.&nbsp;<\/span><\/span><\/span><\/span><\/p>\n<p style=\"text-align:left\"><span style=\"font-size:16px\"><span style=\"font-family:Merriweather,serif !important\"><span style=\"color:#000000\"><span style=\"background-color:#ffffff\">Bu y\u0131l T\u00fcrk ulusu olarak Anavatan T\u00fcrkiye ile birlikte \u00e7ok b\u00fcy\u00fck ac\u0131lar ya\u015fad\u0131k. Anavatan T\u00fcrkiye\u2019de 6 \u015eubat tarihinde meydana gelen depremde binlerce soyda\u015f\u0131m\u0131z ile \u015eampiyon Meleklerimizi ve vatanda\u015flar\u0131m\u0131z\u0131 kaybettik.<\/span><\/span><\/span><\/span><\/p>\n<p style=\"text-align:left\"><span style=\"font-size:16px\"><span style=\"font-family:Merriweather,serif !important\"><span style=\"color:#000000\"><span style=\"background-color:#ffffff\">-\u201c\u015eampiyon Meleklerimizle ilgili yarg\u0131 s\u00fcrecini yak\u0131ndan takip ediyorum\u201d<\/span><\/span><\/span><\/span><\/p>\n<p style=\"text-align:left\"><span style=\"font-size:16px\"><span style=\"font-family:Merriweather,serif !important\"><span style=\"color:#000000\"><span style=\"background-color:#ffffff\">\u015eampiyon Meleklerimizin an\u0131lar\u0131n\u0131 ya\u015fatmaya \u00e7al\u0131\u015f\u0131rken, yarg\u0131 s\u00fcrecini de ilk g\u00fcnden itibaren yak\u0131ndan takip ediyorum. Adalet elbette tecelli edecektir. Deprem felaketinde kaybettiklerimize Allah\u2019tan rahmet dilerken, yasl\u0131 aileleri ile yak\u0131nlar\u0131na da yeniden ba\u015fsa\u011fl\u0131\u011f\u0131 dilerim. Ac\u0131lar\u0131 ac\u0131m\u0131zd\u0131r.\u201d&nbsp;&nbsp;<\/span><\/span><\/span><\/span><\/p>\n<p style=\"text-align:left\"><span style=\"font-size:16px\"><span style=\"font-family:Merriweather,serif !important\"><span style=\"color:#000000\"><span style=\"background-color:#ffffff\">&#8211; \u201c\u00c7a\u011fr\u0131m, bu sava\u015flara bir an \u00f6nce son verilmesidir\u201d<\/span><\/span><\/span><\/span><\/p>\n<p style=\"text-align:left\"><span style=\"font-size:16px\"><span style=\"font-family:Merriweather,serif !important\"><span style=\"color:#000000\"><span style=\"background-color:#ffffff\">Cumhurba\u015fkan\u0131 Tatar, bug\u00fcn, halen devam eden Rusya- Ukrayna ile \u0130srail-Hamas sava\u015f\u0131n\u0131n b\u00f6lgede b\u00fcy\u00fck ve tehlikeli bir tehdit olu\u015fturdu\u011funu dile getirerek, \u201cTemennim katliamlara, soyk\u0131r\u0131mlara, y\u0131k\u0131mlara son verilmesi, sorunlar\u0131n silahla de\u011fil diyalog yoluyla \u00e7\u00f6z\u00fclmesidir. \u00c7a\u011fr\u0131m, bu sava\u015flara bir an \u00f6nce son verilmesidir\u201d diye konu\u015ftu.<\/span><\/span><\/span><\/span><\/p>\n<p style=\"text-align:left\"><span style=\"font-size:16px\"><span style=\"font-family:Merriweather,serif !important\"><span style=\"color:#000000\"><span style=\"background-color:#ffffff\">Tatar, \u201cB\u00f6lgede devam etmekte olan \u0130srail-Hamas sava\u015f\u0131n\u0131 endi\u015feyle izlerken, emperyalist g\u00fc\u00e7lerin Do\u011fu Akdeniz\u2019de enerji kaynaklar\u0131 \u00fczerine hakimiyet kurma giri\u015fimlerini de g\u00f6zlemlemekteyiz. Hi\u00e7 kimsenin ku\u015fkusu olmas\u0131n ki, Anavatan T\u00fcrkiye ile birlikte Mavi Vatan\u2019daki haklar\u0131m\u0131z\u0131 korumakta kararl\u0131y\u0131z. Bu arada, \u0130srail- Filistin sorununun \u00e7\u00f6z\u00fcm\u00fcne y\u00f6nelik olarak iki devletli \u00e7\u00f6z\u00fcm \u00f6nerisinin g\u00fcndeme getirilmesi de olduk\u00e7a \u00f6nemlidir Rum taraf\u0131na \u00e7a\u011fr\u0131m ise, samimi yakla\u015f\u0131mlar\u0131m\u0131za olumlu yan\u0131t vermesi, gerginlik yarat\u0131c\u0131 faaliyetlerini sonland\u0131rmas\u0131 ve yeni bir \u00e7\u0131lg\u0131nl\u0131\u011fa kalk\u0131\u015fmamas\u0131d\u0131r.\u201d ifadelerini kulland\u0131.<\/span><\/span><\/span><\/span><\/p>\n<p style=\"text-align:left\"><span style=\"font-size:16px\"><span style=\"font-family:Merriweather,serif !important\"><span style=\"color:#000000\"><span style=\"background-color:#ffffff\">&#8211; \u201cKan ve can pahas\u0131na kurdu\u011fumuz devletimizden, sahip oldu\u011fumuz egemenli\u011fimizden ve Anavatan T\u00fcrkiye&#8217;nin garant\u00f6rl\u00fc\u011f\u00fc ile T\u00fcrk askerinden vazge\u00e7meyece\u011fiz\u201d<\/span><\/span><\/span><\/span><\/p>\n<p style=\"text-align:left\"><span style=\"font-size:16px\"><span style=\"font-family:Merriweather,serif !important\"><span style=\"color:#000000\"><span style=\"background-color:#ffffff\">Cumhurba\u015fkan\u0131 Tatar, d\u00fcnyaya seslendi\u011fini konu\u015fmas\u0131n\u0131 \u015fu ifadelerle tamamlad\u0131:<\/span><\/span><\/span><\/span><\/p>\n<p style=\"text-align:left\"><span style=\"font-size:16px\"><span style=\"font-family:Merriweather,serif !important\"><span style=\"color:#000000\"><span style=\"background-color:#ffffff\">\u201cT\u00fcrkiye Cumhuriyeti\u2019nin 100\u2019\u00fcnc\u00fc, Kuzey K\u0131br\u0131s T\u00fcrk Cumhuriyeti\u2019nin ise 40\u2019\u0131nc\u0131 kurulu\u015f y\u0131l d\u00f6n\u00fcm\u00fcnde d\u00fcnyaya yeniden sesleniyorum; Kan ve can pahas\u0131na kurdu\u011fumuz devletimizden, sahip oldu\u011fumuz egemenli\u011fimizden ve Anavatan T\u00fcrkiye&#8217;nin garant\u00f6rl\u00fc\u011f\u00fc ile T\u00fcrk askerinden vazge\u00e7meyece\u011fiz. 1974 \u00f6ncesinin ac\u0131 ve karanl\u0131k dolu g\u00fcnlerini bir kez daha ya\u015famayaca\u011f\u0131z.<\/span><\/span><\/span><\/span><\/p>\n<p style=\"text-align:left\"><span style=\"font-size:16px\"><span style=\"font-family:Merriweather,serif !important\"><span style=\"color:#000000\"><span style=\"background-color:#ffffff\">Sevgili vatanda\u015flar\u0131m; Cumhuriyet Bayram\u0131n\u0131z\u0131 bir kere daha kutlarken, hepinizi en i\u00e7ten duygular\u0131mla sevgi ve muhabbetle kucaklar\u0131m. Unutmayal\u0131m ki KKTC hepimizindir. Daha da ayd\u0131nl\u0131k yar\u0131nlara hep birlikte ula\u015faca\u011f\u0131z.\u201d<\/span><\/span><\/span><\/span><\/p>\n","protected":false},"excerpt":{"rendered":"<p>KKTC\u2019nin 40\u2019\u0131nc\u0131 kurulu\u015f y\u0131l d\u00f6n\u00fcm\u00fc kutlamalar\u0131 Cumhurba\u015fkan\u0131 Tatar\u2019\u0131n BRT\u2019den yapt\u0131\u011f\u0131 konu\u015fma ve 21 pare top at\u0131\u015f\u0131yla ba\u015flad\u0131 &nbsp; Tatar: \u201cBug\u00fcn, 40\u2019\u0131nc\u0131 kurulu\u015f y\u0131l d\u00f6n\u00fcm\u00fcn\u00fc kutlad\u0131\u011f\u0131m\u0131z KKTC, t\u00fcm ambargolara ve bask\u0131lara ra\u011fmen her ge\u00e7en g\u00fcn daha da ileriye gitmektedir\u201d &nbsp; \u201cKan ve can pahas\u0131na kurdu\u011fumuz devletimizden, sahip oldu\u011fumuz egemenli\u011fimizden ve Anavatan T\u00fcrkiye&#8217;nin garant\u00f6rl\u00fc\u011f\u00fc ile T\u00fcrk askerinden<\/p>\n","protected":false},"author":1,"featured_media":18729,"comment_status":"open","ping_status":"open","sticky":false,"template":"","format":"standard","meta":{"footnotes":""},"categories":[1],"tags":[],"class_list":["post-18728","post","type-post","status-publish","format-standard","has-post-thumbnail","hentry","category-gundem"],"yoast_head":"<!-- This site is optimized with the Yoast SEO plugin v27.4 - https:\/\/yoast.com\/product\/yoast-seo-wordpress\/ -->\n<title>Cumhurba\u015fkan\u0131 Tatar: \u201cKKTC onurumuzdur, namusumuzdur\u201d -<\/title>\n<meta name=\"robots\" content=\"index, follow, max-snippet:-1, max-image-preview:large, max-video-preview:-1\" \/>\n<link rel=\"canonical\" href=\"https:\/\/kibrisdakik.com\/?p=18728\" \/>\n<meta property=\"og:locale\" content=\"tr_TR\" \/>\n<meta property=\"og:type\" content=\"article\" \/>\n<meta property=\"og:title\" content=\"Cumhurba\u015fkan\u0131 Tatar: \u201cKKTC onurumuzdur, namusumuzdur\u201d -\" \/>\n<meta property=\"og:description\" content=\"KKTC\u2019nin 40\u2019\u0131nc\u0131 kurulu\u015f y\u0131l d\u00f6n\u00fcm\u00fc kutlamalar\u0131 Cumhurba\u015fkan\u0131 Tatar\u2019\u0131n BRT\u2019den yapt\u0131\u011f\u0131 konu\u015fma ve 21 pare top at\u0131\u015f\u0131yla ba\u015flad\u0131 &nbsp; Tatar: \u201cBug\u00fcn, 40\u2019\u0131nc\u0131 kurulu\u015f y\u0131l d\u00f6n\u00fcm\u00fcn\u00fc kutlad\u0131\u011f\u0131m\u0131z KKTC, t\u00fcm ambargolara ve bask\u0131lara ra\u011fmen her ge\u00e7en g\u00fcn daha da ileriye gitmektedir\u201d &nbsp; \u201cKan ve can pahas\u0131na kurdu\u011fumuz devletimizden, sahip oldu\u011fumuz egemenli\u011fimizden ve Anavatan T\u00fcrkiye&#8217;nin garant\u00f6rl\u00fc\u011f\u00fc ile T\u00fcrk askerinden\" \/>\n<meta property=\"og:url\" content=\"https:\/\/kibrisdakik.com\/?p=18728\" \/>\n<meta property=\"article:published_time\" content=\"2023-11-14T22:00:02+00:00\" \/>\n<meta property=\"og:image\" content=\"https:\/\/kibrisdakik.com\/wp-content\/uploads\/2023\/11\/cumhurbaskani-tatar-kktc-onurumuzdur-namusumuzdur-1699956233.webp.webp\" \/>\n\t<meta property=\"og:image:width\" content=\"710\" \/>\n\t<meta property=\"og:image:height\" content=\"370\" \/>\n\t<meta property=\"og:image:type\" content=\"image\/webp\" \/>\n<meta name=\"author\" content=\"admin\" \/>\n<meta name=\"twitter:card\" content=\"summary_large_image\" \/>\n<meta name=\"twitter:label1\" content=\"Yazan:\" \/>\n\t<meta name=\"twitter:data1\" content=\"admin\" \/>\n\t<meta name=\"twitter:label2\" content=\"Tahmini okuma s\u00fcresi\" \/>\n\t<meta name=\"twitter:data2\" content=\"16 dakika\" \/>\n<script type=\"application\/ld+json\" class=\"yoast-schema-graph\">{\"@context\":\"https:\\\/\\\/schema.org\",\"@graph\":[{\"@type\":\"Article\",\"@id\":\"https:\\\/\\\/kibrisdakik.com\\\/?p=18728#article\",\"isPartOf\":{\"@id\":\"https:\\\/\\\/kibrisdakik.com\\\/?p=18728\"},\"author\":{\"name\":\"admin\",\"@id\":\"https:\\\/\\\/kibrisdakik.com\\\/#\\\/schema\\\/person\\\/9cd9d437bbb44f72b73ba127e06d8e79\"},\"headline\":\"Cumhurba\u015fkan\u0131 Tatar: \u201cKKTC onurumuzdur, namusumuzdur\u201d\",\"datePublished\":\"2023-11-14T22:00:02+00:00\",\"mainEntityOfPage\":{\"@id\":\"https:\\\/\\\/kibrisdakik.com\\\/?p=18728\"},\"wordCount\":3218,\"commentCount\":0,\"image\":{\"@id\":\"https:\\\/\\\/kibrisdakik.com\\\/?p=18728#primaryimage\"},\"thumbnailUrl\":\"https:\\\/\\\/kibrisdakik.com\\\/wp-content\\\/uploads\\\/2023\\\/11\\\/cumhurbaskani-tatar-kktc-onurumuzdur-namusumuzdur-1699956233.webp.webp\",\"articleSection\":[\"G\u00fcndem\"],\"inLanguage\":\"tr\",\"potentialAction\":[{\"@type\":\"CommentAction\",\"name\":\"Comment\",\"target\":[\"https:\\\/\\\/kibrisdakik.com\\\/?p=18728#respond\"]}]},{\"@type\":\"WebPage\",\"@id\":\"https:\\\/\\\/kibrisdakik.com\\\/?p=18728\",\"url\":\"https:\\\/\\\/kibrisdakik.com\\\/?p=18728\",\"name\":\"Cumhurba\u015fkan\u0131 Tatar: \u201cKKTC onurumuzdur, namusumuzdur\u201d -\",\"isPartOf\":{\"@id\":\"https:\\\/\\\/kibrisdakik.com\\\/#website\"},\"primaryImageOfPage\":{\"@id\":\"https:\\\/\\\/kibrisdakik.com\\\/?p=18728#primaryimage\"},\"image\":{\"@id\":\"https:\\\/\\\/kibrisdakik.com\\\/?p=18728#primaryimage\"},\"thumbnailUrl\":\"https:\\\/\\\/kibrisdakik.com\\\/wp-content\\\/uploads\\\/2023\\\/11\\\/cumhurbaskani-tatar-kktc-onurumuzdur-namusumuzdur-1699956233.webp.webp\",\"datePublished\":\"2023-11-14T22:00:02+00:00\",\"author\":{\"@id\":\"https:\\\/\\\/kibrisdakik.com\\\/#\\\/schema\\\/person\\\/9cd9d437bbb44f72b73ba127e06d8e79\"},\"breadcrumb\":{\"@id\":\"https:\\\/\\\/kibrisdakik.com\\\/?p=18728#breadcrumb\"},\"inLanguage\":\"tr\",\"potentialAction\":[{\"@type\":\"ReadAction\",\"target\":[\"https:\\\/\\\/kibrisdakik.com\\\/?p=18728\"]}]},{\"@type\":\"ImageObject\",\"inLanguage\":\"tr\",\"@id\":\"https:\\\/\\\/kibrisdakik.com\\\/?p=18728#primaryimage\",\"url\":\"https:\\\/\\\/kibrisdakik.com\\\/wp-content\\\/uploads\\\/2023\\\/11\\\/cumhurbaskani-tatar-kktc-onurumuzdur-namusumuzdur-1699956233.webp.webp\",\"contentUrl\":\"https:\\\/\\\/kibrisdakik.com\\\/wp-content\\\/uploads\\\/2023\\\/11\\\/cumhurbaskani-tatar-kktc-onurumuzdur-namusumuzdur-1699956233.webp.webp\",\"width\":710,\"height\":370},{\"@type\":\"BreadcrumbList\",\"@id\":\"https:\\\/\\\/kibrisdakik.com\\\/?p=18728#breadcrumb\",\"itemListElement\":[{\"@type\":\"ListItem\",\"position\":1,\"name\":\"Home\",\"item\":\"https:\\\/\\\/kibrisdakik.com\\\/\"},{\"@type\":\"ListItem\",\"position\":2,\"name\":\"Cumhurba\u015fkan\u0131 Tatar: \u201cKKTC onurumuzdur, namusumuzdur\u201d\"}]},{\"@type\":\"WebSite\",\"@id\":\"https:\\\/\\\/kibrisdakik.com\\\/#website\",\"url\":\"https:\\\/\\\/kibrisdakik.com\\\/\",\"name\":\"\",\"description\":\"Tam vaktinde haber\",\"potentialAction\":[{\"@type\":\"SearchAction\",\"target\":{\"@type\":\"EntryPoint\",\"urlTemplate\":\"https:\\\/\\\/kibrisdakik.com\\\/?s={search_term_string}\"},\"query-input\":{\"@type\":\"PropertyValueSpecification\",\"valueRequired\":true,\"valueName\":\"search_term_string\"}}],\"inLanguage\":\"tr\"},{\"@type\":\"Person\",\"@id\":\"https:\\\/\\\/kibrisdakik.com\\\/#\\\/schema\\\/person\\\/9cd9d437bbb44f72b73ba127e06d8e79\",\"name\":\"admin\",\"image\":{\"@type\":\"ImageObject\",\"inLanguage\":\"tr\",\"@id\":\"https:\\\/\\\/secure.gravatar.com\\\/avatar\\\/ccc17943b9d660506c869530f897617f7cb1c21a4bf30023f252596d83e1f007?s=96&d=mm&r=g\",\"url\":\"https:\\\/\\\/secure.gravatar.com\\\/avatar\\\/ccc17943b9d660506c869530f897617f7cb1c21a4bf30023f252596d83e1f007?s=96&d=mm&r=g\",\"contentUrl\":\"https:\\\/\\\/secure.gravatar.com\\\/avatar\\\/ccc17943b9d660506c869530f897617f7cb1c21a4bf30023f252596d83e1f007?s=96&d=mm&r=g\",\"caption\":\"admin\"},\"sameAs\":[\"https:\\\/\\\/kibrisdakik.com\"],\"url\":\"https:\\\/\\\/kibrisdakik.com\\\/?author=1\"}]}<\/script>\n<!-- \/ Yoast SEO plugin. -->","yoast_head_json":{"title":"Cumhurba\u015fkan\u0131 Tatar: \u201cKKTC onurumuzdur, namusumuzdur\u201d -","robots":{"index":"index","follow":"follow","max-snippet":"max-snippet:-1","max-image-preview":"max-image-preview:large","max-video-preview":"max-video-preview:-1"},"canonical":"https:\/\/kibrisdakik.com\/?p=18728","og_locale":"tr_TR","og_type":"article","og_title":"Cumhurba\u015fkan\u0131 Tatar: \u201cKKTC onurumuzdur, namusumuzdur\u201d -","og_description":"KKTC\u2019nin 40\u2019\u0131nc\u0131 kurulu\u015f y\u0131l d\u00f6n\u00fcm\u00fc kutlamalar\u0131 Cumhurba\u015fkan\u0131 Tatar\u2019\u0131n BRT\u2019den yapt\u0131\u011f\u0131 konu\u015fma ve 21 pare top at\u0131\u015f\u0131yla ba\u015flad\u0131 &nbsp; Tatar: \u201cBug\u00fcn, 40\u2019\u0131nc\u0131 kurulu\u015f y\u0131l d\u00f6n\u00fcm\u00fcn\u00fc kutlad\u0131\u011f\u0131m\u0131z KKTC, t\u00fcm ambargolara ve bask\u0131lara ra\u011fmen her ge\u00e7en g\u00fcn daha da ileriye gitmektedir\u201d &nbsp; \u201cKan ve can pahas\u0131na kurdu\u011fumuz devletimizden, sahip oldu\u011fumuz egemenli\u011fimizden ve Anavatan T\u00fcrkiye&#8217;nin garant\u00f6rl\u00fc\u011f\u00fc ile T\u00fcrk askerinden","og_url":"https:\/\/kibrisdakik.com\/?p=18728","article_published_time":"2023-11-14T22:00:02+00:00","og_image":[{"width":710,"height":370,"url":"https:\/\/kibrisdakik.com\/wp-content\/uploads\/2023\/11\/cumhurbaskani-tatar-kktc-onurumuzdur-namusumuzdur-1699956233.webp.webp","type":"image\/webp"}],"author":"admin","twitter_card":"summary_large_image","twitter_misc":{"Yazan:":"admin","Tahmini okuma s\u00fcresi":"16 dakika"},"schema":{"@context":"https:\/\/schema.org","@graph":[{"@type":"Article","@id":"https:\/\/kibrisdakik.com\/?p=18728#article","isPartOf":{"@id":"https:\/\/kibrisdakik.com\/?p=18728"},"author":{"name":"admin","@id":"https:\/\/kibrisdakik.com\/#\/schema\/person\/9cd9d437bbb44f72b73ba127e06d8e79"},"headline":"Cumhurba\u015fkan\u0131 Tatar: \u201cKKTC onurumuzdur, namusumuzdur\u201d","datePublished":"2023-11-14T22:00:02+00:00","mainEntityOfPage":{"@id":"https:\/\/kibrisdakik.com\/?p=18728"},"wordCount":3218,"commentCount":0,"image":{"@id":"https:\/\/kibrisdakik.com\/?p=18728#primaryimage"},"thumbnailUrl":"https:\/\/kibrisdakik.com\/wp-content\/uploads\/2023\/11\/cumhurbaskani-tatar-kktc-onurumuzdur-namusumuzdur-1699956233.webp.webp","articleSection":["G\u00fcndem"],"inLanguage":"tr","potentialAction":[{"@type":"CommentAction","name":"Comment","target":["https:\/\/kibrisdakik.com\/?p=18728#respond"]}]},{"@type":"WebPage","@id":"https:\/\/kibrisdakik.com\/?p=18728","url":"https:\/\/kibrisdakik.com\/?p=18728","name":"Cumhurba\u015fkan\u0131 Tatar: \u201cKKTC onurumuzdur, namusumuzdur\u201d -","isPartOf":{"@id":"https:\/\/kibrisdakik.com\/#website"},"primaryImageOfPage":{"@id":"https:\/\/kibrisdakik.com\/?p=18728#primaryimage"},"image":{"@id":"https:\/\/kibrisdakik.com\/?p=18728#primaryimage"},"thumbnailUrl":"https:\/\/kibrisdakik.com\/wp-content\/uploads\/2023\/11\/cumhurbaskani-tatar-kktc-onurumuzdur-namusumuzdur-1699956233.webp.webp","datePublished":"2023-11-14T22:00:02+00:00","author":{"@id":"https:\/\/kibrisdakik.com\/#\/schema\/person\/9cd9d437bbb44f72b73ba127e06d8e79"},"breadcrumb":{"@id":"https:\/\/kibrisdakik.com\/?p=18728#breadcrumb"},"inLanguage":"tr","potentialAction":[{"@type":"ReadAction","target":["https:\/\/kibrisdakik.com\/?p=18728"]}]},{"@type":"ImageObject","inLanguage":"tr","@id":"https:\/\/kibrisdakik.com\/?p=18728#primaryimage","url":"https:\/\/kibrisdakik.com\/wp-content\/uploads\/2023\/11\/cumhurbaskani-tatar-kktc-onurumuzdur-namusumuzdur-1699956233.webp.webp","contentUrl":"https:\/\/kibrisdakik.com\/wp-content\/uploads\/2023\/11\/cumhurbaskani-tatar-kktc-onurumuzdur-namusumuzdur-1699956233.webp.webp","width":710,"height":370},{"@type":"BreadcrumbList","@id":"https:\/\/kibrisdakik.com\/?p=18728#breadcrumb","itemListElement":[{"@type":"ListItem","position":1,"name":"Home","item":"https:\/\/kibrisdakik.com\/"},{"@type":"ListItem","position":2,"name":"Cumhurba\u015fkan\u0131 Tatar: \u201cKKTC onurumuzdur, namusumuzdur\u201d"}]},{"@type":"WebSite","@id":"https:\/\/kibrisdakik.com\/#website","url":"https:\/\/kibrisdakik.com\/","name":"","description":"Tam vaktinde haber","potentialAction":[{"@type":"SearchAction","target":{"@type":"EntryPoint","urlTemplate":"https:\/\/kibrisdakik.com\/?s={search_term_string}"},"query-input":{"@type":"PropertyValueSpecification","valueRequired":true,"valueName":"search_term_string"}}],"inLanguage":"tr"},{"@type":"Person","@id":"https:\/\/kibrisdakik.com\/#\/schema\/person\/9cd9d437bbb44f72b73ba127e06d8e79","name":"admin","image":{"@type":"ImageObject","inLanguage":"tr","@id":"https:\/\/secure.gravatar.com\/avatar\/ccc17943b9d660506c869530f897617f7cb1c21a4bf30023f252596d83e1f007?s=96&d=mm&r=g","url":"https:\/\/secure.gravatar.com\/avatar\/ccc17943b9d660506c869530f897617f7cb1c21a4bf30023f252596d83e1f007?s=96&d=mm&r=g","contentUrl":"https:\/\/secure.gravatar.com\/avatar\/ccc17943b9d660506c869530f897617f7cb1c21a4bf30023f252596d83e1f007?s=96&d=mm&r=g","caption":"admin"},"sameAs":["https:\/\/kibrisdakik.com"],"url":"https:\/\/kibrisdakik.com\/?author=1"}]}},"_links":{"self":[{"href":"https:\/\/kibrisdakik.com\/index.php?rest_route=\/wp\/v2\/posts\/18728","targetHints":{"allow":["GET"]}}],"collection":[{"href":"https:\/\/kibrisdakik.com\/index.php?rest_route=\/wp\/v2\/posts"}],"about":[{"href":"https:\/\/kibrisdakik.com\/index.php?rest_route=\/wp\/v2\/types\/post"}],"author":[{"embeddable":true,"href":"https:\/\/kibrisdakik.com\/index.php?rest_route=\/wp\/v2\/users\/1"}],"replies":[{"embeddable":true,"href":"https:\/\/kibrisdakik.com\/index.php?rest_route=%2Fwp%2Fv2%2Fcomments&post=18728"}],"version-history":[{"count":0,"href":"https:\/\/kibrisdakik.com\/index.php?rest_route=\/wp\/v2\/posts\/18728\/revisions"}],"wp:featuredmedia":[{"embeddable":true,"href":"https:\/\/kibrisdakik.com\/index.php?rest_route=\/wp\/v2\/media\/18729"}],"wp:attachment":[{"href":"https:\/\/kibrisdakik.com\/index.php?rest_route=%2Fwp%2Fv2%2Fmedia&parent=18728"}],"wp:term":[{"taxonomy":"category","embeddable":true,"href":"https:\/\/kibrisdakik.com\/index.php?rest_route=%2Fwp%2Fv2%2Fcategories&post=18728"},{"taxonomy":"post_tag","embeddable":true,"href":"https:\/\/kibrisdakik.com\/index.php?rest_route=%2Fwp%2Fv2%2Ftags&post=18728"}],"curies":[{"name":"wp","href":"https:\/\/api.w.org\/{rel}","templated":true}]}}